{"id":215145,"date":"2018-11-23T07:21:59","date_gmt":"2018-11-23T10:21:59","guid":{"rendered":"http:\/\/quersaberpolitica.com.br\/2016\/?p=215145"},"modified":"2018-11-22T20:45:16","modified_gmt":"2018-11-22T23:45:16","slug":"em-petrolina-empresarios-e-produtores-rurais-protestam-com-aumento-da-burocracia-ambiental","status":"publish","type":"post","link":"https:\/\/blogdofarnesio.com.br\/?p=215145","title":{"rendered":"EM PETROLINA, EMPRES\u00c1RIOS E PRODUTORES RURAIS PROTESTAM COM AUMENTO DA BUROCRACIA AMBIENTAL"},"content":{"rendered":"<p>Empres\u00e1rios da constru\u00e7\u00e3o civil e produtores rurais de Petrolina temem uma redu\u00e7\u00e3o de produtividade com o aumento da burocratiza\u00e7\u00e3o no licenciamento ambiental em Pernambuco. O receio decorre de uma nova resolu\u00e7\u00e3o do Conselho Estadual de Meio Ambiente (Consema) que retira da AMMA (Ag\u00eancia Municipal de Meio Ambiente) a compet\u00eancia para licenciar atividades agr\u00edcolas e drenagem do solo.<\/p>\n<p>O setor produtivo local v\u00ea a medida centralizadora como um travamento no controle, fiscaliza\u00e7\u00e3o e libera\u00e7\u00e3o das obras e servi\u00e7os com impacto ambiental na cidade. A resolu\u00e7\u00e3o j\u00e1 est\u00e1 em vigor h\u00e1 25 dias e, na noite de ontem, foi tema da reuni\u00e3o do Conselho Empresarial da unidade regional da Federa\u00e7\u00e3o das Ind\u00fastrias do Estado de Pernambuco (FIEPE). Para o encontro, a entidade convidou o diretor-presidente da AMMA, Geraldo Miranda, que tamb\u00e9m \u00e9 conselheiro do Consema.<\/p>\n<p>Num primeiro momento, o setor agr\u00edcola \u00e9 o que mais deve sofrer, considera o diretor regional da FIEPE, Alb\u00e2nio Nascimento, que citou o Projeto Pontal, na zona rural de Petrolina, como exemplo. \u201cEm tr\u00eas, quatro anos, ele [o Pontal] j\u00e1 estar\u00e1 pronto para uso; imagine os colonos pegarem uma \u00e1rea dessas e terem de ir \u00e0 Recife em busca da licen\u00e7a\u201d.<\/p>\n<p>O gestor se refere ao fato de, no munic\u00edpio com 343.865 habitantes, existirem apenas tr\u00eas servidores da Ag\u00eancia Estadual de Meio Ambiente (CPRH), aptos ao servi\u00e7o. Na reuni\u00e3o, Geraldo Miranda explicou que a Lei Complementar 140 de 2011 que regulamenta as responsabilidades ambientais da Uni\u00e3o e entes federados, d\u00e1, tamb\u00e9m, discricionariedade para o estado ceder ao munic\u00edpio as atividades de licenciamento.<\/p>\n<p>\u201cO estado pode simplesmente dizer: \u201co licenciamento ambiental das atividades agr\u00edcolas com irriga\u00e7\u00e3o ou drenagem de solo, por exemplo, tem impacto local devendo ficar a cargo do munic\u00edpio\u201d. Como era na pr\u00e1tica at\u00e9 pouqu\u00edssimo tempo\u201d, disse.<\/p>\n<p>Diante da situa\u00e7\u00e3o, representantes da FIEPE se disponibilizaram junto ao diretor-presidente da AMMA para participarem de uma reuni\u00e3o no CPRH, em Recife, na tarde de hoje. \u201cEsperamos que o problema seja resolvido e entendemos que a Casa da Ind\u00fastria n\u00e3o pode ficar ausente de um tema t\u00e3o caro para o setor produtivo de Petrolina\u201d, arrematou Alb\u00e2nio.<\/p>\n<div id=\"container_clear\"><\/div>\n","protected":false},"excerpt":{"rendered":"<p>Empres\u00e1rios da constru\u00e7\u00e3o civil e produtores rurais de Petrolina temem uma redu\u00e7\u00e3o de produtividade com o aumento da burocratiza\u00e7\u00e3o no licenciamento ambiental em Pernambuco. O receio decorre de uma nova resolu\u00e7\u00e3o do Conselho Estadual de Meio Ambiente (Consema) que retira da AMMA (Ag\u00eancia Municipal de Meio Ambiente) a compet\u00eancia para licenciar atividades agr\u00edcolas e drenagem do solo. O setor produtivo local v\u00ea a medida centralizadora como um travamento no controle, fiscaliza\u00e7\u00e3o e libera\u00e7\u00e3o das obras e servi\u00e7os com impacto ambiental na cidade. A resolu\u00e7\u00e3o j\u00e1 est\u00e1 em vigor h\u00e1 25 dias e, na noite de ontem, foi tema da reuni\u00e3o do Conselho Empresarial da unidade regional da Federa\u00e7\u00e3o das Ind\u00fastrias do Estado de Pernambuco (FIEPE). Para o encontro, a entidade&hellip; <\/p>\n","protected":false},"author":1,"featured_media":215146,"comment_status":"closed","ping_status":"closed","sticky":false,"template":"","format":"standard","meta":{"_acf_changed":false,"footnotes":""},"categories":[1],"tags":[],"class_list":["post-215145","post","type-post","status-publish","format-standard","has-post-thumbnail","hentry","category-politica"],"acf":[],"yoast_head":"<!-- This site is optimized with the Yoast SEO plugin v27.4 - https:\/\/yoast.com\/product\/yoast-seo-wordpress\/ -->\n<title>EM PETROLINA, EMPRES\u00c1RIOS E PRODUTORES RURAIS PROTESTAM COM AUMENTO DA BUROCRACIA AMBIENTAL - Blog do Farn\u00e9sio<\/title>\n<meta name=\"robots\" content=\"index, follow, max-snippet:-1, max-image-preview:large, max-video-preview:-1\" \/>\n<link rel=\"canonical\" href=\"https:\/\/blogdofarnesio.com.br\/?p=215145\" \/>\n<meta property=\"og:locale\" content=\"pt_BR\" \/>\n<meta property=\"og:type\" content=\"article\" \/>\n<meta property=\"og:title\" content=\"EM PETROLINA, EMPRES\u00c1RIOS E PRODUTORES RURAIS PROTESTAM COM AUMENTO DA BUROCRACIA AMBIENTAL - Blog do Farn\u00e9sio\" \/>\n<meta property=\"og:description\" content=\"Empres\u00e1rios da constru\u00e7\u00e3o civil e produtores rurais de Petrolina temem uma redu\u00e7\u00e3o de produtividade com o aumento da burocratiza\u00e7\u00e3o no licenciamento ambiental em Pernambuco. O receio decorre de uma nova resolu\u00e7\u00e3o do Conselho Estadual de Meio Ambiente (Consema) que retira da AMMA (Ag\u00eancia Municipal de Meio Ambiente) a compet\u00eancia para licenciar atividades agr\u00edcolas e drenagem do solo. O setor produtivo local v\u00ea a medida centralizadora como um travamento no controle, fiscaliza\u00e7\u00e3o e libera\u00e7\u00e3o das obras e servi\u00e7os com impacto ambiental na cidade. A resolu\u00e7\u00e3o j\u00e1 est\u00e1 em vigor h\u00e1 25 dias e, na noite de ontem, foi tema da reuni\u00e3o do Conselho Empresarial da unidade regional da Federa\u00e7\u00e3o das Ind\u00fastrias do Estado de Pernambuco (FIEPE). Para o encontro, a entidade&hellip;\" \/>\n<meta property=\"og:url\" content=\"https:\/\/blogdofarnesio.com.br\/?p=215145\" \/>\n<meta property=\"og:site_name\" content=\"Blog do Farn\u00e9sio\" \/>\n<meta property=\"article:publisher\" content=\"https:\/\/www.facebook.com\/BlogQuerSaberPolitica\/\" \/>\n<meta property=\"article:published_time\" content=\"2018-11-23T10:21:59+00:00\" \/>\n<meta property=\"og:image\" content=\"https:\/\/blogdofarnesio.com.br\/wp-content\/uploads\/2018\/11\/blogqsppetEmpres\u00e1rios-da-constru\u00e7\u00e3o-civil-e-produtores-rurais-e1542930287238.jpeg\" \/>\n\t<meta property=\"og:image:width\" content=\"680\" \/>\n\t<meta property=\"og:image:height\" content=\"453\" \/>\n\t<meta property=\"og:image:type\" content=\"image\/jpeg\" \/>\n<meta name=\"author\" content=\"Farn\u00e9sio\" \/>\n<meta name=\"twitter:card\" content=\"summary_large_image\" \/>\n<meta name=\"twitter:label1\" content=\"Escrito por\" \/>\n\t<meta name=\"twitter:data1\" content=\"Farn\u00e9sio\" \/>\n\t<meta name=\"twitter:label2\" content=\"Est. tempo de leitura\" \/>\n\t<meta name=\"twitter:data2\" content=\"2 minutos\" \/>\n<script type=\"application\/ld+json\" class=\"yoast-schema-graph\">{\"@context\":\"https:\\\/\\\/schema.org\",\"@graph\":[{\"@type\":\"Article\",\"@id\":\"https:\\\/\\\/blogdofarnesio.com.br\\\/?p=215145#article\",\"isPartOf\":{\"@id\":\"https:\\\/\\\/blogdofarnesio.com.br\\\/?p=215145\"},\"author\":{\"name\":\"Farn\u00e9sio\",\"@id\":\"https:\\\/\\\/blogdofarnesio.com.br\\\/#\\\/schema\\\/person\\\/301c4acf522bccbfdb45af95b5b906a1\"},\"headline\":\"EM PETROLINA, EMPRES\u00c1RIOS E PRODUTORES RURAIS PROTESTAM COM AUMENTO DA BUROCRACIA AMBIENTAL\",\"datePublished\":\"2018-11-23T10:21:59+00:00\",\"mainEntityOfPage\":{\"@id\":\"https:\\\/\\\/blogdofarnesio.com.br\\\/?p=215145\"},\"wordCount\":392,\"publisher\":{\"@id\":\"https:\\\/\\\/blogdofarnesio.com.br\\\/#organization\"},\"image\":{\"@id\":\"https:\\\/\\\/blogdofarnesio.com.br\\\/?p=215145#primaryimage\"},\"thumbnailUrl\":\"https:\\\/\\\/blogdofarnesio.com.br\\\/wp-content\\\/uploads\\\/2018\\\/11\\\/blogqsppetEmpres\u00e1rios-da-constru\u00e7\u00e3o-civil-e-produtores-rurais-e1542930287238.jpeg\",\"articleSection\":[\"Pol\u00edtica\"],\"inLanguage\":\"pt-BR\"},{\"@type\":\"WebPage\",\"@id\":\"https:\\\/\\\/blogdofarnesio.com.br\\\/?p=215145\",\"url\":\"https:\\\/\\\/blogdofarnesio.com.br\\\/?p=215145\",\"name\":\"EM PETROLINA, EMPRES\u00c1RIOS E PRODUTORES RURAIS PROTESTAM COM AUMENTO DA BUROCRACIA AMBIENTAL - Blog do Farn\u00e9sio\",\"isPartOf\":{\"@id\":\"https:\\\/\\\/blogdofarnesio.com.br\\\/#website\"},\"primaryImageOfPage\":{\"@id\":\"https:\\\/\\\/blogdofarnesio.com.br\\\/?p=215145#primaryimage\"},\"image\":{\"@id\":\"https:\\\/\\\/blogdofarnesio.com.br\\\/?p=215145#primaryimage\"},\"thumbnailUrl\":\"https:\\\/\\\/blogdofarnesio.com.br\\\/wp-content\\\/uploads\\\/2018\\\/11\\\/blogqsppetEmpres\u00e1rios-da-constru\u00e7\u00e3o-civil-e-produtores-rurais-e1542930287238.jpeg\",\"datePublished\":\"2018-11-23T10:21:59+00:00\",\"breadcrumb\":{\"@id\":\"https:\\\/\\\/blogdofarnesio.com.br\\\/?p=215145#breadcrumb\"},\"inLanguage\":\"pt-BR\",\"potentialAction\":[{\"@type\":\"ReadAction\",\"target\":[\"https:\\\/\\\/blogdofarnesio.com.br\\\/?p=215145\"]}]},{\"@type\":\"ImageObject\",\"inLanguage\":\"pt-BR\",\"@id\":\"https:\\\/\\\/blogdofarnesio.com.br\\\/?p=215145#primaryimage\",\"url\":\"https:\\\/\\\/blogdofarnesio.com.br\\\/wp-content\\\/uploads\\\/2018\\\/11\\\/blogqsppetEmpres\u00e1rios-da-constru\u00e7\u00e3o-civil-e-produtores-rurais-e1542930287238.jpeg\",\"contentUrl\":\"https:\\\/\\\/blogdofarnesio.com.br\\\/wp-content\\\/uploads\\\/2018\\\/11\\\/blogqsppetEmpres\u00e1rios-da-constru\u00e7\u00e3o-civil-e-produtores-rurais-e1542930287238.jpeg\",\"width\":680,\"height\":453},{\"@type\":\"BreadcrumbList\",\"@id\":\"https:\\\/\\\/blogdofarnesio.com.br\\\/?p=215145#breadcrumb\",\"itemListElement\":[{\"@type\":\"ListItem\",\"position\":1,\"name\":\"In\u00edcio\",\"item\":\"https:\\\/\\\/blogdofarnesio.com.br\\\/\"},{\"@type\":\"ListItem\",\"position\":2,\"name\":\"EM PETROLINA, EMPRES\u00c1RIOS E PRODUTORES RURAIS PROTESTAM COM AUMENTO DA BUROCRACIA AMBIENTAL\"}]},{\"@type\":\"WebSite\",\"@id\":\"https:\\\/\\\/blogdofarnesio.com.br\\\/#website\",\"url\":\"https:\\\/\\\/blogdofarnesio.com.br\\\/\",\"name\":\"Blog do Farn\u00e9sio\",\"description\":\"Quer Saber Pol\u00edtica?\",\"publisher\":{\"@id\":\"https:\\\/\\\/blogdofarnesio.com.br\\\/#organization\"},\"potentialAction\":[{\"@type\":\"SearchAction\",\"target\":{\"@type\":\"EntryPoint\",\"urlTemplate\":\"https:\\\/\\\/blogdofarnesio.com.br\\\/?s={search_term_string}\"},\"query-input\":{\"@type\":\"PropertyValueSpecification\",\"valueRequired\":true,\"valueName\":\"search_term_string\"}}],\"inLanguage\":\"pt-BR\"},{\"@type\":\"Organization\",\"@id\":\"https:\\\/\\\/blogdofarnesio.com.br\\\/#organization\",\"name\":\"Blog do Farn\u00e9sio\",\"url\":\"https:\\\/\\\/blogdofarnesio.com.br\\\/\",\"logo\":{\"@type\":\"ImageObject\",\"inLanguage\":\"pt-BR\",\"@id\":\"https:\\\/\\\/blogdofarnesio.com.br\\\/#\\\/schema\\\/logo\\\/image\\\/\",\"url\":\"https:\\\/\\\/blogdofarnesio.com.br\\\/wp-content\\\/uploads\\\/2026\\\/03\\\/cropped-logo_new-1.png\",\"contentUrl\":\"https:\\\/\\\/blogdofarnesio.com.br\\\/wp-content\\\/uploads\\\/2026\\\/03\\\/cropped-logo_new-1.png\",\"width\":881,\"height\":685,\"caption\":\"Blog do Farn\u00e9sio\"},\"image\":{\"@id\":\"https:\\\/\\\/blogdofarnesio.com.br\\\/#\\\/schema\\\/logo\\\/image\\\/\"},\"sameAs\":[\"https:\\\/\\\/www.facebook.com\\\/BlogQuerSaberPolitica\\\/\"]},{\"@type\":\"Person\",\"@id\":\"https:\\\/\\\/blogdofarnesio.com.br\\\/#\\\/schema\\\/person\\\/301c4acf522bccbfdb45af95b5b906a1\",\"name\":\"Farn\u00e9sio\",\"image\":{\"@type\":\"ImageObject\",\"inLanguage\":\"pt-BR\",\"@id\":\"https:\\\/\\\/secure.gravatar.com\\\/avatar\\\/df0c9a14567c056f8ad6876ba5bbd1e3e2c48023eb6807342fc4663adf549f38?s=96&d=mm&r=g\",\"url\":\"https:\\\/\\\/secure.gravatar.com\\\/avatar\\\/df0c9a14567c056f8ad6876ba5bbd1e3e2c48023eb6807342fc4663adf549f38?s=96&d=mm&r=g\",\"contentUrl\":\"https:\\\/\\\/secure.gravatar.com\\\/avatar\\\/df0c9a14567c056f8ad6876ba5bbd1e3e2c48023eb6807342fc4663adf549f38?s=96&d=mm&r=g\",\"caption\":\"Farn\u00e9sio\"},\"sameAs\":[\"https:\\\/\\\/quersaberpolitica.com.br\"],\"url\":\"https:\\\/\\\/blogdofarnesio.com.br\\\/?author=1\"}]}<\/script>\n<!-- \/ Yoast SEO plugin. -->","yoast_head_json":{"title":"EM PETROLINA, EMPRES\u00c1RIOS E PRODUTORES RURAIS PROTESTAM COM AUMENTO DA BUROCRACIA AMBIENTAL - Blog do Farn\u00e9sio","robots":{"index":"index","follow":"follow","max-snippet":"max-snippet:-1","max-image-preview":"max-image-preview:large","max-video-preview":"max-video-preview:-1"},"canonical":"https:\/\/blogdofarnesio.com.br\/?p=215145","og_locale":"pt_BR","og_type":"article","og_title":"EM PETROLINA, EMPRES\u00c1RIOS E PRODUTORES RURAIS PROTESTAM COM AUMENTO DA BUROCRACIA AMBIENTAL - Blog do Farn\u00e9sio","og_description":"Empres\u00e1rios da constru\u00e7\u00e3o civil e produtores rurais de Petrolina temem uma redu\u00e7\u00e3o de produtividade com o aumento da burocratiza\u00e7\u00e3o no licenciamento ambiental em Pernambuco. O receio decorre de uma nova resolu\u00e7\u00e3o do Conselho Estadual de Meio Ambiente (Consema) que retira da AMMA (Ag\u00eancia Municipal de Meio Ambiente) a compet\u00eancia para licenciar atividades agr\u00edcolas e drenagem do solo. O setor produtivo local v\u00ea a medida centralizadora como um travamento no controle, fiscaliza\u00e7\u00e3o e libera\u00e7\u00e3o das obras e servi\u00e7os com impacto ambiental na cidade. A resolu\u00e7\u00e3o j\u00e1 est\u00e1 em vigor h\u00e1 25 dias e, na noite de ontem, foi tema da reuni\u00e3o do Conselho Empresarial da unidade regional da Federa\u00e7\u00e3o das Ind\u00fastrias do Estado de Pernambuco (FIEPE). Para o encontro, a entidade&hellip;","og_url":"https:\/\/blogdofarnesio.com.br\/?p=215145","og_site_name":"Blog do Farn\u00e9sio","article_publisher":"https:\/\/www.facebook.com\/BlogQuerSaberPolitica\/","article_published_time":"2018-11-23T10:21:59+00:00","og_image":[{"width":680,"height":453,"url":"https:\/\/blogdofarnesio.com.br\/wp-content\/uploads\/2018\/11\/blogqsppetEmpres\u00e1rios-da-constru\u00e7\u00e3o-civil-e-produtores-rurais-e1542930287238.jpeg","type":"image\/jpeg"}],"author":"Farn\u00e9sio","twitter_card":"summary_large_image","twitter_misc":{"Escrito por":"Farn\u00e9sio","Est. tempo de leitura":"2 minutos"},"schema":{"@context":"https:\/\/schema.org","@graph":[{"@type":"Article","@id":"https:\/\/blogdofarnesio.com.br\/?p=215145#article","isPartOf":{"@id":"https:\/\/blogdofarnesio.com.br\/?p=215145"},"author":{"name":"Farn\u00e9sio","@id":"https:\/\/blogdofarnesio.com.br\/#\/schema\/person\/301c4acf522bccbfdb45af95b5b906a1"},"headline":"EM PETROLINA, EMPRES\u00c1RIOS E PRODUTORES RURAIS PROTESTAM COM AUMENTO DA BUROCRACIA AMBIENTAL","datePublished":"2018-11-23T10:21:59+00:00","mainEntityOfPage":{"@id":"https:\/\/blogdofarnesio.com.br\/?p=215145"},"wordCount":392,"publisher":{"@id":"https:\/\/blogdofarnesio.com.br\/#organization"},"image":{"@id":"https:\/\/blogdofarnesio.com.br\/?p=215145#primaryimage"},"thumbnailUrl":"https:\/\/blogdofarnesio.com.br\/wp-content\/uploads\/2018\/11\/blogqsppetEmpres\u00e1rios-da-constru\u00e7\u00e3o-civil-e-produtores-rurais-e1542930287238.jpeg","articleSection":["Pol\u00edtica"],"inLanguage":"pt-BR"},{"@type":"WebPage","@id":"https:\/\/blogdofarnesio.com.br\/?p=215145","url":"https:\/\/blogdofarnesio.com.br\/?p=215145","name":"EM PETROLINA, EMPRES\u00c1RIOS E PRODUTORES RURAIS PROTESTAM COM AUMENTO DA BUROCRACIA AMBIENTAL - Blog do Farn\u00e9sio","isPartOf":{"@id":"https:\/\/blogdofarnesio.com.br\/#website"},"primaryImageOfPage":{"@id":"https:\/\/blogdofarnesio.com.br\/?p=215145#primaryimage"},"image":{"@id":"https:\/\/blogdofarnesio.com.br\/?p=215145#primaryimage"},"thumbnailUrl":"https:\/\/blogdofarnesio.com.br\/wp-content\/uploads\/2018\/11\/blogqsppetEmpres\u00e1rios-da-constru\u00e7\u00e3o-civil-e-produtores-rurais-e1542930287238.jpeg","datePublished":"2018-11-23T10:21:59+00:00","breadcrumb":{"@id":"https:\/\/blogdofarnesio.com.br\/?p=215145#breadcrumb"},"inLanguage":"pt-BR","potentialAction":[{"@type":"ReadAction","target":["https:\/\/blogdofarnesio.com.br\/?p=215145"]}]},{"@type":"ImageObject","inLanguage":"pt-BR","@id":"https:\/\/blogdofarnesio.com.br\/?p=215145#primaryimage","url":"https:\/\/blogdofarnesio.com.br\/wp-content\/uploads\/2018\/11\/blogqsppetEmpres\u00e1rios-da-constru\u00e7\u00e3o-civil-e-produtores-rurais-e1542930287238.jpeg","contentUrl":"https:\/\/blogdofarnesio.com.br\/wp-content\/uploads\/2018\/11\/blogqsppetEmpres\u00e1rios-da-constru\u00e7\u00e3o-civil-e-produtores-rurais-e1542930287238.jpeg","width":680,"height":453},{"@type":"BreadcrumbList","@id":"https:\/\/blogdofarnesio.com.br\/?p=215145#breadcrumb","itemListElement":[{"@type":"ListItem","position":1,"name":"In\u00edcio","item":"https:\/\/blogdofarnesio.com.br\/"},{"@type":"ListItem","position":2,"name":"EM PETROLINA, EMPRES\u00c1RIOS E PRODUTORES RURAIS PROTESTAM COM AUMENTO DA BUROCRACIA AMBIENTAL"}]},{"@type":"WebSite","@id":"https:\/\/blogdofarnesio.com.br\/#website","url":"https:\/\/blogdofarnesio.com.br\/","name":"Blog do Farn\u00e9sio","description":"Quer Saber Pol\u00edtica?","publisher":{"@id":"https:\/\/blogdofarnesio.com.br\/#organization"},"potentialAction":[{"@type":"SearchAction","target":{"@type":"EntryPoint","urlTemplate":"https:\/\/blogdofarnesio.com.br\/?s={search_term_string}"},"query-input":{"@type":"PropertyValueSpecification","valueRequired":true,"valueName":"search_term_string"}}],"inLanguage":"pt-BR"},{"@type":"Organization","@id":"https:\/\/blogdofarnesio.com.br\/#organization","name":"Blog do Farn\u00e9sio","url":"https:\/\/blogdofarnesio.com.br\/","logo":{"@type":"ImageObject","inLanguage":"pt-BR","@id":"https:\/\/blogdofarnesio.com.br\/#\/schema\/logo\/image\/","url":"https:\/\/blogdofarnesio.com.br\/wp-content\/uploads\/2026\/03\/cropped-logo_new-1.png","contentUrl":"https:\/\/blogdofarnesio.com.br\/wp-content\/uploads\/2026\/03\/cropped-logo_new-1.png","width":881,"height":685,"caption":"Blog do Farn\u00e9sio"},"image":{"@id":"https:\/\/blogdofarnesio.com.br\/#\/schema\/logo\/image\/"},"sameAs":["https:\/\/www.facebook.com\/BlogQuerSaberPolitica\/"]},{"@type":"Person","@id":"https:\/\/blogdofarnesio.com.br\/#\/schema\/person\/301c4acf522bccbfdb45af95b5b906a1","name":"Farn\u00e9sio","image":{"@type":"ImageObject","inLanguage":"pt-BR","@id":"https:\/\/secure.gravatar.com\/avatar\/df0c9a14567c056f8ad6876ba5bbd1e3e2c48023eb6807342fc4663adf549f38?s=96&d=mm&r=g","url":"https:\/\/secure.gravatar.com\/avatar\/df0c9a14567c056f8ad6876ba5bbd1e3e2c48023eb6807342fc4663adf549f38?s=96&d=mm&r=g","contentUrl":"https:\/\/secure.gravatar.com\/avatar\/df0c9a14567c056f8ad6876ba5bbd1e3e2c48023eb6807342fc4663adf549f38?s=96&d=mm&r=g","caption":"Farn\u00e9sio"},"sameAs":["https:\/\/quersaberpolitica.com.br"],"url":"https:\/\/blogdofarnesio.com.br\/?author=1"}]}},"_links":{"self":[{"href":"https:\/\/blogdofarnesio.com.br\/index.php?rest_route=\/wp\/v2\/posts\/215145","targetHints":{"allow":["GET"]}}],"collection":[{"href":"https:\/\/blogdofarnesio.com.br\/index.php?rest_route=\/wp\/v2\/posts"}],"about":[{"href":"https:\/\/blogdofarnesio.com.br\/index.php?rest_route=\/wp\/v2\/types\/post"}],"author":[{"embeddable":true,"href":"https:\/\/blogdofarnesio.com.br\/index.php?rest_route=\/wp\/v2\/users\/1"}],"replies":[{"embeddable":true,"href":"https:\/\/blogdofarnesio.com.br\/index.php?rest_route=%2Fwp%2Fv2%2Fcomments&post=215145"}],"version-history":[{"count":0,"href":"https:\/\/blogdofarnesio.com.br\/index.php?rest_route=\/wp\/v2\/posts\/215145\/revisions"}],"wp:featuredmedia":[{"embeddable":true,"href":"https:\/\/blogdofarnesio.com.br\/index.php?rest_route=\/wp\/v2\/media\/215146"}],"wp:attachment":[{"href":"https:\/\/blogdofarnesio.com.br\/index.php?rest_route=%2Fwp%2Fv2%2Fmedia&parent=215145"}],"wp:term":[{"taxonomy":"category","embeddable":true,"href":"https:\/\/blogdofarnesio.com.br\/index.php?rest_route=%2Fwp%2Fv2%2Fcategories&post=215145"},{"taxonomy":"post_tag","embeddable":true,"href":"https:\/\/blogdofarnesio.com.br\/index.php?rest_route=%2Fwp%2Fv2%2Ftags&post=215145"}],"curies":[{"name":"wp","href":"https:\/\/api.w.org\/{rel}","templated":true}]}}