{"id":215142,"date":"2018-11-23T08:31:38","date_gmt":"2018-11-23T11:31:38","guid":{"rendered":"http:\/\/quersaberpolitica.com.br\/2016\/?p=215142"},"modified":"2018-11-22T20:38:47","modified_gmt":"2018-11-22T23:38:47","slug":"filosofo-colombiano-ligado-as-forcas-armadas-sera-o-novo-ministro-da-educacao","status":"publish","type":"post","link":"https:\/\/blogdofarnesio.com.br\/?p=215142","title":{"rendered":"FIL\u00d3SOFO COLOMBIANO LIGADO AS FOR\u00c7AS ARMADAS SER\u00c1 O NOVO MINISTRO DA EDUCA\u00c7\u00c3O"},"content":{"rendered":"<div class=\"row content-head non-featured\">\n<div class=\"title\">\n<h1 class=\"content-head__title\">Bolsonaro anuncia Ricardo Velez Rodriguez como ministro da Educa\u00e7\u00e3o<\/h1>\n<\/div>\n<\/div>\n<div class=\"content__signa-share\">\n<div class=\"content__signature\">\n<div class=\"content-publication-data\">\n<div class=\"content-publication-data__text\">\n<p class=\"content-publication-data__from\" title=\"Filipe Matoso e Gustavo Garcia, G1\">Por Filipe Matoso e Gustavo Garcia, <strong>G1<\/strong>\u00a0\u2014 Bras\u00edlia<\/p>\n<\/div>\n<\/div>\n<\/div>\n<\/div>\n<div class=\"mc-article-body\">\n<article>\n<div class=\"row medium-uncollapsed content-media content-photo\" data-block-type=\"backstage-photo\" data-block-id=\"0\">\n<div class=\"mc-column content-media__container\">\n<p class=\"content-media__description \">\n<\/div>\n<\/div>\n<div class=\"mc-column content-text active-extra-styles active-capital-letter\" data-block-type=\"unstyled\" data-block-weight=\"27\" data-block-id=\"2\">\n<p class=\"content-text__container theme-color-primary-first-letter\" data-track-category=\"Link no Texto\" data-track-links=\"\">O presidente eleito\u00a0<a href=\"http:\/\/g1.globo.com\/politica\/politico\/jair-bolsonaro.html\">Jair Bolsonaro<\/a>\u00a0anunciou nesta quinta-feira (22) o professor e fil\u00f3sofo Ricardo Velez Rodriguez como futuro ministro da\u00a0<a href=\"http:\/\/g1.globo.com\/tudo-sobre\/ministerio-da-educacao\">Educa\u00e7\u00e3o<\/a>. O an\u00fancio foi feito pelo Twitter.<\/p>\n<\/div>\n<div class=\"wall protected-content\">\n<div class=\"mc-column content-text active-extra-styles \" data-block-type=\"unstyled\" data-block-weight=\"26\" data-block-id=\"3\">\n<p class=\"content-text__container \" data-track-category=\"Link no Texto\" data-track-links=\"\">Segundo Bolsonaro, o futuro ministro \u00e9 autor de mais de 30 obras e atualmente \u00e9 professor em\u00e9rito da Escola de Comando do Estado Maior do Ex\u00e9rcito.<\/p>\n<\/div>\n<div class=\"mc-column content-text active-extra-styles\" data-block-type=\"raw\" data-block-weight=\"5\" data-block-id=\"4\">\n<ul class=\"content-unordered-list\">\n<li><a href=\"https:\/\/g1.globo.com\/politica\/noticia\/2018\/11\/01\/os-ministros-do-presidente-jair-bolsonaro.ghtml\">Saiba os ministros j\u00e1 anunciados<\/a><\/li>\n<\/ul>\n<\/div>\n<div class=\"mc-column content-text active-extra-styles \" data-block-type=\"unstyled\" data-block-weight=\"43\" data-block-id=\"5\">\n<p class=\"content-text__container \" data-track-category=\"Link no Texto\" data-track-links=\"\">Ainda de acordo com Bolsonaro, Rodriguez \u00e9 mestre em pensamento brasileiro pela Pontif\u00edcia Universidade Cat\u00f3lica do Rio de Janeiro (PUC-RJ), doutor em pensamento luso-brasileiro pela Universidade Gama Filho, p\u00f3s-doutor pelo Centro de Pesquisas Pol\u00edticas Raymond Aron e tem &#8220;ampla experi\u00eancia docente e gestora&#8221;.<\/p>\n<\/div>\n<div class=\"mc-column content-text active-extra-styles \" data-block-type=\"unstyled\" data-block-weight=\"28\" data-block-id=\"6\">\n<p class=\"content-text__container \" data-track-category=\"Link no Texto\" data-track-links=\"\">Nos \u00faltimos dias, passaram a circular os nomes de Guilherme Schelb (procurador da Rep\u00fablica) e de Mozart Ramos (diretor do Instituto Ayrton Senna) para o Minist\u00e9rio da Educa\u00e7\u00e3o.<\/p>\n<\/div>\n<div class=\"mc-column\" data-block-type=\"embed-social-twitter\" data-block-id=\"7\">\n<div class=\"SandboxRoot env-bp-350\" data-twitter-event-id=\"0\">\n<div id=\"twitter-widget-0\" class=\"EmbeddedTweet EmbeddedTweet--cta js-clickToOpenTarget tweet-InformationCircle-widgetParent\" lang=\"en\" data-click-to-open-target=\"https:\/\/twitter.com\/jairbolsonaro\/status\/1065744103898562561\" data-iframe-title=\"Twitter Tweet\" data-scribe=\"page:tweet\" data-twitter-event-id=\"1\">\n<div class=\"EmbeddedTweet-tweetContainer\">\n<div class=\"EmbeddedTweet-tweet\">\n<blockquote class=\"Tweet h-entry js-tweetIdInfo subject expanded\" cite=\"https:\/\/twitter.com\/jairbolsonaro\/status\/1065744103898562561\" data-tweet-id=\"1065744103898562561\" data-scribe=\"section:subject\">\n<div class=\"Tweet-header\"><a class=\"TweetAuthor-avatar  Identity-avatar u-linkBlend\" href=\"https:\/\/twitter.com\/jairbolsonaro\" data-scribe=\"element:user_link\" aria-label=\"Jair M. Bolsonaro (screen name: jairbolsonaro)\"><img decoding=\"async\" class=\"Avatar\" src=\"https:\/\/pbs.twimg.com\/profile_images\/1057631480459886595\/9VPdGJJz_normal.jpg\" alt=\"\" data-scribe=\"element:avatar\" data-src-2x=\"https:\/\/pbs.twimg.com\/profile_images\/1057631480459886595\/9VPdGJJz_bigger.jpg\" data-src-1x=\"https:\/\/pbs.twimg.com\/profile_images\/1057631480459886595\/9VPdGJJz_normal.jpg\" \/><\/a><\/p>\n<div class=\"TweetAuthor js-inViewportScribingTarget\" data-scribe=\"component:author\">\n<div class=\"TweetAuthor-nameScreenNameContainer\"><span class=\"TweetAuthor-decoratedName\"><span class=\"TweetAuthor-name Identity-name customisable-highlight\" title=\"Jair M. Bolsonaro\" data-scribe=\"element:name\">Jair M. Bolsonaro<\/span><\/span><\/p>\n<div class=\"Icon Icon--verified \" title=\"Verified Account\" role=\"img\" aria-label=\"Verified Account\"><\/div>\n<p><span class=\"TweetAuthor-decoratedName\"><span class=\"TweetAuthor-verifiedBadge\" data-scribe=\"element:verified_badge\"><b class=\"u-hiddenVisually\">\u2714<\/b><\/span><\/span><span class=\"TweetAuthor-screenName Identity-screenName\" dir=\"ltr\" title=\"@jairbolsonaro\" data-scribe=\"element:screen_name\">@jairbolsonaro<\/span><\/div>\n<\/div>\n<\/div>\n<div class=\"Tweet-body e-entry-content\" data-scribe=\"component:tweet\">\n<p class=\"Tweet-text e-entry-title\" dir=\"ltr\" lang=\"pt\">Gostaria de comunicar a todos a indica\u00e7\u00e3o de Ricardo Velez Rodriguez, Fil\u00f3sofo autor de mais de 30 obras, atualmente Professor Em\u00e9rito da Escola de Comando e estado Maior do Ex\u00e9rcito, para o cargo de Ministro da Educa\u00e7\u00e3o.<\/p>\n<div class=\"TweetInfo\"><\/div>\n<\/div>\n<\/blockquote>\n<\/div>\n<\/div>\n<\/div>\n<\/div>\n<\/div>\n<div class=\"mc-column content-text active-extra-styles\" data-block-type=\"raw\" data-block-weight=\"4\" data-block-id=\"8\">\n<div class=\"content-intertitle\">\n<h2>Indica\u00e7\u00e3o para o MEC<\/h2>\n<\/div>\n<\/div>\n<div class=\"mc-column content-text active-extra-styles \" data-block-type=\"unstyled\" data-block-weight=\"28\" data-block-id=\"9\">\n<p class=\"content-text__container \" data-track-category=\"Link no Texto\" data-track-links=\"\">Nascido em Bogot\u00e1 (Col\u00f4mbia), Rodriguez escreveu em um blog no \u00faltimo 7 de novembro que havia sido indicado para o Minist\u00e9rio da Educa\u00e7\u00e3o pelo fil\u00f3sofo Olavo de Carvalho.<\/p>\n<\/div>\n<div class=\"mc-column content-text active-extra-styles \" data-block-type=\"unstyled\" data-block-weight=\"46\" data-block-id=\"10\">\n<p class=\"content-text__container \" data-track-category=\"Link no Texto\" data-track-links=\"\">&#8220;Amigos, escrevo como docente que, atrav\u00e9s das vozes de algumas pessoas ligadas \u00e0 educa\u00e7\u00e3o e \u00e0 cultura (dentre as quais se destaca o professor e amigo Olavo de Carvalho), fui indicado para a poss\u00edvel escolha, pelo Senhor Presidente eleito Jair Bolsonaro, como ministro da Educa\u00e7\u00e3o&#8221;, publicou.<\/p>\n<\/div>\n<div class=\"mc-column content-text active-extra-styles \" data-block-type=\"unstyled\" data-block-weight=\"29\" data-block-id=\"12\">\n<p class=\"content-text__container \" data-track-category=\"Link no Texto\" data-track-links=\"\">&#8220;Aceitei a indica\u00e7\u00e3o movido unicamente por um motivo: tornar realidade, no terreno do MEC, a proposta de governo externada pelo candidato Jair Bolsonaro, de &#8216;Mais Brasil, menos Bras\u00edlia'&#8221;, acrescentou.<\/p>\n<\/div>\n<div class=\"mc-column content-text active-extra-styles\" data-block-type=\"raw\" data-block-weight=\"3\" data-block-id=\"13\">\n<div class=\"content-intertitle\">\n<h2>&#8216;Ideologia de g\u00eanero&#8217;<\/h2>\n<\/div>\n<\/div>\n<div class=\"mc-column content-text active-extra-styles \" data-block-type=\"unstyled\" data-block-weight=\"30\" data-block-id=\"14\">\n<p class=\"content-text__container \" data-track-category=\"Link no Texto\" data-track-links=\"\">Durante toda a campanha eleitoral, Bolsonaro criticou o que costuma chamar de &#8220;ideologia de g\u00eanero&#8221; nas salas de aula, afirmando reiteradas vezes que &#8220;quem ensina sexo \u00e9 papai e mam\u00e3e&#8221;.<\/p>\n<\/div>\n<div class=\"mc-column content-text active-extra-styles \" data-block-type=\"unstyled\" data-block-weight=\"29\" data-block-id=\"15\">\n<p class=\"content-text__container \" data-track-category=\"Link no Texto\" data-track-links=\"\">Recentemente, ao comentar os planos para o Minist\u00e9rio da Educa\u00e7\u00e3o, Bolsonaro afirmou que o ministro seria algu\u00e9m com &#8220;autoridade&#8221;, capaz de entender que o Brasil \u00e9 um pa\u00eds &#8220;conservador&#8221;.<\/p>\n<\/div>\n<div data-track-category=\"fim do conteudo\" data-track-action=\"ultimo chunk conteudo\" data-track-noninteraction=\"false\" data-track-scroll=\"entrada completa viewport\">\n<div class=\"mc-column content-text active-extra-styles \" data-block-type=\"unstyled\" data-block-weight=\"21\" data-block-id=\"16\">\n<p class=\"content-text__container \" data-track-category=\"Link no Texto\" data-track-links=\"\">Disse, ainda, que passar\u00e1 a ter acesso ao conte\u00fado do Exame Nacional do Ensino M\u00e9dio (Enem) antes da aplica\u00e7\u00e3o da prova.<\/p>\n<\/div>\n<\/div>\n<\/div>\n<\/article>\n<\/div>\n","protected":false},"excerpt":{"rendered":"<p>Bolsonaro anuncia Ricardo Velez Rodriguez como ministro da Educa\u00e7\u00e3o Por Filipe Matoso e Gustavo Garcia, G1\u00a0\u2014 Bras\u00edlia O presidente eleito\u00a0Jair Bolsonaro\u00a0anunciou nesta quinta-feira (22) o professor e fil\u00f3sofo Ricardo Velez Rodriguez como futuro ministro da\u00a0Educa\u00e7\u00e3o. O an\u00fancio foi feito pelo Twitter. Segundo Bolsonaro, o futuro ministro \u00e9 autor de mais de 30 obras e atualmente \u00e9 professor em\u00e9rito da Escola de Comando do Estado Maior do Ex\u00e9rcito. Saiba os ministros j\u00e1 anunciados Ainda de acordo com Bolsonaro, Rodriguez \u00e9 mestre em pensamento brasileiro pela Pontif\u00edcia Universidade Cat\u00f3lica do Rio de Janeiro (PUC-RJ), doutor em pensamento luso-brasileiro pela Universidade Gama Filho, p\u00f3s-doutor pelo Centro de Pesquisas Pol\u00edticas Raymond Aron e tem &#8220;ampla experi\u00eancia docente e gestora&#8221;. Nos \u00faltimos dias, passaram a&hellip; <\/p>\n","protected":false},"author":1,"featured_media":215143,"comment_status":"closed","ping_status":"closed","sticky":false,"template":"","format":"standard","meta":{"_acf_changed":false,"footnotes":""},"categories":[1],"tags":[],"class_list":["post-215142","post","type-post","status-publish","format-standard","has-post-thumbnail","hentry","category-politica"],"acf":[],"yoast_head":"<!-- This site is optimized with the Yoast SEO plugin v27.4 - https:\/\/yoast.com\/product\/yoast-seo-wordpress\/ -->\n<title>FIL\u00d3SOFO COLOMBIANO LIGADO AS FOR\u00c7AS ARMADAS SER\u00c1 O NOVO MINISTRO DA EDUCA\u00c7\u00c3O - Blog do Farn\u00e9sio<\/title>\n<meta name=\"robots\" content=\"index, follow, max-snippet:-1, max-image-preview:large, max-video-preview:-1\" \/>\n<link rel=\"canonical\" href=\"https:\/\/blogdofarnesio.com.br\/?p=215142\" \/>\n<meta property=\"og:locale\" content=\"pt_BR\" \/>\n<meta property=\"og:type\" content=\"article\" \/>\n<meta property=\"og:title\" content=\"FIL\u00d3SOFO COLOMBIANO LIGADO AS FOR\u00c7AS ARMADAS SER\u00c1 O NOVO MINISTRO DA EDUCA\u00c7\u00c3O - Blog do Farn\u00e9sio\" \/>\n<meta property=\"og:description\" content=\"Bolsonaro anuncia Ricardo Velez Rodriguez como ministro da Educa\u00e7\u00e3o Por Filipe Matoso e Gustavo Garcia, G1\u00a0\u2014 Bras\u00edlia O presidente eleito\u00a0Jair Bolsonaro\u00a0anunciou nesta quinta-feira (22) o professor e fil\u00f3sofo Ricardo Velez Rodriguez como futuro ministro da\u00a0Educa\u00e7\u00e3o. O an\u00fancio foi feito pelo Twitter. Segundo Bolsonaro, o futuro ministro \u00e9 autor de mais de 30 obras e atualmente \u00e9 professor em\u00e9rito da Escola de Comando do Estado Maior do Ex\u00e9rcito. Saiba os ministros j\u00e1 anunciados Ainda de acordo com Bolsonaro, Rodriguez \u00e9 mestre em pensamento brasileiro pela Pontif\u00edcia Universidade Cat\u00f3lica do Rio de Janeiro (PUC-RJ), doutor em pensamento luso-brasileiro pela Universidade Gama Filho, p\u00f3s-doutor pelo Centro de Pesquisas Pol\u00edticas Raymond Aron e tem &#8220;ampla experi\u00eancia docente e gestora&#8221;. Nos \u00faltimos dias, passaram a&hellip;\" \/>\n<meta property=\"og:url\" content=\"https:\/\/blogdofarnesio.com.br\/?p=215142\" \/>\n<meta property=\"og:site_name\" content=\"Blog do Farn\u00e9sio\" \/>\n<meta property=\"article:publisher\" content=\"https:\/\/www.facebook.com\/BlogQuerSaberPolitica\/\" \/>\n<meta property=\"article:published_time\" content=\"2018-11-23T11:31:38+00:00\" \/>\n<meta property=\"og:image\" content=\"https:\/\/blogdofarnesio.com.br\/wp-content\/uploads\/2018\/11\/blogqspprofessor-Ricardo-Velez-Rodriguez.jpg\" \/>\n\t<meta property=\"og:image:width\" content=\"600\" \/>\n\t<meta property=\"og:image:height\" content=\"514\" \/>\n\t<meta property=\"og:image:type\" content=\"image\/jpeg\" \/>\n<meta name=\"author\" content=\"Farn\u00e9sio\" \/>\n<meta name=\"twitter:card\" content=\"summary_large_image\" \/>\n<meta name=\"twitter:label1\" content=\"Escrito por\" \/>\n\t<meta name=\"twitter:data1\" content=\"Farn\u00e9sio\" \/>\n\t<meta name=\"twitter:label2\" content=\"Est. tempo de leitura\" \/>\n\t<meta name=\"twitter:data2\" content=\"2 minutos\" \/>\n<script type=\"application\/ld+json\" class=\"yoast-schema-graph\">{\"@context\":\"https:\\\/\\\/schema.org\",\"@graph\":[{\"@type\":\"Article\",\"@id\":\"https:\\\/\\\/blogdofarnesio.com.br\\\/?p=215142#article\",\"isPartOf\":{\"@id\":\"https:\\\/\\\/blogdofarnesio.com.br\\\/?p=215142\"},\"author\":{\"name\":\"Farn\u00e9sio\",\"@id\":\"https:\\\/\\\/blogdofarnesio.com.br\\\/#\\\/schema\\\/person\\\/301c4acf522bccbfdb45af95b5b906a1\"},\"headline\":\"FIL\u00d3SOFO COLOMBIANO LIGADO AS FOR\u00c7AS ARMADAS SER\u00c1 O NOVO MINISTRO DA EDUCA\u00c7\u00c3O\",\"datePublished\":\"2018-11-23T11:31:38+00:00\",\"mainEntityOfPage\":{\"@id\":\"https:\\\/\\\/blogdofarnesio.com.br\\\/?p=215142\"},\"wordCount\":422,\"publisher\":{\"@id\":\"https:\\\/\\\/blogdofarnesio.com.br\\\/#organization\"},\"image\":{\"@id\":\"https:\\\/\\\/blogdofarnesio.com.br\\\/?p=215142#primaryimage\"},\"thumbnailUrl\":\"https:\\\/\\\/blogdofarnesio.com.br\\\/wp-content\\\/uploads\\\/2018\\\/11\\\/blogqspprofessor-Ricardo-Velez-Rodriguez.jpg\",\"articleSection\":[\"Pol\u00edtica\"],\"inLanguage\":\"pt-BR\"},{\"@type\":\"WebPage\",\"@id\":\"https:\\\/\\\/blogdofarnesio.com.br\\\/?p=215142\",\"url\":\"https:\\\/\\\/blogdofarnesio.com.br\\\/?p=215142\",\"name\":\"FIL\u00d3SOFO COLOMBIANO LIGADO AS FOR\u00c7AS ARMADAS SER\u00c1 O NOVO MINISTRO DA EDUCA\u00c7\u00c3O - Blog do Farn\u00e9sio\",\"isPartOf\":{\"@id\":\"https:\\\/\\\/blogdofarnesio.com.br\\\/#website\"},\"primaryImageOfPage\":{\"@id\":\"https:\\\/\\\/blogdofarnesio.com.br\\\/?p=215142#primaryimage\"},\"image\":{\"@id\":\"https:\\\/\\\/blogdofarnesio.com.br\\\/?p=215142#primaryimage\"},\"thumbnailUrl\":\"https:\\\/\\\/blogdofarnesio.com.br\\\/wp-content\\\/uploads\\\/2018\\\/11\\\/blogqspprofessor-Ricardo-Velez-Rodriguez.jpg\",\"datePublished\":\"2018-11-23T11:31:38+00:00\",\"breadcrumb\":{\"@id\":\"https:\\\/\\\/blogdofarnesio.com.br\\\/?p=215142#breadcrumb\"},\"inLanguage\":\"pt-BR\",\"potentialAction\":[{\"@type\":\"ReadAction\",\"target\":[\"https:\\\/\\\/blogdofarnesio.com.br\\\/?p=215142\"]}]},{\"@type\":\"ImageObject\",\"inLanguage\":\"pt-BR\",\"@id\":\"https:\\\/\\\/blogdofarnesio.com.br\\\/?p=215142#primaryimage\",\"url\":\"https:\\\/\\\/blogdofarnesio.com.br\\\/wp-content\\\/uploads\\\/2018\\\/11\\\/blogqspprofessor-Ricardo-Velez-Rodriguez.jpg\",\"contentUrl\":\"https:\\\/\\\/blogdofarnesio.com.br\\\/wp-content\\\/uploads\\\/2018\\\/11\\\/blogqspprofessor-Ricardo-Velez-Rodriguez.jpg\",\"width\":600,\"height\":514},{\"@type\":\"BreadcrumbList\",\"@id\":\"https:\\\/\\\/blogdofarnesio.com.br\\\/?p=215142#breadcrumb\",\"itemListElement\":[{\"@type\":\"ListItem\",\"position\":1,\"name\":\"In\u00edcio\",\"item\":\"https:\\\/\\\/blogdofarnesio.com.br\\\/\"},{\"@type\":\"ListItem\",\"position\":2,\"name\":\"FIL\u00d3SOFO COLOMBIANO LIGADO AS FOR\u00c7AS ARMADAS SER\u00c1 O NOVO MINISTRO DA EDUCA\u00c7\u00c3O\"}]},{\"@type\":\"WebSite\",\"@id\":\"https:\\\/\\\/blogdofarnesio.com.br\\\/#website\",\"url\":\"https:\\\/\\\/blogdofarnesio.com.br\\\/\",\"name\":\"Blog do Farn\u00e9sio\",\"description\":\"Quer Saber Pol\u00edtica?\",\"publisher\":{\"@id\":\"https:\\\/\\\/blogdofarnesio.com.br\\\/#organization\"},\"potentialAction\":[{\"@type\":\"SearchAction\",\"target\":{\"@type\":\"EntryPoint\",\"urlTemplate\":\"https:\\\/\\\/blogdofarnesio.com.br\\\/?s={search_term_string}\"},\"query-input\":{\"@type\":\"PropertyValueSpecification\",\"valueRequired\":true,\"valueName\":\"search_term_string\"}}],\"inLanguage\":\"pt-BR\"},{\"@type\":\"Organization\",\"@id\":\"https:\\\/\\\/blogdofarnesio.com.br\\\/#organization\",\"name\":\"Blog do Farn\u00e9sio\",\"url\":\"https:\\\/\\\/blogdofarnesio.com.br\\\/\",\"logo\":{\"@type\":\"ImageObject\",\"inLanguage\":\"pt-BR\",\"@id\":\"https:\\\/\\\/blogdofarnesio.com.br\\\/#\\\/schema\\\/logo\\\/image\\\/\",\"url\":\"https:\\\/\\\/blogdofarnesio.com.br\\\/wp-content\\\/uploads\\\/2026\\\/03\\\/cropped-logo_new-1.png\",\"contentUrl\":\"https:\\\/\\\/blogdofarnesio.com.br\\\/wp-content\\\/uploads\\\/2026\\\/03\\\/cropped-logo_new-1.png\",\"width\":881,\"height\":685,\"caption\":\"Blog do Farn\u00e9sio\"},\"image\":{\"@id\":\"https:\\\/\\\/blogdofarnesio.com.br\\\/#\\\/schema\\\/logo\\\/image\\\/\"},\"sameAs\":[\"https:\\\/\\\/www.facebook.com\\\/BlogQuerSaberPolitica\\\/\"]},{\"@type\":\"Person\",\"@id\":\"https:\\\/\\\/blogdofarnesio.com.br\\\/#\\\/schema\\\/person\\\/301c4acf522bccbfdb45af95b5b906a1\",\"name\":\"Farn\u00e9sio\",\"image\":{\"@type\":\"ImageObject\",\"inLanguage\":\"pt-BR\",\"@id\":\"https:\\\/\\\/secure.gravatar.com\\\/avatar\\\/df0c9a14567c056f8ad6876ba5bbd1e3e2c48023eb6807342fc4663adf549f38?s=96&d=mm&r=g\",\"url\":\"https:\\\/\\\/secure.gravatar.com\\\/avatar\\\/df0c9a14567c056f8ad6876ba5bbd1e3e2c48023eb6807342fc4663adf549f38?s=96&d=mm&r=g\",\"contentUrl\":\"https:\\\/\\\/secure.gravatar.com\\\/avatar\\\/df0c9a14567c056f8ad6876ba5bbd1e3e2c48023eb6807342fc4663adf549f38?s=96&d=mm&r=g\",\"caption\":\"Farn\u00e9sio\"},\"sameAs\":[\"https:\\\/\\\/quersaberpolitica.com.br\"],\"url\":\"https:\\\/\\\/blogdofarnesio.com.br\\\/?author=1\"}]}<\/script>\n<!-- \/ Yoast SEO plugin. -->","yoast_head_json":{"title":"FIL\u00d3SOFO COLOMBIANO LIGADO AS FOR\u00c7AS ARMADAS SER\u00c1 O NOVO MINISTRO DA EDUCA\u00c7\u00c3O - Blog do Farn\u00e9sio","robots":{"index":"index","follow":"follow","max-snippet":"max-snippet:-1","max-image-preview":"max-image-preview:large","max-video-preview":"max-video-preview:-1"},"canonical":"https:\/\/blogdofarnesio.com.br\/?p=215142","og_locale":"pt_BR","og_type":"article","og_title":"FIL\u00d3SOFO COLOMBIANO LIGADO AS FOR\u00c7AS ARMADAS SER\u00c1 O NOVO MINISTRO DA EDUCA\u00c7\u00c3O - Blog do Farn\u00e9sio","og_description":"Bolsonaro anuncia Ricardo Velez Rodriguez como ministro da Educa\u00e7\u00e3o Por Filipe Matoso e Gustavo Garcia, G1\u00a0\u2014 Bras\u00edlia O presidente eleito\u00a0Jair Bolsonaro\u00a0anunciou nesta quinta-feira (22) o professor e fil\u00f3sofo Ricardo Velez Rodriguez como futuro ministro da\u00a0Educa\u00e7\u00e3o. O an\u00fancio foi feito pelo Twitter. Segundo Bolsonaro, o futuro ministro \u00e9 autor de mais de 30 obras e atualmente \u00e9 professor em\u00e9rito da Escola de Comando do Estado Maior do Ex\u00e9rcito. Saiba os ministros j\u00e1 anunciados Ainda de acordo com Bolsonaro, Rodriguez \u00e9 mestre em pensamento brasileiro pela Pontif\u00edcia Universidade Cat\u00f3lica do Rio de Janeiro (PUC-RJ), doutor em pensamento luso-brasileiro pela Universidade Gama Filho, p\u00f3s-doutor pelo Centro de Pesquisas Pol\u00edticas Raymond Aron e tem &#8220;ampla experi\u00eancia docente e gestora&#8221;. Nos \u00faltimos dias, passaram a&hellip;","og_url":"https:\/\/blogdofarnesio.com.br\/?p=215142","og_site_name":"Blog do Farn\u00e9sio","article_publisher":"https:\/\/www.facebook.com\/BlogQuerSaberPolitica\/","article_published_time":"2018-11-23T11:31:38+00:00","og_image":[{"width":600,"height":514,"url":"https:\/\/blogdofarnesio.com.br\/wp-content\/uploads\/2018\/11\/blogqspprofessor-Ricardo-Velez-Rodriguez.jpg","type":"image\/jpeg"}],"author":"Farn\u00e9sio","twitter_card":"summary_large_image","twitter_misc":{"Escrito por":"Farn\u00e9sio","Est. tempo de leitura":"2 minutos"},"schema":{"@context":"https:\/\/schema.org","@graph":[{"@type":"Article","@id":"https:\/\/blogdofarnesio.com.br\/?p=215142#article","isPartOf":{"@id":"https:\/\/blogdofarnesio.com.br\/?p=215142"},"author":{"name":"Farn\u00e9sio","@id":"https:\/\/blogdofarnesio.com.br\/#\/schema\/person\/301c4acf522bccbfdb45af95b5b906a1"},"headline":"FIL\u00d3SOFO COLOMBIANO LIGADO AS FOR\u00c7AS ARMADAS SER\u00c1 O NOVO MINISTRO DA EDUCA\u00c7\u00c3O","datePublished":"2018-11-23T11:31:38+00:00","mainEntityOfPage":{"@id":"https:\/\/blogdofarnesio.com.br\/?p=215142"},"wordCount":422,"publisher":{"@id":"https:\/\/blogdofarnesio.com.br\/#organization"},"image":{"@id":"https:\/\/blogdofarnesio.com.br\/?p=215142#primaryimage"},"thumbnailUrl":"https:\/\/blogdofarnesio.com.br\/wp-content\/uploads\/2018\/11\/blogqspprofessor-Ricardo-Velez-Rodriguez.jpg","articleSection":["Pol\u00edtica"],"inLanguage":"pt-BR"},{"@type":"WebPage","@id":"https:\/\/blogdofarnesio.com.br\/?p=215142","url":"https:\/\/blogdofarnesio.com.br\/?p=215142","name":"FIL\u00d3SOFO COLOMBIANO LIGADO AS FOR\u00c7AS ARMADAS SER\u00c1 O NOVO MINISTRO DA EDUCA\u00c7\u00c3O - Blog do Farn\u00e9sio","isPartOf":{"@id":"https:\/\/blogdofarnesio.com.br\/#website"},"primaryImageOfPage":{"@id":"https:\/\/blogdofarnesio.com.br\/?p=215142#primaryimage"},"image":{"@id":"https:\/\/blogdofarnesio.com.br\/?p=215142#primaryimage"},"thumbnailUrl":"https:\/\/blogdofarnesio.com.br\/wp-content\/uploads\/2018\/11\/blogqspprofessor-Ricardo-Velez-Rodriguez.jpg","datePublished":"2018-11-23T11:31:38+00:00","breadcrumb":{"@id":"https:\/\/blogdofarnesio.com.br\/?p=215142#breadcrumb"},"inLanguage":"pt-BR","potentialAction":[{"@type":"ReadAction","target":["https:\/\/blogdofarnesio.com.br\/?p=215142"]}]},{"@type":"ImageObject","inLanguage":"pt-BR","@id":"https:\/\/blogdofarnesio.com.br\/?p=215142#primaryimage","url":"https:\/\/blogdofarnesio.com.br\/wp-content\/uploads\/2018\/11\/blogqspprofessor-Ricardo-Velez-Rodriguez.jpg","contentUrl":"https:\/\/blogdofarnesio.com.br\/wp-content\/uploads\/2018\/11\/blogqspprofessor-Ricardo-Velez-Rodriguez.jpg","width":600,"height":514},{"@type":"BreadcrumbList","@id":"https:\/\/blogdofarnesio.com.br\/?p=215142#breadcrumb","itemListElement":[{"@type":"ListItem","position":1,"name":"In\u00edcio","item":"https:\/\/blogdofarnesio.com.br\/"},{"@type":"ListItem","position":2,"name":"FIL\u00d3SOFO COLOMBIANO LIGADO AS FOR\u00c7AS ARMADAS SER\u00c1 O NOVO MINISTRO DA EDUCA\u00c7\u00c3O"}]},{"@type":"WebSite","@id":"https:\/\/blogdofarnesio.com.br\/#website","url":"https:\/\/blogdofarnesio.com.br\/","name":"Blog do Farn\u00e9sio","description":"Quer Saber Pol\u00edtica?","publisher":{"@id":"https:\/\/blogdofarnesio.com.br\/#organization"},"potentialAction":[{"@type":"SearchAction","target":{"@type":"EntryPoint","urlTemplate":"https:\/\/blogdofarnesio.com.br\/?s={search_term_string}"},"query-input":{"@type":"PropertyValueSpecification","valueRequired":true,"valueName":"search_term_string"}}],"inLanguage":"pt-BR"},{"@type":"Organization","@id":"https:\/\/blogdofarnesio.com.br\/#organization","name":"Blog do Farn\u00e9sio","url":"https:\/\/blogdofarnesio.com.br\/","logo":{"@type":"ImageObject","inLanguage":"pt-BR","@id":"https:\/\/blogdofarnesio.com.br\/#\/schema\/logo\/image\/","url":"https:\/\/blogdofarnesio.com.br\/wp-content\/uploads\/2026\/03\/cropped-logo_new-1.png","contentUrl":"https:\/\/blogdofarnesio.com.br\/wp-content\/uploads\/2026\/03\/cropped-logo_new-1.png","width":881,"height":685,"caption":"Blog do Farn\u00e9sio"},"image":{"@id":"https:\/\/blogdofarnesio.com.br\/#\/schema\/logo\/image\/"},"sameAs":["https:\/\/www.facebook.com\/BlogQuerSaberPolitica\/"]},{"@type":"Person","@id":"https:\/\/blogdofarnesio.com.br\/#\/schema\/person\/301c4acf522bccbfdb45af95b5b906a1","name":"Farn\u00e9sio","image":{"@type":"ImageObject","inLanguage":"pt-BR","@id":"https:\/\/secure.gravatar.com\/avatar\/df0c9a14567c056f8ad6876ba5bbd1e3e2c48023eb6807342fc4663adf549f38?s=96&d=mm&r=g","url":"https:\/\/secure.gravatar.com\/avatar\/df0c9a14567c056f8ad6876ba5bbd1e3e2c48023eb6807342fc4663adf549f38?s=96&d=mm&r=g","contentUrl":"https:\/\/secure.gravatar.com\/avatar\/df0c9a14567c056f8ad6876ba5bbd1e3e2c48023eb6807342fc4663adf549f38?s=96&d=mm&r=g","caption":"Farn\u00e9sio"},"sameAs":["https:\/\/quersaberpolitica.com.br"],"url":"https:\/\/blogdofarnesio.com.br\/?author=1"}]}},"_links":{"self":[{"href":"https:\/\/blogdofarnesio.com.br\/index.php?rest_route=\/wp\/v2\/posts\/215142","targetHints":{"allow":["GET"]}}],"collection":[{"href":"https:\/\/blogdofarnesio.com.br\/index.php?rest_route=\/wp\/v2\/posts"}],"about":[{"href":"https:\/\/blogdofarnesio.com.br\/index.php?rest_route=\/wp\/v2\/types\/post"}],"author":[{"embeddable":true,"href":"https:\/\/blogdofarnesio.com.br\/index.php?rest_route=\/wp\/v2\/users\/1"}],"replies":[{"embeddable":true,"href":"https:\/\/blogdofarnesio.com.br\/index.php?rest_route=%2Fwp%2Fv2%2Fcomments&post=215142"}],"version-history":[{"count":0,"href":"https:\/\/blogdofarnesio.com.br\/index.php?rest_route=\/wp\/v2\/posts\/215142\/revisions"}],"wp:featuredmedia":[{"embeddable":true,"href":"https:\/\/blogdofarnesio.com.br\/index.php?rest_route=\/wp\/v2\/media\/215143"}],"wp:attachment":[{"href":"https:\/\/blogdofarnesio.com.br\/index.php?rest_route=%2Fwp%2Fv2%2Fmedia&parent=215142"}],"wp:term":[{"taxonomy":"category","embeddable":true,"href":"https:\/\/blogdofarnesio.com.br\/index.php?rest_route=%2Fwp%2Fv2%2Fcategories&post=215142"},{"taxonomy":"post_tag","embeddable":true,"href":"https:\/\/blogdofarnesio.com.br\/index.php?rest_route=%2Fwp%2Fv2%2Ftags&post=215142"}],"curies":[{"name":"wp","href":"https:\/\/api.w.org\/{rel}","templated":true}]}}