{"id":215125,"date":"2018-11-22T17:42:16","date_gmt":"2018-11-22T20:42:16","guid":{"rendered":"http:\/\/quersaberpolitica.com.br\/2016\/?p=215125"},"modified":"2018-11-22T17:45:15","modified_gmt":"2018-11-22T20:45:15","slug":"prefeito-de-petrolina-recebe-ministro-da-saude-e-assinam-convenio-de-r-34-milhoes-para-nova-maternidade-e-centro-odontologico","status":"publish","type":"post","link":"https:\/\/blogdofarnesio.com.br\/2018\/11\/prefeito-de-petrolina-recebe-ministro-da-saude-e-assinam-convenio-de-r-34-milhoes-para-nova-maternidade-e-centro-odontologico\/","title":{"rendered":"PREFEITO DE PETROLINA RECEBE MINISTRO DA SA\u00daDE E ASSINAM CONV\u00caNIO DE R$ 3,4 MILH\u00d5ES PARA NOVA MATERNIDADE E CENTRO ODONTOL\u00d3GICO"},"content":{"rendered":"<div class=\"gmail_default\">Dois novos e importantes equipamentos de sa\u00fade p\u00fablica ser\u00e3o constru\u00eddos em Petrolina at\u00e9 o pr\u00f3ximo ano. Nesta quinta-feira (22), o ministro da Sa\u00fade, Gilberto Occhi, e o prefeito Miguel Coelho anunciaram a constru\u00e7\u00e3o de um Centro de Especialidades Odontol\u00f3gicas (CEO) e a primeira maternidade municipal na capital do Sert\u00e3o do S\u00e3o Francisco. Para a implanta\u00e7\u00e3o dos dois equipamentos ser\u00e3o investidos cerca de R$ 3,4 milh\u00f5es.<\/div>\n<div class=\"gmail_quote\">\n<div dir=\"auto\">\n<div dir=\"auto\"><\/div>\n<div dir=\"auto\">A unidade odontol\u00f3gica ser\u00e1 instalada na AME Am\u00e1lia Granja, na Vila Moc\u00f3. Ter\u00e1 sete consult\u00f3rios com profissionais habilitados para cirurgias, tratamento de gengivas, canais, exames de c\u00e2ncer bucal entre outros servi\u00e7os. A previs\u00e3o \u00e9 que o novo CEO seja inaugurado no primeiro trimestre do pr\u00f3ximo ano.<\/div>\n<div dir=\"auto\"><\/div>\n<div dir=\"auto\">J\u00e1 a casa de partos funcionar\u00e1 onde estava em constru\u00e7\u00e3o uma UPA, pr\u00f3ximo ao Hospital Universit\u00e1rio. Na visita, o ministro garantiu a autoriza\u00e7\u00e3o para a mudan\u00e7a de finalidade do equipamento, que ser\u00e1 readequado a uma maternidade municipal. Quando estiver pronta, a unidade atender\u00e1 cerca de 150 gr\u00e1vidas por m\u00eas com baixa complexidade.<\/div>\n<div dir=\"auto\"><\/div>\n<div dir=\"auto\">Durante o an\u00fancio dos investimentos, o prefeito Miguel Coelho lembrou a necessidade urgente de uma nova maternidade para Petrolina, j\u00e1 que a \u00fanica estrutura para partos, o Hospital Dom Malan, atende mais de 50 munic\u00edpios de tr\u00eas estados. \u201cHoje \u00e9 um dia muito importante para as m\u00e3es de Petrolina. Uma UPA era importante, mas hoje, nossa maior urg\u00eancia \u00e9 uma casa de partos. Vamos aliviar a superlota\u00e7\u00e3o do Dom Malan e fornecer um tratamento humanizado \u00e0s futuras m\u00e3es de Petrolina\u201d, destacou Miguel, que ser\u00e1 pai pela primeira vez em fevereiro.<\/div>\n<div dir=\"auto\"><\/div>\n<div dir=\"auto\">Na passagem por Petrolina, o ministro ainda anunciou quatro leitos de UTI e a habilita\u00e7\u00e3o para o Hospital Dom Tom\u00e1s como unidade de alta complexidade em oncologia (tratamento de c\u00e2ncer). Com isso, o centro hospitalar poder\u00e1 realizar exames como quimioterapia e cirurgias pedi\u00e1tricas, ginecol\u00f3gicas entre outras.<\/div>\n<div dir=\"auto\"><\/div>\n<div dir=\"auto\">FOTOS: Jonas Santos<\/div>\n<\/div>\n<div class=\"yj6qo ajU\"><\/div>\n<\/div>\n","protected":false},"excerpt":{"rendered":"<p>Dois novos e importantes equipamentos de sa\u00fade p\u00fablica ser\u00e3o constru\u00eddos em Petrolina at\u00e9 o pr\u00f3ximo ano. Nesta quinta-feira (22), o ministro da Sa\u00fade, Gilberto Occhi, e o prefeito Miguel Coelho anunciaram a constru\u00e7\u00e3o de um Centro de Especialidades Odontol\u00f3gicas (CEO) e a primeira maternidade municipal na capital do Sert\u00e3o do S\u00e3o Francisco. Para a implanta\u00e7\u00e3o dos dois equipamentos ser\u00e3o investidos cerca de R$ 3,4 milh\u00f5es. A unidade odontol\u00f3gica ser\u00e1 instalada na AME Am\u00e1lia Granja, na Vila Moc\u00f3. Ter\u00e1 sete consult\u00f3rios com profissionais habilitados para cirurgias, tratamento de gengivas, canais, exames de c\u00e2ncer bucal entre outros servi\u00e7os. A previs\u00e3o \u00e9 que o novo CEO seja inaugurado no primeiro trimestre do pr\u00f3ximo ano. J\u00e1 a casa de partos funcionar\u00e1 onde estava em&hellip; <\/p>\n","protected":false},"author":1,"featured_media":215130,"comment_status":"closed","ping_status":"closed","sticky":false,"template":"","format":"standard","meta":{"_acf_changed":false,"footnotes":""},"categories":[44,4],"tags":[],"class_list":["post-215125","post","type-post","status-publish","format-standard","has-post-thumbnail","hentry","category-administracao","category-saude"],"acf":[],"yoast_head":"<!-- This site is optimized with the Yoast SEO plugin v27.5 - https:\/\/yoast.com\/product\/yoast-seo-wordpress\/ -->\n<title>PREFEITO DE PETROLINA RECEBE MINISTRO DA SA\u00daDE E ASSINAM CONV\u00caNIO DE R$ 3,4 MILH\u00d5ES PARA NOVA MATERNIDADE E CENTRO ODONTOL\u00d3GICO - Blog do Farn\u00e9sio<\/title>\n<meta name=\"robots\" content=\"index, follow, max-snippet:-1, max-image-preview:large, max-video-preview:-1\" \/>\n<link rel=\"canonical\" href=\"https:\/\/blogdofarnesio.com.br\/2018\/11\/prefeito-de-petrolina-recebe-ministro-da-saude-e-assinam-convenio-de-r-34-milhoes-para-nova-maternidade-e-centro-odontologico\/\" \/>\n<meta property=\"og:locale\" content=\"pt_BR\" \/>\n<meta property=\"og:type\" content=\"article\" \/>\n<meta property=\"og:title\" content=\"PREFEITO DE PETROLINA RECEBE MINISTRO DA SA\u00daDE E ASSINAM CONV\u00caNIO DE R$ 3,4 MILH\u00d5ES PARA NOVA MATERNIDADE E CENTRO ODONTOL\u00d3GICO - Blog do Farn\u00e9sio\" \/>\n<meta property=\"og:description\" content=\"Dois novos e importantes equipamentos de sa\u00fade p\u00fablica ser\u00e3o constru\u00eddos em Petrolina at\u00e9 o pr\u00f3ximo ano. Nesta quinta-feira (22), o ministro da Sa\u00fade, Gilberto Occhi, e o prefeito Miguel Coelho anunciaram a constru\u00e7\u00e3o de um Centro de Especialidades Odontol\u00f3gicas (CEO) e a primeira maternidade municipal na capital do Sert\u00e3o do S\u00e3o Francisco. Para a implanta\u00e7\u00e3o dos dois equipamentos ser\u00e3o investidos cerca de R$ 3,4 milh\u00f5es. A unidade odontol\u00f3gica ser\u00e1 instalada na AME Am\u00e1lia Granja, na Vila Moc\u00f3. Ter\u00e1 sete consult\u00f3rios com profissionais habilitados para cirurgias, tratamento de gengivas, canais, exames de c\u00e2ncer bucal entre outros servi\u00e7os. A previs\u00e3o \u00e9 que o novo CEO seja inaugurado no primeiro trimestre do pr\u00f3ximo ano. J\u00e1 a casa de partos funcionar\u00e1 onde estava em&hellip;\" \/>\n<meta property=\"og:url\" content=\"https:\/\/blogdofarnesio.com.br\/2018\/11\/prefeito-de-petrolina-recebe-ministro-da-saude-e-assinam-convenio-de-r-34-milhoes-para-nova-maternidade-e-centro-odontologico\/\" \/>\n<meta property=\"og:site_name\" content=\"Blog do Farn\u00e9sio\" \/>\n<meta property=\"article:publisher\" content=\"https:\/\/www.facebook.com\/BlogQuerSaberPolitica\/\" \/>\n<meta property=\"article:published_time\" content=\"2018-11-22T20:42:16+00:00\" \/>\n<meta property=\"article:modified_time\" content=\"2018-11-22T20:45:15+00:00\" \/>\n<meta property=\"og:image\" content=\"https:\/\/blogdofarnesio.com.br\/wp-content\/uploads\/2018\/11\/blogqspaugustomiguel-coelho-foto-Jonas2.jpg\" \/>\n\t<meta property=\"og:image:width\" content=\"640\" \/>\n\t<meta property=\"og:image:height\" content=\"393\" \/>\n\t<meta property=\"og:image:type\" content=\"image\/jpeg\" \/>\n<meta name=\"author\" content=\"Farn\u00e9sio\" \/>\n<meta name=\"twitter:card\" content=\"summary_large_image\" \/>\n<meta name=\"twitter:label1\" content=\"Escrito por\" \/>\n\t<meta name=\"twitter:data1\" content=\"Farn\u00e9sio\" \/>\n\t<meta name=\"twitter:label2\" content=\"Est. tempo de leitura\" \/>\n\t<meta name=\"twitter:data2\" content=\"2 minutos\" \/>\n<script type=\"application\/ld+json\" class=\"yoast-schema-graph\">{\"@context\":\"https:\\\/\\\/schema.org\",\"@graph\":[{\"@type\":\"Article\",\"@id\":\"https:\\\/\\\/blogdofarnesio.com.br\\\/2018\\\/11\\\/prefeito-de-petrolina-recebe-ministro-da-saude-e-assinam-convenio-de-r-34-milhoes-para-nova-maternidade-e-centro-odontologico\\\/#article\",\"isPartOf\":{\"@id\":\"https:\\\/\\\/blogdofarnesio.com.br\\\/2018\\\/11\\\/prefeito-de-petrolina-recebe-ministro-da-saude-e-assinam-convenio-de-r-34-milhoes-para-nova-maternidade-e-centro-odontologico\\\/\"},\"author\":{\"name\":\"Farn\u00e9sio\",\"@id\":\"https:\\\/\\\/blogdofarnesio.com.br\\\/#\\\/schema\\\/person\\\/301c4acf522bccbfdb45af95b5b906a1\"},\"headline\":\"PREFEITO DE PETROLINA RECEBE MINISTRO DA SA\u00daDE E ASSINAM CONV\u00caNIO DE R$ 3,4 MILH\u00d5ES PARA NOVA MATERNIDADE E CENTRO ODONTOL\u00d3GICO\",\"datePublished\":\"2018-11-22T20:42:16+00:00\",\"dateModified\":\"2018-11-22T20:45:15+00:00\",\"mainEntityOfPage\":{\"@id\":\"https:\\\/\\\/blogdofarnesio.com.br\\\/2018\\\/11\\\/prefeito-de-petrolina-recebe-ministro-da-saude-e-assinam-convenio-de-r-34-milhoes-para-nova-maternidade-e-centro-odontologico\\\/\"},\"wordCount\":357,\"publisher\":{\"@id\":\"https:\\\/\\\/blogdofarnesio.com.br\\\/#organization\"},\"image\":{\"@id\":\"https:\\\/\\\/blogdofarnesio.com.br\\\/2018\\\/11\\\/prefeito-de-petrolina-recebe-ministro-da-saude-e-assinam-convenio-de-r-34-milhoes-para-nova-maternidade-e-centro-odontologico\\\/#primaryimage\"},\"thumbnailUrl\":\"https:\\\/\\\/blogdofarnesio.com.br\\\/wp-content\\\/uploads\\\/2018\\\/11\\\/blogqspaugustomiguel-coelho-foto-Jonas2.jpg\",\"articleSection\":[\"Administra\u00e7\u00e3o\",\"Sa\u00fade\"],\"inLanguage\":\"pt-BR\"},{\"@type\":\"WebPage\",\"@id\":\"https:\\\/\\\/blogdofarnesio.com.br\\\/2018\\\/11\\\/prefeito-de-petrolina-recebe-ministro-da-saude-e-assinam-convenio-de-r-34-milhoes-para-nova-maternidade-e-centro-odontologico\\\/\",\"url\":\"https:\\\/\\\/blogdofarnesio.com.br\\\/2018\\\/11\\\/prefeito-de-petrolina-recebe-ministro-da-saude-e-assinam-convenio-de-r-34-milhoes-para-nova-maternidade-e-centro-odontologico\\\/\",\"name\":\"PREFEITO DE PETROLINA RECEBE MINISTRO DA SA\u00daDE E ASSINAM CONV\u00caNIO DE R$ 3,4 MILH\u00d5ES PARA NOVA MATERNIDADE E CENTRO ODONTOL\u00d3GICO - Blog do Farn\u00e9sio\",\"isPartOf\":{\"@id\":\"https:\\\/\\\/blogdofarnesio.com.br\\\/#website\"},\"primaryImageOfPage\":{\"@id\":\"https:\\\/\\\/blogdofarnesio.com.br\\\/2018\\\/11\\\/prefeito-de-petrolina-recebe-ministro-da-saude-e-assinam-convenio-de-r-34-milhoes-para-nova-maternidade-e-centro-odontologico\\\/#primaryimage\"},\"image\":{\"@id\":\"https:\\\/\\\/blogdofarnesio.com.br\\\/2018\\\/11\\\/prefeito-de-petrolina-recebe-ministro-da-saude-e-assinam-convenio-de-r-34-milhoes-para-nova-maternidade-e-centro-odontologico\\\/#primaryimage\"},\"thumbnailUrl\":\"https:\\\/\\\/blogdofarnesio.com.br\\\/wp-content\\\/uploads\\\/2018\\\/11\\\/blogqspaugustomiguel-coelho-foto-Jonas2.jpg\",\"datePublished\":\"2018-11-22T20:42:16+00:00\",\"dateModified\":\"2018-11-22T20:45:15+00:00\",\"breadcrumb\":{\"@id\":\"https:\\\/\\\/blogdofarnesio.com.br\\\/2018\\\/11\\\/prefeito-de-petrolina-recebe-ministro-da-saude-e-assinam-convenio-de-r-34-milhoes-para-nova-maternidade-e-centro-odontologico\\\/#breadcrumb\"},\"inLanguage\":\"pt-BR\",\"potentialAction\":[{\"@type\":\"ReadAction\",\"target\":[\"https:\\\/\\\/blogdofarnesio.com.br\\\/2018\\\/11\\\/prefeito-de-petrolina-recebe-ministro-da-saude-e-assinam-convenio-de-r-34-milhoes-para-nova-maternidade-e-centro-odontologico\\\/\"]}]},{\"@type\":\"ImageObject\",\"inLanguage\":\"pt-BR\",\"@id\":\"https:\\\/\\\/blogdofarnesio.com.br\\\/2018\\\/11\\\/prefeito-de-petrolina-recebe-ministro-da-saude-e-assinam-convenio-de-r-34-milhoes-para-nova-maternidade-e-centro-odontologico\\\/#primaryimage\",\"url\":\"https:\\\/\\\/blogdofarnesio.com.br\\\/wp-content\\\/uploads\\\/2018\\\/11\\\/blogqspaugustomiguel-coelho-foto-Jonas2.jpg\",\"contentUrl\":\"https:\\\/\\\/blogdofarnesio.com.br\\\/wp-content\\\/uploads\\\/2018\\\/11\\\/blogqspaugustomiguel-coelho-foto-Jonas2.jpg\",\"width\":640,\"height\":393},{\"@type\":\"BreadcrumbList\",\"@id\":\"https:\\\/\\\/blogdofarnesio.com.br\\\/2018\\\/11\\\/prefeito-de-petrolina-recebe-ministro-da-saude-e-assinam-convenio-de-r-34-milhoes-para-nova-maternidade-e-centro-odontologico\\\/#breadcrumb\",\"itemListElement\":[{\"@type\":\"ListItem\",\"position\":1,\"name\":\"In\u00edcio\",\"item\":\"https:\\\/\\\/blogdofarnesio.com.br\\\/\"},{\"@type\":\"ListItem\",\"position\":2,\"name\":\"PREFEITO DE PETROLINA RECEBE MINISTRO DA SA\u00daDE E ASSINAM CONV\u00caNIO DE R$ 3,4 MILH\u00d5ES PARA NOVA MATERNIDADE E CENTRO ODONTOL\u00d3GICO\"}]},{\"@type\":\"WebSite\",\"@id\":\"https:\\\/\\\/blogdofarnesio.com.br\\\/#website\",\"url\":\"https:\\\/\\\/blogdofarnesio.com.br\\\/\",\"name\":\"Blog do Farn\u00e9sio\",\"description\":\"Quer Saber Pol\u00edtica?\",\"publisher\":{\"@id\":\"https:\\\/\\\/blogdofarnesio.com.br\\\/#organization\"},\"potentialAction\":[{\"@type\":\"SearchAction\",\"target\":{\"@type\":\"EntryPoint\",\"urlTemplate\":\"https:\\\/\\\/blogdofarnesio.com.br\\\/?s={search_term_string}\"},\"query-input\":{\"@type\":\"PropertyValueSpecification\",\"valueRequired\":true,\"valueName\":\"search_term_string\"}}],\"inLanguage\":\"pt-BR\"},{\"@type\":\"Organization\",\"@id\":\"https:\\\/\\\/blogdofarnesio.com.br\\\/#organization\",\"name\":\"Blog do Farn\u00e9sio\",\"url\":\"https:\\\/\\\/blogdofarnesio.com.br\\\/\",\"logo\":{\"@type\":\"ImageObject\",\"inLanguage\":\"pt-BR\",\"@id\":\"https:\\\/\\\/blogdofarnesio.com.br\\\/#\\\/schema\\\/logo\\\/image\\\/\",\"url\":\"https:\\\/\\\/blogdofarnesio.com.br\\\/wp-content\\\/uploads\\\/2026\\\/03\\\/cropped-logo_new-1.png\",\"contentUrl\":\"https:\\\/\\\/blogdofarnesio.com.br\\\/wp-content\\\/uploads\\\/2026\\\/03\\\/cropped-logo_new-1.png\",\"width\":881,\"height\":685,\"caption\":\"Blog do Farn\u00e9sio\"},\"image\":{\"@id\":\"https:\\\/\\\/blogdofarnesio.com.br\\\/#\\\/schema\\\/logo\\\/image\\\/\"},\"sameAs\":[\"https:\\\/\\\/www.facebook.com\\\/BlogQuerSaberPolitica\\\/\"]},{\"@type\":\"Person\",\"@id\":\"https:\\\/\\\/blogdofarnesio.com.br\\\/#\\\/schema\\\/person\\\/301c4acf522bccbfdb45af95b5b906a1\",\"name\":\"Farn\u00e9sio\",\"image\":{\"@type\":\"ImageObject\",\"inLanguage\":\"pt-BR\",\"@id\":\"https:\\\/\\\/secure.gravatar.com\\\/avatar\\\/df0c9a14567c056f8ad6876ba5bbd1e3e2c48023eb6807342fc4663adf549f38?s=96&d=mm&r=g\",\"url\":\"https:\\\/\\\/secure.gravatar.com\\\/avatar\\\/df0c9a14567c056f8ad6876ba5bbd1e3e2c48023eb6807342fc4663adf549f38?s=96&d=mm&r=g\",\"contentUrl\":\"https:\\\/\\\/secure.gravatar.com\\\/avatar\\\/df0c9a14567c056f8ad6876ba5bbd1e3e2c48023eb6807342fc4663adf549f38?s=96&d=mm&r=g\",\"caption\":\"Farn\u00e9sio\"},\"sameAs\":[\"https:\\\/\\\/quersaberpolitica.com.br\"],\"url\":\"https:\\\/\\\/blogdofarnesio.com.br\\\/author\\\/farnesio\\\/\"}]}<\/script>\n<!-- \/ Yoast SEO plugin. -->","yoast_head_json":{"title":"PREFEITO DE PETROLINA RECEBE MINISTRO DA SA\u00daDE E ASSINAM CONV\u00caNIO DE R$ 3,4 MILH\u00d5ES PARA NOVA MATERNIDADE E CENTRO ODONTOL\u00d3GICO - Blog do Farn\u00e9sio","robots":{"index":"index","follow":"follow","max-snippet":"max-snippet:-1","max-image-preview":"max-image-preview:large","max-video-preview":"max-video-preview:-1"},"canonical":"https:\/\/blogdofarnesio.com.br\/2018\/11\/prefeito-de-petrolina-recebe-ministro-da-saude-e-assinam-convenio-de-r-34-milhoes-para-nova-maternidade-e-centro-odontologico\/","og_locale":"pt_BR","og_type":"article","og_title":"PREFEITO DE PETROLINA RECEBE MINISTRO DA SA\u00daDE E ASSINAM CONV\u00caNIO DE R$ 3,4 MILH\u00d5ES PARA NOVA MATERNIDADE E CENTRO ODONTOL\u00d3GICO - Blog do Farn\u00e9sio","og_description":"Dois novos e importantes equipamentos de sa\u00fade p\u00fablica ser\u00e3o constru\u00eddos em Petrolina at\u00e9 o pr\u00f3ximo ano. Nesta quinta-feira (22), o ministro da Sa\u00fade, Gilberto Occhi, e o prefeito Miguel Coelho anunciaram a constru\u00e7\u00e3o de um Centro de Especialidades Odontol\u00f3gicas (CEO) e a primeira maternidade municipal na capital do Sert\u00e3o do S\u00e3o Francisco. Para a implanta\u00e7\u00e3o dos dois equipamentos ser\u00e3o investidos cerca de R$ 3,4 milh\u00f5es. A unidade odontol\u00f3gica ser\u00e1 instalada na AME Am\u00e1lia Granja, na Vila Moc\u00f3. Ter\u00e1 sete consult\u00f3rios com profissionais habilitados para cirurgias, tratamento de gengivas, canais, exames de c\u00e2ncer bucal entre outros servi\u00e7os. A previs\u00e3o \u00e9 que o novo CEO seja inaugurado no primeiro trimestre do pr\u00f3ximo ano. J\u00e1 a casa de partos funcionar\u00e1 onde estava em&hellip;","og_url":"https:\/\/blogdofarnesio.com.br\/2018\/11\/prefeito-de-petrolina-recebe-ministro-da-saude-e-assinam-convenio-de-r-34-milhoes-para-nova-maternidade-e-centro-odontologico\/","og_site_name":"Blog do Farn\u00e9sio","article_publisher":"https:\/\/www.facebook.com\/BlogQuerSaberPolitica\/","article_published_time":"2018-11-22T20:42:16+00:00","article_modified_time":"2018-11-22T20:45:15+00:00","og_image":[{"width":640,"height":393,"url":"https:\/\/blogdofarnesio.com.br\/wp-content\/uploads\/2018\/11\/blogqspaugustomiguel-coelho-foto-Jonas2.jpg","type":"image\/jpeg"}],"author":"Farn\u00e9sio","twitter_card":"summary_large_image","twitter_misc":{"Escrito por":"Farn\u00e9sio","Est. tempo de leitura":"2 minutos"},"schema":{"@context":"https:\/\/schema.org","@graph":[{"@type":"Article","@id":"https:\/\/blogdofarnesio.com.br\/2018\/11\/prefeito-de-petrolina-recebe-ministro-da-saude-e-assinam-convenio-de-r-34-milhoes-para-nova-maternidade-e-centro-odontologico\/#article","isPartOf":{"@id":"https:\/\/blogdofarnesio.com.br\/2018\/11\/prefeito-de-petrolina-recebe-ministro-da-saude-e-assinam-convenio-de-r-34-milhoes-para-nova-maternidade-e-centro-odontologico\/"},"author":{"name":"Farn\u00e9sio","@id":"https:\/\/blogdofarnesio.com.br\/#\/schema\/person\/301c4acf522bccbfdb45af95b5b906a1"},"headline":"PREFEITO DE PETROLINA RECEBE MINISTRO DA SA\u00daDE E ASSINAM CONV\u00caNIO DE R$ 3,4 MILH\u00d5ES PARA NOVA MATERNIDADE E CENTRO ODONTOL\u00d3GICO","datePublished":"2018-11-22T20:42:16+00:00","dateModified":"2018-11-22T20:45:15+00:00","mainEntityOfPage":{"@id":"https:\/\/blogdofarnesio.com.br\/2018\/11\/prefeito-de-petrolina-recebe-ministro-da-saude-e-assinam-convenio-de-r-34-milhoes-para-nova-maternidade-e-centro-odontologico\/"},"wordCount":357,"publisher":{"@id":"https:\/\/blogdofarnesio.com.br\/#organization"},"image":{"@id":"https:\/\/blogdofarnesio.com.br\/2018\/11\/prefeito-de-petrolina-recebe-ministro-da-saude-e-assinam-convenio-de-r-34-milhoes-para-nova-maternidade-e-centro-odontologico\/#primaryimage"},"thumbnailUrl":"https:\/\/blogdofarnesio.com.br\/wp-content\/uploads\/2018\/11\/blogqspaugustomiguel-coelho-foto-Jonas2.jpg","articleSection":["Administra\u00e7\u00e3o","Sa\u00fade"],"inLanguage":"pt-BR"},{"@type":"WebPage","@id":"https:\/\/blogdofarnesio.com.br\/2018\/11\/prefeito-de-petrolina-recebe-ministro-da-saude-e-assinam-convenio-de-r-34-milhoes-para-nova-maternidade-e-centro-odontologico\/","url":"https:\/\/blogdofarnesio.com.br\/2018\/11\/prefeito-de-petrolina-recebe-ministro-da-saude-e-assinam-convenio-de-r-34-milhoes-para-nova-maternidade-e-centro-odontologico\/","name":"PREFEITO DE PETROLINA RECEBE MINISTRO DA SA\u00daDE E ASSINAM CONV\u00caNIO DE R$ 3,4 MILH\u00d5ES PARA NOVA MATERNIDADE E CENTRO ODONTOL\u00d3GICO - Blog do Farn\u00e9sio","isPartOf":{"@id":"https:\/\/blogdofarnesio.com.br\/#website"},"primaryImageOfPage":{"@id":"https:\/\/blogdofarnesio.com.br\/2018\/11\/prefeito-de-petrolina-recebe-ministro-da-saude-e-assinam-convenio-de-r-34-milhoes-para-nova-maternidade-e-centro-odontologico\/#primaryimage"},"image":{"@id":"https:\/\/blogdofarnesio.com.br\/2018\/11\/prefeito-de-petrolina-recebe-ministro-da-saude-e-assinam-convenio-de-r-34-milhoes-para-nova-maternidade-e-centro-odontologico\/#primaryimage"},"thumbnailUrl":"https:\/\/blogdofarnesio.com.br\/wp-content\/uploads\/2018\/11\/blogqspaugustomiguel-coelho-foto-Jonas2.jpg","datePublished":"2018-11-22T20:42:16+00:00","dateModified":"2018-11-22T20:45:15+00:00","breadcrumb":{"@id":"https:\/\/blogdofarnesio.com.br\/2018\/11\/prefeito-de-petrolina-recebe-ministro-da-saude-e-assinam-convenio-de-r-34-milhoes-para-nova-maternidade-e-centro-odontologico\/#breadcrumb"},"inLanguage":"pt-BR","potentialAction":[{"@type":"ReadAction","target":["https:\/\/blogdofarnesio.com.br\/2018\/11\/prefeito-de-petrolina-recebe-ministro-da-saude-e-assinam-convenio-de-r-34-milhoes-para-nova-maternidade-e-centro-odontologico\/"]}]},{"@type":"ImageObject","inLanguage":"pt-BR","@id":"https:\/\/blogdofarnesio.com.br\/2018\/11\/prefeito-de-petrolina-recebe-ministro-da-saude-e-assinam-convenio-de-r-34-milhoes-para-nova-maternidade-e-centro-odontologico\/#primaryimage","url":"https:\/\/blogdofarnesio.com.br\/wp-content\/uploads\/2018\/11\/blogqspaugustomiguel-coelho-foto-Jonas2.jpg","contentUrl":"https:\/\/blogdofarnesio.com.br\/wp-content\/uploads\/2018\/11\/blogqspaugustomiguel-coelho-foto-Jonas2.jpg","width":640,"height":393},{"@type":"BreadcrumbList","@id":"https:\/\/blogdofarnesio.com.br\/2018\/11\/prefeito-de-petrolina-recebe-ministro-da-saude-e-assinam-convenio-de-r-34-milhoes-para-nova-maternidade-e-centro-odontologico\/#breadcrumb","itemListElement":[{"@type":"ListItem","position":1,"name":"In\u00edcio","item":"https:\/\/blogdofarnesio.com.br\/"},{"@type":"ListItem","position":2,"name":"PREFEITO DE PETROLINA RECEBE MINISTRO DA SA\u00daDE E ASSINAM CONV\u00caNIO DE R$ 3,4 MILH\u00d5ES PARA NOVA MATERNIDADE E CENTRO ODONTOL\u00d3GICO"}]},{"@type":"WebSite","@id":"https:\/\/blogdofarnesio.com.br\/#website","url":"https:\/\/blogdofarnesio.com.br\/","name":"Blog do Farn\u00e9sio","description":"Quer Saber Pol\u00edtica?","publisher":{"@id":"https:\/\/blogdofarnesio.com.br\/#organization"},"potentialAction":[{"@type":"SearchAction","target":{"@type":"EntryPoint","urlTemplate":"https:\/\/blogdofarnesio.com.br\/?s={search_term_string}"},"query-input":{"@type":"PropertyValueSpecification","valueRequired":true,"valueName":"search_term_string"}}],"inLanguage":"pt-BR"},{"@type":"Organization","@id":"https:\/\/blogdofarnesio.com.br\/#organization","name":"Blog do Farn\u00e9sio","url":"https:\/\/blogdofarnesio.com.br\/","logo":{"@type":"ImageObject","inLanguage":"pt-BR","@id":"https:\/\/blogdofarnesio.com.br\/#\/schema\/logo\/image\/","url":"https:\/\/blogdofarnesio.com.br\/wp-content\/uploads\/2026\/03\/cropped-logo_new-1.png","contentUrl":"https:\/\/blogdofarnesio.com.br\/wp-content\/uploads\/2026\/03\/cropped-logo_new-1.png","width":881,"height":685,"caption":"Blog do Farn\u00e9sio"},"image":{"@id":"https:\/\/blogdofarnesio.com.br\/#\/schema\/logo\/image\/"},"sameAs":["https:\/\/www.facebook.com\/BlogQuerSaberPolitica\/"]},{"@type":"Person","@id":"https:\/\/blogdofarnesio.com.br\/#\/schema\/person\/301c4acf522bccbfdb45af95b5b906a1","name":"Farn\u00e9sio","image":{"@type":"ImageObject","inLanguage":"pt-BR","@id":"https:\/\/secure.gravatar.com\/avatar\/df0c9a14567c056f8ad6876ba5bbd1e3e2c48023eb6807342fc4663adf549f38?s=96&d=mm&r=g","url":"https:\/\/secure.gravatar.com\/avatar\/df0c9a14567c056f8ad6876ba5bbd1e3e2c48023eb6807342fc4663adf549f38?s=96&d=mm&r=g","contentUrl":"https:\/\/secure.gravatar.com\/avatar\/df0c9a14567c056f8ad6876ba5bbd1e3e2c48023eb6807342fc4663adf549f38?s=96&d=mm&r=g","caption":"Farn\u00e9sio"},"sameAs":["https:\/\/quersaberpolitica.com.br"],"url":"https:\/\/blogdofarnesio.com.br\/author\/farnesio\/"}]}},"_links":{"self":[{"href":"https:\/\/blogdofarnesio.com.br\/wp-json\/wp\/v2\/posts\/215125","targetHints":{"allow":["GET"]}}],"collection":[{"href":"https:\/\/blogdofarnesio.com.br\/wp-json\/wp\/v2\/posts"}],"about":[{"href":"https:\/\/blogdofarnesio.com.br\/wp-json\/wp\/v2\/types\/post"}],"author":[{"embeddable":true,"href":"https:\/\/blogdofarnesio.com.br\/wp-json\/wp\/v2\/users\/1"}],"replies":[{"embeddable":true,"href":"https:\/\/blogdofarnesio.com.br\/wp-json\/wp\/v2\/comments?post=215125"}],"version-history":[{"count":0,"href":"https:\/\/blogdofarnesio.com.br\/wp-json\/wp\/v2\/posts\/215125\/revisions"}],"wp:featuredmedia":[{"embeddable":true,"href":"https:\/\/blogdofarnesio.com.br\/wp-json\/wp\/v2\/media\/215130"}],"wp:attachment":[{"href":"https:\/\/blogdofarnesio.com.br\/wp-json\/wp\/v2\/media?parent=215125"}],"wp:term":[{"taxonomy":"category","embeddable":true,"href":"https:\/\/blogdofarnesio.com.br\/wp-json\/wp\/v2\/categories?post=215125"},{"taxonomy":"post_tag","embeddable":true,"href":"https:\/\/blogdofarnesio.com.br\/wp-json\/wp\/v2\/tags?post=215125"}],"curies":[{"name":"wp","href":"https:\/\/api.w.org\/{rel}","templated":true}]}}