{"id":214585,"date":"2018-11-15T15:00:56","date_gmt":"2018-11-15T18:00:56","guid":{"rendered":"http:\/\/quersaberpolitica.com.br\/2016\/?p=214585"},"modified":"2018-11-15T07:59:29","modified_gmt":"2018-11-15T10:59:29","slug":"prefeitura-de-petrolina-reabre-inscricoes-para-selecao-simplificada-da-casa-bolsa","status":"publish","type":"post","link":"https:\/\/blogdofarnesio.com.br\/?p=214585","title":{"rendered":"PREFEITURA DE PETROLINA REABRE INSCRI\u00c7\u00d5ES PARA SELE\u00c7\u00c3O SIMPLIFICADA DA CASA BOLSA"},"content":{"rendered":"<p style=\"font-weight: 400; text-align: justify;\">A Prefeitura de Petrolina reabriu o prazo de inscri\u00e7\u00f5es na Sele\u00e7\u00e3o Simplificada para contrata\u00e7\u00e3o tempor\u00e1ria de profissionais que atuar\u00e3o como entrevistador\/digitador do Cadastro \u00danico (Cad\u00danico) e do Programa Bolsa Fam\u00edlia. A partir de agora, os candidatos tamb\u00e9m ter\u00e3o a op\u00e7\u00e3o de se inscrever online, atrav\u00e9s do site da prefeitura:\u00a0<a href=\"http:\/\/petrolina.pe.gov.br\/processo-seletivo-casa-bolsa\/\" data-saferedirecturl=\"https:\/\/www.google.com\/url?q=http:\/\/petrolina.pe.gov.br\/processo-seletivo-casa-bolsa\/&amp;source=gmail&amp;ust=1542363521829000&amp;usg=AFQjCNGtqpTDRs6-wJUn0W9qqBWTRLgBog\">http:\/\/petrolina.pe.gov.br\/processo-seletivo-casa-bolsa\/<\/a>\u00a0entre os dias 19 e 23 de novembro.<\/p>\n<p style=\"font-weight: 400; text-align: justify;\">Ao todo, 20 vagas est\u00e3o dispon\u00edveis para atender \u00e0s demandas da sede e do interior do munic\u00edpio, al\u00e9m de cadastro reserva. A sele\u00e7\u00e3o ser\u00e1 realizada em uma \u00fanica etapa de car\u00e1ter eliminat\u00f3rio e classificat\u00f3rio, mediante an\u00e1lise curricular e experi\u00eancia profissional. A sele\u00e7\u00e3o est\u00e1 sendo coordenada pela Secretaria de Desenvolvimento Social e Direitos Humanos (Sedesdh).<\/p>\n<p style=\"font-weight: 400; text-align: justify;\">Quem optar pela inscri\u00e7\u00e3o presencial, deve se dirigir at\u00e9 a Secretaria de Juventude e Direitos Humanos, localizada no Parque Municipal Josepha Coelho, das 8h \u00e0s 13h. A lista de documentos e demais orienta\u00e7\u00f5es est\u00e3o descritas no edital dispon\u00edvel no Di\u00e1rio Oficial da Prefeitura de Petrolina (edi\u00e7\u00e3o do dia 13\/11 \u2013 link abaixo). No momento da inscri\u00e7\u00e3o, os candidatos dever\u00e3o anexar os documentos solicitados em PDF.<\/p>\n<p style=\"font-weight: 400; text-align: justify;\">O resultado final deve sair em janeiro do pr\u00f3ximo ano. N\u00e3o ser\u00e1 cobrada taxa de inscri\u00e7\u00e3o para participa\u00e7\u00e3o neste Processo Seletivo P\u00fablico Simplificado. Vale ressaltar que o candidato que j\u00e1 efetuou a inscri\u00e7\u00e3o de forma presencial no prazo estabelecido anteriormente n\u00e3o ser\u00e1 prejudicado e n\u00e3o precisar\u00e1 efetuar a inscri\u00e7\u00e3o de forma online.<\/p>\n<p style=\"font-weight: 400; text-align: justify;\"><strong>Link do Di\u00e1rio Oficial do dia 13\/11\/18 \u2013 Errada do Edital 02\/2018<\/strong><\/p>\n<p style=\"font-weight: 400; text-align: justify;\"><a href=\"http:\/\/doem.org.br\/pe\/Petrolina\/diarios\/previsualizar\/w2V3dlNe?filename=DOE-pe_petrolina-ed.2032-ano.8.pdf&amp;_cb=20181113170137\" data-saferedirecturl=\"https:\/\/www.google.com\/url?q=http:\/\/doem.org.br\/pe\/Petrolina\/diarios\/previsualizar\/w2V3dlNe?filename%3DDOE-pe_petrolina-ed.2032-ano.8.pdf%26_cb%3D20181113170137&amp;source=gmail&amp;ust=1542363521829000&amp;usg=AFQjCNFw0img8As__5lEEiS3tcHz2heyGQ\">http:\/\/doem.org.br\/pe\/Petrolina\/diarios\/previsualizar\/w2V3dlNe?filename=DOE-pe_petrolina-ed.2032-ano.8.pdf&amp;_cb=20181113170137<\/a><\/p>\n<p style=\"font-weight: 400; text-align: justify;\"><strong>Link do Di\u00e1rio Oficial do dia 18\/11\/18 \u2013 Edital 02\/2018 completo<\/strong><\/p>\n<p style=\"font-weight: 400; text-align: justify;\"><a href=\"http:\/\/doem.org.br\/pdf.js\/web\/viewer.html?file=http%3A%2F%2Fdoem.org.br%2Fpe%2FPetrolina%2Fdiarios%2Fbaixar%2Fg3aBl3V1%2FDOE-pe_petrolina-ed.2015-ano.8.pdf%3F_cb%3D20181018170003%23page%3D1&amp;__t=1808021600\" data-saferedirecturl=\"https:\/\/www.google.com\/url?q=http:\/\/doem.org.br\/pdf.js\/web\/viewer.html?file%3Dhttp%253A%252F%252Fdoem.org.br%252Fpe%252FPetrolina%252Fdiarios%252Fbaixar%252Fg3aBl3V1%252FDOE-pe_petrolina-ed.2015-ano.8.pdf%253F_cb%253D20181018170003%2523page%253D1%26__t%3D1808021600&amp;source=gmail&amp;ust=1542363521829000&amp;usg=AFQjCNEHqWce9gcZwc7CftKdlmJowEFwnA\">http:\/\/doem.org.br\/pdf.js\/web\/viewer.html?file=http%3A%2F%2Fdoem.org.br%2Fpe%2FPetrolina%2Fdiarios%2Fbaixar%2Fg3aBl3V1%2FDOE-pe_petrolina-ed.2015-ano.8.pdf%3F_cb%3D20181018170003%23page%3D1&amp;__t=1808021600<\/a><\/p>\n<p style=\"font-weight: 400; text-align: justify;\">Foto: Jonas Santos (Arquivo)<\/p>\n","protected":false},"excerpt":{"rendered":"<p>A Prefeitura de Petrolina reabriu o prazo de inscri\u00e7\u00f5es na Sele\u00e7\u00e3o Simplificada para contrata\u00e7\u00e3o tempor\u00e1ria de profissionais que atuar\u00e3o como entrevistador\/digitador do Cadastro \u00danico (Cad\u00danico) e do Programa Bolsa Fam\u00edlia. A partir de agora, os candidatos tamb\u00e9m ter\u00e3o a op\u00e7\u00e3o de se inscrever online, atrav\u00e9s do site da prefeitura:\u00a0http:\/\/petrolina.pe.gov.br\/processo-seletivo-casa-bolsa\/\u00a0entre os dias 19 e 23 de novembro. Ao todo, 20 vagas est\u00e3o dispon\u00edveis para atender \u00e0s demandas da sede e do interior do munic\u00edpio, al\u00e9m de cadastro reserva. A sele\u00e7\u00e3o ser\u00e1 realizada em uma \u00fanica etapa de car\u00e1ter eliminat\u00f3rio e classificat\u00f3rio, mediante an\u00e1lise curricular e experi\u00eancia profissional. A sele\u00e7\u00e3o est\u00e1 sendo coordenada pela Secretaria de Desenvolvimento Social e Direitos Humanos (Sedesdh). Quem optar pela inscri\u00e7\u00e3o presencial, deve se dirigir at\u00e9 a&hellip; <\/p>\n","protected":false},"author":1,"featured_media":0,"comment_status":"closed","ping_status":"closed","sticky":false,"template":"","format":"standard","meta":{"_acf_changed":false,"footnotes":""},"categories":[44],"tags":[],"class_list":["post-214585","post","type-post","status-publish","format-standard","hentry","category-administracao"],"acf":[],"yoast_head":"<!-- This site is optimized with the Yoast SEO plugin v27.4 - https:\/\/yoast.com\/product\/yoast-seo-wordpress\/ -->\n<title>PREFEITURA DE PETROLINA REABRE INSCRI\u00c7\u00d5ES PARA SELE\u00c7\u00c3O SIMPLIFICADA DA CASA BOLSA - Blog do Farn\u00e9sio<\/title>\n<meta name=\"robots\" content=\"index, follow, max-snippet:-1, max-image-preview:large, max-video-preview:-1\" \/>\n<link rel=\"canonical\" href=\"https:\/\/blogdofarnesio.com.br\/?p=214585\" \/>\n<meta property=\"og:locale\" content=\"pt_BR\" \/>\n<meta property=\"og:type\" content=\"article\" \/>\n<meta property=\"og:title\" content=\"PREFEITURA DE PETROLINA REABRE INSCRI\u00c7\u00d5ES PARA SELE\u00c7\u00c3O SIMPLIFICADA DA CASA BOLSA - Blog do Farn\u00e9sio\" \/>\n<meta property=\"og:description\" content=\"A Prefeitura de Petrolina reabriu o prazo de inscri\u00e7\u00f5es na Sele\u00e7\u00e3o Simplificada para contrata\u00e7\u00e3o tempor\u00e1ria de profissionais que atuar\u00e3o como entrevistador\/digitador do Cadastro \u00danico (Cad\u00danico) e do Programa Bolsa Fam\u00edlia. A partir de agora, os candidatos tamb\u00e9m ter\u00e3o a op\u00e7\u00e3o de se inscrever online, atrav\u00e9s do site da prefeitura:\u00a0http:\/\/petrolina.pe.gov.br\/processo-seletivo-casa-bolsa\/\u00a0entre os dias 19 e 23 de novembro. Ao todo, 20 vagas est\u00e3o dispon\u00edveis para atender \u00e0s demandas da sede e do interior do munic\u00edpio, al\u00e9m de cadastro reserva. A sele\u00e7\u00e3o ser\u00e1 realizada em uma \u00fanica etapa de car\u00e1ter eliminat\u00f3rio e classificat\u00f3rio, mediante an\u00e1lise curricular e experi\u00eancia profissional. A sele\u00e7\u00e3o est\u00e1 sendo coordenada pela Secretaria de Desenvolvimento Social e Direitos Humanos (Sedesdh). Quem optar pela inscri\u00e7\u00e3o presencial, deve se dirigir at\u00e9 a&hellip;\" \/>\n<meta property=\"og:url\" content=\"https:\/\/blogdofarnesio.com.br\/?p=214585\" \/>\n<meta property=\"og:site_name\" content=\"Blog do Farn\u00e9sio\" \/>\n<meta property=\"article:publisher\" content=\"https:\/\/www.facebook.com\/BlogQuerSaberPolitica\/\" \/>\n<meta property=\"article:published_time\" content=\"2018-11-15T18:00:56+00:00\" \/>\n<meta name=\"author\" content=\"Farn\u00e9sio\" \/>\n<meta name=\"twitter:card\" content=\"summary_large_image\" \/>\n<meta name=\"twitter:label1\" content=\"Escrito por\" \/>\n\t<meta name=\"twitter:data1\" content=\"Farn\u00e9sio\" \/>\n\t<meta name=\"twitter:label2\" content=\"Est. tempo de leitura\" \/>\n\t<meta name=\"twitter:data2\" content=\"2 minutos\" \/>\n<script type=\"application\/ld+json\" class=\"yoast-schema-graph\">{\"@context\":\"https:\\\/\\\/schema.org\",\"@graph\":[{\"@type\":\"Article\",\"@id\":\"https:\\\/\\\/blogdofarnesio.com.br\\\/?p=214585#article\",\"isPartOf\":{\"@id\":\"https:\\\/\\\/blogdofarnesio.com.br\\\/?p=214585\"},\"author\":{\"name\":\"Farn\u00e9sio\",\"@id\":\"https:\\\/\\\/blogdofarnesio.com.br\\\/#\\\/schema\\\/person\\\/301c4acf522bccbfdb45af95b5b906a1\"},\"headline\":\"PREFEITURA DE PETROLINA REABRE INSCRI\u00c7\u00d5ES PARA SELE\u00c7\u00c3O SIMPLIFICADA DA CASA BOLSA\",\"datePublished\":\"2018-11-15T18:00:56+00:00\",\"mainEntityOfPage\":{\"@id\":\"https:\\\/\\\/blogdofarnesio.com.br\\\/?p=214585\"},\"wordCount\":357,\"publisher\":{\"@id\":\"https:\\\/\\\/blogdofarnesio.com.br\\\/#organization\"},\"articleSection\":[\"Administra\u00e7\u00e3o\"],\"inLanguage\":\"pt-BR\"},{\"@type\":\"WebPage\",\"@id\":\"https:\\\/\\\/blogdofarnesio.com.br\\\/?p=214585\",\"url\":\"https:\\\/\\\/blogdofarnesio.com.br\\\/?p=214585\",\"name\":\"PREFEITURA DE PETROLINA REABRE INSCRI\u00c7\u00d5ES PARA SELE\u00c7\u00c3O SIMPLIFICADA DA CASA BOLSA - Blog do Farn\u00e9sio\",\"isPartOf\":{\"@id\":\"https:\\\/\\\/blogdofarnesio.com.br\\\/#website\"},\"datePublished\":\"2018-11-15T18:00:56+00:00\",\"breadcrumb\":{\"@id\":\"https:\\\/\\\/blogdofarnesio.com.br\\\/?p=214585#breadcrumb\"},\"inLanguage\":\"pt-BR\",\"potentialAction\":[{\"@type\":\"ReadAction\",\"target\":[\"https:\\\/\\\/blogdofarnesio.com.br\\\/?p=214585\"]}]},{\"@type\":\"BreadcrumbList\",\"@id\":\"https:\\\/\\\/blogdofarnesio.com.br\\\/?p=214585#breadcrumb\",\"itemListElement\":[{\"@type\":\"ListItem\",\"position\":1,\"name\":\"In\u00edcio\",\"item\":\"https:\\\/\\\/blogdofarnesio.com.br\\\/\"},{\"@type\":\"ListItem\",\"position\":2,\"name\":\"PREFEITURA DE PETROLINA REABRE INSCRI\u00c7\u00d5ES PARA SELE\u00c7\u00c3O SIMPLIFICADA DA CASA BOLSA\"}]},{\"@type\":\"WebSite\",\"@id\":\"https:\\\/\\\/blogdofarnesio.com.br\\\/#website\",\"url\":\"https:\\\/\\\/blogdofarnesio.com.br\\\/\",\"name\":\"Blog do Farn\u00e9sio\",\"description\":\"Quer Saber Pol\u00edtica?\",\"publisher\":{\"@id\":\"https:\\\/\\\/blogdofarnesio.com.br\\\/#organization\"},\"potentialAction\":[{\"@type\":\"SearchAction\",\"target\":{\"@type\":\"EntryPoint\",\"urlTemplate\":\"https:\\\/\\\/blogdofarnesio.com.br\\\/?s={search_term_string}\"},\"query-input\":{\"@type\":\"PropertyValueSpecification\",\"valueRequired\":true,\"valueName\":\"search_term_string\"}}],\"inLanguage\":\"pt-BR\"},{\"@type\":\"Organization\",\"@id\":\"https:\\\/\\\/blogdofarnesio.com.br\\\/#organization\",\"name\":\"Blog do Farn\u00e9sio\",\"url\":\"https:\\\/\\\/blogdofarnesio.com.br\\\/\",\"logo\":{\"@type\":\"ImageObject\",\"inLanguage\":\"pt-BR\",\"@id\":\"https:\\\/\\\/blogdofarnesio.com.br\\\/#\\\/schema\\\/logo\\\/image\\\/\",\"url\":\"https:\\\/\\\/blogdofarnesio.com.br\\\/wp-content\\\/uploads\\\/2026\\\/03\\\/cropped-logo_new-1.png\",\"contentUrl\":\"https:\\\/\\\/blogdofarnesio.com.br\\\/wp-content\\\/uploads\\\/2026\\\/03\\\/cropped-logo_new-1.png\",\"width\":881,\"height\":685,\"caption\":\"Blog do Farn\u00e9sio\"},\"image\":{\"@id\":\"https:\\\/\\\/blogdofarnesio.com.br\\\/#\\\/schema\\\/logo\\\/image\\\/\"},\"sameAs\":[\"https:\\\/\\\/www.facebook.com\\\/BlogQuerSaberPolitica\\\/\"]},{\"@type\":\"Person\",\"@id\":\"https:\\\/\\\/blogdofarnesio.com.br\\\/#\\\/schema\\\/person\\\/301c4acf522bccbfdb45af95b5b906a1\",\"name\":\"Farn\u00e9sio\",\"image\":{\"@type\":\"ImageObject\",\"inLanguage\":\"pt-BR\",\"@id\":\"https:\\\/\\\/secure.gravatar.com\\\/avatar\\\/df0c9a14567c056f8ad6876ba5bbd1e3e2c48023eb6807342fc4663adf549f38?s=96&d=mm&r=g\",\"url\":\"https:\\\/\\\/secure.gravatar.com\\\/avatar\\\/df0c9a14567c056f8ad6876ba5bbd1e3e2c48023eb6807342fc4663adf549f38?s=96&d=mm&r=g\",\"contentUrl\":\"https:\\\/\\\/secure.gravatar.com\\\/avatar\\\/df0c9a14567c056f8ad6876ba5bbd1e3e2c48023eb6807342fc4663adf549f38?s=96&d=mm&r=g\",\"caption\":\"Farn\u00e9sio\"},\"sameAs\":[\"https:\\\/\\\/quersaberpolitica.com.br\"],\"url\":\"https:\\\/\\\/blogdofarnesio.com.br\\\/?author=1\"}]}<\/script>\n<!-- \/ Yoast SEO plugin. -->","yoast_head_json":{"title":"PREFEITURA DE PETROLINA REABRE INSCRI\u00c7\u00d5ES PARA SELE\u00c7\u00c3O SIMPLIFICADA DA CASA BOLSA - Blog do Farn\u00e9sio","robots":{"index":"index","follow":"follow","max-snippet":"max-snippet:-1","max-image-preview":"max-image-preview:large","max-video-preview":"max-video-preview:-1"},"canonical":"https:\/\/blogdofarnesio.com.br\/?p=214585","og_locale":"pt_BR","og_type":"article","og_title":"PREFEITURA DE PETROLINA REABRE INSCRI\u00c7\u00d5ES PARA SELE\u00c7\u00c3O SIMPLIFICADA DA CASA BOLSA - Blog do Farn\u00e9sio","og_description":"A Prefeitura de Petrolina reabriu o prazo de inscri\u00e7\u00f5es na Sele\u00e7\u00e3o Simplificada para contrata\u00e7\u00e3o tempor\u00e1ria de profissionais que atuar\u00e3o como entrevistador\/digitador do Cadastro \u00danico (Cad\u00danico) e do Programa Bolsa Fam\u00edlia. A partir de agora, os candidatos tamb\u00e9m ter\u00e3o a op\u00e7\u00e3o de se inscrever online, atrav\u00e9s do site da prefeitura:\u00a0http:\/\/petrolina.pe.gov.br\/processo-seletivo-casa-bolsa\/\u00a0entre os dias 19 e 23 de novembro. Ao todo, 20 vagas est\u00e3o dispon\u00edveis para atender \u00e0s demandas da sede e do interior do munic\u00edpio, al\u00e9m de cadastro reserva. A sele\u00e7\u00e3o ser\u00e1 realizada em uma \u00fanica etapa de car\u00e1ter eliminat\u00f3rio e classificat\u00f3rio, mediante an\u00e1lise curricular e experi\u00eancia profissional. A sele\u00e7\u00e3o est\u00e1 sendo coordenada pela Secretaria de Desenvolvimento Social e Direitos Humanos (Sedesdh). Quem optar pela inscri\u00e7\u00e3o presencial, deve se dirigir at\u00e9 a&hellip;","og_url":"https:\/\/blogdofarnesio.com.br\/?p=214585","og_site_name":"Blog do Farn\u00e9sio","article_publisher":"https:\/\/www.facebook.com\/BlogQuerSaberPolitica\/","article_published_time":"2018-11-15T18:00:56+00:00","author":"Farn\u00e9sio","twitter_card":"summary_large_image","twitter_misc":{"Escrito por":"Farn\u00e9sio","Est. tempo de leitura":"2 minutos"},"schema":{"@context":"https:\/\/schema.org","@graph":[{"@type":"Article","@id":"https:\/\/blogdofarnesio.com.br\/?p=214585#article","isPartOf":{"@id":"https:\/\/blogdofarnesio.com.br\/?p=214585"},"author":{"name":"Farn\u00e9sio","@id":"https:\/\/blogdofarnesio.com.br\/#\/schema\/person\/301c4acf522bccbfdb45af95b5b906a1"},"headline":"PREFEITURA DE PETROLINA REABRE INSCRI\u00c7\u00d5ES PARA SELE\u00c7\u00c3O SIMPLIFICADA DA CASA BOLSA","datePublished":"2018-11-15T18:00:56+00:00","mainEntityOfPage":{"@id":"https:\/\/blogdofarnesio.com.br\/?p=214585"},"wordCount":357,"publisher":{"@id":"https:\/\/blogdofarnesio.com.br\/#organization"},"articleSection":["Administra\u00e7\u00e3o"],"inLanguage":"pt-BR"},{"@type":"WebPage","@id":"https:\/\/blogdofarnesio.com.br\/?p=214585","url":"https:\/\/blogdofarnesio.com.br\/?p=214585","name":"PREFEITURA DE PETROLINA REABRE INSCRI\u00c7\u00d5ES PARA SELE\u00c7\u00c3O SIMPLIFICADA DA CASA BOLSA - Blog do Farn\u00e9sio","isPartOf":{"@id":"https:\/\/blogdofarnesio.com.br\/#website"},"datePublished":"2018-11-15T18:00:56+00:00","breadcrumb":{"@id":"https:\/\/blogdofarnesio.com.br\/?p=214585#breadcrumb"},"inLanguage":"pt-BR","potentialAction":[{"@type":"ReadAction","target":["https:\/\/blogdofarnesio.com.br\/?p=214585"]}]},{"@type":"BreadcrumbList","@id":"https:\/\/blogdofarnesio.com.br\/?p=214585#breadcrumb","itemListElement":[{"@type":"ListItem","position":1,"name":"In\u00edcio","item":"https:\/\/blogdofarnesio.com.br\/"},{"@type":"ListItem","position":2,"name":"PREFEITURA DE PETROLINA REABRE INSCRI\u00c7\u00d5ES PARA SELE\u00c7\u00c3O SIMPLIFICADA DA CASA BOLSA"}]},{"@type":"WebSite","@id":"https:\/\/blogdofarnesio.com.br\/#website","url":"https:\/\/blogdofarnesio.com.br\/","name":"Blog do Farn\u00e9sio","description":"Quer Saber Pol\u00edtica?","publisher":{"@id":"https:\/\/blogdofarnesio.com.br\/#organization"},"potentialAction":[{"@type":"SearchAction","target":{"@type":"EntryPoint","urlTemplate":"https:\/\/blogdofarnesio.com.br\/?s={search_term_string}"},"query-input":{"@type":"PropertyValueSpecification","valueRequired":true,"valueName":"search_term_string"}}],"inLanguage":"pt-BR"},{"@type":"Organization","@id":"https:\/\/blogdofarnesio.com.br\/#organization","name":"Blog do Farn\u00e9sio","url":"https:\/\/blogdofarnesio.com.br\/","logo":{"@type":"ImageObject","inLanguage":"pt-BR","@id":"https:\/\/blogdofarnesio.com.br\/#\/schema\/logo\/image\/","url":"https:\/\/blogdofarnesio.com.br\/wp-content\/uploads\/2026\/03\/cropped-logo_new-1.png","contentUrl":"https:\/\/blogdofarnesio.com.br\/wp-content\/uploads\/2026\/03\/cropped-logo_new-1.png","width":881,"height":685,"caption":"Blog do Farn\u00e9sio"},"image":{"@id":"https:\/\/blogdofarnesio.com.br\/#\/schema\/logo\/image\/"},"sameAs":["https:\/\/www.facebook.com\/BlogQuerSaberPolitica\/"]},{"@type":"Person","@id":"https:\/\/blogdofarnesio.com.br\/#\/schema\/person\/301c4acf522bccbfdb45af95b5b906a1","name":"Farn\u00e9sio","image":{"@type":"ImageObject","inLanguage":"pt-BR","@id":"https:\/\/secure.gravatar.com\/avatar\/df0c9a14567c056f8ad6876ba5bbd1e3e2c48023eb6807342fc4663adf549f38?s=96&d=mm&r=g","url":"https:\/\/secure.gravatar.com\/avatar\/df0c9a14567c056f8ad6876ba5bbd1e3e2c48023eb6807342fc4663adf549f38?s=96&d=mm&r=g","contentUrl":"https:\/\/secure.gravatar.com\/avatar\/df0c9a14567c056f8ad6876ba5bbd1e3e2c48023eb6807342fc4663adf549f38?s=96&d=mm&r=g","caption":"Farn\u00e9sio"},"sameAs":["https:\/\/quersaberpolitica.com.br"],"url":"https:\/\/blogdofarnesio.com.br\/?author=1"}]}},"_links":{"self":[{"href":"https:\/\/blogdofarnesio.com.br\/index.php?rest_route=\/wp\/v2\/posts\/214585","targetHints":{"allow":["GET"]}}],"collection":[{"href":"https:\/\/blogdofarnesio.com.br\/index.php?rest_route=\/wp\/v2\/posts"}],"about":[{"href":"https:\/\/blogdofarnesio.com.br\/index.php?rest_route=\/wp\/v2\/types\/post"}],"author":[{"embeddable":true,"href":"https:\/\/blogdofarnesio.com.br\/index.php?rest_route=\/wp\/v2\/users\/1"}],"replies":[{"embeddable":true,"href":"https:\/\/blogdofarnesio.com.br\/index.php?rest_route=%2Fwp%2Fv2%2Fcomments&post=214585"}],"version-history":[{"count":0,"href":"https:\/\/blogdofarnesio.com.br\/index.php?rest_route=\/wp\/v2\/posts\/214585\/revisions"}],"wp:attachment":[{"href":"https:\/\/blogdofarnesio.com.br\/index.php?rest_route=%2Fwp%2Fv2%2Fmedia&parent=214585"}],"wp:term":[{"taxonomy":"category","embeddable":true,"href":"https:\/\/blogdofarnesio.com.br\/index.php?rest_route=%2Fwp%2Fv2%2Fcategories&post=214585"},{"taxonomy":"post_tag","embeddable":true,"href":"https:\/\/blogdofarnesio.com.br\/index.php?rest_route=%2Fwp%2Fv2%2Ftags&post=214585"}],"curies":[{"name":"wp","href":"https:\/\/api.w.org\/{rel}","templated":true}]}}