{"id":214503,"date":"2018-11-14T14:20:38","date_gmt":"2018-11-14T17:20:38","guid":{"rendered":"http:\/\/quersaberpolitica.com.br\/2016\/?p=214503"},"modified":"2018-11-14T11:02:04","modified_gmt":"2018-11-14T14:02:04","slug":"caravana-da-saude-desta-quarta-feira-14-atendera-moradores-do-bairro-jardim-vitoria","status":"publish","type":"post","link":"https:\/\/blogdofarnesio.com.br\/?p=214503","title":{"rendered":"CARAVANA DA SA\u00daDE DESTA QUARTA-FEIRA (14) ATENDER\u00c1 MORADORES DO BAIRRO JARDIM VIT\u00d3RIA"},"content":{"rendered":"<p style=\"text-align: justify;\">\n<p style=\"text-align: justify;\">D\u00e9bora Sousa\/SESAU<\/p>\n<p style=\"text-align: justify;\">A\u00a0Caravana\u00a0da\u00a0Sa\u00fade\u00a0j\u00e1 est\u00e1 em sua 143\u00aa edi\u00e7\u00e3o e nesta quarta-feira (14) as equipes realizam atendimentos com profissionais especializados em diversas \u00e1reas da\u00a0sa\u00fade, no bairro Jardim Vit\u00f3ria. O programa de governo, implantado em Juazeiro em 2016 tem como finalidade diminuir as demandas reprimidas dos servi\u00e7os oferecidos nas Unidades B\u00e1sicas de\u00a0Sa\u00fade\u00a0do munic\u00edpio.<\/p>\n<p style=\"text-align: justify;\">Os moradores da comunidade receber\u00e3o atendimentos especializados com cardiologista, endocrinologista, ortopedista, ginecologista, odontologista e cl\u00ednico geral, al\u00e9m de realiza\u00e7\u00e3o de exames laboratoriais e eletrocardiograma. Durante o servi\u00e7o oferecido pela\u00a0Caravana\u00a0da\u00a0Sa\u00fade\u00a0os usu\u00e1rios, atrav\u00e9s do Esta\u00e7\u00e3o Cidadania e do trabalho desenvolvido pela equipe da Secretaria de Desenvolvimento Social, Mulher e Diversidade (SEDES), tamb\u00e9m poder\u00e3o atualizar o cadastro do Bolsa Fam\u00edlia, na Unidade B\u00e1sica de\u00a0Sa\u00fade\u00a0do bairro.<\/p>\n","protected":false},"excerpt":{"rendered":"<p>D\u00e9bora Sousa\/SESAU A\u00a0Caravana\u00a0da\u00a0Sa\u00fade\u00a0j\u00e1 est\u00e1 em sua 143\u00aa edi\u00e7\u00e3o e nesta quarta-feira (14) as equipes realizam atendimentos com profissionais especializados em diversas \u00e1reas da\u00a0sa\u00fade, no bairro Jardim Vit\u00f3ria. O programa de governo, implantado em Juazeiro em 2016 tem como finalidade diminuir as demandas reprimidas dos servi\u00e7os oferecidos nas Unidades B\u00e1sicas de\u00a0Sa\u00fade\u00a0do munic\u00edpio. Os moradores da comunidade receber\u00e3o atendimentos especializados com cardiologista, endocrinologista, ortopedista, ginecologista, odontologista e cl\u00ednico geral, al\u00e9m de realiza\u00e7\u00e3o de exames laboratoriais e eletrocardiograma. Durante o servi\u00e7o oferecido pela\u00a0Caravana\u00a0da\u00a0Sa\u00fade\u00a0os usu\u00e1rios, atrav\u00e9s do Esta\u00e7\u00e3o Cidadania e do trabalho desenvolvido pela equipe da Secretaria de Desenvolvimento Social, Mulher e Diversidade (SEDES), tamb\u00e9m poder\u00e3o atualizar o cadastro do Bolsa Fam\u00edlia, na Unidade B\u00e1sica de\u00a0Sa\u00fade\u00a0do bairro.<\/p>\n","protected":false},"author":1,"featured_media":192922,"comment_status":"closed","ping_status":"closed","sticky":false,"template":"","format":"standard","meta":{"_acf_changed":false,"footnotes":""},"categories":[44],"tags":[],"class_list":["post-214503","post","type-post","status-publish","format-standard","has-post-thumbnail","hentry","category-administracao"],"acf":[],"yoast_head":"<!-- This site is optimized with the Yoast SEO plugin v27.4 - https:\/\/yoast.com\/product\/yoast-seo-wordpress\/ -->\n<title>CARAVANA DA SA\u00daDE DESTA QUARTA-FEIRA (14) ATENDER\u00c1 MORADORES DO BAIRRO JARDIM VIT\u00d3RIA - Blog do Farn\u00e9sio<\/title>\n<meta name=\"robots\" content=\"index, follow, max-snippet:-1, max-image-preview:large, max-video-preview:-1\" \/>\n<link rel=\"canonical\" href=\"https:\/\/blogdofarnesio.com.br\/?p=214503\" \/>\n<meta property=\"og:locale\" content=\"pt_BR\" \/>\n<meta property=\"og:type\" content=\"article\" \/>\n<meta property=\"og:title\" content=\"CARAVANA DA SA\u00daDE DESTA QUARTA-FEIRA (14) ATENDER\u00c1 MORADORES DO BAIRRO JARDIM VIT\u00d3RIA - Blog do Farn\u00e9sio\" \/>\n<meta property=\"og:description\" content=\"D\u00e9bora Sousa\/SESAU A\u00a0Caravana\u00a0da\u00a0Sa\u00fade\u00a0j\u00e1 est\u00e1 em sua 143\u00aa edi\u00e7\u00e3o e nesta quarta-feira (14) as equipes realizam atendimentos com profissionais especializados em diversas \u00e1reas da\u00a0sa\u00fade, no bairro Jardim Vit\u00f3ria. O programa de governo, implantado em Juazeiro em 2016 tem como finalidade diminuir as demandas reprimidas dos servi\u00e7os oferecidos nas Unidades B\u00e1sicas de\u00a0Sa\u00fade\u00a0do munic\u00edpio. Os moradores da comunidade receber\u00e3o atendimentos especializados com cardiologista, endocrinologista, ortopedista, ginecologista, odontologista e cl\u00ednico geral, al\u00e9m de realiza\u00e7\u00e3o de exames laboratoriais e eletrocardiograma. Durante o servi\u00e7o oferecido pela\u00a0Caravana\u00a0da\u00a0Sa\u00fade\u00a0os usu\u00e1rios, atrav\u00e9s do Esta\u00e7\u00e3o Cidadania e do trabalho desenvolvido pela equipe da Secretaria de Desenvolvimento Social, Mulher e Diversidade (SEDES), tamb\u00e9m poder\u00e3o atualizar o cadastro do Bolsa Fam\u00edlia, na Unidade B\u00e1sica de\u00a0Sa\u00fade\u00a0do bairro.\" \/>\n<meta property=\"og:url\" content=\"https:\/\/blogdofarnesio.com.br\/?p=214503\" \/>\n<meta property=\"og:site_name\" content=\"Blog do Farn\u00e9sio\" \/>\n<meta property=\"article:publisher\" content=\"https:\/\/www.facebook.com\/BlogQuerSaberPolitica\/\" \/>\n<meta property=\"article:published_time\" content=\"2018-11-14T17:20:38+00:00\" \/>\n<meta property=\"og:image\" content=\"https:\/\/blogdofarnesio.com.br\/wp-content\/uploads\/2018\/03\/blogqsp-Caravana-Sa\u00fade-Centro-3.jpg\" \/>\n\t<meta property=\"og:image:width\" content=\"640\" \/>\n\t<meta property=\"og:image:height\" content=\"427\" \/>\n\t<meta property=\"og:image:type\" content=\"image\/jpeg\" \/>\n<meta name=\"author\" content=\"Farn\u00e9sio\" \/>\n<meta name=\"twitter:card\" content=\"summary_large_image\" \/>\n<meta name=\"twitter:label1\" content=\"Escrito por\" \/>\n\t<meta name=\"twitter:data1\" content=\"Farn\u00e9sio\" \/>\n\t<meta name=\"twitter:label2\" content=\"Est. tempo de leitura\" \/>\n\t<meta name=\"twitter:data2\" content=\"1 minuto\" \/>\n<script type=\"application\/ld+json\" class=\"yoast-schema-graph\">{\"@context\":\"https:\\\/\\\/schema.org\",\"@graph\":[{\"@type\":\"Article\",\"@id\":\"https:\\\/\\\/blogdofarnesio.com.br\\\/?p=214503#article\",\"isPartOf\":{\"@id\":\"https:\\\/\\\/blogdofarnesio.com.br\\\/?p=214503\"},\"author\":{\"name\":\"Farn\u00e9sio\",\"@id\":\"https:\\\/\\\/blogdofarnesio.com.br\\\/#\\\/schema\\\/person\\\/301c4acf522bccbfdb45af95b5b906a1\"},\"headline\":\"CARAVANA DA SA\u00daDE DESTA QUARTA-FEIRA (14) ATENDER\u00c1 MORADORES DO BAIRRO JARDIM VIT\u00d3RIA\",\"datePublished\":\"2018-11-14T17:20:38+00:00\",\"mainEntityOfPage\":{\"@id\":\"https:\\\/\\\/blogdofarnesio.com.br\\\/?p=214503\"},\"wordCount\":160,\"publisher\":{\"@id\":\"https:\\\/\\\/blogdofarnesio.com.br\\\/#organization\"},\"image\":{\"@id\":\"https:\\\/\\\/blogdofarnesio.com.br\\\/?p=214503#primaryimage\"},\"thumbnailUrl\":\"https:\\\/\\\/blogdofarnesio.com.br\\\/wp-content\\\/uploads\\\/2018\\\/03\\\/blogqsp-Caravana-Sa\u00fade-Centro-3.jpg\",\"articleSection\":[\"Administra\u00e7\u00e3o\"],\"inLanguage\":\"pt-BR\"},{\"@type\":\"WebPage\",\"@id\":\"https:\\\/\\\/blogdofarnesio.com.br\\\/?p=214503\",\"url\":\"https:\\\/\\\/blogdofarnesio.com.br\\\/?p=214503\",\"name\":\"CARAVANA DA SA\u00daDE DESTA QUARTA-FEIRA (14) ATENDER\u00c1 MORADORES DO BAIRRO JARDIM VIT\u00d3RIA - Blog do Farn\u00e9sio\",\"isPartOf\":{\"@id\":\"https:\\\/\\\/blogdofarnesio.com.br\\\/#website\"},\"primaryImageOfPage\":{\"@id\":\"https:\\\/\\\/blogdofarnesio.com.br\\\/?p=214503#primaryimage\"},\"image\":{\"@id\":\"https:\\\/\\\/blogdofarnesio.com.br\\\/?p=214503#primaryimage\"},\"thumbnailUrl\":\"https:\\\/\\\/blogdofarnesio.com.br\\\/wp-content\\\/uploads\\\/2018\\\/03\\\/blogqsp-Caravana-Sa\u00fade-Centro-3.jpg\",\"datePublished\":\"2018-11-14T17:20:38+00:00\",\"breadcrumb\":{\"@id\":\"https:\\\/\\\/blogdofarnesio.com.br\\\/?p=214503#breadcrumb\"},\"inLanguage\":\"pt-BR\",\"potentialAction\":[{\"@type\":\"ReadAction\",\"target\":[\"https:\\\/\\\/blogdofarnesio.com.br\\\/?p=214503\"]}]},{\"@type\":\"ImageObject\",\"inLanguage\":\"pt-BR\",\"@id\":\"https:\\\/\\\/blogdofarnesio.com.br\\\/?p=214503#primaryimage\",\"url\":\"https:\\\/\\\/blogdofarnesio.com.br\\\/wp-content\\\/uploads\\\/2018\\\/03\\\/blogqsp-Caravana-Sa\u00fade-Centro-3.jpg\",\"contentUrl\":\"https:\\\/\\\/blogdofarnesio.com.br\\\/wp-content\\\/uploads\\\/2018\\\/03\\\/blogqsp-Caravana-Sa\u00fade-Centro-3.jpg\",\"width\":640,\"height\":427},{\"@type\":\"BreadcrumbList\",\"@id\":\"https:\\\/\\\/blogdofarnesio.com.br\\\/?p=214503#breadcrumb\",\"itemListElement\":[{\"@type\":\"ListItem\",\"position\":1,\"name\":\"In\u00edcio\",\"item\":\"https:\\\/\\\/blogdofarnesio.com.br\\\/\"},{\"@type\":\"ListItem\",\"position\":2,\"name\":\"CARAVANA DA SA\u00daDE DESTA QUARTA-FEIRA (14) ATENDER\u00c1 MORADORES DO BAIRRO JARDIM VIT\u00d3RIA\"}]},{\"@type\":\"WebSite\",\"@id\":\"https:\\\/\\\/blogdofarnesio.com.br\\\/#website\",\"url\":\"https:\\\/\\\/blogdofarnesio.com.br\\\/\",\"name\":\"Blog do Farn\u00e9sio\",\"description\":\"Quer Saber Pol\u00edtica?\",\"publisher\":{\"@id\":\"https:\\\/\\\/blogdofarnesio.com.br\\\/#organization\"},\"potentialAction\":[{\"@type\":\"SearchAction\",\"target\":{\"@type\":\"EntryPoint\",\"urlTemplate\":\"https:\\\/\\\/blogdofarnesio.com.br\\\/?s={search_term_string}\"},\"query-input\":{\"@type\":\"PropertyValueSpecification\",\"valueRequired\":true,\"valueName\":\"search_term_string\"}}],\"inLanguage\":\"pt-BR\"},{\"@type\":\"Organization\",\"@id\":\"https:\\\/\\\/blogdofarnesio.com.br\\\/#organization\",\"name\":\"Blog do Farn\u00e9sio\",\"url\":\"https:\\\/\\\/blogdofarnesio.com.br\\\/\",\"logo\":{\"@type\":\"ImageObject\",\"inLanguage\":\"pt-BR\",\"@id\":\"https:\\\/\\\/blogdofarnesio.com.br\\\/#\\\/schema\\\/logo\\\/image\\\/\",\"url\":\"https:\\\/\\\/blogdofarnesio.com.br\\\/wp-content\\\/uploads\\\/2026\\\/03\\\/cropped-logo_new-1.png\",\"contentUrl\":\"https:\\\/\\\/blogdofarnesio.com.br\\\/wp-content\\\/uploads\\\/2026\\\/03\\\/cropped-logo_new-1.png\",\"width\":881,\"height\":685,\"caption\":\"Blog do Farn\u00e9sio\"},\"image\":{\"@id\":\"https:\\\/\\\/blogdofarnesio.com.br\\\/#\\\/schema\\\/logo\\\/image\\\/\"},\"sameAs\":[\"https:\\\/\\\/www.facebook.com\\\/BlogQuerSaberPolitica\\\/\"]},{\"@type\":\"Person\",\"@id\":\"https:\\\/\\\/blogdofarnesio.com.br\\\/#\\\/schema\\\/person\\\/301c4acf522bccbfdb45af95b5b906a1\",\"name\":\"Farn\u00e9sio\",\"image\":{\"@type\":\"ImageObject\",\"inLanguage\":\"pt-BR\",\"@id\":\"https:\\\/\\\/secure.gravatar.com\\\/avatar\\\/df0c9a14567c056f8ad6876ba5bbd1e3e2c48023eb6807342fc4663adf549f38?s=96&d=mm&r=g\",\"url\":\"https:\\\/\\\/secure.gravatar.com\\\/avatar\\\/df0c9a14567c056f8ad6876ba5bbd1e3e2c48023eb6807342fc4663adf549f38?s=96&d=mm&r=g\",\"contentUrl\":\"https:\\\/\\\/secure.gravatar.com\\\/avatar\\\/df0c9a14567c056f8ad6876ba5bbd1e3e2c48023eb6807342fc4663adf549f38?s=96&d=mm&r=g\",\"caption\":\"Farn\u00e9sio\"},\"sameAs\":[\"https:\\\/\\\/quersaberpolitica.com.br\"],\"url\":\"https:\\\/\\\/blogdofarnesio.com.br\\\/?author=1\"}]}<\/script>\n<!-- \/ Yoast SEO plugin. -->","yoast_head_json":{"title":"CARAVANA DA SA\u00daDE DESTA QUARTA-FEIRA (14) ATENDER\u00c1 MORADORES DO BAIRRO JARDIM VIT\u00d3RIA - Blog do Farn\u00e9sio","robots":{"index":"index","follow":"follow","max-snippet":"max-snippet:-1","max-image-preview":"max-image-preview:large","max-video-preview":"max-video-preview:-1"},"canonical":"https:\/\/blogdofarnesio.com.br\/?p=214503","og_locale":"pt_BR","og_type":"article","og_title":"CARAVANA DA SA\u00daDE DESTA QUARTA-FEIRA (14) ATENDER\u00c1 MORADORES DO BAIRRO JARDIM VIT\u00d3RIA - Blog do Farn\u00e9sio","og_description":"D\u00e9bora Sousa\/SESAU A\u00a0Caravana\u00a0da\u00a0Sa\u00fade\u00a0j\u00e1 est\u00e1 em sua 143\u00aa edi\u00e7\u00e3o e nesta quarta-feira (14) as equipes realizam atendimentos com profissionais especializados em diversas \u00e1reas da\u00a0sa\u00fade, no bairro Jardim Vit\u00f3ria. O programa de governo, implantado em Juazeiro em 2016 tem como finalidade diminuir as demandas reprimidas dos servi\u00e7os oferecidos nas Unidades B\u00e1sicas de\u00a0Sa\u00fade\u00a0do munic\u00edpio. Os moradores da comunidade receber\u00e3o atendimentos especializados com cardiologista, endocrinologista, ortopedista, ginecologista, odontologista e cl\u00ednico geral, al\u00e9m de realiza\u00e7\u00e3o de exames laboratoriais e eletrocardiograma. Durante o servi\u00e7o oferecido pela\u00a0Caravana\u00a0da\u00a0Sa\u00fade\u00a0os usu\u00e1rios, atrav\u00e9s do Esta\u00e7\u00e3o Cidadania e do trabalho desenvolvido pela equipe da Secretaria de Desenvolvimento Social, Mulher e Diversidade (SEDES), tamb\u00e9m poder\u00e3o atualizar o cadastro do Bolsa Fam\u00edlia, na Unidade B\u00e1sica de\u00a0Sa\u00fade\u00a0do bairro.","og_url":"https:\/\/blogdofarnesio.com.br\/?p=214503","og_site_name":"Blog do Farn\u00e9sio","article_publisher":"https:\/\/www.facebook.com\/BlogQuerSaberPolitica\/","article_published_time":"2018-11-14T17:20:38+00:00","og_image":[{"width":640,"height":427,"url":"https:\/\/blogdofarnesio.com.br\/wp-content\/uploads\/2018\/03\/blogqsp-Caravana-Sa\u00fade-Centro-3.jpg","type":"image\/jpeg"}],"author":"Farn\u00e9sio","twitter_card":"summary_large_image","twitter_misc":{"Escrito por":"Farn\u00e9sio","Est. tempo de leitura":"1 minuto"},"schema":{"@context":"https:\/\/schema.org","@graph":[{"@type":"Article","@id":"https:\/\/blogdofarnesio.com.br\/?p=214503#article","isPartOf":{"@id":"https:\/\/blogdofarnesio.com.br\/?p=214503"},"author":{"name":"Farn\u00e9sio","@id":"https:\/\/blogdofarnesio.com.br\/#\/schema\/person\/301c4acf522bccbfdb45af95b5b906a1"},"headline":"CARAVANA DA SA\u00daDE DESTA QUARTA-FEIRA (14) ATENDER\u00c1 MORADORES DO BAIRRO JARDIM VIT\u00d3RIA","datePublished":"2018-11-14T17:20:38+00:00","mainEntityOfPage":{"@id":"https:\/\/blogdofarnesio.com.br\/?p=214503"},"wordCount":160,"publisher":{"@id":"https:\/\/blogdofarnesio.com.br\/#organization"},"image":{"@id":"https:\/\/blogdofarnesio.com.br\/?p=214503#primaryimage"},"thumbnailUrl":"https:\/\/blogdofarnesio.com.br\/wp-content\/uploads\/2018\/03\/blogqsp-Caravana-Sa\u00fade-Centro-3.jpg","articleSection":["Administra\u00e7\u00e3o"],"inLanguage":"pt-BR"},{"@type":"WebPage","@id":"https:\/\/blogdofarnesio.com.br\/?p=214503","url":"https:\/\/blogdofarnesio.com.br\/?p=214503","name":"CARAVANA DA SA\u00daDE DESTA QUARTA-FEIRA (14) ATENDER\u00c1 MORADORES DO BAIRRO JARDIM VIT\u00d3RIA - Blog do Farn\u00e9sio","isPartOf":{"@id":"https:\/\/blogdofarnesio.com.br\/#website"},"primaryImageOfPage":{"@id":"https:\/\/blogdofarnesio.com.br\/?p=214503#primaryimage"},"image":{"@id":"https:\/\/blogdofarnesio.com.br\/?p=214503#primaryimage"},"thumbnailUrl":"https:\/\/blogdofarnesio.com.br\/wp-content\/uploads\/2018\/03\/blogqsp-Caravana-Sa\u00fade-Centro-3.jpg","datePublished":"2018-11-14T17:20:38+00:00","breadcrumb":{"@id":"https:\/\/blogdofarnesio.com.br\/?p=214503#breadcrumb"},"inLanguage":"pt-BR","potentialAction":[{"@type":"ReadAction","target":["https:\/\/blogdofarnesio.com.br\/?p=214503"]}]},{"@type":"ImageObject","inLanguage":"pt-BR","@id":"https:\/\/blogdofarnesio.com.br\/?p=214503#primaryimage","url":"https:\/\/blogdofarnesio.com.br\/wp-content\/uploads\/2018\/03\/blogqsp-Caravana-Sa\u00fade-Centro-3.jpg","contentUrl":"https:\/\/blogdofarnesio.com.br\/wp-content\/uploads\/2018\/03\/blogqsp-Caravana-Sa\u00fade-Centro-3.jpg","width":640,"height":427},{"@type":"BreadcrumbList","@id":"https:\/\/blogdofarnesio.com.br\/?p=214503#breadcrumb","itemListElement":[{"@type":"ListItem","position":1,"name":"In\u00edcio","item":"https:\/\/blogdofarnesio.com.br\/"},{"@type":"ListItem","position":2,"name":"CARAVANA DA SA\u00daDE DESTA QUARTA-FEIRA (14) ATENDER\u00c1 MORADORES DO BAIRRO JARDIM VIT\u00d3RIA"}]},{"@type":"WebSite","@id":"https:\/\/blogdofarnesio.com.br\/#website","url":"https:\/\/blogdofarnesio.com.br\/","name":"Blog do Farn\u00e9sio","description":"Quer Saber Pol\u00edtica?","publisher":{"@id":"https:\/\/blogdofarnesio.com.br\/#organization"},"potentialAction":[{"@type":"SearchAction","target":{"@type":"EntryPoint","urlTemplate":"https:\/\/blogdofarnesio.com.br\/?s={search_term_string}"},"query-input":{"@type":"PropertyValueSpecification","valueRequired":true,"valueName":"search_term_string"}}],"inLanguage":"pt-BR"},{"@type":"Organization","@id":"https:\/\/blogdofarnesio.com.br\/#organization","name":"Blog do Farn\u00e9sio","url":"https:\/\/blogdofarnesio.com.br\/","logo":{"@type":"ImageObject","inLanguage":"pt-BR","@id":"https:\/\/blogdofarnesio.com.br\/#\/schema\/logo\/image\/","url":"https:\/\/blogdofarnesio.com.br\/wp-content\/uploads\/2026\/03\/cropped-logo_new-1.png","contentUrl":"https:\/\/blogdofarnesio.com.br\/wp-content\/uploads\/2026\/03\/cropped-logo_new-1.png","width":881,"height":685,"caption":"Blog do Farn\u00e9sio"},"image":{"@id":"https:\/\/blogdofarnesio.com.br\/#\/schema\/logo\/image\/"},"sameAs":["https:\/\/www.facebook.com\/BlogQuerSaberPolitica\/"]},{"@type":"Person","@id":"https:\/\/blogdofarnesio.com.br\/#\/schema\/person\/301c4acf522bccbfdb45af95b5b906a1","name":"Farn\u00e9sio","image":{"@type":"ImageObject","inLanguage":"pt-BR","@id":"https:\/\/secure.gravatar.com\/avatar\/df0c9a14567c056f8ad6876ba5bbd1e3e2c48023eb6807342fc4663adf549f38?s=96&d=mm&r=g","url":"https:\/\/secure.gravatar.com\/avatar\/df0c9a14567c056f8ad6876ba5bbd1e3e2c48023eb6807342fc4663adf549f38?s=96&d=mm&r=g","contentUrl":"https:\/\/secure.gravatar.com\/avatar\/df0c9a14567c056f8ad6876ba5bbd1e3e2c48023eb6807342fc4663adf549f38?s=96&d=mm&r=g","caption":"Farn\u00e9sio"},"sameAs":["https:\/\/quersaberpolitica.com.br"],"url":"https:\/\/blogdofarnesio.com.br\/?author=1"}]}},"_links":{"self":[{"href":"https:\/\/blogdofarnesio.com.br\/index.php?rest_route=\/wp\/v2\/posts\/214503","targetHints":{"allow":["GET"]}}],"collection":[{"href":"https:\/\/blogdofarnesio.com.br\/index.php?rest_route=\/wp\/v2\/posts"}],"about":[{"href":"https:\/\/blogdofarnesio.com.br\/index.php?rest_route=\/wp\/v2\/types\/post"}],"author":[{"embeddable":true,"href":"https:\/\/blogdofarnesio.com.br\/index.php?rest_route=\/wp\/v2\/users\/1"}],"replies":[{"embeddable":true,"href":"https:\/\/blogdofarnesio.com.br\/index.php?rest_route=%2Fwp%2Fv2%2Fcomments&post=214503"}],"version-history":[{"count":0,"href":"https:\/\/blogdofarnesio.com.br\/index.php?rest_route=\/wp\/v2\/posts\/214503\/revisions"}],"wp:featuredmedia":[{"embeddable":true,"href":"https:\/\/blogdofarnesio.com.br\/index.php?rest_route=\/wp\/v2\/media\/192922"}],"wp:attachment":[{"href":"https:\/\/blogdofarnesio.com.br\/index.php?rest_route=%2Fwp%2Fv2%2Fmedia&parent=214503"}],"wp:term":[{"taxonomy":"category","embeddable":true,"href":"https:\/\/blogdofarnesio.com.br\/index.php?rest_route=%2Fwp%2Fv2%2Fcategories&post=214503"},{"taxonomy":"post_tag","embeddable":true,"href":"https:\/\/blogdofarnesio.com.br\/index.php?rest_route=%2Fwp%2Fv2%2Ftags&post=214503"}],"curies":[{"name":"wp","href":"https:\/\/api.w.org\/{rel}","templated":true}]}}