{"id":214489,"date":"2018-11-14T10:26:14","date_gmt":"2018-11-14T13:26:14","guid":{"rendered":"http:\/\/quersaberpolitica.com.br\/2016\/?p=214489"},"modified":"2018-11-14T10:44:04","modified_gmt":"2018-11-14T13:44:04","slug":"deputado-roberto-carlos-prestigia-esporte-amador-em-sento-se","status":"publish","type":"post","link":"https:\/\/blogdofarnesio.com.br\/?p=214489","title":{"rendered":"DEPUTADO ROBERTO CARLOS PRESTIGIA ESPORTE AMADOR EM SENTO S\u00c9"},"content":{"rendered":"<p style=\"text-align: justify;\" align=\"JUSTIFY\">O deputado Roberto Carlos (PDT), incentivador do esporte na Bahia, participou da final do campeonato da Copa do Rei, em Pi\u00e7arr\u00e3o, distrito de Sento S\u00e9. O evento foi organizado pelo vereador Robinho (PDT) e contou com a participa\u00e7\u00e3o do presidente da C\u00e2mara Municipal de vereadores, Juliano Afonso (PT), D\u00eanis (PDT), secret\u00e1rios, desportistas e muitos torcedores.<\/p>\n<p style=\"text-align: justify;\" align=\"JUSTIFY\">Segundo o parlamentar eventos como esses s\u00e3o de fundamental import\u00e2ncia para incentivar o esporte. \u201cQuero agradecer a todos e dizer que, como desportista, vou intensificar o trabalho em prol do esporte. \u00c9 fundamental criar a\u00e7\u00f5es que impulsionem o setor esportivo, beneficiando de v\u00e1rias formas a nossa sociedade. Fa\u00e7o, n\u00e3o apenas, por ser amante do esporte, mas por compreender o importante papel socializador que a pr\u00e1tica esportiva possui\u201d, disse o deputado Roberto Carlos.<\/p>\n<p style=\"text-align: justify;\" align=\"JUSTIFY\">O time que representou o distrito de Pi\u00e7arr\u00e3o foi o grande campe\u00e3o ap\u00f3s empatar de 0 x 0 e garantir a vit\u00f3ria nos p\u00eanaltis. Figueirense, que representou o distrito do Peri foi o vice-campe\u00e3o.<\/p>\n","protected":false},"excerpt":{"rendered":"<p>O deputado Roberto Carlos (PDT), incentivador do esporte na Bahia, participou da final do campeonato da Copa do Rei, em Pi\u00e7arr\u00e3o, distrito de Sento S\u00e9. O evento foi organizado pelo vereador Robinho (PDT) e contou com a participa\u00e7\u00e3o do presidente da C\u00e2mara Municipal de vereadores, Juliano Afonso (PT), D\u00eanis (PDT), secret\u00e1rios, desportistas e muitos torcedores. Segundo o parlamentar eventos como esses s\u00e3o de fundamental import\u00e2ncia para incentivar o esporte. \u201cQuero agradecer a todos e dizer que, como desportista, vou intensificar o trabalho em prol do esporte. \u00c9 fundamental criar a\u00e7\u00f5es que impulsionem o setor esportivo, beneficiando de v\u00e1rias formas a nossa sociedade. Fa\u00e7o, n\u00e3o apenas, por ser amante do esporte, mas por compreender o importante papel socializador que a pr\u00e1tica&hellip; <\/p>\n","protected":false},"author":1,"featured_media":214490,"comment_status":"closed","ping_status":"closed","sticky":false,"template":"","format":"standard","meta":{"_acf_changed":false,"footnotes":""},"categories":[44],"tags":[],"class_list":["post-214489","post","type-post","status-publish","format-standard","has-post-thumbnail","hentry","category-administracao"],"acf":[],"yoast_head":"<!-- This site is optimized with the Yoast SEO plugin v27.4 - https:\/\/yoast.com\/product\/yoast-seo-wordpress\/ -->\n<title>DEPUTADO ROBERTO CARLOS PRESTIGIA ESPORTE AMADOR EM SENTO S\u00c9 - Blog do Farn\u00e9sio<\/title>\n<meta name=\"robots\" content=\"index, follow, max-snippet:-1, max-image-preview:large, max-video-preview:-1\" \/>\n<link rel=\"canonical\" href=\"https:\/\/blogdofarnesio.com.br\/?p=214489\" \/>\n<meta property=\"og:locale\" content=\"pt_BR\" \/>\n<meta property=\"og:type\" content=\"article\" \/>\n<meta property=\"og:title\" content=\"DEPUTADO ROBERTO CARLOS PRESTIGIA ESPORTE AMADOR EM SENTO S\u00c9 - Blog do Farn\u00e9sio\" \/>\n<meta property=\"og:description\" content=\"O deputado Roberto Carlos (PDT), incentivador do esporte na Bahia, participou da final do campeonato da Copa do Rei, em Pi\u00e7arr\u00e3o, distrito de Sento S\u00e9. O evento foi organizado pelo vereador Robinho (PDT) e contou com a participa\u00e7\u00e3o do presidente da C\u00e2mara Municipal de vereadores, Juliano Afonso (PT), D\u00eanis (PDT), secret\u00e1rios, desportistas e muitos torcedores. Segundo o parlamentar eventos como esses s\u00e3o de fundamental import\u00e2ncia para incentivar o esporte. \u201cQuero agradecer a todos e dizer que, como desportista, vou intensificar o trabalho em prol do esporte. \u00c9 fundamental criar a\u00e7\u00f5es que impulsionem o setor esportivo, beneficiando de v\u00e1rias formas a nossa sociedade. Fa\u00e7o, n\u00e3o apenas, por ser amante do esporte, mas por compreender o importante papel socializador que a pr\u00e1tica&hellip;\" \/>\n<meta property=\"og:url\" content=\"https:\/\/blogdofarnesio.com.br\/?p=214489\" \/>\n<meta property=\"og:site_name\" content=\"Blog do Farn\u00e9sio\" \/>\n<meta property=\"article:publisher\" content=\"https:\/\/www.facebook.com\/BlogQuerSaberPolitica\/\" \/>\n<meta property=\"article:published_time\" content=\"2018-11-14T13:26:14+00:00\" \/>\n<meta property=\"article:modified_time\" content=\"2018-11-14T13:44:04+00:00\" \/>\n<meta property=\"og:image\" content=\"https:\/\/blogdofarnesio.com.br\/wp-content\/uploads\/2018\/11\/blogqsp-robertocarlos.jpg\" \/>\n\t<meta property=\"og:image:width\" content=\"516\" \/>\n\t<meta property=\"og:image:height\" content=\"291\" \/>\n\t<meta property=\"og:image:type\" content=\"image\/jpeg\" \/>\n<meta name=\"author\" content=\"Farn\u00e9sio\" \/>\n<meta name=\"twitter:card\" content=\"summary_large_image\" \/>\n<meta name=\"twitter:label1\" content=\"Escrito por\" \/>\n\t<meta name=\"twitter:data1\" content=\"Farn\u00e9sio\" \/>\n\t<meta name=\"twitter:label2\" content=\"Est. tempo de leitura\" \/>\n\t<meta name=\"twitter:data2\" content=\"1 minuto\" \/>\n<script type=\"application\/ld+json\" class=\"yoast-schema-graph\">{\"@context\":\"https:\\\/\\\/schema.org\",\"@graph\":[{\"@type\":\"Article\",\"@id\":\"https:\\\/\\\/blogdofarnesio.com.br\\\/?p=214489#article\",\"isPartOf\":{\"@id\":\"https:\\\/\\\/blogdofarnesio.com.br\\\/?p=214489\"},\"author\":{\"name\":\"Farn\u00e9sio\",\"@id\":\"https:\\\/\\\/blogdofarnesio.com.br\\\/#\\\/schema\\\/person\\\/301c4acf522bccbfdb45af95b5b906a1\"},\"headline\":\"DEPUTADO ROBERTO CARLOS PRESTIGIA ESPORTE AMADOR EM SENTO S\u00c9\",\"datePublished\":\"2018-11-14T13:26:14+00:00\",\"dateModified\":\"2018-11-14T13:44:04+00:00\",\"mainEntityOfPage\":{\"@id\":\"https:\\\/\\\/blogdofarnesio.com.br\\\/?p=214489\"},\"wordCount\":187,\"publisher\":{\"@id\":\"https:\\\/\\\/blogdofarnesio.com.br\\\/#organization\"},\"image\":{\"@id\":\"https:\\\/\\\/blogdofarnesio.com.br\\\/?p=214489#primaryimage\"},\"thumbnailUrl\":\"https:\\\/\\\/blogdofarnesio.com.br\\\/wp-content\\\/uploads\\\/2018\\\/11\\\/blogqsp-robertocarlos.jpg\",\"articleSection\":[\"Administra\u00e7\u00e3o\"],\"inLanguage\":\"pt-BR\"},{\"@type\":\"WebPage\",\"@id\":\"https:\\\/\\\/blogdofarnesio.com.br\\\/?p=214489\",\"url\":\"https:\\\/\\\/blogdofarnesio.com.br\\\/?p=214489\",\"name\":\"DEPUTADO ROBERTO CARLOS PRESTIGIA ESPORTE AMADOR EM SENTO S\u00c9 - Blog do Farn\u00e9sio\",\"isPartOf\":{\"@id\":\"https:\\\/\\\/blogdofarnesio.com.br\\\/#website\"},\"primaryImageOfPage\":{\"@id\":\"https:\\\/\\\/blogdofarnesio.com.br\\\/?p=214489#primaryimage\"},\"image\":{\"@id\":\"https:\\\/\\\/blogdofarnesio.com.br\\\/?p=214489#primaryimage\"},\"thumbnailUrl\":\"https:\\\/\\\/blogdofarnesio.com.br\\\/wp-content\\\/uploads\\\/2018\\\/11\\\/blogqsp-robertocarlos.jpg\",\"datePublished\":\"2018-11-14T13:26:14+00:00\",\"dateModified\":\"2018-11-14T13:44:04+00:00\",\"breadcrumb\":{\"@id\":\"https:\\\/\\\/blogdofarnesio.com.br\\\/?p=214489#breadcrumb\"},\"inLanguage\":\"pt-BR\",\"potentialAction\":[{\"@type\":\"ReadAction\",\"target\":[\"https:\\\/\\\/blogdofarnesio.com.br\\\/?p=214489\"]}]},{\"@type\":\"ImageObject\",\"inLanguage\":\"pt-BR\",\"@id\":\"https:\\\/\\\/blogdofarnesio.com.br\\\/?p=214489#primaryimage\",\"url\":\"https:\\\/\\\/blogdofarnesio.com.br\\\/wp-content\\\/uploads\\\/2018\\\/11\\\/blogqsp-robertocarlos.jpg\",\"contentUrl\":\"https:\\\/\\\/blogdofarnesio.com.br\\\/wp-content\\\/uploads\\\/2018\\\/11\\\/blogqsp-robertocarlos.jpg\",\"width\":516,\"height\":291},{\"@type\":\"BreadcrumbList\",\"@id\":\"https:\\\/\\\/blogdofarnesio.com.br\\\/?p=214489#breadcrumb\",\"itemListElement\":[{\"@type\":\"ListItem\",\"position\":1,\"name\":\"In\u00edcio\",\"item\":\"https:\\\/\\\/blogdofarnesio.com.br\\\/\"},{\"@type\":\"ListItem\",\"position\":2,\"name\":\"DEPUTADO ROBERTO CARLOS PRESTIGIA ESPORTE AMADOR EM SENTO S\u00c9\"}]},{\"@type\":\"WebSite\",\"@id\":\"https:\\\/\\\/blogdofarnesio.com.br\\\/#website\",\"url\":\"https:\\\/\\\/blogdofarnesio.com.br\\\/\",\"name\":\"Blog do Farn\u00e9sio\",\"description\":\"Quer Saber Pol\u00edtica?\",\"publisher\":{\"@id\":\"https:\\\/\\\/blogdofarnesio.com.br\\\/#organization\"},\"potentialAction\":[{\"@type\":\"SearchAction\",\"target\":{\"@type\":\"EntryPoint\",\"urlTemplate\":\"https:\\\/\\\/blogdofarnesio.com.br\\\/?s={search_term_string}\"},\"query-input\":{\"@type\":\"PropertyValueSpecification\",\"valueRequired\":true,\"valueName\":\"search_term_string\"}}],\"inLanguage\":\"pt-BR\"},{\"@type\":\"Organization\",\"@id\":\"https:\\\/\\\/blogdofarnesio.com.br\\\/#organization\",\"name\":\"Blog do Farn\u00e9sio\",\"url\":\"https:\\\/\\\/blogdofarnesio.com.br\\\/\",\"logo\":{\"@type\":\"ImageObject\",\"inLanguage\":\"pt-BR\",\"@id\":\"https:\\\/\\\/blogdofarnesio.com.br\\\/#\\\/schema\\\/logo\\\/image\\\/\",\"url\":\"https:\\\/\\\/blogdofarnesio.com.br\\\/wp-content\\\/uploads\\\/2026\\\/03\\\/cropped-logo_new-1.png\",\"contentUrl\":\"https:\\\/\\\/blogdofarnesio.com.br\\\/wp-content\\\/uploads\\\/2026\\\/03\\\/cropped-logo_new-1.png\",\"width\":881,\"height\":685,\"caption\":\"Blog do Farn\u00e9sio\"},\"image\":{\"@id\":\"https:\\\/\\\/blogdofarnesio.com.br\\\/#\\\/schema\\\/logo\\\/image\\\/\"},\"sameAs\":[\"https:\\\/\\\/www.facebook.com\\\/BlogQuerSaberPolitica\\\/\"]},{\"@type\":\"Person\",\"@id\":\"https:\\\/\\\/blogdofarnesio.com.br\\\/#\\\/schema\\\/person\\\/301c4acf522bccbfdb45af95b5b906a1\",\"name\":\"Farn\u00e9sio\",\"image\":{\"@type\":\"ImageObject\",\"inLanguage\":\"pt-BR\",\"@id\":\"https:\\\/\\\/secure.gravatar.com\\\/avatar\\\/df0c9a14567c056f8ad6876ba5bbd1e3e2c48023eb6807342fc4663adf549f38?s=96&d=mm&r=g\",\"url\":\"https:\\\/\\\/secure.gravatar.com\\\/avatar\\\/df0c9a14567c056f8ad6876ba5bbd1e3e2c48023eb6807342fc4663adf549f38?s=96&d=mm&r=g\",\"contentUrl\":\"https:\\\/\\\/secure.gravatar.com\\\/avatar\\\/df0c9a14567c056f8ad6876ba5bbd1e3e2c48023eb6807342fc4663adf549f38?s=96&d=mm&r=g\",\"caption\":\"Farn\u00e9sio\"},\"sameAs\":[\"https:\\\/\\\/quersaberpolitica.com.br\"],\"url\":\"https:\\\/\\\/blogdofarnesio.com.br\\\/?author=1\"}]}<\/script>\n<!-- \/ Yoast SEO plugin. -->","yoast_head_json":{"title":"DEPUTADO ROBERTO CARLOS PRESTIGIA ESPORTE AMADOR EM SENTO S\u00c9 - Blog do Farn\u00e9sio","robots":{"index":"index","follow":"follow","max-snippet":"max-snippet:-1","max-image-preview":"max-image-preview:large","max-video-preview":"max-video-preview:-1"},"canonical":"https:\/\/blogdofarnesio.com.br\/?p=214489","og_locale":"pt_BR","og_type":"article","og_title":"DEPUTADO ROBERTO CARLOS PRESTIGIA ESPORTE AMADOR EM SENTO S\u00c9 - Blog do Farn\u00e9sio","og_description":"O deputado Roberto Carlos (PDT), incentivador do esporte na Bahia, participou da final do campeonato da Copa do Rei, em Pi\u00e7arr\u00e3o, distrito de Sento S\u00e9. O evento foi organizado pelo vereador Robinho (PDT) e contou com a participa\u00e7\u00e3o do presidente da C\u00e2mara Municipal de vereadores, Juliano Afonso (PT), D\u00eanis (PDT), secret\u00e1rios, desportistas e muitos torcedores. Segundo o parlamentar eventos como esses s\u00e3o de fundamental import\u00e2ncia para incentivar o esporte. \u201cQuero agradecer a todos e dizer que, como desportista, vou intensificar o trabalho em prol do esporte. \u00c9 fundamental criar a\u00e7\u00f5es que impulsionem o setor esportivo, beneficiando de v\u00e1rias formas a nossa sociedade. Fa\u00e7o, n\u00e3o apenas, por ser amante do esporte, mas por compreender o importante papel socializador que a pr\u00e1tica&hellip;","og_url":"https:\/\/blogdofarnesio.com.br\/?p=214489","og_site_name":"Blog do Farn\u00e9sio","article_publisher":"https:\/\/www.facebook.com\/BlogQuerSaberPolitica\/","article_published_time":"2018-11-14T13:26:14+00:00","article_modified_time":"2018-11-14T13:44:04+00:00","og_image":[{"width":516,"height":291,"url":"https:\/\/blogdofarnesio.com.br\/wp-content\/uploads\/2018\/11\/blogqsp-robertocarlos.jpg","type":"image\/jpeg"}],"author":"Farn\u00e9sio","twitter_card":"summary_large_image","twitter_misc":{"Escrito por":"Farn\u00e9sio","Est. tempo de leitura":"1 minuto"},"schema":{"@context":"https:\/\/schema.org","@graph":[{"@type":"Article","@id":"https:\/\/blogdofarnesio.com.br\/?p=214489#article","isPartOf":{"@id":"https:\/\/blogdofarnesio.com.br\/?p=214489"},"author":{"name":"Farn\u00e9sio","@id":"https:\/\/blogdofarnesio.com.br\/#\/schema\/person\/301c4acf522bccbfdb45af95b5b906a1"},"headline":"DEPUTADO ROBERTO CARLOS PRESTIGIA ESPORTE AMADOR EM SENTO S\u00c9","datePublished":"2018-11-14T13:26:14+00:00","dateModified":"2018-11-14T13:44:04+00:00","mainEntityOfPage":{"@id":"https:\/\/blogdofarnesio.com.br\/?p=214489"},"wordCount":187,"publisher":{"@id":"https:\/\/blogdofarnesio.com.br\/#organization"},"image":{"@id":"https:\/\/blogdofarnesio.com.br\/?p=214489#primaryimage"},"thumbnailUrl":"https:\/\/blogdofarnesio.com.br\/wp-content\/uploads\/2018\/11\/blogqsp-robertocarlos.jpg","articleSection":["Administra\u00e7\u00e3o"],"inLanguage":"pt-BR"},{"@type":"WebPage","@id":"https:\/\/blogdofarnesio.com.br\/?p=214489","url":"https:\/\/blogdofarnesio.com.br\/?p=214489","name":"DEPUTADO ROBERTO CARLOS PRESTIGIA ESPORTE AMADOR EM SENTO S\u00c9 - Blog do Farn\u00e9sio","isPartOf":{"@id":"https:\/\/blogdofarnesio.com.br\/#website"},"primaryImageOfPage":{"@id":"https:\/\/blogdofarnesio.com.br\/?p=214489#primaryimage"},"image":{"@id":"https:\/\/blogdofarnesio.com.br\/?p=214489#primaryimage"},"thumbnailUrl":"https:\/\/blogdofarnesio.com.br\/wp-content\/uploads\/2018\/11\/blogqsp-robertocarlos.jpg","datePublished":"2018-11-14T13:26:14+00:00","dateModified":"2018-11-14T13:44:04+00:00","breadcrumb":{"@id":"https:\/\/blogdofarnesio.com.br\/?p=214489#breadcrumb"},"inLanguage":"pt-BR","potentialAction":[{"@type":"ReadAction","target":["https:\/\/blogdofarnesio.com.br\/?p=214489"]}]},{"@type":"ImageObject","inLanguage":"pt-BR","@id":"https:\/\/blogdofarnesio.com.br\/?p=214489#primaryimage","url":"https:\/\/blogdofarnesio.com.br\/wp-content\/uploads\/2018\/11\/blogqsp-robertocarlos.jpg","contentUrl":"https:\/\/blogdofarnesio.com.br\/wp-content\/uploads\/2018\/11\/blogqsp-robertocarlos.jpg","width":516,"height":291},{"@type":"BreadcrumbList","@id":"https:\/\/blogdofarnesio.com.br\/?p=214489#breadcrumb","itemListElement":[{"@type":"ListItem","position":1,"name":"In\u00edcio","item":"https:\/\/blogdofarnesio.com.br\/"},{"@type":"ListItem","position":2,"name":"DEPUTADO ROBERTO CARLOS PRESTIGIA ESPORTE AMADOR EM SENTO S\u00c9"}]},{"@type":"WebSite","@id":"https:\/\/blogdofarnesio.com.br\/#website","url":"https:\/\/blogdofarnesio.com.br\/","name":"Blog do Farn\u00e9sio","description":"Quer Saber Pol\u00edtica?","publisher":{"@id":"https:\/\/blogdofarnesio.com.br\/#organization"},"potentialAction":[{"@type":"SearchAction","target":{"@type":"EntryPoint","urlTemplate":"https:\/\/blogdofarnesio.com.br\/?s={search_term_string}"},"query-input":{"@type":"PropertyValueSpecification","valueRequired":true,"valueName":"search_term_string"}}],"inLanguage":"pt-BR"},{"@type":"Organization","@id":"https:\/\/blogdofarnesio.com.br\/#organization","name":"Blog do Farn\u00e9sio","url":"https:\/\/blogdofarnesio.com.br\/","logo":{"@type":"ImageObject","inLanguage":"pt-BR","@id":"https:\/\/blogdofarnesio.com.br\/#\/schema\/logo\/image\/","url":"https:\/\/blogdofarnesio.com.br\/wp-content\/uploads\/2026\/03\/cropped-logo_new-1.png","contentUrl":"https:\/\/blogdofarnesio.com.br\/wp-content\/uploads\/2026\/03\/cropped-logo_new-1.png","width":881,"height":685,"caption":"Blog do Farn\u00e9sio"},"image":{"@id":"https:\/\/blogdofarnesio.com.br\/#\/schema\/logo\/image\/"},"sameAs":["https:\/\/www.facebook.com\/BlogQuerSaberPolitica\/"]},{"@type":"Person","@id":"https:\/\/blogdofarnesio.com.br\/#\/schema\/person\/301c4acf522bccbfdb45af95b5b906a1","name":"Farn\u00e9sio","image":{"@type":"ImageObject","inLanguage":"pt-BR","@id":"https:\/\/secure.gravatar.com\/avatar\/df0c9a14567c056f8ad6876ba5bbd1e3e2c48023eb6807342fc4663adf549f38?s=96&d=mm&r=g","url":"https:\/\/secure.gravatar.com\/avatar\/df0c9a14567c056f8ad6876ba5bbd1e3e2c48023eb6807342fc4663adf549f38?s=96&d=mm&r=g","contentUrl":"https:\/\/secure.gravatar.com\/avatar\/df0c9a14567c056f8ad6876ba5bbd1e3e2c48023eb6807342fc4663adf549f38?s=96&d=mm&r=g","caption":"Farn\u00e9sio"},"sameAs":["https:\/\/quersaberpolitica.com.br"],"url":"https:\/\/blogdofarnesio.com.br\/?author=1"}]}},"_links":{"self":[{"href":"https:\/\/blogdofarnesio.com.br\/index.php?rest_route=\/wp\/v2\/posts\/214489","targetHints":{"allow":["GET"]}}],"collection":[{"href":"https:\/\/blogdofarnesio.com.br\/index.php?rest_route=\/wp\/v2\/posts"}],"about":[{"href":"https:\/\/blogdofarnesio.com.br\/index.php?rest_route=\/wp\/v2\/types\/post"}],"author":[{"embeddable":true,"href":"https:\/\/blogdofarnesio.com.br\/index.php?rest_route=\/wp\/v2\/users\/1"}],"replies":[{"embeddable":true,"href":"https:\/\/blogdofarnesio.com.br\/index.php?rest_route=%2Fwp%2Fv2%2Fcomments&post=214489"}],"version-history":[{"count":0,"href":"https:\/\/blogdofarnesio.com.br\/index.php?rest_route=\/wp\/v2\/posts\/214489\/revisions"}],"wp:featuredmedia":[{"embeddable":true,"href":"https:\/\/blogdofarnesio.com.br\/index.php?rest_route=\/wp\/v2\/media\/214490"}],"wp:attachment":[{"href":"https:\/\/blogdofarnesio.com.br\/index.php?rest_route=%2Fwp%2Fv2%2Fmedia&parent=214489"}],"wp:term":[{"taxonomy":"category","embeddable":true,"href":"https:\/\/blogdofarnesio.com.br\/index.php?rest_route=%2Fwp%2Fv2%2Fcategories&post=214489"},{"taxonomy":"post_tag","embeddable":true,"href":"https:\/\/blogdofarnesio.com.br\/index.php?rest_route=%2Fwp%2Fv2%2Ftags&post=214489"}],"curies":[{"name":"wp","href":"https:\/\/api.w.org\/{rel}","templated":true}]}}