{"id":213949,"date":"2018-11-07T11:00:53","date_gmt":"2018-11-07T14:00:53","guid":{"rendered":"http:\/\/quersaberpolitica.com.br\/2016\/?p=213949"},"modified":"2018-11-06T22:17:23","modified_gmt":"2018-11-07T01:17:23","slug":"haddad-vai-visitar-lula-em-curitiba-nesta-quarta-feira","status":"publish","type":"post","link":"https:\/\/blogdofarnesio.com.br\/?p=213949","title":{"rendered":"HADDAD VAI VISITAR LULA EM CURITIBA NESTA QUARTA-FEIRA"},"content":{"rendered":"<div id=\"noticia_dataautor\" style=\"text-align: justify;\"><\/div>\n<div class=\"credito-foto\" style=\"text-align: justify;\"><\/div>\n<div class=\"campo-subassinatura\" style=\"text-align: justify;\"><span class=\"nome-subassinatura\">Estad\u00e3o Conte\u00fado<\/span><\/p>\n<\/div>\n<div id=\"noticia_corpodanoticia\" class=\"t13 manipularFonte\">\n<p style=\"text-align: justify;\">O candidato derrotado do PT \u00e0 Presid\u00eancia, Fernando Haddad, vai se encontrar nesta quarta-feira (7) com o ex-presidente Luiz In\u00e1cio Lula da Silva em Curitiba, onde Lula cumpre pena por corrup\u00e7\u00e3o passiva e lavagem de dinheiro ap\u00f3s ser condenado na Opera\u00e7\u00e3o Lava Jato. Ser\u00e1 a primeira visita de Haddad ao ex-presidente desde o segundo turno da elei\u00e7\u00e3o presidencial.<\/p>\n<p style=\"text-align: justify;\">Na segunda-feira\u00a0(5), o ex-prefeito passou horas reunido com a presidente do PT, Gleisi Hoffmann, na sede do partido em S\u00e3o Paulo. O tema da conversa foi o futuro de Haddad.<\/p>\n<p style=\"text-align: justify;\">Na semana passada a executiva nacional do PT decidiu que o ex-prefeito de S\u00e3o Paulo deve ocupar o papel de l\u00edder da oposi\u00e7\u00e3o ao governo Jair Bolsonaro. Haddad e o PT discutem a forma como o candidato vai cumprir a fun\u00e7\u00e3o. A possibilidade de Haddad vir a assumir a presid\u00eancia do PT em julho do ano que vem, quando termina o mandato de Gleisi, \u00e9 remota.<\/p>\n<div id=\"smartIntxt\" class=\"publicidade-entre-texto\" style=\"text-align: justify;\">\n<div class=\"player_dynad_tv\">Agenda de viagens<\/div>\n<\/div>\n<p style=\"text-align: justify;\">Al\u00e9m disso, o PT tenta montar uma agenda de viagens pelo Brasil para o ex-prefeito ainda este ano. A forma como Haddad vai ocupar papel de destaque na oposi\u00e7\u00e3o a Bolsonaro deve ser o tema principal da conversa entre o candidato e Lula.<\/p>\n<p style=\"text-align: justify;\">Na semana passada, o ex-presidente disse a advogados que foram visit\u00e1-lo que, embora tenha perdido a elei\u00e7\u00e3o, Haddad saiu da disputa maior do que entrou. Lula disse tamb\u00e9m que s\u00f3 depois do carnaval ser\u00e1 poss\u00edvel enxergar a verdadeira cara do governo Bolsonaro e tra\u00e7ar uma estrat\u00e9gia de oposi\u00e7\u00e3o de longo prazo.<\/p>\n<p style=\"text-align: justify;\">De acordo com Lula, o presidente eleito &#8220;n\u00e3o vai ser no governo a mesma pessoa que foi na campanha&#8221;. O ex-presidente espera que o sistema institucional de pesos e contrapesos imponha limites \u00e0 atua\u00e7\u00e3o de Bolsonaro.<\/p>\n<\/div>\n","protected":false},"excerpt":{"rendered":"<p>Estad\u00e3o Conte\u00fado O candidato derrotado do PT \u00e0 Presid\u00eancia, Fernando Haddad, vai se encontrar nesta quarta-feira (7) com o ex-presidente Luiz In\u00e1cio Lula da Silva em Curitiba, onde Lula cumpre pena por corrup\u00e7\u00e3o passiva e lavagem de dinheiro ap\u00f3s ser condenado na Opera\u00e7\u00e3o Lava Jato. Ser\u00e1 a primeira visita de Haddad ao ex-presidente desde o segundo turno da elei\u00e7\u00e3o presidencial. Na segunda-feira\u00a0(5), o ex-prefeito passou horas reunido com a presidente do PT, Gleisi Hoffmann, na sede do partido em S\u00e3o Paulo. O tema da conversa foi o futuro de Haddad. Na semana passada a executiva nacional do PT decidiu que o ex-prefeito de S\u00e3o Paulo deve ocupar o papel de l\u00edder da oposi\u00e7\u00e3o ao governo Jair Bolsonaro. Haddad e o&hellip; <\/p>\n","protected":false},"author":1,"featured_media":210495,"comment_status":"closed","ping_status":"closed","sticky":false,"template":"","format":"standard","meta":{"_acf_changed":false,"footnotes":""},"categories":[1],"tags":[],"class_list":["post-213949","post","type-post","status-publish","format-standard","has-post-thumbnail","hentry","category-politica"],"acf":[],"yoast_head":"<!-- This site is optimized with the Yoast SEO plugin v27.4 - https:\/\/yoast.com\/product\/yoast-seo-wordpress\/ -->\n<title>HADDAD VAI VISITAR LULA EM CURITIBA NESTA QUARTA-FEIRA - Blog do Farn\u00e9sio<\/title>\n<meta name=\"robots\" content=\"index, follow, max-snippet:-1, max-image-preview:large, max-video-preview:-1\" \/>\n<link rel=\"canonical\" href=\"https:\/\/blogdofarnesio.com.br\/?p=213949\" \/>\n<meta property=\"og:locale\" content=\"pt_BR\" \/>\n<meta property=\"og:type\" content=\"article\" \/>\n<meta property=\"og:title\" content=\"HADDAD VAI VISITAR LULA EM CURITIBA NESTA QUARTA-FEIRA - Blog do Farn\u00e9sio\" \/>\n<meta property=\"og:description\" content=\"Estad\u00e3o Conte\u00fado O candidato derrotado do PT \u00e0 Presid\u00eancia, Fernando Haddad, vai se encontrar nesta quarta-feira (7) com o ex-presidente Luiz In\u00e1cio Lula da Silva em Curitiba, onde Lula cumpre pena por corrup\u00e7\u00e3o passiva e lavagem de dinheiro ap\u00f3s ser condenado na Opera\u00e7\u00e3o Lava Jato. Ser\u00e1 a primeira visita de Haddad ao ex-presidente desde o segundo turno da elei\u00e7\u00e3o presidencial. Na segunda-feira\u00a0(5), o ex-prefeito passou horas reunido com a presidente do PT, Gleisi Hoffmann, na sede do partido em S\u00e3o Paulo. O tema da conversa foi o futuro de Haddad. Na semana passada a executiva nacional do PT decidiu que o ex-prefeito de S\u00e3o Paulo deve ocupar o papel de l\u00edder da oposi\u00e7\u00e3o ao governo Jair Bolsonaro. Haddad e o&hellip;\" \/>\n<meta property=\"og:url\" content=\"https:\/\/blogdofarnesio.com.br\/?p=213949\" \/>\n<meta property=\"og:site_name\" content=\"Blog do Farn\u00e9sio\" \/>\n<meta property=\"article:publisher\" content=\"https:\/\/www.facebook.com\/BlogQuerSaberPolitica\/\" \/>\n<meta property=\"article:published_time\" content=\"2018-11-07T14:00:53+00:00\" \/>\n<meta property=\"og:image\" content=\"https:\/\/blogdofarnesio.com.br\/wp-content\/uploads\/2018\/09\/blogqsp-haddad-2.jpg\" \/>\n\t<meta property=\"og:image:width\" content=\"380\" \/>\n\t<meta property=\"og:image:height\" content=\"280\" \/>\n\t<meta property=\"og:image:type\" content=\"image\/jpeg\" \/>\n<meta name=\"author\" content=\"Farn\u00e9sio\" \/>\n<meta name=\"twitter:card\" content=\"summary_large_image\" \/>\n<meta name=\"twitter:label1\" content=\"Escrito por\" \/>\n\t<meta name=\"twitter:data1\" content=\"Farn\u00e9sio\" \/>\n\t<meta name=\"twitter:label2\" content=\"Est. tempo de leitura\" \/>\n\t<meta name=\"twitter:data2\" content=\"2 minutos\" \/>\n<script type=\"application\/ld+json\" class=\"yoast-schema-graph\">{\"@context\":\"https:\\\/\\\/schema.org\",\"@graph\":[{\"@type\":\"Article\",\"@id\":\"https:\\\/\\\/blogdofarnesio.com.br\\\/?p=213949#article\",\"isPartOf\":{\"@id\":\"https:\\\/\\\/blogdofarnesio.com.br\\\/?p=213949\"},\"author\":{\"name\":\"Farn\u00e9sio\",\"@id\":\"https:\\\/\\\/blogdofarnesio.com.br\\\/#\\\/schema\\\/person\\\/301c4acf522bccbfdb45af95b5b906a1\"},\"headline\":\"HADDAD VAI VISITAR LULA EM CURITIBA NESTA QUARTA-FEIRA\",\"datePublished\":\"2018-11-07T14:00:53+00:00\",\"mainEntityOfPage\":{\"@id\":\"https:\\\/\\\/blogdofarnesio.com.br\\\/?p=213949\"},\"wordCount\":318,\"publisher\":{\"@id\":\"https:\\\/\\\/blogdofarnesio.com.br\\\/#organization\"},\"image\":{\"@id\":\"https:\\\/\\\/blogdofarnesio.com.br\\\/?p=213949#primaryimage\"},\"thumbnailUrl\":\"https:\\\/\\\/blogdofarnesio.com.br\\\/wp-content\\\/uploads\\\/2018\\\/09\\\/blogqsp-haddad-2.jpg\",\"articleSection\":[\"Pol\u00edtica\"],\"inLanguage\":\"pt-BR\"},{\"@type\":\"WebPage\",\"@id\":\"https:\\\/\\\/blogdofarnesio.com.br\\\/?p=213949\",\"url\":\"https:\\\/\\\/blogdofarnesio.com.br\\\/?p=213949\",\"name\":\"HADDAD VAI VISITAR LULA EM CURITIBA NESTA QUARTA-FEIRA - Blog do Farn\u00e9sio\",\"isPartOf\":{\"@id\":\"https:\\\/\\\/blogdofarnesio.com.br\\\/#website\"},\"primaryImageOfPage\":{\"@id\":\"https:\\\/\\\/blogdofarnesio.com.br\\\/?p=213949#primaryimage\"},\"image\":{\"@id\":\"https:\\\/\\\/blogdofarnesio.com.br\\\/?p=213949#primaryimage\"},\"thumbnailUrl\":\"https:\\\/\\\/blogdofarnesio.com.br\\\/wp-content\\\/uploads\\\/2018\\\/09\\\/blogqsp-haddad-2.jpg\",\"datePublished\":\"2018-11-07T14:00:53+00:00\",\"breadcrumb\":{\"@id\":\"https:\\\/\\\/blogdofarnesio.com.br\\\/?p=213949#breadcrumb\"},\"inLanguage\":\"pt-BR\",\"potentialAction\":[{\"@type\":\"ReadAction\",\"target\":[\"https:\\\/\\\/blogdofarnesio.com.br\\\/?p=213949\"]}]},{\"@type\":\"ImageObject\",\"inLanguage\":\"pt-BR\",\"@id\":\"https:\\\/\\\/blogdofarnesio.com.br\\\/?p=213949#primaryimage\",\"url\":\"https:\\\/\\\/blogdofarnesio.com.br\\\/wp-content\\\/uploads\\\/2018\\\/09\\\/blogqsp-haddad-2.jpg\",\"contentUrl\":\"https:\\\/\\\/blogdofarnesio.com.br\\\/wp-content\\\/uploads\\\/2018\\\/09\\\/blogqsp-haddad-2.jpg\",\"width\":380,\"height\":280},{\"@type\":\"BreadcrumbList\",\"@id\":\"https:\\\/\\\/blogdofarnesio.com.br\\\/?p=213949#breadcrumb\",\"itemListElement\":[{\"@type\":\"ListItem\",\"position\":1,\"name\":\"In\u00edcio\",\"item\":\"https:\\\/\\\/blogdofarnesio.com.br\\\/\"},{\"@type\":\"ListItem\",\"position\":2,\"name\":\"HADDAD VAI VISITAR LULA EM CURITIBA NESTA QUARTA-FEIRA\"}]},{\"@type\":\"WebSite\",\"@id\":\"https:\\\/\\\/blogdofarnesio.com.br\\\/#website\",\"url\":\"https:\\\/\\\/blogdofarnesio.com.br\\\/\",\"name\":\"Blog do Farn\u00e9sio\",\"description\":\"Quer Saber Pol\u00edtica?\",\"publisher\":{\"@id\":\"https:\\\/\\\/blogdofarnesio.com.br\\\/#organization\"},\"potentialAction\":[{\"@type\":\"SearchAction\",\"target\":{\"@type\":\"EntryPoint\",\"urlTemplate\":\"https:\\\/\\\/blogdofarnesio.com.br\\\/?s={search_term_string}\"},\"query-input\":{\"@type\":\"PropertyValueSpecification\",\"valueRequired\":true,\"valueName\":\"search_term_string\"}}],\"inLanguage\":\"pt-BR\"},{\"@type\":\"Organization\",\"@id\":\"https:\\\/\\\/blogdofarnesio.com.br\\\/#organization\",\"name\":\"Blog do Farn\u00e9sio\",\"url\":\"https:\\\/\\\/blogdofarnesio.com.br\\\/\",\"logo\":{\"@type\":\"ImageObject\",\"inLanguage\":\"pt-BR\",\"@id\":\"https:\\\/\\\/blogdofarnesio.com.br\\\/#\\\/schema\\\/logo\\\/image\\\/\",\"url\":\"https:\\\/\\\/blogdofarnesio.com.br\\\/wp-content\\\/uploads\\\/2026\\\/03\\\/cropped-logo_new-1.png\",\"contentUrl\":\"https:\\\/\\\/blogdofarnesio.com.br\\\/wp-content\\\/uploads\\\/2026\\\/03\\\/cropped-logo_new-1.png\",\"width\":881,\"height\":685,\"caption\":\"Blog do Farn\u00e9sio\"},\"image\":{\"@id\":\"https:\\\/\\\/blogdofarnesio.com.br\\\/#\\\/schema\\\/logo\\\/image\\\/\"},\"sameAs\":[\"https:\\\/\\\/www.facebook.com\\\/BlogQuerSaberPolitica\\\/\"]},{\"@type\":\"Person\",\"@id\":\"https:\\\/\\\/blogdofarnesio.com.br\\\/#\\\/schema\\\/person\\\/301c4acf522bccbfdb45af95b5b906a1\",\"name\":\"Farn\u00e9sio\",\"image\":{\"@type\":\"ImageObject\",\"inLanguage\":\"pt-BR\",\"@id\":\"https:\\\/\\\/secure.gravatar.com\\\/avatar\\\/df0c9a14567c056f8ad6876ba5bbd1e3e2c48023eb6807342fc4663adf549f38?s=96&d=mm&r=g\",\"url\":\"https:\\\/\\\/secure.gravatar.com\\\/avatar\\\/df0c9a14567c056f8ad6876ba5bbd1e3e2c48023eb6807342fc4663adf549f38?s=96&d=mm&r=g\",\"contentUrl\":\"https:\\\/\\\/secure.gravatar.com\\\/avatar\\\/df0c9a14567c056f8ad6876ba5bbd1e3e2c48023eb6807342fc4663adf549f38?s=96&d=mm&r=g\",\"caption\":\"Farn\u00e9sio\"},\"sameAs\":[\"https:\\\/\\\/quersaberpolitica.com.br\"],\"url\":\"https:\\\/\\\/blogdofarnesio.com.br\\\/?author=1\"}]}<\/script>\n<!-- \/ Yoast SEO plugin. -->","yoast_head_json":{"title":"HADDAD VAI VISITAR LULA EM CURITIBA NESTA QUARTA-FEIRA - Blog do Farn\u00e9sio","robots":{"index":"index","follow":"follow","max-snippet":"max-snippet:-1","max-image-preview":"max-image-preview:large","max-video-preview":"max-video-preview:-1"},"canonical":"https:\/\/blogdofarnesio.com.br\/?p=213949","og_locale":"pt_BR","og_type":"article","og_title":"HADDAD VAI VISITAR LULA EM CURITIBA NESTA QUARTA-FEIRA - Blog do Farn\u00e9sio","og_description":"Estad\u00e3o Conte\u00fado O candidato derrotado do PT \u00e0 Presid\u00eancia, Fernando Haddad, vai se encontrar nesta quarta-feira (7) com o ex-presidente Luiz In\u00e1cio Lula da Silva em Curitiba, onde Lula cumpre pena por corrup\u00e7\u00e3o passiva e lavagem de dinheiro ap\u00f3s ser condenado na Opera\u00e7\u00e3o Lava Jato. Ser\u00e1 a primeira visita de Haddad ao ex-presidente desde o segundo turno da elei\u00e7\u00e3o presidencial. Na segunda-feira\u00a0(5), o ex-prefeito passou horas reunido com a presidente do PT, Gleisi Hoffmann, na sede do partido em S\u00e3o Paulo. O tema da conversa foi o futuro de Haddad. Na semana passada a executiva nacional do PT decidiu que o ex-prefeito de S\u00e3o Paulo deve ocupar o papel de l\u00edder da oposi\u00e7\u00e3o ao governo Jair Bolsonaro. Haddad e o&hellip;","og_url":"https:\/\/blogdofarnesio.com.br\/?p=213949","og_site_name":"Blog do Farn\u00e9sio","article_publisher":"https:\/\/www.facebook.com\/BlogQuerSaberPolitica\/","article_published_time":"2018-11-07T14:00:53+00:00","og_image":[{"width":380,"height":280,"url":"https:\/\/blogdofarnesio.com.br\/wp-content\/uploads\/2018\/09\/blogqsp-haddad-2.jpg","type":"image\/jpeg"}],"author":"Farn\u00e9sio","twitter_card":"summary_large_image","twitter_misc":{"Escrito por":"Farn\u00e9sio","Est. tempo de leitura":"2 minutos"},"schema":{"@context":"https:\/\/schema.org","@graph":[{"@type":"Article","@id":"https:\/\/blogdofarnesio.com.br\/?p=213949#article","isPartOf":{"@id":"https:\/\/blogdofarnesio.com.br\/?p=213949"},"author":{"name":"Farn\u00e9sio","@id":"https:\/\/blogdofarnesio.com.br\/#\/schema\/person\/301c4acf522bccbfdb45af95b5b906a1"},"headline":"HADDAD VAI VISITAR LULA EM CURITIBA NESTA QUARTA-FEIRA","datePublished":"2018-11-07T14:00:53+00:00","mainEntityOfPage":{"@id":"https:\/\/blogdofarnesio.com.br\/?p=213949"},"wordCount":318,"publisher":{"@id":"https:\/\/blogdofarnesio.com.br\/#organization"},"image":{"@id":"https:\/\/blogdofarnesio.com.br\/?p=213949#primaryimage"},"thumbnailUrl":"https:\/\/blogdofarnesio.com.br\/wp-content\/uploads\/2018\/09\/blogqsp-haddad-2.jpg","articleSection":["Pol\u00edtica"],"inLanguage":"pt-BR"},{"@type":"WebPage","@id":"https:\/\/blogdofarnesio.com.br\/?p=213949","url":"https:\/\/blogdofarnesio.com.br\/?p=213949","name":"HADDAD VAI VISITAR LULA EM CURITIBA NESTA QUARTA-FEIRA - Blog do Farn\u00e9sio","isPartOf":{"@id":"https:\/\/blogdofarnesio.com.br\/#website"},"primaryImageOfPage":{"@id":"https:\/\/blogdofarnesio.com.br\/?p=213949#primaryimage"},"image":{"@id":"https:\/\/blogdofarnesio.com.br\/?p=213949#primaryimage"},"thumbnailUrl":"https:\/\/blogdofarnesio.com.br\/wp-content\/uploads\/2018\/09\/blogqsp-haddad-2.jpg","datePublished":"2018-11-07T14:00:53+00:00","breadcrumb":{"@id":"https:\/\/blogdofarnesio.com.br\/?p=213949#breadcrumb"},"inLanguage":"pt-BR","potentialAction":[{"@type":"ReadAction","target":["https:\/\/blogdofarnesio.com.br\/?p=213949"]}]},{"@type":"ImageObject","inLanguage":"pt-BR","@id":"https:\/\/blogdofarnesio.com.br\/?p=213949#primaryimage","url":"https:\/\/blogdofarnesio.com.br\/wp-content\/uploads\/2018\/09\/blogqsp-haddad-2.jpg","contentUrl":"https:\/\/blogdofarnesio.com.br\/wp-content\/uploads\/2018\/09\/blogqsp-haddad-2.jpg","width":380,"height":280},{"@type":"BreadcrumbList","@id":"https:\/\/blogdofarnesio.com.br\/?p=213949#breadcrumb","itemListElement":[{"@type":"ListItem","position":1,"name":"In\u00edcio","item":"https:\/\/blogdofarnesio.com.br\/"},{"@type":"ListItem","position":2,"name":"HADDAD VAI VISITAR LULA EM CURITIBA NESTA QUARTA-FEIRA"}]},{"@type":"WebSite","@id":"https:\/\/blogdofarnesio.com.br\/#website","url":"https:\/\/blogdofarnesio.com.br\/","name":"Blog do Farn\u00e9sio","description":"Quer Saber Pol\u00edtica?","publisher":{"@id":"https:\/\/blogdofarnesio.com.br\/#organization"},"potentialAction":[{"@type":"SearchAction","target":{"@type":"EntryPoint","urlTemplate":"https:\/\/blogdofarnesio.com.br\/?s={search_term_string}"},"query-input":{"@type":"PropertyValueSpecification","valueRequired":true,"valueName":"search_term_string"}}],"inLanguage":"pt-BR"},{"@type":"Organization","@id":"https:\/\/blogdofarnesio.com.br\/#organization","name":"Blog do Farn\u00e9sio","url":"https:\/\/blogdofarnesio.com.br\/","logo":{"@type":"ImageObject","inLanguage":"pt-BR","@id":"https:\/\/blogdofarnesio.com.br\/#\/schema\/logo\/image\/","url":"https:\/\/blogdofarnesio.com.br\/wp-content\/uploads\/2026\/03\/cropped-logo_new-1.png","contentUrl":"https:\/\/blogdofarnesio.com.br\/wp-content\/uploads\/2026\/03\/cropped-logo_new-1.png","width":881,"height":685,"caption":"Blog do Farn\u00e9sio"},"image":{"@id":"https:\/\/blogdofarnesio.com.br\/#\/schema\/logo\/image\/"},"sameAs":["https:\/\/www.facebook.com\/BlogQuerSaberPolitica\/"]},{"@type":"Person","@id":"https:\/\/blogdofarnesio.com.br\/#\/schema\/person\/301c4acf522bccbfdb45af95b5b906a1","name":"Farn\u00e9sio","image":{"@type":"ImageObject","inLanguage":"pt-BR","@id":"https:\/\/secure.gravatar.com\/avatar\/df0c9a14567c056f8ad6876ba5bbd1e3e2c48023eb6807342fc4663adf549f38?s=96&d=mm&r=g","url":"https:\/\/secure.gravatar.com\/avatar\/df0c9a14567c056f8ad6876ba5bbd1e3e2c48023eb6807342fc4663adf549f38?s=96&d=mm&r=g","contentUrl":"https:\/\/secure.gravatar.com\/avatar\/df0c9a14567c056f8ad6876ba5bbd1e3e2c48023eb6807342fc4663adf549f38?s=96&d=mm&r=g","caption":"Farn\u00e9sio"},"sameAs":["https:\/\/quersaberpolitica.com.br"],"url":"https:\/\/blogdofarnesio.com.br\/?author=1"}]}},"_links":{"self":[{"href":"https:\/\/blogdofarnesio.com.br\/index.php?rest_route=\/wp\/v2\/posts\/213949","targetHints":{"allow":["GET"]}}],"collection":[{"href":"https:\/\/blogdofarnesio.com.br\/index.php?rest_route=\/wp\/v2\/posts"}],"about":[{"href":"https:\/\/blogdofarnesio.com.br\/index.php?rest_route=\/wp\/v2\/types\/post"}],"author":[{"embeddable":true,"href":"https:\/\/blogdofarnesio.com.br\/index.php?rest_route=\/wp\/v2\/users\/1"}],"replies":[{"embeddable":true,"href":"https:\/\/blogdofarnesio.com.br\/index.php?rest_route=%2Fwp%2Fv2%2Fcomments&post=213949"}],"version-history":[{"count":0,"href":"https:\/\/blogdofarnesio.com.br\/index.php?rest_route=\/wp\/v2\/posts\/213949\/revisions"}],"wp:featuredmedia":[{"embeddable":true,"href":"https:\/\/blogdofarnesio.com.br\/index.php?rest_route=\/wp\/v2\/media\/210495"}],"wp:attachment":[{"href":"https:\/\/blogdofarnesio.com.br\/index.php?rest_route=%2Fwp%2Fv2%2Fmedia&parent=213949"}],"wp:term":[{"taxonomy":"category","embeddable":true,"href":"https:\/\/blogdofarnesio.com.br\/index.php?rest_route=%2Fwp%2Fv2%2Fcategories&post=213949"},{"taxonomy":"post_tag","embeddable":true,"href":"https:\/\/blogdofarnesio.com.br\/index.php?rest_route=%2Fwp%2Fv2%2Ftags&post=213949"}],"curies":[{"name":"wp","href":"https:\/\/api.w.org\/{rel}","templated":true}]}}