{"id":213702,"date":"2018-11-04T10:31:57","date_gmt":"2018-11-04T13:31:57","guid":{"rendered":"http:\/\/quersaberpolitica.com.br\/2016\/?p=213702"},"modified":"2018-11-05T09:56:06","modified_gmt":"2018-11-05T12:56:06","slug":"praca-dos-tres-poderes-cartao-postal-e-simbolo-da-republica-e-o-retrato-do-abandono","status":"publish","type":"post","link":"https:\/\/blogdofarnesio.com.br\/?p=213702","title":{"rendered":"PRA\u00c7A DOS TR\u00caS PODERES, CART\u00c3O POSTAL E S\u00cdMBOLO DA REP\u00daBLICA \u00c9 O RETRATO DO ABANDONO"},"content":{"rendered":"<p>Cl\u00e1udio Humberto &#8211;<\/p>\n<p>As pedras portuguesas imundas, encardidas, escurecidas e o mato brotando na porta do Supremo. A Pra\u00e7a dos Tr\u00eas Poderes, em Bras\u00edlia, a mais representativa das institui\u00e7\u00f5es brasileiras, \u00e9 o pr\u00f3prio retrato do abandono. Sugere uma cidade fantasma n\u00e3o fosse pela presen\u00e7a de turistas, muitos turistas, e o movimento fren\u00e9tico de ve\u00edculos.<\/p>\n<p>As pedras portuguesas caracter\u00edsticas, que eram brancas, agora est\u00e3o escurecidas pela sujeira e em alguns pontos at\u00e9 parecem negras. Entre elas brotam mato que chegam a meio metro de altura.<\/p>\n<p>A vergonha dos brasileiros que visitam a Pra\u00e7a dos Tr\u00eas Poderes \u00e9 percebida em cada rosto que se depara com os buracos, a sujeita, o desleixo.<\/p>\n<p><strong>Buracos na Pra\u00e7a: estranha que as pedras soltas n\u00e3o tenham sido utilizadas por manifestantes radicalizados.<\/strong><\/p>\n<p>N\u00e3o h\u00e1 lixeiras na Pra\u00e7a dos Tr\u00eas Poderes, mas h\u00e1 lixo espalhado. Pichadores fizeram sua parte, emporcalhando o acesso \u00e0 enorme maquete da cidade idealizada pelo urbanista L\u00facio Costa e enfeitada pelos pr\u00e9dios do arquiteto Oscar Niemeyer. Ali\u00e1s, a pr\u00f3pria maquete est\u00e1 mal conservada, desatualizada, a ilumina\u00e7\u00e3o \u00e9 prec\u00e1ria, improvisada, inexistente em alguns pontos .<\/p>\n<p>Ningu\u00e9m se importa?<br \/>\nA impress\u00e3o \u00e9 que ningu\u00e9m faz nada porque somente turistas e camel\u00f4s freq\u00fcentam aquele lugar. Ou suas excel\u00eancias os chefes de Poder precisam com urg\u00eancia agendar consulta com os respectivos oftalmologistas.<\/p>\n<p><strong>Museu cercado de buracos, mato e sujeira.<\/strong><\/p>\n<p>N\u00e3o se pode imaginar por que o presidente da Rep\u00fablica, que passa diariamente pela Pra\u00e7a dos Tr\u00eas Poderes, e nem o presidente do Supremo Tribunal Federal (STF), de cujo gabinete a contempla, n\u00e3o se sintam no dever de passar a m\u00e3o no telefone e solicitar provid\u00eancias ao governador do Distrito Federal. Ou mandar que seus chefes de gabinete se entendam com os incompetentes que chefiam a Novacap, empresa p\u00fablica do DF respons\u00e1vel pela conserva\u00e7\u00e3o da cidade.<\/p>\n<p>Como em qualquer cidade tur\u00edstica, tamb\u00e9m ali h\u00e1 uma placa enorme com o mapa que mostra onde voc\u00ea est\u00e1 e o caminho que deve seguir para seu destino. O problema \u00e9 que o mapa est\u00e1 ileg\u00edvel, queimado e escurecido pelo sol h\u00e1 anos, com evid\u00eancias de nunca ter sido trocado. Em vez de mapa, h\u00e1 um quadro manchado.<\/p>\n<p>O mapa queimado est\u00e1 a tr\u00eas metros da descida da antiga Casa de Ch\u00e1, que passou 15 anos fechada, \u201cem reforma\u201d, e foi reinaugurada com festa em 2010 com um jantar oferecido a 150 convidados.<\/p>\n<p>Mas, depois do fingimento, a Casa de Ch\u00e1 saiu pelo ralo e o espa\u00e7o, esp\u00e9cie de subsolo da Pra\u00e7a dos Tr\u00eas Poderes, virou um \u201cCentro de Atendimento ao Turista\u201d que vive \u00e0s moscas, por falta de turistas frustrados pela falta de material de divulga\u00e7\u00e3o.<\/p>\n<p>Al\u00e9m da pr\u00f3pria Pra\u00e7a \u00e0s tra\u00e7as, at\u00e9 a pista que a circunda \u00e9 uma vergonha. No acesso \u00e0 via que passa em frente ao Planalto s\u00e3o tantas as ondula\u00e7\u00f5es que talvez fosse melhor n\u00e3o haver pavimento.<\/p>\n<p>Omiss\u00e3o dos Tr\u00eas Poderes<br \/>\nN\u00e3o se espera muito dos chefes do Poder Legislativo, que sempre esteve de costas para a Pra\u00e7a dos Tr\u00eas Poderes por decis\u00e3o do autor do projeto arquitet\u00f4nico do Congresso Nacional. Estudiosos da hist\u00f3ria de Bras\u00edlia garantem que o projeto original de Niemeyer deixava o Congresso voltado para a Pra\u00e7a. S\u00f3 que n\u00e3o.<\/p>\n<p>J\u00e1 o Pal\u00e1cio do Planalto, sede do Poder Executivo, que est\u00e1 no lado norte da pra\u00e7a, tamb\u00e9m ajudou a enfear a Pra\u00e7a com uma profus\u00e3o de grades mandadas instalar nos governo do PT, com o objetivo de manter \u00e0 dist\u00e2ncia a insatisfa\u00e7\u00e3o popular.<\/p>\n<p>No lado Sul da Pra\u00e7a, a bela escultura da Justi\u00e7a, lapidada pelo g\u00eanio de Alfredo Ceschiatti, representa com sua venda nos olhos a cegueira do Supremo Tribunal Federal (STF) diante da sujeira e do abando contemplados do gabinete da sua presid\u00eancia.<\/p>\n<p>Mapa tur\u00edstico queimado na Pra\u00e7a dos Tr\u00eas Poderes: desleixo, abandono, deboche.<\/p>\n","protected":false},"excerpt":{"rendered":"<p>Cl\u00e1udio Humberto &#8211; As pedras portuguesas imundas, encardidas, escurecidas e o mato brotando na porta do Supremo. A Pra\u00e7a dos Tr\u00eas Poderes, em Bras\u00edlia, a mais representativa das institui\u00e7\u00f5es brasileiras, \u00e9 o pr\u00f3prio retrato do abandono. Sugere uma cidade fantasma n\u00e3o fosse pela presen\u00e7a de turistas, muitos turistas, e o movimento fren\u00e9tico de ve\u00edculos. As pedras portuguesas caracter\u00edsticas, que eram brancas, agora est\u00e3o escurecidas pela sujeira e em alguns pontos at\u00e9 parecem negras. Entre elas brotam mato que chegam a meio metro de altura. A vergonha dos brasileiros que visitam a Pra\u00e7a dos Tr\u00eas Poderes \u00e9 percebida em cada rosto que se depara com os buracos, a sujeita, o desleixo. Buracos na Pra\u00e7a: estranha que as pedras soltas n\u00e3o tenham&hellip; <\/p>\n","protected":false},"author":1,"featured_media":213703,"comment_status":"closed","ping_status":"closed","sticky":false,"template":"","format":"standard","meta":{"_acf_changed":false,"footnotes":""},"categories":[23],"tags":[],"class_list":["post-213702","post","type-post","status-publish","format-standard","has-post-thumbnail","hentry","category-justica"],"acf":[],"yoast_head":"<!-- This site is optimized with the Yoast SEO plugin v27.4 - https:\/\/yoast.com\/product\/yoast-seo-wordpress\/ -->\n<title>PRA\u00c7A DOS TR\u00caS PODERES, CART\u00c3O POSTAL E S\u00cdMBOLO DA REP\u00daBLICA \u00c9 O RETRATO DO ABANDONO - Blog do Farn\u00e9sio<\/title>\n<meta name=\"robots\" content=\"index, follow, max-snippet:-1, max-image-preview:large, max-video-preview:-1\" \/>\n<link rel=\"canonical\" href=\"https:\/\/blogdofarnesio.com.br\/?p=213702\" \/>\n<meta property=\"og:locale\" content=\"pt_BR\" \/>\n<meta property=\"og:type\" content=\"article\" \/>\n<meta property=\"og:title\" content=\"PRA\u00c7A DOS TR\u00caS PODERES, CART\u00c3O POSTAL E S\u00cdMBOLO DA REP\u00daBLICA \u00c9 O RETRATO DO ABANDONO - Blog do Farn\u00e9sio\" \/>\n<meta property=\"og:description\" content=\"Cl\u00e1udio Humberto &#8211; As pedras portuguesas imundas, encardidas, escurecidas e o mato brotando na porta do Supremo. A Pra\u00e7a dos Tr\u00eas Poderes, em Bras\u00edlia, a mais representativa das institui\u00e7\u00f5es brasileiras, \u00e9 o pr\u00f3prio retrato do abandono. Sugere uma cidade fantasma n\u00e3o fosse pela presen\u00e7a de turistas, muitos turistas, e o movimento fren\u00e9tico de ve\u00edculos. As pedras portuguesas caracter\u00edsticas, que eram brancas, agora est\u00e3o escurecidas pela sujeira e em alguns pontos at\u00e9 parecem negras. Entre elas brotam mato que chegam a meio metro de altura. A vergonha dos brasileiros que visitam a Pra\u00e7a dos Tr\u00eas Poderes \u00e9 percebida em cada rosto que se depara com os buracos, a sujeita, o desleixo. Buracos na Pra\u00e7a: estranha que as pedras soltas n\u00e3o tenham&hellip;\" \/>\n<meta property=\"og:url\" content=\"https:\/\/blogdofarnesio.com.br\/?p=213702\" \/>\n<meta property=\"og:site_name\" content=\"Blog do Farn\u00e9sio\" \/>\n<meta property=\"article:publisher\" content=\"https:\/\/www.facebook.com\/BlogQuerSaberPolitica\/\" \/>\n<meta property=\"article:published_time\" content=\"2018-11-04T13:31:57+00:00\" \/>\n<meta property=\"article:modified_time\" content=\"2018-11-05T12:56:06+00:00\" \/>\n<meta property=\"og:image\" content=\"https:\/\/blogdofarnesio.com.br\/wp-content\/uploads\/2018\/11\/blogqsppraca-dos-tres-poderes-01-e1541256330970-1024x576-e1541287549488.jpg\" \/>\n\t<meta property=\"og:image:width\" content=\"624\" \/>\n\t<meta property=\"og:image:height\" content=\"351\" \/>\n\t<meta property=\"og:image:type\" content=\"image\/jpeg\" \/>\n<meta name=\"author\" content=\"Farn\u00e9sio\" \/>\n<meta name=\"twitter:card\" content=\"summary_large_image\" \/>\n<meta name=\"twitter:label1\" content=\"Escrito por\" \/>\n\t<meta name=\"twitter:data1\" content=\"Farn\u00e9sio\" \/>\n\t<meta name=\"twitter:label2\" content=\"Est. tempo de leitura\" \/>\n\t<meta name=\"twitter:data2\" content=\"3 minutos\" \/>\n<script type=\"application\/ld+json\" class=\"yoast-schema-graph\">{\"@context\":\"https:\\\/\\\/schema.org\",\"@graph\":[{\"@type\":\"Article\",\"@id\":\"https:\\\/\\\/blogdofarnesio.com.br\\\/?p=213702#article\",\"isPartOf\":{\"@id\":\"https:\\\/\\\/blogdofarnesio.com.br\\\/?p=213702\"},\"author\":{\"name\":\"Farn\u00e9sio\",\"@id\":\"https:\\\/\\\/blogdofarnesio.com.br\\\/#\\\/schema\\\/person\\\/301c4acf522bccbfdb45af95b5b906a1\"},\"headline\":\"PRA\u00c7A DOS TR\u00caS PODERES, CART\u00c3O POSTAL E S\u00cdMBOLO DA REP\u00daBLICA \u00c9 O RETRATO DO ABANDONO\",\"datePublished\":\"2018-11-04T13:31:57+00:00\",\"dateModified\":\"2018-11-05T12:56:06+00:00\",\"mainEntityOfPage\":{\"@id\":\"https:\\\/\\\/blogdofarnesio.com.br\\\/?p=213702\"},\"wordCount\":711,\"publisher\":{\"@id\":\"https:\\\/\\\/blogdofarnesio.com.br\\\/#organization\"},\"image\":{\"@id\":\"https:\\\/\\\/blogdofarnesio.com.br\\\/?p=213702#primaryimage\"},\"thumbnailUrl\":\"https:\\\/\\\/blogdofarnesio.com.br\\\/wp-content\\\/uploads\\\/2018\\\/11\\\/blogqsppraca-dos-tres-poderes-01-e1541256330970-1024x576-e1541287549488.jpg\",\"articleSection\":[\"Justi\u00e7a\"],\"inLanguage\":\"pt-BR\"},{\"@type\":\"WebPage\",\"@id\":\"https:\\\/\\\/blogdofarnesio.com.br\\\/?p=213702\",\"url\":\"https:\\\/\\\/blogdofarnesio.com.br\\\/?p=213702\",\"name\":\"PRA\u00c7A DOS TR\u00caS PODERES, CART\u00c3O POSTAL E S\u00cdMBOLO DA REP\u00daBLICA \u00c9 O RETRATO DO ABANDONO - Blog do Farn\u00e9sio\",\"isPartOf\":{\"@id\":\"https:\\\/\\\/blogdofarnesio.com.br\\\/#website\"},\"primaryImageOfPage\":{\"@id\":\"https:\\\/\\\/blogdofarnesio.com.br\\\/?p=213702#primaryimage\"},\"image\":{\"@id\":\"https:\\\/\\\/blogdofarnesio.com.br\\\/?p=213702#primaryimage\"},\"thumbnailUrl\":\"https:\\\/\\\/blogdofarnesio.com.br\\\/wp-content\\\/uploads\\\/2018\\\/11\\\/blogqsppraca-dos-tres-poderes-01-e1541256330970-1024x576-e1541287549488.jpg\",\"datePublished\":\"2018-11-04T13:31:57+00:00\",\"dateModified\":\"2018-11-05T12:56:06+00:00\",\"breadcrumb\":{\"@id\":\"https:\\\/\\\/blogdofarnesio.com.br\\\/?p=213702#breadcrumb\"},\"inLanguage\":\"pt-BR\",\"potentialAction\":[{\"@type\":\"ReadAction\",\"target\":[\"https:\\\/\\\/blogdofarnesio.com.br\\\/?p=213702\"]}]},{\"@type\":\"ImageObject\",\"inLanguage\":\"pt-BR\",\"@id\":\"https:\\\/\\\/blogdofarnesio.com.br\\\/?p=213702#primaryimage\",\"url\":\"https:\\\/\\\/blogdofarnesio.com.br\\\/wp-content\\\/uploads\\\/2018\\\/11\\\/blogqsppraca-dos-tres-poderes-01-e1541256330970-1024x576-e1541287549488.jpg\",\"contentUrl\":\"https:\\\/\\\/blogdofarnesio.com.br\\\/wp-content\\\/uploads\\\/2018\\\/11\\\/blogqsppraca-dos-tres-poderes-01-e1541256330970-1024x576-e1541287549488.jpg\",\"width\":624,\"height\":351},{\"@type\":\"BreadcrumbList\",\"@id\":\"https:\\\/\\\/blogdofarnesio.com.br\\\/?p=213702#breadcrumb\",\"itemListElement\":[{\"@type\":\"ListItem\",\"position\":1,\"name\":\"In\u00edcio\",\"item\":\"https:\\\/\\\/blogdofarnesio.com.br\\\/\"},{\"@type\":\"ListItem\",\"position\":2,\"name\":\"PRA\u00c7A DOS TR\u00caS PODERES, CART\u00c3O POSTAL E S\u00cdMBOLO DA REP\u00daBLICA \u00c9 O RETRATO DO ABANDONO\"}]},{\"@type\":\"WebSite\",\"@id\":\"https:\\\/\\\/blogdofarnesio.com.br\\\/#website\",\"url\":\"https:\\\/\\\/blogdofarnesio.com.br\\\/\",\"name\":\"Blog do Farn\u00e9sio\",\"description\":\"Quer Saber Pol\u00edtica?\",\"publisher\":{\"@id\":\"https:\\\/\\\/blogdofarnesio.com.br\\\/#organization\"},\"potentialAction\":[{\"@type\":\"SearchAction\",\"target\":{\"@type\":\"EntryPoint\",\"urlTemplate\":\"https:\\\/\\\/blogdofarnesio.com.br\\\/?s={search_term_string}\"},\"query-input\":{\"@type\":\"PropertyValueSpecification\",\"valueRequired\":true,\"valueName\":\"search_term_string\"}}],\"inLanguage\":\"pt-BR\"},{\"@type\":\"Organization\",\"@id\":\"https:\\\/\\\/blogdofarnesio.com.br\\\/#organization\",\"name\":\"Blog do Farn\u00e9sio\",\"url\":\"https:\\\/\\\/blogdofarnesio.com.br\\\/\",\"logo\":{\"@type\":\"ImageObject\",\"inLanguage\":\"pt-BR\",\"@id\":\"https:\\\/\\\/blogdofarnesio.com.br\\\/#\\\/schema\\\/logo\\\/image\\\/\",\"url\":\"https:\\\/\\\/blogdofarnesio.com.br\\\/wp-content\\\/uploads\\\/2026\\\/03\\\/cropped-logo_new-1.png\",\"contentUrl\":\"https:\\\/\\\/blogdofarnesio.com.br\\\/wp-content\\\/uploads\\\/2026\\\/03\\\/cropped-logo_new-1.png\",\"width\":881,\"height\":685,\"caption\":\"Blog do Farn\u00e9sio\"},\"image\":{\"@id\":\"https:\\\/\\\/blogdofarnesio.com.br\\\/#\\\/schema\\\/logo\\\/image\\\/\"},\"sameAs\":[\"https:\\\/\\\/www.facebook.com\\\/BlogQuerSaberPolitica\\\/\"]},{\"@type\":\"Person\",\"@id\":\"https:\\\/\\\/blogdofarnesio.com.br\\\/#\\\/schema\\\/person\\\/301c4acf522bccbfdb45af95b5b906a1\",\"name\":\"Farn\u00e9sio\",\"image\":{\"@type\":\"ImageObject\",\"inLanguage\":\"pt-BR\",\"@id\":\"https:\\\/\\\/secure.gravatar.com\\\/avatar\\\/df0c9a14567c056f8ad6876ba5bbd1e3e2c48023eb6807342fc4663adf549f38?s=96&d=mm&r=g\",\"url\":\"https:\\\/\\\/secure.gravatar.com\\\/avatar\\\/df0c9a14567c056f8ad6876ba5bbd1e3e2c48023eb6807342fc4663adf549f38?s=96&d=mm&r=g\",\"contentUrl\":\"https:\\\/\\\/secure.gravatar.com\\\/avatar\\\/df0c9a14567c056f8ad6876ba5bbd1e3e2c48023eb6807342fc4663adf549f38?s=96&d=mm&r=g\",\"caption\":\"Farn\u00e9sio\"},\"sameAs\":[\"https:\\\/\\\/quersaberpolitica.com.br\"],\"url\":\"https:\\\/\\\/blogdofarnesio.com.br\\\/?author=1\"}]}<\/script>\n<!-- \/ Yoast SEO plugin. -->","yoast_head_json":{"title":"PRA\u00c7A DOS TR\u00caS PODERES, CART\u00c3O POSTAL E S\u00cdMBOLO DA REP\u00daBLICA \u00c9 O RETRATO DO ABANDONO - Blog do Farn\u00e9sio","robots":{"index":"index","follow":"follow","max-snippet":"max-snippet:-1","max-image-preview":"max-image-preview:large","max-video-preview":"max-video-preview:-1"},"canonical":"https:\/\/blogdofarnesio.com.br\/?p=213702","og_locale":"pt_BR","og_type":"article","og_title":"PRA\u00c7A DOS TR\u00caS PODERES, CART\u00c3O POSTAL E S\u00cdMBOLO DA REP\u00daBLICA \u00c9 O RETRATO DO ABANDONO - Blog do Farn\u00e9sio","og_description":"Cl\u00e1udio Humberto &#8211; As pedras portuguesas imundas, encardidas, escurecidas e o mato brotando na porta do Supremo. A Pra\u00e7a dos Tr\u00eas Poderes, em Bras\u00edlia, a mais representativa das institui\u00e7\u00f5es brasileiras, \u00e9 o pr\u00f3prio retrato do abandono. Sugere uma cidade fantasma n\u00e3o fosse pela presen\u00e7a de turistas, muitos turistas, e o movimento fren\u00e9tico de ve\u00edculos. As pedras portuguesas caracter\u00edsticas, que eram brancas, agora est\u00e3o escurecidas pela sujeira e em alguns pontos at\u00e9 parecem negras. Entre elas brotam mato que chegam a meio metro de altura. A vergonha dos brasileiros que visitam a Pra\u00e7a dos Tr\u00eas Poderes \u00e9 percebida em cada rosto que se depara com os buracos, a sujeita, o desleixo. Buracos na Pra\u00e7a: estranha que as pedras soltas n\u00e3o tenham&hellip;","og_url":"https:\/\/blogdofarnesio.com.br\/?p=213702","og_site_name":"Blog do Farn\u00e9sio","article_publisher":"https:\/\/www.facebook.com\/BlogQuerSaberPolitica\/","article_published_time":"2018-11-04T13:31:57+00:00","article_modified_time":"2018-11-05T12:56:06+00:00","og_image":[{"width":624,"height":351,"url":"https:\/\/blogdofarnesio.com.br\/wp-content\/uploads\/2018\/11\/blogqsppraca-dos-tres-poderes-01-e1541256330970-1024x576-e1541287549488.jpg","type":"image\/jpeg"}],"author":"Farn\u00e9sio","twitter_card":"summary_large_image","twitter_misc":{"Escrito por":"Farn\u00e9sio","Est. tempo de leitura":"3 minutos"},"schema":{"@context":"https:\/\/schema.org","@graph":[{"@type":"Article","@id":"https:\/\/blogdofarnesio.com.br\/?p=213702#article","isPartOf":{"@id":"https:\/\/blogdofarnesio.com.br\/?p=213702"},"author":{"name":"Farn\u00e9sio","@id":"https:\/\/blogdofarnesio.com.br\/#\/schema\/person\/301c4acf522bccbfdb45af95b5b906a1"},"headline":"PRA\u00c7A DOS TR\u00caS PODERES, CART\u00c3O POSTAL E S\u00cdMBOLO DA REP\u00daBLICA \u00c9 O RETRATO DO ABANDONO","datePublished":"2018-11-04T13:31:57+00:00","dateModified":"2018-11-05T12:56:06+00:00","mainEntityOfPage":{"@id":"https:\/\/blogdofarnesio.com.br\/?p=213702"},"wordCount":711,"publisher":{"@id":"https:\/\/blogdofarnesio.com.br\/#organization"},"image":{"@id":"https:\/\/blogdofarnesio.com.br\/?p=213702#primaryimage"},"thumbnailUrl":"https:\/\/blogdofarnesio.com.br\/wp-content\/uploads\/2018\/11\/blogqsppraca-dos-tres-poderes-01-e1541256330970-1024x576-e1541287549488.jpg","articleSection":["Justi\u00e7a"],"inLanguage":"pt-BR"},{"@type":"WebPage","@id":"https:\/\/blogdofarnesio.com.br\/?p=213702","url":"https:\/\/blogdofarnesio.com.br\/?p=213702","name":"PRA\u00c7A DOS TR\u00caS PODERES, CART\u00c3O POSTAL E S\u00cdMBOLO DA REP\u00daBLICA \u00c9 O RETRATO DO ABANDONO - Blog do Farn\u00e9sio","isPartOf":{"@id":"https:\/\/blogdofarnesio.com.br\/#website"},"primaryImageOfPage":{"@id":"https:\/\/blogdofarnesio.com.br\/?p=213702#primaryimage"},"image":{"@id":"https:\/\/blogdofarnesio.com.br\/?p=213702#primaryimage"},"thumbnailUrl":"https:\/\/blogdofarnesio.com.br\/wp-content\/uploads\/2018\/11\/blogqsppraca-dos-tres-poderes-01-e1541256330970-1024x576-e1541287549488.jpg","datePublished":"2018-11-04T13:31:57+00:00","dateModified":"2018-11-05T12:56:06+00:00","breadcrumb":{"@id":"https:\/\/blogdofarnesio.com.br\/?p=213702#breadcrumb"},"inLanguage":"pt-BR","potentialAction":[{"@type":"ReadAction","target":["https:\/\/blogdofarnesio.com.br\/?p=213702"]}]},{"@type":"ImageObject","inLanguage":"pt-BR","@id":"https:\/\/blogdofarnesio.com.br\/?p=213702#primaryimage","url":"https:\/\/blogdofarnesio.com.br\/wp-content\/uploads\/2018\/11\/blogqsppraca-dos-tres-poderes-01-e1541256330970-1024x576-e1541287549488.jpg","contentUrl":"https:\/\/blogdofarnesio.com.br\/wp-content\/uploads\/2018\/11\/blogqsppraca-dos-tres-poderes-01-e1541256330970-1024x576-e1541287549488.jpg","width":624,"height":351},{"@type":"BreadcrumbList","@id":"https:\/\/blogdofarnesio.com.br\/?p=213702#breadcrumb","itemListElement":[{"@type":"ListItem","position":1,"name":"In\u00edcio","item":"https:\/\/blogdofarnesio.com.br\/"},{"@type":"ListItem","position":2,"name":"PRA\u00c7A DOS TR\u00caS PODERES, CART\u00c3O POSTAL E S\u00cdMBOLO DA REP\u00daBLICA \u00c9 O RETRATO DO ABANDONO"}]},{"@type":"WebSite","@id":"https:\/\/blogdofarnesio.com.br\/#website","url":"https:\/\/blogdofarnesio.com.br\/","name":"Blog do Farn\u00e9sio","description":"Quer Saber Pol\u00edtica?","publisher":{"@id":"https:\/\/blogdofarnesio.com.br\/#organization"},"potentialAction":[{"@type":"SearchAction","target":{"@type":"EntryPoint","urlTemplate":"https:\/\/blogdofarnesio.com.br\/?s={search_term_string}"},"query-input":{"@type":"PropertyValueSpecification","valueRequired":true,"valueName":"search_term_string"}}],"inLanguage":"pt-BR"},{"@type":"Organization","@id":"https:\/\/blogdofarnesio.com.br\/#organization","name":"Blog do Farn\u00e9sio","url":"https:\/\/blogdofarnesio.com.br\/","logo":{"@type":"ImageObject","inLanguage":"pt-BR","@id":"https:\/\/blogdofarnesio.com.br\/#\/schema\/logo\/image\/","url":"https:\/\/blogdofarnesio.com.br\/wp-content\/uploads\/2026\/03\/cropped-logo_new-1.png","contentUrl":"https:\/\/blogdofarnesio.com.br\/wp-content\/uploads\/2026\/03\/cropped-logo_new-1.png","width":881,"height":685,"caption":"Blog do Farn\u00e9sio"},"image":{"@id":"https:\/\/blogdofarnesio.com.br\/#\/schema\/logo\/image\/"},"sameAs":["https:\/\/www.facebook.com\/BlogQuerSaberPolitica\/"]},{"@type":"Person","@id":"https:\/\/blogdofarnesio.com.br\/#\/schema\/person\/301c4acf522bccbfdb45af95b5b906a1","name":"Farn\u00e9sio","image":{"@type":"ImageObject","inLanguage":"pt-BR","@id":"https:\/\/secure.gravatar.com\/avatar\/df0c9a14567c056f8ad6876ba5bbd1e3e2c48023eb6807342fc4663adf549f38?s=96&d=mm&r=g","url":"https:\/\/secure.gravatar.com\/avatar\/df0c9a14567c056f8ad6876ba5bbd1e3e2c48023eb6807342fc4663adf549f38?s=96&d=mm&r=g","contentUrl":"https:\/\/secure.gravatar.com\/avatar\/df0c9a14567c056f8ad6876ba5bbd1e3e2c48023eb6807342fc4663adf549f38?s=96&d=mm&r=g","caption":"Farn\u00e9sio"},"sameAs":["https:\/\/quersaberpolitica.com.br"],"url":"https:\/\/blogdofarnesio.com.br\/?author=1"}]}},"_links":{"self":[{"href":"https:\/\/blogdofarnesio.com.br\/index.php?rest_route=\/wp\/v2\/posts\/213702","targetHints":{"allow":["GET"]}}],"collection":[{"href":"https:\/\/blogdofarnesio.com.br\/index.php?rest_route=\/wp\/v2\/posts"}],"about":[{"href":"https:\/\/blogdofarnesio.com.br\/index.php?rest_route=\/wp\/v2\/types\/post"}],"author":[{"embeddable":true,"href":"https:\/\/blogdofarnesio.com.br\/index.php?rest_route=\/wp\/v2\/users\/1"}],"replies":[{"embeddable":true,"href":"https:\/\/blogdofarnesio.com.br\/index.php?rest_route=%2Fwp%2Fv2%2Fcomments&post=213702"}],"version-history":[{"count":0,"href":"https:\/\/blogdofarnesio.com.br\/index.php?rest_route=\/wp\/v2\/posts\/213702\/revisions"}],"wp:featuredmedia":[{"embeddable":true,"href":"https:\/\/blogdofarnesio.com.br\/index.php?rest_route=\/wp\/v2\/media\/213703"}],"wp:attachment":[{"href":"https:\/\/blogdofarnesio.com.br\/index.php?rest_route=%2Fwp%2Fv2%2Fmedia&parent=213702"}],"wp:term":[{"taxonomy":"category","embeddable":true,"href":"https:\/\/blogdofarnesio.com.br\/index.php?rest_route=%2Fwp%2Fv2%2Fcategories&post=213702"},{"taxonomy":"post_tag","embeddable":true,"href":"https:\/\/blogdofarnesio.com.br\/index.php?rest_route=%2Fwp%2Fv2%2Ftags&post=213702"}],"curies":[{"name":"wp","href":"https:\/\/api.w.org\/{rel}","templated":true}]}}