{"id":213497,"date":"2018-11-04T10:00:57","date_gmt":"2018-11-04T13:00:57","guid":{"rendered":"http:\/\/quersaberpolitica.com.br\/2016\/?p=213497"},"modified":"2018-11-03T19:49:38","modified_gmt":"2018-11-03T22:49:38","slug":"samu-ministra-curso-de-primeiros-socorros-em-comemoracao-aos-14-anos-de-servico-em-petrolina","status":"publish","type":"post","link":"https:\/\/blogdofarnesio.com.br\/?p=213497","title":{"rendered":"SAMU\/PETROLINA PREPARA CURSO DE PRIMEIROS SOCORROS EM COMEMORA\u00c7\u00c3O AOS 14 ANOS DE SERVI\u00c7O EM PETROLINA"},"content":{"rendered":"<p style=\"font-weight: 400; text-align: justify;\">\u00a0Em novembro, o Servi\u00e7o de Atendimento M\u00f3vel de Urg\u00eancia (SAMU) completa 14 anos de atua\u00e7\u00e3o em Petrolina, e para comemorar a data o Servi\u00e7o ir\u00e1 ofertar um curso de Primeiros Socorros entre os dias 10 e 11 de novembro.<\/p>\n<p style=\"font-weight: 400; text-align: justify;\">\u00a0As inscri\u00e7\u00f5es j\u00e1 est\u00e3o abertas e devem ser feitas na sede do SAMU, que fica na Cohab Massangano at\u00e9 o dia 9 de novembro. Ser\u00e3o disponibilizadas 100 vagas por dia. No s\u00e1bado (10), o curso acontecer\u00e1 das 13h \u00e0s 17h. J\u00e1 no domingo (11), acontece das 8h \u00e0s 12h. Podem participar estudantes de enfermagem, t\u00e9cnicos de enfermagem e sociedade em geral.<\/p>\n<p style=\"font-weight: 400; text-align: justify;\">O curso ser\u00e1 ministrado pelo enfermeiro Nilton Leite, da equipe de socorristas do SAMU, e ter\u00e1 demonstra\u00e7\u00f5es pr\u00e1ticas de primeiros socorros importantes para o cotidiano. De acordo com a coordenadora do \u00f3rg\u00e3o, La\u00eds Cabral, a atividade tem o objetivo de aproximar o SAMU da comunidade.\u00a0<em>\u201cAl\u00e9m de comemorar os nossos 14 anos de servi\u00e7os prestados, nos aproximamos da popula\u00e7\u00e3o e abordamos um assunto que \u00e9 muito utilizado no dia a dia das pessoas. No\u00e7\u00f5es de primeiros socorros podem salvar vidas\u201d,<\/em>\u00a0explica.<\/p>\n<p style=\"font-weight: 400; text-align: justify;\">Para se inscrever, o interessado deve levar um quilo de alimento n\u00e3o perec\u00edvel, que ser\u00e1 doado para institui\u00e7\u00f5es de caridade, al\u00e9m de uma taxa simb\u00f3lica de R$ 10 para os custos com material e lanche.<\/p>\n<p style=\"font-weight: 400; text-align: justify;\">Foto: Divulga\u00e7\u00e3o<\/p>\n<p style=\"font-weight: 400; text-align: justify;\">Texto: Karem Moraes<\/p>\n","protected":false},"excerpt":{"rendered":"<p>\u00a0Em novembro, o Servi\u00e7o de Atendimento M\u00f3vel de Urg\u00eancia (SAMU) completa 14 anos de atua\u00e7\u00e3o em Petrolina, e para comemorar a data o Servi\u00e7o ir\u00e1 ofertar um curso de Primeiros Socorros entre os dias 10 e 11 de novembro. \u00a0As inscri\u00e7\u00f5es j\u00e1 est\u00e3o abertas e devem ser feitas na sede do SAMU, que fica na Cohab Massangano at\u00e9 o dia 9 de novembro. Ser\u00e3o disponibilizadas 100 vagas por dia. No s\u00e1bado (10), o curso acontecer\u00e1 das 13h \u00e0s 17h. J\u00e1 no domingo (11), acontece das 8h \u00e0s 12h. Podem participar estudantes de enfermagem, t\u00e9cnicos de enfermagem e sociedade em geral. O curso ser\u00e1 ministrado pelo enfermeiro Nilton Leite, da equipe de socorristas do SAMU, e ter\u00e1 demonstra\u00e7\u00f5es pr\u00e1ticas de primeiros&hellip; <\/p>\n","protected":false},"author":1,"featured_media":213498,"comment_status":"closed","ping_status":"closed","sticky":false,"template":"","format":"standard","meta":{"_acf_changed":false,"footnotes":""},"categories":[4],"tags":[],"class_list":["post-213497","post","type-post","status-publish","format-standard","has-post-thumbnail","hentry","category-saude"],"acf":[],"yoast_head":"<!-- This site is optimized with the Yoast SEO plugin v27.4 - https:\/\/yoast.com\/product\/yoast-seo-wordpress\/ -->\n<title>SAMU\/PETROLINA PREPARA CURSO DE PRIMEIROS SOCORROS EM COMEMORA\u00c7\u00c3O AOS 14 ANOS DE SERVI\u00c7O EM PETROLINA - Blog do Farn\u00e9sio<\/title>\n<meta name=\"robots\" content=\"index, follow, max-snippet:-1, max-image-preview:large, max-video-preview:-1\" \/>\n<link rel=\"canonical\" href=\"https:\/\/blogdofarnesio.com.br\/?p=213497\" \/>\n<meta property=\"og:locale\" content=\"pt_BR\" \/>\n<meta property=\"og:type\" content=\"article\" \/>\n<meta property=\"og:title\" content=\"SAMU\/PETROLINA PREPARA CURSO DE PRIMEIROS SOCORROS EM COMEMORA\u00c7\u00c3O AOS 14 ANOS DE SERVI\u00c7O EM PETROLINA - Blog do Farn\u00e9sio\" \/>\n<meta property=\"og:description\" content=\"\u00a0Em novembro, o Servi\u00e7o de Atendimento M\u00f3vel de Urg\u00eancia (SAMU) completa 14 anos de atua\u00e7\u00e3o em Petrolina, e para comemorar a data o Servi\u00e7o ir\u00e1 ofertar um curso de Primeiros Socorros entre os dias 10 e 11 de novembro. \u00a0As inscri\u00e7\u00f5es j\u00e1 est\u00e3o abertas e devem ser feitas na sede do SAMU, que fica na Cohab Massangano at\u00e9 o dia 9 de novembro. Ser\u00e3o disponibilizadas 100 vagas por dia. No s\u00e1bado (10), o curso acontecer\u00e1 das 13h \u00e0s 17h. J\u00e1 no domingo (11), acontece das 8h \u00e0s 12h. Podem participar estudantes de enfermagem, t\u00e9cnicos de enfermagem e sociedade em geral. O curso ser\u00e1 ministrado pelo enfermeiro Nilton Leite, da equipe de socorristas do SAMU, e ter\u00e1 demonstra\u00e7\u00f5es pr\u00e1ticas de primeiros&hellip;\" \/>\n<meta property=\"og:url\" content=\"https:\/\/blogdofarnesio.com.br\/?p=213497\" \/>\n<meta property=\"og:site_name\" content=\"Blog do Farn\u00e9sio\" \/>\n<meta property=\"article:publisher\" content=\"https:\/\/www.facebook.com\/BlogQuerSaberPolitica\/\" \/>\n<meta property=\"article:published_time\" content=\"2018-11-04T13:00:57+00:00\" \/>\n<meta property=\"og:image\" content=\"https:\/\/blogdofarnesio.com.br\/wp-content\/uploads\/2018\/10\/blogqsp-Atividades-SAMU-1.jpeg\" \/>\n\t<meta property=\"og:image:width\" content=\"480\" \/>\n\t<meta property=\"og:image:height\" content=\"548\" \/>\n\t<meta property=\"og:image:type\" content=\"image\/jpeg\" \/>\n<meta name=\"author\" content=\"Farn\u00e9sio\" \/>\n<meta name=\"twitter:card\" content=\"summary_large_image\" \/>\n<meta name=\"twitter:label1\" content=\"Escrito por\" \/>\n\t<meta name=\"twitter:data1\" content=\"Farn\u00e9sio\" \/>\n\t<meta name=\"twitter:label2\" content=\"Est. tempo de leitura\" \/>\n\t<meta name=\"twitter:data2\" content=\"1 minuto\" \/>\n<script type=\"application\/ld+json\" class=\"yoast-schema-graph\">{\"@context\":\"https:\\\/\\\/schema.org\",\"@graph\":[{\"@type\":\"Article\",\"@id\":\"https:\\\/\\\/blogdofarnesio.com.br\\\/?p=213497#article\",\"isPartOf\":{\"@id\":\"https:\\\/\\\/blogdofarnesio.com.br\\\/?p=213497\"},\"author\":{\"name\":\"Farn\u00e9sio\",\"@id\":\"https:\\\/\\\/blogdofarnesio.com.br\\\/#\\\/schema\\\/person\\\/301c4acf522bccbfdb45af95b5b906a1\"},\"headline\":\"SAMU\\\/PETROLINA PREPARA CURSO DE PRIMEIROS SOCORROS EM COMEMORA\u00c7\u00c3O AOS 14 ANOS DE SERVI\u00c7O EM PETROLINA\",\"datePublished\":\"2018-11-04T13:00:57+00:00\",\"mainEntityOfPage\":{\"@id\":\"https:\\\/\\\/blogdofarnesio.com.br\\\/?p=213497\"},\"wordCount\":252,\"publisher\":{\"@id\":\"https:\\\/\\\/blogdofarnesio.com.br\\\/#organization\"},\"image\":{\"@id\":\"https:\\\/\\\/blogdofarnesio.com.br\\\/?p=213497#primaryimage\"},\"thumbnailUrl\":\"https:\\\/\\\/blogdofarnesio.com.br\\\/wp-content\\\/uploads\\\/2018\\\/10\\\/blogqsp-Atividades-SAMU-1.jpeg\",\"articleSection\":[\"Sa\u00fade\"],\"inLanguage\":\"pt-BR\"},{\"@type\":\"WebPage\",\"@id\":\"https:\\\/\\\/blogdofarnesio.com.br\\\/?p=213497\",\"url\":\"https:\\\/\\\/blogdofarnesio.com.br\\\/?p=213497\",\"name\":\"SAMU\\\/PETROLINA PREPARA CURSO DE PRIMEIROS SOCORROS EM COMEMORA\u00c7\u00c3O AOS 14 ANOS DE SERVI\u00c7O EM PETROLINA - Blog do Farn\u00e9sio\",\"isPartOf\":{\"@id\":\"https:\\\/\\\/blogdofarnesio.com.br\\\/#website\"},\"primaryImageOfPage\":{\"@id\":\"https:\\\/\\\/blogdofarnesio.com.br\\\/?p=213497#primaryimage\"},\"image\":{\"@id\":\"https:\\\/\\\/blogdofarnesio.com.br\\\/?p=213497#primaryimage\"},\"thumbnailUrl\":\"https:\\\/\\\/blogdofarnesio.com.br\\\/wp-content\\\/uploads\\\/2018\\\/10\\\/blogqsp-Atividades-SAMU-1.jpeg\",\"datePublished\":\"2018-11-04T13:00:57+00:00\",\"breadcrumb\":{\"@id\":\"https:\\\/\\\/blogdofarnesio.com.br\\\/?p=213497#breadcrumb\"},\"inLanguage\":\"pt-BR\",\"potentialAction\":[{\"@type\":\"ReadAction\",\"target\":[\"https:\\\/\\\/blogdofarnesio.com.br\\\/?p=213497\"]}]},{\"@type\":\"ImageObject\",\"inLanguage\":\"pt-BR\",\"@id\":\"https:\\\/\\\/blogdofarnesio.com.br\\\/?p=213497#primaryimage\",\"url\":\"https:\\\/\\\/blogdofarnesio.com.br\\\/wp-content\\\/uploads\\\/2018\\\/10\\\/blogqsp-Atividades-SAMU-1.jpeg\",\"contentUrl\":\"https:\\\/\\\/blogdofarnesio.com.br\\\/wp-content\\\/uploads\\\/2018\\\/10\\\/blogqsp-Atividades-SAMU-1.jpeg\",\"width\":480,\"height\":548},{\"@type\":\"BreadcrumbList\",\"@id\":\"https:\\\/\\\/blogdofarnesio.com.br\\\/?p=213497#breadcrumb\",\"itemListElement\":[{\"@type\":\"ListItem\",\"position\":1,\"name\":\"In\u00edcio\",\"item\":\"https:\\\/\\\/blogdofarnesio.com.br\\\/\"},{\"@type\":\"ListItem\",\"position\":2,\"name\":\"SAMU\\\/PETROLINA PREPARA CURSO DE PRIMEIROS SOCORROS EM COMEMORA\u00c7\u00c3O AOS 14 ANOS DE SERVI\u00c7O EM PETROLINA\"}]},{\"@type\":\"WebSite\",\"@id\":\"https:\\\/\\\/blogdofarnesio.com.br\\\/#website\",\"url\":\"https:\\\/\\\/blogdofarnesio.com.br\\\/\",\"name\":\"Blog do Farn\u00e9sio\",\"description\":\"Quer Saber Pol\u00edtica?\",\"publisher\":{\"@id\":\"https:\\\/\\\/blogdofarnesio.com.br\\\/#organization\"},\"potentialAction\":[{\"@type\":\"SearchAction\",\"target\":{\"@type\":\"EntryPoint\",\"urlTemplate\":\"https:\\\/\\\/blogdofarnesio.com.br\\\/?s={search_term_string}\"},\"query-input\":{\"@type\":\"PropertyValueSpecification\",\"valueRequired\":true,\"valueName\":\"search_term_string\"}}],\"inLanguage\":\"pt-BR\"},{\"@type\":\"Organization\",\"@id\":\"https:\\\/\\\/blogdofarnesio.com.br\\\/#organization\",\"name\":\"Blog do Farn\u00e9sio\",\"url\":\"https:\\\/\\\/blogdofarnesio.com.br\\\/\",\"logo\":{\"@type\":\"ImageObject\",\"inLanguage\":\"pt-BR\",\"@id\":\"https:\\\/\\\/blogdofarnesio.com.br\\\/#\\\/schema\\\/logo\\\/image\\\/\",\"url\":\"https:\\\/\\\/blogdofarnesio.com.br\\\/wp-content\\\/uploads\\\/2026\\\/03\\\/cropped-logo_new-1.png\",\"contentUrl\":\"https:\\\/\\\/blogdofarnesio.com.br\\\/wp-content\\\/uploads\\\/2026\\\/03\\\/cropped-logo_new-1.png\",\"width\":881,\"height\":685,\"caption\":\"Blog do Farn\u00e9sio\"},\"image\":{\"@id\":\"https:\\\/\\\/blogdofarnesio.com.br\\\/#\\\/schema\\\/logo\\\/image\\\/\"},\"sameAs\":[\"https:\\\/\\\/www.facebook.com\\\/BlogQuerSaberPolitica\\\/\"]},{\"@type\":\"Person\",\"@id\":\"https:\\\/\\\/blogdofarnesio.com.br\\\/#\\\/schema\\\/person\\\/301c4acf522bccbfdb45af95b5b906a1\",\"name\":\"Farn\u00e9sio\",\"image\":{\"@type\":\"ImageObject\",\"inLanguage\":\"pt-BR\",\"@id\":\"https:\\\/\\\/secure.gravatar.com\\\/avatar\\\/df0c9a14567c056f8ad6876ba5bbd1e3e2c48023eb6807342fc4663adf549f38?s=96&d=mm&r=g\",\"url\":\"https:\\\/\\\/secure.gravatar.com\\\/avatar\\\/df0c9a14567c056f8ad6876ba5bbd1e3e2c48023eb6807342fc4663adf549f38?s=96&d=mm&r=g\",\"contentUrl\":\"https:\\\/\\\/secure.gravatar.com\\\/avatar\\\/df0c9a14567c056f8ad6876ba5bbd1e3e2c48023eb6807342fc4663adf549f38?s=96&d=mm&r=g\",\"caption\":\"Farn\u00e9sio\"},\"sameAs\":[\"https:\\\/\\\/quersaberpolitica.com.br\"],\"url\":\"https:\\\/\\\/blogdofarnesio.com.br\\\/?author=1\"}]}<\/script>\n<!-- \/ Yoast SEO plugin. -->","yoast_head_json":{"title":"SAMU\/PETROLINA PREPARA CURSO DE PRIMEIROS SOCORROS EM COMEMORA\u00c7\u00c3O AOS 14 ANOS DE SERVI\u00c7O EM PETROLINA - Blog do Farn\u00e9sio","robots":{"index":"index","follow":"follow","max-snippet":"max-snippet:-1","max-image-preview":"max-image-preview:large","max-video-preview":"max-video-preview:-1"},"canonical":"https:\/\/blogdofarnesio.com.br\/?p=213497","og_locale":"pt_BR","og_type":"article","og_title":"SAMU\/PETROLINA PREPARA CURSO DE PRIMEIROS SOCORROS EM COMEMORA\u00c7\u00c3O AOS 14 ANOS DE SERVI\u00c7O EM PETROLINA - Blog do Farn\u00e9sio","og_description":"\u00a0Em novembro, o Servi\u00e7o de Atendimento M\u00f3vel de Urg\u00eancia (SAMU) completa 14 anos de atua\u00e7\u00e3o em Petrolina, e para comemorar a data o Servi\u00e7o ir\u00e1 ofertar um curso de Primeiros Socorros entre os dias 10 e 11 de novembro. \u00a0As inscri\u00e7\u00f5es j\u00e1 est\u00e3o abertas e devem ser feitas na sede do SAMU, que fica na Cohab Massangano at\u00e9 o dia 9 de novembro. Ser\u00e3o disponibilizadas 100 vagas por dia. No s\u00e1bado (10), o curso acontecer\u00e1 das 13h \u00e0s 17h. J\u00e1 no domingo (11), acontece das 8h \u00e0s 12h. Podem participar estudantes de enfermagem, t\u00e9cnicos de enfermagem e sociedade em geral. O curso ser\u00e1 ministrado pelo enfermeiro Nilton Leite, da equipe de socorristas do SAMU, e ter\u00e1 demonstra\u00e7\u00f5es pr\u00e1ticas de primeiros&hellip;","og_url":"https:\/\/blogdofarnesio.com.br\/?p=213497","og_site_name":"Blog do Farn\u00e9sio","article_publisher":"https:\/\/www.facebook.com\/BlogQuerSaberPolitica\/","article_published_time":"2018-11-04T13:00:57+00:00","og_image":[{"width":480,"height":548,"url":"https:\/\/blogdofarnesio.com.br\/wp-content\/uploads\/2018\/10\/blogqsp-Atividades-SAMU-1.jpeg","type":"image\/jpeg"}],"author":"Farn\u00e9sio","twitter_card":"summary_large_image","twitter_misc":{"Escrito por":"Farn\u00e9sio","Est. tempo de leitura":"1 minuto"},"schema":{"@context":"https:\/\/schema.org","@graph":[{"@type":"Article","@id":"https:\/\/blogdofarnesio.com.br\/?p=213497#article","isPartOf":{"@id":"https:\/\/blogdofarnesio.com.br\/?p=213497"},"author":{"name":"Farn\u00e9sio","@id":"https:\/\/blogdofarnesio.com.br\/#\/schema\/person\/301c4acf522bccbfdb45af95b5b906a1"},"headline":"SAMU\/PETROLINA PREPARA CURSO DE PRIMEIROS SOCORROS EM COMEMORA\u00c7\u00c3O AOS 14 ANOS DE SERVI\u00c7O EM PETROLINA","datePublished":"2018-11-04T13:00:57+00:00","mainEntityOfPage":{"@id":"https:\/\/blogdofarnesio.com.br\/?p=213497"},"wordCount":252,"publisher":{"@id":"https:\/\/blogdofarnesio.com.br\/#organization"},"image":{"@id":"https:\/\/blogdofarnesio.com.br\/?p=213497#primaryimage"},"thumbnailUrl":"https:\/\/blogdofarnesio.com.br\/wp-content\/uploads\/2018\/10\/blogqsp-Atividades-SAMU-1.jpeg","articleSection":["Sa\u00fade"],"inLanguage":"pt-BR"},{"@type":"WebPage","@id":"https:\/\/blogdofarnesio.com.br\/?p=213497","url":"https:\/\/blogdofarnesio.com.br\/?p=213497","name":"SAMU\/PETROLINA PREPARA CURSO DE PRIMEIROS SOCORROS EM COMEMORA\u00c7\u00c3O AOS 14 ANOS DE SERVI\u00c7O EM PETROLINA - Blog do Farn\u00e9sio","isPartOf":{"@id":"https:\/\/blogdofarnesio.com.br\/#website"},"primaryImageOfPage":{"@id":"https:\/\/blogdofarnesio.com.br\/?p=213497#primaryimage"},"image":{"@id":"https:\/\/blogdofarnesio.com.br\/?p=213497#primaryimage"},"thumbnailUrl":"https:\/\/blogdofarnesio.com.br\/wp-content\/uploads\/2018\/10\/blogqsp-Atividades-SAMU-1.jpeg","datePublished":"2018-11-04T13:00:57+00:00","breadcrumb":{"@id":"https:\/\/blogdofarnesio.com.br\/?p=213497#breadcrumb"},"inLanguage":"pt-BR","potentialAction":[{"@type":"ReadAction","target":["https:\/\/blogdofarnesio.com.br\/?p=213497"]}]},{"@type":"ImageObject","inLanguage":"pt-BR","@id":"https:\/\/blogdofarnesio.com.br\/?p=213497#primaryimage","url":"https:\/\/blogdofarnesio.com.br\/wp-content\/uploads\/2018\/10\/blogqsp-Atividades-SAMU-1.jpeg","contentUrl":"https:\/\/blogdofarnesio.com.br\/wp-content\/uploads\/2018\/10\/blogqsp-Atividades-SAMU-1.jpeg","width":480,"height":548},{"@type":"BreadcrumbList","@id":"https:\/\/blogdofarnesio.com.br\/?p=213497#breadcrumb","itemListElement":[{"@type":"ListItem","position":1,"name":"In\u00edcio","item":"https:\/\/blogdofarnesio.com.br\/"},{"@type":"ListItem","position":2,"name":"SAMU\/PETROLINA PREPARA CURSO DE PRIMEIROS SOCORROS EM COMEMORA\u00c7\u00c3O AOS 14 ANOS DE SERVI\u00c7O EM PETROLINA"}]},{"@type":"WebSite","@id":"https:\/\/blogdofarnesio.com.br\/#website","url":"https:\/\/blogdofarnesio.com.br\/","name":"Blog do Farn\u00e9sio","description":"Quer Saber Pol\u00edtica?","publisher":{"@id":"https:\/\/blogdofarnesio.com.br\/#organization"},"potentialAction":[{"@type":"SearchAction","target":{"@type":"EntryPoint","urlTemplate":"https:\/\/blogdofarnesio.com.br\/?s={search_term_string}"},"query-input":{"@type":"PropertyValueSpecification","valueRequired":true,"valueName":"search_term_string"}}],"inLanguage":"pt-BR"},{"@type":"Organization","@id":"https:\/\/blogdofarnesio.com.br\/#organization","name":"Blog do Farn\u00e9sio","url":"https:\/\/blogdofarnesio.com.br\/","logo":{"@type":"ImageObject","inLanguage":"pt-BR","@id":"https:\/\/blogdofarnesio.com.br\/#\/schema\/logo\/image\/","url":"https:\/\/blogdofarnesio.com.br\/wp-content\/uploads\/2026\/03\/cropped-logo_new-1.png","contentUrl":"https:\/\/blogdofarnesio.com.br\/wp-content\/uploads\/2026\/03\/cropped-logo_new-1.png","width":881,"height":685,"caption":"Blog do Farn\u00e9sio"},"image":{"@id":"https:\/\/blogdofarnesio.com.br\/#\/schema\/logo\/image\/"},"sameAs":["https:\/\/www.facebook.com\/BlogQuerSaberPolitica\/"]},{"@type":"Person","@id":"https:\/\/blogdofarnesio.com.br\/#\/schema\/person\/301c4acf522bccbfdb45af95b5b906a1","name":"Farn\u00e9sio","image":{"@type":"ImageObject","inLanguage":"pt-BR","@id":"https:\/\/secure.gravatar.com\/avatar\/df0c9a14567c056f8ad6876ba5bbd1e3e2c48023eb6807342fc4663adf549f38?s=96&d=mm&r=g","url":"https:\/\/secure.gravatar.com\/avatar\/df0c9a14567c056f8ad6876ba5bbd1e3e2c48023eb6807342fc4663adf549f38?s=96&d=mm&r=g","contentUrl":"https:\/\/secure.gravatar.com\/avatar\/df0c9a14567c056f8ad6876ba5bbd1e3e2c48023eb6807342fc4663adf549f38?s=96&d=mm&r=g","caption":"Farn\u00e9sio"},"sameAs":["https:\/\/quersaberpolitica.com.br"],"url":"https:\/\/blogdofarnesio.com.br\/?author=1"}]}},"_links":{"self":[{"href":"https:\/\/blogdofarnesio.com.br\/index.php?rest_route=\/wp\/v2\/posts\/213497","targetHints":{"allow":["GET"]}}],"collection":[{"href":"https:\/\/blogdofarnesio.com.br\/index.php?rest_route=\/wp\/v2\/posts"}],"about":[{"href":"https:\/\/blogdofarnesio.com.br\/index.php?rest_route=\/wp\/v2\/types\/post"}],"author":[{"embeddable":true,"href":"https:\/\/blogdofarnesio.com.br\/index.php?rest_route=\/wp\/v2\/users\/1"}],"replies":[{"embeddable":true,"href":"https:\/\/blogdofarnesio.com.br\/index.php?rest_route=%2Fwp%2Fv2%2Fcomments&post=213497"}],"version-history":[{"count":0,"href":"https:\/\/blogdofarnesio.com.br\/index.php?rest_route=\/wp\/v2\/posts\/213497\/revisions"}],"wp:featuredmedia":[{"embeddable":true,"href":"https:\/\/blogdofarnesio.com.br\/index.php?rest_route=\/wp\/v2\/media\/213498"}],"wp:attachment":[{"href":"https:\/\/blogdofarnesio.com.br\/index.php?rest_route=%2Fwp%2Fv2%2Fmedia&parent=213497"}],"wp:term":[{"taxonomy":"category","embeddable":true,"href":"https:\/\/blogdofarnesio.com.br\/index.php?rest_route=%2Fwp%2Fv2%2Fcategories&post=213497"},{"taxonomy":"post_tag","embeddable":true,"href":"https:\/\/blogdofarnesio.com.br\/index.php?rest_route=%2Fwp%2Fv2%2Ftags&post=213497"}],"curies":[{"name":"wp","href":"https:\/\/api.w.org\/{rel}","templated":true}]}}