{"id":213005,"date":"2018-10-26T16:00:11","date_gmt":"2018-10-26T19:00:11","guid":{"rendered":"http:\/\/quersaberpolitica.com.br\/2016\/?p=213005"},"modified":"2018-10-26T14:23:54","modified_gmt":"2018-10-26T17:23:54","slug":"bailarina-vitoria-almeida-chega-hoje-a-petrolina-para-a-selecao-de-bailarinos-amanha-27","status":"publish","type":"post","link":"https:\/\/blogdofarnesio.com.br\/?p=213005","title":{"rendered":"BAILARINA VIT\u00d3RIA ALMEIDA CHEGA HOJE A PETROLINA PARA A SELE\u00c7\u00c3O DE BAILARINOS AMANH\u00c3 (27)"},"content":{"rendered":"<p style=\"text-align: justify;\">Depois de percorrer v\u00e1rias capitais e cidades do Brasil como\u00a0 Aracaju, Recife, Salvador, S\u00e3o Paulo , Campinas , Curitiba e Bel\u00e9m, a bailarina Vit\u00f3ria Almeida chega a Petrolina para\u00a0 realizar\u00a0 mais uma vez a audi\u00e7\u00e3o\u00a0 t\u00e3o esperada\u00a0 para\u00a0 escolha\u00a0 dos bailarinos que ir\u00e3o\u00a0 em 2019 participar de mais um Summer School\u00a0 Of Excellence\u00a0 do American Academy Of Ballet em Nova York.<\/p>\n<p style=\"text-align: justify;\">Os bailarinos da regi\u00e3o do S\u00e3o Francisco que forem selecionados\u00a0 v\u00e3o ter a oportunidade de aperfei\u00e7oar seus conhecimentos em um dos maiores cursos de f\u00e9rias, com os maiores professores de ballet \u00a0das melhores companhias do mundo. Como todos os anos os\u00a0 bailarinos poder\u00e3o ganhar bolsas .<\/p>\n<p style=\"text-align: justify;\">Esse ano \u00a0a audi\u00e7\u00e3o para o Summer School of Excellence do American Academy of Ballet de Nova York acontecer\u00e1 \u00a0neste s\u00e1bado em Petrolina \u00a0dia 27 de outubro, na Escola de Ballet Valdete Cezar, com a \u00a0presen\u00e7a \u00a0da representante do American Academy of Ballet, a bailarina Vit\u00f3ria Almeida. Alunos de outras escolas \u00a0de Petrolina (PE), Juazeiro (BA) e regi\u00e3o poder\u00e3o participar\u00a0 e ainda podem\u00a0 reaizar suas inscri\u00e7\u00f5es\u00a0 pelo e-mail\u00a0 <a href=\"mailto:audicao.aab@gmail.com\">audicao.aab@gmail.com<\/a> .<\/p>\n<p style=\"text-align: justify;\">O curso de ver\u00e3o, que acontece todos os anos nos meses de junho, julho e agosto, em Nova York (EUA), re\u00fane mais de 600 bailarinos, e nesses \u00faltimos tr\u00eas anos \u00a0muitos da regi\u00e3o \u00a0participaram do curso, enriquecendo seus conhecimentos.\u00a0O Summer School of Excellence \u00a0tem dura\u00e7\u00e3o de seis semanas, mas o bailarino aprovado pode escolher o grupo de semanas desejado, sendo as duas primeiras exclusivas de t\u00e9cnica cl\u00e1ssica. As seguintes tamb\u00e9m contam com aulas de Neo Cl\u00e1ssico, Moderno, Folk Dance e Jazz.<\/p>\n<p style=\"text-align: justify;\">S\u00e3o mais de 20 professores de companhias de todo o mundo, tendo oportunidade de fazer aulas de diferentes metodologias todos os dias.O curso \u00e9 altamente intensivo, com 8 horas de aula por dia, muitas oportunidades de performances em teatro, competi\u00e7\u00f5es de solo, al\u00e9m do American Academy of Ballet oferecer Noites de Gala (Pas de Deux night) com estrelas do ABT, Pennsylvania Ballet exclusivamente para os bailarinos do curso.<\/p>\n<p style=\"text-align: justify;\">Os alunos aprovados \u00a0contam com a seguinte estrutura: refeit\u00f3rio, alojamento, 10 est\u00fadios e pianistas em todas as aulas de cl\u00e1ssico. O curso \u00e9 tamb\u00e9m um interc\u00e2mbio cultural, uma oportunidade de expandir conhecimento de todas as formas. As inscri\u00e7\u00f5es e informa\u00e7\u00f5es s\u00e3o pelo e-mail \u00a0audi\u00e7\u00e3o.aab@gmail.com \u00a0. Nas audi\u00e7\u00f5es alunos poder\u00e3o ganhar bolsas.<\/p>\n<h3 class=\"iw\"><em><span class=\"qu\" tabindex=\"-1\" role=\"gridcell\"><span class=\"gD\" data-hovercard-id=\"provedordeideias@gmail.com\" data-hovercard-owner-id=\"22\">Ascom Provedor de Id\u00e9ias<\/span><\/span><\/em><\/h3>\n","protected":false},"excerpt":{"rendered":"<p>Depois de percorrer v\u00e1rias capitais e cidades do Brasil como\u00a0 Aracaju, Recife, Salvador, S\u00e3o Paulo , Campinas , Curitiba e Bel\u00e9m, a bailarina Vit\u00f3ria Almeida chega a Petrolina para\u00a0 realizar\u00a0 mais uma vez a audi\u00e7\u00e3o\u00a0 t\u00e3o esperada\u00a0 para\u00a0 escolha\u00a0 dos bailarinos que ir\u00e3o\u00a0 em 2019 participar de mais um Summer School\u00a0 Of Excellence\u00a0 do American Academy Of Ballet em Nova York. Os bailarinos da regi\u00e3o do S\u00e3o Francisco que forem selecionados\u00a0 v\u00e3o ter a oportunidade de aperfei\u00e7oar seus conhecimentos em um dos maiores cursos de f\u00e9rias, com os maiores professores de ballet \u00a0das melhores companhias do mundo. Como todos os anos os\u00a0 bailarinos poder\u00e3o ganhar bolsas . Esse ano \u00a0a audi\u00e7\u00e3o para o Summer School of Excellence do American Academy&hellip; <\/p>\n","protected":false},"author":1,"featured_media":213006,"comment_status":"closed","ping_status":"closed","sticky":false,"template":"","format":"standard","meta":{"_acf_changed":false,"footnotes":""},"categories":[10],"tags":[],"class_list":["post-213005","post","type-post","status-publish","format-standard","has-post-thumbnail","hentry","category-cultura"],"acf":[],"yoast_head":"<!-- This site is optimized with the Yoast SEO plugin v27.4 - https:\/\/yoast.com\/product\/yoast-seo-wordpress\/ -->\n<title>BAILARINA VIT\u00d3RIA ALMEIDA CHEGA HOJE A PETROLINA PARA A SELE\u00c7\u00c3O DE BAILARINOS AMANH\u00c3 (27) - Blog do Farn\u00e9sio<\/title>\n<meta name=\"robots\" content=\"index, follow, max-snippet:-1, max-image-preview:large, max-video-preview:-1\" \/>\n<link rel=\"canonical\" href=\"https:\/\/blogdofarnesio.com.br\/?p=213005\" \/>\n<meta property=\"og:locale\" content=\"pt_BR\" \/>\n<meta property=\"og:type\" content=\"article\" \/>\n<meta property=\"og:title\" content=\"BAILARINA VIT\u00d3RIA ALMEIDA CHEGA HOJE A PETROLINA PARA A SELE\u00c7\u00c3O DE BAILARINOS AMANH\u00c3 (27) - Blog do Farn\u00e9sio\" \/>\n<meta property=\"og:description\" content=\"Depois de percorrer v\u00e1rias capitais e cidades do Brasil como\u00a0 Aracaju, Recife, Salvador, S\u00e3o Paulo , Campinas , Curitiba e Bel\u00e9m, a bailarina Vit\u00f3ria Almeida chega a Petrolina para\u00a0 realizar\u00a0 mais uma vez a audi\u00e7\u00e3o\u00a0 t\u00e3o esperada\u00a0 para\u00a0 escolha\u00a0 dos bailarinos que ir\u00e3o\u00a0 em 2019 participar de mais um Summer School\u00a0 Of Excellence\u00a0 do American Academy Of Ballet em Nova York. Os bailarinos da regi\u00e3o do S\u00e3o Francisco que forem selecionados\u00a0 v\u00e3o ter a oportunidade de aperfei\u00e7oar seus conhecimentos em um dos maiores cursos de f\u00e9rias, com os maiores professores de ballet \u00a0das melhores companhias do mundo. Como todos os anos os\u00a0 bailarinos poder\u00e3o ganhar bolsas . Esse ano \u00a0a audi\u00e7\u00e3o para o Summer School of Excellence do American Academy&hellip;\" \/>\n<meta property=\"og:url\" content=\"https:\/\/blogdofarnesio.com.br\/?p=213005\" \/>\n<meta property=\"og:site_name\" content=\"Blog do Farn\u00e9sio\" \/>\n<meta property=\"article:publisher\" content=\"https:\/\/www.facebook.com\/BlogQuerSaberPolitica\/\" \/>\n<meta property=\"article:published_time\" content=\"2018-10-26T19:00:11+00:00\" \/>\n<meta property=\"og:image\" content=\"https:\/\/blogdofarnesio.com.br\/wp-content\/uploads\/2018\/10\/blogqsp-BALLET.jpg\" \/>\n\t<meta property=\"og:image:width\" content=\"640\" \/>\n\t<meta property=\"og:image:height\" content=\"480\" \/>\n\t<meta property=\"og:image:type\" content=\"image\/jpeg\" \/>\n<meta name=\"author\" content=\"Farn\u00e9sio\" \/>\n<meta name=\"twitter:card\" content=\"summary_large_image\" \/>\n<meta name=\"twitter:label1\" content=\"Escrito por\" \/>\n\t<meta name=\"twitter:data1\" content=\"Farn\u00e9sio\" \/>\n\t<meta name=\"twitter:label2\" content=\"Est. tempo de leitura\" \/>\n\t<meta name=\"twitter:data2\" content=\"2 minutos\" \/>\n<script type=\"application\/ld+json\" class=\"yoast-schema-graph\">{\"@context\":\"https:\\\/\\\/schema.org\",\"@graph\":[{\"@type\":\"Article\",\"@id\":\"https:\\\/\\\/blogdofarnesio.com.br\\\/?p=213005#article\",\"isPartOf\":{\"@id\":\"https:\\\/\\\/blogdofarnesio.com.br\\\/?p=213005\"},\"author\":{\"name\":\"Farn\u00e9sio\",\"@id\":\"https:\\\/\\\/blogdofarnesio.com.br\\\/#\\\/schema\\\/person\\\/301c4acf522bccbfdb45af95b5b906a1\"},\"headline\":\"BAILARINA VIT\u00d3RIA ALMEIDA CHEGA HOJE A PETROLINA PARA A SELE\u00c7\u00c3O DE BAILARINOS AMANH\u00c3 (27)\",\"datePublished\":\"2018-10-26T19:00:11+00:00\",\"mainEntityOfPage\":{\"@id\":\"https:\\\/\\\/blogdofarnesio.com.br\\\/?p=213005\"},\"wordCount\":435,\"publisher\":{\"@id\":\"https:\\\/\\\/blogdofarnesio.com.br\\\/#organization\"},\"image\":{\"@id\":\"https:\\\/\\\/blogdofarnesio.com.br\\\/?p=213005#primaryimage\"},\"thumbnailUrl\":\"https:\\\/\\\/blogdofarnesio.com.br\\\/wp-content\\\/uploads\\\/2018\\\/10\\\/blogqsp-BALLET.jpg\",\"articleSection\":[\"Cultura\"],\"inLanguage\":\"pt-BR\"},{\"@type\":\"WebPage\",\"@id\":\"https:\\\/\\\/blogdofarnesio.com.br\\\/?p=213005\",\"url\":\"https:\\\/\\\/blogdofarnesio.com.br\\\/?p=213005\",\"name\":\"BAILARINA VIT\u00d3RIA ALMEIDA CHEGA HOJE A PETROLINA PARA A SELE\u00c7\u00c3O DE BAILARINOS AMANH\u00c3 (27) - Blog do Farn\u00e9sio\",\"isPartOf\":{\"@id\":\"https:\\\/\\\/blogdofarnesio.com.br\\\/#website\"},\"primaryImageOfPage\":{\"@id\":\"https:\\\/\\\/blogdofarnesio.com.br\\\/?p=213005#primaryimage\"},\"image\":{\"@id\":\"https:\\\/\\\/blogdofarnesio.com.br\\\/?p=213005#primaryimage\"},\"thumbnailUrl\":\"https:\\\/\\\/blogdofarnesio.com.br\\\/wp-content\\\/uploads\\\/2018\\\/10\\\/blogqsp-BALLET.jpg\",\"datePublished\":\"2018-10-26T19:00:11+00:00\",\"breadcrumb\":{\"@id\":\"https:\\\/\\\/blogdofarnesio.com.br\\\/?p=213005#breadcrumb\"},\"inLanguage\":\"pt-BR\",\"potentialAction\":[{\"@type\":\"ReadAction\",\"target\":[\"https:\\\/\\\/blogdofarnesio.com.br\\\/?p=213005\"]}]},{\"@type\":\"ImageObject\",\"inLanguage\":\"pt-BR\",\"@id\":\"https:\\\/\\\/blogdofarnesio.com.br\\\/?p=213005#primaryimage\",\"url\":\"https:\\\/\\\/blogdofarnesio.com.br\\\/wp-content\\\/uploads\\\/2018\\\/10\\\/blogqsp-BALLET.jpg\",\"contentUrl\":\"https:\\\/\\\/blogdofarnesio.com.br\\\/wp-content\\\/uploads\\\/2018\\\/10\\\/blogqsp-BALLET.jpg\",\"width\":640,\"height\":480},{\"@type\":\"BreadcrumbList\",\"@id\":\"https:\\\/\\\/blogdofarnesio.com.br\\\/?p=213005#breadcrumb\",\"itemListElement\":[{\"@type\":\"ListItem\",\"position\":1,\"name\":\"In\u00edcio\",\"item\":\"https:\\\/\\\/blogdofarnesio.com.br\\\/\"},{\"@type\":\"ListItem\",\"position\":2,\"name\":\"BAILARINA VIT\u00d3RIA ALMEIDA CHEGA HOJE A PETROLINA PARA A SELE\u00c7\u00c3O DE BAILARINOS AMANH\u00c3 (27)\"}]},{\"@type\":\"WebSite\",\"@id\":\"https:\\\/\\\/blogdofarnesio.com.br\\\/#website\",\"url\":\"https:\\\/\\\/blogdofarnesio.com.br\\\/\",\"name\":\"Blog do Farn\u00e9sio\",\"description\":\"Quer Saber Pol\u00edtica?\",\"publisher\":{\"@id\":\"https:\\\/\\\/blogdofarnesio.com.br\\\/#organization\"},\"potentialAction\":[{\"@type\":\"SearchAction\",\"target\":{\"@type\":\"EntryPoint\",\"urlTemplate\":\"https:\\\/\\\/blogdofarnesio.com.br\\\/?s={search_term_string}\"},\"query-input\":{\"@type\":\"PropertyValueSpecification\",\"valueRequired\":true,\"valueName\":\"search_term_string\"}}],\"inLanguage\":\"pt-BR\"},{\"@type\":\"Organization\",\"@id\":\"https:\\\/\\\/blogdofarnesio.com.br\\\/#organization\",\"name\":\"Blog do Farn\u00e9sio\",\"url\":\"https:\\\/\\\/blogdofarnesio.com.br\\\/\",\"logo\":{\"@type\":\"ImageObject\",\"inLanguage\":\"pt-BR\",\"@id\":\"https:\\\/\\\/blogdofarnesio.com.br\\\/#\\\/schema\\\/logo\\\/image\\\/\",\"url\":\"https:\\\/\\\/blogdofarnesio.com.br\\\/wp-content\\\/uploads\\\/2026\\\/03\\\/cropped-logo_new-1.png\",\"contentUrl\":\"https:\\\/\\\/blogdofarnesio.com.br\\\/wp-content\\\/uploads\\\/2026\\\/03\\\/cropped-logo_new-1.png\",\"width\":881,\"height\":685,\"caption\":\"Blog do Farn\u00e9sio\"},\"image\":{\"@id\":\"https:\\\/\\\/blogdofarnesio.com.br\\\/#\\\/schema\\\/logo\\\/image\\\/\"},\"sameAs\":[\"https:\\\/\\\/www.facebook.com\\\/BlogQuerSaberPolitica\\\/\"]},{\"@type\":\"Person\",\"@id\":\"https:\\\/\\\/blogdofarnesio.com.br\\\/#\\\/schema\\\/person\\\/301c4acf522bccbfdb45af95b5b906a1\",\"name\":\"Farn\u00e9sio\",\"image\":{\"@type\":\"ImageObject\",\"inLanguage\":\"pt-BR\",\"@id\":\"https:\\\/\\\/secure.gravatar.com\\\/avatar\\\/df0c9a14567c056f8ad6876ba5bbd1e3e2c48023eb6807342fc4663adf549f38?s=96&d=mm&r=g\",\"url\":\"https:\\\/\\\/secure.gravatar.com\\\/avatar\\\/df0c9a14567c056f8ad6876ba5bbd1e3e2c48023eb6807342fc4663adf549f38?s=96&d=mm&r=g\",\"contentUrl\":\"https:\\\/\\\/secure.gravatar.com\\\/avatar\\\/df0c9a14567c056f8ad6876ba5bbd1e3e2c48023eb6807342fc4663adf549f38?s=96&d=mm&r=g\",\"caption\":\"Farn\u00e9sio\"},\"sameAs\":[\"https:\\\/\\\/quersaberpolitica.com.br\"],\"url\":\"https:\\\/\\\/blogdofarnesio.com.br\\\/?author=1\"}]}<\/script>\n<!-- \/ Yoast SEO plugin. -->","yoast_head_json":{"title":"BAILARINA VIT\u00d3RIA ALMEIDA CHEGA HOJE A PETROLINA PARA A SELE\u00c7\u00c3O DE BAILARINOS AMANH\u00c3 (27) - Blog do Farn\u00e9sio","robots":{"index":"index","follow":"follow","max-snippet":"max-snippet:-1","max-image-preview":"max-image-preview:large","max-video-preview":"max-video-preview:-1"},"canonical":"https:\/\/blogdofarnesio.com.br\/?p=213005","og_locale":"pt_BR","og_type":"article","og_title":"BAILARINA VIT\u00d3RIA ALMEIDA CHEGA HOJE A PETROLINA PARA A SELE\u00c7\u00c3O DE BAILARINOS AMANH\u00c3 (27) - Blog do Farn\u00e9sio","og_description":"Depois de percorrer v\u00e1rias capitais e cidades do Brasil como\u00a0 Aracaju, Recife, Salvador, S\u00e3o Paulo , Campinas , Curitiba e Bel\u00e9m, a bailarina Vit\u00f3ria Almeida chega a Petrolina para\u00a0 realizar\u00a0 mais uma vez a audi\u00e7\u00e3o\u00a0 t\u00e3o esperada\u00a0 para\u00a0 escolha\u00a0 dos bailarinos que ir\u00e3o\u00a0 em 2019 participar de mais um Summer School\u00a0 Of Excellence\u00a0 do American Academy Of Ballet em Nova York. Os bailarinos da regi\u00e3o do S\u00e3o Francisco que forem selecionados\u00a0 v\u00e3o ter a oportunidade de aperfei\u00e7oar seus conhecimentos em um dos maiores cursos de f\u00e9rias, com os maiores professores de ballet \u00a0das melhores companhias do mundo. Como todos os anos os\u00a0 bailarinos poder\u00e3o ganhar bolsas . Esse ano \u00a0a audi\u00e7\u00e3o para o Summer School of Excellence do American Academy&hellip;","og_url":"https:\/\/blogdofarnesio.com.br\/?p=213005","og_site_name":"Blog do Farn\u00e9sio","article_publisher":"https:\/\/www.facebook.com\/BlogQuerSaberPolitica\/","article_published_time":"2018-10-26T19:00:11+00:00","og_image":[{"width":640,"height":480,"url":"https:\/\/blogdofarnesio.com.br\/wp-content\/uploads\/2018\/10\/blogqsp-BALLET.jpg","type":"image\/jpeg"}],"author":"Farn\u00e9sio","twitter_card":"summary_large_image","twitter_misc":{"Escrito por":"Farn\u00e9sio","Est. tempo de leitura":"2 minutos"},"schema":{"@context":"https:\/\/schema.org","@graph":[{"@type":"Article","@id":"https:\/\/blogdofarnesio.com.br\/?p=213005#article","isPartOf":{"@id":"https:\/\/blogdofarnesio.com.br\/?p=213005"},"author":{"name":"Farn\u00e9sio","@id":"https:\/\/blogdofarnesio.com.br\/#\/schema\/person\/301c4acf522bccbfdb45af95b5b906a1"},"headline":"BAILARINA VIT\u00d3RIA ALMEIDA CHEGA HOJE A PETROLINA PARA A SELE\u00c7\u00c3O DE BAILARINOS AMANH\u00c3 (27)","datePublished":"2018-10-26T19:00:11+00:00","mainEntityOfPage":{"@id":"https:\/\/blogdofarnesio.com.br\/?p=213005"},"wordCount":435,"publisher":{"@id":"https:\/\/blogdofarnesio.com.br\/#organization"},"image":{"@id":"https:\/\/blogdofarnesio.com.br\/?p=213005#primaryimage"},"thumbnailUrl":"https:\/\/blogdofarnesio.com.br\/wp-content\/uploads\/2018\/10\/blogqsp-BALLET.jpg","articleSection":["Cultura"],"inLanguage":"pt-BR"},{"@type":"WebPage","@id":"https:\/\/blogdofarnesio.com.br\/?p=213005","url":"https:\/\/blogdofarnesio.com.br\/?p=213005","name":"BAILARINA VIT\u00d3RIA ALMEIDA CHEGA HOJE A PETROLINA PARA A SELE\u00c7\u00c3O DE BAILARINOS AMANH\u00c3 (27) - Blog do Farn\u00e9sio","isPartOf":{"@id":"https:\/\/blogdofarnesio.com.br\/#website"},"primaryImageOfPage":{"@id":"https:\/\/blogdofarnesio.com.br\/?p=213005#primaryimage"},"image":{"@id":"https:\/\/blogdofarnesio.com.br\/?p=213005#primaryimage"},"thumbnailUrl":"https:\/\/blogdofarnesio.com.br\/wp-content\/uploads\/2018\/10\/blogqsp-BALLET.jpg","datePublished":"2018-10-26T19:00:11+00:00","breadcrumb":{"@id":"https:\/\/blogdofarnesio.com.br\/?p=213005#breadcrumb"},"inLanguage":"pt-BR","potentialAction":[{"@type":"ReadAction","target":["https:\/\/blogdofarnesio.com.br\/?p=213005"]}]},{"@type":"ImageObject","inLanguage":"pt-BR","@id":"https:\/\/blogdofarnesio.com.br\/?p=213005#primaryimage","url":"https:\/\/blogdofarnesio.com.br\/wp-content\/uploads\/2018\/10\/blogqsp-BALLET.jpg","contentUrl":"https:\/\/blogdofarnesio.com.br\/wp-content\/uploads\/2018\/10\/blogqsp-BALLET.jpg","width":640,"height":480},{"@type":"BreadcrumbList","@id":"https:\/\/blogdofarnesio.com.br\/?p=213005#breadcrumb","itemListElement":[{"@type":"ListItem","position":1,"name":"In\u00edcio","item":"https:\/\/blogdofarnesio.com.br\/"},{"@type":"ListItem","position":2,"name":"BAILARINA VIT\u00d3RIA ALMEIDA CHEGA HOJE A PETROLINA PARA A SELE\u00c7\u00c3O DE BAILARINOS AMANH\u00c3 (27)"}]},{"@type":"WebSite","@id":"https:\/\/blogdofarnesio.com.br\/#website","url":"https:\/\/blogdofarnesio.com.br\/","name":"Blog do Farn\u00e9sio","description":"Quer Saber Pol\u00edtica?","publisher":{"@id":"https:\/\/blogdofarnesio.com.br\/#organization"},"potentialAction":[{"@type":"SearchAction","target":{"@type":"EntryPoint","urlTemplate":"https:\/\/blogdofarnesio.com.br\/?s={search_term_string}"},"query-input":{"@type":"PropertyValueSpecification","valueRequired":true,"valueName":"search_term_string"}}],"inLanguage":"pt-BR"},{"@type":"Organization","@id":"https:\/\/blogdofarnesio.com.br\/#organization","name":"Blog do Farn\u00e9sio","url":"https:\/\/blogdofarnesio.com.br\/","logo":{"@type":"ImageObject","inLanguage":"pt-BR","@id":"https:\/\/blogdofarnesio.com.br\/#\/schema\/logo\/image\/","url":"https:\/\/blogdofarnesio.com.br\/wp-content\/uploads\/2026\/03\/cropped-logo_new-1.png","contentUrl":"https:\/\/blogdofarnesio.com.br\/wp-content\/uploads\/2026\/03\/cropped-logo_new-1.png","width":881,"height":685,"caption":"Blog do Farn\u00e9sio"},"image":{"@id":"https:\/\/blogdofarnesio.com.br\/#\/schema\/logo\/image\/"},"sameAs":["https:\/\/www.facebook.com\/BlogQuerSaberPolitica\/"]},{"@type":"Person","@id":"https:\/\/blogdofarnesio.com.br\/#\/schema\/person\/301c4acf522bccbfdb45af95b5b906a1","name":"Farn\u00e9sio","image":{"@type":"ImageObject","inLanguage":"pt-BR","@id":"https:\/\/secure.gravatar.com\/avatar\/df0c9a14567c056f8ad6876ba5bbd1e3e2c48023eb6807342fc4663adf549f38?s=96&d=mm&r=g","url":"https:\/\/secure.gravatar.com\/avatar\/df0c9a14567c056f8ad6876ba5bbd1e3e2c48023eb6807342fc4663adf549f38?s=96&d=mm&r=g","contentUrl":"https:\/\/secure.gravatar.com\/avatar\/df0c9a14567c056f8ad6876ba5bbd1e3e2c48023eb6807342fc4663adf549f38?s=96&d=mm&r=g","caption":"Farn\u00e9sio"},"sameAs":["https:\/\/quersaberpolitica.com.br"],"url":"https:\/\/blogdofarnesio.com.br\/?author=1"}]}},"_links":{"self":[{"href":"https:\/\/blogdofarnesio.com.br\/index.php?rest_route=\/wp\/v2\/posts\/213005","targetHints":{"allow":["GET"]}}],"collection":[{"href":"https:\/\/blogdofarnesio.com.br\/index.php?rest_route=\/wp\/v2\/posts"}],"about":[{"href":"https:\/\/blogdofarnesio.com.br\/index.php?rest_route=\/wp\/v2\/types\/post"}],"author":[{"embeddable":true,"href":"https:\/\/blogdofarnesio.com.br\/index.php?rest_route=\/wp\/v2\/users\/1"}],"replies":[{"embeddable":true,"href":"https:\/\/blogdofarnesio.com.br\/index.php?rest_route=%2Fwp%2Fv2%2Fcomments&post=213005"}],"version-history":[{"count":0,"href":"https:\/\/blogdofarnesio.com.br\/index.php?rest_route=\/wp\/v2\/posts\/213005\/revisions"}],"wp:featuredmedia":[{"embeddable":true,"href":"https:\/\/blogdofarnesio.com.br\/index.php?rest_route=\/wp\/v2\/media\/213006"}],"wp:attachment":[{"href":"https:\/\/blogdofarnesio.com.br\/index.php?rest_route=%2Fwp%2Fv2%2Fmedia&parent=213005"}],"wp:term":[{"taxonomy":"category","embeddable":true,"href":"https:\/\/blogdofarnesio.com.br\/index.php?rest_route=%2Fwp%2Fv2%2Fcategories&post=213005"},{"taxonomy":"post_tag","embeddable":true,"href":"https:\/\/blogdofarnesio.com.br\/index.php?rest_route=%2Fwp%2Fv2%2Ftags&post=213005"}],"curies":[{"name":"wp","href":"https:\/\/api.w.org\/{rel}","templated":true}]}}