{"id":212211,"date":"2018-10-18T10:20:01","date_gmt":"2018-10-18T13:20:01","guid":{"rendered":"http:\/\/quersaberpolitica.com.br\/2016\/?p=212211"},"modified":"2018-10-17T20:56:50","modified_gmt":"2018-10-17T23:56:50","slug":"sobradinho-secretaria-de-educacao-reverencia-o-professor","status":"publish","type":"post","link":"https:\/\/blogdofarnesio.com.br\/2018\/10\/sobradinho-secretaria-de-educacao-reverencia-o-professor\/","title":{"rendered":"SOBRADINHO: SECRETARIA DE EDUCA\u00c7\u00c3O REVERENCIA O PROFESSOR"},"content":{"rendered":"<div id=\"m_-7069016940506155532signature\">\n<div id=\"m_-7069016940506155532divtagdefaultwrapper\" style=\"text-align: justify;\">\n<div><\/div>\n<\/div>\n<div id=\"m_-7069016940506155532divtagdefaultwrapper\">\n<p style=\"text-align: justify;\">A Secretaria de Educa\u00e7\u00e3o de Sobradinho realizou na \u00faltima ter\u00e7a feira (16), na C\u00e2mara de Vereadores, uma festa em homenagem ao \u201cDia do Professor\u201d.<\/p>\n<p style=\"text-align: justify;\">Com m\u00fasicas ao vivo, ao som de Elias J\u00fanior e Raquel Wesley, apresenta\u00e7\u00f5es de alunos da rede municipal de ensino, da educa\u00e7\u00e3o infantil, ensino fundamental I e II e da equipe da secretaria de educa\u00e7\u00e3o, o evento contou com a participa\u00e7\u00e3o dos profissionais da educa\u00e7\u00e3o da rede municipal.<\/p>\n<p style=\"text-align: justify;\">No evento houve a premia\u00e7\u00e3o de todas as escolas municipais, pelo excelente desempenho no IDEB (\u00cdndice de Desenvolvimento da Educa\u00e7\u00e3o B\u00e1sica).<\/p>\n<p style=\"text-align: justify;\">A professora Euneide Lima agradeceu e falou da satisfa\u00e7\u00e3o de ser homenageada pelos alunos.<\/p>\n<p style=\"text-align: justify;\">\u201cParabenizo a gest\u00e3o da educa\u00e7\u00e3o em nosso munic\u00edpio por sempre estar lembrando e registrando esse momento que avalio como fundamental, que \u00e9 o dia do professor. O encanto de chegar em um ambiente com lindas m\u00fasicas em homenagem ao professor, rever amigos, que s\u00e3o parceiros nessa profiss\u00e3o, a amorosidade das homenagens, tudo isso nos deixa encantados, muito satisfeitos e gratificados pelo papel que desempenhamos em nossa cidade\u201d, afirmou Euneide.<\/p>\n<p style=\"text-align: justify;\">A Secret\u00e1ria de Educa\u00e7\u00e3o, Ducilene Kestering, avaliou a import\u00e2ncia da data para valoriza\u00e7\u00e3o do professor.<\/p>\n<p style=\"text-align: justify;\">\u201cDesde o in\u00edcio da nossa gest\u00e3o, que sempre valorizamos o professor. Isso \u00e9 um fato e um marco em nossa administra\u00e7\u00e3o. Reconhecemos no professor o papel de transformar pessoas, e pessoas transformarem o mundo. Foi tudo feito com muito carinho e amor, muitos mimos e belas homenagens que fortalecem ainda mais a necessidade de respeitarmos e honrarmos esse profissional que ajuda a formar a todos, independentemente de idade, sexo, cor ou condi\u00e7\u00e3o financeira. O plen\u00e1rio da C\u00e2mara ficou superlotado e isso prova que os professores gostam desse mimo e desse reconhecimento, agrade\u00e7o ao Prefeito\u00a0Luiz Vicente que nos apoiou na realiza\u00e7\u00e3o deste momento especial,\u00a0 finalizou Ducilene.<\/p>\n<p style=\"text-align: justify;\"><strong>Ascom PMS<\/strong><\/p>\n<\/div>\n<\/div>\n","protected":false},"excerpt":{"rendered":"<p>A Secretaria de Educa\u00e7\u00e3o de Sobradinho realizou na \u00faltima ter\u00e7a feira (16), na C\u00e2mara de Vereadores, uma festa em homenagem ao \u201cDia do Professor\u201d. Com m\u00fasicas ao vivo, ao som de Elias J\u00fanior e Raquel Wesley, apresenta\u00e7\u00f5es de alunos da rede municipal de ensino, da educa\u00e7\u00e3o infantil, ensino fundamental I e II e da equipe da secretaria de educa\u00e7\u00e3o, o evento contou com a participa\u00e7\u00e3o dos profissionais da educa\u00e7\u00e3o da rede municipal. No evento houve a premia\u00e7\u00e3o de todas as escolas municipais, pelo excelente desempenho no IDEB (\u00cdndice de Desenvolvimento da Educa\u00e7\u00e3o B\u00e1sica). A professora Euneide Lima agradeceu e falou da satisfa\u00e7\u00e3o de ser homenageada pelos alunos. \u201cParabenizo a gest\u00e3o da educa\u00e7\u00e3o em nosso munic\u00edpio por sempre estar lembrando e&hellip; <\/p>\n","protected":false},"author":1,"featured_media":212212,"comment_status":"closed","ping_status":"closed","sticky":false,"template":"","format":"standard","meta":{"_acf_changed":false,"footnotes":""},"categories":[44],"tags":[],"class_list":["post-212211","post","type-post","status-publish","format-standard","has-post-thumbnail","hentry","category-administracao"],"acf":[],"yoast_head":"<!-- This site is optimized with the Yoast SEO plugin v27.5 - https:\/\/yoast.com\/product\/yoast-seo-wordpress\/ -->\n<title>SOBRADINHO: SECRETARIA DE EDUCA\u00c7\u00c3O REVERENCIA O PROFESSOR - Blog do Farn\u00e9sio<\/title>\n<meta name=\"robots\" content=\"index, follow, max-snippet:-1, max-image-preview:large, max-video-preview:-1\" \/>\n<link rel=\"canonical\" href=\"https:\/\/blogdofarnesio.com.br\/2018\/10\/sobradinho-secretaria-de-educacao-reverencia-o-professor\/\" \/>\n<meta property=\"og:locale\" content=\"pt_BR\" \/>\n<meta property=\"og:type\" content=\"article\" \/>\n<meta property=\"og:title\" content=\"SOBRADINHO: SECRETARIA DE EDUCA\u00c7\u00c3O REVERENCIA O PROFESSOR - Blog do Farn\u00e9sio\" \/>\n<meta property=\"og:description\" content=\"A Secretaria de Educa\u00e7\u00e3o de Sobradinho realizou na \u00faltima ter\u00e7a feira (16), na C\u00e2mara de Vereadores, uma festa em homenagem ao \u201cDia do Professor\u201d. Com m\u00fasicas ao vivo, ao som de Elias J\u00fanior e Raquel Wesley, apresenta\u00e7\u00f5es de alunos da rede municipal de ensino, da educa\u00e7\u00e3o infantil, ensino fundamental I e II e da equipe da secretaria de educa\u00e7\u00e3o, o evento contou com a participa\u00e7\u00e3o dos profissionais da educa\u00e7\u00e3o da rede municipal. No evento houve a premia\u00e7\u00e3o de todas as escolas municipais, pelo excelente desempenho no IDEB (\u00cdndice de Desenvolvimento da Educa\u00e7\u00e3o B\u00e1sica). A professora Euneide Lima agradeceu e falou da satisfa\u00e7\u00e3o de ser homenageada pelos alunos. \u201cParabenizo a gest\u00e3o da educa\u00e7\u00e3o em nosso munic\u00edpio por sempre estar lembrando e&hellip;\" \/>\n<meta property=\"og:url\" content=\"https:\/\/blogdofarnesio.com.br\/2018\/10\/sobradinho-secretaria-de-educacao-reverencia-o-professor\/\" \/>\n<meta property=\"og:site_name\" content=\"Blog do Farn\u00e9sio\" \/>\n<meta property=\"article:publisher\" content=\"https:\/\/www.facebook.com\/BlogQuerSaberPolitica\/\" \/>\n<meta property=\"article:published_time\" content=\"2018-10-18T13:20:01+00:00\" \/>\n<meta property=\"og:image\" content=\"https:\/\/blogdofarnesio.com.br\/wp-content\/uploads\/2018\/10\/blogqsp-diadoprofessor-sobradinho.jpg\" \/>\n\t<meta property=\"og:image:width\" content=\"640\" \/>\n\t<meta property=\"og:image:height\" content=\"480\" \/>\n\t<meta property=\"og:image:type\" content=\"image\/jpeg\" \/>\n<meta name=\"author\" content=\"Farn\u00e9sio\" \/>\n<meta name=\"twitter:card\" content=\"summary_large_image\" \/>\n<meta name=\"twitter:label1\" content=\"Escrito por\" \/>\n\t<meta name=\"twitter:data1\" content=\"Farn\u00e9sio\" \/>\n\t<meta name=\"twitter:label2\" content=\"Est. tempo de leitura\" \/>\n\t<meta name=\"twitter:data2\" content=\"2 minutos\" \/>\n<script type=\"application\/ld+json\" class=\"yoast-schema-graph\">{\"@context\":\"https:\\\/\\\/schema.org\",\"@graph\":[{\"@type\":\"Article\",\"@id\":\"https:\\\/\\\/blogdofarnesio.com.br\\\/2018\\\/10\\\/sobradinho-secretaria-de-educacao-reverencia-o-professor\\\/#article\",\"isPartOf\":{\"@id\":\"https:\\\/\\\/blogdofarnesio.com.br\\\/2018\\\/10\\\/sobradinho-secretaria-de-educacao-reverencia-o-professor\\\/\"},\"author\":{\"name\":\"Farn\u00e9sio\",\"@id\":\"https:\\\/\\\/blogdofarnesio.com.br\\\/#\\\/schema\\\/person\\\/301c4acf522bccbfdb45af95b5b906a1\"},\"headline\":\"SOBRADINHO: SECRETARIA DE EDUCA\u00c7\u00c3O REVERENCIA O PROFESSOR\",\"datePublished\":\"2018-10-18T13:20:01+00:00\",\"mainEntityOfPage\":{\"@id\":\"https:\\\/\\\/blogdofarnesio.com.br\\\/2018\\\/10\\\/sobradinho-secretaria-de-educacao-reverencia-o-professor\\\/\"},\"wordCount\":336,\"publisher\":{\"@id\":\"https:\\\/\\\/blogdofarnesio.com.br\\\/#organization\"},\"image\":{\"@id\":\"https:\\\/\\\/blogdofarnesio.com.br\\\/2018\\\/10\\\/sobradinho-secretaria-de-educacao-reverencia-o-professor\\\/#primaryimage\"},\"thumbnailUrl\":\"https:\\\/\\\/blogdofarnesio.com.br\\\/wp-content\\\/uploads\\\/2018\\\/10\\\/blogqsp-diadoprofessor-sobradinho.jpg\",\"articleSection\":[\"Administra\u00e7\u00e3o\"],\"inLanguage\":\"pt-BR\"},{\"@type\":\"WebPage\",\"@id\":\"https:\\\/\\\/blogdofarnesio.com.br\\\/2018\\\/10\\\/sobradinho-secretaria-de-educacao-reverencia-o-professor\\\/\",\"url\":\"https:\\\/\\\/blogdofarnesio.com.br\\\/2018\\\/10\\\/sobradinho-secretaria-de-educacao-reverencia-o-professor\\\/\",\"name\":\"SOBRADINHO: SECRETARIA DE EDUCA\u00c7\u00c3O REVERENCIA O PROFESSOR - Blog do Farn\u00e9sio\",\"isPartOf\":{\"@id\":\"https:\\\/\\\/blogdofarnesio.com.br\\\/#website\"},\"primaryImageOfPage\":{\"@id\":\"https:\\\/\\\/blogdofarnesio.com.br\\\/2018\\\/10\\\/sobradinho-secretaria-de-educacao-reverencia-o-professor\\\/#primaryimage\"},\"image\":{\"@id\":\"https:\\\/\\\/blogdofarnesio.com.br\\\/2018\\\/10\\\/sobradinho-secretaria-de-educacao-reverencia-o-professor\\\/#primaryimage\"},\"thumbnailUrl\":\"https:\\\/\\\/blogdofarnesio.com.br\\\/wp-content\\\/uploads\\\/2018\\\/10\\\/blogqsp-diadoprofessor-sobradinho.jpg\",\"datePublished\":\"2018-10-18T13:20:01+00:00\",\"breadcrumb\":{\"@id\":\"https:\\\/\\\/blogdofarnesio.com.br\\\/2018\\\/10\\\/sobradinho-secretaria-de-educacao-reverencia-o-professor\\\/#breadcrumb\"},\"inLanguage\":\"pt-BR\",\"potentialAction\":[{\"@type\":\"ReadAction\",\"target\":[\"https:\\\/\\\/blogdofarnesio.com.br\\\/2018\\\/10\\\/sobradinho-secretaria-de-educacao-reverencia-o-professor\\\/\"]}]},{\"@type\":\"ImageObject\",\"inLanguage\":\"pt-BR\",\"@id\":\"https:\\\/\\\/blogdofarnesio.com.br\\\/2018\\\/10\\\/sobradinho-secretaria-de-educacao-reverencia-o-professor\\\/#primaryimage\",\"url\":\"https:\\\/\\\/blogdofarnesio.com.br\\\/wp-content\\\/uploads\\\/2018\\\/10\\\/blogqsp-diadoprofessor-sobradinho.jpg\",\"contentUrl\":\"https:\\\/\\\/blogdofarnesio.com.br\\\/wp-content\\\/uploads\\\/2018\\\/10\\\/blogqsp-diadoprofessor-sobradinho.jpg\",\"width\":640,\"height\":480},{\"@type\":\"BreadcrumbList\",\"@id\":\"https:\\\/\\\/blogdofarnesio.com.br\\\/2018\\\/10\\\/sobradinho-secretaria-de-educacao-reverencia-o-professor\\\/#breadcrumb\",\"itemListElement\":[{\"@type\":\"ListItem\",\"position\":1,\"name\":\"In\u00edcio\",\"item\":\"https:\\\/\\\/blogdofarnesio.com.br\\\/\"},{\"@type\":\"ListItem\",\"position\":2,\"name\":\"SOBRADINHO: SECRETARIA DE EDUCA\u00c7\u00c3O REVERENCIA O PROFESSOR\"}]},{\"@type\":\"WebSite\",\"@id\":\"https:\\\/\\\/blogdofarnesio.com.br\\\/#website\",\"url\":\"https:\\\/\\\/blogdofarnesio.com.br\\\/\",\"name\":\"Blog do Farn\u00e9sio\",\"description\":\"Quer Saber Pol\u00edtica?\",\"publisher\":{\"@id\":\"https:\\\/\\\/blogdofarnesio.com.br\\\/#organization\"},\"potentialAction\":[{\"@type\":\"SearchAction\",\"target\":{\"@type\":\"EntryPoint\",\"urlTemplate\":\"https:\\\/\\\/blogdofarnesio.com.br\\\/?s={search_term_string}\"},\"query-input\":{\"@type\":\"PropertyValueSpecification\",\"valueRequired\":true,\"valueName\":\"search_term_string\"}}],\"inLanguage\":\"pt-BR\"},{\"@type\":\"Organization\",\"@id\":\"https:\\\/\\\/blogdofarnesio.com.br\\\/#organization\",\"name\":\"Blog do Farn\u00e9sio\",\"url\":\"https:\\\/\\\/blogdofarnesio.com.br\\\/\",\"logo\":{\"@type\":\"ImageObject\",\"inLanguage\":\"pt-BR\",\"@id\":\"https:\\\/\\\/blogdofarnesio.com.br\\\/#\\\/schema\\\/logo\\\/image\\\/\",\"url\":\"https:\\\/\\\/blogdofarnesio.com.br\\\/wp-content\\\/uploads\\\/2026\\\/03\\\/cropped-logo_new-1.png\",\"contentUrl\":\"https:\\\/\\\/blogdofarnesio.com.br\\\/wp-content\\\/uploads\\\/2026\\\/03\\\/cropped-logo_new-1.png\",\"width\":881,\"height\":685,\"caption\":\"Blog do Farn\u00e9sio\"},\"image\":{\"@id\":\"https:\\\/\\\/blogdofarnesio.com.br\\\/#\\\/schema\\\/logo\\\/image\\\/\"},\"sameAs\":[\"https:\\\/\\\/www.facebook.com\\\/BlogQuerSaberPolitica\\\/\"]},{\"@type\":\"Person\",\"@id\":\"https:\\\/\\\/blogdofarnesio.com.br\\\/#\\\/schema\\\/person\\\/301c4acf522bccbfdb45af95b5b906a1\",\"name\":\"Farn\u00e9sio\",\"image\":{\"@type\":\"ImageObject\",\"inLanguage\":\"pt-BR\",\"@id\":\"https:\\\/\\\/secure.gravatar.com\\\/avatar\\\/df0c9a14567c056f8ad6876ba5bbd1e3e2c48023eb6807342fc4663adf549f38?s=96&d=mm&r=g\",\"url\":\"https:\\\/\\\/secure.gravatar.com\\\/avatar\\\/df0c9a14567c056f8ad6876ba5bbd1e3e2c48023eb6807342fc4663adf549f38?s=96&d=mm&r=g\",\"contentUrl\":\"https:\\\/\\\/secure.gravatar.com\\\/avatar\\\/df0c9a14567c056f8ad6876ba5bbd1e3e2c48023eb6807342fc4663adf549f38?s=96&d=mm&r=g\",\"caption\":\"Farn\u00e9sio\"},\"sameAs\":[\"https:\\\/\\\/quersaberpolitica.com.br\"],\"url\":\"https:\\\/\\\/blogdofarnesio.com.br\\\/author\\\/farnesio\\\/\"}]}<\/script>\n<!-- \/ Yoast SEO plugin. -->","yoast_head_json":{"title":"SOBRADINHO: SECRETARIA DE EDUCA\u00c7\u00c3O REVERENCIA O PROFESSOR - Blog do Farn\u00e9sio","robots":{"index":"index","follow":"follow","max-snippet":"max-snippet:-1","max-image-preview":"max-image-preview:large","max-video-preview":"max-video-preview:-1"},"canonical":"https:\/\/blogdofarnesio.com.br\/2018\/10\/sobradinho-secretaria-de-educacao-reverencia-o-professor\/","og_locale":"pt_BR","og_type":"article","og_title":"SOBRADINHO: SECRETARIA DE EDUCA\u00c7\u00c3O REVERENCIA O PROFESSOR - Blog do Farn\u00e9sio","og_description":"A Secretaria de Educa\u00e7\u00e3o de Sobradinho realizou na \u00faltima ter\u00e7a feira (16), na C\u00e2mara de Vereadores, uma festa em homenagem ao \u201cDia do Professor\u201d. Com m\u00fasicas ao vivo, ao som de Elias J\u00fanior e Raquel Wesley, apresenta\u00e7\u00f5es de alunos da rede municipal de ensino, da educa\u00e7\u00e3o infantil, ensino fundamental I e II e da equipe da secretaria de educa\u00e7\u00e3o, o evento contou com a participa\u00e7\u00e3o dos profissionais da educa\u00e7\u00e3o da rede municipal. No evento houve a premia\u00e7\u00e3o de todas as escolas municipais, pelo excelente desempenho no IDEB (\u00cdndice de Desenvolvimento da Educa\u00e7\u00e3o B\u00e1sica). A professora Euneide Lima agradeceu e falou da satisfa\u00e7\u00e3o de ser homenageada pelos alunos. \u201cParabenizo a gest\u00e3o da educa\u00e7\u00e3o em nosso munic\u00edpio por sempre estar lembrando e&hellip;","og_url":"https:\/\/blogdofarnesio.com.br\/2018\/10\/sobradinho-secretaria-de-educacao-reverencia-o-professor\/","og_site_name":"Blog do Farn\u00e9sio","article_publisher":"https:\/\/www.facebook.com\/BlogQuerSaberPolitica\/","article_published_time":"2018-10-18T13:20:01+00:00","og_image":[{"width":640,"height":480,"url":"https:\/\/blogdofarnesio.com.br\/wp-content\/uploads\/2018\/10\/blogqsp-diadoprofessor-sobradinho.jpg","type":"image\/jpeg"}],"author":"Farn\u00e9sio","twitter_card":"summary_large_image","twitter_misc":{"Escrito por":"Farn\u00e9sio","Est. tempo de leitura":"2 minutos"},"schema":{"@context":"https:\/\/schema.org","@graph":[{"@type":"Article","@id":"https:\/\/blogdofarnesio.com.br\/2018\/10\/sobradinho-secretaria-de-educacao-reverencia-o-professor\/#article","isPartOf":{"@id":"https:\/\/blogdofarnesio.com.br\/2018\/10\/sobradinho-secretaria-de-educacao-reverencia-o-professor\/"},"author":{"name":"Farn\u00e9sio","@id":"https:\/\/blogdofarnesio.com.br\/#\/schema\/person\/301c4acf522bccbfdb45af95b5b906a1"},"headline":"SOBRADINHO: SECRETARIA DE EDUCA\u00c7\u00c3O REVERENCIA O PROFESSOR","datePublished":"2018-10-18T13:20:01+00:00","mainEntityOfPage":{"@id":"https:\/\/blogdofarnesio.com.br\/2018\/10\/sobradinho-secretaria-de-educacao-reverencia-o-professor\/"},"wordCount":336,"publisher":{"@id":"https:\/\/blogdofarnesio.com.br\/#organization"},"image":{"@id":"https:\/\/blogdofarnesio.com.br\/2018\/10\/sobradinho-secretaria-de-educacao-reverencia-o-professor\/#primaryimage"},"thumbnailUrl":"https:\/\/blogdofarnesio.com.br\/wp-content\/uploads\/2018\/10\/blogqsp-diadoprofessor-sobradinho.jpg","articleSection":["Administra\u00e7\u00e3o"],"inLanguage":"pt-BR"},{"@type":"WebPage","@id":"https:\/\/blogdofarnesio.com.br\/2018\/10\/sobradinho-secretaria-de-educacao-reverencia-o-professor\/","url":"https:\/\/blogdofarnesio.com.br\/2018\/10\/sobradinho-secretaria-de-educacao-reverencia-o-professor\/","name":"SOBRADINHO: SECRETARIA DE EDUCA\u00c7\u00c3O REVERENCIA O PROFESSOR - Blog do Farn\u00e9sio","isPartOf":{"@id":"https:\/\/blogdofarnesio.com.br\/#website"},"primaryImageOfPage":{"@id":"https:\/\/blogdofarnesio.com.br\/2018\/10\/sobradinho-secretaria-de-educacao-reverencia-o-professor\/#primaryimage"},"image":{"@id":"https:\/\/blogdofarnesio.com.br\/2018\/10\/sobradinho-secretaria-de-educacao-reverencia-o-professor\/#primaryimage"},"thumbnailUrl":"https:\/\/blogdofarnesio.com.br\/wp-content\/uploads\/2018\/10\/blogqsp-diadoprofessor-sobradinho.jpg","datePublished":"2018-10-18T13:20:01+00:00","breadcrumb":{"@id":"https:\/\/blogdofarnesio.com.br\/2018\/10\/sobradinho-secretaria-de-educacao-reverencia-o-professor\/#breadcrumb"},"inLanguage":"pt-BR","potentialAction":[{"@type":"ReadAction","target":["https:\/\/blogdofarnesio.com.br\/2018\/10\/sobradinho-secretaria-de-educacao-reverencia-o-professor\/"]}]},{"@type":"ImageObject","inLanguage":"pt-BR","@id":"https:\/\/blogdofarnesio.com.br\/2018\/10\/sobradinho-secretaria-de-educacao-reverencia-o-professor\/#primaryimage","url":"https:\/\/blogdofarnesio.com.br\/wp-content\/uploads\/2018\/10\/blogqsp-diadoprofessor-sobradinho.jpg","contentUrl":"https:\/\/blogdofarnesio.com.br\/wp-content\/uploads\/2018\/10\/blogqsp-diadoprofessor-sobradinho.jpg","width":640,"height":480},{"@type":"BreadcrumbList","@id":"https:\/\/blogdofarnesio.com.br\/2018\/10\/sobradinho-secretaria-de-educacao-reverencia-o-professor\/#breadcrumb","itemListElement":[{"@type":"ListItem","position":1,"name":"In\u00edcio","item":"https:\/\/blogdofarnesio.com.br\/"},{"@type":"ListItem","position":2,"name":"SOBRADINHO: SECRETARIA DE EDUCA\u00c7\u00c3O REVERENCIA O PROFESSOR"}]},{"@type":"WebSite","@id":"https:\/\/blogdofarnesio.com.br\/#website","url":"https:\/\/blogdofarnesio.com.br\/","name":"Blog do Farn\u00e9sio","description":"Quer Saber Pol\u00edtica?","publisher":{"@id":"https:\/\/blogdofarnesio.com.br\/#organization"},"potentialAction":[{"@type":"SearchAction","target":{"@type":"EntryPoint","urlTemplate":"https:\/\/blogdofarnesio.com.br\/?s={search_term_string}"},"query-input":{"@type":"PropertyValueSpecification","valueRequired":true,"valueName":"search_term_string"}}],"inLanguage":"pt-BR"},{"@type":"Organization","@id":"https:\/\/blogdofarnesio.com.br\/#organization","name":"Blog do Farn\u00e9sio","url":"https:\/\/blogdofarnesio.com.br\/","logo":{"@type":"ImageObject","inLanguage":"pt-BR","@id":"https:\/\/blogdofarnesio.com.br\/#\/schema\/logo\/image\/","url":"https:\/\/blogdofarnesio.com.br\/wp-content\/uploads\/2026\/03\/cropped-logo_new-1.png","contentUrl":"https:\/\/blogdofarnesio.com.br\/wp-content\/uploads\/2026\/03\/cropped-logo_new-1.png","width":881,"height":685,"caption":"Blog do Farn\u00e9sio"},"image":{"@id":"https:\/\/blogdofarnesio.com.br\/#\/schema\/logo\/image\/"},"sameAs":["https:\/\/www.facebook.com\/BlogQuerSaberPolitica\/"]},{"@type":"Person","@id":"https:\/\/blogdofarnesio.com.br\/#\/schema\/person\/301c4acf522bccbfdb45af95b5b906a1","name":"Farn\u00e9sio","image":{"@type":"ImageObject","inLanguage":"pt-BR","@id":"https:\/\/secure.gravatar.com\/avatar\/df0c9a14567c056f8ad6876ba5bbd1e3e2c48023eb6807342fc4663adf549f38?s=96&d=mm&r=g","url":"https:\/\/secure.gravatar.com\/avatar\/df0c9a14567c056f8ad6876ba5bbd1e3e2c48023eb6807342fc4663adf549f38?s=96&d=mm&r=g","contentUrl":"https:\/\/secure.gravatar.com\/avatar\/df0c9a14567c056f8ad6876ba5bbd1e3e2c48023eb6807342fc4663adf549f38?s=96&d=mm&r=g","caption":"Farn\u00e9sio"},"sameAs":["https:\/\/quersaberpolitica.com.br"],"url":"https:\/\/blogdofarnesio.com.br\/author\/farnesio\/"}]}},"_links":{"self":[{"href":"https:\/\/blogdofarnesio.com.br\/wp-json\/wp\/v2\/posts\/212211","targetHints":{"allow":["GET"]}}],"collection":[{"href":"https:\/\/blogdofarnesio.com.br\/wp-json\/wp\/v2\/posts"}],"about":[{"href":"https:\/\/blogdofarnesio.com.br\/wp-json\/wp\/v2\/types\/post"}],"author":[{"embeddable":true,"href":"https:\/\/blogdofarnesio.com.br\/wp-json\/wp\/v2\/users\/1"}],"replies":[{"embeddable":true,"href":"https:\/\/blogdofarnesio.com.br\/wp-json\/wp\/v2\/comments?post=212211"}],"version-history":[{"count":0,"href":"https:\/\/blogdofarnesio.com.br\/wp-json\/wp\/v2\/posts\/212211\/revisions"}],"wp:featuredmedia":[{"embeddable":true,"href":"https:\/\/blogdofarnesio.com.br\/wp-json\/wp\/v2\/media\/212212"}],"wp:attachment":[{"href":"https:\/\/blogdofarnesio.com.br\/wp-json\/wp\/v2\/media?parent=212211"}],"wp:term":[{"taxonomy":"category","embeddable":true,"href":"https:\/\/blogdofarnesio.com.br\/wp-json\/wp\/v2\/categories?post=212211"},{"taxonomy":"post_tag","embeddable":true,"href":"https:\/\/blogdofarnesio.com.br\/wp-json\/wp\/v2\/tags?post=212211"}],"curies":[{"name":"wp","href":"https:\/\/api.w.org\/{rel}","templated":true}]}}