{"id":212062,"date":"2018-10-17T07:00:47","date_gmt":"2018-10-17T10:00:47","guid":{"rendered":"http:\/\/quersaberpolitica.com.br\/2016\/?p=212062"},"modified":"2018-10-16T19:28:37","modified_gmt":"2018-10-16T22:28:37","slug":"depois-de-vencer-a-etapa-estadual-professor-de-juazeiro-e-vencedor-nacional-do-premio-professores-do-brasil","status":"publish","type":"post","link":"https:\/\/blogdofarnesio.com.br\/2018\/10\/depois-de-vencer-a-etapa-estadual-professor-de-juazeiro-e-vencedor-nacional-do-premio-professores-do-brasil\/","title":{"rendered":"DEPOIS DE VENCER A ETAPA ESTADUAL, PROFESSOR DE JUAZEIRO \u00c9 VENCEDOR NACIONAL DO PR\u00caMIO &#8220;PROFESSORES DO BRASIL&#8221;"},"content":{"rendered":"<p style=\"text-align: justify;\">No Dia do Professor, segunda-feira (15), o professor Elionaldo Bringel da Escola Municipal Terezinha Ferreira de Oliveira, localizada no bairro Tabuleiro, foi o vencedor Nacional da 11\u00aa edi\u00e7\u00e3o do Pr\u00eamio Professores do Brasil, na tem\u00e1tica Educa\u00e7\u00e3o Empreendedora.<\/p>\n<p style=\"text-align: justify;\">Com o projeto &#8216;Eu preciso Sonhar: Uma escola que perpassa a fun\u00e7\u00e3o de ensinar&#8217;, na categoria 6\u00ba ao 9\u00ba ano do Ensino Fundamental, o professor foi premiado em setembro, na etapa Estadual e agora na etapa Nacional. \u201cEstou muito feliz com os resultados do projeto, que al\u00e9m de envolver os alunos do 9\u00b0, tamb\u00e9m trabalha outras a\u00e7\u00f5es das turmas do 1\u00b0 ao 8\u00b0 ano e a Educa\u00e7\u00e3o de Jovens e Adultos (EJA). Agora estou mais feliz ainda com o reconhecimento atrav\u00e9s desta importante premia\u00e7\u00e3o ao professor da educa\u00e7\u00e3o p\u00fablica. Ser o 1\u00ba lugar no Estado da Bahia e tamb\u00e9m vencedor Nacional na tem\u00e1tica Educa\u00e7\u00e3o Empreendedora, \u00e9 uma mistura de sensa\u00e7\u00f5es que n\u00e3o tem como mensurar, esse reconhecimento do MEC evidencia que a Educa\u00e7\u00e3o de Juazeiro est\u00e1 no caminho certo. Foi o melhor presente que poderia receber\u201d, comemorou o professor Elionaldo.<\/p>\n<p style=\"text-align: justify;\">Para o prefeito Paulo Bomfim, a inspira\u00e7\u00e3o para a elabora\u00e7\u00e3o do projeto tamb\u00e9m \u00e9 fruto da valoriza\u00e7\u00e3o profissional que a gest\u00e3o tem realizado. \u201cDesde quando o ex-prefeito Isaac iniciou uma transforma\u00e7\u00e3o em Juazeiro, a educa\u00e7\u00e3o sempre foi e continua sendo uma prioridade. Os professores t\u00eam forma\u00e7\u00e3o continuada e os seus esfor\u00e7os s\u00e3o reconhecidos. Parab\u00e9ns ao professor e \u00e0queles que o inspiram\u201d, afirmou o prefeito.<\/p>\n<p style=\"text-align: justify;\">O professor Elionaldo contou que a ideia do projeto &#8216;Eu preciso sonhar&#8230;&#8217;, que vem incentivando os alunos do 9\u00ba ano, com idades entre 14 a 16 anos, da escola Terezinha, surgiu ap\u00f3s avaliar que muitos destes alunos n\u00e3o conseguiam ingressar na universidade, e um dos motivos \u00e9 por n\u00e3o acreditarem no seu potencial para realiza\u00e7\u00e3o dos sonhos.<\/p>\n<p style=\"text-align: justify;\">Uma das a\u00e7\u00f5es do projeto \u00e9 a realiza\u00e7\u00e3o de um Talk Show (Bate Papo), onde m\u00e9dicos, advogados, nutricionistas, policiais, jogadores de futebol, professores, entre outros profissionais, s\u00e3o convidados para contar um pouco sobre cada profiss\u00e3o e a experi\u00eancia de cada um nas \u00e1reas especificas. O projeto tamb\u00e9m promove cursos de inform\u00e1tica b\u00e1sica e artesanato, visitas t\u00e9cnicas as universidades locais, desfile das profiss\u00f5es, exibi\u00e7\u00e3o de filmes motivacionais e palestras.<\/p>\n<p style=\"text-align: justify;\">O Pr\u00eamio \u00e9 uma iniciativa do Minist\u00e9rio da Educa\u00e7\u00e3o (MEC) que busca reconhecer, divulgar e premiar o trabalho de professores de escolas p\u00fablicas que contribuem para a melhoria dos processos de ensino e aprendizagem desenvolvidos nas salas de aula.<\/p>\n<p style=\"text-align: justify;\">\u201cQuero parabenizar e agradecer ao professor Elionaldo pela idealiza\u00e7\u00e3o deste projeto que desperta as potencialidades profissionais dos alunos. Ele \u00e9 merecedor deste Pr\u00eamio, que destaca professores do pa\u00eds inteiro de escolas p\u00fablicas da educa\u00e7\u00e3o b\u00e1sica e evidencia pr\u00e1ticas pedag\u00f3gicas exitosas. Juazeiro hoje tem o melhor IDEB da Bahia entre os munic\u00edpios com mais de 100 mil habitantes, e agora ganhamos o Pr\u00eamio Professores do Brasil no Estado e Nacional. \u00c9 s\u00f3 alegria e gratid\u00e3o para a equipe da Rede Municipal de Ensino de Juazeiro\u201d, comemorou Lucinete.<\/p>\n<p style=\"text-align: justify;\"><strong>Confira os vencedores do Pr\u00eamio Professores do Brasil etapa Nacional<\/strong><\/p>\n<p style=\"text-align: justify;\"><strong><a href=\"http:\/\/premioprofessoresdobrasil.mec.gov.br\/images\/pdf\/resultado\/tematicas-especiais-2018.pdf\" target=\"_blank\" rel=\"noopener\" data-saferedirecturl=\"https:\/\/www.google.com\/url?q=http:\/\/premioprofessoresdobrasil.mec.gov.br\/images\/pdf\/resultado\/tematicas-especiais-2018.pdf&amp;source=gmail&amp;ust=1539803537464000&amp;usg=AFQjCNFp545Zv2zJV-gj0SV6AP3HA_I4oA\">http:\/\/<wbr \/>premioprofessoresdobrasil.mec.<wbr \/>gov.br\/images\/pdf\/resultado\/<wbr \/>tematicas-especiais-2018.pdf<\/a><\/strong><\/p>\n<p>Por Emanuelle Lustosa\/<strong>SEDUC<\/strong><\/p>\n","protected":false},"excerpt":{"rendered":"<p>No Dia do Professor, segunda-feira (15), o professor Elionaldo Bringel da Escola Municipal Terezinha Ferreira de Oliveira, localizada no bairro Tabuleiro, foi o vencedor Nacional da 11\u00aa edi\u00e7\u00e3o do Pr\u00eamio Professores do Brasil, na tem\u00e1tica Educa\u00e7\u00e3o Empreendedora. Com o projeto &#8216;Eu preciso Sonhar: Uma escola que perpassa a fun\u00e7\u00e3o de ensinar&#8217;, na categoria 6\u00ba ao 9\u00ba ano do Ensino Fundamental, o professor foi premiado em setembro, na etapa Estadual e agora na etapa Nacional. \u201cEstou muito feliz com os resultados do projeto, que al\u00e9m de envolver os alunos do 9\u00b0, tamb\u00e9m trabalha outras a\u00e7\u00f5es das turmas do 1\u00b0 ao 8\u00b0 ano e a Educa\u00e7\u00e3o de Jovens e Adultos (EJA). Agora estou mais feliz ainda com o reconhecimento atrav\u00e9s desta importante&hellip; <\/p>\n","protected":false},"author":1,"featured_media":212063,"comment_status":"closed","ping_status":"closed","sticky":false,"template":"","format":"standard","meta":{"_acf_changed":false,"footnotes":""},"categories":[12,6],"tags":[],"class_list":["post-212062","post","type-post","status-publish","format-standard","has-post-thumbnail","hentry","category-confraternizacoes","category-educacao"],"acf":[],"yoast_head":"<!-- This site is optimized with the Yoast SEO plugin v27.5 - https:\/\/yoast.com\/product\/yoast-seo-wordpress\/ -->\n<title>DEPOIS DE VENCER A ETAPA ESTADUAL, PROFESSOR DE JUAZEIRO \u00c9 VENCEDOR NACIONAL DO PR\u00caMIO &quot;PROFESSORES DO BRASIL&quot; - Blog do Farn\u00e9sio<\/title>\n<meta name=\"robots\" content=\"index, follow, max-snippet:-1, max-image-preview:large, max-video-preview:-1\" \/>\n<link rel=\"canonical\" href=\"https:\/\/blogdofarnesio.com.br\/2018\/10\/depois-de-vencer-a-etapa-estadual-professor-de-juazeiro-e-vencedor-nacional-do-premio-professores-do-brasil\/\" \/>\n<meta property=\"og:locale\" content=\"pt_BR\" \/>\n<meta property=\"og:type\" content=\"article\" \/>\n<meta property=\"og:title\" content=\"DEPOIS DE VENCER A ETAPA ESTADUAL, PROFESSOR DE JUAZEIRO \u00c9 VENCEDOR NACIONAL DO PR\u00caMIO &quot;PROFESSORES DO BRASIL&quot; - Blog do Farn\u00e9sio\" \/>\n<meta property=\"og:description\" content=\"No Dia do Professor, segunda-feira (15), o professor Elionaldo Bringel da Escola Municipal Terezinha Ferreira de Oliveira, localizada no bairro Tabuleiro, foi o vencedor Nacional da 11\u00aa edi\u00e7\u00e3o do Pr\u00eamio Professores do Brasil, na tem\u00e1tica Educa\u00e7\u00e3o Empreendedora. Com o projeto &#8216;Eu preciso Sonhar: Uma escola que perpassa a fun\u00e7\u00e3o de ensinar&#8217;, na categoria 6\u00ba ao 9\u00ba ano do Ensino Fundamental, o professor foi premiado em setembro, na etapa Estadual e agora na etapa Nacional. \u201cEstou muito feliz com os resultados do projeto, que al\u00e9m de envolver os alunos do 9\u00b0, tamb\u00e9m trabalha outras a\u00e7\u00f5es das turmas do 1\u00b0 ao 8\u00b0 ano e a Educa\u00e7\u00e3o de Jovens e Adultos (EJA). Agora estou mais feliz ainda com o reconhecimento atrav\u00e9s desta importante&hellip;\" \/>\n<meta property=\"og:url\" content=\"https:\/\/blogdofarnesio.com.br\/2018\/10\/depois-de-vencer-a-etapa-estadual-professor-de-juazeiro-e-vencedor-nacional-do-premio-professores-do-brasil\/\" \/>\n<meta property=\"og:site_name\" content=\"Blog do Farn\u00e9sio\" \/>\n<meta property=\"article:publisher\" content=\"https:\/\/www.facebook.com\/BlogQuerSaberPolitica\/\" \/>\n<meta property=\"article:published_time\" content=\"2018-10-17T10:00:47+00:00\" \/>\n<meta property=\"og:image\" content=\"https:\/\/blogdofarnesio.com.br\/wp-content\/uploads\/2018\/10\/blogqsp-Juazeiro-1\u00ba-lugar-Professores-do-Brasil-5.jpeg\" \/>\n\t<meta property=\"og:image:width\" content=\"640\" \/>\n\t<meta property=\"og:image:height\" content=\"480\" \/>\n\t<meta property=\"og:image:type\" content=\"image\/jpeg\" \/>\n<meta name=\"author\" content=\"Farn\u00e9sio\" \/>\n<meta name=\"twitter:card\" content=\"summary_large_image\" \/>\n<meta name=\"twitter:label1\" content=\"Escrito por\" \/>\n\t<meta name=\"twitter:data1\" content=\"Farn\u00e9sio\" \/>\n\t<meta name=\"twitter:label2\" content=\"Est. tempo de leitura\" \/>\n\t<meta name=\"twitter:data2\" content=\"3 minutos\" \/>\n<script type=\"application\/ld+json\" class=\"yoast-schema-graph\">{\"@context\":\"https:\\\/\\\/schema.org\",\"@graph\":[{\"@type\":\"Article\",\"@id\":\"https:\\\/\\\/blogdofarnesio.com.br\\\/2018\\\/10\\\/depois-de-vencer-a-etapa-estadual-professor-de-juazeiro-e-vencedor-nacional-do-premio-professores-do-brasil\\\/#article\",\"isPartOf\":{\"@id\":\"https:\\\/\\\/blogdofarnesio.com.br\\\/2018\\\/10\\\/depois-de-vencer-a-etapa-estadual-professor-de-juazeiro-e-vencedor-nacional-do-premio-professores-do-brasil\\\/\"},\"author\":{\"name\":\"Farn\u00e9sio\",\"@id\":\"https:\\\/\\\/blogdofarnesio.com.br\\\/#\\\/schema\\\/person\\\/301c4acf522bccbfdb45af95b5b906a1\"},\"headline\":\"DEPOIS DE VENCER A ETAPA ESTADUAL, PROFESSOR DE JUAZEIRO \u00c9 VENCEDOR NACIONAL DO PR\u00caMIO &#8220;PROFESSORES DO BRASIL&#8221;\",\"datePublished\":\"2018-10-17T10:00:47+00:00\",\"mainEntityOfPage\":{\"@id\":\"https:\\\/\\\/blogdofarnesio.com.br\\\/2018\\\/10\\\/depois-de-vencer-a-etapa-estadual-professor-de-juazeiro-e-vencedor-nacional-do-premio-professores-do-brasil\\\/\"},\"wordCount\":576,\"publisher\":{\"@id\":\"https:\\\/\\\/blogdofarnesio.com.br\\\/#organization\"},\"image\":{\"@id\":\"https:\\\/\\\/blogdofarnesio.com.br\\\/2018\\\/10\\\/depois-de-vencer-a-etapa-estadual-professor-de-juazeiro-e-vencedor-nacional-do-premio-professores-do-brasil\\\/#primaryimage\"},\"thumbnailUrl\":\"https:\\\/\\\/blogdofarnesio.com.br\\\/wp-content\\\/uploads\\\/2018\\\/10\\\/blogqsp-Juazeiro-1\u00ba-lugar-Professores-do-Brasil-5.jpeg\",\"articleSection\":[\"Confraterniza\u00e7\u00f5es\",\"Educa\u00e7\u00e3o\"],\"inLanguage\":\"pt-BR\"},{\"@type\":\"WebPage\",\"@id\":\"https:\\\/\\\/blogdofarnesio.com.br\\\/2018\\\/10\\\/depois-de-vencer-a-etapa-estadual-professor-de-juazeiro-e-vencedor-nacional-do-premio-professores-do-brasil\\\/\",\"url\":\"https:\\\/\\\/blogdofarnesio.com.br\\\/2018\\\/10\\\/depois-de-vencer-a-etapa-estadual-professor-de-juazeiro-e-vencedor-nacional-do-premio-professores-do-brasil\\\/\",\"name\":\"DEPOIS DE VENCER A ETAPA ESTADUAL, PROFESSOR DE JUAZEIRO \u00c9 VENCEDOR NACIONAL DO PR\u00caMIO \\\"PROFESSORES DO BRASIL\\\" - Blog do Farn\u00e9sio\",\"isPartOf\":{\"@id\":\"https:\\\/\\\/blogdofarnesio.com.br\\\/#website\"},\"primaryImageOfPage\":{\"@id\":\"https:\\\/\\\/blogdofarnesio.com.br\\\/2018\\\/10\\\/depois-de-vencer-a-etapa-estadual-professor-de-juazeiro-e-vencedor-nacional-do-premio-professores-do-brasil\\\/#primaryimage\"},\"image\":{\"@id\":\"https:\\\/\\\/blogdofarnesio.com.br\\\/2018\\\/10\\\/depois-de-vencer-a-etapa-estadual-professor-de-juazeiro-e-vencedor-nacional-do-premio-professores-do-brasil\\\/#primaryimage\"},\"thumbnailUrl\":\"https:\\\/\\\/blogdofarnesio.com.br\\\/wp-content\\\/uploads\\\/2018\\\/10\\\/blogqsp-Juazeiro-1\u00ba-lugar-Professores-do-Brasil-5.jpeg\",\"datePublished\":\"2018-10-17T10:00:47+00:00\",\"breadcrumb\":{\"@id\":\"https:\\\/\\\/blogdofarnesio.com.br\\\/2018\\\/10\\\/depois-de-vencer-a-etapa-estadual-professor-de-juazeiro-e-vencedor-nacional-do-premio-professores-do-brasil\\\/#breadcrumb\"},\"inLanguage\":\"pt-BR\",\"potentialAction\":[{\"@type\":\"ReadAction\",\"target\":[\"https:\\\/\\\/blogdofarnesio.com.br\\\/2018\\\/10\\\/depois-de-vencer-a-etapa-estadual-professor-de-juazeiro-e-vencedor-nacional-do-premio-professores-do-brasil\\\/\"]}]},{\"@type\":\"ImageObject\",\"inLanguage\":\"pt-BR\",\"@id\":\"https:\\\/\\\/blogdofarnesio.com.br\\\/2018\\\/10\\\/depois-de-vencer-a-etapa-estadual-professor-de-juazeiro-e-vencedor-nacional-do-premio-professores-do-brasil\\\/#primaryimage\",\"url\":\"https:\\\/\\\/blogdofarnesio.com.br\\\/wp-content\\\/uploads\\\/2018\\\/10\\\/blogqsp-Juazeiro-1\u00ba-lugar-Professores-do-Brasil-5.jpeg\",\"contentUrl\":\"https:\\\/\\\/blogdofarnesio.com.br\\\/wp-content\\\/uploads\\\/2018\\\/10\\\/blogqsp-Juazeiro-1\u00ba-lugar-Professores-do-Brasil-5.jpeg\",\"width\":640,\"height\":480},{\"@type\":\"BreadcrumbList\",\"@id\":\"https:\\\/\\\/blogdofarnesio.com.br\\\/2018\\\/10\\\/depois-de-vencer-a-etapa-estadual-professor-de-juazeiro-e-vencedor-nacional-do-premio-professores-do-brasil\\\/#breadcrumb\",\"itemListElement\":[{\"@type\":\"ListItem\",\"position\":1,\"name\":\"In\u00edcio\",\"item\":\"https:\\\/\\\/blogdofarnesio.com.br\\\/\"},{\"@type\":\"ListItem\",\"position\":2,\"name\":\"DEPOIS DE VENCER A ETAPA ESTADUAL, PROFESSOR DE JUAZEIRO \u00c9 VENCEDOR NACIONAL DO PR\u00caMIO &#8220;PROFESSORES DO BRASIL&#8221;\"}]},{\"@type\":\"WebSite\",\"@id\":\"https:\\\/\\\/blogdofarnesio.com.br\\\/#website\",\"url\":\"https:\\\/\\\/blogdofarnesio.com.br\\\/\",\"name\":\"Blog do Farn\u00e9sio\",\"description\":\"Quer Saber Pol\u00edtica?\",\"publisher\":{\"@id\":\"https:\\\/\\\/blogdofarnesio.com.br\\\/#organization\"},\"potentialAction\":[{\"@type\":\"SearchAction\",\"target\":{\"@type\":\"EntryPoint\",\"urlTemplate\":\"https:\\\/\\\/blogdofarnesio.com.br\\\/?s={search_term_string}\"},\"query-input\":{\"@type\":\"PropertyValueSpecification\",\"valueRequired\":true,\"valueName\":\"search_term_string\"}}],\"inLanguage\":\"pt-BR\"},{\"@type\":\"Organization\",\"@id\":\"https:\\\/\\\/blogdofarnesio.com.br\\\/#organization\",\"name\":\"Blog do Farn\u00e9sio\",\"url\":\"https:\\\/\\\/blogdofarnesio.com.br\\\/\",\"logo\":{\"@type\":\"ImageObject\",\"inLanguage\":\"pt-BR\",\"@id\":\"https:\\\/\\\/blogdofarnesio.com.br\\\/#\\\/schema\\\/logo\\\/image\\\/\",\"url\":\"https:\\\/\\\/blogdofarnesio.com.br\\\/wp-content\\\/uploads\\\/2026\\\/03\\\/cropped-logo_new-1.png\",\"contentUrl\":\"https:\\\/\\\/blogdofarnesio.com.br\\\/wp-content\\\/uploads\\\/2026\\\/03\\\/cropped-logo_new-1.png\",\"width\":881,\"height\":685,\"caption\":\"Blog do Farn\u00e9sio\"},\"image\":{\"@id\":\"https:\\\/\\\/blogdofarnesio.com.br\\\/#\\\/schema\\\/logo\\\/image\\\/\"},\"sameAs\":[\"https:\\\/\\\/www.facebook.com\\\/BlogQuerSaberPolitica\\\/\"]},{\"@type\":\"Person\",\"@id\":\"https:\\\/\\\/blogdofarnesio.com.br\\\/#\\\/schema\\\/person\\\/301c4acf522bccbfdb45af95b5b906a1\",\"name\":\"Farn\u00e9sio\",\"image\":{\"@type\":\"ImageObject\",\"inLanguage\":\"pt-BR\",\"@id\":\"https:\\\/\\\/secure.gravatar.com\\\/avatar\\\/df0c9a14567c056f8ad6876ba5bbd1e3e2c48023eb6807342fc4663adf549f38?s=96&d=mm&r=g\",\"url\":\"https:\\\/\\\/secure.gravatar.com\\\/avatar\\\/df0c9a14567c056f8ad6876ba5bbd1e3e2c48023eb6807342fc4663adf549f38?s=96&d=mm&r=g\",\"contentUrl\":\"https:\\\/\\\/secure.gravatar.com\\\/avatar\\\/df0c9a14567c056f8ad6876ba5bbd1e3e2c48023eb6807342fc4663adf549f38?s=96&d=mm&r=g\",\"caption\":\"Farn\u00e9sio\"},\"sameAs\":[\"https:\\\/\\\/quersaberpolitica.com.br\"],\"url\":\"https:\\\/\\\/blogdofarnesio.com.br\\\/author\\\/farnesio\\\/\"}]}<\/script>\n<!-- \/ Yoast SEO plugin. -->","yoast_head_json":{"title":"DEPOIS DE VENCER A ETAPA ESTADUAL, PROFESSOR DE JUAZEIRO \u00c9 VENCEDOR NACIONAL DO PR\u00caMIO \"PROFESSORES DO BRASIL\" - Blog do Farn\u00e9sio","robots":{"index":"index","follow":"follow","max-snippet":"max-snippet:-1","max-image-preview":"max-image-preview:large","max-video-preview":"max-video-preview:-1"},"canonical":"https:\/\/blogdofarnesio.com.br\/2018\/10\/depois-de-vencer-a-etapa-estadual-professor-de-juazeiro-e-vencedor-nacional-do-premio-professores-do-brasil\/","og_locale":"pt_BR","og_type":"article","og_title":"DEPOIS DE VENCER A ETAPA ESTADUAL, PROFESSOR DE JUAZEIRO \u00c9 VENCEDOR NACIONAL DO PR\u00caMIO \"PROFESSORES DO BRASIL\" - Blog do Farn\u00e9sio","og_description":"No Dia do Professor, segunda-feira (15), o professor Elionaldo Bringel da Escola Municipal Terezinha Ferreira de Oliveira, localizada no bairro Tabuleiro, foi o vencedor Nacional da 11\u00aa edi\u00e7\u00e3o do Pr\u00eamio Professores do Brasil, na tem\u00e1tica Educa\u00e7\u00e3o Empreendedora. Com o projeto &#8216;Eu preciso Sonhar: Uma escola que perpassa a fun\u00e7\u00e3o de ensinar&#8217;, na categoria 6\u00ba ao 9\u00ba ano do Ensino Fundamental, o professor foi premiado em setembro, na etapa Estadual e agora na etapa Nacional. \u201cEstou muito feliz com os resultados do projeto, que al\u00e9m de envolver os alunos do 9\u00b0, tamb\u00e9m trabalha outras a\u00e7\u00f5es das turmas do 1\u00b0 ao 8\u00b0 ano e a Educa\u00e7\u00e3o de Jovens e Adultos (EJA). Agora estou mais feliz ainda com o reconhecimento atrav\u00e9s desta importante&hellip;","og_url":"https:\/\/blogdofarnesio.com.br\/2018\/10\/depois-de-vencer-a-etapa-estadual-professor-de-juazeiro-e-vencedor-nacional-do-premio-professores-do-brasil\/","og_site_name":"Blog do Farn\u00e9sio","article_publisher":"https:\/\/www.facebook.com\/BlogQuerSaberPolitica\/","article_published_time":"2018-10-17T10:00:47+00:00","og_image":[{"width":640,"height":480,"url":"https:\/\/blogdofarnesio.com.br\/wp-content\/uploads\/2018\/10\/blogqsp-Juazeiro-1\u00ba-lugar-Professores-do-Brasil-5.jpeg","type":"image\/jpeg"}],"author":"Farn\u00e9sio","twitter_card":"summary_large_image","twitter_misc":{"Escrito por":"Farn\u00e9sio","Est. tempo de leitura":"3 minutos"},"schema":{"@context":"https:\/\/schema.org","@graph":[{"@type":"Article","@id":"https:\/\/blogdofarnesio.com.br\/2018\/10\/depois-de-vencer-a-etapa-estadual-professor-de-juazeiro-e-vencedor-nacional-do-premio-professores-do-brasil\/#article","isPartOf":{"@id":"https:\/\/blogdofarnesio.com.br\/2018\/10\/depois-de-vencer-a-etapa-estadual-professor-de-juazeiro-e-vencedor-nacional-do-premio-professores-do-brasil\/"},"author":{"name":"Farn\u00e9sio","@id":"https:\/\/blogdofarnesio.com.br\/#\/schema\/person\/301c4acf522bccbfdb45af95b5b906a1"},"headline":"DEPOIS DE VENCER A ETAPA ESTADUAL, PROFESSOR DE JUAZEIRO \u00c9 VENCEDOR NACIONAL DO PR\u00caMIO &#8220;PROFESSORES DO BRASIL&#8221;","datePublished":"2018-10-17T10:00:47+00:00","mainEntityOfPage":{"@id":"https:\/\/blogdofarnesio.com.br\/2018\/10\/depois-de-vencer-a-etapa-estadual-professor-de-juazeiro-e-vencedor-nacional-do-premio-professores-do-brasil\/"},"wordCount":576,"publisher":{"@id":"https:\/\/blogdofarnesio.com.br\/#organization"},"image":{"@id":"https:\/\/blogdofarnesio.com.br\/2018\/10\/depois-de-vencer-a-etapa-estadual-professor-de-juazeiro-e-vencedor-nacional-do-premio-professores-do-brasil\/#primaryimage"},"thumbnailUrl":"https:\/\/blogdofarnesio.com.br\/wp-content\/uploads\/2018\/10\/blogqsp-Juazeiro-1\u00ba-lugar-Professores-do-Brasil-5.jpeg","articleSection":["Confraterniza\u00e7\u00f5es","Educa\u00e7\u00e3o"],"inLanguage":"pt-BR"},{"@type":"WebPage","@id":"https:\/\/blogdofarnesio.com.br\/2018\/10\/depois-de-vencer-a-etapa-estadual-professor-de-juazeiro-e-vencedor-nacional-do-premio-professores-do-brasil\/","url":"https:\/\/blogdofarnesio.com.br\/2018\/10\/depois-de-vencer-a-etapa-estadual-professor-de-juazeiro-e-vencedor-nacional-do-premio-professores-do-brasil\/","name":"DEPOIS DE VENCER A ETAPA ESTADUAL, PROFESSOR DE JUAZEIRO \u00c9 VENCEDOR NACIONAL DO PR\u00caMIO \"PROFESSORES DO BRASIL\" - Blog do Farn\u00e9sio","isPartOf":{"@id":"https:\/\/blogdofarnesio.com.br\/#website"},"primaryImageOfPage":{"@id":"https:\/\/blogdofarnesio.com.br\/2018\/10\/depois-de-vencer-a-etapa-estadual-professor-de-juazeiro-e-vencedor-nacional-do-premio-professores-do-brasil\/#primaryimage"},"image":{"@id":"https:\/\/blogdofarnesio.com.br\/2018\/10\/depois-de-vencer-a-etapa-estadual-professor-de-juazeiro-e-vencedor-nacional-do-premio-professores-do-brasil\/#primaryimage"},"thumbnailUrl":"https:\/\/blogdofarnesio.com.br\/wp-content\/uploads\/2018\/10\/blogqsp-Juazeiro-1\u00ba-lugar-Professores-do-Brasil-5.jpeg","datePublished":"2018-10-17T10:00:47+00:00","breadcrumb":{"@id":"https:\/\/blogdofarnesio.com.br\/2018\/10\/depois-de-vencer-a-etapa-estadual-professor-de-juazeiro-e-vencedor-nacional-do-premio-professores-do-brasil\/#breadcrumb"},"inLanguage":"pt-BR","potentialAction":[{"@type":"ReadAction","target":["https:\/\/blogdofarnesio.com.br\/2018\/10\/depois-de-vencer-a-etapa-estadual-professor-de-juazeiro-e-vencedor-nacional-do-premio-professores-do-brasil\/"]}]},{"@type":"ImageObject","inLanguage":"pt-BR","@id":"https:\/\/blogdofarnesio.com.br\/2018\/10\/depois-de-vencer-a-etapa-estadual-professor-de-juazeiro-e-vencedor-nacional-do-premio-professores-do-brasil\/#primaryimage","url":"https:\/\/blogdofarnesio.com.br\/wp-content\/uploads\/2018\/10\/blogqsp-Juazeiro-1\u00ba-lugar-Professores-do-Brasil-5.jpeg","contentUrl":"https:\/\/blogdofarnesio.com.br\/wp-content\/uploads\/2018\/10\/blogqsp-Juazeiro-1\u00ba-lugar-Professores-do-Brasil-5.jpeg","width":640,"height":480},{"@type":"BreadcrumbList","@id":"https:\/\/blogdofarnesio.com.br\/2018\/10\/depois-de-vencer-a-etapa-estadual-professor-de-juazeiro-e-vencedor-nacional-do-premio-professores-do-brasil\/#breadcrumb","itemListElement":[{"@type":"ListItem","position":1,"name":"In\u00edcio","item":"https:\/\/blogdofarnesio.com.br\/"},{"@type":"ListItem","position":2,"name":"DEPOIS DE VENCER A ETAPA ESTADUAL, PROFESSOR DE JUAZEIRO \u00c9 VENCEDOR NACIONAL DO PR\u00caMIO &#8220;PROFESSORES DO BRASIL&#8221;"}]},{"@type":"WebSite","@id":"https:\/\/blogdofarnesio.com.br\/#website","url":"https:\/\/blogdofarnesio.com.br\/","name":"Blog do Farn\u00e9sio","description":"Quer Saber Pol\u00edtica?","publisher":{"@id":"https:\/\/blogdofarnesio.com.br\/#organization"},"potentialAction":[{"@type":"SearchAction","target":{"@type":"EntryPoint","urlTemplate":"https:\/\/blogdofarnesio.com.br\/?s={search_term_string}"},"query-input":{"@type":"PropertyValueSpecification","valueRequired":true,"valueName":"search_term_string"}}],"inLanguage":"pt-BR"},{"@type":"Organization","@id":"https:\/\/blogdofarnesio.com.br\/#organization","name":"Blog do Farn\u00e9sio","url":"https:\/\/blogdofarnesio.com.br\/","logo":{"@type":"ImageObject","inLanguage":"pt-BR","@id":"https:\/\/blogdofarnesio.com.br\/#\/schema\/logo\/image\/","url":"https:\/\/blogdofarnesio.com.br\/wp-content\/uploads\/2026\/03\/cropped-logo_new-1.png","contentUrl":"https:\/\/blogdofarnesio.com.br\/wp-content\/uploads\/2026\/03\/cropped-logo_new-1.png","width":881,"height":685,"caption":"Blog do Farn\u00e9sio"},"image":{"@id":"https:\/\/blogdofarnesio.com.br\/#\/schema\/logo\/image\/"},"sameAs":["https:\/\/www.facebook.com\/BlogQuerSaberPolitica\/"]},{"@type":"Person","@id":"https:\/\/blogdofarnesio.com.br\/#\/schema\/person\/301c4acf522bccbfdb45af95b5b906a1","name":"Farn\u00e9sio","image":{"@type":"ImageObject","inLanguage":"pt-BR","@id":"https:\/\/secure.gravatar.com\/avatar\/df0c9a14567c056f8ad6876ba5bbd1e3e2c48023eb6807342fc4663adf549f38?s=96&d=mm&r=g","url":"https:\/\/secure.gravatar.com\/avatar\/df0c9a14567c056f8ad6876ba5bbd1e3e2c48023eb6807342fc4663adf549f38?s=96&d=mm&r=g","contentUrl":"https:\/\/secure.gravatar.com\/avatar\/df0c9a14567c056f8ad6876ba5bbd1e3e2c48023eb6807342fc4663adf549f38?s=96&d=mm&r=g","caption":"Farn\u00e9sio"},"sameAs":["https:\/\/quersaberpolitica.com.br"],"url":"https:\/\/blogdofarnesio.com.br\/author\/farnesio\/"}]}},"_links":{"self":[{"href":"https:\/\/blogdofarnesio.com.br\/wp-json\/wp\/v2\/posts\/212062","targetHints":{"allow":["GET"]}}],"collection":[{"href":"https:\/\/blogdofarnesio.com.br\/wp-json\/wp\/v2\/posts"}],"about":[{"href":"https:\/\/blogdofarnesio.com.br\/wp-json\/wp\/v2\/types\/post"}],"author":[{"embeddable":true,"href":"https:\/\/blogdofarnesio.com.br\/wp-json\/wp\/v2\/users\/1"}],"replies":[{"embeddable":true,"href":"https:\/\/blogdofarnesio.com.br\/wp-json\/wp\/v2\/comments?post=212062"}],"version-history":[{"count":0,"href":"https:\/\/blogdofarnesio.com.br\/wp-json\/wp\/v2\/posts\/212062\/revisions"}],"wp:featuredmedia":[{"embeddable":true,"href":"https:\/\/blogdofarnesio.com.br\/wp-json\/wp\/v2\/media\/212063"}],"wp:attachment":[{"href":"https:\/\/blogdofarnesio.com.br\/wp-json\/wp\/v2\/media?parent=212062"}],"wp:term":[{"taxonomy":"category","embeddable":true,"href":"https:\/\/blogdofarnesio.com.br\/wp-json\/wp\/v2\/categories?post=212062"},{"taxonomy":"post_tag","embeddable":true,"href":"https:\/\/blogdofarnesio.com.br\/wp-json\/wp\/v2\/tags?post=212062"}],"curies":[{"name":"wp","href":"https:\/\/api.w.org\/{rel}","templated":true}]}}