{"id":211847,"date":"2018-10-14T09:00:57","date_gmt":"2018-10-14T12:00:57","guid":{"rendered":"http:\/\/quersaberpolitica.com.br\/2016\/?p=211847"},"modified":"2018-10-13T18:46:59","modified_gmt":"2018-10-13T21:46:59","slug":"guarda-civil-municipal-doa-brinquedos-para-criancas-carentes-em-petrolina","status":"publish","type":"post","link":"https:\/\/blogdofarnesio.com.br\/2018\/10\/guarda-civil-municipal-doa-brinquedos-para-criancas-carentes-em-petrolina\/","title":{"rendered":"GUARDA CIVIL MUNICIPAL\/PETROLINA FEZ DOA\u00c7\u00c3O DE BRINQUEDOS A CRIAN\u00c7AS CARENTES"},"content":{"rendered":"<p dir=\"ltr\" style=\"text-align: justify;\">A Guarda Civil Municipal de Petrolina fez o Dia das Crian\u00e7as mais feliz para 335 meninos e meninas carentes de cinco comunidades da cidade. A iniciativa marcou o encerramento da programa\u00e7\u00e3o em comemora\u00e7\u00e3o ao Dia do Guarda Civil Municipal, celebrado no \u00faltimo dia 10. O projeto foi idealizado pela Associa\u00e7\u00e3o dos Guardas Civis Municipais de Petrolina-PE (AGUAMP).<\/p>\n<p dir=\"ltr\" style=\"text-align: justify;\">Na manh\u00e3 desta sexta-feira (12), os guardas de Petrolina visitaram os bairros Fernando Idalino, Henrique Leite, Jardim Petr\u00f3polis, Parque S\u00e3o Gon\u00e7alo e ainda a comunidade de Porto da Ilha, na zona rural. A bordo das viaturas, o efetivo distribuiu brinquedos e roupas para a garotada.<\/p>\n<p dir=\"ltr\" style=\"text-align: justify;\">O presidente da AGUAMP, Jussie Mendes, agradeceu a participa\u00e7\u00e3o do efetivo na programa\u00e7\u00e3o. \u201cEstamos muito gratos a todos os guerreiros que se empenharam em nossa campanha de solidariedade no Dia das Crian\u00e7as e em toda a nossa programa\u00e7\u00e3o. A contribui\u00e7\u00e3o de todos foi muito importante para fortalecer a nossa categoria\u201d, celebra Mendes.<\/p>\n<p dir=\"ltr\" style=\"text-align: justify;\">Ao mesmo tempo, o secret\u00e1rio-executivo de Seguran\u00e7a P\u00fablica, Jos\u00e9 Silvestre, refor\u00e7ou a import\u00e2ncia de valorizar os guardas civis de Petrolina. \u201cO engajamento visto ao longo da semana s\u00f3 refor\u00e7a o quanto temos que valorizar esse pessoal que se dedica todos os dias para garantir a seguran\u00e7a dos petrolinenses. Por isso, al\u00e9m de novos equipamentos e viaturas que est\u00e3o chegando, o prefeito Miguel Coelho trabalha para realizar um novo concurso p\u00fablico para fortalecer a atua\u00e7\u00e3o da GCM no munic\u00edpio\u201d, destaca Silvestre.<\/p>\n<p dir=\"ltr\" style=\"text-align: justify;\"><i>Texto: Felipe Pereira &#8211; AsCom Prefeitura de Petrolina<\/i><\/p>\n","protected":false},"excerpt":{"rendered":"<p>A Guarda Civil Municipal de Petrolina fez o Dia das Crian\u00e7as mais feliz para 335 meninos e meninas carentes de cinco comunidades da cidade. A iniciativa marcou o encerramento da programa\u00e7\u00e3o em comemora\u00e7\u00e3o ao Dia do Guarda Civil Municipal, celebrado no \u00faltimo dia 10. O projeto foi idealizado pela Associa\u00e7\u00e3o dos Guardas Civis Municipais de Petrolina-PE (AGUAMP). Na manh\u00e3 desta sexta-feira (12), os guardas de Petrolina visitaram os bairros Fernando Idalino, Henrique Leite, Jardim Petr\u00f3polis, Parque S\u00e3o Gon\u00e7alo e ainda a comunidade de Porto da Ilha, na zona rural. A bordo das viaturas, o efetivo distribuiu brinquedos e roupas para a garotada. O presidente da AGUAMP, Jussie Mendes, agradeceu a participa\u00e7\u00e3o do efetivo na programa\u00e7\u00e3o. \u201cEstamos muito gratos a todos&hellip; <\/p>\n","protected":false},"author":1,"featured_media":211848,"comment_status":"closed","ping_status":"closed","sticky":false,"template":"","format":"standard","meta":{"_acf_changed":false,"footnotes":""},"categories":[22],"tags":[],"class_list":["post-211847","post","type-post","status-publish","format-standard","has-post-thumbnail","hentry","category-acao-social"],"acf":[],"yoast_head":"<!-- This site is optimized with the Yoast SEO plugin v27.5 - https:\/\/yoast.com\/product\/yoast-seo-wordpress\/ -->\n<title>GUARDA CIVIL MUNICIPAL\/PETROLINA FEZ DOA\u00c7\u00c3O DE BRINQUEDOS A CRIAN\u00c7AS CARENTES - Blog do Farn\u00e9sio<\/title>\n<meta name=\"robots\" content=\"index, follow, max-snippet:-1, max-image-preview:large, max-video-preview:-1\" \/>\n<link rel=\"canonical\" href=\"https:\/\/blogdofarnesio.com.br\/2018\/10\/guarda-civil-municipal-doa-brinquedos-para-criancas-carentes-em-petrolina\/\" \/>\n<meta property=\"og:locale\" content=\"pt_BR\" \/>\n<meta property=\"og:type\" content=\"article\" \/>\n<meta property=\"og:title\" content=\"GUARDA CIVIL MUNICIPAL\/PETROLINA FEZ DOA\u00c7\u00c3O DE BRINQUEDOS A CRIAN\u00c7AS CARENTES - Blog do Farn\u00e9sio\" \/>\n<meta property=\"og:description\" content=\"A Guarda Civil Municipal de Petrolina fez o Dia das Crian\u00e7as mais feliz para 335 meninos e meninas carentes de cinco comunidades da cidade. A iniciativa marcou o encerramento da programa\u00e7\u00e3o em comemora\u00e7\u00e3o ao Dia do Guarda Civil Municipal, celebrado no \u00faltimo dia 10. O projeto foi idealizado pela Associa\u00e7\u00e3o dos Guardas Civis Municipais de Petrolina-PE (AGUAMP). Na manh\u00e3 desta sexta-feira (12), os guardas de Petrolina visitaram os bairros Fernando Idalino, Henrique Leite, Jardim Petr\u00f3polis, Parque S\u00e3o Gon\u00e7alo e ainda a comunidade de Porto da Ilha, na zona rural. A bordo das viaturas, o efetivo distribuiu brinquedos e roupas para a garotada. O presidente da AGUAMP, Jussie Mendes, agradeceu a participa\u00e7\u00e3o do efetivo na programa\u00e7\u00e3o. \u201cEstamos muito gratos a todos&hellip;\" \/>\n<meta property=\"og:url\" content=\"https:\/\/blogdofarnesio.com.br\/2018\/10\/guarda-civil-municipal-doa-brinquedos-para-criancas-carentes-em-petrolina\/\" \/>\n<meta property=\"og:site_name\" content=\"Blog do Farn\u00e9sio\" \/>\n<meta property=\"article:publisher\" content=\"https:\/\/www.facebook.com\/BlogQuerSaberPolitica\/\" \/>\n<meta property=\"article:published_time\" content=\"2018-10-14T12:00:57+00:00\" \/>\n<meta property=\"og:image\" content=\"https:\/\/blogdofarnesio.com.br\/wp-content\/uploads\/2018\/10\/blogqsp-Doa\u00e7\u00e3o_Brinquedos_GCM_Petrolina-3.jpeg\" \/>\n\t<meta property=\"og:image:width\" content=\"640\" \/>\n\t<meta property=\"og:image:height\" content=\"360\" \/>\n\t<meta property=\"og:image:type\" content=\"image\/jpeg\" \/>\n<meta name=\"author\" content=\"Farn\u00e9sio\" \/>\n<meta name=\"twitter:card\" content=\"summary_large_image\" \/>\n<meta name=\"twitter:label1\" content=\"Escrito por\" \/>\n\t<meta name=\"twitter:data1\" content=\"Farn\u00e9sio\" \/>\n\t<meta name=\"twitter:label2\" content=\"Est. tempo de leitura\" \/>\n\t<meta name=\"twitter:data2\" content=\"1 minuto\" \/>\n<script type=\"application\/ld+json\" class=\"yoast-schema-graph\">{\"@context\":\"https:\\\/\\\/schema.org\",\"@graph\":[{\"@type\":\"Article\",\"@id\":\"https:\\\/\\\/blogdofarnesio.com.br\\\/2018\\\/10\\\/guarda-civil-municipal-doa-brinquedos-para-criancas-carentes-em-petrolina\\\/#article\",\"isPartOf\":{\"@id\":\"https:\\\/\\\/blogdofarnesio.com.br\\\/2018\\\/10\\\/guarda-civil-municipal-doa-brinquedos-para-criancas-carentes-em-petrolina\\\/\"},\"author\":{\"name\":\"Farn\u00e9sio\",\"@id\":\"https:\\\/\\\/blogdofarnesio.com.br\\\/#\\\/schema\\\/person\\\/301c4acf522bccbfdb45af95b5b906a1\"},\"headline\":\"GUARDA CIVIL MUNICIPAL\\\/PETROLINA FEZ DOA\u00c7\u00c3O DE BRINQUEDOS A CRIAN\u00c7AS CARENTES\",\"datePublished\":\"2018-10-14T12:00:57+00:00\",\"mainEntityOfPage\":{\"@id\":\"https:\\\/\\\/blogdofarnesio.com.br\\\/2018\\\/10\\\/guarda-civil-municipal-doa-brinquedos-para-criancas-carentes-em-petrolina\\\/\"},\"wordCount\":276,\"publisher\":{\"@id\":\"https:\\\/\\\/blogdofarnesio.com.br\\\/#organization\"},\"image\":{\"@id\":\"https:\\\/\\\/blogdofarnesio.com.br\\\/2018\\\/10\\\/guarda-civil-municipal-doa-brinquedos-para-criancas-carentes-em-petrolina\\\/#primaryimage\"},\"thumbnailUrl\":\"https:\\\/\\\/blogdofarnesio.com.br\\\/wp-content\\\/uploads\\\/2018\\\/10\\\/blogqsp-Doa\u00e7\u00e3o_Brinquedos_GCM_Petrolina-3.jpeg\",\"articleSection\":[\"A\u00e7\u00e3o Social\"],\"inLanguage\":\"pt-BR\"},{\"@type\":\"WebPage\",\"@id\":\"https:\\\/\\\/blogdofarnesio.com.br\\\/2018\\\/10\\\/guarda-civil-municipal-doa-brinquedos-para-criancas-carentes-em-petrolina\\\/\",\"url\":\"https:\\\/\\\/blogdofarnesio.com.br\\\/2018\\\/10\\\/guarda-civil-municipal-doa-brinquedos-para-criancas-carentes-em-petrolina\\\/\",\"name\":\"GUARDA CIVIL MUNICIPAL\\\/PETROLINA FEZ DOA\u00c7\u00c3O DE BRINQUEDOS A CRIAN\u00c7AS CARENTES - Blog do Farn\u00e9sio\",\"isPartOf\":{\"@id\":\"https:\\\/\\\/blogdofarnesio.com.br\\\/#website\"},\"primaryImageOfPage\":{\"@id\":\"https:\\\/\\\/blogdofarnesio.com.br\\\/2018\\\/10\\\/guarda-civil-municipal-doa-brinquedos-para-criancas-carentes-em-petrolina\\\/#primaryimage\"},\"image\":{\"@id\":\"https:\\\/\\\/blogdofarnesio.com.br\\\/2018\\\/10\\\/guarda-civil-municipal-doa-brinquedos-para-criancas-carentes-em-petrolina\\\/#primaryimage\"},\"thumbnailUrl\":\"https:\\\/\\\/blogdofarnesio.com.br\\\/wp-content\\\/uploads\\\/2018\\\/10\\\/blogqsp-Doa\u00e7\u00e3o_Brinquedos_GCM_Petrolina-3.jpeg\",\"datePublished\":\"2018-10-14T12:00:57+00:00\",\"breadcrumb\":{\"@id\":\"https:\\\/\\\/blogdofarnesio.com.br\\\/2018\\\/10\\\/guarda-civil-municipal-doa-brinquedos-para-criancas-carentes-em-petrolina\\\/#breadcrumb\"},\"inLanguage\":\"pt-BR\",\"potentialAction\":[{\"@type\":\"ReadAction\",\"target\":[\"https:\\\/\\\/blogdofarnesio.com.br\\\/2018\\\/10\\\/guarda-civil-municipal-doa-brinquedos-para-criancas-carentes-em-petrolina\\\/\"]}]},{\"@type\":\"ImageObject\",\"inLanguage\":\"pt-BR\",\"@id\":\"https:\\\/\\\/blogdofarnesio.com.br\\\/2018\\\/10\\\/guarda-civil-municipal-doa-brinquedos-para-criancas-carentes-em-petrolina\\\/#primaryimage\",\"url\":\"https:\\\/\\\/blogdofarnesio.com.br\\\/wp-content\\\/uploads\\\/2018\\\/10\\\/blogqsp-Doa\u00e7\u00e3o_Brinquedos_GCM_Petrolina-3.jpeg\",\"contentUrl\":\"https:\\\/\\\/blogdofarnesio.com.br\\\/wp-content\\\/uploads\\\/2018\\\/10\\\/blogqsp-Doa\u00e7\u00e3o_Brinquedos_GCM_Petrolina-3.jpeg\",\"width\":640,\"height\":360},{\"@type\":\"BreadcrumbList\",\"@id\":\"https:\\\/\\\/blogdofarnesio.com.br\\\/2018\\\/10\\\/guarda-civil-municipal-doa-brinquedos-para-criancas-carentes-em-petrolina\\\/#breadcrumb\",\"itemListElement\":[{\"@type\":\"ListItem\",\"position\":1,\"name\":\"In\u00edcio\",\"item\":\"https:\\\/\\\/blogdofarnesio.com.br\\\/\"},{\"@type\":\"ListItem\",\"position\":2,\"name\":\"GUARDA CIVIL MUNICIPAL\\\/PETROLINA FEZ DOA\u00c7\u00c3O DE BRINQUEDOS A CRIAN\u00c7AS CARENTES\"}]},{\"@type\":\"WebSite\",\"@id\":\"https:\\\/\\\/blogdofarnesio.com.br\\\/#website\",\"url\":\"https:\\\/\\\/blogdofarnesio.com.br\\\/\",\"name\":\"Blog do Farn\u00e9sio\",\"description\":\"Quer Saber Pol\u00edtica?\",\"publisher\":{\"@id\":\"https:\\\/\\\/blogdofarnesio.com.br\\\/#organization\"},\"potentialAction\":[{\"@type\":\"SearchAction\",\"target\":{\"@type\":\"EntryPoint\",\"urlTemplate\":\"https:\\\/\\\/blogdofarnesio.com.br\\\/?s={search_term_string}\"},\"query-input\":{\"@type\":\"PropertyValueSpecification\",\"valueRequired\":true,\"valueName\":\"search_term_string\"}}],\"inLanguage\":\"pt-BR\"},{\"@type\":\"Organization\",\"@id\":\"https:\\\/\\\/blogdofarnesio.com.br\\\/#organization\",\"name\":\"Blog do Farn\u00e9sio\",\"url\":\"https:\\\/\\\/blogdofarnesio.com.br\\\/\",\"logo\":{\"@type\":\"ImageObject\",\"inLanguage\":\"pt-BR\",\"@id\":\"https:\\\/\\\/blogdofarnesio.com.br\\\/#\\\/schema\\\/logo\\\/image\\\/\",\"url\":\"https:\\\/\\\/blogdofarnesio.com.br\\\/wp-content\\\/uploads\\\/2026\\\/03\\\/cropped-logo_new-1.png\",\"contentUrl\":\"https:\\\/\\\/blogdofarnesio.com.br\\\/wp-content\\\/uploads\\\/2026\\\/03\\\/cropped-logo_new-1.png\",\"width\":881,\"height\":685,\"caption\":\"Blog do Farn\u00e9sio\"},\"image\":{\"@id\":\"https:\\\/\\\/blogdofarnesio.com.br\\\/#\\\/schema\\\/logo\\\/image\\\/\"},\"sameAs\":[\"https:\\\/\\\/www.facebook.com\\\/BlogQuerSaberPolitica\\\/\"]},{\"@type\":\"Person\",\"@id\":\"https:\\\/\\\/blogdofarnesio.com.br\\\/#\\\/schema\\\/person\\\/301c4acf522bccbfdb45af95b5b906a1\",\"name\":\"Farn\u00e9sio\",\"image\":{\"@type\":\"ImageObject\",\"inLanguage\":\"pt-BR\",\"@id\":\"https:\\\/\\\/secure.gravatar.com\\\/avatar\\\/df0c9a14567c056f8ad6876ba5bbd1e3e2c48023eb6807342fc4663adf549f38?s=96&d=mm&r=g\",\"url\":\"https:\\\/\\\/secure.gravatar.com\\\/avatar\\\/df0c9a14567c056f8ad6876ba5bbd1e3e2c48023eb6807342fc4663adf549f38?s=96&d=mm&r=g\",\"contentUrl\":\"https:\\\/\\\/secure.gravatar.com\\\/avatar\\\/df0c9a14567c056f8ad6876ba5bbd1e3e2c48023eb6807342fc4663adf549f38?s=96&d=mm&r=g\",\"caption\":\"Farn\u00e9sio\"},\"sameAs\":[\"https:\\\/\\\/quersaberpolitica.com.br\"],\"url\":\"https:\\\/\\\/blogdofarnesio.com.br\\\/author\\\/farnesio\\\/\"}]}<\/script>\n<!-- \/ Yoast SEO plugin. -->","yoast_head_json":{"title":"GUARDA CIVIL MUNICIPAL\/PETROLINA FEZ DOA\u00c7\u00c3O DE BRINQUEDOS A CRIAN\u00c7AS CARENTES - Blog do Farn\u00e9sio","robots":{"index":"index","follow":"follow","max-snippet":"max-snippet:-1","max-image-preview":"max-image-preview:large","max-video-preview":"max-video-preview:-1"},"canonical":"https:\/\/blogdofarnesio.com.br\/2018\/10\/guarda-civil-municipal-doa-brinquedos-para-criancas-carentes-em-petrolina\/","og_locale":"pt_BR","og_type":"article","og_title":"GUARDA CIVIL MUNICIPAL\/PETROLINA FEZ DOA\u00c7\u00c3O DE BRINQUEDOS A CRIAN\u00c7AS CARENTES - Blog do Farn\u00e9sio","og_description":"A Guarda Civil Municipal de Petrolina fez o Dia das Crian\u00e7as mais feliz para 335 meninos e meninas carentes de cinco comunidades da cidade. A iniciativa marcou o encerramento da programa\u00e7\u00e3o em comemora\u00e7\u00e3o ao Dia do Guarda Civil Municipal, celebrado no \u00faltimo dia 10. O projeto foi idealizado pela Associa\u00e7\u00e3o dos Guardas Civis Municipais de Petrolina-PE (AGUAMP). Na manh\u00e3 desta sexta-feira (12), os guardas de Petrolina visitaram os bairros Fernando Idalino, Henrique Leite, Jardim Petr\u00f3polis, Parque S\u00e3o Gon\u00e7alo e ainda a comunidade de Porto da Ilha, na zona rural. A bordo das viaturas, o efetivo distribuiu brinquedos e roupas para a garotada. O presidente da AGUAMP, Jussie Mendes, agradeceu a participa\u00e7\u00e3o do efetivo na programa\u00e7\u00e3o. \u201cEstamos muito gratos a todos&hellip;","og_url":"https:\/\/blogdofarnesio.com.br\/2018\/10\/guarda-civil-municipal-doa-brinquedos-para-criancas-carentes-em-petrolina\/","og_site_name":"Blog do Farn\u00e9sio","article_publisher":"https:\/\/www.facebook.com\/BlogQuerSaberPolitica\/","article_published_time":"2018-10-14T12:00:57+00:00","og_image":[{"width":640,"height":360,"url":"https:\/\/blogdofarnesio.com.br\/wp-content\/uploads\/2018\/10\/blogqsp-Doa\u00e7\u00e3o_Brinquedos_GCM_Petrolina-3.jpeg","type":"image\/jpeg"}],"author":"Farn\u00e9sio","twitter_card":"summary_large_image","twitter_misc":{"Escrito por":"Farn\u00e9sio","Est. tempo de leitura":"1 minuto"},"schema":{"@context":"https:\/\/schema.org","@graph":[{"@type":"Article","@id":"https:\/\/blogdofarnesio.com.br\/2018\/10\/guarda-civil-municipal-doa-brinquedos-para-criancas-carentes-em-petrolina\/#article","isPartOf":{"@id":"https:\/\/blogdofarnesio.com.br\/2018\/10\/guarda-civil-municipal-doa-brinquedos-para-criancas-carentes-em-petrolina\/"},"author":{"name":"Farn\u00e9sio","@id":"https:\/\/blogdofarnesio.com.br\/#\/schema\/person\/301c4acf522bccbfdb45af95b5b906a1"},"headline":"GUARDA CIVIL MUNICIPAL\/PETROLINA FEZ DOA\u00c7\u00c3O DE BRINQUEDOS A CRIAN\u00c7AS CARENTES","datePublished":"2018-10-14T12:00:57+00:00","mainEntityOfPage":{"@id":"https:\/\/blogdofarnesio.com.br\/2018\/10\/guarda-civil-municipal-doa-brinquedos-para-criancas-carentes-em-petrolina\/"},"wordCount":276,"publisher":{"@id":"https:\/\/blogdofarnesio.com.br\/#organization"},"image":{"@id":"https:\/\/blogdofarnesio.com.br\/2018\/10\/guarda-civil-municipal-doa-brinquedos-para-criancas-carentes-em-petrolina\/#primaryimage"},"thumbnailUrl":"https:\/\/blogdofarnesio.com.br\/wp-content\/uploads\/2018\/10\/blogqsp-Doa\u00e7\u00e3o_Brinquedos_GCM_Petrolina-3.jpeg","articleSection":["A\u00e7\u00e3o Social"],"inLanguage":"pt-BR"},{"@type":"WebPage","@id":"https:\/\/blogdofarnesio.com.br\/2018\/10\/guarda-civil-municipal-doa-brinquedos-para-criancas-carentes-em-petrolina\/","url":"https:\/\/blogdofarnesio.com.br\/2018\/10\/guarda-civil-municipal-doa-brinquedos-para-criancas-carentes-em-petrolina\/","name":"GUARDA CIVIL MUNICIPAL\/PETROLINA FEZ DOA\u00c7\u00c3O DE BRINQUEDOS A CRIAN\u00c7AS CARENTES - Blog do Farn\u00e9sio","isPartOf":{"@id":"https:\/\/blogdofarnesio.com.br\/#website"},"primaryImageOfPage":{"@id":"https:\/\/blogdofarnesio.com.br\/2018\/10\/guarda-civil-municipal-doa-brinquedos-para-criancas-carentes-em-petrolina\/#primaryimage"},"image":{"@id":"https:\/\/blogdofarnesio.com.br\/2018\/10\/guarda-civil-municipal-doa-brinquedos-para-criancas-carentes-em-petrolina\/#primaryimage"},"thumbnailUrl":"https:\/\/blogdofarnesio.com.br\/wp-content\/uploads\/2018\/10\/blogqsp-Doa\u00e7\u00e3o_Brinquedos_GCM_Petrolina-3.jpeg","datePublished":"2018-10-14T12:00:57+00:00","breadcrumb":{"@id":"https:\/\/blogdofarnesio.com.br\/2018\/10\/guarda-civil-municipal-doa-brinquedos-para-criancas-carentes-em-petrolina\/#breadcrumb"},"inLanguage":"pt-BR","potentialAction":[{"@type":"ReadAction","target":["https:\/\/blogdofarnesio.com.br\/2018\/10\/guarda-civil-municipal-doa-brinquedos-para-criancas-carentes-em-petrolina\/"]}]},{"@type":"ImageObject","inLanguage":"pt-BR","@id":"https:\/\/blogdofarnesio.com.br\/2018\/10\/guarda-civil-municipal-doa-brinquedos-para-criancas-carentes-em-petrolina\/#primaryimage","url":"https:\/\/blogdofarnesio.com.br\/wp-content\/uploads\/2018\/10\/blogqsp-Doa\u00e7\u00e3o_Brinquedos_GCM_Petrolina-3.jpeg","contentUrl":"https:\/\/blogdofarnesio.com.br\/wp-content\/uploads\/2018\/10\/blogqsp-Doa\u00e7\u00e3o_Brinquedos_GCM_Petrolina-3.jpeg","width":640,"height":360},{"@type":"BreadcrumbList","@id":"https:\/\/blogdofarnesio.com.br\/2018\/10\/guarda-civil-municipal-doa-brinquedos-para-criancas-carentes-em-petrolina\/#breadcrumb","itemListElement":[{"@type":"ListItem","position":1,"name":"In\u00edcio","item":"https:\/\/blogdofarnesio.com.br\/"},{"@type":"ListItem","position":2,"name":"GUARDA CIVIL MUNICIPAL\/PETROLINA FEZ DOA\u00c7\u00c3O DE BRINQUEDOS A CRIAN\u00c7AS CARENTES"}]},{"@type":"WebSite","@id":"https:\/\/blogdofarnesio.com.br\/#website","url":"https:\/\/blogdofarnesio.com.br\/","name":"Blog do Farn\u00e9sio","description":"Quer Saber Pol\u00edtica?","publisher":{"@id":"https:\/\/blogdofarnesio.com.br\/#organization"},"potentialAction":[{"@type":"SearchAction","target":{"@type":"EntryPoint","urlTemplate":"https:\/\/blogdofarnesio.com.br\/?s={search_term_string}"},"query-input":{"@type":"PropertyValueSpecification","valueRequired":true,"valueName":"search_term_string"}}],"inLanguage":"pt-BR"},{"@type":"Organization","@id":"https:\/\/blogdofarnesio.com.br\/#organization","name":"Blog do Farn\u00e9sio","url":"https:\/\/blogdofarnesio.com.br\/","logo":{"@type":"ImageObject","inLanguage":"pt-BR","@id":"https:\/\/blogdofarnesio.com.br\/#\/schema\/logo\/image\/","url":"https:\/\/blogdofarnesio.com.br\/wp-content\/uploads\/2026\/03\/cropped-logo_new-1.png","contentUrl":"https:\/\/blogdofarnesio.com.br\/wp-content\/uploads\/2026\/03\/cropped-logo_new-1.png","width":881,"height":685,"caption":"Blog do Farn\u00e9sio"},"image":{"@id":"https:\/\/blogdofarnesio.com.br\/#\/schema\/logo\/image\/"},"sameAs":["https:\/\/www.facebook.com\/BlogQuerSaberPolitica\/"]},{"@type":"Person","@id":"https:\/\/blogdofarnesio.com.br\/#\/schema\/person\/301c4acf522bccbfdb45af95b5b906a1","name":"Farn\u00e9sio","image":{"@type":"ImageObject","inLanguage":"pt-BR","@id":"https:\/\/secure.gravatar.com\/avatar\/df0c9a14567c056f8ad6876ba5bbd1e3e2c48023eb6807342fc4663adf549f38?s=96&d=mm&r=g","url":"https:\/\/secure.gravatar.com\/avatar\/df0c9a14567c056f8ad6876ba5bbd1e3e2c48023eb6807342fc4663adf549f38?s=96&d=mm&r=g","contentUrl":"https:\/\/secure.gravatar.com\/avatar\/df0c9a14567c056f8ad6876ba5bbd1e3e2c48023eb6807342fc4663adf549f38?s=96&d=mm&r=g","caption":"Farn\u00e9sio"},"sameAs":["https:\/\/quersaberpolitica.com.br"],"url":"https:\/\/blogdofarnesio.com.br\/author\/farnesio\/"}]}},"_links":{"self":[{"href":"https:\/\/blogdofarnesio.com.br\/wp-json\/wp\/v2\/posts\/211847","targetHints":{"allow":["GET"]}}],"collection":[{"href":"https:\/\/blogdofarnesio.com.br\/wp-json\/wp\/v2\/posts"}],"about":[{"href":"https:\/\/blogdofarnesio.com.br\/wp-json\/wp\/v2\/types\/post"}],"author":[{"embeddable":true,"href":"https:\/\/blogdofarnesio.com.br\/wp-json\/wp\/v2\/users\/1"}],"replies":[{"embeddable":true,"href":"https:\/\/blogdofarnesio.com.br\/wp-json\/wp\/v2\/comments?post=211847"}],"version-history":[{"count":0,"href":"https:\/\/blogdofarnesio.com.br\/wp-json\/wp\/v2\/posts\/211847\/revisions"}],"wp:featuredmedia":[{"embeddable":true,"href":"https:\/\/blogdofarnesio.com.br\/wp-json\/wp\/v2\/media\/211848"}],"wp:attachment":[{"href":"https:\/\/blogdofarnesio.com.br\/wp-json\/wp\/v2\/media?parent=211847"}],"wp:term":[{"taxonomy":"category","embeddable":true,"href":"https:\/\/blogdofarnesio.com.br\/wp-json\/wp\/v2\/categories?post=211847"},{"taxonomy":"post_tag","embeddable":true,"href":"https:\/\/blogdofarnesio.com.br\/wp-json\/wp\/v2\/tags?post=211847"}],"curies":[{"name":"wp","href":"https:\/\/api.w.org\/{rel}","templated":true}]}}