{"id":211731,"date":"2018-10-14T10:30:07","date_gmt":"2018-10-14T13:30:07","guid":{"rendered":"http:\/\/quersaberpolitica.com.br\/2016\/?p=211731"},"modified":"2018-10-13T19:17:43","modified_gmt":"2018-10-13T22:17:43","slug":"mourao-diz-que-tem-opinioes-e-nao-e-vice-anencefalo","status":"publish","type":"post","link":"https:\/\/blogdofarnesio.com.br\/?p=211731","title":{"rendered":"GENERAL VICE NA CHAPA DE BOLSONARO N\u00c3O GOSTOU DE SER DESAUTORIZADO: MOUR\u00c3O DIZ QUE TEM &#8216;OPINI\u00d5ES&#8217; E N\u00c3O \u00c9 VICE FIGURATIVO"},"content":{"rendered":"<p style=\"text-align: justify;\">O general Hamilton Mour\u00e3o, vice na chapa do presidenci\u00e1vel Jair Bolsonaro, conversou com o o parlamentar ap\u00f3s entrevista que o candidato concedeu ao Jornal Nacional, na qual desautorizou declara\u00e7\u00f5es do vice, como a defesa de um autogolpe e de cr\u00edticas \u00e0 Constitui\u00e7\u00e3o.<\/p>\n<p style=\"text-align: justify;\">Ao blog de Andreia Sadi, do G1, Mour\u00e3o disse que &#8220;Bolsonaro foi colocado numa emboscada&#8221; porque quando deu a declara\u00e7\u00e3o do autogolpe, em entrevista \u00e0 Globonews em setembro, Bolsonaro estava &#8220;hospitalizado&#8221; e n\u00e3o &#8220;acompanhou direito&#8221; a repercuss\u00e3o.<\/p>\n<p style=\"text-align: justify;\">O vice afirmou \u00e0 reportagem que n\u00e3o defende um autogolpe, como admitiu, mas que \u00e9, sim, &#8220;um cr\u00edtico da Constitui\u00e7\u00e3o&#8221;. &#8220;A nossa abrange muita coisa. Defendo uma de princ\u00edpios e valores, mas \u00e9 minha opini\u00e3o pessoal, tenho minha personalidade. E j\u00e1 fiz mea culpa das minhas escorregadas. N\u00e3o sou pol\u00edtico, a\u00ed eu falo o que penso&#8221;, afirmou Mour\u00e3o.<\/p>\n<p style=\"text-align: justify;\">&#8220;Falei para ele proceder com sua vis\u00e3o. Tenho minhas cr\u00edticas. Agora, o presidente, como ele disse, \u00e9 ele. S\u00f3 n\u00e3o sou um vice anenc\u00e9falo. Tenho minhas opini\u00f5es&#8221;, disse Mour\u00e3o.<\/p>\n<p style=\"text-align: justify;\">Bolsonaro confundiu o nome de Mour\u00e3o duas vezes na entrevista, chamando-o de Augusto. Perguntado se ficou chateado, o vice riu: &#8220;Foi um ato falho. Mas falei para ele: &#8216;V\u00ea se acerta nossos nomes! Eu sou o Hamilton, o Heleno \u00e9 o Augusto'&#8221;, referindo-se ao general Heleno, outro aliado de Bolsonaro.<\/p>\n<p style=\"text-align: justify;\">Mour\u00e3o segue nas conversas com empres\u00e1rios para tentar atrair apoio para a campanha de Bolsonaro.<\/p>\n","protected":false},"excerpt":{"rendered":"<p>O general Hamilton Mour\u00e3o, vice na chapa do presidenci\u00e1vel Jair Bolsonaro, conversou com o o parlamentar ap\u00f3s entrevista que o candidato concedeu ao Jornal Nacional, na qual desautorizou declara\u00e7\u00f5es do vice, como a defesa de um autogolpe e de cr\u00edticas \u00e0 Constitui\u00e7\u00e3o. Ao blog de Andreia Sadi, do G1, Mour\u00e3o disse que &#8220;Bolsonaro foi colocado numa emboscada&#8221; porque quando deu a declara\u00e7\u00e3o do autogolpe, em entrevista \u00e0 Globonews em setembro, Bolsonaro estava &#8220;hospitalizado&#8221; e n\u00e3o &#8220;acompanhou direito&#8221; a repercuss\u00e3o. O vice afirmou \u00e0 reportagem que n\u00e3o defende um autogolpe, como admitiu, mas que \u00e9, sim, &#8220;um cr\u00edtico da Constitui\u00e7\u00e3o&#8221;. &#8220;A nossa abrange muita coisa. Defendo uma de princ\u00edpios e valores, mas \u00e9 minha opini\u00e3o pessoal, tenho minha personalidade. E j\u00e1&hellip; <\/p>\n","protected":false},"author":1,"featured_media":204535,"comment_status":"closed","ping_status":"closed","sticky":false,"template":"","format":"standard","meta":{"_acf_changed":false,"footnotes":""},"categories":[34],"tags":[],"class_list":["post-211731","post","type-post","status-publish","format-standard","has-post-thumbnail","hentry","category-eleicoes"],"acf":[],"yoast_head":"<!-- This site is optimized with the Yoast SEO plugin v27.4 - https:\/\/yoast.com\/product\/yoast-seo-wordpress\/ -->\n<title>GENERAL VICE NA CHAPA DE BOLSONARO N\u00c3O GOSTOU DE SER DESAUTORIZADO: MOUR\u00c3O DIZ QUE TEM &#039;OPINI\u00d5ES&#039; E N\u00c3O \u00c9 VICE FIGURATIVO - Blog do Farn\u00e9sio<\/title>\n<meta name=\"robots\" content=\"index, follow, max-snippet:-1, max-image-preview:large, max-video-preview:-1\" \/>\n<link rel=\"canonical\" href=\"https:\/\/blogdofarnesio.com.br\/?p=211731\" \/>\n<meta property=\"og:locale\" content=\"pt_BR\" \/>\n<meta property=\"og:type\" content=\"article\" \/>\n<meta property=\"og:title\" content=\"GENERAL VICE NA CHAPA DE BOLSONARO N\u00c3O GOSTOU DE SER DESAUTORIZADO: MOUR\u00c3O DIZ QUE TEM &#039;OPINI\u00d5ES&#039; E N\u00c3O \u00c9 VICE FIGURATIVO - Blog do Farn\u00e9sio\" \/>\n<meta property=\"og:description\" content=\"O general Hamilton Mour\u00e3o, vice na chapa do presidenci\u00e1vel Jair Bolsonaro, conversou com o o parlamentar ap\u00f3s entrevista que o candidato concedeu ao Jornal Nacional, na qual desautorizou declara\u00e7\u00f5es do vice, como a defesa de um autogolpe e de cr\u00edticas \u00e0 Constitui\u00e7\u00e3o. Ao blog de Andreia Sadi, do G1, Mour\u00e3o disse que &#8220;Bolsonaro foi colocado numa emboscada&#8221; porque quando deu a declara\u00e7\u00e3o do autogolpe, em entrevista \u00e0 Globonews em setembro, Bolsonaro estava &#8220;hospitalizado&#8221; e n\u00e3o &#8220;acompanhou direito&#8221; a repercuss\u00e3o. O vice afirmou \u00e0 reportagem que n\u00e3o defende um autogolpe, como admitiu, mas que \u00e9, sim, &#8220;um cr\u00edtico da Constitui\u00e7\u00e3o&#8221;. &#8220;A nossa abrange muita coisa. Defendo uma de princ\u00edpios e valores, mas \u00e9 minha opini\u00e3o pessoal, tenho minha personalidade. E j\u00e1&hellip;\" \/>\n<meta property=\"og:url\" content=\"https:\/\/blogdofarnesio.com.br\/?p=211731\" \/>\n<meta property=\"og:site_name\" content=\"Blog do Farn\u00e9sio\" \/>\n<meta property=\"article:publisher\" content=\"https:\/\/www.facebook.com\/BlogQuerSaberPolitica\/\" \/>\n<meta property=\"article:published_time\" content=\"2018-10-14T13:30:07+00:00\" \/>\n<meta property=\"og:image\" content=\"https:\/\/blogdofarnesio.com.br\/wp-content\/uploads\/2018\/07\/blogqspgeneralmour\u00e3oo.jpg\" \/>\n\t<meta property=\"og:image:width\" content=\"273\" \/>\n\t<meta property=\"og:image:height\" content=\"184\" \/>\n\t<meta property=\"og:image:type\" content=\"image\/jpeg\" \/>\n<meta name=\"author\" content=\"Farn\u00e9sio\" \/>\n<meta name=\"twitter:card\" content=\"summary_large_image\" \/>\n<meta name=\"twitter:label1\" content=\"Escrito por\" \/>\n\t<meta name=\"twitter:data1\" content=\"Farn\u00e9sio\" \/>\n\t<meta name=\"twitter:label2\" content=\"Est. tempo de leitura\" \/>\n\t<meta name=\"twitter:data2\" content=\"1 minuto\" \/>\n<script type=\"application\/ld+json\" class=\"yoast-schema-graph\">{\"@context\":\"https:\\\/\\\/schema.org\",\"@graph\":[{\"@type\":\"Article\",\"@id\":\"https:\\\/\\\/blogdofarnesio.com.br\\\/?p=211731#article\",\"isPartOf\":{\"@id\":\"https:\\\/\\\/blogdofarnesio.com.br\\\/?p=211731\"},\"author\":{\"name\":\"Farn\u00e9sio\",\"@id\":\"https:\\\/\\\/blogdofarnesio.com.br\\\/#\\\/schema\\\/person\\\/301c4acf522bccbfdb45af95b5b906a1\"},\"headline\":\"GENERAL VICE NA CHAPA DE BOLSONARO N\u00c3O GOSTOU DE SER DESAUTORIZADO: MOUR\u00c3O DIZ QUE TEM &#8216;OPINI\u00d5ES&#8217; E N\u00c3O \u00c9 VICE FIGURATIVO\",\"datePublished\":\"2018-10-14T13:30:07+00:00\",\"mainEntityOfPage\":{\"@id\":\"https:\\\/\\\/blogdofarnesio.com.br\\\/?p=211731\"},\"wordCount\":275,\"publisher\":{\"@id\":\"https:\\\/\\\/blogdofarnesio.com.br\\\/#organization\"},\"image\":{\"@id\":\"https:\\\/\\\/blogdofarnesio.com.br\\\/?p=211731#primaryimage\"},\"thumbnailUrl\":\"https:\\\/\\\/blogdofarnesio.com.br\\\/wp-content\\\/uploads\\\/2018\\\/07\\\/blogqspgeneralmour\u00e3oo.jpg\",\"articleSection\":[\"Elei\u00e7\u00f5es\"],\"inLanguage\":\"pt-BR\"},{\"@type\":\"WebPage\",\"@id\":\"https:\\\/\\\/blogdofarnesio.com.br\\\/?p=211731\",\"url\":\"https:\\\/\\\/blogdofarnesio.com.br\\\/?p=211731\",\"name\":\"GENERAL VICE NA CHAPA DE BOLSONARO N\u00c3O GOSTOU DE SER DESAUTORIZADO: MOUR\u00c3O DIZ QUE TEM 'OPINI\u00d5ES' E N\u00c3O \u00c9 VICE FIGURATIVO - Blog do Farn\u00e9sio\",\"isPartOf\":{\"@id\":\"https:\\\/\\\/blogdofarnesio.com.br\\\/#website\"},\"primaryImageOfPage\":{\"@id\":\"https:\\\/\\\/blogdofarnesio.com.br\\\/?p=211731#primaryimage\"},\"image\":{\"@id\":\"https:\\\/\\\/blogdofarnesio.com.br\\\/?p=211731#primaryimage\"},\"thumbnailUrl\":\"https:\\\/\\\/blogdofarnesio.com.br\\\/wp-content\\\/uploads\\\/2018\\\/07\\\/blogqspgeneralmour\u00e3oo.jpg\",\"datePublished\":\"2018-10-14T13:30:07+00:00\",\"breadcrumb\":{\"@id\":\"https:\\\/\\\/blogdofarnesio.com.br\\\/?p=211731#breadcrumb\"},\"inLanguage\":\"pt-BR\",\"potentialAction\":[{\"@type\":\"ReadAction\",\"target\":[\"https:\\\/\\\/blogdofarnesio.com.br\\\/?p=211731\"]}]},{\"@type\":\"ImageObject\",\"inLanguage\":\"pt-BR\",\"@id\":\"https:\\\/\\\/blogdofarnesio.com.br\\\/?p=211731#primaryimage\",\"url\":\"https:\\\/\\\/blogdofarnesio.com.br\\\/wp-content\\\/uploads\\\/2018\\\/07\\\/blogqspgeneralmour\u00e3oo.jpg\",\"contentUrl\":\"https:\\\/\\\/blogdofarnesio.com.br\\\/wp-content\\\/uploads\\\/2018\\\/07\\\/blogqspgeneralmour\u00e3oo.jpg\",\"width\":273,\"height\":184},{\"@type\":\"BreadcrumbList\",\"@id\":\"https:\\\/\\\/blogdofarnesio.com.br\\\/?p=211731#breadcrumb\",\"itemListElement\":[{\"@type\":\"ListItem\",\"position\":1,\"name\":\"In\u00edcio\",\"item\":\"https:\\\/\\\/blogdofarnesio.com.br\\\/\"},{\"@type\":\"ListItem\",\"position\":2,\"name\":\"GENERAL VICE NA CHAPA DE BOLSONARO N\u00c3O GOSTOU DE SER DESAUTORIZADO: MOUR\u00c3O DIZ QUE TEM &#8216;OPINI\u00d5ES&#8217; E N\u00c3O \u00c9 VICE FIGURATIVO\"}]},{\"@type\":\"WebSite\",\"@id\":\"https:\\\/\\\/blogdofarnesio.com.br\\\/#website\",\"url\":\"https:\\\/\\\/blogdofarnesio.com.br\\\/\",\"name\":\"Blog do Farn\u00e9sio\",\"description\":\"Quer Saber Pol\u00edtica?\",\"publisher\":{\"@id\":\"https:\\\/\\\/blogdofarnesio.com.br\\\/#organization\"},\"potentialAction\":[{\"@type\":\"SearchAction\",\"target\":{\"@type\":\"EntryPoint\",\"urlTemplate\":\"https:\\\/\\\/blogdofarnesio.com.br\\\/?s={search_term_string}\"},\"query-input\":{\"@type\":\"PropertyValueSpecification\",\"valueRequired\":true,\"valueName\":\"search_term_string\"}}],\"inLanguage\":\"pt-BR\"},{\"@type\":\"Organization\",\"@id\":\"https:\\\/\\\/blogdofarnesio.com.br\\\/#organization\",\"name\":\"Blog do Farn\u00e9sio\",\"url\":\"https:\\\/\\\/blogdofarnesio.com.br\\\/\",\"logo\":{\"@type\":\"ImageObject\",\"inLanguage\":\"pt-BR\",\"@id\":\"https:\\\/\\\/blogdofarnesio.com.br\\\/#\\\/schema\\\/logo\\\/image\\\/\",\"url\":\"https:\\\/\\\/blogdofarnesio.com.br\\\/wp-content\\\/uploads\\\/2026\\\/03\\\/cropped-logo_new-1.png\",\"contentUrl\":\"https:\\\/\\\/blogdofarnesio.com.br\\\/wp-content\\\/uploads\\\/2026\\\/03\\\/cropped-logo_new-1.png\",\"width\":881,\"height\":685,\"caption\":\"Blog do Farn\u00e9sio\"},\"image\":{\"@id\":\"https:\\\/\\\/blogdofarnesio.com.br\\\/#\\\/schema\\\/logo\\\/image\\\/\"},\"sameAs\":[\"https:\\\/\\\/www.facebook.com\\\/BlogQuerSaberPolitica\\\/\"]},{\"@type\":\"Person\",\"@id\":\"https:\\\/\\\/blogdofarnesio.com.br\\\/#\\\/schema\\\/person\\\/301c4acf522bccbfdb45af95b5b906a1\",\"name\":\"Farn\u00e9sio\",\"image\":{\"@type\":\"ImageObject\",\"inLanguage\":\"pt-BR\",\"@id\":\"https:\\\/\\\/secure.gravatar.com\\\/avatar\\\/df0c9a14567c056f8ad6876ba5bbd1e3e2c48023eb6807342fc4663adf549f38?s=96&d=mm&r=g\",\"url\":\"https:\\\/\\\/secure.gravatar.com\\\/avatar\\\/df0c9a14567c056f8ad6876ba5bbd1e3e2c48023eb6807342fc4663adf549f38?s=96&d=mm&r=g\",\"contentUrl\":\"https:\\\/\\\/secure.gravatar.com\\\/avatar\\\/df0c9a14567c056f8ad6876ba5bbd1e3e2c48023eb6807342fc4663adf549f38?s=96&d=mm&r=g\",\"caption\":\"Farn\u00e9sio\"},\"sameAs\":[\"https:\\\/\\\/quersaberpolitica.com.br\"],\"url\":\"https:\\\/\\\/blogdofarnesio.com.br\\\/?author=1\"}]}<\/script>\n<!-- \/ Yoast SEO plugin. -->","yoast_head_json":{"title":"GENERAL VICE NA CHAPA DE BOLSONARO N\u00c3O GOSTOU DE SER DESAUTORIZADO: MOUR\u00c3O DIZ QUE TEM 'OPINI\u00d5ES' E N\u00c3O \u00c9 VICE FIGURATIVO - Blog do Farn\u00e9sio","robots":{"index":"index","follow":"follow","max-snippet":"max-snippet:-1","max-image-preview":"max-image-preview:large","max-video-preview":"max-video-preview:-1"},"canonical":"https:\/\/blogdofarnesio.com.br\/?p=211731","og_locale":"pt_BR","og_type":"article","og_title":"GENERAL VICE NA CHAPA DE BOLSONARO N\u00c3O GOSTOU DE SER DESAUTORIZADO: MOUR\u00c3O DIZ QUE TEM 'OPINI\u00d5ES' E N\u00c3O \u00c9 VICE FIGURATIVO - Blog do Farn\u00e9sio","og_description":"O general Hamilton Mour\u00e3o, vice na chapa do presidenci\u00e1vel Jair Bolsonaro, conversou com o o parlamentar ap\u00f3s entrevista que o candidato concedeu ao Jornal Nacional, na qual desautorizou declara\u00e7\u00f5es do vice, como a defesa de um autogolpe e de cr\u00edticas \u00e0 Constitui\u00e7\u00e3o. Ao blog de Andreia Sadi, do G1, Mour\u00e3o disse que &#8220;Bolsonaro foi colocado numa emboscada&#8221; porque quando deu a declara\u00e7\u00e3o do autogolpe, em entrevista \u00e0 Globonews em setembro, Bolsonaro estava &#8220;hospitalizado&#8221; e n\u00e3o &#8220;acompanhou direito&#8221; a repercuss\u00e3o. O vice afirmou \u00e0 reportagem que n\u00e3o defende um autogolpe, como admitiu, mas que \u00e9, sim, &#8220;um cr\u00edtico da Constitui\u00e7\u00e3o&#8221;. &#8220;A nossa abrange muita coisa. Defendo uma de princ\u00edpios e valores, mas \u00e9 minha opini\u00e3o pessoal, tenho minha personalidade. E j\u00e1&hellip;","og_url":"https:\/\/blogdofarnesio.com.br\/?p=211731","og_site_name":"Blog do Farn\u00e9sio","article_publisher":"https:\/\/www.facebook.com\/BlogQuerSaberPolitica\/","article_published_time":"2018-10-14T13:30:07+00:00","og_image":[{"width":273,"height":184,"url":"https:\/\/blogdofarnesio.com.br\/wp-content\/uploads\/2018\/07\/blogqspgeneralmour\u00e3oo.jpg","type":"image\/jpeg"}],"author":"Farn\u00e9sio","twitter_card":"summary_large_image","twitter_misc":{"Escrito por":"Farn\u00e9sio","Est. tempo de leitura":"1 minuto"},"schema":{"@context":"https:\/\/schema.org","@graph":[{"@type":"Article","@id":"https:\/\/blogdofarnesio.com.br\/?p=211731#article","isPartOf":{"@id":"https:\/\/blogdofarnesio.com.br\/?p=211731"},"author":{"name":"Farn\u00e9sio","@id":"https:\/\/blogdofarnesio.com.br\/#\/schema\/person\/301c4acf522bccbfdb45af95b5b906a1"},"headline":"GENERAL VICE NA CHAPA DE BOLSONARO N\u00c3O GOSTOU DE SER DESAUTORIZADO: MOUR\u00c3O DIZ QUE TEM &#8216;OPINI\u00d5ES&#8217; E N\u00c3O \u00c9 VICE FIGURATIVO","datePublished":"2018-10-14T13:30:07+00:00","mainEntityOfPage":{"@id":"https:\/\/blogdofarnesio.com.br\/?p=211731"},"wordCount":275,"publisher":{"@id":"https:\/\/blogdofarnesio.com.br\/#organization"},"image":{"@id":"https:\/\/blogdofarnesio.com.br\/?p=211731#primaryimage"},"thumbnailUrl":"https:\/\/blogdofarnesio.com.br\/wp-content\/uploads\/2018\/07\/blogqspgeneralmour\u00e3oo.jpg","articleSection":["Elei\u00e7\u00f5es"],"inLanguage":"pt-BR"},{"@type":"WebPage","@id":"https:\/\/blogdofarnesio.com.br\/?p=211731","url":"https:\/\/blogdofarnesio.com.br\/?p=211731","name":"GENERAL VICE NA CHAPA DE BOLSONARO N\u00c3O GOSTOU DE SER DESAUTORIZADO: MOUR\u00c3O DIZ QUE TEM 'OPINI\u00d5ES' E N\u00c3O \u00c9 VICE FIGURATIVO - Blog do Farn\u00e9sio","isPartOf":{"@id":"https:\/\/blogdofarnesio.com.br\/#website"},"primaryImageOfPage":{"@id":"https:\/\/blogdofarnesio.com.br\/?p=211731#primaryimage"},"image":{"@id":"https:\/\/blogdofarnesio.com.br\/?p=211731#primaryimage"},"thumbnailUrl":"https:\/\/blogdofarnesio.com.br\/wp-content\/uploads\/2018\/07\/blogqspgeneralmour\u00e3oo.jpg","datePublished":"2018-10-14T13:30:07+00:00","breadcrumb":{"@id":"https:\/\/blogdofarnesio.com.br\/?p=211731#breadcrumb"},"inLanguage":"pt-BR","potentialAction":[{"@type":"ReadAction","target":["https:\/\/blogdofarnesio.com.br\/?p=211731"]}]},{"@type":"ImageObject","inLanguage":"pt-BR","@id":"https:\/\/blogdofarnesio.com.br\/?p=211731#primaryimage","url":"https:\/\/blogdofarnesio.com.br\/wp-content\/uploads\/2018\/07\/blogqspgeneralmour\u00e3oo.jpg","contentUrl":"https:\/\/blogdofarnesio.com.br\/wp-content\/uploads\/2018\/07\/blogqspgeneralmour\u00e3oo.jpg","width":273,"height":184},{"@type":"BreadcrumbList","@id":"https:\/\/blogdofarnesio.com.br\/?p=211731#breadcrumb","itemListElement":[{"@type":"ListItem","position":1,"name":"In\u00edcio","item":"https:\/\/blogdofarnesio.com.br\/"},{"@type":"ListItem","position":2,"name":"GENERAL VICE NA CHAPA DE BOLSONARO N\u00c3O GOSTOU DE SER DESAUTORIZADO: MOUR\u00c3O DIZ QUE TEM &#8216;OPINI\u00d5ES&#8217; E N\u00c3O \u00c9 VICE FIGURATIVO"}]},{"@type":"WebSite","@id":"https:\/\/blogdofarnesio.com.br\/#website","url":"https:\/\/blogdofarnesio.com.br\/","name":"Blog do Farn\u00e9sio","description":"Quer Saber Pol\u00edtica?","publisher":{"@id":"https:\/\/blogdofarnesio.com.br\/#organization"},"potentialAction":[{"@type":"SearchAction","target":{"@type":"EntryPoint","urlTemplate":"https:\/\/blogdofarnesio.com.br\/?s={search_term_string}"},"query-input":{"@type":"PropertyValueSpecification","valueRequired":true,"valueName":"search_term_string"}}],"inLanguage":"pt-BR"},{"@type":"Organization","@id":"https:\/\/blogdofarnesio.com.br\/#organization","name":"Blog do Farn\u00e9sio","url":"https:\/\/blogdofarnesio.com.br\/","logo":{"@type":"ImageObject","inLanguage":"pt-BR","@id":"https:\/\/blogdofarnesio.com.br\/#\/schema\/logo\/image\/","url":"https:\/\/blogdofarnesio.com.br\/wp-content\/uploads\/2026\/03\/cropped-logo_new-1.png","contentUrl":"https:\/\/blogdofarnesio.com.br\/wp-content\/uploads\/2026\/03\/cropped-logo_new-1.png","width":881,"height":685,"caption":"Blog do Farn\u00e9sio"},"image":{"@id":"https:\/\/blogdofarnesio.com.br\/#\/schema\/logo\/image\/"},"sameAs":["https:\/\/www.facebook.com\/BlogQuerSaberPolitica\/"]},{"@type":"Person","@id":"https:\/\/blogdofarnesio.com.br\/#\/schema\/person\/301c4acf522bccbfdb45af95b5b906a1","name":"Farn\u00e9sio","image":{"@type":"ImageObject","inLanguage":"pt-BR","@id":"https:\/\/secure.gravatar.com\/avatar\/df0c9a14567c056f8ad6876ba5bbd1e3e2c48023eb6807342fc4663adf549f38?s=96&d=mm&r=g","url":"https:\/\/secure.gravatar.com\/avatar\/df0c9a14567c056f8ad6876ba5bbd1e3e2c48023eb6807342fc4663adf549f38?s=96&d=mm&r=g","contentUrl":"https:\/\/secure.gravatar.com\/avatar\/df0c9a14567c056f8ad6876ba5bbd1e3e2c48023eb6807342fc4663adf549f38?s=96&d=mm&r=g","caption":"Farn\u00e9sio"},"sameAs":["https:\/\/quersaberpolitica.com.br"],"url":"https:\/\/blogdofarnesio.com.br\/?author=1"}]}},"_links":{"self":[{"href":"https:\/\/blogdofarnesio.com.br\/index.php?rest_route=\/wp\/v2\/posts\/211731","targetHints":{"allow":["GET"]}}],"collection":[{"href":"https:\/\/blogdofarnesio.com.br\/index.php?rest_route=\/wp\/v2\/posts"}],"about":[{"href":"https:\/\/blogdofarnesio.com.br\/index.php?rest_route=\/wp\/v2\/types\/post"}],"author":[{"embeddable":true,"href":"https:\/\/blogdofarnesio.com.br\/index.php?rest_route=\/wp\/v2\/users\/1"}],"replies":[{"embeddable":true,"href":"https:\/\/blogdofarnesio.com.br\/index.php?rest_route=%2Fwp%2Fv2%2Fcomments&post=211731"}],"version-history":[{"count":0,"href":"https:\/\/blogdofarnesio.com.br\/index.php?rest_route=\/wp\/v2\/posts\/211731\/revisions"}],"wp:featuredmedia":[{"embeddable":true,"href":"https:\/\/blogdofarnesio.com.br\/index.php?rest_route=\/wp\/v2\/media\/204535"}],"wp:attachment":[{"href":"https:\/\/blogdofarnesio.com.br\/index.php?rest_route=%2Fwp%2Fv2%2Fmedia&parent=211731"}],"wp:term":[{"taxonomy":"category","embeddable":true,"href":"https:\/\/blogdofarnesio.com.br\/index.php?rest_route=%2Fwp%2Fv2%2Fcategories&post=211731"},{"taxonomy":"post_tag","embeddable":true,"href":"https:\/\/blogdofarnesio.com.br\/index.php?rest_route=%2Fwp%2Fv2%2Ftags&post=211731"}],"curies":[{"name":"wp","href":"https:\/\/api.w.org\/{rel}","templated":true}]}}