{"id":210197,"date":"2018-09-25T16:00:31","date_gmt":"2018-09-25T19:00:31","guid":{"rendered":"http:\/\/quersaberpolitica.com.br\/2016\/?p=210197"},"modified":"2018-09-25T20:54:36","modified_gmt":"2018-09-25T23:54:36","slug":"clique-de-fotografo-de-casa-nova-integra-livro-oficial-do-maior-evento-de-fotografia-do-brasil","status":"publish","type":"post","link":"https:\/\/blogdofarnesio.com.br\/?p=210197","title":{"rendered":"CLIQUE DE FOT\u00d3GRAFO DE CASA NOVA INTEGRA LIVRO OFICIAL DO MAIOR EVENTO DE FOTOGRAFIA DO BRASIL"},"content":{"rendered":"<p style=\"text-align: justify;\">Um clique do fot\u00f3grafo Aldo Bernardis vai fazer parte do livro oficial do Festival Bras\u00edlia Photo Show 2018, que acontece entre os dias 15 e 18 de novembro, na capital federal. A fotografia foi feita no munic\u00edpio de Casa Nova e escolhida entre 12 mil registros inscritos para compor a publica\u00e7\u00e3o.<\/p>\n<p style=\"text-align: justify;\">A fotografia de autoria de Bernardis integra a categoria jornal\u00edstica\/documental. \u00c9 intitulada \u201cL\u00e1grimas do Sert\u00e3o\u201d e foi feita em 2012, durante uma visita ao distrito de Po\u00e7o da Pedra. \u00c0 \u00e9poca, o munic\u00edpio do norte da Bahia sofria a pior seca em 50 anos. O clique registra a emo\u00e7\u00e3o de um senhor de idade com a chegada da \u00e1gua levada por um carro-pipa.<\/p>\n<p style=\"text-align: justify;\">Evento &#8211; O evento \u00e9 um dos maiores da Am\u00e9rica Latina e deve receber, s\u00f3 para a solenidade de premia\u00e7\u00e3o e entrega dos certificados aos fot\u00f3grafos selecionados, mais de 40 mil participantes no centro de conven\u00e7\u00f5es de Bras\u00edlia.<br \/>\nA lista com o nome dos ganhadores pode ser acessada atrav\u00e9s do link:\u00a0<a href=\"https:\/\/brasiliaphotoshow.com.br\/wp-content\/uploads\/2018\/09\/lista-vencedores-para-o-site.pdf\" target=\"_blank\" rel=\"noopener\" data-saferedirecturl=\"https:\/\/www.google.com\/url?q=https:\/\/brasiliaphotoshow.com.br\/wp-content\/uploads\/2018\/09\/lista-vencedores-para-o-site.pdf&amp;source=gmail&amp;ust=1537972429323000&amp;usg=AFQjCNEoVrvo4KxNaUEscGKHUCCTJ_C-XA\">https:\/\/<wbr \/>brasiliaphotoshow.com.br\/wp-<wbr \/>content\/uploads\/2018\/09\/lista-<wbr \/>vencedores-para-o-site.pdf<\/a><\/p>\n<p>Por: Andrei Sansil<\/p>\n","protected":false},"excerpt":{"rendered":"<p>Um clique do fot\u00f3grafo Aldo Bernardis vai fazer parte do livro oficial do Festival Bras\u00edlia Photo Show 2018, que acontece entre os dias 15 e 18 de novembro, na capital federal. A fotografia foi feita no munic\u00edpio de Casa Nova e escolhida entre 12 mil registros inscritos para compor a publica\u00e7\u00e3o. A fotografia de autoria de Bernardis integra a categoria jornal\u00edstica\/documental. \u00c9 intitulada \u201cL\u00e1grimas do Sert\u00e3o\u201d e foi feita em 2012, durante uma visita ao distrito de Po\u00e7o da Pedra. \u00c0 \u00e9poca, o munic\u00edpio do norte da Bahia sofria a pior seca em 50 anos. O clique registra a emo\u00e7\u00e3o de um senhor de idade com a chegada da \u00e1gua levada por um carro-pipa. Evento &#8211; O evento \u00e9 um&hellip; <\/p>\n","protected":false},"author":1,"featured_media":210198,"comment_status":"closed","ping_status":"closed","sticky":false,"template":"","format":"standard","meta":{"_acf_changed":false,"footnotes":""},"categories":[44],"tags":[],"class_list":["post-210197","post","type-post","status-publish","format-standard","has-post-thumbnail","hentry","category-administracao"],"acf":[],"yoast_head":"<!-- This site is optimized with the Yoast SEO plugin v27.4 - https:\/\/yoast.com\/product\/yoast-seo-wordpress\/ -->\n<title>CLIQUE DE FOT\u00d3GRAFO DE CASA NOVA INTEGRA LIVRO OFICIAL DO MAIOR EVENTO DE FOTOGRAFIA DO BRASIL - Blog do Farn\u00e9sio<\/title>\n<meta name=\"robots\" content=\"index, follow, max-snippet:-1, max-image-preview:large, max-video-preview:-1\" \/>\n<link rel=\"canonical\" href=\"https:\/\/blogdofarnesio.com.br\/?p=210197\" \/>\n<meta property=\"og:locale\" content=\"pt_BR\" \/>\n<meta property=\"og:type\" content=\"article\" \/>\n<meta property=\"og:title\" content=\"CLIQUE DE FOT\u00d3GRAFO DE CASA NOVA INTEGRA LIVRO OFICIAL DO MAIOR EVENTO DE FOTOGRAFIA DO BRASIL - Blog do Farn\u00e9sio\" \/>\n<meta property=\"og:description\" content=\"Um clique do fot\u00f3grafo Aldo Bernardis vai fazer parte do livro oficial do Festival Bras\u00edlia Photo Show 2018, que acontece entre os dias 15 e 18 de novembro, na capital federal. A fotografia foi feita no munic\u00edpio de Casa Nova e escolhida entre 12 mil registros inscritos para compor a publica\u00e7\u00e3o. A fotografia de autoria de Bernardis integra a categoria jornal\u00edstica\/documental. \u00c9 intitulada \u201cL\u00e1grimas do Sert\u00e3o\u201d e foi feita em 2012, durante uma visita ao distrito de Po\u00e7o da Pedra. \u00c0 \u00e9poca, o munic\u00edpio do norte da Bahia sofria a pior seca em 50 anos. O clique registra a emo\u00e7\u00e3o de um senhor de idade com a chegada da \u00e1gua levada por um carro-pipa. Evento &#8211; O evento \u00e9 um&hellip;\" \/>\n<meta property=\"og:url\" content=\"https:\/\/blogdofarnesio.com.br\/?p=210197\" \/>\n<meta property=\"og:site_name\" content=\"Blog do Farn\u00e9sio\" \/>\n<meta property=\"article:publisher\" content=\"https:\/\/www.facebook.com\/BlogQuerSaberPolitica\/\" \/>\n<meta property=\"article:published_time\" content=\"2018-09-25T19:00:31+00:00\" \/>\n<meta property=\"article:modified_time\" content=\"2018-09-25T23:54:36+00:00\" \/>\n<meta property=\"og:image\" content=\"https:\/\/blogdofarnesio.com.br\/wp-content\/uploads\/2018\/09\/blogqsp-aldo-bernardis-lagrima-do-sertao.jpg\" \/>\n\t<meta property=\"og:image:width\" content=\"640\" \/>\n\t<meta property=\"og:image:height\" content=\"289\" \/>\n\t<meta property=\"og:image:type\" content=\"image\/jpeg\" \/>\n<meta name=\"author\" content=\"Farn\u00e9sio\" \/>\n<meta name=\"twitter:card\" content=\"summary_large_image\" \/>\n<meta name=\"twitter:label1\" content=\"Escrito por\" \/>\n\t<meta name=\"twitter:data1\" content=\"Farn\u00e9sio\" \/>\n\t<meta name=\"twitter:label2\" content=\"Est. tempo de leitura\" \/>\n\t<meta name=\"twitter:data2\" content=\"1 minuto\" \/>\n<script type=\"application\/ld+json\" class=\"yoast-schema-graph\">{\"@context\":\"https:\\\/\\\/schema.org\",\"@graph\":[{\"@type\":\"Article\",\"@id\":\"https:\\\/\\\/blogdofarnesio.com.br\\\/?p=210197#article\",\"isPartOf\":{\"@id\":\"https:\\\/\\\/blogdofarnesio.com.br\\\/?p=210197\"},\"author\":{\"name\":\"Farn\u00e9sio\",\"@id\":\"https:\\\/\\\/blogdofarnesio.com.br\\\/#\\\/schema\\\/person\\\/301c4acf522bccbfdb45af95b5b906a1\"},\"headline\":\"CLIQUE DE FOT\u00d3GRAFO DE CASA NOVA INTEGRA LIVRO OFICIAL DO MAIOR EVENTO DE FOTOGRAFIA DO BRASIL\",\"datePublished\":\"2018-09-25T19:00:31+00:00\",\"dateModified\":\"2018-09-25T23:54:36+00:00\",\"mainEntityOfPage\":{\"@id\":\"https:\\\/\\\/blogdofarnesio.com.br\\\/?p=210197\"},\"wordCount\":200,\"publisher\":{\"@id\":\"https:\\\/\\\/blogdofarnesio.com.br\\\/#organization\"},\"image\":{\"@id\":\"https:\\\/\\\/blogdofarnesio.com.br\\\/?p=210197#primaryimage\"},\"thumbnailUrl\":\"https:\\\/\\\/blogdofarnesio.com.br\\\/wp-content\\\/uploads\\\/2018\\\/09\\\/blogqsp-aldo-bernardis-lagrima-do-sertao.jpg\",\"articleSection\":[\"Administra\u00e7\u00e3o\"],\"inLanguage\":\"pt-BR\"},{\"@type\":\"WebPage\",\"@id\":\"https:\\\/\\\/blogdofarnesio.com.br\\\/?p=210197\",\"url\":\"https:\\\/\\\/blogdofarnesio.com.br\\\/?p=210197\",\"name\":\"CLIQUE DE FOT\u00d3GRAFO DE CASA NOVA INTEGRA LIVRO OFICIAL DO MAIOR EVENTO DE FOTOGRAFIA DO BRASIL - Blog do Farn\u00e9sio\",\"isPartOf\":{\"@id\":\"https:\\\/\\\/blogdofarnesio.com.br\\\/#website\"},\"primaryImageOfPage\":{\"@id\":\"https:\\\/\\\/blogdofarnesio.com.br\\\/?p=210197#primaryimage\"},\"image\":{\"@id\":\"https:\\\/\\\/blogdofarnesio.com.br\\\/?p=210197#primaryimage\"},\"thumbnailUrl\":\"https:\\\/\\\/blogdofarnesio.com.br\\\/wp-content\\\/uploads\\\/2018\\\/09\\\/blogqsp-aldo-bernardis-lagrima-do-sertao.jpg\",\"datePublished\":\"2018-09-25T19:00:31+00:00\",\"dateModified\":\"2018-09-25T23:54:36+00:00\",\"breadcrumb\":{\"@id\":\"https:\\\/\\\/blogdofarnesio.com.br\\\/?p=210197#breadcrumb\"},\"inLanguage\":\"pt-BR\",\"potentialAction\":[{\"@type\":\"ReadAction\",\"target\":[\"https:\\\/\\\/blogdofarnesio.com.br\\\/?p=210197\"]}]},{\"@type\":\"ImageObject\",\"inLanguage\":\"pt-BR\",\"@id\":\"https:\\\/\\\/blogdofarnesio.com.br\\\/?p=210197#primaryimage\",\"url\":\"https:\\\/\\\/blogdofarnesio.com.br\\\/wp-content\\\/uploads\\\/2018\\\/09\\\/blogqsp-aldo-bernardis-lagrima-do-sertao.jpg\",\"contentUrl\":\"https:\\\/\\\/blogdofarnesio.com.br\\\/wp-content\\\/uploads\\\/2018\\\/09\\\/blogqsp-aldo-bernardis-lagrima-do-sertao.jpg\",\"width\":640,\"height\":289},{\"@type\":\"BreadcrumbList\",\"@id\":\"https:\\\/\\\/blogdofarnesio.com.br\\\/?p=210197#breadcrumb\",\"itemListElement\":[{\"@type\":\"ListItem\",\"position\":1,\"name\":\"In\u00edcio\",\"item\":\"https:\\\/\\\/blogdofarnesio.com.br\\\/\"},{\"@type\":\"ListItem\",\"position\":2,\"name\":\"CLIQUE DE FOT\u00d3GRAFO DE CASA NOVA INTEGRA LIVRO OFICIAL DO MAIOR EVENTO DE FOTOGRAFIA DO BRASIL\"}]},{\"@type\":\"WebSite\",\"@id\":\"https:\\\/\\\/blogdofarnesio.com.br\\\/#website\",\"url\":\"https:\\\/\\\/blogdofarnesio.com.br\\\/\",\"name\":\"Blog do Farn\u00e9sio\",\"description\":\"Quer Saber Pol\u00edtica?\",\"publisher\":{\"@id\":\"https:\\\/\\\/blogdofarnesio.com.br\\\/#organization\"},\"potentialAction\":[{\"@type\":\"SearchAction\",\"target\":{\"@type\":\"EntryPoint\",\"urlTemplate\":\"https:\\\/\\\/blogdofarnesio.com.br\\\/?s={search_term_string}\"},\"query-input\":{\"@type\":\"PropertyValueSpecification\",\"valueRequired\":true,\"valueName\":\"search_term_string\"}}],\"inLanguage\":\"pt-BR\"},{\"@type\":\"Organization\",\"@id\":\"https:\\\/\\\/blogdofarnesio.com.br\\\/#organization\",\"name\":\"Blog do Farn\u00e9sio\",\"url\":\"https:\\\/\\\/blogdofarnesio.com.br\\\/\",\"logo\":{\"@type\":\"ImageObject\",\"inLanguage\":\"pt-BR\",\"@id\":\"https:\\\/\\\/blogdofarnesio.com.br\\\/#\\\/schema\\\/logo\\\/image\\\/\",\"url\":\"https:\\\/\\\/blogdofarnesio.com.br\\\/wp-content\\\/uploads\\\/2026\\\/03\\\/cropped-logo_new-1.png\",\"contentUrl\":\"https:\\\/\\\/blogdofarnesio.com.br\\\/wp-content\\\/uploads\\\/2026\\\/03\\\/cropped-logo_new-1.png\",\"width\":881,\"height\":685,\"caption\":\"Blog do Farn\u00e9sio\"},\"image\":{\"@id\":\"https:\\\/\\\/blogdofarnesio.com.br\\\/#\\\/schema\\\/logo\\\/image\\\/\"},\"sameAs\":[\"https:\\\/\\\/www.facebook.com\\\/BlogQuerSaberPolitica\\\/\"]},{\"@type\":\"Person\",\"@id\":\"https:\\\/\\\/blogdofarnesio.com.br\\\/#\\\/schema\\\/person\\\/301c4acf522bccbfdb45af95b5b906a1\",\"name\":\"Farn\u00e9sio\",\"image\":{\"@type\":\"ImageObject\",\"inLanguage\":\"pt-BR\",\"@id\":\"https:\\\/\\\/secure.gravatar.com\\\/avatar\\\/df0c9a14567c056f8ad6876ba5bbd1e3e2c48023eb6807342fc4663adf549f38?s=96&d=mm&r=g\",\"url\":\"https:\\\/\\\/secure.gravatar.com\\\/avatar\\\/df0c9a14567c056f8ad6876ba5bbd1e3e2c48023eb6807342fc4663adf549f38?s=96&d=mm&r=g\",\"contentUrl\":\"https:\\\/\\\/secure.gravatar.com\\\/avatar\\\/df0c9a14567c056f8ad6876ba5bbd1e3e2c48023eb6807342fc4663adf549f38?s=96&d=mm&r=g\",\"caption\":\"Farn\u00e9sio\"},\"sameAs\":[\"https:\\\/\\\/quersaberpolitica.com.br\"],\"url\":\"https:\\\/\\\/blogdofarnesio.com.br\\\/?author=1\"}]}<\/script>\n<!-- \/ Yoast SEO plugin. -->","yoast_head_json":{"title":"CLIQUE DE FOT\u00d3GRAFO DE CASA NOVA INTEGRA LIVRO OFICIAL DO MAIOR EVENTO DE FOTOGRAFIA DO BRASIL - Blog do Farn\u00e9sio","robots":{"index":"index","follow":"follow","max-snippet":"max-snippet:-1","max-image-preview":"max-image-preview:large","max-video-preview":"max-video-preview:-1"},"canonical":"https:\/\/blogdofarnesio.com.br\/?p=210197","og_locale":"pt_BR","og_type":"article","og_title":"CLIQUE DE FOT\u00d3GRAFO DE CASA NOVA INTEGRA LIVRO OFICIAL DO MAIOR EVENTO DE FOTOGRAFIA DO BRASIL - Blog do Farn\u00e9sio","og_description":"Um clique do fot\u00f3grafo Aldo Bernardis vai fazer parte do livro oficial do Festival Bras\u00edlia Photo Show 2018, que acontece entre os dias 15 e 18 de novembro, na capital federal. A fotografia foi feita no munic\u00edpio de Casa Nova e escolhida entre 12 mil registros inscritos para compor a publica\u00e7\u00e3o. A fotografia de autoria de Bernardis integra a categoria jornal\u00edstica\/documental. \u00c9 intitulada \u201cL\u00e1grimas do Sert\u00e3o\u201d e foi feita em 2012, durante uma visita ao distrito de Po\u00e7o da Pedra. \u00c0 \u00e9poca, o munic\u00edpio do norte da Bahia sofria a pior seca em 50 anos. O clique registra a emo\u00e7\u00e3o de um senhor de idade com a chegada da \u00e1gua levada por um carro-pipa. Evento &#8211; O evento \u00e9 um&hellip;","og_url":"https:\/\/blogdofarnesio.com.br\/?p=210197","og_site_name":"Blog do Farn\u00e9sio","article_publisher":"https:\/\/www.facebook.com\/BlogQuerSaberPolitica\/","article_published_time":"2018-09-25T19:00:31+00:00","article_modified_time":"2018-09-25T23:54:36+00:00","og_image":[{"width":640,"height":289,"url":"https:\/\/blogdofarnesio.com.br\/wp-content\/uploads\/2018\/09\/blogqsp-aldo-bernardis-lagrima-do-sertao.jpg","type":"image\/jpeg"}],"author":"Farn\u00e9sio","twitter_card":"summary_large_image","twitter_misc":{"Escrito por":"Farn\u00e9sio","Est. tempo de leitura":"1 minuto"},"schema":{"@context":"https:\/\/schema.org","@graph":[{"@type":"Article","@id":"https:\/\/blogdofarnesio.com.br\/?p=210197#article","isPartOf":{"@id":"https:\/\/blogdofarnesio.com.br\/?p=210197"},"author":{"name":"Farn\u00e9sio","@id":"https:\/\/blogdofarnesio.com.br\/#\/schema\/person\/301c4acf522bccbfdb45af95b5b906a1"},"headline":"CLIQUE DE FOT\u00d3GRAFO DE CASA NOVA INTEGRA LIVRO OFICIAL DO MAIOR EVENTO DE FOTOGRAFIA DO BRASIL","datePublished":"2018-09-25T19:00:31+00:00","dateModified":"2018-09-25T23:54:36+00:00","mainEntityOfPage":{"@id":"https:\/\/blogdofarnesio.com.br\/?p=210197"},"wordCount":200,"publisher":{"@id":"https:\/\/blogdofarnesio.com.br\/#organization"},"image":{"@id":"https:\/\/blogdofarnesio.com.br\/?p=210197#primaryimage"},"thumbnailUrl":"https:\/\/blogdofarnesio.com.br\/wp-content\/uploads\/2018\/09\/blogqsp-aldo-bernardis-lagrima-do-sertao.jpg","articleSection":["Administra\u00e7\u00e3o"],"inLanguage":"pt-BR"},{"@type":"WebPage","@id":"https:\/\/blogdofarnesio.com.br\/?p=210197","url":"https:\/\/blogdofarnesio.com.br\/?p=210197","name":"CLIQUE DE FOT\u00d3GRAFO DE CASA NOVA INTEGRA LIVRO OFICIAL DO MAIOR EVENTO DE FOTOGRAFIA DO BRASIL - Blog do Farn\u00e9sio","isPartOf":{"@id":"https:\/\/blogdofarnesio.com.br\/#website"},"primaryImageOfPage":{"@id":"https:\/\/blogdofarnesio.com.br\/?p=210197#primaryimage"},"image":{"@id":"https:\/\/blogdofarnesio.com.br\/?p=210197#primaryimage"},"thumbnailUrl":"https:\/\/blogdofarnesio.com.br\/wp-content\/uploads\/2018\/09\/blogqsp-aldo-bernardis-lagrima-do-sertao.jpg","datePublished":"2018-09-25T19:00:31+00:00","dateModified":"2018-09-25T23:54:36+00:00","breadcrumb":{"@id":"https:\/\/blogdofarnesio.com.br\/?p=210197#breadcrumb"},"inLanguage":"pt-BR","potentialAction":[{"@type":"ReadAction","target":["https:\/\/blogdofarnesio.com.br\/?p=210197"]}]},{"@type":"ImageObject","inLanguage":"pt-BR","@id":"https:\/\/blogdofarnesio.com.br\/?p=210197#primaryimage","url":"https:\/\/blogdofarnesio.com.br\/wp-content\/uploads\/2018\/09\/blogqsp-aldo-bernardis-lagrima-do-sertao.jpg","contentUrl":"https:\/\/blogdofarnesio.com.br\/wp-content\/uploads\/2018\/09\/blogqsp-aldo-bernardis-lagrima-do-sertao.jpg","width":640,"height":289},{"@type":"BreadcrumbList","@id":"https:\/\/blogdofarnesio.com.br\/?p=210197#breadcrumb","itemListElement":[{"@type":"ListItem","position":1,"name":"In\u00edcio","item":"https:\/\/blogdofarnesio.com.br\/"},{"@type":"ListItem","position":2,"name":"CLIQUE DE FOT\u00d3GRAFO DE CASA NOVA INTEGRA LIVRO OFICIAL DO MAIOR EVENTO DE FOTOGRAFIA DO BRASIL"}]},{"@type":"WebSite","@id":"https:\/\/blogdofarnesio.com.br\/#website","url":"https:\/\/blogdofarnesio.com.br\/","name":"Blog do Farn\u00e9sio","description":"Quer Saber Pol\u00edtica?","publisher":{"@id":"https:\/\/blogdofarnesio.com.br\/#organization"},"potentialAction":[{"@type":"SearchAction","target":{"@type":"EntryPoint","urlTemplate":"https:\/\/blogdofarnesio.com.br\/?s={search_term_string}"},"query-input":{"@type":"PropertyValueSpecification","valueRequired":true,"valueName":"search_term_string"}}],"inLanguage":"pt-BR"},{"@type":"Organization","@id":"https:\/\/blogdofarnesio.com.br\/#organization","name":"Blog do Farn\u00e9sio","url":"https:\/\/blogdofarnesio.com.br\/","logo":{"@type":"ImageObject","inLanguage":"pt-BR","@id":"https:\/\/blogdofarnesio.com.br\/#\/schema\/logo\/image\/","url":"https:\/\/blogdofarnesio.com.br\/wp-content\/uploads\/2026\/03\/cropped-logo_new-1.png","contentUrl":"https:\/\/blogdofarnesio.com.br\/wp-content\/uploads\/2026\/03\/cropped-logo_new-1.png","width":881,"height":685,"caption":"Blog do Farn\u00e9sio"},"image":{"@id":"https:\/\/blogdofarnesio.com.br\/#\/schema\/logo\/image\/"},"sameAs":["https:\/\/www.facebook.com\/BlogQuerSaberPolitica\/"]},{"@type":"Person","@id":"https:\/\/blogdofarnesio.com.br\/#\/schema\/person\/301c4acf522bccbfdb45af95b5b906a1","name":"Farn\u00e9sio","image":{"@type":"ImageObject","inLanguage":"pt-BR","@id":"https:\/\/secure.gravatar.com\/avatar\/df0c9a14567c056f8ad6876ba5bbd1e3e2c48023eb6807342fc4663adf549f38?s=96&d=mm&r=g","url":"https:\/\/secure.gravatar.com\/avatar\/df0c9a14567c056f8ad6876ba5bbd1e3e2c48023eb6807342fc4663adf549f38?s=96&d=mm&r=g","contentUrl":"https:\/\/secure.gravatar.com\/avatar\/df0c9a14567c056f8ad6876ba5bbd1e3e2c48023eb6807342fc4663adf549f38?s=96&d=mm&r=g","caption":"Farn\u00e9sio"},"sameAs":["https:\/\/quersaberpolitica.com.br"],"url":"https:\/\/blogdofarnesio.com.br\/?author=1"}]}},"_links":{"self":[{"href":"https:\/\/blogdofarnesio.com.br\/index.php?rest_route=\/wp\/v2\/posts\/210197","targetHints":{"allow":["GET"]}}],"collection":[{"href":"https:\/\/blogdofarnesio.com.br\/index.php?rest_route=\/wp\/v2\/posts"}],"about":[{"href":"https:\/\/blogdofarnesio.com.br\/index.php?rest_route=\/wp\/v2\/types\/post"}],"author":[{"embeddable":true,"href":"https:\/\/blogdofarnesio.com.br\/index.php?rest_route=\/wp\/v2\/users\/1"}],"replies":[{"embeddable":true,"href":"https:\/\/blogdofarnesio.com.br\/index.php?rest_route=%2Fwp%2Fv2%2Fcomments&post=210197"}],"version-history":[{"count":0,"href":"https:\/\/blogdofarnesio.com.br\/index.php?rest_route=\/wp\/v2\/posts\/210197\/revisions"}],"wp:featuredmedia":[{"embeddable":true,"href":"https:\/\/blogdofarnesio.com.br\/index.php?rest_route=\/wp\/v2\/media\/210198"}],"wp:attachment":[{"href":"https:\/\/blogdofarnesio.com.br\/index.php?rest_route=%2Fwp%2Fv2%2Fmedia&parent=210197"}],"wp:term":[{"taxonomy":"category","embeddable":true,"href":"https:\/\/blogdofarnesio.com.br\/index.php?rest_route=%2Fwp%2Fv2%2Fcategories&post=210197"},{"taxonomy":"post_tag","embeddable":true,"href":"https:\/\/blogdofarnesio.com.br\/index.php?rest_route=%2Fwp%2Fv2%2Ftags&post=210197"}],"curies":[{"name":"wp","href":"https:\/\/api.w.org\/{rel}","templated":true}]}}