{"id":210146,"date":"2018-09-25T16:40:28","date_gmt":"2018-09-25T19:40:28","guid":{"rendered":"http:\/\/quersaberpolitica.com.br\/2016\/?p=210146"},"modified":"2018-09-25T15:36:56","modified_gmt":"2018-09-25T18:36:56","slug":"empresarios-de-juazeiro-recebem-orientacoes-sobre-adesao-ao-e-social","status":"publish","type":"post","link":"https:\/\/blogdofarnesio.com.br\/?p=210146","title":{"rendered":"ORIENTA\u00c7\u00c3O SOBRE ADES\u00c3O AO E-SOCIAL \u00c9 TEMA DE PALESTRA PARA EMPRES\u00c1RIOS DE JUAZEIRO"},"content":{"rendered":"<p style=\"font-weight: 400; text-align: justify;\">Empresas com pelo menos um empregado ter\u00e3o que aderir ao e-Social, plataforma online que unifica o sistema de informa\u00e7\u00f5es fiscais, trabalhistas e previdenci\u00e1rias dos funcion\u00e1rios. Por meio da plataforma, dados de admiss\u00e3o, folha de pagamento, contribui\u00e7\u00f5es previdenci\u00e1rias, o recolhimento do FGTS e eventuais acidentes de trabalho ser\u00e3o registrados na plataforma e declarados ao governo federal.<\/p>\n<p style=\"font-weight: 400; text-align: justify;\">Antes, esses documentos eram enviados individualmente para o INSS, Minist\u00e9rio do Trabalho, Minist\u00e9rio da Previd\u00eancia ou para a Caixa Econ\u00f4mica Federal, e isso gerava burocracia e falhas excessiva de dados sobre os empregadores. Para esclarecer as mudan\u00e7as, o Sebrae realizou na \u00faltima sexta-feira, 21, no audit\u00f3rio do Rapport Hotel, em Juazeiro, a palestra \u201cOs novos desafios do e-Social na gest\u00e3o de pessoas\u201d, durante o Caf\u00e9 Empresarial. O palestrante Andr\u00e9 Loiola focou nas normas de sa\u00fade e seguran\u00e7a do trabalho, e, segundo o especialista, seguir \u00e0 risca as normas trar\u00e1 grande impacto para as empresas.<\/p>\n<p style=\"font-weight: 400; text-align: justify;\">\u201cOs empres\u00e1rios v\u00e3o ter que se inteirar mais das normas de sa\u00fade e seguran\u00e7a do trabalho para conseguir compilar e enviar no prazo, a fim de evitar multas, informa\u00e7\u00f5es como exames laborais, mudan\u00e7as de fun\u00e7\u00f5es, situa\u00e7\u00f5es de periculosidade, pois, com a plataforma online, a fiscaliza\u00e7\u00e3o tamb\u00e9m deve ficar mais acirrada\u201d, esclarece.<\/p>\n<p style=\"font-weight: 400; text-align: justify;\">Com mais de 20 anos de atua\u00e7\u00e3o no setor de restaurante, a empres\u00e1ria Gl\u00f3ria Amarante, acredita que as mudan\u00e7as impostas pelo e-Social ser\u00e3o positivas, apesar de gerarem novos custos para a empresa. \u201cSe adequar \u00e0 legisla\u00e7\u00e3o \u00e9 uma busca di\u00e1ria na empresa, estamos sempre ajustando fatores de risco ao trabalhador, como a quest\u00e3o do ru\u00eddo e calor, que s\u00e3o os gargalos na cozinha. O e-Social vai nos ajudar a manter atualizado, todo o hist\u00f3rico dos funcion\u00e1rios, mesmo que para atender \u00e0s exig\u00eancias tenhamos que cobrar mais dos nossos profissionais ou contratar servi\u00e7os terceirizados\u201d.<\/p>\n<p style=\"font-weight: 400; text-align: justify;\">Para o gerente regional do Sebrae em Juazeiro, Carlos Cointeiro, o e-Social vai assegurar aos empregados o cumprimento de todos os seus direitos trabalhistas e previdenci\u00e1rios. \u201cPara os empres\u00e1rios, o sistema vai simplificar o cumprimento das obriga\u00e7\u00f5es previstas na legisla\u00e7\u00e3o e reduzir a burocracia, pois eles n\u00e3o v\u00e3o precisar ir a diversos \u00f3rg\u00e3os para enviar uma s\u00e9rie de declara\u00e7\u00f5es. Tudo passa a ser organizado e enviado em uma \u00fanica plataforma online, por\u00e9m ir\u00e1 exigir mais aten\u00e7\u00e3o do empres\u00e1rio internamente e tamb\u00e9m junto aos escrit\u00f3rios de contabilidade e setor administrativo\u201d, explica.<\/p>\n<p style=\"font-weight: 400; text-align: justify;\">O e-Social abrange todas as empresas que contratam trabalhadores, incluindo MEI, micro e pequenas empresas, produtores rurais, profissionais liberais e empregadores dom\u00e9sticos. As regras do e-Social, que passaram a valer desde julho, s\u00e3o obrigat\u00f3rias para empresas privadas, com faturamento inferior a R$ 78 milh\u00f5es. J\u00e1 para os pequenos neg\u00f3cios, o ingresso no sistema, ser\u00e1 obrigat\u00f3rio a partir de novembro.<\/p>\n<p style=\"font-weight: 400; text-align: justify;\">Lucilene Santos<\/p>\n","protected":false},"excerpt":{"rendered":"<p>Empresas com pelo menos um empregado ter\u00e3o que aderir ao e-Social, plataforma online que unifica o sistema de informa\u00e7\u00f5es fiscais, trabalhistas e previdenci\u00e1rias dos funcion\u00e1rios. Por meio da plataforma, dados de admiss\u00e3o, folha de pagamento, contribui\u00e7\u00f5es previdenci\u00e1rias, o recolhimento do FGTS e eventuais acidentes de trabalho ser\u00e3o registrados na plataforma e declarados ao governo federal. Antes, esses documentos eram enviados individualmente para o INSS, Minist\u00e9rio do Trabalho, Minist\u00e9rio da Previd\u00eancia ou para a Caixa Econ\u00f4mica Federal, e isso gerava burocracia e falhas excessiva de dados sobre os empregadores. Para esclarecer as mudan\u00e7as, o Sebrae realizou na \u00faltima sexta-feira, 21, no audit\u00f3rio do Rapport Hotel, em Juazeiro, a palestra \u201cOs novos desafios do e-Social na gest\u00e3o de pessoas\u201d, durante o Caf\u00e9&hellip; <\/p>\n","protected":false},"author":1,"featured_media":185555,"comment_status":"closed","ping_status":"closed","sticky":false,"template":"","format":"standard","meta":{"_acf_changed":false,"footnotes":""},"categories":[22,20],"tags":[],"class_list":["post-210146","post","type-post","status-publish","format-standard","has-post-thumbnail","hentry","category-acao-social","category-economia"],"acf":[],"yoast_head":"<!-- This site is optimized with the Yoast SEO plugin v27.4 - https:\/\/yoast.com\/product\/yoast-seo-wordpress\/ -->\n<title>ORIENTA\u00c7\u00c3O SOBRE ADES\u00c3O AO E-SOCIAL \u00c9 TEMA DE PALESTRA PARA EMPRES\u00c1RIOS DE JUAZEIRO - Blog do Farn\u00e9sio<\/title>\n<meta name=\"robots\" content=\"index, follow, max-snippet:-1, max-image-preview:large, max-video-preview:-1\" \/>\n<link rel=\"canonical\" href=\"https:\/\/blogdofarnesio.com.br\/?p=210146\" \/>\n<meta property=\"og:locale\" content=\"pt_BR\" \/>\n<meta property=\"og:type\" content=\"article\" \/>\n<meta property=\"og:title\" content=\"ORIENTA\u00c7\u00c3O SOBRE ADES\u00c3O AO E-SOCIAL \u00c9 TEMA DE PALESTRA PARA EMPRES\u00c1RIOS DE JUAZEIRO - Blog do Farn\u00e9sio\" \/>\n<meta property=\"og:description\" content=\"Empresas com pelo menos um empregado ter\u00e3o que aderir ao e-Social, plataforma online que unifica o sistema de informa\u00e7\u00f5es fiscais, trabalhistas e previdenci\u00e1rias dos funcion\u00e1rios. Por meio da plataforma, dados de admiss\u00e3o, folha de pagamento, contribui\u00e7\u00f5es previdenci\u00e1rias, o recolhimento do FGTS e eventuais acidentes de trabalho ser\u00e3o registrados na plataforma e declarados ao governo federal. Antes, esses documentos eram enviados individualmente para o INSS, Minist\u00e9rio do Trabalho, Minist\u00e9rio da Previd\u00eancia ou para a Caixa Econ\u00f4mica Federal, e isso gerava burocracia e falhas excessiva de dados sobre os empregadores. Para esclarecer as mudan\u00e7as, o Sebrae realizou na \u00faltima sexta-feira, 21, no audit\u00f3rio do Rapport Hotel, em Juazeiro, a palestra \u201cOs novos desafios do e-Social na gest\u00e3o de pessoas\u201d, durante o Caf\u00e9&hellip;\" \/>\n<meta property=\"og:url\" content=\"https:\/\/blogdofarnesio.com.br\/?p=210146\" \/>\n<meta property=\"og:site_name\" content=\"Blog do Farn\u00e9sio\" \/>\n<meta property=\"article:publisher\" content=\"https:\/\/www.facebook.com\/BlogQuerSaberPolitica\/\" \/>\n<meta property=\"article:published_time\" content=\"2018-09-25T19:40:28+00:00\" \/>\n<meta property=\"og:image\" content=\"https:\/\/blogdofarnesio.com.br\/wp-content\/uploads\/2018\/01\/blogqsp-esocial.jpg\" \/>\n\t<meta property=\"og:image:width\" content=\"700\" \/>\n\t<meta property=\"og:image:height\" content=\"406\" \/>\n\t<meta property=\"og:image:type\" content=\"image\/jpeg\" \/>\n<meta name=\"author\" content=\"Farn\u00e9sio\" \/>\n<meta name=\"twitter:card\" content=\"summary_large_image\" \/>\n<meta name=\"twitter:label1\" content=\"Escrito por\" \/>\n\t<meta name=\"twitter:data1\" content=\"Farn\u00e9sio\" \/>\n\t<meta name=\"twitter:label2\" content=\"Est. tempo de leitura\" \/>\n\t<meta name=\"twitter:data2\" content=\"2 minutos\" \/>\n<script type=\"application\/ld+json\" class=\"yoast-schema-graph\">{\"@context\":\"https:\\\/\\\/schema.org\",\"@graph\":[{\"@type\":\"Article\",\"@id\":\"https:\\\/\\\/blogdofarnesio.com.br\\\/?p=210146#article\",\"isPartOf\":{\"@id\":\"https:\\\/\\\/blogdofarnesio.com.br\\\/?p=210146\"},\"author\":{\"name\":\"Farn\u00e9sio\",\"@id\":\"https:\\\/\\\/blogdofarnesio.com.br\\\/#\\\/schema\\\/person\\\/301c4acf522bccbfdb45af95b5b906a1\"},\"headline\":\"ORIENTA\u00c7\u00c3O SOBRE ADES\u00c3O AO E-SOCIAL \u00c9 TEMA DE PALESTRA PARA EMPRES\u00c1RIOS DE JUAZEIRO\",\"datePublished\":\"2018-09-25T19:40:28+00:00\",\"mainEntityOfPage\":{\"@id\":\"https:\\\/\\\/blogdofarnesio.com.br\\\/?p=210146\"},\"wordCount\":514,\"publisher\":{\"@id\":\"https:\\\/\\\/blogdofarnesio.com.br\\\/#organization\"},\"image\":{\"@id\":\"https:\\\/\\\/blogdofarnesio.com.br\\\/?p=210146#primaryimage\"},\"thumbnailUrl\":\"https:\\\/\\\/blogdofarnesio.com.br\\\/wp-content\\\/uploads\\\/2018\\\/01\\\/blogqsp-esocial.jpg\",\"articleSection\":[\"A\u00e7\u00e3o Social\",\"Economia\"],\"inLanguage\":\"pt-BR\"},{\"@type\":\"WebPage\",\"@id\":\"https:\\\/\\\/blogdofarnesio.com.br\\\/?p=210146\",\"url\":\"https:\\\/\\\/blogdofarnesio.com.br\\\/?p=210146\",\"name\":\"ORIENTA\u00c7\u00c3O SOBRE ADES\u00c3O AO E-SOCIAL \u00c9 TEMA DE PALESTRA PARA EMPRES\u00c1RIOS DE JUAZEIRO - Blog do Farn\u00e9sio\",\"isPartOf\":{\"@id\":\"https:\\\/\\\/blogdofarnesio.com.br\\\/#website\"},\"primaryImageOfPage\":{\"@id\":\"https:\\\/\\\/blogdofarnesio.com.br\\\/?p=210146#primaryimage\"},\"image\":{\"@id\":\"https:\\\/\\\/blogdofarnesio.com.br\\\/?p=210146#primaryimage\"},\"thumbnailUrl\":\"https:\\\/\\\/blogdofarnesio.com.br\\\/wp-content\\\/uploads\\\/2018\\\/01\\\/blogqsp-esocial.jpg\",\"datePublished\":\"2018-09-25T19:40:28+00:00\",\"breadcrumb\":{\"@id\":\"https:\\\/\\\/blogdofarnesio.com.br\\\/?p=210146#breadcrumb\"},\"inLanguage\":\"pt-BR\",\"potentialAction\":[{\"@type\":\"ReadAction\",\"target\":[\"https:\\\/\\\/blogdofarnesio.com.br\\\/?p=210146\"]}]},{\"@type\":\"ImageObject\",\"inLanguage\":\"pt-BR\",\"@id\":\"https:\\\/\\\/blogdofarnesio.com.br\\\/?p=210146#primaryimage\",\"url\":\"https:\\\/\\\/blogdofarnesio.com.br\\\/wp-content\\\/uploads\\\/2018\\\/01\\\/blogqsp-esocial.jpg\",\"contentUrl\":\"https:\\\/\\\/blogdofarnesio.com.br\\\/wp-content\\\/uploads\\\/2018\\\/01\\\/blogqsp-esocial.jpg\",\"width\":700,\"height\":406},{\"@type\":\"BreadcrumbList\",\"@id\":\"https:\\\/\\\/blogdofarnesio.com.br\\\/?p=210146#breadcrumb\",\"itemListElement\":[{\"@type\":\"ListItem\",\"position\":1,\"name\":\"In\u00edcio\",\"item\":\"https:\\\/\\\/blogdofarnesio.com.br\\\/\"},{\"@type\":\"ListItem\",\"position\":2,\"name\":\"ORIENTA\u00c7\u00c3O SOBRE ADES\u00c3O AO E-SOCIAL \u00c9 TEMA DE PALESTRA PARA EMPRES\u00c1RIOS DE JUAZEIRO\"}]},{\"@type\":\"WebSite\",\"@id\":\"https:\\\/\\\/blogdofarnesio.com.br\\\/#website\",\"url\":\"https:\\\/\\\/blogdofarnesio.com.br\\\/\",\"name\":\"Blog do Farn\u00e9sio\",\"description\":\"Quer Saber Pol\u00edtica?\",\"publisher\":{\"@id\":\"https:\\\/\\\/blogdofarnesio.com.br\\\/#organization\"},\"potentialAction\":[{\"@type\":\"SearchAction\",\"target\":{\"@type\":\"EntryPoint\",\"urlTemplate\":\"https:\\\/\\\/blogdofarnesio.com.br\\\/?s={search_term_string}\"},\"query-input\":{\"@type\":\"PropertyValueSpecification\",\"valueRequired\":true,\"valueName\":\"search_term_string\"}}],\"inLanguage\":\"pt-BR\"},{\"@type\":\"Organization\",\"@id\":\"https:\\\/\\\/blogdofarnesio.com.br\\\/#organization\",\"name\":\"Blog do Farn\u00e9sio\",\"url\":\"https:\\\/\\\/blogdofarnesio.com.br\\\/\",\"logo\":{\"@type\":\"ImageObject\",\"inLanguage\":\"pt-BR\",\"@id\":\"https:\\\/\\\/blogdofarnesio.com.br\\\/#\\\/schema\\\/logo\\\/image\\\/\",\"url\":\"https:\\\/\\\/blogdofarnesio.com.br\\\/wp-content\\\/uploads\\\/2026\\\/03\\\/cropped-logo_new-1.png\",\"contentUrl\":\"https:\\\/\\\/blogdofarnesio.com.br\\\/wp-content\\\/uploads\\\/2026\\\/03\\\/cropped-logo_new-1.png\",\"width\":881,\"height\":685,\"caption\":\"Blog do Farn\u00e9sio\"},\"image\":{\"@id\":\"https:\\\/\\\/blogdofarnesio.com.br\\\/#\\\/schema\\\/logo\\\/image\\\/\"},\"sameAs\":[\"https:\\\/\\\/www.facebook.com\\\/BlogQuerSaberPolitica\\\/\"]},{\"@type\":\"Person\",\"@id\":\"https:\\\/\\\/blogdofarnesio.com.br\\\/#\\\/schema\\\/person\\\/301c4acf522bccbfdb45af95b5b906a1\",\"name\":\"Farn\u00e9sio\",\"image\":{\"@type\":\"ImageObject\",\"inLanguage\":\"pt-BR\",\"@id\":\"https:\\\/\\\/secure.gravatar.com\\\/avatar\\\/df0c9a14567c056f8ad6876ba5bbd1e3e2c48023eb6807342fc4663adf549f38?s=96&d=mm&r=g\",\"url\":\"https:\\\/\\\/secure.gravatar.com\\\/avatar\\\/df0c9a14567c056f8ad6876ba5bbd1e3e2c48023eb6807342fc4663adf549f38?s=96&d=mm&r=g\",\"contentUrl\":\"https:\\\/\\\/secure.gravatar.com\\\/avatar\\\/df0c9a14567c056f8ad6876ba5bbd1e3e2c48023eb6807342fc4663adf549f38?s=96&d=mm&r=g\",\"caption\":\"Farn\u00e9sio\"},\"sameAs\":[\"https:\\\/\\\/quersaberpolitica.com.br\"],\"url\":\"https:\\\/\\\/blogdofarnesio.com.br\\\/?author=1\"}]}<\/script>\n<!-- \/ Yoast SEO plugin. -->","yoast_head_json":{"title":"ORIENTA\u00c7\u00c3O SOBRE ADES\u00c3O AO E-SOCIAL \u00c9 TEMA DE PALESTRA PARA EMPRES\u00c1RIOS DE JUAZEIRO - Blog do Farn\u00e9sio","robots":{"index":"index","follow":"follow","max-snippet":"max-snippet:-1","max-image-preview":"max-image-preview:large","max-video-preview":"max-video-preview:-1"},"canonical":"https:\/\/blogdofarnesio.com.br\/?p=210146","og_locale":"pt_BR","og_type":"article","og_title":"ORIENTA\u00c7\u00c3O SOBRE ADES\u00c3O AO E-SOCIAL \u00c9 TEMA DE PALESTRA PARA EMPRES\u00c1RIOS DE JUAZEIRO - Blog do Farn\u00e9sio","og_description":"Empresas com pelo menos um empregado ter\u00e3o que aderir ao e-Social, plataforma online que unifica o sistema de informa\u00e7\u00f5es fiscais, trabalhistas e previdenci\u00e1rias dos funcion\u00e1rios. Por meio da plataforma, dados de admiss\u00e3o, folha de pagamento, contribui\u00e7\u00f5es previdenci\u00e1rias, o recolhimento do FGTS e eventuais acidentes de trabalho ser\u00e3o registrados na plataforma e declarados ao governo federal. Antes, esses documentos eram enviados individualmente para o INSS, Minist\u00e9rio do Trabalho, Minist\u00e9rio da Previd\u00eancia ou para a Caixa Econ\u00f4mica Federal, e isso gerava burocracia e falhas excessiva de dados sobre os empregadores. Para esclarecer as mudan\u00e7as, o Sebrae realizou na \u00faltima sexta-feira, 21, no audit\u00f3rio do Rapport Hotel, em Juazeiro, a palestra \u201cOs novos desafios do e-Social na gest\u00e3o de pessoas\u201d, durante o Caf\u00e9&hellip;","og_url":"https:\/\/blogdofarnesio.com.br\/?p=210146","og_site_name":"Blog do Farn\u00e9sio","article_publisher":"https:\/\/www.facebook.com\/BlogQuerSaberPolitica\/","article_published_time":"2018-09-25T19:40:28+00:00","og_image":[{"width":700,"height":406,"url":"https:\/\/blogdofarnesio.com.br\/wp-content\/uploads\/2018\/01\/blogqsp-esocial.jpg","type":"image\/jpeg"}],"author":"Farn\u00e9sio","twitter_card":"summary_large_image","twitter_misc":{"Escrito por":"Farn\u00e9sio","Est. tempo de leitura":"2 minutos"},"schema":{"@context":"https:\/\/schema.org","@graph":[{"@type":"Article","@id":"https:\/\/blogdofarnesio.com.br\/?p=210146#article","isPartOf":{"@id":"https:\/\/blogdofarnesio.com.br\/?p=210146"},"author":{"name":"Farn\u00e9sio","@id":"https:\/\/blogdofarnesio.com.br\/#\/schema\/person\/301c4acf522bccbfdb45af95b5b906a1"},"headline":"ORIENTA\u00c7\u00c3O SOBRE ADES\u00c3O AO E-SOCIAL \u00c9 TEMA DE PALESTRA PARA EMPRES\u00c1RIOS DE JUAZEIRO","datePublished":"2018-09-25T19:40:28+00:00","mainEntityOfPage":{"@id":"https:\/\/blogdofarnesio.com.br\/?p=210146"},"wordCount":514,"publisher":{"@id":"https:\/\/blogdofarnesio.com.br\/#organization"},"image":{"@id":"https:\/\/blogdofarnesio.com.br\/?p=210146#primaryimage"},"thumbnailUrl":"https:\/\/blogdofarnesio.com.br\/wp-content\/uploads\/2018\/01\/blogqsp-esocial.jpg","articleSection":["A\u00e7\u00e3o Social","Economia"],"inLanguage":"pt-BR"},{"@type":"WebPage","@id":"https:\/\/blogdofarnesio.com.br\/?p=210146","url":"https:\/\/blogdofarnesio.com.br\/?p=210146","name":"ORIENTA\u00c7\u00c3O SOBRE ADES\u00c3O AO E-SOCIAL \u00c9 TEMA DE PALESTRA PARA EMPRES\u00c1RIOS DE JUAZEIRO - Blog do Farn\u00e9sio","isPartOf":{"@id":"https:\/\/blogdofarnesio.com.br\/#website"},"primaryImageOfPage":{"@id":"https:\/\/blogdofarnesio.com.br\/?p=210146#primaryimage"},"image":{"@id":"https:\/\/blogdofarnesio.com.br\/?p=210146#primaryimage"},"thumbnailUrl":"https:\/\/blogdofarnesio.com.br\/wp-content\/uploads\/2018\/01\/blogqsp-esocial.jpg","datePublished":"2018-09-25T19:40:28+00:00","breadcrumb":{"@id":"https:\/\/blogdofarnesio.com.br\/?p=210146#breadcrumb"},"inLanguage":"pt-BR","potentialAction":[{"@type":"ReadAction","target":["https:\/\/blogdofarnesio.com.br\/?p=210146"]}]},{"@type":"ImageObject","inLanguage":"pt-BR","@id":"https:\/\/blogdofarnesio.com.br\/?p=210146#primaryimage","url":"https:\/\/blogdofarnesio.com.br\/wp-content\/uploads\/2018\/01\/blogqsp-esocial.jpg","contentUrl":"https:\/\/blogdofarnesio.com.br\/wp-content\/uploads\/2018\/01\/blogqsp-esocial.jpg","width":700,"height":406},{"@type":"BreadcrumbList","@id":"https:\/\/blogdofarnesio.com.br\/?p=210146#breadcrumb","itemListElement":[{"@type":"ListItem","position":1,"name":"In\u00edcio","item":"https:\/\/blogdofarnesio.com.br\/"},{"@type":"ListItem","position":2,"name":"ORIENTA\u00c7\u00c3O SOBRE ADES\u00c3O AO E-SOCIAL \u00c9 TEMA DE PALESTRA PARA EMPRES\u00c1RIOS DE JUAZEIRO"}]},{"@type":"WebSite","@id":"https:\/\/blogdofarnesio.com.br\/#website","url":"https:\/\/blogdofarnesio.com.br\/","name":"Blog do Farn\u00e9sio","description":"Quer Saber Pol\u00edtica?","publisher":{"@id":"https:\/\/blogdofarnesio.com.br\/#organization"},"potentialAction":[{"@type":"SearchAction","target":{"@type":"EntryPoint","urlTemplate":"https:\/\/blogdofarnesio.com.br\/?s={search_term_string}"},"query-input":{"@type":"PropertyValueSpecification","valueRequired":true,"valueName":"search_term_string"}}],"inLanguage":"pt-BR"},{"@type":"Organization","@id":"https:\/\/blogdofarnesio.com.br\/#organization","name":"Blog do Farn\u00e9sio","url":"https:\/\/blogdofarnesio.com.br\/","logo":{"@type":"ImageObject","inLanguage":"pt-BR","@id":"https:\/\/blogdofarnesio.com.br\/#\/schema\/logo\/image\/","url":"https:\/\/blogdofarnesio.com.br\/wp-content\/uploads\/2026\/03\/cropped-logo_new-1.png","contentUrl":"https:\/\/blogdofarnesio.com.br\/wp-content\/uploads\/2026\/03\/cropped-logo_new-1.png","width":881,"height":685,"caption":"Blog do Farn\u00e9sio"},"image":{"@id":"https:\/\/blogdofarnesio.com.br\/#\/schema\/logo\/image\/"},"sameAs":["https:\/\/www.facebook.com\/BlogQuerSaberPolitica\/"]},{"@type":"Person","@id":"https:\/\/blogdofarnesio.com.br\/#\/schema\/person\/301c4acf522bccbfdb45af95b5b906a1","name":"Farn\u00e9sio","image":{"@type":"ImageObject","inLanguage":"pt-BR","@id":"https:\/\/secure.gravatar.com\/avatar\/df0c9a14567c056f8ad6876ba5bbd1e3e2c48023eb6807342fc4663adf549f38?s=96&d=mm&r=g","url":"https:\/\/secure.gravatar.com\/avatar\/df0c9a14567c056f8ad6876ba5bbd1e3e2c48023eb6807342fc4663adf549f38?s=96&d=mm&r=g","contentUrl":"https:\/\/secure.gravatar.com\/avatar\/df0c9a14567c056f8ad6876ba5bbd1e3e2c48023eb6807342fc4663adf549f38?s=96&d=mm&r=g","caption":"Farn\u00e9sio"},"sameAs":["https:\/\/quersaberpolitica.com.br"],"url":"https:\/\/blogdofarnesio.com.br\/?author=1"}]}},"_links":{"self":[{"href":"https:\/\/blogdofarnesio.com.br\/index.php?rest_route=\/wp\/v2\/posts\/210146","targetHints":{"allow":["GET"]}}],"collection":[{"href":"https:\/\/blogdofarnesio.com.br\/index.php?rest_route=\/wp\/v2\/posts"}],"about":[{"href":"https:\/\/blogdofarnesio.com.br\/index.php?rest_route=\/wp\/v2\/types\/post"}],"author":[{"embeddable":true,"href":"https:\/\/blogdofarnesio.com.br\/index.php?rest_route=\/wp\/v2\/users\/1"}],"replies":[{"embeddable":true,"href":"https:\/\/blogdofarnesio.com.br\/index.php?rest_route=%2Fwp%2Fv2%2Fcomments&post=210146"}],"version-history":[{"count":0,"href":"https:\/\/blogdofarnesio.com.br\/index.php?rest_route=\/wp\/v2\/posts\/210146\/revisions"}],"wp:featuredmedia":[{"embeddable":true,"href":"https:\/\/blogdofarnesio.com.br\/index.php?rest_route=\/wp\/v2\/media\/185555"}],"wp:attachment":[{"href":"https:\/\/blogdofarnesio.com.br\/index.php?rest_route=%2Fwp%2Fv2%2Fmedia&parent=210146"}],"wp:term":[{"taxonomy":"category","embeddable":true,"href":"https:\/\/blogdofarnesio.com.br\/index.php?rest_route=%2Fwp%2Fv2%2Fcategories&post=210146"},{"taxonomy":"post_tag","embeddable":true,"href":"https:\/\/blogdofarnesio.com.br\/index.php?rest_route=%2Fwp%2Fv2%2Ftags&post=210146"}],"curies":[{"name":"wp","href":"https:\/\/api.w.org\/{rel}","templated":true}]}}