{"id":20756,"date":"2012-12-18T16:33:08","date_gmt":"2012-12-18T19:33:08","guid":{"rendered":"http:\/\/www.quersaberpolitica.com.br\/?p=20756"},"modified":"2012-12-18T16:33:08","modified_gmt":"2012-12-18T19:33:08","slug":"emocao-na-entrega-da-medalha-senador-nilo-coelho-ao-padre-cassiano","status":"publish","type":"post","link":"https:\/\/blogdofarnesio.com.br\/?p=20756","title":{"rendered":"Emo\u00e7\u00e3o na entrega da Medalha Senador Nilo Coelho ao Padre Cassiano"},"content":{"rendered":"<p style=\"text-align: justify\"><a href=\"http:\/\/www.quersaberpolitica.com.br\/2016\/wp-content\/uploads\/2012\/12\/blogqsp.medalhapadre.jpg\"><img loading=\"lazy\" decoding=\"async\" class=\"alignleft size-medium wp-image-20757\" src=\"http:\/\/www.quersaberpolitica.com.br\/2016\/wp-content\/uploads\/2012\/12\/blogqsp.medalhapadre-300x200.jpg\" alt=\"\" width=\"300\" height=\"200\" srcset=\"https:\/\/blogdofarnesio.com.br\/wp-content\/uploads\/2012\/12\/blogqsp.medalhapadre-300x200.jpg 300w, https:\/\/blogdofarnesio.com.br\/wp-content\/uploads\/2012\/12\/blogqsp.medalhapadre.jpg 448w\" sizes=\"auto, (max-width: 300px) 100vw, 300px\" \/><\/a>F\u00e9, Trabalho e Esperan\u00e7a na missa realizada pela manh\u00e3 do \u00faltimo domingo, 16, durante a despedida e homenagens ao Padre Cassiano. Definido com as caracter\u00edsticas da for\u00e7a das \u00e1guas e a f\u00e9 que move os nordestinos quando em l\u00e1grimas pedem chuvas aos c\u00e9us, Padre Cassiano \u00e9 um aut\u00eantico caboclo amazonense.<\/p>\n<p style=\"text-align: justify\">Nascido em Manaus tem a determina\u00e7\u00e3o de ser solid\u00e1rio como as florestas. Compreende a dor dos irm\u00e3os nordestinos solit\u00e1rios como \u00e1rvores l\u00e1 de seu peda\u00e7o de terra.<\/p>\n<p style=\"text-align: justify\">H\u00e1 12 anos \u00e9 Padre, H\u00e1 8 anos \u00e9 Capel\u00e3o do Ex\u00e9rcito. Durante 1 ano aplicou os ensinamentos no quartel, em Petrolina como representante do Servi\u00e7o de Assist\u00eancia Religioso do Ex\u00e9rcito. F\u00e9, trabalho, educa\u00e7\u00e3o e servir formam as convic\u00e7\u00f5es do Padre Capit\u00e3o que busca alimentar almas.<\/p>\n<p style=\"text-align: justify\">Na presen\u00e7a do Arcebispo Militar do Brasil, Dom Osvino Jos\u00e9 Both que presidiu a celebra\u00e7\u00e3o em a\u00e7\u00e3o de gra\u00e7as, Dom Paulo Cardoso e do Prefeito Julio Lossio, de Andreia Lossio, a comunidade se despediu do Padre Cassiano. Ele foi transferido para a cidade do Rio de Janeiro. Na oportunidade o Prefeito de Petrolina, Julio Lossio outorgou a Medalha Senador Nilo Coelho.<\/p>\n<p style=\"text-align: justify\">&#8220;Agrade\u00e7o o reconhecimento e coloco-me sempre a servi\u00e7o de Deus para anunciar o Evangelho&#8221;, disse Padre Cassiano.<\/p>\n<p style=\"text-align: justify\">A medalha Senador Nilo Coelho representa a maior honraria do munic\u00edpio para reconhecimento daqueles que prestaram relevantes servi\u00e7os \u00e0 cidade.<\/p>\n","protected":false},"excerpt":{"rendered":"<p>F\u00e9, Trabalho e Esperan\u00e7a na missa realizada pela manh\u00e3 do \u00faltimo domingo, 16, durante a despedida e homenagens ao Padre Cassiano. Definido com as caracter\u00edsticas da for\u00e7a das \u00e1guas e a f\u00e9 que move os nordestinos quando em l\u00e1grimas pedem chuvas aos c\u00e9us, Padre Cassiano \u00e9 um aut\u00eantico caboclo amazonense. Nascido em Manaus tem a determina\u00e7\u00e3o de ser solid\u00e1rio como as florestas. Compreende a dor dos irm\u00e3os nordestinos solit\u00e1rios como \u00e1rvores l\u00e1 de seu peda\u00e7o de terra. H\u00e1 12 anos \u00e9 Padre, H\u00e1 8 anos \u00e9 Capel\u00e3o do Ex\u00e9rcito. Durante 1 ano aplicou os ensinamentos no quartel, em Petrolina como representante do Servi\u00e7o de Assist\u00eancia Religioso do Ex\u00e9rcito. F\u00e9, trabalho, educa\u00e7\u00e3o e servir formam as convic\u00e7\u00f5es do Padre Capit\u00e3o que&hellip; <\/p>\n","protected":false},"author":3,"featured_media":0,"comment_status":"open","ping_status":"open","sticky":false,"template":"","format":"standard","meta":{"_acf_changed":false,"footnotes":""},"categories":[7],"tags":[],"class_list":["post-20756","post","type-post","status-publish","format-standard","hentry","category-religiao"],"acf":[],"yoast_head":"<!-- This site is optimized with the Yoast SEO plugin v27.4 - https:\/\/yoast.com\/product\/yoast-seo-wordpress\/ -->\n<title>Emo\u00e7\u00e3o na entrega da Medalha Senador Nilo Coelho ao Padre Cassiano  - Blog do Farn\u00e9sio<\/title>\n<meta name=\"robots\" content=\"index, follow, max-snippet:-1, max-image-preview:large, max-video-preview:-1\" \/>\n<link rel=\"canonical\" href=\"https:\/\/blogdofarnesio.com.br\/?p=20756\" \/>\n<meta property=\"og:locale\" content=\"pt_BR\" \/>\n<meta property=\"og:type\" content=\"article\" \/>\n<meta property=\"og:title\" content=\"Emo\u00e7\u00e3o na entrega da Medalha Senador Nilo Coelho ao Padre Cassiano  - Blog do Farn\u00e9sio\" \/>\n<meta property=\"og:description\" content=\"F\u00e9, Trabalho e Esperan\u00e7a na missa realizada pela manh\u00e3 do \u00faltimo domingo, 16, durante a despedida e homenagens ao Padre Cassiano. Definido com as caracter\u00edsticas da for\u00e7a das \u00e1guas e a f\u00e9 que move os nordestinos quando em l\u00e1grimas pedem chuvas aos c\u00e9us, Padre Cassiano \u00e9 um aut\u00eantico caboclo amazonense. Nascido em Manaus tem a determina\u00e7\u00e3o de ser solid\u00e1rio como as florestas. Compreende a dor dos irm\u00e3os nordestinos solit\u00e1rios como \u00e1rvores l\u00e1 de seu peda\u00e7o de terra. H\u00e1 12 anos \u00e9 Padre, H\u00e1 8 anos \u00e9 Capel\u00e3o do Ex\u00e9rcito. Durante 1 ano aplicou os ensinamentos no quartel, em Petrolina como representante do Servi\u00e7o de Assist\u00eancia Religioso do Ex\u00e9rcito. F\u00e9, trabalho, educa\u00e7\u00e3o e servir formam as convic\u00e7\u00f5es do Padre Capit\u00e3o que&hellip;\" \/>\n<meta property=\"og:url\" content=\"https:\/\/blogdofarnesio.com.br\/?p=20756\" \/>\n<meta property=\"og:site_name\" content=\"Blog do Farn\u00e9sio\" \/>\n<meta property=\"article:publisher\" content=\"https:\/\/www.facebook.com\/BlogQuerSaberPolitica\/\" \/>\n<meta property=\"article:published_time\" content=\"2012-12-18T19:33:08+00:00\" \/>\n<meta property=\"og:image\" content=\"http:\/\/www.quersaberpolitica.com.br\/2016\/wp-content\/uploads\/2012\/12\/blogqsp.medalhapadre-300x200.jpg\" \/>\n<meta name=\"author\" content=\"teste\" \/>\n<meta name=\"twitter:card\" content=\"summary_large_image\" \/>\n<meta name=\"twitter:label1\" content=\"Escrito por\" \/>\n\t<meta name=\"twitter:data1\" content=\"teste\" \/>\n\t<meta name=\"twitter:label2\" content=\"Est. tempo de leitura\" \/>\n\t<meta name=\"twitter:data2\" content=\"1 minuto\" \/>\n<script type=\"application\/ld+json\" class=\"yoast-schema-graph\">{\"@context\":\"https:\\\/\\\/schema.org\",\"@graph\":[{\"@type\":\"Article\",\"@id\":\"https:\\\/\\\/blogdofarnesio.com.br\\\/?p=20756#article\",\"isPartOf\":{\"@id\":\"https:\\\/\\\/blogdofarnesio.com.br\\\/?p=20756\"},\"author\":{\"name\":\"teste\",\"@id\":\"https:\\\/\\\/blogdofarnesio.com.br\\\/#\\\/schema\\\/person\\\/dd1bf5eba40b687199ba45ca6b97dff9\"},\"headline\":\"Emo\u00e7\u00e3o na entrega da Medalha Senador Nilo Coelho ao Padre Cassiano\",\"datePublished\":\"2012-12-18T19:33:08+00:00\",\"mainEntityOfPage\":{\"@id\":\"https:\\\/\\\/blogdofarnesio.com.br\\\/?p=20756\"},\"wordCount\":252,\"commentCount\":0,\"publisher\":{\"@id\":\"https:\\\/\\\/blogdofarnesio.com.br\\\/#organization\"},\"image\":{\"@id\":\"https:\\\/\\\/blogdofarnesio.com.br\\\/?p=20756#primaryimage\"},\"thumbnailUrl\":\"http:\\\/\\\/www.quersaberpolitica.com.br\\\/2016\\\/wp-content\\\/uploads\\\/2012\\\/12\\\/blogqsp.medalhapadre-300x200.jpg\",\"articleSection\":[\"Religi\u00e3o\"],\"inLanguage\":\"pt-BR\",\"potentialAction\":[{\"@type\":\"CommentAction\",\"name\":\"Comment\",\"target\":[\"https:\\\/\\\/blogdofarnesio.com.br\\\/?p=20756#respond\"]}]},{\"@type\":\"WebPage\",\"@id\":\"https:\\\/\\\/blogdofarnesio.com.br\\\/?p=20756\",\"url\":\"https:\\\/\\\/blogdofarnesio.com.br\\\/?p=20756\",\"name\":\"Emo\u00e7\u00e3o na entrega da Medalha Senador Nilo Coelho ao Padre Cassiano - Blog do Farn\u00e9sio\",\"isPartOf\":{\"@id\":\"https:\\\/\\\/blogdofarnesio.com.br\\\/#website\"},\"primaryImageOfPage\":{\"@id\":\"https:\\\/\\\/blogdofarnesio.com.br\\\/?p=20756#primaryimage\"},\"image\":{\"@id\":\"https:\\\/\\\/blogdofarnesio.com.br\\\/?p=20756#primaryimage\"},\"thumbnailUrl\":\"http:\\\/\\\/www.quersaberpolitica.com.br\\\/2016\\\/wp-content\\\/uploads\\\/2012\\\/12\\\/blogqsp.medalhapadre-300x200.jpg\",\"datePublished\":\"2012-12-18T19:33:08+00:00\",\"breadcrumb\":{\"@id\":\"https:\\\/\\\/blogdofarnesio.com.br\\\/?p=20756#breadcrumb\"},\"inLanguage\":\"pt-BR\",\"potentialAction\":[{\"@type\":\"ReadAction\",\"target\":[\"https:\\\/\\\/blogdofarnesio.com.br\\\/?p=20756\"]}]},{\"@type\":\"ImageObject\",\"inLanguage\":\"pt-BR\",\"@id\":\"https:\\\/\\\/blogdofarnesio.com.br\\\/?p=20756#primaryimage\",\"url\":\"http:\\\/\\\/www.quersaberpolitica.com.br\\\/2016\\\/wp-content\\\/uploads\\\/2012\\\/12\\\/blogqsp.medalhapadre-300x200.jpg\",\"contentUrl\":\"http:\\\/\\\/www.quersaberpolitica.com.br\\\/2016\\\/wp-content\\\/uploads\\\/2012\\\/12\\\/blogqsp.medalhapadre-300x200.jpg\"},{\"@type\":\"BreadcrumbList\",\"@id\":\"https:\\\/\\\/blogdofarnesio.com.br\\\/?p=20756#breadcrumb\",\"itemListElement\":[{\"@type\":\"ListItem\",\"position\":1,\"name\":\"In\u00edcio\",\"item\":\"https:\\\/\\\/blogdofarnesio.com.br\\\/\"},{\"@type\":\"ListItem\",\"position\":2,\"name\":\"Emo\u00e7\u00e3o na entrega da Medalha Senador Nilo Coelho ao Padre Cassiano\"}]},{\"@type\":\"WebSite\",\"@id\":\"https:\\\/\\\/blogdofarnesio.com.br\\\/#website\",\"url\":\"https:\\\/\\\/blogdofarnesio.com.br\\\/\",\"name\":\"Blog do Farn\u00e9sio\",\"description\":\"Quer Saber Pol\u00edtica?\",\"publisher\":{\"@id\":\"https:\\\/\\\/blogdofarnesio.com.br\\\/#organization\"},\"potentialAction\":[{\"@type\":\"SearchAction\",\"target\":{\"@type\":\"EntryPoint\",\"urlTemplate\":\"https:\\\/\\\/blogdofarnesio.com.br\\\/?s={search_term_string}\"},\"query-input\":{\"@type\":\"PropertyValueSpecification\",\"valueRequired\":true,\"valueName\":\"search_term_string\"}}],\"inLanguage\":\"pt-BR\"},{\"@type\":\"Organization\",\"@id\":\"https:\\\/\\\/blogdofarnesio.com.br\\\/#organization\",\"name\":\"Blog do Farn\u00e9sio\",\"url\":\"https:\\\/\\\/blogdofarnesio.com.br\\\/\",\"logo\":{\"@type\":\"ImageObject\",\"inLanguage\":\"pt-BR\",\"@id\":\"https:\\\/\\\/blogdofarnesio.com.br\\\/#\\\/schema\\\/logo\\\/image\\\/\",\"url\":\"https:\\\/\\\/blogdofarnesio.com.br\\\/wp-content\\\/uploads\\\/2026\\\/03\\\/cropped-logo_new-1.png\",\"contentUrl\":\"https:\\\/\\\/blogdofarnesio.com.br\\\/wp-content\\\/uploads\\\/2026\\\/03\\\/cropped-logo_new-1.png\",\"width\":881,\"height\":685,\"caption\":\"Blog do Farn\u00e9sio\"},\"image\":{\"@id\":\"https:\\\/\\\/blogdofarnesio.com.br\\\/#\\\/schema\\\/logo\\\/image\\\/\"},\"sameAs\":[\"https:\\\/\\\/www.facebook.com\\\/BlogQuerSaberPolitica\\\/\"]},{\"@type\":\"Person\",\"@id\":\"https:\\\/\\\/blogdofarnesio.com.br\\\/#\\\/schema\\\/person\\\/dd1bf5eba40b687199ba45ca6b97dff9\",\"name\":\"teste\",\"image\":{\"@type\":\"ImageObject\",\"inLanguage\":\"pt-BR\",\"@id\":\"https:\\\/\\\/secure.gravatar.com\\\/avatar\\\/2172498d4914b51e1d89a0f97957b035ac4938723a5cac208135d389b6972a6d?s=96&d=mm&r=g\",\"url\":\"https:\\\/\\\/secure.gravatar.com\\\/avatar\\\/2172498d4914b51e1d89a0f97957b035ac4938723a5cac208135d389b6972a6d?s=96&d=mm&r=g\",\"contentUrl\":\"https:\\\/\\\/secure.gravatar.com\\\/avatar\\\/2172498d4914b51e1d89a0f97957b035ac4938723a5cac208135d389b6972a6d?s=96&d=mm&r=g\",\"caption\":\"teste\"},\"url\":\"https:\\\/\\\/blogdofarnesio.com.br\\\/?author=3\"}]}<\/script>\n<!-- \/ Yoast SEO plugin. -->","yoast_head_json":{"title":"Emo\u00e7\u00e3o na entrega da Medalha Senador Nilo Coelho ao Padre Cassiano  - Blog do Farn\u00e9sio","robots":{"index":"index","follow":"follow","max-snippet":"max-snippet:-1","max-image-preview":"max-image-preview:large","max-video-preview":"max-video-preview:-1"},"canonical":"https:\/\/blogdofarnesio.com.br\/?p=20756","og_locale":"pt_BR","og_type":"article","og_title":"Emo\u00e7\u00e3o na entrega da Medalha Senador Nilo Coelho ao Padre Cassiano  - Blog do Farn\u00e9sio","og_description":"F\u00e9, Trabalho e Esperan\u00e7a na missa realizada pela manh\u00e3 do \u00faltimo domingo, 16, durante a despedida e homenagens ao Padre Cassiano. Definido com as caracter\u00edsticas da for\u00e7a das \u00e1guas e a f\u00e9 que move os nordestinos quando em l\u00e1grimas pedem chuvas aos c\u00e9us, Padre Cassiano \u00e9 um aut\u00eantico caboclo amazonense. Nascido em Manaus tem a determina\u00e7\u00e3o de ser solid\u00e1rio como as florestas. Compreende a dor dos irm\u00e3os nordestinos solit\u00e1rios como \u00e1rvores l\u00e1 de seu peda\u00e7o de terra. H\u00e1 12 anos \u00e9 Padre, H\u00e1 8 anos \u00e9 Capel\u00e3o do Ex\u00e9rcito. Durante 1 ano aplicou os ensinamentos no quartel, em Petrolina como representante do Servi\u00e7o de Assist\u00eancia Religioso do Ex\u00e9rcito. F\u00e9, trabalho, educa\u00e7\u00e3o e servir formam as convic\u00e7\u00f5es do Padre Capit\u00e3o que&hellip;","og_url":"https:\/\/blogdofarnesio.com.br\/?p=20756","og_site_name":"Blog do Farn\u00e9sio","article_publisher":"https:\/\/www.facebook.com\/BlogQuerSaberPolitica\/","article_published_time":"2012-12-18T19:33:08+00:00","og_image":[{"url":"http:\/\/www.quersaberpolitica.com.br\/2016\/wp-content\/uploads\/2012\/12\/blogqsp.medalhapadre-300x200.jpg","type":"","width":"","height":""}],"author":"teste","twitter_card":"summary_large_image","twitter_misc":{"Escrito por":"teste","Est. tempo de leitura":"1 minuto"},"schema":{"@context":"https:\/\/schema.org","@graph":[{"@type":"Article","@id":"https:\/\/blogdofarnesio.com.br\/?p=20756#article","isPartOf":{"@id":"https:\/\/blogdofarnesio.com.br\/?p=20756"},"author":{"name":"teste","@id":"https:\/\/blogdofarnesio.com.br\/#\/schema\/person\/dd1bf5eba40b687199ba45ca6b97dff9"},"headline":"Emo\u00e7\u00e3o na entrega da Medalha Senador Nilo Coelho ao Padre Cassiano","datePublished":"2012-12-18T19:33:08+00:00","mainEntityOfPage":{"@id":"https:\/\/blogdofarnesio.com.br\/?p=20756"},"wordCount":252,"commentCount":0,"publisher":{"@id":"https:\/\/blogdofarnesio.com.br\/#organization"},"image":{"@id":"https:\/\/blogdofarnesio.com.br\/?p=20756#primaryimage"},"thumbnailUrl":"http:\/\/www.quersaberpolitica.com.br\/2016\/wp-content\/uploads\/2012\/12\/blogqsp.medalhapadre-300x200.jpg","articleSection":["Religi\u00e3o"],"inLanguage":"pt-BR","potentialAction":[{"@type":"CommentAction","name":"Comment","target":["https:\/\/blogdofarnesio.com.br\/?p=20756#respond"]}]},{"@type":"WebPage","@id":"https:\/\/blogdofarnesio.com.br\/?p=20756","url":"https:\/\/blogdofarnesio.com.br\/?p=20756","name":"Emo\u00e7\u00e3o na entrega da Medalha Senador Nilo Coelho ao Padre Cassiano - Blog do Farn\u00e9sio","isPartOf":{"@id":"https:\/\/blogdofarnesio.com.br\/#website"},"primaryImageOfPage":{"@id":"https:\/\/blogdofarnesio.com.br\/?p=20756#primaryimage"},"image":{"@id":"https:\/\/blogdofarnesio.com.br\/?p=20756#primaryimage"},"thumbnailUrl":"http:\/\/www.quersaberpolitica.com.br\/2016\/wp-content\/uploads\/2012\/12\/blogqsp.medalhapadre-300x200.jpg","datePublished":"2012-12-18T19:33:08+00:00","breadcrumb":{"@id":"https:\/\/blogdofarnesio.com.br\/?p=20756#breadcrumb"},"inLanguage":"pt-BR","potentialAction":[{"@type":"ReadAction","target":["https:\/\/blogdofarnesio.com.br\/?p=20756"]}]},{"@type":"ImageObject","inLanguage":"pt-BR","@id":"https:\/\/blogdofarnesio.com.br\/?p=20756#primaryimage","url":"http:\/\/www.quersaberpolitica.com.br\/2016\/wp-content\/uploads\/2012\/12\/blogqsp.medalhapadre-300x200.jpg","contentUrl":"http:\/\/www.quersaberpolitica.com.br\/2016\/wp-content\/uploads\/2012\/12\/blogqsp.medalhapadre-300x200.jpg"},{"@type":"BreadcrumbList","@id":"https:\/\/blogdofarnesio.com.br\/?p=20756#breadcrumb","itemListElement":[{"@type":"ListItem","position":1,"name":"In\u00edcio","item":"https:\/\/blogdofarnesio.com.br\/"},{"@type":"ListItem","position":2,"name":"Emo\u00e7\u00e3o na entrega da Medalha Senador Nilo Coelho ao Padre Cassiano"}]},{"@type":"WebSite","@id":"https:\/\/blogdofarnesio.com.br\/#website","url":"https:\/\/blogdofarnesio.com.br\/","name":"Blog do Farn\u00e9sio","description":"Quer Saber Pol\u00edtica?","publisher":{"@id":"https:\/\/blogdofarnesio.com.br\/#organization"},"potentialAction":[{"@type":"SearchAction","target":{"@type":"EntryPoint","urlTemplate":"https:\/\/blogdofarnesio.com.br\/?s={search_term_string}"},"query-input":{"@type":"PropertyValueSpecification","valueRequired":true,"valueName":"search_term_string"}}],"inLanguage":"pt-BR"},{"@type":"Organization","@id":"https:\/\/blogdofarnesio.com.br\/#organization","name":"Blog do Farn\u00e9sio","url":"https:\/\/blogdofarnesio.com.br\/","logo":{"@type":"ImageObject","inLanguage":"pt-BR","@id":"https:\/\/blogdofarnesio.com.br\/#\/schema\/logo\/image\/","url":"https:\/\/blogdofarnesio.com.br\/wp-content\/uploads\/2026\/03\/cropped-logo_new-1.png","contentUrl":"https:\/\/blogdofarnesio.com.br\/wp-content\/uploads\/2026\/03\/cropped-logo_new-1.png","width":881,"height":685,"caption":"Blog do Farn\u00e9sio"},"image":{"@id":"https:\/\/blogdofarnesio.com.br\/#\/schema\/logo\/image\/"},"sameAs":["https:\/\/www.facebook.com\/BlogQuerSaberPolitica\/"]},{"@type":"Person","@id":"https:\/\/blogdofarnesio.com.br\/#\/schema\/person\/dd1bf5eba40b687199ba45ca6b97dff9","name":"teste","image":{"@type":"ImageObject","inLanguage":"pt-BR","@id":"https:\/\/secure.gravatar.com\/avatar\/2172498d4914b51e1d89a0f97957b035ac4938723a5cac208135d389b6972a6d?s=96&d=mm&r=g","url":"https:\/\/secure.gravatar.com\/avatar\/2172498d4914b51e1d89a0f97957b035ac4938723a5cac208135d389b6972a6d?s=96&d=mm&r=g","contentUrl":"https:\/\/secure.gravatar.com\/avatar\/2172498d4914b51e1d89a0f97957b035ac4938723a5cac208135d389b6972a6d?s=96&d=mm&r=g","caption":"teste"},"url":"https:\/\/blogdofarnesio.com.br\/?author=3"}]}},"_links":{"self":[{"href":"https:\/\/blogdofarnesio.com.br\/index.php?rest_route=\/wp\/v2\/posts\/20756","targetHints":{"allow":["GET"]}}],"collection":[{"href":"https:\/\/blogdofarnesio.com.br\/index.php?rest_route=\/wp\/v2\/posts"}],"about":[{"href":"https:\/\/blogdofarnesio.com.br\/index.php?rest_route=\/wp\/v2\/types\/post"}],"author":[{"embeddable":true,"href":"https:\/\/blogdofarnesio.com.br\/index.php?rest_route=\/wp\/v2\/users\/3"}],"replies":[{"embeddable":true,"href":"https:\/\/blogdofarnesio.com.br\/index.php?rest_route=%2Fwp%2Fv2%2Fcomments&post=20756"}],"version-history":[{"count":0,"href":"https:\/\/blogdofarnesio.com.br\/index.php?rest_route=\/wp\/v2\/posts\/20756\/revisions"}],"wp:attachment":[{"href":"https:\/\/blogdofarnesio.com.br\/index.php?rest_route=%2Fwp%2Fv2%2Fmedia&parent=20756"}],"wp:term":[{"taxonomy":"category","embeddable":true,"href":"https:\/\/blogdofarnesio.com.br\/index.php?rest_route=%2Fwp%2Fv2%2Fcategories&post=20756"},{"taxonomy":"post_tag","embeddable":true,"href":"https:\/\/blogdofarnesio.com.br\/index.php?rest_route=%2Fwp%2Fv2%2Ftags&post=20756"}],"curies":[{"name":"wp","href":"https:\/\/api.w.org\/{rel}","templated":true}]}}