{"id":207163,"date":"2018-08-24T14:40:02","date_gmt":"2018-08-24T17:40:02","guid":{"rendered":"http:\/\/quersaberpolitica.com.br\/2016\/?p=207163"},"modified":"2018-08-23T20:57:25","modified_gmt":"2018-08-23T23:57:25","slug":"direto-de-sobradinho-456","status":"publish","type":"post","link":"https:\/\/blogdofarnesio.com.br\/?p=207163","title":{"rendered":"DIRETO DE SOBRADINHO"},"content":{"rendered":"<p style=\"text-align: center;\"><strong>PROGRAMA \u201cNOVO SORRISO ABERTO\u201d DA PREFEITURA\u00a0 CHEGA \u00c0 COMUNIDADE NOVO S\u00c3O GON\u00c7ALO<\/strong><\/p>\n<p style=\"text-align: justify;\">\u00a0Programa Novo Sorriso Aberto, da Secretaria de Sa\u00fade de Sobradinho, est\u00e1 avan\u00e7ando por toda zona rural do munic\u00edpio. Nesta quarta-feira (22) foi a vez da comunidade Novo S\u00e3o Gon\u00e7alo receber a equipe do odonto-m\u00f3vel.<\/p>\n<p style=\"text-align: justify;\">A equipe, liderada pela cirurgi\u00e3 dentista Francisca Pereira, atendeu as demandas da comunidade. Cerca de 60 pessoas passaram por procedimentos variados de sa\u00fade bucal.<\/p>\n<div>\n<p style=\"text-align: justify;\">Na Semana Nacional da Pessoa com Defici\u00eancia, um paciente muito especial foi atendido em casa. &#8220;Seu&#8221; Erinaldo de Souza Silva, pessoa com defici\u00eancia f\u00edsica, recebeu a equipe com muito carinho e reconhecimento.<\/p>\n<p style=\"text-align: justify;\">\u201cEu n\u00e3o tenho condi\u00e7\u00f5es de locomo\u00e7\u00e3o, vivo em uma cama e infelizmente n\u00e3o tenho condi\u00e7\u00f5es de ir at\u00e9 o dentista. Muito me alegra poder receber em minha casa esta equipe que me deu aten\u00e7\u00e3o e realizou o tratamento que eu precisava. Estou muito satisfeito e grato,\u201d disse Erinaldo.<\/p>\n<p style=\"text-align: justify;\">A cirurgi\u00e3 dentista Francisca Pereira falou da satisfa\u00e7\u00e3o de fazer parte do programa municipal.<\/p>\n<p style=\"text-align: justify;\">\u201cTodas a vezes que vou em uma localidade do interior de Sobradinho, me sinto muito emocionada e realizada, pois n\u00f3s como equipe da secretaria de sa\u00fade, estamos ajudando e contribuindo com as pessoas que mais precisam. Aquelas que n\u00e3o t\u00eam condi\u00e7\u00f5es de se deslocar at\u00e9 a sede pra fazer procedimentos dent\u00e1rios. \u00c9 uma a\u00e7\u00e3o em que nosso Prefeito Luiz Vicente nos d\u00e1 condi\u00e7\u00f5es e garante um bom atendimento para todos. Esse programa merece aplausos,\u201d finalizou a dentista.<\/p>\n<p style=\"text-align: justify;\">Quinzenalmente, o Odonto-M\u00f3vel vai at\u00e9 uma comunidade do interior do munic\u00edpio, ofertando servi\u00e7o completo de sa\u00fade bucal, que vai desde restaura\u00e7\u00f5es, extra\u00e7\u00f5es, aplica\u00e7\u00e3o de fl\u00faor nas crian\u00e7as, palestras educativas, dentre outros.<\/p>\n<p style=\"text-align: justify;\"><b>Ascom PMS<\/b><\/p>\n<\/div>\n","protected":false},"excerpt":{"rendered":"<p>PROGRAMA \u201cNOVO SORRISO ABERTO\u201d DA PREFEITURA\u00a0 CHEGA \u00c0 COMUNIDADE NOVO S\u00c3O GON\u00c7ALO \u00a0Programa Novo Sorriso Aberto, da Secretaria de Sa\u00fade de Sobradinho, est\u00e1 avan\u00e7ando por toda zona rural do munic\u00edpio. Nesta quarta-feira (22) foi a vez da comunidade Novo S\u00e3o Gon\u00e7alo receber a equipe do odonto-m\u00f3vel. A equipe, liderada pela cirurgi\u00e3 dentista Francisca Pereira, atendeu as demandas da comunidade. Cerca de 60 pessoas passaram por procedimentos variados de sa\u00fade bucal. Na Semana Nacional da Pessoa com Defici\u00eancia, um paciente muito especial foi atendido em casa. &#8220;Seu&#8221; Erinaldo de Souza Silva, pessoa com defici\u00eancia f\u00edsica, recebeu a equipe com muito carinho e reconhecimento. \u201cEu n\u00e3o tenho condi\u00e7\u00f5es de locomo\u00e7\u00e3o, vivo em uma cama e infelizmente n\u00e3o tenho condi\u00e7\u00f5es de ir at\u00e9&hellip; <\/p>\n","protected":false},"author":1,"featured_media":207164,"comment_status":"closed","ping_status":"closed","sticky":false,"template":"","format":"standard","meta":{"_acf_changed":false,"footnotes":""},"categories":[44],"tags":[],"class_list":["post-207163","post","type-post","status-publish","format-standard","has-post-thumbnail","hentry","category-administracao"],"acf":[],"yoast_head":"<!-- This site is optimized with the Yoast SEO plugin v27.4 - https:\/\/yoast.com\/product\/yoast-seo-wordpress\/ -->\n<title>DIRETO DE SOBRADINHO - Blog do Farn\u00e9sio<\/title>\n<meta name=\"robots\" content=\"index, follow, max-snippet:-1, max-image-preview:large, max-video-preview:-1\" \/>\n<link rel=\"canonical\" href=\"https:\/\/blogdofarnesio.com.br\/?p=207163\" \/>\n<meta property=\"og:locale\" content=\"pt_BR\" \/>\n<meta property=\"og:type\" content=\"article\" \/>\n<meta property=\"og:title\" content=\"DIRETO DE SOBRADINHO - Blog do Farn\u00e9sio\" \/>\n<meta property=\"og:description\" content=\"PROGRAMA \u201cNOVO SORRISO ABERTO\u201d DA PREFEITURA\u00a0 CHEGA \u00c0 COMUNIDADE NOVO S\u00c3O GON\u00c7ALO \u00a0Programa Novo Sorriso Aberto, da Secretaria de Sa\u00fade de Sobradinho, est\u00e1 avan\u00e7ando por toda zona rural do munic\u00edpio. Nesta quarta-feira (22) foi a vez da comunidade Novo S\u00e3o Gon\u00e7alo receber a equipe do odonto-m\u00f3vel. A equipe, liderada pela cirurgi\u00e3 dentista Francisca Pereira, atendeu as demandas da comunidade. Cerca de 60 pessoas passaram por procedimentos variados de sa\u00fade bucal. Na Semana Nacional da Pessoa com Defici\u00eancia, um paciente muito especial foi atendido em casa. &#8220;Seu&#8221; Erinaldo de Souza Silva, pessoa com defici\u00eancia f\u00edsica, recebeu a equipe com muito carinho e reconhecimento. \u201cEu n\u00e3o tenho condi\u00e7\u00f5es de locomo\u00e7\u00e3o, vivo em uma cama e infelizmente n\u00e3o tenho condi\u00e7\u00f5es de ir at\u00e9&hellip;\" \/>\n<meta property=\"og:url\" content=\"https:\/\/blogdofarnesio.com.br\/?p=207163\" \/>\n<meta property=\"og:site_name\" content=\"Blog do Farn\u00e9sio\" \/>\n<meta property=\"article:publisher\" content=\"https:\/\/www.facebook.com\/BlogQuerSaberPolitica\/\" \/>\n<meta property=\"article:published_time\" content=\"2018-08-24T17:40:02+00:00\" \/>\n<meta property=\"og:image\" content=\"https:\/\/blogdofarnesio.com.br\/wp-content\/uploads\/2018\/08\/BLOGQSP-odonto.jpg\" \/>\n\t<meta property=\"og:image:width\" content=\"640\" \/>\n\t<meta property=\"og:image:height\" content=\"360\" \/>\n\t<meta property=\"og:image:type\" content=\"image\/jpeg\" \/>\n<meta name=\"author\" content=\"Farn\u00e9sio\" \/>\n<meta name=\"twitter:card\" content=\"summary_large_image\" \/>\n<meta name=\"twitter:label1\" content=\"Escrito por\" \/>\n\t<meta name=\"twitter:data1\" content=\"Farn\u00e9sio\" \/>\n\t<meta name=\"twitter:label2\" content=\"Est. tempo de leitura\" \/>\n\t<meta name=\"twitter:data2\" content=\"2 minutos\" \/>\n<script type=\"application\/ld+json\" class=\"yoast-schema-graph\">{\"@context\":\"https:\\\/\\\/schema.org\",\"@graph\":[{\"@type\":\"Article\",\"@id\":\"https:\\\/\\\/blogdofarnesio.com.br\\\/?p=207163#article\",\"isPartOf\":{\"@id\":\"https:\\\/\\\/blogdofarnesio.com.br\\\/?p=207163\"},\"author\":{\"name\":\"Farn\u00e9sio\",\"@id\":\"https:\\\/\\\/blogdofarnesio.com.br\\\/#\\\/schema\\\/person\\\/301c4acf522bccbfdb45af95b5b906a1\"},\"headline\":\"DIRETO DE SOBRADINHO\",\"datePublished\":\"2018-08-24T17:40:02+00:00\",\"mainEntityOfPage\":{\"@id\":\"https:\\\/\\\/blogdofarnesio.com.br\\\/?p=207163\"},\"wordCount\":309,\"publisher\":{\"@id\":\"https:\\\/\\\/blogdofarnesio.com.br\\\/#organization\"},\"image\":{\"@id\":\"https:\\\/\\\/blogdofarnesio.com.br\\\/?p=207163#primaryimage\"},\"thumbnailUrl\":\"https:\\\/\\\/blogdofarnesio.com.br\\\/wp-content\\\/uploads\\\/2018\\\/08\\\/BLOGQSP-odonto.jpg\",\"articleSection\":[\"Administra\u00e7\u00e3o\"],\"inLanguage\":\"pt-BR\"},{\"@type\":\"WebPage\",\"@id\":\"https:\\\/\\\/blogdofarnesio.com.br\\\/?p=207163\",\"url\":\"https:\\\/\\\/blogdofarnesio.com.br\\\/?p=207163\",\"name\":\"DIRETO DE SOBRADINHO - Blog do Farn\u00e9sio\",\"isPartOf\":{\"@id\":\"https:\\\/\\\/blogdofarnesio.com.br\\\/#website\"},\"primaryImageOfPage\":{\"@id\":\"https:\\\/\\\/blogdofarnesio.com.br\\\/?p=207163#primaryimage\"},\"image\":{\"@id\":\"https:\\\/\\\/blogdofarnesio.com.br\\\/?p=207163#primaryimage\"},\"thumbnailUrl\":\"https:\\\/\\\/blogdofarnesio.com.br\\\/wp-content\\\/uploads\\\/2018\\\/08\\\/BLOGQSP-odonto.jpg\",\"datePublished\":\"2018-08-24T17:40:02+00:00\",\"breadcrumb\":{\"@id\":\"https:\\\/\\\/blogdofarnesio.com.br\\\/?p=207163#breadcrumb\"},\"inLanguage\":\"pt-BR\",\"potentialAction\":[{\"@type\":\"ReadAction\",\"target\":[\"https:\\\/\\\/blogdofarnesio.com.br\\\/?p=207163\"]}]},{\"@type\":\"ImageObject\",\"inLanguage\":\"pt-BR\",\"@id\":\"https:\\\/\\\/blogdofarnesio.com.br\\\/?p=207163#primaryimage\",\"url\":\"https:\\\/\\\/blogdofarnesio.com.br\\\/wp-content\\\/uploads\\\/2018\\\/08\\\/BLOGQSP-odonto.jpg\",\"contentUrl\":\"https:\\\/\\\/blogdofarnesio.com.br\\\/wp-content\\\/uploads\\\/2018\\\/08\\\/BLOGQSP-odonto.jpg\",\"width\":640,\"height\":360},{\"@type\":\"BreadcrumbList\",\"@id\":\"https:\\\/\\\/blogdofarnesio.com.br\\\/?p=207163#breadcrumb\",\"itemListElement\":[{\"@type\":\"ListItem\",\"position\":1,\"name\":\"In\u00edcio\",\"item\":\"https:\\\/\\\/blogdofarnesio.com.br\\\/\"},{\"@type\":\"ListItem\",\"position\":2,\"name\":\"DIRETO DE SOBRADINHO\"}]},{\"@type\":\"WebSite\",\"@id\":\"https:\\\/\\\/blogdofarnesio.com.br\\\/#website\",\"url\":\"https:\\\/\\\/blogdofarnesio.com.br\\\/\",\"name\":\"Blog do Farn\u00e9sio\",\"description\":\"Quer Saber Pol\u00edtica?\",\"publisher\":{\"@id\":\"https:\\\/\\\/blogdofarnesio.com.br\\\/#organization\"},\"potentialAction\":[{\"@type\":\"SearchAction\",\"target\":{\"@type\":\"EntryPoint\",\"urlTemplate\":\"https:\\\/\\\/blogdofarnesio.com.br\\\/?s={search_term_string}\"},\"query-input\":{\"@type\":\"PropertyValueSpecification\",\"valueRequired\":true,\"valueName\":\"search_term_string\"}}],\"inLanguage\":\"pt-BR\"},{\"@type\":\"Organization\",\"@id\":\"https:\\\/\\\/blogdofarnesio.com.br\\\/#organization\",\"name\":\"Blog do Farn\u00e9sio\",\"url\":\"https:\\\/\\\/blogdofarnesio.com.br\\\/\",\"logo\":{\"@type\":\"ImageObject\",\"inLanguage\":\"pt-BR\",\"@id\":\"https:\\\/\\\/blogdofarnesio.com.br\\\/#\\\/schema\\\/logo\\\/image\\\/\",\"url\":\"https:\\\/\\\/blogdofarnesio.com.br\\\/wp-content\\\/uploads\\\/2026\\\/03\\\/cropped-logo_new-1.png\",\"contentUrl\":\"https:\\\/\\\/blogdofarnesio.com.br\\\/wp-content\\\/uploads\\\/2026\\\/03\\\/cropped-logo_new-1.png\",\"width\":881,\"height\":685,\"caption\":\"Blog do Farn\u00e9sio\"},\"image\":{\"@id\":\"https:\\\/\\\/blogdofarnesio.com.br\\\/#\\\/schema\\\/logo\\\/image\\\/\"},\"sameAs\":[\"https:\\\/\\\/www.facebook.com\\\/BlogQuerSaberPolitica\\\/\"]},{\"@type\":\"Person\",\"@id\":\"https:\\\/\\\/blogdofarnesio.com.br\\\/#\\\/schema\\\/person\\\/301c4acf522bccbfdb45af95b5b906a1\",\"name\":\"Farn\u00e9sio\",\"image\":{\"@type\":\"ImageObject\",\"inLanguage\":\"pt-BR\",\"@id\":\"https:\\\/\\\/secure.gravatar.com\\\/avatar\\\/df0c9a14567c056f8ad6876ba5bbd1e3e2c48023eb6807342fc4663adf549f38?s=96&d=mm&r=g\",\"url\":\"https:\\\/\\\/secure.gravatar.com\\\/avatar\\\/df0c9a14567c056f8ad6876ba5bbd1e3e2c48023eb6807342fc4663adf549f38?s=96&d=mm&r=g\",\"contentUrl\":\"https:\\\/\\\/secure.gravatar.com\\\/avatar\\\/df0c9a14567c056f8ad6876ba5bbd1e3e2c48023eb6807342fc4663adf549f38?s=96&d=mm&r=g\",\"caption\":\"Farn\u00e9sio\"},\"sameAs\":[\"https:\\\/\\\/quersaberpolitica.com.br\"],\"url\":\"https:\\\/\\\/blogdofarnesio.com.br\\\/?author=1\"}]}<\/script>\n<!-- \/ Yoast SEO plugin. -->","yoast_head_json":{"title":"DIRETO DE SOBRADINHO - Blog do Farn\u00e9sio","robots":{"index":"index","follow":"follow","max-snippet":"max-snippet:-1","max-image-preview":"max-image-preview:large","max-video-preview":"max-video-preview:-1"},"canonical":"https:\/\/blogdofarnesio.com.br\/?p=207163","og_locale":"pt_BR","og_type":"article","og_title":"DIRETO DE SOBRADINHO - Blog do Farn\u00e9sio","og_description":"PROGRAMA \u201cNOVO SORRISO ABERTO\u201d DA PREFEITURA\u00a0 CHEGA \u00c0 COMUNIDADE NOVO S\u00c3O GON\u00c7ALO \u00a0Programa Novo Sorriso Aberto, da Secretaria de Sa\u00fade de Sobradinho, est\u00e1 avan\u00e7ando por toda zona rural do munic\u00edpio. Nesta quarta-feira (22) foi a vez da comunidade Novo S\u00e3o Gon\u00e7alo receber a equipe do odonto-m\u00f3vel. A equipe, liderada pela cirurgi\u00e3 dentista Francisca Pereira, atendeu as demandas da comunidade. Cerca de 60 pessoas passaram por procedimentos variados de sa\u00fade bucal. Na Semana Nacional da Pessoa com Defici\u00eancia, um paciente muito especial foi atendido em casa. &#8220;Seu&#8221; Erinaldo de Souza Silva, pessoa com defici\u00eancia f\u00edsica, recebeu a equipe com muito carinho e reconhecimento. \u201cEu n\u00e3o tenho condi\u00e7\u00f5es de locomo\u00e7\u00e3o, vivo em uma cama e infelizmente n\u00e3o tenho condi\u00e7\u00f5es de ir at\u00e9&hellip;","og_url":"https:\/\/blogdofarnesio.com.br\/?p=207163","og_site_name":"Blog do Farn\u00e9sio","article_publisher":"https:\/\/www.facebook.com\/BlogQuerSaberPolitica\/","article_published_time":"2018-08-24T17:40:02+00:00","og_image":[{"width":640,"height":360,"url":"https:\/\/blogdofarnesio.com.br\/wp-content\/uploads\/2018\/08\/BLOGQSP-odonto.jpg","type":"image\/jpeg"}],"author":"Farn\u00e9sio","twitter_card":"summary_large_image","twitter_misc":{"Escrito por":"Farn\u00e9sio","Est. tempo de leitura":"2 minutos"},"schema":{"@context":"https:\/\/schema.org","@graph":[{"@type":"Article","@id":"https:\/\/blogdofarnesio.com.br\/?p=207163#article","isPartOf":{"@id":"https:\/\/blogdofarnesio.com.br\/?p=207163"},"author":{"name":"Farn\u00e9sio","@id":"https:\/\/blogdofarnesio.com.br\/#\/schema\/person\/301c4acf522bccbfdb45af95b5b906a1"},"headline":"DIRETO DE SOBRADINHO","datePublished":"2018-08-24T17:40:02+00:00","mainEntityOfPage":{"@id":"https:\/\/blogdofarnesio.com.br\/?p=207163"},"wordCount":309,"publisher":{"@id":"https:\/\/blogdofarnesio.com.br\/#organization"},"image":{"@id":"https:\/\/blogdofarnesio.com.br\/?p=207163#primaryimage"},"thumbnailUrl":"https:\/\/blogdofarnesio.com.br\/wp-content\/uploads\/2018\/08\/BLOGQSP-odonto.jpg","articleSection":["Administra\u00e7\u00e3o"],"inLanguage":"pt-BR"},{"@type":"WebPage","@id":"https:\/\/blogdofarnesio.com.br\/?p=207163","url":"https:\/\/blogdofarnesio.com.br\/?p=207163","name":"DIRETO DE SOBRADINHO - Blog do Farn\u00e9sio","isPartOf":{"@id":"https:\/\/blogdofarnesio.com.br\/#website"},"primaryImageOfPage":{"@id":"https:\/\/blogdofarnesio.com.br\/?p=207163#primaryimage"},"image":{"@id":"https:\/\/blogdofarnesio.com.br\/?p=207163#primaryimage"},"thumbnailUrl":"https:\/\/blogdofarnesio.com.br\/wp-content\/uploads\/2018\/08\/BLOGQSP-odonto.jpg","datePublished":"2018-08-24T17:40:02+00:00","breadcrumb":{"@id":"https:\/\/blogdofarnesio.com.br\/?p=207163#breadcrumb"},"inLanguage":"pt-BR","potentialAction":[{"@type":"ReadAction","target":["https:\/\/blogdofarnesio.com.br\/?p=207163"]}]},{"@type":"ImageObject","inLanguage":"pt-BR","@id":"https:\/\/blogdofarnesio.com.br\/?p=207163#primaryimage","url":"https:\/\/blogdofarnesio.com.br\/wp-content\/uploads\/2018\/08\/BLOGQSP-odonto.jpg","contentUrl":"https:\/\/blogdofarnesio.com.br\/wp-content\/uploads\/2018\/08\/BLOGQSP-odonto.jpg","width":640,"height":360},{"@type":"BreadcrumbList","@id":"https:\/\/blogdofarnesio.com.br\/?p=207163#breadcrumb","itemListElement":[{"@type":"ListItem","position":1,"name":"In\u00edcio","item":"https:\/\/blogdofarnesio.com.br\/"},{"@type":"ListItem","position":2,"name":"DIRETO DE SOBRADINHO"}]},{"@type":"WebSite","@id":"https:\/\/blogdofarnesio.com.br\/#website","url":"https:\/\/blogdofarnesio.com.br\/","name":"Blog do Farn\u00e9sio","description":"Quer Saber Pol\u00edtica?","publisher":{"@id":"https:\/\/blogdofarnesio.com.br\/#organization"},"potentialAction":[{"@type":"SearchAction","target":{"@type":"EntryPoint","urlTemplate":"https:\/\/blogdofarnesio.com.br\/?s={search_term_string}"},"query-input":{"@type":"PropertyValueSpecification","valueRequired":true,"valueName":"search_term_string"}}],"inLanguage":"pt-BR"},{"@type":"Organization","@id":"https:\/\/blogdofarnesio.com.br\/#organization","name":"Blog do Farn\u00e9sio","url":"https:\/\/blogdofarnesio.com.br\/","logo":{"@type":"ImageObject","inLanguage":"pt-BR","@id":"https:\/\/blogdofarnesio.com.br\/#\/schema\/logo\/image\/","url":"https:\/\/blogdofarnesio.com.br\/wp-content\/uploads\/2026\/03\/cropped-logo_new-1.png","contentUrl":"https:\/\/blogdofarnesio.com.br\/wp-content\/uploads\/2026\/03\/cropped-logo_new-1.png","width":881,"height":685,"caption":"Blog do Farn\u00e9sio"},"image":{"@id":"https:\/\/blogdofarnesio.com.br\/#\/schema\/logo\/image\/"},"sameAs":["https:\/\/www.facebook.com\/BlogQuerSaberPolitica\/"]},{"@type":"Person","@id":"https:\/\/blogdofarnesio.com.br\/#\/schema\/person\/301c4acf522bccbfdb45af95b5b906a1","name":"Farn\u00e9sio","image":{"@type":"ImageObject","inLanguage":"pt-BR","@id":"https:\/\/secure.gravatar.com\/avatar\/df0c9a14567c056f8ad6876ba5bbd1e3e2c48023eb6807342fc4663adf549f38?s=96&d=mm&r=g","url":"https:\/\/secure.gravatar.com\/avatar\/df0c9a14567c056f8ad6876ba5bbd1e3e2c48023eb6807342fc4663adf549f38?s=96&d=mm&r=g","contentUrl":"https:\/\/secure.gravatar.com\/avatar\/df0c9a14567c056f8ad6876ba5bbd1e3e2c48023eb6807342fc4663adf549f38?s=96&d=mm&r=g","caption":"Farn\u00e9sio"},"sameAs":["https:\/\/quersaberpolitica.com.br"],"url":"https:\/\/blogdofarnesio.com.br\/?author=1"}]}},"_links":{"self":[{"href":"https:\/\/blogdofarnesio.com.br\/index.php?rest_route=\/wp\/v2\/posts\/207163","targetHints":{"allow":["GET"]}}],"collection":[{"href":"https:\/\/blogdofarnesio.com.br\/index.php?rest_route=\/wp\/v2\/posts"}],"about":[{"href":"https:\/\/blogdofarnesio.com.br\/index.php?rest_route=\/wp\/v2\/types\/post"}],"author":[{"embeddable":true,"href":"https:\/\/blogdofarnesio.com.br\/index.php?rest_route=\/wp\/v2\/users\/1"}],"replies":[{"embeddable":true,"href":"https:\/\/blogdofarnesio.com.br\/index.php?rest_route=%2Fwp%2Fv2%2Fcomments&post=207163"}],"version-history":[{"count":0,"href":"https:\/\/blogdofarnesio.com.br\/index.php?rest_route=\/wp\/v2\/posts\/207163\/revisions"}],"wp:featuredmedia":[{"embeddable":true,"href":"https:\/\/blogdofarnesio.com.br\/index.php?rest_route=\/wp\/v2\/media\/207164"}],"wp:attachment":[{"href":"https:\/\/blogdofarnesio.com.br\/index.php?rest_route=%2Fwp%2Fv2%2Fmedia&parent=207163"}],"wp:term":[{"taxonomy":"category","embeddable":true,"href":"https:\/\/blogdofarnesio.com.br\/index.php?rest_route=%2Fwp%2Fv2%2Fcategories&post=207163"},{"taxonomy":"post_tag","embeddable":true,"href":"https:\/\/blogdofarnesio.com.br\/index.php?rest_route=%2Fwp%2Fv2%2Ftags&post=207163"}],"curies":[{"name":"wp","href":"https:\/\/api.w.org\/{rel}","templated":true}]}}