{"id":206472,"date":"2018-08-17T16:00:46","date_gmt":"2018-08-17T19:00:46","guid":{"rendered":"http:\/\/quersaberpolitica.com.br\/2016\/?p=206472"},"modified":"2018-08-17T11:34:20","modified_gmt":"2018-08-17T14:34:20","slug":"miguel-assina-ordem-de-servico-para-asfaltar-60-vias-na-area-ribeirinha","status":"publish","type":"post","link":"https:\/\/blogdofarnesio.com.br\/?p=206472","title":{"rendered":"MIGUEL ASSINA ORDEM DE SERVI\u00c7O PARA ASFALTAR 60 VIAS NA \u00c1REA RIBEIRINHA"},"content":{"rendered":"<div>\n<p dir=\"ltr\" style=\"text-align: justify;\">A Prefeitura de Petrolina investir\u00e1 cerca de R$ 2,3 milh\u00f5es na pavimenta\u00e7\u00e3o de estradas e vias de acesso em cinco comunidades da \u00e1rea ribeirinha. A ordem de servi\u00e7o foi assinada, na noite de ontem (16), pelo prefeito Miguel Coelho numa solenidade na Tapera. Ao todo, ser\u00e3o pavimentados 8,1 km de pista com esses recursos, garantindo melhores condi\u00e7\u00f5es para o tr\u00e1fego dos ve\u00edculos e valoriza\u00e7\u00e3o para a regi\u00e3o.<br class=\"m_-201939697928022398gmail-kix-line-break\" \/><br class=\"m_-201939697928022398gmail-kix-line-break\" \/>Est\u00e3o previstas obras de pavimenta\u00e7\u00e3o em 60 vias nas comunidades da Tapera, Ro\u00e7ado, Caatinguinha, S\u00edtio S\u00e3o Jo\u00e3o e Agrovila Massangano. O trabalho come\u00e7a j\u00e1 na pr\u00f3xima segunda-feira (20) e tem prazo de conclus\u00e3o de oito a dez meses.<br class=\"m_-201939697928022398gmail-kix-line-break\" \/><br class=\"m_-201939697928022398gmail-kix-line-break\" \/>Segundo o prefeito Miguel Coelho, a pavimenta\u00e7\u00e3o na \u00e1rea ribeirinha representa a reafirma\u00e7\u00e3o do compromisso de priorizar o interior de Petrolina com obras e servi\u00e7os. \u201cEssa \u00e9 a terceira ou quarta vez que venho \u00e0 Tapera, sempre trazendo alguma obra e, em breve, voltarei para anunciar mais uma quadra para a regi\u00e3o. Essa \u00e9 a comprova\u00e7\u00e3o de que a \u00e1rea ribeirinha deixou para tr\u00e1s o tempo do descaso. Agora temos prioridade n\u00e3o s\u00f3 para a \u00e1rea urbana, mas tamb\u00e9m para o sequeiro, per\u00edmetros irrigados e a \u00e1rea ribeirinha\u201d, garantiu Miguel.<br class=\"m_-201939697928022398gmail-kix-line-break\" \/><br class=\"m_-201939697928022398gmail-kix-line-break\" \/>Al\u00e9m de pavimenta\u00e7\u00e3o para a zona rural, o prefeito anunciou que at\u00e9 setembro deve lan\u00e7ar um pacote de obras para asfaltar as ruas da regi\u00e3o urbana de Petrolina. Devem ser investidos mais de R$ 66 milh\u00f5es no que Miguel aponta como o maior programa de pavimenta\u00e7\u00e3o de Petrolina.<\/p>\n<\/div>\n<div style=\"text-align: justify;\"><\/div>\n<div style=\"text-align: justify;\">Fotos: Jonas Santos<\/div>\n","protected":false},"excerpt":{"rendered":"<p>A Prefeitura de Petrolina investir\u00e1 cerca de R$ 2,3 milh\u00f5es na pavimenta\u00e7\u00e3o de estradas e vias de acesso em cinco comunidades da \u00e1rea ribeirinha. A ordem de servi\u00e7o foi assinada, na noite de ontem (16), pelo prefeito Miguel Coelho numa solenidade na Tapera. Ao todo, ser\u00e3o pavimentados 8,1 km de pista com esses recursos, garantindo melhores condi\u00e7\u00f5es para o tr\u00e1fego dos ve\u00edculos e valoriza\u00e7\u00e3o para a regi\u00e3o.Est\u00e3o previstas obras de pavimenta\u00e7\u00e3o em 60 vias nas comunidades da Tapera, Ro\u00e7ado, Caatinguinha, S\u00edtio S\u00e3o Jo\u00e3o e Agrovila Massangano. O trabalho come\u00e7a j\u00e1 na pr\u00f3xima segunda-feira (20) e tem prazo de conclus\u00e3o de oito a dez meses.Segundo o prefeito Miguel Coelho, a pavimenta\u00e7\u00e3o na \u00e1rea ribeirinha representa a reafirma\u00e7\u00e3o do compromisso de priorizar&hellip; <\/p>\n","protected":false},"author":1,"featured_media":206473,"comment_status":"closed","ping_status":"closed","sticky":false,"template":"","format":"standard","meta":{"_acf_changed":false,"footnotes":""},"categories":[44],"tags":[],"class_list":["post-206472","post","type-post","status-publish","format-standard","has-post-thumbnail","hentry","category-administracao"],"acf":[],"yoast_head":"<!-- This site is optimized with the Yoast SEO plugin v27.4 - https:\/\/yoast.com\/product\/yoast-seo-wordpress\/ -->\n<title>MIGUEL ASSINA ORDEM DE SERVI\u00c7O PARA ASFALTAR 60 VIAS NA \u00c1REA RIBEIRINHA - Blog do Farn\u00e9sio<\/title>\n<meta name=\"robots\" content=\"index, follow, max-snippet:-1, max-image-preview:large, max-video-preview:-1\" \/>\n<link rel=\"canonical\" href=\"https:\/\/blogdofarnesio.com.br\/?p=206472\" \/>\n<meta property=\"og:locale\" content=\"pt_BR\" \/>\n<meta property=\"og:type\" content=\"article\" \/>\n<meta property=\"og:title\" content=\"MIGUEL ASSINA ORDEM DE SERVI\u00c7O PARA ASFALTAR 60 VIAS NA \u00c1REA RIBEIRINHA - Blog do Farn\u00e9sio\" \/>\n<meta property=\"og:description\" content=\"A Prefeitura de Petrolina investir\u00e1 cerca de R$ 2,3 milh\u00f5es na pavimenta\u00e7\u00e3o de estradas e vias de acesso em cinco comunidades da \u00e1rea ribeirinha. A ordem de servi\u00e7o foi assinada, na noite de ontem (16), pelo prefeito Miguel Coelho numa solenidade na Tapera. Ao todo, ser\u00e3o pavimentados 8,1 km de pista com esses recursos, garantindo melhores condi\u00e7\u00f5es para o tr\u00e1fego dos ve\u00edculos e valoriza\u00e7\u00e3o para a regi\u00e3o.Est\u00e3o previstas obras de pavimenta\u00e7\u00e3o em 60 vias nas comunidades da Tapera, Ro\u00e7ado, Caatinguinha, S\u00edtio S\u00e3o Jo\u00e3o e Agrovila Massangano. O trabalho come\u00e7a j\u00e1 na pr\u00f3xima segunda-feira (20) e tem prazo de conclus\u00e3o de oito a dez meses.Segundo o prefeito Miguel Coelho, a pavimenta\u00e7\u00e3o na \u00e1rea ribeirinha representa a reafirma\u00e7\u00e3o do compromisso de priorizar&hellip;\" \/>\n<meta property=\"og:url\" content=\"https:\/\/blogdofarnesio.com.br\/?p=206472\" \/>\n<meta property=\"og:site_name\" content=\"Blog do Farn\u00e9sio\" \/>\n<meta property=\"article:publisher\" content=\"https:\/\/www.facebook.com\/BlogQuerSaberPolitica\/\" \/>\n<meta property=\"article:published_time\" content=\"2018-08-17T19:00:46+00:00\" \/>\n<meta property=\"og:image\" content=\"https:\/\/blogdofarnesio.com.br\/wp-content\/uploads\/2018\/08\/blogqsp-miguel-pavimenta\u00e7\u00e3o-1.jpg\" \/>\n\t<meta property=\"og:image:width\" content=\"640\" \/>\n\t<meta property=\"og:image:height\" content=\"439\" \/>\n\t<meta property=\"og:image:type\" content=\"image\/jpeg\" \/>\n<meta name=\"author\" content=\"Farn\u00e9sio\" \/>\n<meta name=\"twitter:card\" content=\"summary_large_image\" \/>\n<meta name=\"twitter:label1\" content=\"Escrito por\" \/>\n\t<meta name=\"twitter:data1\" content=\"Farn\u00e9sio\" \/>\n\t<meta name=\"twitter:label2\" content=\"Est. tempo de leitura\" \/>\n\t<meta name=\"twitter:data2\" content=\"1 minuto\" \/>\n<script type=\"application\/ld+json\" class=\"yoast-schema-graph\">{\"@context\":\"https:\\\/\\\/schema.org\",\"@graph\":[{\"@type\":\"Article\",\"@id\":\"https:\\\/\\\/blogdofarnesio.com.br\\\/?p=206472#article\",\"isPartOf\":{\"@id\":\"https:\\\/\\\/blogdofarnesio.com.br\\\/?p=206472\"},\"author\":{\"name\":\"Farn\u00e9sio\",\"@id\":\"https:\\\/\\\/blogdofarnesio.com.br\\\/#\\\/schema\\\/person\\\/301c4acf522bccbfdb45af95b5b906a1\"},\"headline\":\"MIGUEL ASSINA ORDEM DE SERVI\u00c7O PARA ASFALTAR 60 VIAS NA \u00c1REA RIBEIRINHA\",\"datePublished\":\"2018-08-17T19:00:46+00:00\",\"mainEntityOfPage\":{\"@id\":\"https:\\\/\\\/blogdofarnesio.com.br\\\/?p=206472\"},\"wordCount\":282,\"publisher\":{\"@id\":\"https:\\\/\\\/blogdofarnesio.com.br\\\/#organization\"},\"image\":{\"@id\":\"https:\\\/\\\/blogdofarnesio.com.br\\\/?p=206472#primaryimage\"},\"thumbnailUrl\":\"https:\\\/\\\/blogdofarnesio.com.br\\\/wp-content\\\/uploads\\\/2018\\\/08\\\/blogqsp-miguel-pavimenta\u00e7\u00e3o-1.jpg\",\"articleSection\":[\"Administra\u00e7\u00e3o\"],\"inLanguage\":\"pt-BR\"},{\"@type\":\"WebPage\",\"@id\":\"https:\\\/\\\/blogdofarnesio.com.br\\\/?p=206472\",\"url\":\"https:\\\/\\\/blogdofarnesio.com.br\\\/?p=206472\",\"name\":\"MIGUEL ASSINA ORDEM DE SERVI\u00c7O PARA ASFALTAR 60 VIAS NA \u00c1REA RIBEIRINHA - Blog do Farn\u00e9sio\",\"isPartOf\":{\"@id\":\"https:\\\/\\\/blogdofarnesio.com.br\\\/#website\"},\"primaryImageOfPage\":{\"@id\":\"https:\\\/\\\/blogdofarnesio.com.br\\\/?p=206472#primaryimage\"},\"image\":{\"@id\":\"https:\\\/\\\/blogdofarnesio.com.br\\\/?p=206472#primaryimage\"},\"thumbnailUrl\":\"https:\\\/\\\/blogdofarnesio.com.br\\\/wp-content\\\/uploads\\\/2018\\\/08\\\/blogqsp-miguel-pavimenta\u00e7\u00e3o-1.jpg\",\"datePublished\":\"2018-08-17T19:00:46+00:00\",\"breadcrumb\":{\"@id\":\"https:\\\/\\\/blogdofarnesio.com.br\\\/?p=206472#breadcrumb\"},\"inLanguage\":\"pt-BR\",\"potentialAction\":[{\"@type\":\"ReadAction\",\"target\":[\"https:\\\/\\\/blogdofarnesio.com.br\\\/?p=206472\"]}]},{\"@type\":\"ImageObject\",\"inLanguage\":\"pt-BR\",\"@id\":\"https:\\\/\\\/blogdofarnesio.com.br\\\/?p=206472#primaryimage\",\"url\":\"https:\\\/\\\/blogdofarnesio.com.br\\\/wp-content\\\/uploads\\\/2018\\\/08\\\/blogqsp-miguel-pavimenta\u00e7\u00e3o-1.jpg\",\"contentUrl\":\"https:\\\/\\\/blogdofarnesio.com.br\\\/wp-content\\\/uploads\\\/2018\\\/08\\\/blogqsp-miguel-pavimenta\u00e7\u00e3o-1.jpg\",\"width\":640,\"height\":439},{\"@type\":\"BreadcrumbList\",\"@id\":\"https:\\\/\\\/blogdofarnesio.com.br\\\/?p=206472#breadcrumb\",\"itemListElement\":[{\"@type\":\"ListItem\",\"position\":1,\"name\":\"In\u00edcio\",\"item\":\"https:\\\/\\\/blogdofarnesio.com.br\\\/\"},{\"@type\":\"ListItem\",\"position\":2,\"name\":\"MIGUEL ASSINA ORDEM DE SERVI\u00c7O PARA ASFALTAR 60 VIAS NA \u00c1REA RIBEIRINHA\"}]},{\"@type\":\"WebSite\",\"@id\":\"https:\\\/\\\/blogdofarnesio.com.br\\\/#website\",\"url\":\"https:\\\/\\\/blogdofarnesio.com.br\\\/\",\"name\":\"Blog do Farn\u00e9sio\",\"description\":\"Quer Saber Pol\u00edtica?\",\"publisher\":{\"@id\":\"https:\\\/\\\/blogdofarnesio.com.br\\\/#organization\"},\"potentialAction\":[{\"@type\":\"SearchAction\",\"target\":{\"@type\":\"EntryPoint\",\"urlTemplate\":\"https:\\\/\\\/blogdofarnesio.com.br\\\/?s={search_term_string}\"},\"query-input\":{\"@type\":\"PropertyValueSpecification\",\"valueRequired\":true,\"valueName\":\"search_term_string\"}}],\"inLanguage\":\"pt-BR\"},{\"@type\":\"Organization\",\"@id\":\"https:\\\/\\\/blogdofarnesio.com.br\\\/#organization\",\"name\":\"Blog do Farn\u00e9sio\",\"url\":\"https:\\\/\\\/blogdofarnesio.com.br\\\/\",\"logo\":{\"@type\":\"ImageObject\",\"inLanguage\":\"pt-BR\",\"@id\":\"https:\\\/\\\/blogdofarnesio.com.br\\\/#\\\/schema\\\/logo\\\/image\\\/\",\"url\":\"https:\\\/\\\/blogdofarnesio.com.br\\\/wp-content\\\/uploads\\\/2026\\\/03\\\/cropped-logo_new-1.png\",\"contentUrl\":\"https:\\\/\\\/blogdofarnesio.com.br\\\/wp-content\\\/uploads\\\/2026\\\/03\\\/cropped-logo_new-1.png\",\"width\":881,\"height\":685,\"caption\":\"Blog do Farn\u00e9sio\"},\"image\":{\"@id\":\"https:\\\/\\\/blogdofarnesio.com.br\\\/#\\\/schema\\\/logo\\\/image\\\/\"},\"sameAs\":[\"https:\\\/\\\/www.facebook.com\\\/BlogQuerSaberPolitica\\\/\"]},{\"@type\":\"Person\",\"@id\":\"https:\\\/\\\/blogdofarnesio.com.br\\\/#\\\/schema\\\/person\\\/301c4acf522bccbfdb45af95b5b906a1\",\"name\":\"Farn\u00e9sio\",\"image\":{\"@type\":\"ImageObject\",\"inLanguage\":\"pt-BR\",\"@id\":\"https:\\\/\\\/secure.gravatar.com\\\/avatar\\\/df0c9a14567c056f8ad6876ba5bbd1e3e2c48023eb6807342fc4663adf549f38?s=96&d=mm&r=g\",\"url\":\"https:\\\/\\\/secure.gravatar.com\\\/avatar\\\/df0c9a14567c056f8ad6876ba5bbd1e3e2c48023eb6807342fc4663adf549f38?s=96&d=mm&r=g\",\"contentUrl\":\"https:\\\/\\\/secure.gravatar.com\\\/avatar\\\/df0c9a14567c056f8ad6876ba5bbd1e3e2c48023eb6807342fc4663adf549f38?s=96&d=mm&r=g\",\"caption\":\"Farn\u00e9sio\"},\"sameAs\":[\"https:\\\/\\\/quersaberpolitica.com.br\"],\"url\":\"https:\\\/\\\/blogdofarnesio.com.br\\\/?author=1\"}]}<\/script>\n<!-- \/ Yoast SEO plugin. -->","yoast_head_json":{"title":"MIGUEL ASSINA ORDEM DE SERVI\u00c7O PARA ASFALTAR 60 VIAS NA \u00c1REA RIBEIRINHA - Blog do Farn\u00e9sio","robots":{"index":"index","follow":"follow","max-snippet":"max-snippet:-1","max-image-preview":"max-image-preview:large","max-video-preview":"max-video-preview:-1"},"canonical":"https:\/\/blogdofarnesio.com.br\/?p=206472","og_locale":"pt_BR","og_type":"article","og_title":"MIGUEL ASSINA ORDEM DE SERVI\u00c7O PARA ASFALTAR 60 VIAS NA \u00c1REA RIBEIRINHA - Blog do Farn\u00e9sio","og_description":"A Prefeitura de Petrolina investir\u00e1 cerca de R$ 2,3 milh\u00f5es na pavimenta\u00e7\u00e3o de estradas e vias de acesso em cinco comunidades da \u00e1rea ribeirinha. A ordem de servi\u00e7o foi assinada, na noite de ontem (16), pelo prefeito Miguel Coelho numa solenidade na Tapera. Ao todo, ser\u00e3o pavimentados 8,1 km de pista com esses recursos, garantindo melhores condi\u00e7\u00f5es para o tr\u00e1fego dos ve\u00edculos e valoriza\u00e7\u00e3o para a regi\u00e3o.Est\u00e3o previstas obras de pavimenta\u00e7\u00e3o em 60 vias nas comunidades da Tapera, Ro\u00e7ado, Caatinguinha, S\u00edtio S\u00e3o Jo\u00e3o e Agrovila Massangano. O trabalho come\u00e7a j\u00e1 na pr\u00f3xima segunda-feira (20) e tem prazo de conclus\u00e3o de oito a dez meses.Segundo o prefeito Miguel Coelho, a pavimenta\u00e7\u00e3o na \u00e1rea ribeirinha representa a reafirma\u00e7\u00e3o do compromisso de priorizar&hellip;","og_url":"https:\/\/blogdofarnesio.com.br\/?p=206472","og_site_name":"Blog do Farn\u00e9sio","article_publisher":"https:\/\/www.facebook.com\/BlogQuerSaberPolitica\/","article_published_time":"2018-08-17T19:00:46+00:00","og_image":[{"width":640,"height":439,"url":"https:\/\/blogdofarnesio.com.br\/wp-content\/uploads\/2018\/08\/blogqsp-miguel-pavimenta\u00e7\u00e3o-1.jpg","type":"image\/jpeg"}],"author":"Farn\u00e9sio","twitter_card":"summary_large_image","twitter_misc":{"Escrito por":"Farn\u00e9sio","Est. tempo de leitura":"1 minuto"},"schema":{"@context":"https:\/\/schema.org","@graph":[{"@type":"Article","@id":"https:\/\/blogdofarnesio.com.br\/?p=206472#article","isPartOf":{"@id":"https:\/\/blogdofarnesio.com.br\/?p=206472"},"author":{"name":"Farn\u00e9sio","@id":"https:\/\/blogdofarnesio.com.br\/#\/schema\/person\/301c4acf522bccbfdb45af95b5b906a1"},"headline":"MIGUEL ASSINA ORDEM DE SERVI\u00c7O PARA ASFALTAR 60 VIAS NA \u00c1REA RIBEIRINHA","datePublished":"2018-08-17T19:00:46+00:00","mainEntityOfPage":{"@id":"https:\/\/blogdofarnesio.com.br\/?p=206472"},"wordCount":282,"publisher":{"@id":"https:\/\/blogdofarnesio.com.br\/#organization"},"image":{"@id":"https:\/\/blogdofarnesio.com.br\/?p=206472#primaryimage"},"thumbnailUrl":"https:\/\/blogdofarnesio.com.br\/wp-content\/uploads\/2018\/08\/blogqsp-miguel-pavimenta\u00e7\u00e3o-1.jpg","articleSection":["Administra\u00e7\u00e3o"],"inLanguage":"pt-BR"},{"@type":"WebPage","@id":"https:\/\/blogdofarnesio.com.br\/?p=206472","url":"https:\/\/blogdofarnesio.com.br\/?p=206472","name":"MIGUEL ASSINA ORDEM DE SERVI\u00c7O PARA ASFALTAR 60 VIAS NA \u00c1REA RIBEIRINHA - Blog do Farn\u00e9sio","isPartOf":{"@id":"https:\/\/blogdofarnesio.com.br\/#website"},"primaryImageOfPage":{"@id":"https:\/\/blogdofarnesio.com.br\/?p=206472#primaryimage"},"image":{"@id":"https:\/\/blogdofarnesio.com.br\/?p=206472#primaryimage"},"thumbnailUrl":"https:\/\/blogdofarnesio.com.br\/wp-content\/uploads\/2018\/08\/blogqsp-miguel-pavimenta\u00e7\u00e3o-1.jpg","datePublished":"2018-08-17T19:00:46+00:00","breadcrumb":{"@id":"https:\/\/blogdofarnesio.com.br\/?p=206472#breadcrumb"},"inLanguage":"pt-BR","potentialAction":[{"@type":"ReadAction","target":["https:\/\/blogdofarnesio.com.br\/?p=206472"]}]},{"@type":"ImageObject","inLanguage":"pt-BR","@id":"https:\/\/blogdofarnesio.com.br\/?p=206472#primaryimage","url":"https:\/\/blogdofarnesio.com.br\/wp-content\/uploads\/2018\/08\/blogqsp-miguel-pavimenta\u00e7\u00e3o-1.jpg","contentUrl":"https:\/\/blogdofarnesio.com.br\/wp-content\/uploads\/2018\/08\/blogqsp-miguel-pavimenta\u00e7\u00e3o-1.jpg","width":640,"height":439},{"@type":"BreadcrumbList","@id":"https:\/\/blogdofarnesio.com.br\/?p=206472#breadcrumb","itemListElement":[{"@type":"ListItem","position":1,"name":"In\u00edcio","item":"https:\/\/blogdofarnesio.com.br\/"},{"@type":"ListItem","position":2,"name":"MIGUEL ASSINA ORDEM DE SERVI\u00c7O PARA ASFALTAR 60 VIAS NA \u00c1REA RIBEIRINHA"}]},{"@type":"WebSite","@id":"https:\/\/blogdofarnesio.com.br\/#website","url":"https:\/\/blogdofarnesio.com.br\/","name":"Blog do Farn\u00e9sio","description":"Quer Saber Pol\u00edtica?","publisher":{"@id":"https:\/\/blogdofarnesio.com.br\/#organization"},"potentialAction":[{"@type":"SearchAction","target":{"@type":"EntryPoint","urlTemplate":"https:\/\/blogdofarnesio.com.br\/?s={search_term_string}"},"query-input":{"@type":"PropertyValueSpecification","valueRequired":true,"valueName":"search_term_string"}}],"inLanguage":"pt-BR"},{"@type":"Organization","@id":"https:\/\/blogdofarnesio.com.br\/#organization","name":"Blog do Farn\u00e9sio","url":"https:\/\/blogdofarnesio.com.br\/","logo":{"@type":"ImageObject","inLanguage":"pt-BR","@id":"https:\/\/blogdofarnesio.com.br\/#\/schema\/logo\/image\/","url":"https:\/\/blogdofarnesio.com.br\/wp-content\/uploads\/2026\/03\/cropped-logo_new-1.png","contentUrl":"https:\/\/blogdofarnesio.com.br\/wp-content\/uploads\/2026\/03\/cropped-logo_new-1.png","width":881,"height":685,"caption":"Blog do Farn\u00e9sio"},"image":{"@id":"https:\/\/blogdofarnesio.com.br\/#\/schema\/logo\/image\/"},"sameAs":["https:\/\/www.facebook.com\/BlogQuerSaberPolitica\/"]},{"@type":"Person","@id":"https:\/\/blogdofarnesio.com.br\/#\/schema\/person\/301c4acf522bccbfdb45af95b5b906a1","name":"Farn\u00e9sio","image":{"@type":"ImageObject","inLanguage":"pt-BR","@id":"https:\/\/secure.gravatar.com\/avatar\/df0c9a14567c056f8ad6876ba5bbd1e3e2c48023eb6807342fc4663adf549f38?s=96&d=mm&r=g","url":"https:\/\/secure.gravatar.com\/avatar\/df0c9a14567c056f8ad6876ba5bbd1e3e2c48023eb6807342fc4663adf549f38?s=96&d=mm&r=g","contentUrl":"https:\/\/secure.gravatar.com\/avatar\/df0c9a14567c056f8ad6876ba5bbd1e3e2c48023eb6807342fc4663adf549f38?s=96&d=mm&r=g","caption":"Farn\u00e9sio"},"sameAs":["https:\/\/quersaberpolitica.com.br"],"url":"https:\/\/blogdofarnesio.com.br\/?author=1"}]}},"_links":{"self":[{"href":"https:\/\/blogdofarnesio.com.br\/index.php?rest_route=\/wp\/v2\/posts\/206472","targetHints":{"allow":["GET"]}}],"collection":[{"href":"https:\/\/blogdofarnesio.com.br\/index.php?rest_route=\/wp\/v2\/posts"}],"about":[{"href":"https:\/\/blogdofarnesio.com.br\/index.php?rest_route=\/wp\/v2\/types\/post"}],"author":[{"embeddable":true,"href":"https:\/\/blogdofarnesio.com.br\/index.php?rest_route=\/wp\/v2\/users\/1"}],"replies":[{"embeddable":true,"href":"https:\/\/blogdofarnesio.com.br\/index.php?rest_route=%2Fwp%2Fv2%2Fcomments&post=206472"}],"version-history":[{"count":0,"href":"https:\/\/blogdofarnesio.com.br\/index.php?rest_route=\/wp\/v2\/posts\/206472\/revisions"}],"wp:featuredmedia":[{"embeddable":true,"href":"https:\/\/blogdofarnesio.com.br\/index.php?rest_route=\/wp\/v2\/media\/206473"}],"wp:attachment":[{"href":"https:\/\/blogdofarnesio.com.br\/index.php?rest_route=%2Fwp%2Fv2%2Fmedia&parent=206472"}],"wp:term":[{"taxonomy":"category","embeddable":true,"href":"https:\/\/blogdofarnesio.com.br\/index.php?rest_route=%2Fwp%2Fv2%2Fcategories&post=206472"},{"taxonomy":"post_tag","embeddable":true,"href":"https:\/\/blogdofarnesio.com.br\/index.php?rest_route=%2Fwp%2Fv2%2Ftags&post=206472"}],"curies":[{"name":"wp","href":"https:\/\/api.w.org\/{rel}","templated":true}]}}