{"id":206460,"date":"2018-08-17T12:00:47","date_gmt":"2018-08-17T15:00:47","guid":{"rendered":"http:\/\/quersaberpolitica.com.br\/2016\/?p=206460"},"modified":"2018-08-17T10:04:22","modified_gmt":"2018-08-17T13:04:22","slug":"com-inicio-da-campanha-propaganda-eleitoral-paga-na-internet-tera-que-ser-identificada","status":"publish","type":"post","link":"https:\/\/blogdofarnesio.com.br\/?p=206460","title":{"rendered":"COM IN\u00cdCIO DA CAMPANHA PROPAGANDA ELEITORAL PAGA NA INTERNET TER\u00c1 QUE SER IDENTIFICADA"},"content":{"rendered":"<p style=\"text-align: justify;\">Com o come\u00e7o oficial da campanha eleitoral, teve in\u00edcio tamb\u00e9m a divulga\u00e7\u00e3o de publicidade voltada \u00e0 disputa de outubro. Al\u00e9m dos tradicionais an\u00fancios em r\u00e1dio e TV, abre-se o per\u00edodo, de maneira in\u00e9dita, para a divulga\u00e7\u00e3o de propaganda paga de candidatos e partidos nas redes sociais.<\/p>\n<p style=\"text-align: justify;\">O Tribunal Superior Eleitoral (TSE) aprovou uma resolu\u00e7\u00e3o detalhando exig\u00eancias para essa modalidade de campanha. As mensagens com essa finalidade devem estar identificadas como tal, por meio da cria\u00e7\u00e3o de selos (como no caso do Facebook) ou outras marcas. O TSE tamb\u00e9m definiu a necessidade das publica\u00e7\u00f5es trazerem as informa\u00e7\u00f5es sobre o candidato ou partido, como os nomes e o CPF ou CNPJ do patrocinador daquela publica\u00e7\u00e3o.<\/p>\n<p style=\"text-align: justify;\">A novidade foi introduzida pela Minireforma Eleitoral (Lei 13.488), aprovada em 2017. A norma prev\u00ea as modalidades de impulsionamento de conte\u00fado (praticadas pelo Facebook, por exemplo) e de prioriza\u00e7\u00e3o paga de conte\u00fados em mecanismos de busca (adotada pelo Google, por exemplo).<\/p>\n<p>BN<\/p>\n","protected":false},"excerpt":{"rendered":"<p>Com o come\u00e7o oficial da campanha eleitoral, teve in\u00edcio tamb\u00e9m a divulga\u00e7\u00e3o de publicidade voltada \u00e0 disputa de outubro. Al\u00e9m dos tradicionais an\u00fancios em r\u00e1dio e TV, abre-se o per\u00edodo, de maneira in\u00e9dita, para a divulga\u00e7\u00e3o de propaganda paga de candidatos e partidos nas redes sociais. O Tribunal Superior Eleitoral (TSE) aprovou uma resolu\u00e7\u00e3o detalhando exig\u00eancias para essa modalidade de campanha. As mensagens com essa finalidade devem estar identificadas como tal, por meio da cria\u00e7\u00e3o de selos (como no caso do Facebook) ou outras marcas. O TSE tamb\u00e9m definiu a necessidade das publica\u00e7\u00f5es trazerem as informa\u00e7\u00f5es sobre o candidato ou partido, como os nomes e o CPF ou CNPJ do patrocinador daquela publica\u00e7\u00e3o. A novidade foi introduzida pela Minireforma Eleitoral&hellip; <\/p>\n","protected":false},"author":1,"featured_media":206461,"comment_status":"closed","ping_status":"closed","sticky":false,"template":"","format":"standard","meta":{"_acf_changed":false,"footnotes":""},"categories":[1],"tags":[],"class_list":["post-206460","post","type-post","status-publish","format-standard","has-post-thumbnail","hentry","category-politica"],"acf":[],"yoast_head":"<!-- This site is optimized with the Yoast SEO plugin v27.4 - https:\/\/yoast.com\/product\/yoast-seo-wordpress\/ -->\n<title>COM IN\u00cdCIO DA CAMPANHA PROPAGANDA ELEITORAL PAGA NA INTERNET TER\u00c1 QUE SER IDENTIFICADA - Blog do Farn\u00e9sio<\/title>\n<meta name=\"robots\" content=\"index, follow, max-snippet:-1, max-image-preview:large, max-video-preview:-1\" \/>\n<link rel=\"canonical\" href=\"https:\/\/blogdofarnesio.com.br\/?p=206460\" \/>\n<meta property=\"og:locale\" content=\"pt_BR\" \/>\n<meta property=\"og:type\" content=\"article\" \/>\n<meta property=\"og:title\" content=\"COM IN\u00cdCIO DA CAMPANHA PROPAGANDA ELEITORAL PAGA NA INTERNET TER\u00c1 QUE SER IDENTIFICADA - Blog do Farn\u00e9sio\" \/>\n<meta property=\"og:description\" content=\"Com o come\u00e7o oficial da campanha eleitoral, teve in\u00edcio tamb\u00e9m a divulga\u00e7\u00e3o de publicidade voltada \u00e0 disputa de outubro. Al\u00e9m dos tradicionais an\u00fancios em r\u00e1dio e TV, abre-se o per\u00edodo, de maneira in\u00e9dita, para a divulga\u00e7\u00e3o de propaganda paga de candidatos e partidos nas redes sociais. O Tribunal Superior Eleitoral (TSE) aprovou uma resolu\u00e7\u00e3o detalhando exig\u00eancias para essa modalidade de campanha. As mensagens com essa finalidade devem estar identificadas como tal, por meio da cria\u00e7\u00e3o de selos (como no caso do Facebook) ou outras marcas. O TSE tamb\u00e9m definiu a necessidade das publica\u00e7\u00f5es trazerem as informa\u00e7\u00f5es sobre o candidato ou partido, como os nomes e o CPF ou CNPJ do patrocinador daquela publica\u00e7\u00e3o. A novidade foi introduzida pela Minireforma Eleitoral&hellip;\" \/>\n<meta property=\"og:url\" content=\"https:\/\/blogdofarnesio.com.br\/?p=206460\" \/>\n<meta property=\"og:site_name\" content=\"Blog do Farn\u00e9sio\" \/>\n<meta property=\"article:publisher\" content=\"https:\/\/www.facebook.com\/BlogQuerSaberPolitica\/\" \/>\n<meta property=\"article:published_time\" content=\"2018-08-17T15:00:47+00:00\" \/>\n<meta property=\"og:image\" content=\"https:\/\/blogdofarnesio.com.br\/wp-content\/uploads\/2018\/08\/blogqsp-redesocial.jpg\" \/>\n\t<meta property=\"og:image:width\" content=\"380\" \/>\n\t<meta property=\"og:image:height\" content=\"280\" \/>\n\t<meta property=\"og:image:type\" content=\"image\/jpeg\" \/>\n<meta name=\"author\" content=\"Farn\u00e9sio\" \/>\n<meta name=\"twitter:card\" content=\"summary_large_image\" \/>\n<meta name=\"twitter:label1\" content=\"Escrito por\" \/>\n\t<meta name=\"twitter:data1\" content=\"Farn\u00e9sio\" \/>\n\t<meta name=\"twitter:label2\" content=\"Est. tempo de leitura\" \/>\n\t<meta name=\"twitter:data2\" content=\"1 minuto\" \/>\n<script type=\"application\/ld+json\" class=\"yoast-schema-graph\">{\"@context\":\"https:\\\/\\\/schema.org\",\"@graph\":[{\"@type\":\"Article\",\"@id\":\"https:\\\/\\\/blogdofarnesio.com.br\\\/?p=206460#article\",\"isPartOf\":{\"@id\":\"https:\\\/\\\/blogdofarnesio.com.br\\\/?p=206460\"},\"author\":{\"name\":\"Farn\u00e9sio\",\"@id\":\"https:\\\/\\\/blogdofarnesio.com.br\\\/#\\\/schema\\\/person\\\/301c4acf522bccbfdb45af95b5b906a1\"},\"headline\":\"COM IN\u00cdCIO DA CAMPANHA PROPAGANDA ELEITORAL PAGA NA INTERNET TER\u00c1 QUE SER IDENTIFICADA\",\"datePublished\":\"2018-08-17T15:00:47+00:00\",\"mainEntityOfPage\":{\"@id\":\"https:\\\/\\\/blogdofarnesio.com.br\\\/?p=206460\"},\"wordCount\":186,\"publisher\":{\"@id\":\"https:\\\/\\\/blogdofarnesio.com.br\\\/#organization\"},\"image\":{\"@id\":\"https:\\\/\\\/blogdofarnesio.com.br\\\/?p=206460#primaryimage\"},\"thumbnailUrl\":\"https:\\\/\\\/blogdofarnesio.com.br\\\/wp-content\\\/uploads\\\/2018\\\/08\\\/blogqsp-redesocial.jpg\",\"articleSection\":[\"Pol\u00edtica\"],\"inLanguage\":\"pt-BR\"},{\"@type\":\"WebPage\",\"@id\":\"https:\\\/\\\/blogdofarnesio.com.br\\\/?p=206460\",\"url\":\"https:\\\/\\\/blogdofarnesio.com.br\\\/?p=206460\",\"name\":\"COM IN\u00cdCIO DA CAMPANHA PROPAGANDA ELEITORAL PAGA NA INTERNET TER\u00c1 QUE SER IDENTIFICADA - Blog do Farn\u00e9sio\",\"isPartOf\":{\"@id\":\"https:\\\/\\\/blogdofarnesio.com.br\\\/#website\"},\"primaryImageOfPage\":{\"@id\":\"https:\\\/\\\/blogdofarnesio.com.br\\\/?p=206460#primaryimage\"},\"image\":{\"@id\":\"https:\\\/\\\/blogdofarnesio.com.br\\\/?p=206460#primaryimage\"},\"thumbnailUrl\":\"https:\\\/\\\/blogdofarnesio.com.br\\\/wp-content\\\/uploads\\\/2018\\\/08\\\/blogqsp-redesocial.jpg\",\"datePublished\":\"2018-08-17T15:00:47+00:00\",\"breadcrumb\":{\"@id\":\"https:\\\/\\\/blogdofarnesio.com.br\\\/?p=206460#breadcrumb\"},\"inLanguage\":\"pt-BR\",\"potentialAction\":[{\"@type\":\"ReadAction\",\"target\":[\"https:\\\/\\\/blogdofarnesio.com.br\\\/?p=206460\"]}]},{\"@type\":\"ImageObject\",\"inLanguage\":\"pt-BR\",\"@id\":\"https:\\\/\\\/blogdofarnesio.com.br\\\/?p=206460#primaryimage\",\"url\":\"https:\\\/\\\/blogdofarnesio.com.br\\\/wp-content\\\/uploads\\\/2018\\\/08\\\/blogqsp-redesocial.jpg\",\"contentUrl\":\"https:\\\/\\\/blogdofarnesio.com.br\\\/wp-content\\\/uploads\\\/2018\\\/08\\\/blogqsp-redesocial.jpg\",\"width\":380,\"height\":280},{\"@type\":\"BreadcrumbList\",\"@id\":\"https:\\\/\\\/blogdofarnesio.com.br\\\/?p=206460#breadcrumb\",\"itemListElement\":[{\"@type\":\"ListItem\",\"position\":1,\"name\":\"In\u00edcio\",\"item\":\"https:\\\/\\\/blogdofarnesio.com.br\\\/\"},{\"@type\":\"ListItem\",\"position\":2,\"name\":\"COM IN\u00cdCIO DA CAMPANHA PROPAGANDA ELEITORAL PAGA NA INTERNET TER\u00c1 QUE SER IDENTIFICADA\"}]},{\"@type\":\"WebSite\",\"@id\":\"https:\\\/\\\/blogdofarnesio.com.br\\\/#website\",\"url\":\"https:\\\/\\\/blogdofarnesio.com.br\\\/\",\"name\":\"Blog do Farn\u00e9sio\",\"description\":\"Quer Saber Pol\u00edtica?\",\"publisher\":{\"@id\":\"https:\\\/\\\/blogdofarnesio.com.br\\\/#organization\"},\"potentialAction\":[{\"@type\":\"SearchAction\",\"target\":{\"@type\":\"EntryPoint\",\"urlTemplate\":\"https:\\\/\\\/blogdofarnesio.com.br\\\/?s={search_term_string}\"},\"query-input\":{\"@type\":\"PropertyValueSpecification\",\"valueRequired\":true,\"valueName\":\"search_term_string\"}}],\"inLanguage\":\"pt-BR\"},{\"@type\":\"Organization\",\"@id\":\"https:\\\/\\\/blogdofarnesio.com.br\\\/#organization\",\"name\":\"Blog do Farn\u00e9sio\",\"url\":\"https:\\\/\\\/blogdofarnesio.com.br\\\/\",\"logo\":{\"@type\":\"ImageObject\",\"inLanguage\":\"pt-BR\",\"@id\":\"https:\\\/\\\/blogdofarnesio.com.br\\\/#\\\/schema\\\/logo\\\/image\\\/\",\"url\":\"https:\\\/\\\/blogdofarnesio.com.br\\\/wp-content\\\/uploads\\\/2026\\\/03\\\/cropped-logo_new-1.png\",\"contentUrl\":\"https:\\\/\\\/blogdofarnesio.com.br\\\/wp-content\\\/uploads\\\/2026\\\/03\\\/cropped-logo_new-1.png\",\"width\":881,\"height\":685,\"caption\":\"Blog do Farn\u00e9sio\"},\"image\":{\"@id\":\"https:\\\/\\\/blogdofarnesio.com.br\\\/#\\\/schema\\\/logo\\\/image\\\/\"},\"sameAs\":[\"https:\\\/\\\/www.facebook.com\\\/BlogQuerSaberPolitica\\\/\"]},{\"@type\":\"Person\",\"@id\":\"https:\\\/\\\/blogdofarnesio.com.br\\\/#\\\/schema\\\/person\\\/301c4acf522bccbfdb45af95b5b906a1\",\"name\":\"Farn\u00e9sio\",\"image\":{\"@type\":\"ImageObject\",\"inLanguage\":\"pt-BR\",\"@id\":\"https:\\\/\\\/secure.gravatar.com\\\/avatar\\\/df0c9a14567c056f8ad6876ba5bbd1e3e2c48023eb6807342fc4663adf549f38?s=96&d=mm&r=g\",\"url\":\"https:\\\/\\\/secure.gravatar.com\\\/avatar\\\/df0c9a14567c056f8ad6876ba5bbd1e3e2c48023eb6807342fc4663adf549f38?s=96&d=mm&r=g\",\"contentUrl\":\"https:\\\/\\\/secure.gravatar.com\\\/avatar\\\/df0c9a14567c056f8ad6876ba5bbd1e3e2c48023eb6807342fc4663adf549f38?s=96&d=mm&r=g\",\"caption\":\"Farn\u00e9sio\"},\"sameAs\":[\"https:\\\/\\\/quersaberpolitica.com.br\"],\"url\":\"https:\\\/\\\/blogdofarnesio.com.br\\\/?author=1\"}]}<\/script>\n<!-- \/ Yoast SEO plugin. -->","yoast_head_json":{"title":"COM IN\u00cdCIO DA CAMPANHA PROPAGANDA ELEITORAL PAGA NA INTERNET TER\u00c1 QUE SER IDENTIFICADA - Blog do Farn\u00e9sio","robots":{"index":"index","follow":"follow","max-snippet":"max-snippet:-1","max-image-preview":"max-image-preview:large","max-video-preview":"max-video-preview:-1"},"canonical":"https:\/\/blogdofarnesio.com.br\/?p=206460","og_locale":"pt_BR","og_type":"article","og_title":"COM IN\u00cdCIO DA CAMPANHA PROPAGANDA ELEITORAL PAGA NA INTERNET TER\u00c1 QUE SER IDENTIFICADA - Blog do Farn\u00e9sio","og_description":"Com o come\u00e7o oficial da campanha eleitoral, teve in\u00edcio tamb\u00e9m a divulga\u00e7\u00e3o de publicidade voltada \u00e0 disputa de outubro. Al\u00e9m dos tradicionais an\u00fancios em r\u00e1dio e TV, abre-se o per\u00edodo, de maneira in\u00e9dita, para a divulga\u00e7\u00e3o de propaganda paga de candidatos e partidos nas redes sociais. O Tribunal Superior Eleitoral (TSE) aprovou uma resolu\u00e7\u00e3o detalhando exig\u00eancias para essa modalidade de campanha. As mensagens com essa finalidade devem estar identificadas como tal, por meio da cria\u00e7\u00e3o de selos (como no caso do Facebook) ou outras marcas. O TSE tamb\u00e9m definiu a necessidade das publica\u00e7\u00f5es trazerem as informa\u00e7\u00f5es sobre o candidato ou partido, como os nomes e o CPF ou CNPJ do patrocinador daquela publica\u00e7\u00e3o. A novidade foi introduzida pela Minireforma Eleitoral&hellip;","og_url":"https:\/\/blogdofarnesio.com.br\/?p=206460","og_site_name":"Blog do Farn\u00e9sio","article_publisher":"https:\/\/www.facebook.com\/BlogQuerSaberPolitica\/","article_published_time":"2018-08-17T15:00:47+00:00","og_image":[{"width":380,"height":280,"url":"https:\/\/blogdofarnesio.com.br\/wp-content\/uploads\/2018\/08\/blogqsp-redesocial.jpg","type":"image\/jpeg"}],"author":"Farn\u00e9sio","twitter_card":"summary_large_image","twitter_misc":{"Escrito por":"Farn\u00e9sio","Est. tempo de leitura":"1 minuto"},"schema":{"@context":"https:\/\/schema.org","@graph":[{"@type":"Article","@id":"https:\/\/blogdofarnesio.com.br\/?p=206460#article","isPartOf":{"@id":"https:\/\/blogdofarnesio.com.br\/?p=206460"},"author":{"name":"Farn\u00e9sio","@id":"https:\/\/blogdofarnesio.com.br\/#\/schema\/person\/301c4acf522bccbfdb45af95b5b906a1"},"headline":"COM IN\u00cdCIO DA CAMPANHA PROPAGANDA ELEITORAL PAGA NA INTERNET TER\u00c1 QUE SER IDENTIFICADA","datePublished":"2018-08-17T15:00:47+00:00","mainEntityOfPage":{"@id":"https:\/\/blogdofarnesio.com.br\/?p=206460"},"wordCount":186,"publisher":{"@id":"https:\/\/blogdofarnesio.com.br\/#organization"},"image":{"@id":"https:\/\/blogdofarnesio.com.br\/?p=206460#primaryimage"},"thumbnailUrl":"https:\/\/blogdofarnesio.com.br\/wp-content\/uploads\/2018\/08\/blogqsp-redesocial.jpg","articleSection":["Pol\u00edtica"],"inLanguage":"pt-BR"},{"@type":"WebPage","@id":"https:\/\/blogdofarnesio.com.br\/?p=206460","url":"https:\/\/blogdofarnesio.com.br\/?p=206460","name":"COM IN\u00cdCIO DA CAMPANHA PROPAGANDA ELEITORAL PAGA NA INTERNET TER\u00c1 QUE SER IDENTIFICADA - Blog do Farn\u00e9sio","isPartOf":{"@id":"https:\/\/blogdofarnesio.com.br\/#website"},"primaryImageOfPage":{"@id":"https:\/\/blogdofarnesio.com.br\/?p=206460#primaryimage"},"image":{"@id":"https:\/\/blogdofarnesio.com.br\/?p=206460#primaryimage"},"thumbnailUrl":"https:\/\/blogdofarnesio.com.br\/wp-content\/uploads\/2018\/08\/blogqsp-redesocial.jpg","datePublished":"2018-08-17T15:00:47+00:00","breadcrumb":{"@id":"https:\/\/blogdofarnesio.com.br\/?p=206460#breadcrumb"},"inLanguage":"pt-BR","potentialAction":[{"@type":"ReadAction","target":["https:\/\/blogdofarnesio.com.br\/?p=206460"]}]},{"@type":"ImageObject","inLanguage":"pt-BR","@id":"https:\/\/blogdofarnesio.com.br\/?p=206460#primaryimage","url":"https:\/\/blogdofarnesio.com.br\/wp-content\/uploads\/2018\/08\/blogqsp-redesocial.jpg","contentUrl":"https:\/\/blogdofarnesio.com.br\/wp-content\/uploads\/2018\/08\/blogqsp-redesocial.jpg","width":380,"height":280},{"@type":"BreadcrumbList","@id":"https:\/\/blogdofarnesio.com.br\/?p=206460#breadcrumb","itemListElement":[{"@type":"ListItem","position":1,"name":"In\u00edcio","item":"https:\/\/blogdofarnesio.com.br\/"},{"@type":"ListItem","position":2,"name":"COM IN\u00cdCIO DA CAMPANHA PROPAGANDA ELEITORAL PAGA NA INTERNET TER\u00c1 QUE SER IDENTIFICADA"}]},{"@type":"WebSite","@id":"https:\/\/blogdofarnesio.com.br\/#website","url":"https:\/\/blogdofarnesio.com.br\/","name":"Blog do Farn\u00e9sio","description":"Quer Saber Pol\u00edtica?","publisher":{"@id":"https:\/\/blogdofarnesio.com.br\/#organization"},"potentialAction":[{"@type":"SearchAction","target":{"@type":"EntryPoint","urlTemplate":"https:\/\/blogdofarnesio.com.br\/?s={search_term_string}"},"query-input":{"@type":"PropertyValueSpecification","valueRequired":true,"valueName":"search_term_string"}}],"inLanguage":"pt-BR"},{"@type":"Organization","@id":"https:\/\/blogdofarnesio.com.br\/#organization","name":"Blog do Farn\u00e9sio","url":"https:\/\/blogdofarnesio.com.br\/","logo":{"@type":"ImageObject","inLanguage":"pt-BR","@id":"https:\/\/blogdofarnesio.com.br\/#\/schema\/logo\/image\/","url":"https:\/\/blogdofarnesio.com.br\/wp-content\/uploads\/2026\/03\/cropped-logo_new-1.png","contentUrl":"https:\/\/blogdofarnesio.com.br\/wp-content\/uploads\/2026\/03\/cropped-logo_new-1.png","width":881,"height":685,"caption":"Blog do Farn\u00e9sio"},"image":{"@id":"https:\/\/blogdofarnesio.com.br\/#\/schema\/logo\/image\/"},"sameAs":["https:\/\/www.facebook.com\/BlogQuerSaberPolitica\/"]},{"@type":"Person","@id":"https:\/\/blogdofarnesio.com.br\/#\/schema\/person\/301c4acf522bccbfdb45af95b5b906a1","name":"Farn\u00e9sio","image":{"@type":"ImageObject","inLanguage":"pt-BR","@id":"https:\/\/secure.gravatar.com\/avatar\/df0c9a14567c056f8ad6876ba5bbd1e3e2c48023eb6807342fc4663adf549f38?s=96&d=mm&r=g","url":"https:\/\/secure.gravatar.com\/avatar\/df0c9a14567c056f8ad6876ba5bbd1e3e2c48023eb6807342fc4663adf549f38?s=96&d=mm&r=g","contentUrl":"https:\/\/secure.gravatar.com\/avatar\/df0c9a14567c056f8ad6876ba5bbd1e3e2c48023eb6807342fc4663adf549f38?s=96&d=mm&r=g","caption":"Farn\u00e9sio"},"sameAs":["https:\/\/quersaberpolitica.com.br"],"url":"https:\/\/blogdofarnesio.com.br\/?author=1"}]}},"_links":{"self":[{"href":"https:\/\/blogdofarnesio.com.br\/index.php?rest_route=\/wp\/v2\/posts\/206460","targetHints":{"allow":["GET"]}}],"collection":[{"href":"https:\/\/blogdofarnesio.com.br\/index.php?rest_route=\/wp\/v2\/posts"}],"about":[{"href":"https:\/\/blogdofarnesio.com.br\/index.php?rest_route=\/wp\/v2\/types\/post"}],"author":[{"embeddable":true,"href":"https:\/\/blogdofarnesio.com.br\/index.php?rest_route=\/wp\/v2\/users\/1"}],"replies":[{"embeddable":true,"href":"https:\/\/blogdofarnesio.com.br\/index.php?rest_route=%2Fwp%2Fv2%2Fcomments&post=206460"}],"version-history":[{"count":0,"href":"https:\/\/blogdofarnesio.com.br\/index.php?rest_route=\/wp\/v2\/posts\/206460\/revisions"}],"wp:featuredmedia":[{"embeddable":true,"href":"https:\/\/blogdofarnesio.com.br\/index.php?rest_route=\/wp\/v2\/media\/206461"}],"wp:attachment":[{"href":"https:\/\/blogdofarnesio.com.br\/index.php?rest_route=%2Fwp%2Fv2%2Fmedia&parent=206460"}],"wp:term":[{"taxonomy":"category","embeddable":true,"href":"https:\/\/blogdofarnesio.com.br\/index.php?rest_route=%2Fwp%2Fv2%2Fcategories&post=206460"},{"taxonomy":"post_tag","embeddable":true,"href":"https:\/\/blogdofarnesio.com.br\/index.php?rest_route=%2Fwp%2Fv2%2Ftags&post=206460"}],"curies":[{"name":"wp","href":"https:\/\/api.w.org\/{rel}","templated":true}]}}