{"id":206443,"date":"2018-08-17T11:30:20","date_gmt":"2018-08-17T14:30:20","guid":{"rendered":"http:\/\/quersaberpolitica.com.br\/2016\/?p=206443"},"modified":"2018-08-17T09:39:47","modified_gmt":"2018-08-17T12:39:47","slug":"nasce-a-primeira-crianca-no-hospital-maria-auxiliadora-carvalho-torres-em-sobradinho","status":"publish","type":"post","link":"https:\/\/blogdofarnesio.com.br\/?p=206443","title":{"rendered":"NASCE A PRIMEIRA CRIAN\u00c7A NO HOSPITAL MARIA AUXILIADORA CARVALHO TORRES, EM SOBRADINHO"},"content":{"rendered":"<p style=\"text-align: justify;\">Nas primeiras horas de ontem (16), nasceu no Hospital Maria Auxiliadora Carvalho Torres, pesando\u00a03.900kg, o pequeno Ryan de Souza Rocha.<\/p>\n<p style=\"text-align: justify;\">O primeiro parto natural realizado na institui\u00e7\u00e3o de sa\u00fade, que teve sua primeira etapa inaugurada no \u00faltimo s\u00e1bado (11), foi comemorado com muita emo\u00e7\u00e3o e alegria por toda equipe do hospital.<\/p>\n<p style=\"text-align: justify;\">Ryan nasceu pelas m\u00e3os do m\u00e9dico Andr\u00e9, que foi assistido pela equipe de enfermeiros e chegou para completar a felicidade da\u00a0m\u00e3e, a jovem Rosiane de Sousa Santos.<\/p>\n<p style=\"text-align: justify;\">Emocionada, ela falou da comodidade de ter dado a luz em sua cidade, pr\u00f3ximo da fam\u00edlia.<\/p>\n<p style=\"text-align: justify;\">\u201cPra mim \u00e9 motivo de muita alegria. Fui muito bem tratada por todos.Ter meu filho em Sobradinho foi importante, pois estou mais perto de meus familiares, que podem me dar apoio e auxiliar durante o per\u00edodo que eu ainda estiver aqui no hospital. Em nenhum momento me senti sozinha e insegura. Realmente \u00e9 um excelente hospital e presta um \u00f3timo atendimento,\u201d afirmou Rosiane.<\/p>\n<p style=\"text-align: justify;\">Durante a tarde, m\u00e3e e beb\u00ea receberam a visita do Prefeito Luiz Vicente Berti e da Secret\u00e1ria de Sa\u00fade, Maysa Sanjuan, que foram dar as boas vindas ao mais novo sobradinhense.<\/p>\n<p style=\"text-align: justify;\">\u201cEstou muito alegre com a chegada de Ryan. \u00c9 literalmente um resgate hist\u00f3rico, de sentimentos e identidade de cada cidad\u00e3o sobradinhense. Agrade\u00e7o a Deus por nos proporcionar esse momento \u00edmpar de poder ver a chegada da primeira crian\u00e7a que nasce no hospital depois de inaugurado. Aproveitei e visitei as enfermarias e gra\u00e7as a Deus os usu\u00e1rios est\u00e3o muito satisfeitos com o atendimento que est\u00e3o recebendo. N\u00e3o adianta termos apenas uma estrutura f\u00edsica boa, precisamos garantir um atendimento de qualidade e humanizado a cada sobradinhense que chegue nesta unidade,\u201d finalizou Luiz Vicente Berti.<\/p>\n<p style=\"text-align: justify;\"><strong>Ascom PMS<\/strong><\/p>\n","protected":false},"excerpt":{"rendered":"<p>Nas primeiras horas de ontem (16), nasceu no Hospital Maria Auxiliadora Carvalho Torres, pesando\u00a03.900kg, o pequeno Ryan de Souza Rocha. O primeiro parto natural realizado na institui\u00e7\u00e3o de sa\u00fade, que teve sua primeira etapa inaugurada no \u00faltimo s\u00e1bado (11), foi comemorado com muita emo\u00e7\u00e3o e alegria por toda equipe do hospital. Ryan nasceu pelas m\u00e3os do m\u00e9dico Andr\u00e9, que foi assistido pela equipe de enfermeiros e chegou para completar a felicidade da\u00a0m\u00e3e, a jovem Rosiane de Sousa Santos. Emocionada, ela falou da comodidade de ter dado a luz em sua cidade, pr\u00f3ximo da fam\u00edlia. \u201cPra mim \u00e9 motivo de muita alegria. Fui muito bem tratada por todos.Ter meu filho em Sobradinho foi importante, pois estou mais perto de meus familiares,&hellip; <\/p>\n","protected":false},"author":1,"featured_media":206444,"comment_status":"closed","ping_status":"closed","sticky":false,"template":"","format":"standard","meta":{"_acf_changed":false,"footnotes":""},"categories":[44],"tags":[],"class_list":["post-206443","post","type-post","status-publish","format-standard","has-post-thumbnail","hentry","category-administracao"],"acf":[],"yoast_head":"<!-- This site is optimized with the Yoast SEO plugin v27.4 - https:\/\/yoast.com\/product\/yoast-seo-wordpress\/ -->\n<title>NASCE A PRIMEIRA CRIAN\u00c7A NO HOSPITAL MARIA AUXILIADORA CARVALHO TORRES, EM SOBRADINHO - Blog do Farn\u00e9sio<\/title>\n<meta name=\"robots\" content=\"index, follow, max-snippet:-1, max-image-preview:large, max-video-preview:-1\" \/>\n<link rel=\"canonical\" href=\"https:\/\/blogdofarnesio.com.br\/?p=206443\" \/>\n<meta property=\"og:locale\" content=\"pt_BR\" \/>\n<meta property=\"og:type\" content=\"article\" \/>\n<meta property=\"og:title\" content=\"NASCE A PRIMEIRA CRIAN\u00c7A NO HOSPITAL MARIA AUXILIADORA CARVALHO TORRES, EM SOBRADINHO - Blog do Farn\u00e9sio\" \/>\n<meta property=\"og:description\" content=\"Nas primeiras horas de ontem (16), nasceu no Hospital Maria Auxiliadora Carvalho Torres, pesando\u00a03.900kg, o pequeno Ryan de Souza Rocha. O primeiro parto natural realizado na institui\u00e7\u00e3o de sa\u00fade, que teve sua primeira etapa inaugurada no \u00faltimo s\u00e1bado (11), foi comemorado com muita emo\u00e7\u00e3o e alegria por toda equipe do hospital. Ryan nasceu pelas m\u00e3os do m\u00e9dico Andr\u00e9, que foi assistido pela equipe de enfermeiros e chegou para completar a felicidade da\u00a0m\u00e3e, a jovem Rosiane de Sousa Santos. Emocionada, ela falou da comodidade de ter dado a luz em sua cidade, pr\u00f3ximo da fam\u00edlia. \u201cPra mim \u00e9 motivo de muita alegria. Fui muito bem tratada por todos.Ter meu filho em Sobradinho foi importante, pois estou mais perto de meus familiares,&hellip;\" \/>\n<meta property=\"og:url\" content=\"https:\/\/blogdofarnesio.com.br\/?p=206443\" \/>\n<meta property=\"og:site_name\" content=\"Blog do Farn\u00e9sio\" \/>\n<meta property=\"article:publisher\" content=\"https:\/\/www.facebook.com\/BlogQuerSaberPolitica\/\" \/>\n<meta property=\"article:published_time\" content=\"2018-08-17T14:30:20+00:00\" \/>\n<meta property=\"og:image\" content=\"https:\/\/blogdofarnesio.com.br\/wp-content\/uploads\/2018\/08\/blogqsp-primeira-crian\u00e7a-nasce-emsobradinho-ryan.jpg\" \/>\n\t<meta property=\"og:image:width\" content=\"640\" \/>\n\t<meta property=\"og:image:height\" content=\"360\" \/>\n\t<meta property=\"og:image:type\" content=\"image\/jpeg\" \/>\n<meta name=\"author\" content=\"Farn\u00e9sio\" \/>\n<meta name=\"twitter:card\" content=\"summary_large_image\" \/>\n<meta name=\"twitter:label1\" content=\"Escrito por\" \/>\n\t<meta name=\"twitter:data1\" content=\"Farn\u00e9sio\" \/>\n\t<meta name=\"twitter:label2\" content=\"Est. tempo de leitura\" \/>\n\t<meta name=\"twitter:data2\" content=\"2 minutos\" \/>\n<script type=\"application\/ld+json\" class=\"yoast-schema-graph\">{\"@context\":\"https:\\\/\\\/schema.org\",\"@graph\":[{\"@type\":\"Article\",\"@id\":\"https:\\\/\\\/blogdofarnesio.com.br\\\/?p=206443#article\",\"isPartOf\":{\"@id\":\"https:\\\/\\\/blogdofarnesio.com.br\\\/?p=206443\"},\"author\":{\"name\":\"Farn\u00e9sio\",\"@id\":\"https:\\\/\\\/blogdofarnesio.com.br\\\/#\\\/schema\\\/person\\\/301c4acf522bccbfdb45af95b5b906a1\"},\"headline\":\"NASCE A PRIMEIRA CRIAN\u00c7A NO HOSPITAL MARIA AUXILIADORA CARVALHO TORRES, EM SOBRADINHO\",\"datePublished\":\"2018-08-17T14:30:20+00:00\",\"mainEntityOfPage\":{\"@id\":\"https:\\\/\\\/blogdofarnesio.com.br\\\/?p=206443\"},\"wordCount\":316,\"publisher\":{\"@id\":\"https:\\\/\\\/blogdofarnesio.com.br\\\/#organization\"},\"image\":{\"@id\":\"https:\\\/\\\/blogdofarnesio.com.br\\\/?p=206443#primaryimage\"},\"thumbnailUrl\":\"https:\\\/\\\/blogdofarnesio.com.br\\\/wp-content\\\/uploads\\\/2018\\\/08\\\/blogqsp-primeira-crian\u00e7a-nasce-emsobradinho-ryan.jpg\",\"articleSection\":[\"Administra\u00e7\u00e3o\"],\"inLanguage\":\"pt-BR\"},{\"@type\":\"WebPage\",\"@id\":\"https:\\\/\\\/blogdofarnesio.com.br\\\/?p=206443\",\"url\":\"https:\\\/\\\/blogdofarnesio.com.br\\\/?p=206443\",\"name\":\"NASCE A PRIMEIRA CRIAN\u00c7A NO HOSPITAL MARIA AUXILIADORA CARVALHO TORRES, EM SOBRADINHO - Blog do Farn\u00e9sio\",\"isPartOf\":{\"@id\":\"https:\\\/\\\/blogdofarnesio.com.br\\\/#website\"},\"primaryImageOfPage\":{\"@id\":\"https:\\\/\\\/blogdofarnesio.com.br\\\/?p=206443#primaryimage\"},\"image\":{\"@id\":\"https:\\\/\\\/blogdofarnesio.com.br\\\/?p=206443#primaryimage\"},\"thumbnailUrl\":\"https:\\\/\\\/blogdofarnesio.com.br\\\/wp-content\\\/uploads\\\/2018\\\/08\\\/blogqsp-primeira-crian\u00e7a-nasce-emsobradinho-ryan.jpg\",\"datePublished\":\"2018-08-17T14:30:20+00:00\",\"breadcrumb\":{\"@id\":\"https:\\\/\\\/blogdofarnesio.com.br\\\/?p=206443#breadcrumb\"},\"inLanguage\":\"pt-BR\",\"potentialAction\":[{\"@type\":\"ReadAction\",\"target\":[\"https:\\\/\\\/blogdofarnesio.com.br\\\/?p=206443\"]}]},{\"@type\":\"ImageObject\",\"inLanguage\":\"pt-BR\",\"@id\":\"https:\\\/\\\/blogdofarnesio.com.br\\\/?p=206443#primaryimage\",\"url\":\"https:\\\/\\\/blogdofarnesio.com.br\\\/wp-content\\\/uploads\\\/2018\\\/08\\\/blogqsp-primeira-crian\u00e7a-nasce-emsobradinho-ryan.jpg\",\"contentUrl\":\"https:\\\/\\\/blogdofarnesio.com.br\\\/wp-content\\\/uploads\\\/2018\\\/08\\\/blogqsp-primeira-crian\u00e7a-nasce-emsobradinho-ryan.jpg\",\"width\":640,\"height\":360},{\"@type\":\"BreadcrumbList\",\"@id\":\"https:\\\/\\\/blogdofarnesio.com.br\\\/?p=206443#breadcrumb\",\"itemListElement\":[{\"@type\":\"ListItem\",\"position\":1,\"name\":\"In\u00edcio\",\"item\":\"https:\\\/\\\/blogdofarnesio.com.br\\\/\"},{\"@type\":\"ListItem\",\"position\":2,\"name\":\"NASCE A PRIMEIRA CRIAN\u00c7A NO HOSPITAL MARIA AUXILIADORA CARVALHO TORRES, EM SOBRADINHO\"}]},{\"@type\":\"WebSite\",\"@id\":\"https:\\\/\\\/blogdofarnesio.com.br\\\/#website\",\"url\":\"https:\\\/\\\/blogdofarnesio.com.br\\\/\",\"name\":\"Blog do Farn\u00e9sio\",\"description\":\"Quer Saber Pol\u00edtica?\",\"publisher\":{\"@id\":\"https:\\\/\\\/blogdofarnesio.com.br\\\/#organization\"},\"potentialAction\":[{\"@type\":\"SearchAction\",\"target\":{\"@type\":\"EntryPoint\",\"urlTemplate\":\"https:\\\/\\\/blogdofarnesio.com.br\\\/?s={search_term_string}\"},\"query-input\":{\"@type\":\"PropertyValueSpecification\",\"valueRequired\":true,\"valueName\":\"search_term_string\"}}],\"inLanguage\":\"pt-BR\"},{\"@type\":\"Organization\",\"@id\":\"https:\\\/\\\/blogdofarnesio.com.br\\\/#organization\",\"name\":\"Blog do Farn\u00e9sio\",\"url\":\"https:\\\/\\\/blogdofarnesio.com.br\\\/\",\"logo\":{\"@type\":\"ImageObject\",\"inLanguage\":\"pt-BR\",\"@id\":\"https:\\\/\\\/blogdofarnesio.com.br\\\/#\\\/schema\\\/logo\\\/image\\\/\",\"url\":\"https:\\\/\\\/blogdofarnesio.com.br\\\/wp-content\\\/uploads\\\/2026\\\/03\\\/cropped-logo_new-1.png\",\"contentUrl\":\"https:\\\/\\\/blogdofarnesio.com.br\\\/wp-content\\\/uploads\\\/2026\\\/03\\\/cropped-logo_new-1.png\",\"width\":881,\"height\":685,\"caption\":\"Blog do Farn\u00e9sio\"},\"image\":{\"@id\":\"https:\\\/\\\/blogdofarnesio.com.br\\\/#\\\/schema\\\/logo\\\/image\\\/\"},\"sameAs\":[\"https:\\\/\\\/www.facebook.com\\\/BlogQuerSaberPolitica\\\/\"]},{\"@type\":\"Person\",\"@id\":\"https:\\\/\\\/blogdofarnesio.com.br\\\/#\\\/schema\\\/person\\\/301c4acf522bccbfdb45af95b5b906a1\",\"name\":\"Farn\u00e9sio\",\"image\":{\"@type\":\"ImageObject\",\"inLanguage\":\"pt-BR\",\"@id\":\"https:\\\/\\\/secure.gravatar.com\\\/avatar\\\/df0c9a14567c056f8ad6876ba5bbd1e3e2c48023eb6807342fc4663adf549f38?s=96&d=mm&r=g\",\"url\":\"https:\\\/\\\/secure.gravatar.com\\\/avatar\\\/df0c9a14567c056f8ad6876ba5bbd1e3e2c48023eb6807342fc4663adf549f38?s=96&d=mm&r=g\",\"contentUrl\":\"https:\\\/\\\/secure.gravatar.com\\\/avatar\\\/df0c9a14567c056f8ad6876ba5bbd1e3e2c48023eb6807342fc4663adf549f38?s=96&d=mm&r=g\",\"caption\":\"Farn\u00e9sio\"},\"sameAs\":[\"https:\\\/\\\/quersaberpolitica.com.br\"],\"url\":\"https:\\\/\\\/blogdofarnesio.com.br\\\/?author=1\"}]}<\/script>\n<!-- \/ Yoast SEO plugin. -->","yoast_head_json":{"title":"NASCE A PRIMEIRA CRIAN\u00c7A NO HOSPITAL MARIA AUXILIADORA CARVALHO TORRES, EM SOBRADINHO - Blog do Farn\u00e9sio","robots":{"index":"index","follow":"follow","max-snippet":"max-snippet:-1","max-image-preview":"max-image-preview:large","max-video-preview":"max-video-preview:-1"},"canonical":"https:\/\/blogdofarnesio.com.br\/?p=206443","og_locale":"pt_BR","og_type":"article","og_title":"NASCE A PRIMEIRA CRIAN\u00c7A NO HOSPITAL MARIA AUXILIADORA CARVALHO TORRES, EM SOBRADINHO - Blog do Farn\u00e9sio","og_description":"Nas primeiras horas de ontem (16), nasceu no Hospital Maria Auxiliadora Carvalho Torres, pesando\u00a03.900kg, o pequeno Ryan de Souza Rocha. O primeiro parto natural realizado na institui\u00e7\u00e3o de sa\u00fade, que teve sua primeira etapa inaugurada no \u00faltimo s\u00e1bado (11), foi comemorado com muita emo\u00e7\u00e3o e alegria por toda equipe do hospital. Ryan nasceu pelas m\u00e3os do m\u00e9dico Andr\u00e9, que foi assistido pela equipe de enfermeiros e chegou para completar a felicidade da\u00a0m\u00e3e, a jovem Rosiane de Sousa Santos. Emocionada, ela falou da comodidade de ter dado a luz em sua cidade, pr\u00f3ximo da fam\u00edlia. \u201cPra mim \u00e9 motivo de muita alegria. Fui muito bem tratada por todos.Ter meu filho em Sobradinho foi importante, pois estou mais perto de meus familiares,&hellip;","og_url":"https:\/\/blogdofarnesio.com.br\/?p=206443","og_site_name":"Blog do Farn\u00e9sio","article_publisher":"https:\/\/www.facebook.com\/BlogQuerSaberPolitica\/","article_published_time":"2018-08-17T14:30:20+00:00","og_image":[{"width":640,"height":360,"url":"https:\/\/blogdofarnesio.com.br\/wp-content\/uploads\/2018\/08\/blogqsp-primeira-crian\u00e7a-nasce-emsobradinho-ryan.jpg","type":"image\/jpeg"}],"author":"Farn\u00e9sio","twitter_card":"summary_large_image","twitter_misc":{"Escrito por":"Farn\u00e9sio","Est. tempo de leitura":"2 minutos"},"schema":{"@context":"https:\/\/schema.org","@graph":[{"@type":"Article","@id":"https:\/\/blogdofarnesio.com.br\/?p=206443#article","isPartOf":{"@id":"https:\/\/blogdofarnesio.com.br\/?p=206443"},"author":{"name":"Farn\u00e9sio","@id":"https:\/\/blogdofarnesio.com.br\/#\/schema\/person\/301c4acf522bccbfdb45af95b5b906a1"},"headline":"NASCE A PRIMEIRA CRIAN\u00c7A NO HOSPITAL MARIA AUXILIADORA CARVALHO TORRES, EM SOBRADINHO","datePublished":"2018-08-17T14:30:20+00:00","mainEntityOfPage":{"@id":"https:\/\/blogdofarnesio.com.br\/?p=206443"},"wordCount":316,"publisher":{"@id":"https:\/\/blogdofarnesio.com.br\/#organization"},"image":{"@id":"https:\/\/blogdofarnesio.com.br\/?p=206443#primaryimage"},"thumbnailUrl":"https:\/\/blogdofarnesio.com.br\/wp-content\/uploads\/2018\/08\/blogqsp-primeira-crian\u00e7a-nasce-emsobradinho-ryan.jpg","articleSection":["Administra\u00e7\u00e3o"],"inLanguage":"pt-BR"},{"@type":"WebPage","@id":"https:\/\/blogdofarnesio.com.br\/?p=206443","url":"https:\/\/blogdofarnesio.com.br\/?p=206443","name":"NASCE A PRIMEIRA CRIAN\u00c7A NO HOSPITAL MARIA AUXILIADORA CARVALHO TORRES, EM SOBRADINHO - Blog do Farn\u00e9sio","isPartOf":{"@id":"https:\/\/blogdofarnesio.com.br\/#website"},"primaryImageOfPage":{"@id":"https:\/\/blogdofarnesio.com.br\/?p=206443#primaryimage"},"image":{"@id":"https:\/\/blogdofarnesio.com.br\/?p=206443#primaryimage"},"thumbnailUrl":"https:\/\/blogdofarnesio.com.br\/wp-content\/uploads\/2018\/08\/blogqsp-primeira-crian\u00e7a-nasce-emsobradinho-ryan.jpg","datePublished":"2018-08-17T14:30:20+00:00","breadcrumb":{"@id":"https:\/\/blogdofarnesio.com.br\/?p=206443#breadcrumb"},"inLanguage":"pt-BR","potentialAction":[{"@type":"ReadAction","target":["https:\/\/blogdofarnesio.com.br\/?p=206443"]}]},{"@type":"ImageObject","inLanguage":"pt-BR","@id":"https:\/\/blogdofarnesio.com.br\/?p=206443#primaryimage","url":"https:\/\/blogdofarnesio.com.br\/wp-content\/uploads\/2018\/08\/blogqsp-primeira-crian\u00e7a-nasce-emsobradinho-ryan.jpg","contentUrl":"https:\/\/blogdofarnesio.com.br\/wp-content\/uploads\/2018\/08\/blogqsp-primeira-crian\u00e7a-nasce-emsobradinho-ryan.jpg","width":640,"height":360},{"@type":"BreadcrumbList","@id":"https:\/\/blogdofarnesio.com.br\/?p=206443#breadcrumb","itemListElement":[{"@type":"ListItem","position":1,"name":"In\u00edcio","item":"https:\/\/blogdofarnesio.com.br\/"},{"@type":"ListItem","position":2,"name":"NASCE A PRIMEIRA CRIAN\u00c7A NO HOSPITAL MARIA AUXILIADORA CARVALHO TORRES, EM SOBRADINHO"}]},{"@type":"WebSite","@id":"https:\/\/blogdofarnesio.com.br\/#website","url":"https:\/\/blogdofarnesio.com.br\/","name":"Blog do Farn\u00e9sio","description":"Quer Saber Pol\u00edtica?","publisher":{"@id":"https:\/\/blogdofarnesio.com.br\/#organization"},"potentialAction":[{"@type":"SearchAction","target":{"@type":"EntryPoint","urlTemplate":"https:\/\/blogdofarnesio.com.br\/?s={search_term_string}"},"query-input":{"@type":"PropertyValueSpecification","valueRequired":true,"valueName":"search_term_string"}}],"inLanguage":"pt-BR"},{"@type":"Organization","@id":"https:\/\/blogdofarnesio.com.br\/#organization","name":"Blog do Farn\u00e9sio","url":"https:\/\/blogdofarnesio.com.br\/","logo":{"@type":"ImageObject","inLanguage":"pt-BR","@id":"https:\/\/blogdofarnesio.com.br\/#\/schema\/logo\/image\/","url":"https:\/\/blogdofarnesio.com.br\/wp-content\/uploads\/2026\/03\/cropped-logo_new-1.png","contentUrl":"https:\/\/blogdofarnesio.com.br\/wp-content\/uploads\/2026\/03\/cropped-logo_new-1.png","width":881,"height":685,"caption":"Blog do Farn\u00e9sio"},"image":{"@id":"https:\/\/blogdofarnesio.com.br\/#\/schema\/logo\/image\/"},"sameAs":["https:\/\/www.facebook.com\/BlogQuerSaberPolitica\/"]},{"@type":"Person","@id":"https:\/\/blogdofarnesio.com.br\/#\/schema\/person\/301c4acf522bccbfdb45af95b5b906a1","name":"Farn\u00e9sio","image":{"@type":"ImageObject","inLanguage":"pt-BR","@id":"https:\/\/secure.gravatar.com\/avatar\/df0c9a14567c056f8ad6876ba5bbd1e3e2c48023eb6807342fc4663adf549f38?s=96&d=mm&r=g","url":"https:\/\/secure.gravatar.com\/avatar\/df0c9a14567c056f8ad6876ba5bbd1e3e2c48023eb6807342fc4663adf549f38?s=96&d=mm&r=g","contentUrl":"https:\/\/secure.gravatar.com\/avatar\/df0c9a14567c056f8ad6876ba5bbd1e3e2c48023eb6807342fc4663adf549f38?s=96&d=mm&r=g","caption":"Farn\u00e9sio"},"sameAs":["https:\/\/quersaberpolitica.com.br"],"url":"https:\/\/blogdofarnesio.com.br\/?author=1"}]}},"_links":{"self":[{"href":"https:\/\/blogdofarnesio.com.br\/index.php?rest_route=\/wp\/v2\/posts\/206443","targetHints":{"allow":["GET"]}}],"collection":[{"href":"https:\/\/blogdofarnesio.com.br\/index.php?rest_route=\/wp\/v2\/posts"}],"about":[{"href":"https:\/\/blogdofarnesio.com.br\/index.php?rest_route=\/wp\/v2\/types\/post"}],"author":[{"embeddable":true,"href":"https:\/\/blogdofarnesio.com.br\/index.php?rest_route=\/wp\/v2\/users\/1"}],"replies":[{"embeddable":true,"href":"https:\/\/blogdofarnesio.com.br\/index.php?rest_route=%2Fwp%2Fv2%2Fcomments&post=206443"}],"version-history":[{"count":0,"href":"https:\/\/blogdofarnesio.com.br\/index.php?rest_route=\/wp\/v2\/posts\/206443\/revisions"}],"wp:featuredmedia":[{"embeddable":true,"href":"https:\/\/blogdofarnesio.com.br\/index.php?rest_route=\/wp\/v2\/media\/206444"}],"wp:attachment":[{"href":"https:\/\/blogdofarnesio.com.br\/index.php?rest_route=%2Fwp%2Fv2%2Fmedia&parent=206443"}],"wp:term":[{"taxonomy":"category","embeddable":true,"href":"https:\/\/blogdofarnesio.com.br\/index.php?rest_route=%2Fwp%2Fv2%2Fcategories&post=206443"},{"taxonomy":"post_tag","embeddable":true,"href":"https:\/\/blogdofarnesio.com.br\/index.php?rest_route=%2Fwp%2Fv2%2Ftags&post=206443"}],"curies":[{"name":"wp","href":"https:\/\/api.w.org\/{rel}","templated":true}]}}