{"id":206417,"date":"2018-08-17T10:02:31","date_gmt":"2018-08-17T13:02:31","guid":{"rendered":"http:\/\/quersaberpolitica.com.br\/2016\/?p=206417"},"modified":"2018-08-16T19:42:40","modified_gmt":"2018-08-16T22:42:40","slug":"eleicoes-2018-mg-ficha-suja-nao-pode-senhora","status":"publish","type":"post","link":"https:\/\/blogdofarnesio.com.br\/?p=206417","title":{"rendered":"ELEI\u00c7\u00d5ES 2018-MG: FICHA SUJA N\u00c3O PODE SENHORA"},"content":{"rendered":"<div id=\"Header_wrapper\">\n<div id=\"Subheader\">\n<div class=\"container\">\n<div class=\"column one\">\n<h1 class=\"title\">Candidatura de Dilma \u00e9 contestada no TRE de Minas Gerais<\/h1>\n<\/div>\n<\/div>\n<\/div>\n<\/div>\n<div id=\"Content\">\n<div class=\"content_wrapper clearfix\">\n<div class=\"sections_group\">\n<div id=\"post-95787\" class=\"post-95787 post type-post status-publish format-standard has-post-thumbnail hentry category-brasil-e-regioes category-destaques-home category-destaques-justica category-minas-gerais category-politica tag-candidata-ao-senado tag-crime-de-responsabilidade tag-dilma-rousseff tag-impeachment tag-inelegibilidade tag-minas-gerais tag-tre\">\n<div class=\"section section-post-header\">\n<div class=\"section_wrapper clearfix\">\n<div class=\"column one single-photo-wrapper image\">\n<div class=\"image_frame scale-with-grid disabled\">\n<p class=\"wp-caption-text \">Ela foi oficializada na conven\u00e7\u00e3o do PT-MG, partido que tamb\u00e9m lan\u00e7ou um presidi\u00e1rio para presidente. (Foto: Douglas Magno\/O Tempo\/Folhapress)<\/p>\n<\/div>\n<\/div>\n<\/div>\n<\/div>\n<div class=\"post-wrapper-content\">\n<div class=\"section the_content has_content\">\n<div class=\"section_wrapper\">\n<div class=\"the_content_wrapper\">\n<p>Logo ap\u00f3s o PT de Minas Gerais registrar a candidatura da ex-presidente Dilma Rousseff ao Senado, nesta quarta (15), um advogado contestou o procedimento no Tribunal Regional Eleitoral de Minas (TRE\/MG).<\/p>\n<p>No documento, ele alega que a Constitui\u00e7\u00e3o prev\u00ea que um presidente da Rep\u00fablica condenado por crime de responsabilidade pelo Senado deve ficar inabilitado para qualquer cargo p\u00fablico por oito anos.<\/p>\n<div class=\"the_content_wrapper_noticias_relacionadas\">\n<div class=\"section-related-ul\"><\/div>\n<\/div>\n<p>\u201cPortanto, em 31 de agosto de 2016 o Senado deu um entendimento totalmente diverso do constituinte origin\u00e1rio ao votar o fatiamento da pena da Dilma para n\u00e3o deix\u00e1-la ineleg\u00edvel. Mas agora cabe ao ju\u00edzo eleitoral finalmente declarar a inelegibilidade da Dilma\u201d, disse o autor da contesta\u00e7\u00e3o, Mariel Marley Marra.<\/p>\n<p>Ele \u00e9 o mesmo que, anteriormente, havia protocolado pedido de impeachment do presidente Michel Temer (MDB) e tamb\u00e9m do governador de Minas Gerais, Fernando Pimentel (PT). A a\u00e7\u00e3o contra Pimentel chegou tramitar na Assembleia Legislativa mineira, mas foi suspensa.<\/p>\n<p><strong>Folhapress<\/strong><\/p>\n<\/div>\n<\/div>\n<\/div>\n<\/div>\n<\/div>\n<\/div>\n<\/div>\n<\/div>\n","protected":false},"excerpt":{"rendered":"<p>Candidatura de Dilma \u00e9 contestada no TRE de Minas Gerais Ela foi oficializada na conven\u00e7\u00e3o do PT-MG, partido que tamb\u00e9m lan\u00e7ou um presidi\u00e1rio para presidente. (Foto: Douglas Magno\/O Tempo\/Folhapress) Logo ap\u00f3s o PT de Minas Gerais registrar a candidatura da ex-presidente Dilma Rousseff ao Senado, nesta quarta (15), um advogado contestou o procedimento no Tribunal Regional Eleitoral de Minas (TRE\/MG). No documento, ele alega que a Constitui\u00e7\u00e3o prev\u00ea que um presidente da Rep\u00fablica condenado por crime de responsabilidade pelo Senado deve ficar inabilitado para qualquer cargo p\u00fablico por oito anos. \u201cPortanto, em 31 de agosto de 2016 o Senado deu um entendimento totalmente diverso do constituinte origin\u00e1rio ao votar o fatiamento da pena da Dilma para n\u00e3o deix\u00e1-la ineleg\u00edvel. Mas&hellip; <\/p>\n","protected":false},"author":1,"featured_media":199438,"comment_status":"closed","ping_status":"closed","sticky":false,"template":"","format":"standard","meta":{"_acf_changed":false,"footnotes":""},"categories":[34],"tags":[],"class_list":["post-206417","post","type-post","status-publish","format-standard","has-post-thumbnail","hentry","category-eleicoes"],"acf":[],"yoast_head":"<!-- This site is optimized with the Yoast SEO plugin v27.4 - https:\/\/yoast.com\/product\/yoast-seo-wordpress\/ -->\n<title>ELEI\u00c7\u00d5ES 2018-MG: FICHA SUJA N\u00c3O PODE SENHORA - Blog do Farn\u00e9sio<\/title>\n<meta name=\"robots\" content=\"index, follow, max-snippet:-1, max-image-preview:large, max-video-preview:-1\" \/>\n<link rel=\"canonical\" href=\"https:\/\/blogdofarnesio.com.br\/?p=206417\" \/>\n<meta property=\"og:locale\" content=\"pt_BR\" \/>\n<meta property=\"og:type\" content=\"article\" \/>\n<meta property=\"og:title\" content=\"ELEI\u00c7\u00d5ES 2018-MG: FICHA SUJA N\u00c3O PODE SENHORA - Blog do Farn\u00e9sio\" \/>\n<meta property=\"og:description\" content=\"Candidatura de Dilma \u00e9 contestada no TRE de Minas Gerais Ela foi oficializada na conven\u00e7\u00e3o do PT-MG, partido que tamb\u00e9m lan\u00e7ou um presidi\u00e1rio para presidente. (Foto: Douglas Magno\/O Tempo\/Folhapress) Logo ap\u00f3s o PT de Minas Gerais registrar a candidatura da ex-presidente Dilma Rousseff ao Senado, nesta quarta (15), um advogado contestou o procedimento no Tribunal Regional Eleitoral de Minas (TRE\/MG). No documento, ele alega que a Constitui\u00e7\u00e3o prev\u00ea que um presidente da Rep\u00fablica condenado por crime de responsabilidade pelo Senado deve ficar inabilitado para qualquer cargo p\u00fablico por oito anos. \u201cPortanto, em 31 de agosto de 2016 o Senado deu um entendimento totalmente diverso do constituinte origin\u00e1rio ao votar o fatiamento da pena da Dilma para n\u00e3o deix\u00e1-la ineleg\u00edvel. Mas&hellip;\" \/>\n<meta property=\"og:url\" content=\"https:\/\/blogdofarnesio.com.br\/?p=206417\" \/>\n<meta property=\"og:site_name\" content=\"Blog do Farn\u00e9sio\" \/>\n<meta property=\"article:publisher\" content=\"https:\/\/www.facebook.com\/BlogQuerSaberPolitica\/\" \/>\n<meta property=\"article:published_time\" content=\"2018-08-17T13:02:31+00:00\" \/>\n<meta property=\"og:image\" content=\"https:\/\/blogdofarnesio.com.br\/wp-content\/uploads\/2018\/05\/blogqsp-dilma-e1534459316447.jpg\" \/>\n\t<meta property=\"og:image:width\" content=\"690\" \/>\n\t<meta property=\"og:image:height\" content=\"388\" \/>\n\t<meta property=\"og:image:type\" content=\"image\/jpeg\" \/>\n<meta name=\"author\" content=\"Farn\u00e9sio\" \/>\n<meta name=\"twitter:card\" content=\"summary_large_image\" \/>\n<meta name=\"twitter:label1\" content=\"Escrito por\" \/>\n\t<meta name=\"twitter:data1\" content=\"Farn\u00e9sio\" \/>\n\t<meta name=\"twitter:label2\" content=\"Est. tempo de leitura\" \/>\n\t<meta name=\"twitter:data2\" content=\"1 minuto\" \/>\n<script type=\"application\/ld+json\" class=\"yoast-schema-graph\">{\"@context\":\"https:\\\/\\\/schema.org\",\"@graph\":[{\"@type\":\"Article\",\"@id\":\"https:\\\/\\\/blogdofarnesio.com.br\\\/?p=206417#article\",\"isPartOf\":{\"@id\":\"https:\\\/\\\/blogdofarnesio.com.br\\\/?p=206417\"},\"author\":{\"name\":\"Farn\u00e9sio\",\"@id\":\"https:\\\/\\\/blogdofarnesio.com.br\\\/#\\\/schema\\\/person\\\/301c4acf522bccbfdb45af95b5b906a1\"},\"headline\":\"ELEI\u00c7\u00d5ES 2018-MG: FICHA SUJA N\u00c3O PODE SENHORA\",\"datePublished\":\"2018-08-17T13:02:31+00:00\",\"mainEntityOfPage\":{\"@id\":\"https:\\\/\\\/blogdofarnesio.com.br\\\/?p=206417\"},\"wordCount\":202,\"publisher\":{\"@id\":\"https:\\\/\\\/blogdofarnesio.com.br\\\/#organization\"},\"image\":{\"@id\":\"https:\\\/\\\/blogdofarnesio.com.br\\\/?p=206417#primaryimage\"},\"thumbnailUrl\":\"https:\\\/\\\/blogdofarnesio.com.br\\\/wp-content\\\/uploads\\\/2018\\\/05\\\/blogqsp-dilma-e1534459316447.jpg\",\"articleSection\":[\"Elei\u00e7\u00f5es\"],\"inLanguage\":\"pt-BR\"},{\"@type\":\"WebPage\",\"@id\":\"https:\\\/\\\/blogdofarnesio.com.br\\\/?p=206417\",\"url\":\"https:\\\/\\\/blogdofarnesio.com.br\\\/?p=206417\",\"name\":\"ELEI\u00c7\u00d5ES 2018-MG: FICHA SUJA N\u00c3O PODE SENHORA - Blog do Farn\u00e9sio\",\"isPartOf\":{\"@id\":\"https:\\\/\\\/blogdofarnesio.com.br\\\/#website\"},\"primaryImageOfPage\":{\"@id\":\"https:\\\/\\\/blogdofarnesio.com.br\\\/?p=206417#primaryimage\"},\"image\":{\"@id\":\"https:\\\/\\\/blogdofarnesio.com.br\\\/?p=206417#primaryimage\"},\"thumbnailUrl\":\"https:\\\/\\\/blogdofarnesio.com.br\\\/wp-content\\\/uploads\\\/2018\\\/05\\\/blogqsp-dilma-e1534459316447.jpg\",\"datePublished\":\"2018-08-17T13:02:31+00:00\",\"breadcrumb\":{\"@id\":\"https:\\\/\\\/blogdofarnesio.com.br\\\/?p=206417#breadcrumb\"},\"inLanguage\":\"pt-BR\",\"potentialAction\":[{\"@type\":\"ReadAction\",\"target\":[\"https:\\\/\\\/blogdofarnesio.com.br\\\/?p=206417\"]}]},{\"@type\":\"ImageObject\",\"inLanguage\":\"pt-BR\",\"@id\":\"https:\\\/\\\/blogdofarnesio.com.br\\\/?p=206417#primaryimage\",\"url\":\"https:\\\/\\\/blogdofarnesio.com.br\\\/wp-content\\\/uploads\\\/2018\\\/05\\\/blogqsp-dilma-e1534459316447.jpg\",\"contentUrl\":\"https:\\\/\\\/blogdofarnesio.com.br\\\/wp-content\\\/uploads\\\/2018\\\/05\\\/blogqsp-dilma-e1534459316447.jpg\",\"width\":690,\"height\":388},{\"@type\":\"BreadcrumbList\",\"@id\":\"https:\\\/\\\/blogdofarnesio.com.br\\\/?p=206417#breadcrumb\",\"itemListElement\":[{\"@type\":\"ListItem\",\"position\":1,\"name\":\"In\u00edcio\",\"item\":\"https:\\\/\\\/blogdofarnesio.com.br\\\/\"},{\"@type\":\"ListItem\",\"position\":2,\"name\":\"ELEI\u00c7\u00d5ES 2018-MG: FICHA SUJA N\u00c3O PODE SENHORA\"}]},{\"@type\":\"WebSite\",\"@id\":\"https:\\\/\\\/blogdofarnesio.com.br\\\/#website\",\"url\":\"https:\\\/\\\/blogdofarnesio.com.br\\\/\",\"name\":\"Blog do Farn\u00e9sio\",\"description\":\"Quer Saber Pol\u00edtica?\",\"publisher\":{\"@id\":\"https:\\\/\\\/blogdofarnesio.com.br\\\/#organization\"},\"potentialAction\":[{\"@type\":\"SearchAction\",\"target\":{\"@type\":\"EntryPoint\",\"urlTemplate\":\"https:\\\/\\\/blogdofarnesio.com.br\\\/?s={search_term_string}\"},\"query-input\":{\"@type\":\"PropertyValueSpecification\",\"valueRequired\":true,\"valueName\":\"search_term_string\"}}],\"inLanguage\":\"pt-BR\"},{\"@type\":\"Organization\",\"@id\":\"https:\\\/\\\/blogdofarnesio.com.br\\\/#organization\",\"name\":\"Blog do Farn\u00e9sio\",\"url\":\"https:\\\/\\\/blogdofarnesio.com.br\\\/\",\"logo\":{\"@type\":\"ImageObject\",\"inLanguage\":\"pt-BR\",\"@id\":\"https:\\\/\\\/blogdofarnesio.com.br\\\/#\\\/schema\\\/logo\\\/image\\\/\",\"url\":\"https:\\\/\\\/blogdofarnesio.com.br\\\/wp-content\\\/uploads\\\/2026\\\/03\\\/cropped-logo_new-1.png\",\"contentUrl\":\"https:\\\/\\\/blogdofarnesio.com.br\\\/wp-content\\\/uploads\\\/2026\\\/03\\\/cropped-logo_new-1.png\",\"width\":881,\"height\":685,\"caption\":\"Blog do Farn\u00e9sio\"},\"image\":{\"@id\":\"https:\\\/\\\/blogdofarnesio.com.br\\\/#\\\/schema\\\/logo\\\/image\\\/\"},\"sameAs\":[\"https:\\\/\\\/www.facebook.com\\\/BlogQuerSaberPolitica\\\/\"]},{\"@type\":\"Person\",\"@id\":\"https:\\\/\\\/blogdofarnesio.com.br\\\/#\\\/schema\\\/person\\\/301c4acf522bccbfdb45af95b5b906a1\",\"name\":\"Farn\u00e9sio\",\"image\":{\"@type\":\"ImageObject\",\"inLanguage\":\"pt-BR\",\"@id\":\"https:\\\/\\\/secure.gravatar.com\\\/avatar\\\/df0c9a14567c056f8ad6876ba5bbd1e3e2c48023eb6807342fc4663adf549f38?s=96&d=mm&r=g\",\"url\":\"https:\\\/\\\/secure.gravatar.com\\\/avatar\\\/df0c9a14567c056f8ad6876ba5bbd1e3e2c48023eb6807342fc4663adf549f38?s=96&d=mm&r=g\",\"contentUrl\":\"https:\\\/\\\/secure.gravatar.com\\\/avatar\\\/df0c9a14567c056f8ad6876ba5bbd1e3e2c48023eb6807342fc4663adf549f38?s=96&d=mm&r=g\",\"caption\":\"Farn\u00e9sio\"},\"sameAs\":[\"https:\\\/\\\/quersaberpolitica.com.br\"],\"url\":\"https:\\\/\\\/blogdofarnesio.com.br\\\/?author=1\"}]}<\/script>\n<!-- \/ Yoast SEO plugin. -->","yoast_head_json":{"title":"ELEI\u00c7\u00d5ES 2018-MG: FICHA SUJA N\u00c3O PODE SENHORA - Blog do Farn\u00e9sio","robots":{"index":"index","follow":"follow","max-snippet":"max-snippet:-1","max-image-preview":"max-image-preview:large","max-video-preview":"max-video-preview:-1"},"canonical":"https:\/\/blogdofarnesio.com.br\/?p=206417","og_locale":"pt_BR","og_type":"article","og_title":"ELEI\u00c7\u00d5ES 2018-MG: FICHA SUJA N\u00c3O PODE SENHORA - Blog do Farn\u00e9sio","og_description":"Candidatura de Dilma \u00e9 contestada no TRE de Minas Gerais Ela foi oficializada na conven\u00e7\u00e3o do PT-MG, partido que tamb\u00e9m lan\u00e7ou um presidi\u00e1rio para presidente. (Foto: Douglas Magno\/O Tempo\/Folhapress) Logo ap\u00f3s o PT de Minas Gerais registrar a candidatura da ex-presidente Dilma Rousseff ao Senado, nesta quarta (15), um advogado contestou o procedimento no Tribunal Regional Eleitoral de Minas (TRE\/MG). No documento, ele alega que a Constitui\u00e7\u00e3o prev\u00ea que um presidente da Rep\u00fablica condenado por crime de responsabilidade pelo Senado deve ficar inabilitado para qualquer cargo p\u00fablico por oito anos. \u201cPortanto, em 31 de agosto de 2016 o Senado deu um entendimento totalmente diverso do constituinte origin\u00e1rio ao votar o fatiamento da pena da Dilma para n\u00e3o deix\u00e1-la ineleg\u00edvel. Mas&hellip;","og_url":"https:\/\/blogdofarnesio.com.br\/?p=206417","og_site_name":"Blog do Farn\u00e9sio","article_publisher":"https:\/\/www.facebook.com\/BlogQuerSaberPolitica\/","article_published_time":"2018-08-17T13:02:31+00:00","og_image":[{"width":690,"height":388,"url":"https:\/\/blogdofarnesio.com.br\/wp-content\/uploads\/2018\/05\/blogqsp-dilma-e1534459316447.jpg","type":"image\/jpeg"}],"author":"Farn\u00e9sio","twitter_card":"summary_large_image","twitter_misc":{"Escrito por":"Farn\u00e9sio","Est. tempo de leitura":"1 minuto"},"schema":{"@context":"https:\/\/schema.org","@graph":[{"@type":"Article","@id":"https:\/\/blogdofarnesio.com.br\/?p=206417#article","isPartOf":{"@id":"https:\/\/blogdofarnesio.com.br\/?p=206417"},"author":{"name":"Farn\u00e9sio","@id":"https:\/\/blogdofarnesio.com.br\/#\/schema\/person\/301c4acf522bccbfdb45af95b5b906a1"},"headline":"ELEI\u00c7\u00d5ES 2018-MG: FICHA SUJA N\u00c3O PODE SENHORA","datePublished":"2018-08-17T13:02:31+00:00","mainEntityOfPage":{"@id":"https:\/\/blogdofarnesio.com.br\/?p=206417"},"wordCount":202,"publisher":{"@id":"https:\/\/blogdofarnesio.com.br\/#organization"},"image":{"@id":"https:\/\/blogdofarnesio.com.br\/?p=206417#primaryimage"},"thumbnailUrl":"https:\/\/blogdofarnesio.com.br\/wp-content\/uploads\/2018\/05\/blogqsp-dilma-e1534459316447.jpg","articleSection":["Elei\u00e7\u00f5es"],"inLanguage":"pt-BR"},{"@type":"WebPage","@id":"https:\/\/blogdofarnesio.com.br\/?p=206417","url":"https:\/\/blogdofarnesio.com.br\/?p=206417","name":"ELEI\u00c7\u00d5ES 2018-MG: FICHA SUJA N\u00c3O PODE SENHORA - Blog do Farn\u00e9sio","isPartOf":{"@id":"https:\/\/blogdofarnesio.com.br\/#website"},"primaryImageOfPage":{"@id":"https:\/\/blogdofarnesio.com.br\/?p=206417#primaryimage"},"image":{"@id":"https:\/\/blogdofarnesio.com.br\/?p=206417#primaryimage"},"thumbnailUrl":"https:\/\/blogdofarnesio.com.br\/wp-content\/uploads\/2018\/05\/blogqsp-dilma-e1534459316447.jpg","datePublished":"2018-08-17T13:02:31+00:00","breadcrumb":{"@id":"https:\/\/blogdofarnesio.com.br\/?p=206417#breadcrumb"},"inLanguage":"pt-BR","potentialAction":[{"@type":"ReadAction","target":["https:\/\/blogdofarnesio.com.br\/?p=206417"]}]},{"@type":"ImageObject","inLanguage":"pt-BR","@id":"https:\/\/blogdofarnesio.com.br\/?p=206417#primaryimage","url":"https:\/\/blogdofarnesio.com.br\/wp-content\/uploads\/2018\/05\/blogqsp-dilma-e1534459316447.jpg","contentUrl":"https:\/\/blogdofarnesio.com.br\/wp-content\/uploads\/2018\/05\/blogqsp-dilma-e1534459316447.jpg","width":690,"height":388},{"@type":"BreadcrumbList","@id":"https:\/\/blogdofarnesio.com.br\/?p=206417#breadcrumb","itemListElement":[{"@type":"ListItem","position":1,"name":"In\u00edcio","item":"https:\/\/blogdofarnesio.com.br\/"},{"@type":"ListItem","position":2,"name":"ELEI\u00c7\u00d5ES 2018-MG: FICHA SUJA N\u00c3O PODE SENHORA"}]},{"@type":"WebSite","@id":"https:\/\/blogdofarnesio.com.br\/#website","url":"https:\/\/blogdofarnesio.com.br\/","name":"Blog do Farn\u00e9sio","description":"Quer Saber Pol\u00edtica?","publisher":{"@id":"https:\/\/blogdofarnesio.com.br\/#organization"},"potentialAction":[{"@type":"SearchAction","target":{"@type":"EntryPoint","urlTemplate":"https:\/\/blogdofarnesio.com.br\/?s={search_term_string}"},"query-input":{"@type":"PropertyValueSpecification","valueRequired":true,"valueName":"search_term_string"}}],"inLanguage":"pt-BR"},{"@type":"Organization","@id":"https:\/\/blogdofarnesio.com.br\/#organization","name":"Blog do Farn\u00e9sio","url":"https:\/\/blogdofarnesio.com.br\/","logo":{"@type":"ImageObject","inLanguage":"pt-BR","@id":"https:\/\/blogdofarnesio.com.br\/#\/schema\/logo\/image\/","url":"https:\/\/blogdofarnesio.com.br\/wp-content\/uploads\/2026\/03\/cropped-logo_new-1.png","contentUrl":"https:\/\/blogdofarnesio.com.br\/wp-content\/uploads\/2026\/03\/cropped-logo_new-1.png","width":881,"height":685,"caption":"Blog do Farn\u00e9sio"},"image":{"@id":"https:\/\/blogdofarnesio.com.br\/#\/schema\/logo\/image\/"},"sameAs":["https:\/\/www.facebook.com\/BlogQuerSaberPolitica\/"]},{"@type":"Person","@id":"https:\/\/blogdofarnesio.com.br\/#\/schema\/person\/301c4acf522bccbfdb45af95b5b906a1","name":"Farn\u00e9sio","image":{"@type":"ImageObject","inLanguage":"pt-BR","@id":"https:\/\/secure.gravatar.com\/avatar\/df0c9a14567c056f8ad6876ba5bbd1e3e2c48023eb6807342fc4663adf549f38?s=96&d=mm&r=g","url":"https:\/\/secure.gravatar.com\/avatar\/df0c9a14567c056f8ad6876ba5bbd1e3e2c48023eb6807342fc4663adf549f38?s=96&d=mm&r=g","contentUrl":"https:\/\/secure.gravatar.com\/avatar\/df0c9a14567c056f8ad6876ba5bbd1e3e2c48023eb6807342fc4663adf549f38?s=96&d=mm&r=g","caption":"Farn\u00e9sio"},"sameAs":["https:\/\/quersaberpolitica.com.br"],"url":"https:\/\/blogdofarnesio.com.br\/?author=1"}]}},"_links":{"self":[{"href":"https:\/\/blogdofarnesio.com.br\/index.php?rest_route=\/wp\/v2\/posts\/206417","targetHints":{"allow":["GET"]}}],"collection":[{"href":"https:\/\/blogdofarnesio.com.br\/index.php?rest_route=\/wp\/v2\/posts"}],"about":[{"href":"https:\/\/blogdofarnesio.com.br\/index.php?rest_route=\/wp\/v2\/types\/post"}],"author":[{"embeddable":true,"href":"https:\/\/blogdofarnesio.com.br\/index.php?rest_route=\/wp\/v2\/users\/1"}],"replies":[{"embeddable":true,"href":"https:\/\/blogdofarnesio.com.br\/index.php?rest_route=%2Fwp%2Fv2%2Fcomments&post=206417"}],"version-history":[{"count":0,"href":"https:\/\/blogdofarnesio.com.br\/index.php?rest_route=\/wp\/v2\/posts\/206417\/revisions"}],"wp:featuredmedia":[{"embeddable":true,"href":"https:\/\/blogdofarnesio.com.br\/index.php?rest_route=\/wp\/v2\/media\/199438"}],"wp:attachment":[{"href":"https:\/\/blogdofarnesio.com.br\/index.php?rest_route=%2Fwp%2Fv2%2Fmedia&parent=206417"}],"wp:term":[{"taxonomy":"category","embeddable":true,"href":"https:\/\/blogdofarnesio.com.br\/index.php?rest_route=%2Fwp%2Fv2%2Fcategories&post=206417"},{"taxonomy":"post_tag","embeddable":true,"href":"https:\/\/blogdofarnesio.com.br\/index.php?rest_route=%2Fwp%2Fv2%2Ftags&post=206417"}],"curies":[{"name":"wp","href":"https:\/\/api.w.org\/{rel}","templated":true}]}}