{"id":206389,"date":"2018-08-17T09:41:16","date_gmt":"2018-08-17T12:41:16","guid":{"rendered":"http:\/\/quersaberpolitica.com.br\/2016\/?p=206389"},"modified":"2018-08-16T20:00:12","modified_gmt":"2018-08-16T23:00:12","slug":"amanha-sera-o-dia-d-em-juazeiro-de-vacinacao-contra-sarampo-e-poliomielite","status":"publish","type":"post","link":"https:\/\/blogdofarnesio.com.br\/?p=206389","title":{"rendered":"AMANH\u00c3 EM JUAZEIRO E PETROLINA, SER\u00c1 O DIA &#8216;D&#8217; DA VACINA\u00c7\u00c3O  CONTRA SARAMPO  E POLIOMIELITE"},"content":{"rendered":"<p style=\"text-align: justify;\">Neste s\u00e1bado, 18 de agosto, acontece o dia \u2018D\u2019 da Campanha Nacional de Vacina\u00e7\u00e3o contra Poliomielite e Sarampo. A Secretaria da Sa\u00fade de Juazeiro e Petrolina, seguindo\u00a0a determina\u00e7\u00e3o\u00a0 do\u00a0 Minist\u00e9rio\u00a0 da Sa\u00fade realizam neste dia\u00a0vacina\u00e7\u00e3o em todas as Unidades B\u00e1sicas de Sa\u00fade do munic\u00edpio entre sede e interior. Os pais podem levar os seus filhos para vacinar nas UBS&#8217;s\u00a0 mais pr\u00f3ximas\u00a0 de suas resid\u00eancias das 08h \u00e0s 130h. A vacina est\u00e1\u00a0 dispon\u00edvel para crian\u00e7as com idade entre\u00a0 um ano e quatro anos, 11 meses e 29 dias.<\/p>\n<p style=\"text-align: justify;\">De acordo com o Minist\u00e9rio da Sa\u00fade 11,2 milh\u00f5es de crian\u00e7as devem ser imunizadas e a meta \u00e9 vacinar pelo menos 95% do p\u00fablico alvo. Em Juazeiro a meta da campanha \u00e9 de 14.745 crian\u00e7as, sendo que 1.953 j\u00e1 foram vacinadas com cobertura de 13.24%. \u201cJ\u00e1 recebemos 16.100 doses da vacina VOP (contra a poliomielite) e 8.400 da Tr\u00edplice Viral que protege\u00a0 contra tr\u00eas\u00a0 v\u00edrus\u00a0 (caxumba, rub\u00e9ola e sarampo). As a\u00e7\u00f5es para intensifica\u00e7\u00e3o s\u00e3o as buscas ativas nas comunidades e a mobiliza\u00e7\u00e3o do dia \u2018D\u2019, que acontece no pr\u00f3ximo dia 18 de agosto, com abertura das unidades de sa\u00fade de todo munic\u00edpio\u201d, esclarece o superintendente da Aten\u00e7\u00e3o B\u00e1sica do munic\u00edpio, Gilberto Lib\u00f3rio de Souza.<\/p>\n<p style=\"text-align: justify;\">A superintendente de Vigil\u00e2ncia em Sa\u00fade Tatiane Malta, ressalta. \u201cA popula\u00e7\u00e3o deve aproveitar o dia D para vacinar as crian\u00e7as. O sarampo \u00e9 uma doen\u00e7a contagiosa que pode ser transmitida atrav\u00e9s da fala, tosse e do espirro. J\u00e1 existem\u00a0 casos comprovados\u00a0 de sarampo no\u00a0 Amazonas\u00a0 e Roraima e estas cidades\u00a0 passam por uma epidemia. N\u00e3o h\u00e1 registro de poliomielite, mas \u00e9 importante vacinar como medida preventiva. Mesmo com a caderneta\u00a0 de vacina\u00e7\u00e3o\u00a0 em\u00a0 dia,\u00a0 solicitamos\u00a0 aos pais e respons\u00e1veis\u00a0 que levem as crian\u00e7as\u00a0na faixa\u00a0et\u00e1ria\u00a0preconizada at\u00e9\u00a0uma unidade de sa\u00fade\u00a0para que esta\u00a0seja imunizada\u201d\u00a0 frisa Tatiane Malta.<\/p>\n<p style=\"text-align: justify;\">Em Juazeiro, a campanha contra a poliomielite e sarampo teve in\u00edcio no dia 06 de agosto e a Secretaria da Sa\u00fade do munic\u00edpio segue com o calend\u00e1rio de vacina\u00e7\u00e3o at\u00e9 31 de agosto, com a disponibiliza\u00e7\u00e3o da vacina em todas as Unidades B\u00e1sicas de Sa\u00fade do munic\u00edpio. A SESAU\u00a0 ressalta ainda a import\u00e2ncia\u00a0 da crian\u00e7a\u00a0 ser levada por uma\u00a0 pessoa\u00a0 maior de idade e \u00e9\u00a0 \u00a0importante\u00a0 portar a carteira\u00a0 de vacina\u00e7\u00e3o\u00a0 da crian\u00e7a.<\/p>\n<p>D\u00e9bora\u00a0 Sousa\/\u00a0 <strong>SESAU<\/strong><\/p>\n","protected":false},"excerpt":{"rendered":"<p>Neste s\u00e1bado, 18 de agosto, acontece o dia \u2018D\u2019 da Campanha Nacional de Vacina\u00e7\u00e3o contra Poliomielite e Sarampo. A Secretaria da Sa\u00fade de Juazeiro e Petrolina, seguindo\u00a0a determina\u00e7\u00e3o\u00a0 do\u00a0 Minist\u00e9rio\u00a0 da Sa\u00fade realizam neste dia\u00a0vacina\u00e7\u00e3o em todas as Unidades B\u00e1sicas de Sa\u00fade do munic\u00edpio entre sede e interior. Os pais podem levar os seus filhos para vacinar nas UBS&#8217;s\u00a0 mais pr\u00f3ximas\u00a0 de suas resid\u00eancias das 08h \u00e0s 130h. A vacina est\u00e1\u00a0 dispon\u00edvel para crian\u00e7as com idade entre\u00a0 um ano e quatro anos, 11 meses e 29 dias. De acordo com o Minist\u00e9rio da Sa\u00fade 11,2 milh\u00f5es de crian\u00e7as devem ser imunizadas e a meta \u00e9 vacinar pelo menos 95% do p\u00fablico alvo. Em Juazeiro a meta da campanha \u00e9 de&hellip; <\/p>\n","protected":false},"author":1,"featured_media":206392,"comment_status":"closed","ping_status":"closed","sticky":false,"template":"","format":"standard","meta":{"_acf_changed":false,"footnotes":""},"categories":[4],"tags":[],"class_list":["post-206389","post","type-post","status-publish","format-standard","has-post-thumbnail","hentry","category-saude"],"acf":[],"yoast_head":"<!-- This site is optimized with the Yoast SEO plugin v27.4 - https:\/\/yoast.com\/product\/yoast-seo-wordpress\/ -->\n<title>AMANH\u00c3 EM JUAZEIRO E PETROLINA, SER\u00c1 O DIA &#039;D&#039; DA VACINA\u00c7\u00c3O CONTRA SARAMPO E POLIOMIELITE - Blog do Farn\u00e9sio<\/title>\n<meta name=\"robots\" content=\"index, follow, max-snippet:-1, max-image-preview:large, max-video-preview:-1\" \/>\n<link rel=\"canonical\" href=\"https:\/\/blogdofarnesio.com.br\/?p=206389\" \/>\n<meta property=\"og:locale\" content=\"pt_BR\" \/>\n<meta property=\"og:type\" content=\"article\" \/>\n<meta property=\"og:title\" content=\"AMANH\u00c3 EM JUAZEIRO E PETROLINA, SER\u00c1 O DIA &#039;D&#039; DA VACINA\u00c7\u00c3O CONTRA SARAMPO E POLIOMIELITE - Blog do Farn\u00e9sio\" \/>\n<meta property=\"og:description\" content=\"Neste s\u00e1bado, 18 de agosto, acontece o dia \u2018D\u2019 da Campanha Nacional de Vacina\u00e7\u00e3o contra Poliomielite e Sarampo. A Secretaria da Sa\u00fade de Juazeiro e Petrolina, seguindo\u00a0a determina\u00e7\u00e3o\u00a0 do\u00a0 Minist\u00e9rio\u00a0 da Sa\u00fade realizam neste dia\u00a0vacina\u00e7\u00e3o em todas as Unidades B\u00e1sicas de Sa\u00fade do munic\u00edpio entre sede e interior. Os pais podem levar os seus filhos para vacinar nas UBS&#8217;s\u00a0 mais pr\u00f3ximas\u00a0 de suas resid\u00eancias das 08h \u00e0s 130h. A vacina est\u00e1\u00a0 dispon\u00edvel para crian\u00e7as com idade entre\u00a0 um ano e quatro anos, 11 meses e 29 dias. De acordo com o Minist\u00e9rio da Sa\u00fade 11,2 milh\u00f5es de crian\u00e7as devem ser imunizadas e a meta \u00e9 vacinar pelo menos 95% do p\u00fablico alvo. Em Juazeiro a meta da campanha \u00e9 de&hellip;\" \/>\n<meta property=\"og:url\" content=\"https:\/\/blogdofarnesio.com.br\/?p=206389\" \/>\n<meta property=\"og:site_name\" content=\"Blog do Farn\u00e9sio\" \/>\n<meta property=\"article:publisher\" content=\"https:\/\/www.facebook.com\/BlogQuerSaberPolitica\/\" \/>\n<meta property=\"article:published_time\" content=\"2018-08-17T12:41:16+00:00\" \/>\n<meta property=\"og:image\" content=\"https:\/\/blogdofarnesio.com.br\/wp-content\/uploads\/2018\/08\/blogqsp-Dia-D-Vacina\u00e7\u00e3o.jpeg\" \/>\n\t<meta property=\"og:image:width\" content=\"480\" \/>\n\t<meta property=\"og:image:height\" content=\"480\" \/>\n\t<meta property=\"og:image:type\" content=\"image\/jpeg\" \/>\n<meta name=\"author\" content=\"Farn\u00e9sio\" \/>\n<meta name=\"twitter:card\" content=\"summary_large_image\" \/>\n<meta name=\"twitter:label1\" content=\"Escrito por\" \/>\n\t<meta name=\"twitter:data1\" content=\"Farn\u00e9sio\" \/>\n\t<meta name=\"twitter:label2\" content=\"Est. tempo de leitura\" \/>\n\t<meta name=\"twitter:data2\" content=\"2 minutos\" \/>\n<script type=\"application\/ld+json\" class=\"yoast-schema-graph\">{\"@context\":\"https:\\\/\\\/schema.org\",\"@graph\":[{\"@type\":\"Article\",\"@id\":\"https:\\\/\\\/blogdofarnesio.com.br\\\/?p=206389#article\",\"isPartOf\":{\"@id\":\"https:\\\/\\\/blogdofarnesio.com.br\\\/?p=206389\"},\"author\":{\"name\":\"Farn\u00e9sio\",\"@id\":\"https:\\\/\\\/blogdofarnesio.com.br\\\/#\\\/schema\\\/person\\\/301c4acf522bccbfdb45af95b5b906a1\"},\"headline\":\"AMANH\u00c3 EM JUAZEIRO E PETROLINA, SER\u00c1 O DIA &#8216;D&#8217; DA VACINA\u00c7\u00c3O CONTRA SARAMPO E POLIOMIELITE\",\"datePublished\":\"2018-08-17T12:41:16+00:00\",\"mainEntityOfPage\":{\"@id\":\"https:\\\/\\\/blogdofarnesio.com.br\\\/?p=206389\"},\"wordCount\":439,\"publisher\":{\"@id\":\"https:\\\/\\\/blogdofarnesio.com.br\\\/#organization\"},\"image\":{\"@id\":\"https:\\\/\\\/blogdofarnesio.com.br\\\/?p=206389#primaryimage\"},\"thumbnailUrl\":\"https:\\\/\\\/blogdofarnesio.com.br\\\/wp-content\\\/uploads\\\/2018\\\/08\\\/blogqsp-Dia-D-Vacina\u00e7\u00e3o.jpeg\",\"articleSection\":[\"Sa\u00fade\"],\"inLanguage\":\"pt-BR\"},{\"@type\":\"WebPage\",\"@id\":\"https:\\\/\\\/blogdofarnesio.com.br\\\/?p=206389\",\"url\":\"https:\\\/\\\/blogdofarnesio.com.br\\\/?p=206389\",\"name\":\"AMANH\u00c3 EM JUAZEIRO E PETROLINA, SER\u00c1 O DIA 'D' DA VACINA\u00c7\u00c3O CONTRA SARAMPO E POLIOMIELITE - Blog do Farn\u00e9sio\",\"isPartOf\":{\"@id\":\"https:\\\/\\\/blogdofarnesio.com.br\\\/#website\"},\"primaryImageOfPage\":{\"@id\":\"https:\\\/\\\/blogdofarnesio.com.br\\\/?p=206389#primaryimage\"},\"image\":{\"@id\":\"https:\\\/\\\/blogdofarnesio.com.br\\\/?p=206389#primaryimage\"},\"thumbnailUrl\":\"https:\\\/\\\/blogdofarnesio.com.br\\\/wp-content\\\/uploads\\\/2018\\\/08\\\/blogqsp-Dia-D-Vacina\u00e7\u00e3o.jpeg\",\"datePublished\":\"2018-08-17T12:41:16+00:00\",\"breadcrumb\":{\"@id\":\"https:\\\/\\\/blogdofarnesio.com.br\\\/?p=206389#breadcrumb\"},\"inLanguage\":\"pt-BR\",\"potentialAction\":[{\"@type\":\"ReadAction\",\"target\":[\"https:\\\/\\\/blogdofarnesio.com.br\\\/?p=206389\"]}]},{\"@type\":\"ImageObject\",\"inLanguage\":\"pt-BR\",\"@id\":\"https:\\\/\\\/blogdofarnesio.com.br\\\/?p=206389#primaryimage\",\"url\":\"https:\\\/\\\/blogdofarnesio.com.br\\\/wp-content\\\/uploads\\\/2018\\\/08\\\/blogqsp-Dia-D-Vacina\u00e7\u00e3o.jpeg\",\"contentUrl\":\"https:\\\/\\\/blogdofarnesio.com.br\\\/wp-content\\\/uploads\\\/2018\\\/08\\\/blogqsp-Dia-D-Vacina\u00e7\u00e3o.jpeg\",\"width\":480,\"height\":480},{\"@type\":\"BreadcrumbList\",\"@id\":\"https:\\\/\\\/blogdofarnesio.com.br\\\/?p=206389#breadcrumb\",\"itemListElement\":[{\"@type\":\"ListItem\",\"position\":1,\"name\":\"In\u00edcio\",\"item\":\"https:\\\/\\\/blogdofarnesio.com.br\\\/\"},{\"@type\":\"ListItem\",\"position\":2,\"name\":\"AMANH\u00c3 EM JUAZEIRO E PETROLINA, SER\u00c1 O DIA &#8216;D&#8217; DA VACINA\u00c7\u00c3O CONTRA SARAMPO E POLIOMIELITE\"}]},{\"@type\":\"WebSite\",\"@id\":\"https:\\\/\\\/blogdofarnesio.com.br\\\/#website\",\"url\":\"https:\\\/\\\/blogdofarnesio.com.br\\\/\",\"name\":\"Blog do Farn\u00e9sio\",\"description\":\"Quer Saber Pol\u00edtica?\",\"publisher\":{\"@id\":\"https:\\\/\\\/blogdofarnesio.com.br\\\/#organization\"},\"potentialAction\":[{\"@type\":\"SearchAction\",\"target\":{\"@type\":\"EntryPoint\",\"urlTemplate\":\"https:\\\/\\\/blogdofarnesio.com.br\\\/?s={search_term_string}\"},\"query-input\":{\"@type\":\"PropertyValueSpecification\",\"valueRequired\":true,\"valueName\":\"search_term_string\"}}],\"inLanguage\":\"pt-BR\"},{\"@type\":\"Organization\",\"@id\":\"https:\\\/\\\/blogdofarnesio.com.br\\\/#organization\",\"name\":\"Blog do Farn\u00e9sio\",\"url\":\"https:\\\/\\\/blogdofarnesio.com.br\\\/\",\"logo\":{\"@type\":\"ImageObject\",\"inLanguage\":\"pt-BR\",\"@id\":\"https:\\\/\\\/blogdofarnesio.com.br\\\/#\\\/schema\\\/logo\\\/image\\\/\",\"url\":\"https:\\\/\\\/blogdofarnesio.com.br\\\/wp-content\\\/uploads\\\/2026\\\/03\\\/cropped-logo_new-1.png\",\"contentUrl\":\"https:\\\/\\\/blogdofarnesio.com.br\\\/wp-content\\\/uploads\\\/2026\\\/03\\\/cropped-logo_new-1.png\",\"width\":881,\"height\":685,\"caption\":\"Blog do Farn\u00e9sio\"},\"image\":{\"@id\":\"https:\\\/\\\/blogdofarnesio.com.br\\\/#\\\/schema\\\/logo\\\/image\\\/\"},\"sameAs\":[\"https:\\\/\\\/www.facebook.com\\\/BlogQuerSaberPolitica\\\/\"]},{\"@type\":\"Person\",\"@id\":\"https:\\\/\\\/blogdofarnesio.com.br\\\/#\\\/schema\\\/person\\\/301c4acf522bccbfdb45af95b5b906a1\",\"name\":\"Farn\u00e9sio\",\"image\":{\"@type\":\"ImageObject\",\"inLanguage\":\"pt-BR\",\"@id\":\"https:\\\/\\\/secure.gravatar.com\\\/avatar\\\/df0c9a14567c056f8ad6876ba5bbd1e3e2c48023eb6807342fc4663adf549f38?s=96&d=mm&r=g\",\"url\":\"https:\\\/\\\/secure.gravatar.com\\\/avatar\\\/df0c9a14567c056f8ad6876ba5bbd1e3e2c48023eb6807342fc4663adf549f38?s=96&d=mm&r=g\",\"contentUrl\":\"https:\\\/\\\/secure.gravatar.com\\\/avatar\\\/df0c9a14567c056f8ad6876ba5bbd1e3e2c48023eb6807342fc4663adf549f38?s=96&d=mm&r=g\",\"caption\":\"Farn\u00e9sio\"},\"sameAs\":[\"https:\\\/\\\/quersaberpolitica.com.br\"],\"url\":\"https:\\\/\\\/blogdofarnesio.com.br\\\/?author=1\"}]}<\/script>\n<!-- \/ Yoast SEO plugin. -->","yoast_head_json":{"title":"AMANH\u00c3 EM JUAZEIRO E PETROLINA, SER\u00c1 O DIA 'D' DA VACINA\u00c7\u00c3O CONTRA SARAMPO E POLIOMIELITE - Blog do Farn\u00e9sio","robots":{"index":"index","follow":"follow","max-snippet":"max-snippet:-1","max-image-preview":"max-image-preview:large","max-video-preview":"max-video-preview:-1"},"canonical":"https:\/\/blogdofarnesio.com.br\/?p=206389","og_locale":"pt_BR","og_type":"article","og_title":"AMANH\u00c3 EM JUAZEIRO E PETROLINA, SER\u00c1 O DIA 'D' DA VACINA\u00c7\u00c3O CONTRA SARAMPO E POLIOMIELITE - Blog do Farn\u00e9sio","og_description":"Neste s\u00e1bado, 18 de agosto, acontece o dia \u2018D\u2019 da Campanha Nacional de Vacina\u00e7\u00e3o contra Poliomielite e Sarampo. A Secretaria da Sa\u00fade de Juazeiro e Petrolina, seguindo\u00a0a determina\u00e7\u00e3o\u00a0 do\u00a0 Minist\u00e9rio\u00a0 da Sa\u00fade realizam neste dia\u00a0vacina\u00e7\u00e3o em todas as Unidades B\u00e1sicas de Sa\u00fade do munic\u00edpio entre sede e interior. Os pais podem levar os seus filhos para vacinar nas UBS&#8217;s\u00a0 mais pr\u00f3ximas\u00a0 de suas resid\u00eancias das 08h \u00e0s 130h. A vacina est\u00e1\u00a0 dispon\u00edvel para crian\u00e7as com idade entre\u00a0 um ano e quatro anos, 11 meses e 29 dias. De acordo com o Minist\u00e9rio da Sa\u00fade 11,2 milh\u00f5es de crian\u00e7as devem ser imunizadas e a meta \u00e9 vacinar pelo menos 95% do p\u00fablico alvo. Em Juazeiro a meta da campanha \u00e9 de&hellip;","og_url":"https:\/\/blogdofarnesio.com.br\/?p=206389","og_site_name":"Blog do Farn\u00e9sio","article_publisher":"https:\/\/www.facebook.com\/BlogQuerSaberPolitica\/","article_published_time":"2018-08-17T12:41:16+00:00","og_image":[{"width":480,"height":480,"url":"https:\/\/blogdofarnesio.com.br\/wp-content\/uploads\/2018\/08\/blogqsp-Dia-D-Vacina\u00e7\u00e3o.jpeg","type":"image\/jpeg"}],"author":"Farn\u00e9sio","twitter_card":"summary_large_image","twitter_misc":{"Escrito por":"Farn\u00e9sio","Est. tempo de leitura":"2 minutos"},"schema":{"@context":"https:\/\/schema.org","@graph":[{"@type":"Article","@id":"https:\/\/blogdofarnesio.com.br\/?p=206389#article","isPartOf":{"@id":"https:\/\/blogdofarnesio.com.br\/?p=206389"},"author":{"name":"Farn\u00e9sio","@id":"https:\/\/blogdofarnesio.com.br\/#\/schema\/person\/301c4acf522bccbfdb45af95b5b906a1"},"headline":"AMANH\u00c3 EM JUAZEIRO E PETROLINA, SER\u00c1 O DIA &#8216;D&#8217; DA VACINA\u00c7\u00c3O CONTRA SARAMPO E POLIOMIELITE","datePublished":"2018-08-17T12:41:16+00:00","mainEntityOfPage":{"@id":"https:\/\/blogdofarnesio.com.br\/?p=206389"},"wordCount":439,"publisher":{"@id":"https:\/\/blogdofarnesio.com.br\/#organization"},"image":{"@id":"https:\/\/blogdofarnesio.com.br\/?p=206389#primaryimage"},"thumbnailUrl":"https:\/\/blogdofarnesio.com.br\/wp-content\/uploads\/2018\/08\/blogqsp-Dia-D-Vacina\u00e7\u00e3o.jpeg","articleSection":["Sa\u00fade"],"inLanguage":"pt-BR"},{"@type":"WebPage","@id":"https:\/\/blogdofarnesio.com.br\/?p=206389","url":"https:\/\/blogdofarnesio.com.br\/?p=206389","name":"AMANH\u00c3 EM JUAZEIRO E PETROLINA, SER\u00c1 O DIA 'D' DA VACINA\u00c7\u00c3O CONTRA SARAMPO E POLIOMIELITE - Blog do Farn\u00e9sio","isPartOf":{"@id":"https:\/\/blogdofarnesio.com.br\/#website"},"primaryImageOfPage":{"@id":"https:\/\/blogdofarnesio.com.br\/?p=206389#primaryimage"},"image":{"@id":"https:\/\/blogdofarnesio.com.br\/?p=206389#primaryimage"},"thumbnailUrl":"https:\/\/blogdofarnesio.com.br\/wp-content\/uploads\/2018\/08\/blogqsp-Dia-D-Vacina\u00e7\u00e3o.jpeg","datePublished":"2018-08-17T12:41:16+00:00","breadcrumb":{"@id":"https:\/\/blogdofarnesio.com.br\/?p=206389#breadcrumb"},"inLanguage":"pt-BR","potentialAction":[{"@type":"ReadAction","target":["https:\/\/blogdofarnesio.com.br\/?p=206389"]}]},{"@type":"ImageObject","inLanguage":"pt-BR","@id":"https:\/\/blogdofarnesio.com.br\/?p=206389#primaryimage","url":"https:\/\/blogdofarnesio.com.br\/wp-content\/uploads\/2018\/08\/blogqsp-Dia-D-Vacina\u00e7\u00e3o.jpeg","contentUrl":"https:\/\/blogdofarnesio.com.br\/wp-content\/uploads\/2018\/08\/blogqsp-Dia-D-Vacina\u00e7\u00e3o.jpeg","width":480,"height":480},{"@type":"BreadcrumbList","@id":"https:\/\/blogdofarnesio.com.br\/?p=206389#breadcrumb","itemListElement":[{"@type":"ListItem","position":1,"name":"In\u00edcio","item":"https:\/\/blogdofarnesio.com.br\/"},{"@type":"ListItem","position":2,"name":"AMANH\u00c3 EM JUAZEIRO E PETROLINA, SER\u00c1 O DIA &#8216;D&#8217; DA VACINA\u00c7\u00c3O CONTRA SARAMPO E POLIOMIELITE"}]},{"@type":"WebSite","@id":"https:\/\/blogdofarnesio.com.br\/#website","url":"https:\/\/blogdofarnesio.com.br\/","name":"Blog do Farn\u00e9sio","description":"Quer Saber Pol\u00edtica?","publisher":{"@id":"https:\/\/blogdofarnesio.com.br\/#organization"},"potentialAction":[{"@type":"SearchAction","target":{"@type":"EntryPoint","urlTemplate":"https:\/\/blogdofarnesio.com.br\/?s={search_term_string}"},"query-input":{"@type":"PropertyValueSpecification","valueRequired":true,"valueName":"search_term_string"}}],"inLanguage":"pt-BR"},{"@type":"Organization","@id":"https:\/\/blogdofarnesio.com.br\/#organization","name":"Blog do Farn\u00e9sio","url":"https:\/\/blogdofarnesio.com.br\/","logo":{"@type":"ImageObject","inLanguage":"pt-BR","@id":"https:\/\/blogdofarnesio.com.br\/#\/schema\/logo\/image\/","url":"https:\/\/blogdofarnesio.com.br\/wp-content\/uploads\/2026\/03\/cropped-logo_new-1.png","contentUrl":"https:\/\/blogdofarnesio.com.br\/wp-content\/uploads\/2026\/03\/cropped-logo_new-1.png","width":881,"height":685,"caption":"Blog do Farn\u00e9sio"},"image":{"@id":"https:\/\/blogdofarnesio.com.br\/#\/schema\/logo\/image\/"},"sameAs":["https:\/\/www.facebook.com\/BlogQuerSaberPolitica\/"]},{"@type":"Person","@id":"https:\/\/blogdofarnesio.com.br\/#\/schema\/person\/301c4acf522bccbfdb45af95b5b906a1","name":"Farn\u00e9sio","image":{"@type":"ImageObject","inLanguage":"pt-BR","@id":"https:\/\/secure.gravatar.com\/avatar\/df0c9a14567c056f8ad6876ba5bbd1e3e2c48023eb6807342fc4663adf549f38?s=96&d=mm&r=g","url":"https:\/\/secure.gravatar.com\/avatar\/df0c9a14567c056f8ad6876ba5bbd1e3e2c48023eb6807342fc4663adf549f38?s=96&d=mm&r=g","contentUrl":"https:\/\/secure.gravatar.com\/avatar\/df0c9a14567c056f8ad6876ba5bbd1e3e2c48023eb6807342fc4663adf549f38?s=96&d=mm&r=g","caption":"Farn\u00e9sio"},"sameAs":["https:\/\/quersaberpolitica.com.br"],"url":"https:\/\/blogdofarnesio.com.br\/?author=1"}]}},"_links":{"self":[{"href":"https:\/\/blogdofarnesio.com.br\/index.php?rest_route=\/wp\/v2\/posts\/206389","targetHints":{"allow":["GET"]}}],"collection":[{"href":"https:\/\/blogdofarnesio.com.br\/index.php?rest_route=\/wp\/v2\/posts"}],"about":[{"href":"https:\/\/blogdofarnesio.com.br\/index.php?rest_route=\/wp\/v2\/types\/post"}],"author":[{"embeddable":true,"href":"https:\/\/blogdofarnesio.com.br\/index.php?rest_route=\/wp\/v2\/users\/1"}],"replies":[{"embeddable":true,"href":"https:\/\/blogdofarnesio.com.br\/index.php?rest_route=%2Fwp%2Fv2%2Fcomments&post=206389"}],"version-history":[{"count":0,"href":"https:\/\/blogdofarnesio.com.br\/index.php?rest_route=\/wp\/v2\/posts\/206389\/revisions"}],"wp:featuredmedia":[{"embeddable":true,"href":"https:\/\/blogdofarnesio.com.br\/index.php?rest_route=\/wp\/v2\/media\/206392"}],"wp:attachment":[{"href":"https:\/\/blogdofarnesio.com.br\/index.php?rest_route=%2Fwp%2Fv2%2Fmedia&parent=206389"}],"wp:term":[{"taxonomy":"category","embeddable":true,"href":"https:\/\/blogdofarnesio.com.br\/index.php?rest_route=%2Fwp%2Fv2%2Fcategories&post=206389"},{"taxonomy":"post_tag","embeddable":true,"href":"https:\/\/blogdofarnesio.com.br\/index.php?rest_route=%2Fwp%2Fv2%2Ftags&post=206389"}],"curies":[{"name":"wp","href":"https:\/\/api.w.org\/{rel}","templated":true}]}}