{"id":206381,"date":"2018-08-17T09:21:25","date_gmt":"2018-08-17T12:21:25","guid":{"rendered":"http:\/\/quersaberpolitica.com.br\/2016\/?p=206381"},"modified":"2018-08-16T19:45:44","modified_gmt":"2018-08-16T22:45:44","slug":"autorizado-o-inicio-da-construcao-da-creche-do-residencial-sao-francisco-em-juazeiro","status":"publish","type":"post","link":"https:\/\/blogdofarnesio.com.br\/?p=206381","title":{"rendered":"AUTORIZADO O IN\u00cdCIO DA CONSTRU\u00c7\u00c3O DA CRECHE DO RESIDENCIAL S\u00c3O FRANCISCO EM JUAZEIRO"},"content":{"rendered":"<p style=\"text-align: justify;\">Com a presen\u00e7a dos moradores, lideran\u00e7as comunit\u00e1rias e autoridades, o Prefeito Paulo Bomfim e a secret\u00e1ria de Educa\u00e7\u00e3o e Juventude Lucinete Alves assinaram na \u00faltima quarta-feira (15), a ordem de servi\u00e7o para o in\u00edcio da constru\u00e7\u00e3o da Escola Municipal de Educa\u00e7\u00e3o Infantil \u2013 EMEI (Creche), no Residencial S\u00e3o Francisco, bairro Dom Jos\u00e9 Rodrigues em Juazeiro.<\/p>\n<p style=\"text-align: justify;\">O prefeito evidenciou que a constru\u00e7\u00e3o da creche \u00e9 mais uma a\u00e7\u00e3o do Programa Municipal Minha Escola Minha Vida, e tamb\u00e9m do programa Cuidar da Gente, voltado para os residenciais, e tem desenvolvido diversas a\u00e7\u00f5es e obras para os conjuntos habitacionais do Minha Casa Minha Vida. \u201cAgora a prefeitura leva unidades de ensino para os residenciais, com investimentos exclusivamente de recursos pr\u00f3prios.\u00a0Em 2017 j\u00e1 entregamos \u00e0 popula\u00e7\u00e3o, as duas primeiras unidades do &#8216;Minha Escola Minha Vida&#8217;, a creche e escola Apr\u00edgio Duarte, no Residencial Juazeiro I, no bairro Itaberaba. O pr\u00f3ximo residencial que vai receber uma bel\u00edssima escola \u00e9 o Dr. Humberto, e vamos construir unidades escolares em todos os residenciais\u00a0do Programa Minha\u00a0Casa\u00a0Minha\u00a0Vida\u201d, garantiu Paulo Bomfim.<\/p>\n<p style=\"text-align: justify;\">A secret\u00e1ria Lucinete apresentou a maquete eletr\u00f4nica da &#8216;EMEI Residencial S\u00e3o Francisco&#8217;, para os moradores. A unidade vai beneficiar mais de 180 crian\u00e7as da Educa\u00e7\u00e3o Infantil e ter\u00e1 uma estrutura confort\u00e1vel e segura com: 02 salas de aula para creche I, sala de descanso e frald\u00e1rio, 06 salas de aula para creche II, sala de diretoria, sala de secretaria com dep\u00f3sito, sala dos professores, banheiros infantis com banho, banheiros acess\u00edveis, cozinha, despensa, refeit\u00f3rio, lavanderia, p\u00e1tio coberto e parque infantil.<\/p>\n<p style=\"text-align: justify;\">\u201cVamos entregar aos moradores do residencial uma escola linda, toda estruturada para atender as crian\u00e7as de 1 a 5 anos, com uma equipe pedag\u00f3gica de qualidade. A Educa\u00e7\u00e3o Infantil em Juazeiro \u00e9 um marco na hist\u00f3ria da cidade. Em pouco mais de nove anos, foram constru\u00eddas 22 novas creches, e as unidades existentes foram reformadas, ampliadas e climatizadas, o que possibilitou a amplia\u00e7\u00e3o de 2,5 mil para quase 10 mil vagas na Rede Municipal de Ensino. S\u00f3 temos motivos para comemorar\u201d, ressaltou a secret\u00e1ria de Educa\u00e7\u00e3o.<\/p>\n<p style=\"text-align: justify;\">A auxiliar de servi\u00e7os gerais, Janete Nascimento, comemorou em dobro a not\u00edcia da constru\u00e7\u00e3o da creche. \u201cMinha filha vai nascer daqui a alguns meses e j\u00e1 vai ganhar uma escola linda para estudar. Vou poder trabalhar tranquila sem preocupa\u00e7\u00e3o sabendo que ela estar\u00e1 segura e sendo bem cuidada na creche. Quero agradecer e parabenizar a prefeitura por realizar mais um sonho dos moradores do residencial S\u00e3o Francisco\u201d, disse a moradora. \u201cTodas as m\u00e3es est\u00e3o felizes, vamos ganhar uma creche muito bonita, pertinho de casa e agora vou voltar a trabalhar, pois vou ter com quem deixar minha filha\u201d, comemorou a dona de casa, Ivaneide Sales.<\/p>\n<p style=\"text-align: justify;\">O presidente do Residencial S\u00e3o Francisco Aluizio Silva, conhecido como Lula da Cadeirinha parabenizou e agradeceu ao prefeito por mais esta conquista. \u201c\u00c9 um projeto maravilhoso, que vai beneficiar tanto as m\u00e3es, os pais, como as crian\u00e7as do nosso residencial. Hoje nossa comunidade est\u00e1 em festa\u201d, afirmou o l\u00edder comunit\u00e1rio.<\/p>\n<p style=\"text-align: justify;\">Estavam presentes no evento o presidente da C\u00e2mara de Vereadores, Alex Tanuri, vereadores da base aliada, lideran\u00e7as comunit\u00e1rias, secret\u00e1rios de Governo e a equipe da SEDUC.<\/p>\n<p>Por Emanuelle Lustosa\/<strong>SEDUC<\/strong><\/p>\n","protected":false},"excerpt":{"rendered":"<p>Com a presen\u00e7a dos moradores, lideran\u00e7as comunit\u00e1rias e autoridades, o Prefeito Paulo Bomfim e a secret\u00e1ria de Educa\u00e7\u00e3o e Juventude Lucinete Alves assinaram na \u00faltima quarta-feira (15), a ordem de servi\u00e7o para o in\u00edcio da constru\u00e7\u00e3o da Escola Municipal de Educa\u00e7\u00e3o Infantil \u2013 EMEI (Creche), no Residencial S\u00e3o Francisco, bairro Dom Jos\u00e9 Rodrigues em Juazeiro. O prefeito evidenciou que a constru\u00e7\u00e3o da creche \u00e9 mais uma a\u00e7\u00e3o do Programa Municipal Minha Escola Minha Vida, e tamb\u00e9m do programa Cuidar da Gente, voltado para os residenciais, e tem desenvolvido diversas a\u00e7\u00f5es e obras para os conjuntos habitacionais do Minha Casa Minha Vida. \u201cAgora a prefeitura leva unidades de ensino para os residenciais, com investimentos exclusivamente de recursos pr\u00f3prios.\u00a0Em 2017 j\u00e1 entregamos&hellip; <\/p>\n","protected":false},"author":1,"featured_media":206384,"comment_status":"closed","ping_status":"closed","sticky":false,"template":"","format":"standard","meta":{"_acf_changed":false,"footnotes":""},"categories":[22,44],"tags":[],"class_list":["post-206381","post","type-post","status-publish","format-standard","has-post-thumbnail","hentry","category-acao-social","category-administracao"],"acf":[],"yoast_head":"<!-- This site is optimized with the Yoast SEO plugin v27.4 - https:\/\/yoast.com\/product\/yoast-seo-wordpress\/ -->\n<title>AUTORIZADO O IN\u00cdCIO DA CONSTRU\u00c7\u00c3O DA CRECHE DO RESIDENCIAL S\u00c3O FRANCISCO EM JUAZEIRO - Blog do Farn\u00e9sio<\/title>\n<meta name=\"robots\" content=\"index, follow, max-snippet:-1, max-image-preview:large, max-video-preview:-1\" \/>\n<link rel=\"canonical\" href=\"https:\/\/blogdofarnesio.com.br\/?p=206381\" \/>\n<meta property=\"og:locale\" content=\"pt_BR\" \/>\n<meta property=\"og:type\" content=\"article\" \/>\n<meta property=\"og:title\" content=\"AUTORIZADO O IN\u00cdCIO DA CONSTRU\u00c7\u00c3O DA CRECHE DO RESIDENCIAL S\u00c3O FRANCISCO EM JUAZEIRO - Blog do Farn\u00e9sio\" \/>\n<meta property=\"og:description\" content=\"Com a presen\u00e7a dos moradores, lideran\u00e7as comunit\u00e1rias e autoridades, o Prefeito Paulo Bomfim e a secret\u00e1ria de Educa\u00e7\u00e3o e Juventude Lucinete Alves assinaram na \u00faltima quarta-feira (15), a ordem de servi\u00e7o para o in\u00edcio da constru\u00e7\u00e3o da Escola Municipal de Educa\u00e7\u00e3o Infantil \u2013 EMEI (Creche), no Residencial S\u00e3o Francisco, bairro Dom Jos\u00e9 Rodrigues em Juazeiro. O prefeito evidenciou que a constru\u00e7\u00e3o da creche \u00e9 mais uma a\u00e7\u00e3o do Programa Municipal Minha Escola Minha Vida, e tamb\u00e9m do programa Cuidar da Gente, voltado para os residenciais, e tem desenvolvido diversas a\u00e7\u00f5es e obras para os conjuntos habitacionais do Minha Casa Minha Vida. \u201cAgora a prefeitura leva unidades de ensino para os residenciais, com investimentos exclusivamente de recursos pr\u00f3prios.\u00a0Em 2017 j\u00e1 entregamos&hellip;\" \/>\n<meta property=\"og:url\" content=\"https:\/\/blogdofarnesio.com.br\/?p=206381\" \/>\n<meta property=\"og:site_name\" content=\"Blog do Farn\u00e9sio\" \/>\n<meta property=\"article:publisher\" content=\"https:\/\/www.facebook.com\/BlogQuerSaberPolitica\/\" \/>\n<meta property=\"article:published_time\" content=\"2018-08-17T12:21:25+00:00\" \/>\n<meta property=\"og:image\" content=\"https:\/\/blogdofarnesio.com.br\/wp-content\/uploads\/2018\/08\/blogqsp-Ass.-OServi\u00e7o-Creche-RSFrancisco-16.jpg\" \/>\n\t<meta property=\"og:image:width\" content=\"640\" \/>\n\t<meta property=\"og:image:height\" content=\"427\" \/>\n\t<meta property=\"og:image:type\" content=\"image\/jpeg\" \/>\n<meta name=\"author\" content=\"Farn\u00e9sio\" \/>\n<meta name=\"twitter:card\" content=\"summary_large_image\" \/>\n<meta name=\"twitter:label1\" content=\"Escrito por\" \/>\n\t<meta name=\"twitter:data1\" content=\"Farn\u00e9sio\" \/>\n\t<meta name=\"twitter:label2\" content=\"Est. tempo de leitura\" \/>\n\t<meta name=\"twitter:data2\" content=\"3 minutos\" \/>\n<script type=\"application\/ld+json\" class=\"yoast-schema-graph\">{\"@context\":\"https:\\\/\\\/schema.org\",\"@graph\":[{\"@type\":\"Article\",\"@id\":\"https:\\\/\\\/blogdofarnesio.com.br\\\/?p=206381#article\",\"isPartOf\":{\"@id\":\"https:\\\/\\\/blogdofarnesio.com.br\\\/?p=206381\"},\"author\":{\"name\":\"Farn\u00e9sio\",\"@id\":\"https:\\\/\\\/blogdofarnesio.com.br\\\/#\\\/schema\\\/person\\\/301c4acf522bccbfdb45af95b5b906a1\"},\"headline\":\"AUTORIZADO O IN\u00cdCIO DA CONSTRU\u00c7\u00c3O DA CRECHE DO RESIDENCIAL S\u00c3O FRANCISCO EM JUAZEIRO\",\"datePublished\":\"2018-08-17T12:21:25+00:00\",\"mainEntityOfPage\":{\"@id\":\"https:\\\/\\\/blogdofarnesio.com.br\\\/?p=206381\"},\"wordCount\":580,\"publisher\":{\"@id\":\"https:\\\/\\\/blogdofarnesio.com.br\\\/#organization\"},\"image\":{\"@id\":\"https:\\\/\\\/blogdofarnesio.com.br\\\/?p=206381#primaryimage\"},\"thumbnailUrl\":\"https:\\\/\\\/blogdofarnesio.com.br\\\/wp-content\\\/uploads\\\/2018\\\/08\\\/blogqsp-Ass.-OServi\u00e7o-Creche-RSFrancisco-16.jpg\",\"articleSection\":[\"A\u00e7\u00e3o Social\",\"Administra\u00e7\u00e3o\"],\"inLanguage\":\"pt-BR\"},{\"@type\":\"WebPage\",\"@id\":\"https:\\\/\\\/blogdofarnesio.com.br\\\/?p=206381\",\"url\":\"https:\\\/\\\/blogdofarnesio.com.br\\\/?p=206381\",\"name\":\"AUTORIZADO O IN\u00cdCIO DA CONSTRU\u00c7\u00c3O DA CRECHE DO RESIDENCIAL S\u00c3O FRANCISCO EM JUAZEIRO - Blog do Farn\u00e9sio\",\"isPartOf\":{\"@id\":\"https:\\\/\\\/blogdofarnesio.com.br\\\/#website\"},\"primaryImageOfPage\":{\"@id\":\"https:\\\/\\\/blogdofarnesio.com.br\\\/?p=206381#primaryimage\"},\"image\":{\"@id\":\"https:\\\/\\\/blogdofarnesio.com.br\\\/?p=206381#primaryimage\"},\"thumbnailUrl\":\"https:\\\/\\\/blogdofarnesio.com.br\\\/wp-content\\\/uploads\\\/2018\\\/08\\\/blogqsp-Ass.-OServi\u00e7o-Creche-RSFrancisco-16.jpg\",\"datePublished\":\"2018-08-17T12:21:25+00:00\",\"breadcrumb\":{\"@id\":\"https:\\\/\\\/blogdofarnesio.com.br\\\/?p=206381#breadcrumb\"},\"inLanguage\":\"pt-BR\",\"potentialAction\":[{\"@type\":\"ReadAction\",\"target\":[\"https:\\\/\\\/blogdofarnesio.com.br\\\/?p=206381\"]}]},{\"@type\":\"ImageObject\",\"inLanguage\":\"pt-BR\",\"@id\":\"https:\\\/\\\/blogdofarnesio.com.br\\\/?p=206381#primaryimage\",\"url\":\"https:\\\/\\\/blogdofarnesio.com.br\\\/wp-content\\\/uploads\\\/2018\\\/08\\\/blogqsp-Ass.-OServi\u00e7o-Creche-RSFrancisco-16.jpg\",\"contentUrl\":\"https:\\\/\\\/blogdofarnesio.com.br\\\/wp-content\\\/uploads\\\/2018\\\/08\\\/blogqsp-Ass.-OServi\u00e7o-Creche-RSFrancisco-16.jpg\",\"width\":640,\"height\":427},{\"@type\":\"BreadcrumbList\",\"@id\":\"https:\\\/\\\/blogdofarnesio.com.br\\\/?p=206381#breadcrumb\",\"itemListElement\":[{\"@type\":\"ListItem\",\"position\":1,\"name\":\"In\u00edcio\",\"item\":\"https:\\\/\\\/blogdofarnesio.com.br\\\/\"},{\"@type\":\"ListItem\",\"position\":2,\"name\":\"AUTORIZADO O IN\u00cdCIO DA CONSTRU\u00c7\u00c3O DA CRECHE DO RESIDENCIAL S\u00c3O FRANCISCO EM JUAZEIRO\"}]},{\"@type\":\"WebSite\",\"@id\":\"https:\\\/\\\/blogdofarnesio.com.br\\\/#website\",\"url\":\"https:\\\/\\\/blogdofarnesio.com.br\\\/\",\"name\":\"Blog do Farn\u00e9sio\",\"description\":\"Quer Saber Pol\u00edtica?\",\"publisher\":{\"@id\":\"https:\\\/\\\/blogdofarnesio.com.br\\\/#organization\"},\"potentialAction\":[{\"@type\":\"SearchAction\",\"target\":{\"@type\":\"EntryPoint\",\"urlTemplate\":\"https:\\\/\\\/blogdofarnesio.com.br\\\/?s={search_term_string}\"},\"query-input\":{\"@type\":\"PropertyValueSpecification\",\"valueRequired\":true,\"valueName\":\"search_term_string\"}}],\"inLanguage\":\"pt-BR\"},{\"@type\":\"Organization\",\"@id\":\"https:\\\/\\\/blogdofarnesio.com.br\\\/#organization\",\"name\":\"Blog do Farn\u00e9sio\",\"url\":\"https:\\\/\\\/blogdofarnesio.com.br\\\/\",\"logo\":{\"@type\":\"ImageObject\",\"inLanguage\":\"pt-BR\",\"@id\":\"https:\\\/\\\/blogdofarnesio.com.br\\\/#\\\/schema\\\/logo\\\/image\\\/\",\"url\":\"https:\\\/\\\/blogdofarnesio.com.br\\\/wp-content\\\/uploads\\\/2026\\\/03\\\/cropped-logo_new-1.png\",\"contentUrl\":\"https:\\\/\\\/blogdofarnesio.com.br\\\/wp-content\\\/uploads\\\/2026\\\/03\\\/cropped-logo_new-1.png\",\"width\":881,\"height\":685,\"caption\":\"Blog do Farn\u00e9sio\"},\"image\":{\"@id\":\"https:\\\/\\\/blogdofarnesio.com.br\\\/#\\\/schema\\\/logo\\\/image\\\/\"},\"sameAs\":[\"https:\\\/\\\/www.facebook.com\\\/BlogQuerSaberPolitica\\\/\"]},{\"@type\":\"Person\",\"@id\":\"https:\\\/\\\/blogdofarnesio.com.br\\\/#\\\/schema\\\/person\\\/301c4acf522bccbfdb45af95b5b906a1\",\"name\":\"Farn\u00e9sio\",\"image\":{\"@type\":\"ImageObject\",\"inLanguage\":\"pt-BR\",\"@id\":\"https:\\\/\\\/secure.gravatar.com\\\/avatar\\\/df0c9a14567c056f8ad6876ba5bbd1e3e2c48023eb6807342fc4663adf549f38?s=96&d=mm&r=g\",\"url\":\"https:\\\/\\\/secure.gravatar.com\\\/avatar\\\/df0c9a14567c056f8ad6876ba5bbd1e3e2c48023eb6807342fc4663adf549f38?s=96&d=mm&r=g\",\"contentUrl\":\"https:\\\/\\\/secure.gravatar.com\\\/avatar\\\/df0c9a14567c056f8ad6876ba5bbd1e3e2c48023eb6807342fc4663adf549f38?s=96&d=mm&r=g\",\"caption\":\"Farn\u00e9sio\"},\"sameAs\":[\"https:\\\/\\\/quersaberpolitica.com.br\"],\"url\":\"https:\\\/\\\/blogdofarnesio.com.br\\\/?author=1\"}]}<\/script>\n<!-- \/ Yoast SEO plugin. -->","yoast_head_json":{"title":"AUTORIZADO O IN\u00cdCIO DA CONSTRU\u00c7\u00c3O DA CRECHE DO RESIDENCIAL S\u00c3O FRANCISCO EM JUAZEIRO - Blog do Farn\u00e9sio","robots":{"index":"index","follow":"follow","max-snippet":"max-snippet:-1","max-image-preview":"max-image-preview:large","max-video-preview":"max-video-preview:-1"},"canonical":"https:\/\/blogdofarnesio.com.br\/?p=206381","og_locale":"pt_BR","og_type":"article","og_title":"AUTORIZADO O IN\u00cdCIO DA CONSTRU\u00c7\u00c3O DA CRECHE DO RESIDENCIAL S\u00c3O FRANCISCO EM JUAZEIRO - Blog do Farn\u00e9sio","og_description":"Com a presen\u00e7a dos moradores, lideran\u00e7as comunit\u00e1rias e autoridades, o Prefeito Paulo Bomfim e a secret\u00e1ria de Educa\u00e7\u00e3o e Juventude Lucinete Alves assinaram na \u00faltima quarta-feira (15), a ordem de servi\u00e7o para o in\u00edcio da constru\u00e7\u00e3o da Escola Municipal de Educa\u00e7\u00e3o Infantil \u2013 EMEI (Creche), no Residencial S\u00e3o Francisco, bairro Dom Jos\u00e9 Rodrigues em Juazeiro. O prefeito evidenciou que a constru\u00e7\u00e3o da creche \u00e9 mais uma a\u00e7\u00e3o do Programa Municipal Minha Escola Minha Vida, e tamb\u00e9m do programa Cuidar da Gente, voltado para os residenciais, e tem desenvolvido diversas a\u00e7\u00f5es e obras para os conjuntos habitacionais do Minha Casa Minha Vida. \u201cAgora a prefeitura leva unidades de ensino para os residenciais, com investimentos exclusivamente de recursos pr\u00f3prios.\u00a0Em 2017 j\u00e1 entregamos&hellip;","og_url":"https:\/\/blogdofarnesio.com.br\/?p=206381","og_site_name":"Blog do Farn\u00e9sio","article_publisher":"https:\/\/www.facebook.com\/BlogQuerSaberPolitica\/","article_published_time":"2018-08-17T12:21:25+00:00","og_image":[{"width":640,"height":427,"url":"https:\/\/blogdofarnesio.com.br\/wp-content\/uploads\/2018\/08\/blogqsp-Ass.-OServi\u00e7o-Creche-RSFrancisco-16.jpg","type":"image\/jpeg"}],"author":"Farn\u00e9sio","twitter_card":"summary_large_image","twitter_misc":{"Escrito por":"Farn\u00e9sio","Est. tempo de leitura":"3 minutos"},"schema":{"@context":"https:\/\/schema.org","@graph":[{"@type":"Article","@id":"https:\/\/blogdofarnesio.com.br\/?p=206381#article","isPartOf":{"@id":"https:\/\/blogdofarnesio.com.br\/?p=206381"},"author":{"name":"Farn\u00e9sio","@id":"https:\/\/blogdofarnesio.com.br\/#\/schema\/person\/301c4acf522bccbfdb45af95b5b906a1"},"headline":"AUTORIZADO O IN\u00cdCIO DA CONSTRU\u00c7\u00c3O DA CRECHE DO RESIDENCIAL S\u00c3O FRANCISCO EM JUAZEIRO","datePublished":"2018-08-17T12:21:25+00:00","mainEntityOfPage":{"@id":"https:\/\/blogdofarnesio.com.br\/?p=206381"},"wordCount":580,"publisher":{"@id":"https:\/\/blogdofarnesio.com.br\/#organization"},"image":{"@id":"https:\/\/blogdofarnesio.com.br\/?p=206381#primaryimage"},"thumbnailUrl":"https:\/\/blogdofarnesio.com.br\/wp-content\/uploads\/2018\/08\/blogqsp-Ass.-OServi\u00e7o-Creche-RSFrancisco-16.jpg","articleSection":["A\u00e7\u00e3o Social","Administra\u00e7\u00e3o"],"inLanguage":"pt-BR"},{"@type":"WebPage","@id":"https:\/\/blogdofarnesio.com.br\/?p=206381","url":"https:\/\/blogdofarnesio.com.br\/?p=206381","name":"AUTORIZADO O IN\u00cdCIO DA CONSTRU\u00c7\u00c3O DA CRECHE DO RESIDENCIAL S\u00c3O FRANCISCO EM JUAZEIRO - Blog do Farn\u00e9sio","isPartOf":{"@id":"https:\/\/blogdofarnesio.com.br\/#website"},"primaryImageOfPage":{"@id":"https:\/\/blogdofarnesio.com.br\/?p=206381#primaryimage"},"image":{"@id":"https:\/\/blogdofarnesio.com.br\/?p=206381#primaryimage"},"thumbnailUrl":"https:\/\/blogdofarnesio.com.br\/wp-content\/uploads\/2018\/08\/blogqsp-Ass.-OServi\u00e7o-Creche-RSFrancisco-16.jpg","datePublished":"2018-08-17T12:21:25+00:00","breadcrumb":{"@id":"https:\/\/blogdofarnesio.com.br\/?p=206381#breadcrumb"},"inLanguage":"pt-BR","potentialAction":[{"@type":"ReadAction","target":["https:\/\/blogdofarnesio.com.br\/?p=206381"]}]},{"@type":"ImageObject","inLanguage":"pt-BR","@id":"https:\/\/blogdofarnesio.com.br\/?p=206381#primaryimage","url":"https:\/\/blogdofarnesio.com.br\/wp-content\/uploads\/2018\/08\/blogqsp-Ass.-OServi\u00e7o-Creche-RSFrancisco-16.jpg","contentUrl":"https:\/\/blogdofarnesio.com.br\/wp-content\/uploads\/2018\/08\/blogqsp-Ass.-OServi\u00e7o-Creche-RSFrancisco-16.jpg","width":640,"height":427},{"@type":"BreadcrumbList","@id":"https:\/\/blogdofarnesio.com.br\/?p=206381#breadcrumb","itemListElement":[{"@type":"ListItem","position":1,"name":"In\u00edcio","item":"https:\/\/blogdofarnesio.com.br\/"},{"@type":"ListItem","position":2,"name":"AUTORIZADO O IN\u00cdCIO DA CONSTRU\u00c7\u00c3O DA CRECHE DO RESIDENCIAL S\u00c3O FRANCISCO EM JUAZEIRO"}]},{"@type":"WebSite","@id":"https:\/\/blogdofarnesio.com.br\/#website","url":"https:\/\/blogdofarnesio.com.br\/","name":"Blog do Farn\u00e9sio","description":"Quer Saber Pol\u00edtica?","publisher":{"@id":"https:\/\/blogdofarnesio.com.br\/#organization"},"potentialAction":[{"@type":"SearchAction","target":{"@type":"EntryPoint","urlTemplate":"https:\/\/blogdofarnesio.com.br\/?s={search_term_string}"},"query-input":{"@type":"PropertyValueSpecification","valueRequired":true,"valueName":"search_term_string"}}],"inLanguage":"pt-BR"},{"@type":"Organization","@id":"https:\/\/blogdofarnesio.com.br\/#organization","name":"Blog do Farn\u00e9sio","url":"https:\/\/blogdofarnesio.com.br\/","logo":{"@type":"ImageObject","inLanguage":"pt-BR","@id":"https:\/\/blogdofarnesio.com.br\/#\/schema\/logo\/image\/","url":"https:\/\/blogdofarnesio.com.br\/wp-content\/uploads\/2026\/03\/cropped-logo_new-1.png","contentUrl":"https:\/\/blogdofarnesio.com.br\/wp-content\/uploads\/2026\/03\/cropped-logo_new-1.png","width":881,"height":685,"caption":"Blog do Farn\u00e9sio"},"image":{"@id":"https:\/\/blogdofarnesio.com.br\/#\/schema\/logo\/image\/"},"sameAs":["https:\/\/www.facebook.com\/BlogQuerSaberPolitica\/"]},{"@type":"Person","@id":"https:\/\/blogdofarnesio.com.br\/#\/schema\/person\/301c4acf522bccbfdb45af95b5b906a1","name":"Farn\u00e9sio","image":{"@type":"ImageObject","inLanguage":"pt-BR","@id":"https:\/\/secure.gravatar.com\/avatar\/df0c9a14567c056f8ad6876ba5bbd1e3e2c48023eb6807342fc4663adf549f38?s=96&d=mm&r=g","url":"https:\/\/secure.gravatar.com\/avatar\/df0c9a14567c056f8ad6876ba5bbd1e3e2c48023eb6807342fc4663adf549f38?s=96&d=mm&r=g","contentUrl":"https:\/\/secure.gravatar.com\/avatar\/df0c9a14567c056f8ad6876ba5bbd1e3e2c48023eb6807342fc4663adf549f38?s=96&d=mm&r=g","caption":"Farn\u00e9sio"},"sameAs":["https:\/\/quersaberpolitica.com.br"],"url":"https:\/\/blogdofarnesio.com.br\/?author=1"}]}},"_links":{"self":[{"href":"https:\/\/blogdofarnesio.com.br\/index.php?rest_route=\/wp\/v2\/posts\/206381","targetHints":{"allow":["GET"]}}],"collection":[{"href":"https:\/\/blogdofarnesio.com.br\/index.php?rest_route=\/wp\/v2\/posts"}],"about":[{"href":"https:\/\/blogdofarnesio.com.br\/index.php?rest_route=\/wp\/v2\/types\/post"}],"author":[{"embeddable":true,"href":"https:\/\/blogdofarnesio.com.br\/index.php?rest_route=\/wp\/v2\/users\/1"}],"replies":[{"embeddable":true,"href":"https:\/\/blogdofarnesio.com.br\/index.php?rest_route=%2Fwp%2Fv2%2Fcomments&post=206381"}],"version-history":[{"count":0,"href":"https:\/\/blogdofarnesio.com.br\/index.php?rest_route=\/wp\/v2\/posts\/206381\/revisions"}],"wp:featuredmedia":[{"embeddable":true,"href":"https:\/\/blogdofarnesio.com.br\/index.php?rest_route=\/wp\/v2\/media\/206384"}],"wp:attachment":[{"href":"https:\/\/blogdofarnesio.com.br\/index.php?rest_route=%2Fwp%2Fv2%2Fmedia&parent=206381"}],"wp:term":[{"taxonomy":"category","embeddable":true,"href":"https:\/\/blogdofarnesio.com.br\/index.php?rest_route=%2Fwp%2Fv2%2Fcategories&post=206381"},{"taxonomy":"post_tag","embeddable":true,"href":"https:\/\/blogdofarnesio.com.br\/index.php?rest_route=%2Fwp%2Fv2%2Ftags&post=206381"}],"curies":[{"name":"wp","href":"https:\/\/api.w.org\/{rel}","templated":true}]}}