{"id":206370,"date":"2018-08-16T16:20:00","date_gmt":"2018-08-16T19:20:00","guid":{"rendered":"http:\/\/quersaberpolitica.com.br\/2016\/?p=206370"},"modified":"2018-08-16T15:36:53","modified_gmt":"2018-08-16T18:36:53","slug":"estudantes-de-jornalismo-buscam-apoio-para-representar-o-vale-do-sao-francisco-em-congresso-nacional-de-comunicacao","status":"publish","type":"post","link":"https:\/\/blogdofarnesio.com.br\/?p=206370","title":{"rendered":"ESTUDANTES DE JORNALISMO BUSCAM APOIO PARA REPRESENTAR O VALE DO S\u00c3O FRANCISCO EM CONGRESSO NACIONAL DE COMUNICA\u00c7\u00c3O"},"content":{"rendered":"<p dir=\"ltr\" style=\"text-align: justify;\">\n<p dir=\"ltr\" style=\"text-align: justify;\"><span style=\"color: #000000; font-family: Arial;\"> Estudantes de Jornalismo buscam apoio para representar o Vale do S\u00e3o Francisco em Congresso Nacional de Comunica\u00e7\u00e3o O Intercom Nacional \u00e9 o maior congresso da Comunica\u00e7\u00e3o de todo o Brasil e re\u00fane, todos os anos, estudantes, professores e pesquisadores da \u00e1rea. Um dos momentos mais aguardados \u00e9 o Expocom, premia\u00e7\u00e3o que reconhece os melhores trabalhos produzidos pelos estudantes de gradua\u00e7\u00e3o e pessoas rec\u00e9m-graduadas. Este ano, quatro trabalhos de estudantes e rec\u00e9m-formados em Jornalismo da regi\u00e3o do Vale do S\u00e3o Francisco foram premiados na etapa nordestina do Expocom e, com isso, foram selecionados para concorrer ao pr\u00eamio nacional. Por\u00e9m, tr\u00eas desses trabalhos correm o risco de n\u00e3o serem apresentados durante o Intercom, que ser\u00e1 realizado em Joinville-SC, entre os dias 2 e 8 de setembro, j\u00e1 que os estudantes est\u00e3o enfrentando dificuldades para custear o deslocamento at\u00e9 o Congresso. Os trabalhos foram produzidos no curso de Jornalismo em Multimeios do Campus Juazeiro da Universidade do Estado da Bahia (Uneb). A estudante Jayanne Rodrigues e os rec\u00e9m-formados Jo\u00e3o Pedro Ramalho e Cora Macedo buscaram, inicialmente, o apoio da Uneb para a garantia das passagens. A Universidade, inclusive, j\u00e1 havia realizado o Intercom Nordeste, em Juazeiro, em julho deste ano, e em outras ocasi\u00f5es financiou o transporte de estudantes para o mesmo congresso. Dessa vez, por\u00e9m, alegou falta de recurso, devido aos cortes or\u00e7ament\u00e1rios feitos pelo governo estadual. Por isso, os estudantes decidiram mobilizar a comunidade do Vale do S\u00e3o Francisco para contribuir com a concretiza\u00e7\u00e3o do principal objetivo, que \u00e9 tornar a ida ao Congresso poss\u00edvel atrav\u00e9s da compra das passagens a\u00e9reas. A meta \u00e9 alcan\u00e7ar aproximadamente R$ 3.500,00. A graduanda em Jornalismo e os dois rec\u00e9m-formados no curso tamb\u00e9m est\u00e3o abertos para contribui\u00e7\u00f5es de outras naturezas por parte das pessoas interessadas em ajudar, mas que n\u00e3o possam colaborar financeiramente. Um dos trabalhos que concorrer\u00e1 ao pr\u00eamio nacional do Expocom se intitula &#8220;Vazio das \u00c1guas: vidas submersas, identidades forjadas&#8221;, de Jo\u00e3o Pedro Ramalho. A produ\u00e7\u00e3o aborda os efeitos da constru\u00e7\u00e3o da Barragem de Sobradinho-BA sobre os moradores de uma comunidade no interior de Sento-S\u00e9-BA e j\u00e1 foi laureada mais de uma vez em 2018. Al\u00e9m de ser considerado o melhor do Intercom Nordeste na modalidade &#8220;Jornalismo Liter\u00e1rio e\/ou de Opini\u00e3o&#8221;, &#8220;Vazio das \u00c1guas&#8221; foi um dos sete Trabalhos de Conclus\u00e3o de Curso de todo o pa\u00eds premiados com a sele\u00e7\u00e3o para o 13\u00ba Congresso Internacional de Jornalismo Investigativo, que foi realizado em S\u00e3o Paulo no m\u00eas de junho. Jayanne Rodrigues ir\u00e1 concorrer na modalidade &#8220;Reportagem em Radiojornalismo&#8221;, com o trabalho &#8220;Mulher da vida: \u00e9 preciso falar&#8221;, a radiorreportagem retrata a situa\u00e7\u00e3o de mulheres em situa\u00e7\u00e3o de prostitui\u00e7\u00e3o no munic\u00edpio de Juazeiro, a fim de promover o debate sobre a viol\u00eancia sofrida pela mulher prostituta. Por fim, a s\u00e9rie de reportagens televisivas &#8220;Na rota do sisal: a fibra do sert\u00e3o&#8221;, de Cora Macedo, trata da cultura do sisal no interior da Bahia, desde a planta\u00e7\u00e3o at\u00e9 a comercializa\u00e7\u00e3o, e ir\u00e1 buscar o pr\u00eamio nacional na modalidade &#8220;Produ\u00e7\u00e3o laboratorial em videojornalismo e telejornalismo&#8221;. O prazo at\u00e9 a data de in\u00edcio do Congresso \u00e9 curto, mas os estudantes acreditam na boa vontade da comunidade em ajudar. Participar do Intercom \u00e9 importante n\u00e3o apenas para o crescimento acad\u00eamico e profissional dos congressistas, mas, tamb\u00e9m, porque \u00e9 uma oportunidade de dar visibilidade para a nossa regi\u00e3o em n\u00edvel nacional. Os trabalhos que ser\u00e3o apresentados em Joinville abordam temas relevantes sobre a realidade local e merecem ser divulgados para todo o Brasil. <\/span><\/p>\n<p dir=\"ltr\" style=\"text-align: justify;\"><span style=\"color: #000000; font-family: Arial;\">As pessoas interessadas em contribuir podem entrar em contato atrav\u00e9s dos e-mails <a href=\"mailto:joaopramalhom@gmail.com\" target=\"_blank\" rel=\"noopener\">joaopramalhom@gmail.com<\/a> e <a href=\"mailto:jayyrodrigues21@gmail.com\" target=\"_blank\" rel=\"noopener\">jayyrodrigues21@gmail.com<\/a> e dos telefones (74) 98805-8297, (74) 99108-1536 e (87) 98841-1974. Est\u00e3o sendo disponibilizadas tamb\u00e9m contas banc\u00e1rias para dep\u00f3sitos e transfer\u00eancias. Caixa econ\u00f4mica Titular: Jayanne Rodrigues Sousa Ag\u00eancia: 3443 Opera\u00e7\u00e3o: 013 Conta-poupan\u00e7a: 00005455-0 Banco do Brasil Titular: Thiago Elias Santos Silva Ag\u00eancia: 228-3 Conta-poupan\u00e7a: 38654-5 Varia\u00e7\u00e3o: 51<\/span><\/p>\n","protected":false},"excerpt":{"rendered":"<p>Estudantes de Jornalismo buscam apoio para representar o Vale do S\u00e3o Francisco em Congresso Nacional de Comunica\u00e7\u00e3o O Intercom Nacional \u00e9 o maior congresso da Comunica\u00e7\u00e3o de todo o Brasil e re\u00fane, todos os anos, estudantes, professores e pesquisadores da \u00e1rea. Um dos momentos mais aguardados \u00e9 o Expocom, premia\u00e7\u00e3o que reconhece os melhores trabalhos produzidos pelos estudantes de gradua\u00e7\u00e3o e pessoas rec\u00e9m-graduadas. Este ano, quatro trabalhos de estudantes e rec\u00e9m-formados em Jornalismo da regi\u00e3o do Vale do S\u00e3o Francisco foram premiados na etapa nordestina do Expocom e, com isso, foram selecionados para concorrer ao pr\u00eamio nacional. Por\u00e9m, tr\u00eas desses trabalhos correm o risco de n\u00e3o serem apresentados durante o Intercom, que ser\u00e1 realizado em Joinville-SC, entre os dias 2&hellip; <\/p>\n","protected":false},"author":1,"featured_media":206372,"comment_status":"closed","ping_status":"closed","sticky":false,"template":"","format":"standard","meta":{"_acf_changed":false,"footnotes":""},"categories":[44],"tags":[],"class_list":["post-206370","post","type-post","status-publish","format-standard","has-post-thumbnail","hentry","category-administracao"],"acf":[],"yoast_head":"<!-- This site is optimized with the Yoast SEO plugin v27.4 - https:\/\/yoast.com\/product\/yoast-seo-wordpress\/ -->\n<title>ESTUDANTES DE JORNALISMO BUSCAM APOIO PARA REPRESENTAR O VALE DO S\u00c3O FRANCISCO EM CONGRESSO NACIONAL DE COMUNICA\u00c7\u00c3O - Blog do Farn\u00e9sio<\/title>\n<meta name=\"robots\" content=\"index, follow, max-snippet:-1, max-image-preview:large, max-video-preview:-1\" \/>\n<link rel=\"canonical\" href=\"https:\/\/blogdofarnesio.com.br\/?p=206370\" \/>\n<meta property=\"og:locale\" content=\"pt_BR\" \/>\n<meta property=\"og:type\" content=\"article\" \/>\n<meta property=\"og:title\" content=\"ESTUDANTES DE JORNALISMO BUSCAM APOIO PARA REPRESENTAR O VALE DO S\u00c3O FRANCISCO EM CONGRESSO NACIONAL DE COMUNICA\u00c7\u00c3O - Blog do Farn\u00e9sio\" \/>\n<meta property=\"og:description\" content=\"Estudantes de Jornalismo buscam apoio para representar o Vale do S\u00e3o Francisco em Congresso Nacional de Comunica\u00e7\u00e3o O Intercom Nacional \u00e9 o maior congresso da Comunica\u00e7\u00e3o de todo o Brasil e re\u00fane, todos os anos, estudantes, professores e pesquisadores da \u00e1rea. Um dos momentos mais aguardados \u00e9 o Expocom, premia\u00e7\u00e3o que reconhece os melhores trabalhos produzidos pelos estudantes de gradua\u00e7\u00e3o e pessoas rec\u00e9m-graduadas. Este ano, quatro trabalhos de estudantes e rec\u00e9m-formados em Jornalismo da regi\u00e3o do Vale do S\u00e3o Francisco foram premiados na etapa nordestina do Expocom e, com isso, foram selecionados para concorrer ao pr\u00eamio nacional. Por\u00e9m, tr\u00eas desses trabalhos correm o risco de n\u00e3o serem apresentados durante o Intercom, que ser\u00e1 realizado em Joinville-SC, entre os dias 2&hellip;\" \/>\n<meta property=\"og:url\" content=\"https:\/\/blogdofarnesio.com.br\/?p=206370\" \/>\n<meta property=\"og:site_name\" content=\"Blog do Farn\u00e9sio\" \/>\n<meta property=\"article:publisher\" content=\"https:\/\/www.facebook.com\/BlogQuerSaberPolitica\/\" \/>\n<meta property=\"article:published_time\" content=\"2018-08-16T19:20:00+00:00\" \/>\n<meta property=\"og:image\" content=\"https:\/\/blogdofarnesio.com.br\/wp-content\/uploads\/2018\/08\/blogqsp-estudante-intercon.jpg\" \/>\n\t<meta property=\"og:image:width\" content=\"640\" \/>\n\t<meta property=\"og:image:height\" content=\"480\" \/>\n\t<meta property=\"og:image:type\" content=\"image\/jpeg\" \/>\n<meta name=\"author\" content=\"Farn\u00e9sio\" \/>\n<meta name=\"twitter:card\" content=\"summary_large_image\" \/>\n<meta name=\"twitter:label1\" content=\"Escrito por\" \/>\n\t<meta name=\"twitter:data1\" content=\"Farn\u00e9sio\" \/>\n\t<meta name=\"twitter:label2\" content=\"Est. tempo de leitura\" \/>\n\t<meta name=\"twitter:data2\" content=\"3 minutos\" \/>\n<script type=\"application\/ld+json\" class=\"yoast-schema-graph\">{\"@context\":\"https:\\\/\\\/schema.org\",\"@graph\":[{\"@type\":\"Article\",\"@id\":\"https:\\\/\\\/blogdofarnesio.com.br\\\/?p=206370#article\",\"isPartOf\":{\"@id\":\"https:\\\/\\\/blogdofarnesio.com.br\\\/?p=206370\"},\"author\":{\"name\":\"Farn\u00e9sio\",\"@id\":\"https:\\\/\\\/blogdofarnesio.com.br\\\/#\\\/schema\\\/person\\\/301c4acf522bccbfdb45af95b5b906a1\"},\"headline\":\"ESTUDANTES DE JORNALISMO BUSCAM APOIO PARA REPRESENTAR O VALE DO S\u00c3O FRANCISCO EM CONGRESSO NACIONAL DE COMUNICA\u00c7\u00c3O\",\"datePublished\":\"2018-08-16T19:20:00+00:00\",\"mainEntityOfPage\":{\"@id\":\"https:\\\/\\\/blogdofarnesio.com.br\\\/?p=206370\"},\"wordCount\":716,\"publisher\":{\"@id\":\"https:\\\/\\\/blogdofarnesio.com.br\\\/#organization\"},\"image\":{\"@id\":\"https:\\\/\\\/blogdofarnesio.com.br\\\/?p=206370#primaryimage\"},\"thumbnailUrl\":\"https:\\\/\\\/blogdofarnesio.com.br\\\/wp-content\\\/uploads\\\/2018\\\/08\\\/blogqsp-estudante-intercon.jpg\",\"articleSection\":[\"Administra\u00e7\u00e3o\"],\"inLanguage\":\"pt-BR\"},{\"@type\":\"WebPage\",\"@id\":\"https:\\\/\\\/blogdofarnesio.com.br\\\/?p=206370\",\"url\":\"https:\\\/\\\/blogdofarnesio.com.br\\\/?p=206370\",\"name\":\"ESTUDANTES DE JORNALISMO BUSCAM APOIO PARA REPRESENTAR O VALE DO S\u00c3O FRANCISCO EM CONGRESSO NACIONAL DE COMUNICA\u00c7\u00c3O - Blog do Farn\u00e9sio\",\"isPartOf\":{\"@id\":\"https:\\\/\\\/blogdofarnesio.com.br\\\/#website\"},\"primaryImageOfPage\":{\"@id\":\"https:\\\/\\\/blogdofarnesio.com.br\\\/?p=206370#primaryimage\"},\"image\":{\"@id\":\"https:\\\/\\\/blogdofarnesio.com.br\\\/?p=206370#primaryimage\"},\"thumbnailUrl\":\"https:\\\/\\\/blogdofarnesio.com.br\\\/wp-content\\\/uploads\\\/2018\\\/08\\\/blogqsp-estudante-intercon.jpg\",\"datePublished\":\"2018-08-16T19:20:00+00:00\",\"breadcrumb\":{\"@id\":\"https:\\\/\\\/blogdofarnesio.com.br\\\/?p=206370#breadcrumb\"},\"inLanguage\":\"pt-BR\",\"potentialAction\":[{\"@type\":\"ReadAction\",\"target\":[\"https:\\\/\\\/blogdofarnesio.com.br\\\/?p=206370\"]}]},{\"@type\":\"ImageObject\",\"inLanguage\":\"pt-BR\",\"@id\":\"https:\\\/\\\/blogdofarnesio.com.br\\\/?p=206370#primaryimage\",\"url\":\"https:\\\/\\\/blogdofarnesio.com.br\\\/wp-content\\\/uploads\\\/2018\\\/08\\\/blogqsp-estudante-intercon.jpg\",\"contentUrl\":\"https:\\\/\\\/blogdofarnesio.com.br\\\/wp-content\\\/uploads\\\/2018\\\/08\\\/blogqsp-estudante-intercon.jpg\",\"width\":640,\"height\":480},{\"@type\":\"BreadcrumbList\",\"@id\":\"https:\\\/\\\/blogdofarnesio.com.br\\\/?p=206370#breadcrumb\",\"itemListElement\":[{\"@type\":\"ListItem\",\"position\":1,\"name\":\"In\u00edcio\",\"item\":\"https:\\\/\\\/blogdofarnesio.com.br\\\/\"},{\"@type\":\"ListItem\",\"position\":2,\"name\":\"ESTUDANTES DE JORNALISMO BUSCAM APOIO PARA REPRESENTAR O VALE DO S\u00c3O FRANCISCO EM CONGRESSO NACIONAL DE COMUNICA\u00c7\u00c3O\"}]},{\"@type\":\"WebSite\",\"@id\":\"https:\\\/\\\/blogdofarnesio.com.br\\\/#website\",\"url\":\"https:\\\/\\\/blogdofarnesio.com.br\\\/\",\"name\":\"Blog do Farn\u00e9sio\",\"description\":\"Quer Saber Pol\u00edtica?\",\"publisher\":{\"@id\":\"https:\\\/\\\/blogdofarnesio.com.br\\\/#organization\"},\"potentialAction\":[{\"@type\":\"SearchAction\",\"target\":{\"@type\":\"EntryPoint\",\"urlTemplate\":\"https:\\\/\\\/blogdofarnesio.com.br\\\/?s={search_term_string}\"},\"query-input\":{\"@type\":\"PropertyValueSpecification\",\"valueRequired\":true,\"valueName\":\"search_term_string\"}}],\"inLanguage\":\"pt-BR\"},{\"@type\":\"Organization\",\"@id\":\"https:\\\/\\\/blogdofarnesio.com.br\\\/#organization\",\"name\":\"Blog do Farn\u00e9sio\",\"url\":\"https:\\\/\\\/blogdofarnesio.com.br\\\/\",\"logo\":{\"@type\":\"ImageObject\",\"inLanguage\":\"pt-BR\",\"@id\":\"https:\\\/\\\/blogdofarnesio.com.br\\\/#\\\/schema\\\/logo\\\/image\\\/\",\"url\":\"https:\\\/\\\/blogdofarnesio.com.br\\\/wp-content\\\/uploads\\\/2026\\\/03\\\/cropped-logo_new-1.png\",\"contentUrl\":\"https:\\\/\\\/blogdofarnesio.com.br\\\/wp-content\\\/uploads\\\/2026\\\/03\\\/cropped-logo_new-1.png\",\"width\":881,\"height\":685,\"caption\":\"Blog do Farn\u00e9sio\"},\"image\":{\"@id\":\"https:\\\/\\\/blogdofarnesio.com.br\\\/#\\\/schema\\\/logo\\\/image\\\/\"},\"sameAs\":[\"https:\\\/\\\/www.facebook.com\\\/BlogQuerSaberPolitica\\\/\"]},{\"@type\":\"Person\",\"@id\":\"https:\\\/\\\/blogdofarnesio.com.br\\\/#\\\/schema\\\/person\\\/301c4acf522bccbfdb45af95b5b906a1\",\"name\":\"Farn\u00e9sio\",\"image\":{\"@type\":\"ImageObject\",\"inLanguage\":\"pt-BR\",\"@id\":\"https:\\\/\\\/secure.gravatar.com\\\/avatar\\\/df0c9a14567c056f8ad6876ba5bbd1e3e2c48023eb6807342fc4663adf549f38?s=96&d=mm&r=g\",\"url\":\"https:\\\/\\\/secure.gravatar.com\\\/avatar\\\/df0c9a14567c056f8ad6876ba5bbd1e3e2c48023eb6807342fc4663adf549f38?s=96&d=mm&r=g\",\"contentUrl\":\"https:\\\/\\\/secure.gravatar.com\\\/avatar\\\/df0c9a14567c056f8ad6876ba5bbd1e3e2c48023eb6807342fc4663adf549f38?s=96&d=mm&r=g\",\"caption\":\"Farn\u00e9sio\"},\"sameAs\":[\"https:\\\/\\\/quersaberpolitica.com.br\"],\"url\":\"https:\\\/\\\/blogdofarnesio.com.br\\\/?author=1\"}]}<\/script>\n<!-- \/ Yoast SEO plugin. -->","yoast_head_json":{"title":"ESTUDANTES DE JORNALISMO BUSCAM APOIO PARA REPRESENTAR O VALE DO S\u00c3O FRANCISCO EM CONGRESSO NACIONAL DE COMUNICA\u00c7\u00c3O - Blog do Farn\u00e9sio","robots":{"index":"index","follow":"follow","max-snippet":"max-snippet:-1","max-image-preview":"max-image-preview:large","max-video-preview":"max-video-preview:-1"},"canonical":"https:\/\/blogdofarnesio.com.br\/?p=206370","og_locale":"pt_BR","og_type":"article","og_title":"ESTUDANTES DE JORNALISMO BUSCAM APOIO PARA REPRESENTAR O VALE DO S\u00c3O FRANCISCO EM CONGRESSO NACIONAL DE COMUNICA\u00c7\u00c3O - Blog do Farn\u00e9sio","og_description":"Estudantes de Jornalismo buscam apoio para representar o Vale do S\u00e3o Francisco em Congresso Nacional de Comunica\u00e7\u00e3o O Intercom Nacional \u00e9 o maior congresso da Comunica\u00e7\u00e3o de todo o Brasil e re\u00fane, todos os anos, estudantes, professores e pesquisadores da \u00e1rea. Um dos momentos mais aguardados \u00e9 o Expocom, premia\u00e7\u00e3o que reconhece os melhores trabalhos produzidos pelos estudantes de gradua\u00e7\u00e3o e pessoas rec\u00e9m-graduadas. Este ano, quatro trabalhos de estudantes e rec\u00e9m-formados em Jornalismo da regi\u00e3o do Vale do S\u00e3o Francisco foram premiados na etapa nordestina do Expocom e, com isso, foram selecionados para concorrer ao pr\u00eamio nacional. Por\u00e9m, tr\u00eas desses trabalhos correm o risco de n\u00e3o serem apresentados durante o Intercom, que ser\u00e1 realizado em Joinville-SC, entre os dias 2&hellip;","og_url":"https:\/\/blogdofarnesio.com.br\/?p=206370","og_site_name":"Blog do Farn\u00e9sio","article_publisher":"https:\/\/www.facebook.com\/BlogQuerSaberPolitica\/","article_published_time":"2018-08-16T19:20:00+00:00","og_image":[{"width":640,"height":480,"url":"https:\/\/blogdofarnesio.com.br\/wp-content\/uploads\/2018\/08\/blogqsp-estudante-intercon.jpg","type":"image\/jpeg"}],"author":"Farn\u00e9sio","twitter_card":"summary_large_image","twitter_misc":{"Escrito por":"Farn\u00e9sio","Est. tempo de leitura":"3 minutos"},"schema":{"@context":"https:\/\/schema.org","@graph":[{"@type":"Article","@id":"https:\/\/blogdofarnesio.com.br\/?p=206370#article","isPartOf":{"@id":"https:\/\/blogdofarnesio.com.br\/?p=206370"},"author":{"name":"Farn\u00e9sio","@id":"https:\/\/blogdofarnesio.com.br\/#\/schema\/person\/301c4acf522bccbfdb45af95b5b906a1"},"headline":"ESTUDANTES DE JORNALISMO BUSCAM APOIO PARA REPRESENTAR O VALE DO S\u00c3O FRANCISCO EM CONGRESSO NACIONAL DE COMUNICA\u00c7\u00c3O","datePublished":"2018-08-16T19:20:00+00:00","mainEntityOfPage":{"@id":"https:\/\/blogdofarnesio.com.br\/?p=206370"},"wordCount":716,"publisher":{"@id":"https:\/\/blogdofarnesio.com.br\/#organization"},"image":{"@id":"https:\/\/blogdofarnesio.com.br\/?p=206370#primaryimage"},"thumbnailUrl":"https:\/\/blogdofarnesio.com.br\/wp-content\/uploads\/2018\/08\/blogqsp-estudante-intercon.jpg","articleSection":["Administra\u00e7\u00e3o"],"inLanguage":"pt-BR"},{"@type":"WebPage","@id":"https:\/\/blogdofarnesio.com.br\/?p=206370","url":"https:\/\/blogdofarnesio.com.br\/?p=206370","name":"ESTUDANTES DE JORNALISMO BUSCAM APOIO PARA REPRESENTAR O VALE DO S\u00c3O FRANCISCO EM CONGRESSO NACIONAL DE COMUNICA\u00c7\u00c3O - Blog do Farn\u00e9sio","isPartOf":{"@id":"https:\/\/blogdofarnesio.com.br\/#website"},"primaryImageOfPage":{"@id":"https:\/\/blogdofarnesio.com.br\/?p=206370#primaryimage"},"image":{"@id":"https:\/\/blogdofarnesio.com.br\/?p=206370#primaryimage"},"thumbnailUrl":"https:\/\/blogdofarnesio.com.br\/wp-content\/uploads\/2018\/08\/blogqsp-estudante-intercon.jpg","datePublished":"2018-08-16T19:20:00+00:00","breadcrumb":{"@id":"https:\/\/blogdofarnesio.com.br\/?p=206370#breadcrumb"},"inLanguage":"pt-BR","potentialAction":[{"@type":"ReadAction","target":["https:\/\/blogdofarnesio.com.br\/?p=206370"]}]},{"@type":"ImageObject","inLanguage":"pt-BR","@id":"https:\/\/blogdofarnesio.com.br\/?p=206370#primaryimage","url":"https:\/\/blogdofarnesio.com.br\/wp-content\/uploads\/2018\/08\/blogqsp-estudante-intercon.jpg","contentUrl":"https:\/\/blogdofarnesio.com.br\/wp-content\/uploads\/2018\/08\/blogqsp-estudante-intercon.jpg","width":640,"height":480},{"@type":"BreadcrumbList","@id":"https:\/\/blogdofarnesio.com.br\/?p=206370#breadcrumb","itemListElement":[{"@type":"ListItem","position":1,"name":"In\u00edcio","item":"https:\/\/blogdofarnesio.com.br\/"},{"@type":"ListItem","position":2,"name":"ESTUDANTES DE JORNALISMO BUSCAM APOIO PARA REPRESENTAR O VALE DO S\u00c3O FRANCISCO EM CONGRESSO NACIONAL DE COMUNICA\u00c7\u00c3O"}]},{"@type":"WebSite","@id":"https:\/\/blogdofarnesio.com.br\/#website","url":"https:\/\/blogdofarnesio.com.br\/","name":"Blog do Farn\u00e9sio","description":"Quer Saber Pol\u00edtica?","publisher":{"@id":"https:\/\/blogdofarnesio.com.br\/#organization"},"potentialAction":[{"@type":"SearchAction","target":{"@type":"EntryPoint","urlTemplate":"https:\/\/blogdofarnesio.com.br\/?s={search_term_string}"},"query-input":{"@type":"PropertyValueSpecification","valueRequired":true,"valueName":"search_term_string"}}],"inLanguage":"pt-BR"},{"@type":"Organization","@id":"https:\/\/blogdofarnesio.com.br\/#organization","name":"Blog do Farn\u00e9sio","url":"https:\/\/blogdofarnesio.com.br\/","logo":{"@type":"ImageObject","inLanguage":"pt-BR","@id":"https:\/\/blogdofarnesio.com.br\/#\/schema\/logo\/image\/","url":"https:\/\/blogdofarnesio.com.br\/wp-content\/uploads\/2026\/03\/cropped-logo_new-1.png","contentUrl":"https:\/\/blogdofarnesio.com.br\/wp-content\/uploads\/2026\/03\/cropped-logo_new-1.png","width":881,"height":685,"caption":"Blog do Farn\u00e9sio"},"image":{"@id":"https:\/\/blogdofarnesio.com.br\/#\/schema\/logo\/image\/"},"sameAs":["https:\/\/www.facebook.com\/BlogQuerSaberPolitica\/"]},{"@type":"Person","@id":"https:\/\/blogdofarnesio.com.br\/#\/schema\/person\/301c4acf522bccbfdb45af95b5b906a1","name":"Farn\u00e9sio","image":{"@type":"ImageObject","inLanguage":"pt-BR","@id":"https:\/\/secure.gravatar.com\/avatar\/df0c9a14567c056f8ad6876ba5bbd1e3e2c48023eb6807342fc4663adf549f38?s=96&d=mm&r=g","url":"https:\/\/secure.gravatar.com\/avatar\/df0c9a14567c056f8ad6876ba5bbd1e3e2c48023eb6807342fc4663adf549f38?s=96&d=mm&r=g","contentUrl":"https:\/\/secure.gravatar.com\/avatar\/df0c9a14567c056f8ad6876ba5bbd1e3e2c48023eb6807342fc4663adf549f38?s=96&d=mm&r=g","caption":"Farn\u00e9sio"},"sameAs":["https:\/\/quersaberpolitica.com.br"],"url":"https:\/\/blogdofarnesio.com.br\/?author=1"}]}},"_links":{"self":[{"href":"https:\/\/blogdofarnesio.com.br\/index.php?rest_route=\/wp\/v2\/posts\/206370","targetHints":{"allow":["GET"]}}],"collection":[{"href":"https:\/\/blogdofarnesio.com.br\/index.php?rest_route=\/wp\/v2\/posts"}],"about":[{"href":"https:\/\/blogdofarnesio.com.br\/index.php?rest_route=\/wp\/v2\/types\/post"}],"author":[{"embeddable":true,"href":"https:\/\/blogdofarnesio.com.br\/index.php?rest_route=\/wp\/v2\/users\/1"}],"replies":[{"embeddable":true,"href":"https:\/\/blogdofarnesio.com.br\/index.php?rest_route=%2Fwp%2Fv2%2Fcomments&post=206370"}],"version-history":[{"count":0,"href":"https:\/\/blogdofarnesio.com.br\/index.php?rest_route=\/wp\/v2\/posts\/206370\/revisions"}],"wp:featuredmedia":[{"embeddable":true,"href":"https:\/\/blogdofarnesio.com.br\/index.php?rest_route=\/wp\/v2\/media\/206372"}],"wp:attachment":[{"href":"https:\/\/blogdofarnesio.com.br\/index.php?rest_route=%2Fwp%2Fv2%2Fmedia&parent=206370"}],"wp:term":[{"taxonomy":"category","embeddable":true,"href":"https:\/\/blogdofarnesio.com.br\/index.php?rest_route=%2Fwp%2Fv2%2Fcategories&post=206370"},{"taxonomy":"post_tag","embeddable":true,"href":"https:\/\/blogdofarnesio.com.br\/index.php?rest_route=%2Fwp%2Fv2%2Ftags&post=206370"}],"curies":[{"name":"wp","href":"https:\/\/api.w.org\/{rel}","templated":true}]}}