{"id":206363,"date":"2018-08-16T15:40:47","date_gmt":"2018-08-16T18:40:47","guid":{"rendered":"http:\/\/quersaberpolitica.com.br\/2016\/?p=206363"},"modified":"2018-08-16T15:32:52","modified_gmt":"2018-08-16T18:32:52","slug":"juazeiro-tera-o-primeiro-servico-de-radioterapia-do-norte-da-bahia","status":"publish","type":"post","link":"https:\/\/blogdofarnesio.com.br\/?p=206363","title":{"rendered":"JUAZEIRO TER\u00c1 O PRIMEIRO SERVI\u00c7O DE RADIOTERAPIA DO NORTE DA BAHIA"},"content":{"rendered":"<div dir=\"auto\" style=\"text-align: justify;\">At\u00e9 o final do ano, Juazeiro ter\u00e1 o primeiro servi\u00e7o de radioterapia do norte da Bahia, se tornando refer\u00eancia para pacientes oncol\u00f3gicos em uma regi\u00e3o com mais de 540 mil habitantes. Com o investimento de R$ 17 milh\u00f5es em obras, a Secretaria da Sa\u00fade do Estado da Bahia (Sesab) est\u00e1 construindo uma nova Unidade de Alta Complexidade em Oncologia (Unacon) que funcionar\u00e1 ao lado do Hospital Regional de Juazeiro. Acompanhado do prefeito do munic\u00edpio, Paulo Bomfim, o secret\u00e1rio da sa\u00fade do Estado, F\u00e1bio Vilas-Boas, inspecionou as obras nesta quinta-feira (16), onde verificou que as interven\u00e7\u00f5es est\u00e3o 60% conclu\u00eddas.<\/div>\n<div dir=\"auto\" style=\"text-align: justify;\"><\/div>\n<div dir=\"auto\" style=\"text-align: justify;\">Com sete pavimentos e mais de 4 mil metros quadrados de \u00e1rea constru\u00edda, a Unacon ofertar\u00e1 diversos servi\u00e7os, como radioterapia, braquiterapia, quimioterapia e cirurgia oncol\u00f3gica. \u201cEstamos ampliando e descentralizando o acesso ao tratamento oncol\u00f3gico pelo Sistema \u00danico de Sa\u00fade (SUS). Atualmente, apenas Salvador e Feira de Santana possuem um acelerador linear, que \u00e9 o equipamento para o tratamento radioter\u00e1pico, mas at\u00e9 o final do ano teremos em Juazeiro, Vit\u00f3ria da Conquista e Teixeira de Freitas\u201d, afirma o secret\u00e1rio.<\/div>\n<div dir=\"auto\" style=\"text-align: justify;\"><\/div>\n<div dir=\"auto\" style=\"text-align: justify;\">Por ano, o acelerador linear a ser instalado em Juazeiro tem capacidade para realizar 43 mil sess\u00f5es de radioterapia. Quando n\u00e3o \u00e9 poss\u00edvel obter a cura, a radioterapia pode contribuir para a melhoria substancial da qualidade de vida. As aplica\u00e7\u00f5es diminuem o tamanho do tumor, o que alivia a press\u00e3o, reduz hemorragias, dores e outros sintomas, proporcionando al\u00edvio aos pacientes.<\/div>\n<div dir=\"auto\" style=\"text-align: justify;\"><\/div>\n<div dir=\"auto\" style=\"text-align: justify;\">*Policl\u00ednica*<\/div>\n<div dir=\"auto\" style=\"text-align: justify;\"><\/div>\n<div dir=\"auto\" style=\"text-align: justify;\">O Estado est\u00e1 investindo mais de R$ 24 milh\u00f5es entre obras, equipamentos e a aquisi\u00e7\u00e3o de 6 micro \u00f4nibus para atender 10 munic\u00edpios. \u201cTemos o compromisso de ampliar e descentralizar o acesso aos servi\u00e7os de sa\u00fade em toda a Bahia, e as policl\u00ednicas regionais contribuem para reduzir o vazio assistencial de m\u00e9dia complexidade, ampliar o diagn\u00f3stico das doen\u00e7as cr\u00f4nicas e degenerativas, tornando-o mais precoce, al\u00e9m de melhorar a resolutividade da sa\u00fade p\u00fablica&#8221;, afirma o secret\u00e1rio.<\/div>\n<div dir=\"auto\" style=\"text-align: justify;\"><\/div>\n<div dir=\"auto\" style=\"text-align: justify;\">Entre as novidades, est\u00e1 a forma de gest\u00e3o compartilhada entre o governo estadual, que financia 40% dos custos mensais, enquanto os munic\u00edpios consorciados v\u00e3o cobrir os 60% restantes proporcionalmente \u00e0 popula\u00e7\u00e3o. Os munic\u00edpios participantes do cons\u00f3rcio s\u00e3o Campo Alegre de Lourdes, Canudos, Casa Nova, Cura\u00e7\u00e1, Juazeiro, Pil\u00e3o Arcado, Remanso, Sento S\u00e9,\u00a0 Sobradinho e Uau\u00e1.<\/div>\n<div dir=\"auto\" style=\"text-align: justify;\"><\/div>\n<div dir=\"auto\" style=\"text-align: justify;\">A popula\u00e7\u00e3o ter\u00e1 acesso a uma variedade de especialidades m\u00e9dicas, a exemplo de angiologia, cardiologia, endocrinologia, gastrenterologia, neurologia, ortopedia, oftalmologia, otorrinolaringologia, ginecologia\/obstetr\u00edcia, mastologia e urologia. Diversos exames tamb\u00e9m ser\u00e3o oferecidos, com destaque para os seguintes: resson\u00e2ncia magn\u00e9tica, tomografia, mamografia, ultrassonografia com doppler, ecocardiografia, ergometria, mapa, holter, eletroencefalograma, eletromiografia, raio-X, eletrocardiograma, endoscopia, colonoscopia, nasolaringoscopia, colposcopia, entre outros, ligados \u00e0s especialidades de oftalmologia. Tamb\u00e9m ser\u00e3o realizados vasectomia, cauteriza\u00e7\u00e3o, pequenas cirurgias e cuidados com o p\u00e9 diab\u00e9tico, al\u00e9m de bi\u00f3psias de mama, tireoide, pr\u00f3stata, d\u00e9rmica, gastroenteral, dentre outras.<\/div>\n<div dir=\"auto\" style=\"text-align: justify;\"><\/div>\n<div dir=\"auto\" style=\"text-align: justify;\">Atualmente, oito policl\u00ednicas est\u00e3o em funcionamento nas cidades de Teixeira de Freitas, Irec\u00ea, Guanambi, Jequi\u00e9, Feira de Santana, Alagoinhas, Santo Ant\u00f4nio de Jesus e Valen\u00e7a, sendo refer\u00eancia para aproximadamente 4 milh\u00f5es de baianos. Al\u00e9m de Juazeiro, outras nove policl\u00ednicas est\u00e3o em constru\u00e7\u00e3o nos munic\u00edpios de Sim\u00f5es, Salvador, Itabuna, Vit\u00f3ria da Conquista, Jacobina, Paulo Afonso, Barreiras, Senhor do Bonfim e S\u00e3o Francisco do Conde.<\/div>\n","protected":false},"excerpt":{"rendered":"<p>At\u00e9 o final do ano, Juazeiro ter\u00e1 o primeiro servi\u00e7o de radioterapia do norte da Bahia, se tornando refer\u00eancia para pacientes oncol\u00f3gicos em uma regi\u00e3o com mais de 540 mil habitantes. Com o investimento de R$ 17 milh\u00f5es em obras, a Secretaria da Sa\u00fade do Estado da Bahia (Sesab) est\u00e1 construindo uma nova Unidade de Alta Complexidade em Oncologia (Unacon) que funcionar\u00e1 ao lado do Hospital Regional de Juazeiro. Acompanhado do prefeito do munic\u00edpio, Paulo Bomfim, o secret\u00e1rio da sa\u00fade do Estado, F\u00e1bio Vilas-Boas, inspecionou as obras nesta quinta-feira (16), onde verificou que as interven\u00e7\u00f5es est\u00e3o 60% conclu\u00eddas. Com sete pavimentos e mais de 4 mil metros quadrados de \u00e1rea constru\u00edda, a Unacon ofertar\u00e1 diversos servi\u00e7os, como radioterapia, braquiterapia, quimioterapia&hellip; <\/p>\n","protected":false},"author":1,"featured_media":206366,"comment_status":"closed","ping_status":"closed","sticky":false,"template":"","format":"standard","meta":{"_acf_changed":false,"footnotes":""},"categories":[44],"tags":[],"class_list":["post-206363","post","type-post","status-publish","format-standard","has-post-thumbnail","hentry","category-administracao"],"acf":[],"yoast_head":"<!-- This site is optimized with the Yoast SEO plugin v27.4 - https:\/\/yoast.com\/product\/yoast-seo-wordpress\/ -->\n<title>JUAZEIRO TER\u00c1 O PRIMEIRO SERVI\u00c7O DE RADIOTERAPIA DO NORTE DA BAHIA - Blog do Farn\u00e9sio<\/title>\n<meta name=\"robots\" content=\"index, follow, max-snippet:-1, max-image-preview:large, max-video-preview:-1\" \/>\n<link rel=\"canonical\" href=\"https:\/\/blogdofarnesio.com.br\/?p=206363\" \/>\n<meta property=\"og:locale\" content=\"pt_BR\" \/>\n<meta property=\"og:type\" content=\"article\" \/>\n<meta property=\"og:title\" content=\"JUAZEIRO TER\u00c1 O PRIMEIRO SERVI\u00c7O DE RADIOTERAPIA DO NORTE DA BAHIA - Blog do Farn\u00e9sio\" \/>\n<meta property=\"og:description\" content=\"At\u00e9 o final do ano, Juazeiro ter\u00e1 o primeiro servi\u00e7o de radioterapia do norte da Bahia, se tornando refer\u00eancia para pacientes oncol\u00f3gicos em uma regi\u00e3o com mais de 540 mil habitantes. Com o investimento de R$ 17 milh\u00f5es em obras, a Secretaria da Sa\u00fade do Estado da Bahia (Sesab) est\u00e1 construindo uma nova Unidade de Alta Complexidade em Oncologia (Unacon) que funcionar\u00e1 ao lado do Hospital Regional de Juazeiro. Acompanhado do prefeito do munic\u00edpio, Paulo Bomfim, o secret\u00e1rio da sa\u00fade do Estado, F\u00e1bio Vilas-Boas, inspecionou as obras nesta quinta-feira (16), onde verificou que as interven\u00e7\u00f5es est\u00e3o 60% conclu\u00eddas. Com sete pavimentos e mais de 4 mil metros quadrados de \u00e1rea constru\u00edda, a Unacon ofertar\u00e1 diversos servi\u00e7os, como radioterapia, braquiterapia, quimioterapia&hellip;\" \/>\n<meta property=\"og:url\" content=\"https:\/\/blogdofarnesio.com.br\/?p=206363\" \/>\n<meta property=\"og:site_name\" content=\"Blog do Farn\u00e9sio\" \/>\n<meta property=\"article:publisher\" content=\"https:\/\/www.facebook.com\/BlogQuerSaberPolitica\/\" \/>\n<meta property=\"article:published_time\" content=\"2018-08-16T18:40:47+00:00\" \/>\n<meta property=\"og:image\" content=\"https:\/\/blogdofarnesio.com.br\/wp-content\/uploads\/2018\/08\/blogqsp-policlinica.jpg\" \/>\n\t<meta property=\"og:image:width\" content=\"640\" \/>\n\t<meta property=\"og:image:height\" content=\"480\" \/>\n\t<meta property=\"og:image:type\" content=\"image\/jpeg\" \/>\n<meta name=\"author\" content=\"Farn\u00e9sio\" \/>\n<meta name=\"twitter:card\" content=\"summary_large_image\" \/>\n<meta name=\"twitter:label1\" content=\"Escrito por\" \/>\n\t<meta name=\"twitter:data1\" content=\"Farn\u00e9sio\" \/>\n\t<meta name=\"twitter:label2\" content=\"Est. tempo de leitura\" \/>\n\t<meta name=\"twitter:data2\" content=\"3 minutos\" \/>\n<script type=\"application\/ld+json\" class=\"yoast-schema-graph\">{\"@context\":\"https:\\\/\\\/schema.org\",\"@graph\":[{\"@type\":\"Article\",\"@id\":\"https:\\\/\\\/blogdofarnesio.com.br\\\/?p=206363#article\",\"isPartOf\":{\"@id\":\"https:\\\/\\\/blogdofarnesio.com.br\\\/?p=206363\"},\"author\":{\"name\":\"Farn\u00e9sio\",\"@id\":\"https:\\\/\\\/blogdofarnesio.com.br\\\/#\\\/schema\\\/person\\\/301c4acf522bccbfdb45af95b5b906a1\"},\"headline\":\"JUAZEIRO TER\u00c1 O PRIMEIRO SERVI\u00c7O DE RADIOTERAPIA DO NORTE DA BAHIA\",\"datePublished\":\"2018-08-16T18:40:47+00:00\",\"mainEntityOfPage\":{\"@id\":\"https:\\\/\\\/blogdofarnesio.com.br\\\/?p=206363\"},\"wordCount\":591,\"publisher\":{\"@id\":\"https:\\\/\\\/blogdofarnesio.com.br\\\/#organization\"},\"image\":{\"@id\":\"https:\\\/\\\/blogdofarnesio.com.br\\\/?p=206363#primaryimage\"},\"thumbnailUrl\":\"https:\\\/\\\/blogdofarnesio.com.br\\\/wp-content\\\/uploads\\\/2018\\\/08\\\/blogqsp-policlinica.jpg\",\"articleSection\":[\"Administra\u00e7\u00e3o\"],\"inLanguage\":\"pt-BR\"},{\"@type\":\"WebPage\",\"@id\":\"https:\\\/\\\/blogdofarnesio.com.br\\\/?p=206363\",\"url\":\"https:\\\/\\\/blogdofarnesio.com.br\\\/?p=206363\",\"name\":\"JUAZEIRO TER\u00c1 O PRIMEIRO SERVI\u00c7O DE RADIOTERAPIA DO NORTE DA BAHIA - Blog do Farn\u00e9sio\",\"isPartOf\":{\"@id\":\"https:\\\/\\\/blogdofarnesio.com.br\\\/#website\"},\"primaryImageOfPage\":{\"@id\":\"https:\\\/\\\/blogdofarnesio.com.br\\\/?p=206363#primaryimage\"},\"image\":{\"@id\":\"https:\\\/\\\/blogdofarnesio.com.br\\\/?p=206363#primaryimage\"},\"thumbnailUrl\":\"https:\\\/\\\/blogdofarnesio.com.br\\\/wp-content\\\/uploads\\\/2018\\\/08\\\/blogqsp-policlinica.jpg\",\"datePublished\":\"2018-08-16T18:40:47+00:00\",\"breadcrumb\":{\"@id\":\"https:\\\/\\\/blogdofarnesio.com.br\\\/?p=206363#breadcrumb\"},\"inLanguage\":\"pt-BR\",\"potentialAction\":[{\"@type\":\"ReadAction\",\"target\":[\"https:\\\/\\\/blogdofarnesio.com.br\\\/?p=206363\"]}]},{\"@type\":\"ImageObject\",\"inLanguage\":\"pt-BR\",\"@id\":\"https:\\\/\\\/blogdofarnesio.com.br\\\/?p=206363#primaryimage\",\"url\":\"https:\\\/\\\/blogdofarnesio.com.br\\\/wp-content\\\/uploads\\\/2018\\\/08\\\/blogqsp-policlinica.jpg\",\"contentUrl\":\"https:\\\/\\\/blogdofarnesio.com.br\\\/wp-content\\\/uploads\\\/2018\\\/08\\\/blogqsp-policlinica.jpg\",\"width\":640,\"height\":480},{\"@type\":\"BreadcrumbList\",\"@id\":\"https:\\\/\\\/blogdofarnesio.com.br\\\/?p=206363#breadcrumb\",\"itemListElement\":[{\"@type\":\"ListItem\",\"position\":1,\"name\":\"In\u00edcio\",\"item\":\"https:\\\/\\\/blogdofarnesio.com.br\\\/\"},{\"@type\":\"ListItem\",\"position\":2,\"name\":\"JUAZEIRO TER\u00c1 O PRIMEIRO SERVI\u00c7O DE RADIOTERAPIA DO NORTE DA BAHIA\"}]},{\"@type\":\"WebSite\",\"@id\":\"https:\\\/\\\/blogdofarnesio.com.br\\\/#website\",\"url\":\"https:\\\/\\\/blogdofarnesio.com.br\\\/\",\"name\":\"Blog do Farn\u00e9sio\",\"description\":\"Quer Saber Pol\u00edtica?\",\"publisher\":{\"@id\":\"https:\\\/\\\/blogdofarnesio.com.br\\\/#organization\"},\"potentialAction\":[{\"@type\":\"SearchAction\",\"target\":{\"@type\":\"EntryPoint\",\"urlTemplate\":\"https:\\\/\\\/blogdofarnesio.com.br\\\/?s={search_term_string}\"},\"query-input\":{\"@type\":\"PropertyValueSpecification\",\"valueRequired\":true,\"valueName\":\"search_term_string\"}}],\"inLanguage\":\"pt-BR\"},{\"@type\":\"Organization\",\"@id\":\"https:\\\/\\\/blogdofarnesio.com.br\\\/#organization\",\"name\":\"Blog do Farn\u00e9sio\",\"url\":\"https:\\\/\\\/blogdofarnesio.com.br\\\/\",\"logo\":{\"@type\":\"ImageObject\",\"inLanguage\":\"pt-BR\",\"@id\":\"https:\\\/\\\/blogdofarnesio.com.br\\\/#\\\/schema\\\/logo\\\/image\\\/\",\"url\":\"https:\\\/\\\/blogdofarnesio.com.br\\\/wp-content\\\/uploads\\\/2026\\\/03\\\/cropped-logo_new-1.png\",\"contentUrl\":\"https:\\\/\\\/blogdofarnesio.com.br\\\/wp-content\\\/uploads\\\/2026\\\/03\\\/cropped-logo_new-1.png\",\"width\":881,\"height\":685,\"caption\":\"Blog do Farn\u00e9sio\"},\"image\":{\"@id\":\"https:\\\/\\\/blogdofarnesio.com.br\\\/#\\\/schema\\\/logo\\\/image\\\/\"},\"sameAs\":[\"https:\\\/\\\/www.facebook.com\\\/BlogQuerSaberPolitica\\\/\"]},{\"@type\":\"Person\",\"@id\":\"https:\\\/\\\/blogdofarnesio.com.br\\\/#\\\/schema\\\/person\\\/301c4acf522bccbfdb45af95b5b906a1\",\"name\":\"Farn\u00e9sio\",\"image\":{\"@type\":\"ImageObject\",\"inLanguage\":\"pt-BR\",\"@id\":\"https:\\\/\\\/secure.gravatar.com\\\/avatar\\\/df0c9a14567c056f8ad6876ba5bbd1e3e2c48023eb6807342fc4663adf549f38?s=96&d=mm&r=g\",\"url\":\"https:\\\/\\\/secure.gravatar.com\\\/avatar\\\/df0c9a14567c056f8ad6876ba5bbd1e3e2c48023eb6807342fc4663adf549f38?s=96&d=mm&r=g\",\"contentUrl\":\"https:\\\/\\\/secure.gravatar.com\\\/avatar\\\/df0c9a14567c056f8ad6876ba5bbd1e3e2c48023eb6807342fc4663adf549f38?s=96&d=mm&r=g\",\"caption\":\"Farn\u00e9sio\"},\"sameAs\":[\"https:\\\/\\\/quersaberpolitica.com.br\"],\"url\":\"https:\\\/\\\/blogdofarnesio.com.br\\\/?author=1\"}]}<\/script>\n<!-- \/ Yoast SEO plugin. -->","yoast_head_json":{"title":"JUAZEIRO TER\u00c1 O PRIMEIRO SERVI\u00c7O DE RADIOTERAPIA DO NORTE DA BAHIA - Blog do Farn\u00e9sio","robots":{"index":"index","follow":"follow","max-snippet":"max-snippet:-1","max-image-preview":"max-image-preview:large","max-video-preview":"max-video-preview:-1"},"canonical":"https:\/\/blogdofarnesio.com.br\/?p=206363","og_locale":"pt_BR","og_type":"article","og_title":"JUAZEIRO TER\u00c1 O PRIMEIRO SERVI\u00c7O DE RADIOTERAPIA DO NORTE DA BAHIA - Blog do Farn\u00e9sio","og_description":"At\u00e9 o final do ano, Juazeiro ter\u00e1 o primeiro servi\u00e7o de radioterapia do norte da Bahia, se tornando refer\u00eancia para pacientes oncol\u00f3gicos em uma regi\u00e3o com mais de 540 mil habitantes. Com o investimento de R$ 17 milh\u00f5es em obras, a Secretaria da Sa\u00fade do Estado da Bahia (Sesab) est\u00e1 construindo uma nova Unidade de Alta Complexidade em Oncologia (Unacon) que funcionar\u00e1 ao lado do Hospital Regional de Juazeiro. Acompanhado do prefeito do munic\u00edpio, Paulo Bomfim, o secret\u00e1rio da sa\u00fade do Estado, F\u00e1bio Vilas-Boas, inspecionou as obras nesta quinta-feira (16), onde verificou que as interven\u00e7\u00f5es est\u00e3o 60% conclu\u00eddas. Com sete pavimentos e mais de 4 mil metros quadrados de \u00e1rea constru\u00edda, a Unacon ofertar\u00e1 diversos servi\u00e7os, como radioterapia, braquiterapia, quimioterapia&hellip;","og_url":"https:\/\/blogdofarnesio.com.br\/?p=206363","og_site_name":"Blog do Farn\u00e9sio","article_publisher":"https:\/\/www.facebook.com\/BlogQuerSaberPolitica\/","article_published_time":"2018-08-16T18:40:47+00:00","og_image":[{"width":640,"height":480,"url":"https:\/\/blogdofarnesio.com.br\/wp-content\/uploads\/2018\/08\/blogqsp-policlinica.jpg","type":"image\/jpeg"}],"author":"Farn\u00e9sio","twitter_card":"summary_large_image","twitter_misc":{"Escrito por":"Farn\u00e9sio","Est. tempo de leitura":"3 minutos"},"schema":{"@context":"https:\/\/schema.org","@graph":[{"@type":"Article","@id":"https:\/\/blogdofarnesio.com.br\/?p=206363#article","isPartOf":{"@id":"https:\/\/blogdofarnesio.com.br\/?p=206363"},"author":{"name":"Farn\u00e9sio","@id":"https:\/\/blogdofarnesio.com.br\/#\/schema\/person\/301c4acf522bccbfdb45af95b5b906a1"},"headline":"JUAZEIRO TER\u00c1 O PRIMEIRO SERVI\u00c7O DE RADIOTERAPIA DO NORTE DA BAHIA","datePublished":"2018-08-16T18:40:47+00:00","mainEntityOfPage":{"@id":"https:\/\/blogdofarnesio.com.br\/?p=206363"},"wordCount":591,"publisher":{"@id":"https:\/\/blogdofarnesio.com.br\/#organization"},"image":{"@id":"https:\/\/blogdofarnesio.com.br\/?p=206363#primaryimage"},"thumbnailUrl":"https:\/\/blogdofarnesio.com.br\/wp-content\/uploads\/2018\/08\/blogqsp-policlinica.jpg","articleSection":["Administra\u00e7\u00e3o"],"inLanguage":"pt-BR"},{"@type":"WebPage","@id":"https:\/\/blogdofarnesio.com.br\/?p=206363","url":"https:\/\/blogdofarnesio.com.br\/?p=206363","name":"JUAZEIRO TER\u00c1 O PRIMEIRO SERVI\u00c7O DE RADIOTERAPIA DO NORTE DA BAHIA - Blog do Farn\u00e9sio","isPartOf":{"@id":"https:\/\/blogdofarnesio.com.br\/#website"},"primaryImageOfPage":{"@id":"https:\/\/blogdofarnesio.com.br\/?p=206363#primaryimage"},"image":{"@id":"https:\/\/blogdofarnesio.com.br\/?p=206363#primaryimage"},"thumbnailUrl":"https:\/\/blogdofarnesio.com.br\/wp-content\/uploads\/2018\/08\/blogqsp-policlinica.jpg","datePublished":"2018-08-16T18:40:47+00:00","breadcrumb":{"@id":"https:\/\/blogdofarnesio.com.br\/?p=206363#breadcrumb"},"inLanguage":"pt-BR","potentialAction":[{"@type":"ReadAction","target":["https:\/\/blogdofarnesio.com.br\/?p=206363"]}]},{"@type":"ImageObject","inLanguage":"pt-BR","@id":"https:\/\/blogdofarnesio.com.br\/?p=206363#primaryimage","url":"https:\/\/blogdofarnesio.com.br\/wp-content\/uploads\/2018\/08\/blogqsp-policlinica.jpg","contentUrl":"https:\/\/blogdofarnesio.com.br\/wp-content\/uploads\/2018\/08\/blogqsp-policlinica.jpg","width":640,"height":480},{"@type":"BreadcrumbList","@id":"https:\/\/blogdofarnesio.com.br\/?p=206363#breadcrumb","itemListElement":[{"@type":"ListItem","position":1,"name":"In\u00edcio","item":"https:\/\/blogdofarnesio.com.br\/"},{"@type":"ListItem","position":2,"name":"JUAZEIRO TER\u00c1 O PRIMEIRO SERVI\u00c7O DE RADIOTERAPIA DO NORTE DA BAHIA"}]},{"@type":"WebSite","@id":"https:\/\/blogdofarnesio.com.br\/#website","url":"https:\/\/blogdofarnesio.com.br\/","name":"Blog do Farn\u00e9sio","description":"Quer Saber Pol\u00edtica?","publisher":{"@id":"https:\/\/blogdofarnesio.com.br\/#organization"},"potentialAction":[{"@type":"SearchAction","target":{"@type":"EntryPoint","urlTemplate":"https:\/\/blogdofarnesio.com.br\/?s={search_term_string}"},"query-input":{"@type":"PropertyValueSpecification","valueRequired":true,"valueName":"search_term_string"}}],"inLanguage":"pt-BR"},{"@type":"Organization","@id":"https:\/\/blogdofarnesio.com.br\/#organization","name":"Blog do Farn\u00e9sio","url":"https:\/\/blogdofarnesio.com.br\/","logo":{"@type":"ImageObject","inLanguage":"pt-BR","@id":"https:\/\/blogdofarnesio.com.br\/#\/schema\/logo\/image\/","url":"https:\/\/blogdofarnesio.com.br\/wp-content\/uploads\/2026\/03\/cropped-logo_new-1.png","contentUrl":"https:\/\/blogdofarnesio.com.br\/wp-content\/uploads\/2026\/03\/cropped-logo_new-1.png","width":881,"height":685,"caption":"Blog do Farn\u00e9sio"},"image":{"@id":"https:\/\/blogdofarnesio.com.br\/#\/schema\/logo\/image\/"},"sameAs":["https:\/\/www.facebook.com\/BlogQuerSaberPolitica\/"]},{"@type":"Person","@id":"https:\/\/blogdofarnesio.com.br\/#\/schema\/person\/301c4acf522bccbfdb45af95b5b906a1","name":"Farn\u00e9sio","image":{"@type":"ImageObject","inLanguage":"pt-BR","@id":"https:\/\/secure.gravatar.com\/avatar\/df0c9a14567c056f8ad6876ba5bbd1e3e2c48023eb6807342fc4663adf549f38?s=96&d=mm&r=g","url":"https:\/\/secure.gravatar.com\/avatar\/df0c9a14567c056f8ad6876ba5bbd1e3e2c48023eb6807342fc4663adf549f38?s=96&d=mm&r=g","contentUrl":"https:\/\/secure.gravatar.com\/avatar\/df0c9a14567c056f8ad6876ba5bbd1e3e2c48023eb6807342fc4663adf549f38?s=96&d=mm&r=g","caption":"Farn\u00e9sio"},"sameAs":["https:\/\/quersaberpolitica.com.br"],"url":"https:\/\/blogdofarnesio.com.br\/?author=1"}]}},"_links":{"self":[{"href":"https:\/\/blogdofarnesio.com.br\/index.php?rest_route=\/wp\/v2\/posts\/206363","targetHints":{"allow":["GET"]}}],"collection":[{"href":"https:\/\/blogdofarnesio.com.br\/index.php?rest_route=\/wp\/v2\/posts"}],"about":[{"href":"https:\/\/blogdofarnesio.com.br\/index.php?rest_route=\/wp\/v2\/types\/post"}],"author":[{"embeddable":true,"href":"https:\/\/blogdofarnesio.com.br\/index.php?rest_route=\/wp\/v2\/users\/1"}],"replies":[{"embeddable":true,"href":"https:\/\/blogdofarnesio.com.br\/index.php?rest_route=%2Fwp%2Fv2%2Fcomments&post=206363"}],"version-history":[{"count":0,"href":"https:\/\/blogdofarnesio.com.br\/index.php?rest_route=\/wp\/v2\/posts\/206363\/revisions"}],"wp:featuredmedia":[{"embeddable":true,"href":"https:\/\/blogdofarnesio.com.br\/index.php?rest_route=\/wp\/v2\/media\/206366"}],"wp:attachment":[{"href":"https:\/\/blogdofarnesio.com.br\/index.php?rest_route=%2Fwp%2Fv2%2Fmedia&parent=206363"}],"wp:term":[{"taxonomy":"category","embeddable":true,"href":"https:\/\/blogdofarnesio.com.br\/index.php?rest_route=%2Fwp%2Fv2%2Fcategories&post=206363"},{"taxonomy":"post_tag","embeddable":true,"href":"https:\/\/blogdofarnesio.com.br\/index.php?rest_route=%2Fwp%2Fv2%2Ftags&post=206363"}],"curies":[{"name":"wp","href":"https:\/\/api.w.org\/{rel}","templated":true}]}}