{"id":206314,"date":"2018-08-16T19:00:46","date_gmt":"2018-08-16T22:00:46","guid":{"rendered":"http:\/\/quersaberpolitica.com.br\/2016\/?p=206314"},"modified":"2018-08-16T15:35:25","modified_gmt":"2018-08-16T18:35:25","slug":"servidores-da-sedes-juazeiro-passam-por-capacitacao-para-atuacao-com-bpc-e-passe-livre","status":"publish","type":"post","link":"https:\/\/blogdofarnesio.com.br\/2018\/08\/servidores-da-sedes-juazeiro-passam-por-capacitacao-para-atuacao-com-bpc-e-passe-livre\/","title":{"rendered":"SERVIDORES DA SEDES\/JUAZEIRO PASSAM POR CAPACITA\u00c7\u00c3O PARA ATUA\u00c7\u00c3O COM BPC E PASSE LIVRE"},"content":{"rendered":"<p style=\"text-align: justify;\">Os servidores do setor de Habita\u00e7\u00e3o da Secretaria de Desenvolvimento Social, Mulher e Diversidade (SEDES) participaram, nesta quarta-feira (15), de uma capacita\u00e7\u00e3o para atua\u00e7\u00e3o com os programas BPC na Escola e Passe Livre, pol\u00edticas p\u00fablicas ligadas a pessoas com defici\u00eancia.<\/p>\n<p style=\"text-align: justify;\">O objetivo segundo os organizadores \u00e9 dar suporte aos servidores que atuam com o p\u00fablico do Cadastro \u00danico para programa sociais prioritariamente e para os servidores que ingressaram recentemente atrav\u00e9s de sele\u00e7\u00e3o. A forma\u00e7\u00e3o j\u00e1 passou pelos 5 CRAS do munic\u00edpio, CREAS, Casa do Bolsa Fam\u00edlia, Centro POP e Casas de Acolhimento, levando informa\u00e7\u00f5es sobre preenchimento de question\u00e1rios de ades\u00e3o e operacionaliza\u00e7\u00e3o dos programas BPC na Escola e Passe Livre. &#8220;O setor de Habita\u00e7\u00e3o lida com um p\u00fablico muitos grande dos residenciais do Minha Casa Minha Vida e a ideia dessa capacita\u00e7\u00e3o \u00e9 treinar os t\u00e9cnicos para atenderem cada vez melhor os usu\u00e1rios desses empreendimentos e informar sobre esses benef\u00edcios a que t\u00eam direito e que muitas vezes n\u00e3o t\u00eam conhecimento&#8221;, afirmou Sandra Tim\u00f3teo, gerente de Gest\u00e3o do SUAS e Educa\u00e7\u00e3o Permanente.<\/p>\n<p style=\"text-align: justify;\">O BPC na Escola tem a finalidade de acompanhar e monitorar o acesso e perman\u00eancia na escola das pessoas com defici\u00eancia, benefici\u00e1rias do Presta\u00e7\u00e3o Continuada da Assist\u00eancia Social, tendo como prioridade a faixa et\u00e1ria de 0 a 18 anos. J\u00e1 o Passe Livre garante a pessoas com defici\u00eancia e comprovadamente carente, o acesso gratuito ao transporte coletivo. &#8220;Muitos ainda n\u00e3o sabem como funcionam esses programas e essa capacita\u00e7\u00e3o serve para que estes profissionais conhe\u00e7am os fluxos, as informa\u00e7\u00f5es e possam dar os encaminhamentos corretos para os usu\u00e1rios que os procurarem&#8221;, afirmou Josewilson Souza, Coordenador do BPC na Escola.<\/p>\n<p style=\"text-align: justify;\">Para a gerente de Habita\u00e7\u00e3o Paola Rodrigues, a capacita\u00e7\u00e3o foi mais uma oportunidade para adquirir conhecimento. &#8220;Achei muito boa a iniciativa e mais uma chance para aprimorarmos nossas habilidades e executarmos melhor nossas fun\u00e7\u00f5es espec\u00edficas no dia a dia de trabalho&#8221;, pontuou.<\/p>\n<p style=\"text-align: justify;\">Por Fabiana Diniz\/<strong>SEDES<\/strong><\/p>\n<p style=\"text-align: justify;\">\n","protected":false},"excerpt":{"rendered":"<p>Os servidores do setor de Habita\u00e7\u00e3o da Secretaria de Desenvolvimento Social, Mulher e Diversidade (SEDES) participaram, nesta quarta-feira (15), de uma capacita\u00e7\u00e3o para atua\u00e7\u00e3o com os programas BPC na Escola e Passe Livre, pol\u00edticas p\u00fablicas ligadas a pessoas com defici\u00eancia. O objetivo segundo os organizadores \u00e9 dar suporte aos servidores que atuam com o p\u00fablico do Cadastro \u00danico para programa sociais prioritariamente e para os servidores que ingressaram recentemente atrav\u00e9s de sele\u00e7\u00e3o. A forma\u00e7\u00e3o j\u00e1 passou pelos 5 CRAS do munic\u00edpio, CREAS, Casa do Bolsa Fam\u00edlia, Centro POP e Casas de Acolhimento, levando informa\u00e7\u00f5es sobre preenchimento de question\u00e1rios de ades\u00e3o e operacionaliza\u00e7\u00e3o dos programas BPC na Escola e Passe Livre. &#8220;O setor de Habita\u00e7\u00e3o lida com um p\u00fablico muitos grande&hellip; <\/p>\n","protected":false},"author":1,"featured_media":206315,"comment_status":"closed","ping_status":"closed","sticky":false,"template":"","format":"standard","meta":{"_acf_changed":false,"footnotes":""},"categories":[44,19],"tags":[],"class_list":["post-206314","post","type-post","status-publish","format-standard","has-post-thumbnail","hentry","category-administracao","category-servidores"],"acf":[],"yoast_head":"<!-- This site is optimized with the Yoast SEO plugin v27.5 - https:\/\/yoast.com\/product\/yoast-seo-wordpress\/ -->\n<title>SERVIDORES DA SEDES\/JUAZEIRO PASSAM POR CAPACITA\u00c7\u00c3O PARA ATUA\u00c7\u00c3O COM BPC E PASSE LIVRE - Blog do Farn\u00e9sio<\/title>\n<meta name=\"robots\" content=\"index, follow, max-snippet:-1, max-image-preview:large, max-video-preview:-1\" \/>\n<link rel=\"canonical\" href=\"https:\/\/blogdofarnesio.com.br\/2018\/08\/servidores-da-sedes-juazeiro-passam-por-capacitacao-para-atuacao-com-bpc-e-passe-livre\/\" \/>\n<meta property=\"og:locale\" content=\"pt_BR\" \/>\n<meta property=\"og:type\" content=\"article\" \/>\n<meta property=\"og:title\" content=\"SERVIDORES DA SEDES\/JUAZEIRO PASSAM POR CAPACITA\u00c7\u00c3O PARA ATUA\u00c7\u00c3O COM BPC E PASSE LIVRE - Blog do Farn\u00e9sio\" \/>\n<meta property=\"og:description\" content=\"Os servidores do setor de Habita\u00e7\u00e3o da Secretaria de Desenvolvimento Social, Mulher e Diversidade (SEDES) participaram, nesta quarta-feira (15), de uma capacita\u00e7\u00e3o para atua\u00e7\u00e3o com os programas BPC na Escola e Passe Livre, pol\u00edticas p\u00fablicas ligadas a pessoas com defici\u00eancia. O objetivo segundo os organizadores \u00e9 dar suporte aos servidores que atuam com o p\u00fablico do Cadastro \u00danico para programa sociais prioritariamente e para os servidores que ingressaram recentemente atrav\u00e9s de sele\u00e7\u00e3o. A forma\u00e7\u00e3o j\u00e1 passou pelos 5 CRAS do munic\u00edpio, CREAS, Casa do Bolsa Fam\u00edlia, Centro POP e Casas de Acolhimento, levando informa\u00e7\u00f5es sobre preenchimento de question\u00e1rios de ades\u00e3o e operacionaliza\u00e7\u00e3o dos programas BPC na Escola e Passe Livre. &#8220;O setor de Habita\u00e7\u00e3o lida com um p\u00fablico muitos grande&hellip;\" \/>\n<meta property=\"og:url\" content=\"https:\/\/blogdofarnesio.com.br\/2018\/08\/servidores-da-sedes-juazeiro-passam-por-capacitacao-para-atuacao-com-bpc-e-passe-livre\/\" \/>\n<meta property=\"og:site_name\" content=\"Blog do Farn\u00e9sio\" \/>\n<meta property=\"article:publisher\" content=\"https:\/\/www.facebook.com\/BlogQuerSaberPolitica\/\" \/>\n<meta property=\"article:published_time\" content=\"2018-08-16T22:00:46+00:00\" \/>\n<meta property=\"og:image\" content=\"https:\/\/blogdofarnesio.com.br\/wp-content\/uploads\/2018\/08\/blogqsp-Capacita-SEDES-1.jpg\" \/>\n\t<meta property=\"og:image:width\" content=\"640\" \/>\n\t<meta property=\"og:image:height\" content=\"480\" \/>\n\t<meta property=\"og:image:type\" content=\"image\/jpeg\" \/>\n<meta name=\"author\" content=\"Farn\u00e9sio\" \/>\n<meta name=\"twitter:card\" content=\"summary_large_image\" \/>\n<meta name=\"twitter:label1\" content=\"Escrito por\" \/>\n\t<meta name=\"twitter:data1\" content=\"Farn\u00e9sio\" \/>\n\t<meta name=\"twitter:label2\" content=\"Est. tempo de leitura\" \/>\n\t<meta name=\"twitter:data2\" content=\"2 minutos\" \/>\n<script type=\"application\/ld+json\" class=\"yoast-schema-graph\">{\"@context\":\"https:\\\/\\\/schema.org\",\"@graph\":[{\"@type\":\"Article\",\"@id\":\"https:\\\/\\\/blogdofarnesio.com.br\\\/2018\\\/08\\\/servidores-da-sedes-juazeiro-passam-por-capacitacao-para-atuacao-com-bpc-e-passe-livre\\\/#article\",\"isPartOf\":{\"@id\":\"https:\\\/\\\/blogdofarnesio.com.br\\\/2018\\\/08\\\/servidores-da-sedes-juazeiro-passam-por-capacitacao-para-atuacao-com-bpc-e-passe-livre\\\/\"},\"author\":{\"name\":\"Farn\u00e9sio\",\"@id\":\"https:\\\/\\\/blogdofarnesio.com.br\\\/#\\\/schema\\\/person\\\/301c4acf522bccbfdb45af95b5b906a1\"},\"headline\":\"SERVIDORES DA SEDES\\\/JUAZEIRO PASSAM POR CAPACITA\u00c7\u00c3O PARA ATUA\u00c7\u00c3O COM BPC E PASSE LIVRE\",\"datePublished\":\"2018-08-16T22:00:46+00:00\",\"mainEntityOfPage\":{\"@id\":\"https:\\\/\\\/blogdofarnesio.com.br\\\/2018\\\/08\\\/servidores-da-sedes-juazeiro-passam-por-capacitacao-para-atuacao-com-bpc-e-passe-livre\\\/\"},\"wordCount\":370,\"publisher\":{\"@id\":\"https:\\\/\\\/blogdofarnesio.com.br\\\/#organization\"},\"image\":{\"@id\":\"https:\\\/\\\/blogdofarnesio.com.br\\\/2018\\\/08\\\/servidores-da-sedes-juazeiro-passam-por-capacitacao-para-atuacao-com-bpc-e-passe-livre\\\/#primaryimage\"},\"thumbnailUrl\":\"https:\\\/\\\/blogdofarnesio.com.br\\\/wp-content\\\/uploads\\\/2018\\\/08\\\/blogqsp-Capacita-SEDES-1.jpg\",\"articleSection\":[\"Administra\u00e7\u00e3o\",\"Servidores\"],\"inLanguage\":\"pt-BR\"},{\"@type\":\"WebPage\",\"@id\":\"https:\\\/\\\/blogdofarnesio.com.br\\\/2018\\\/08\\\/servidores-da-sedes-juazeiro-passam-por-capacitacao-para-atuacao-com-bpc-e-passe-livre\\\/\",\"url\":\"https:\\\/\\\/blogdofarnesio.com.br\\\/2018\\\/08\\\/servidores-da-sedes-juazeiro-passam-por-capacitacao-para-atuacao-com-bpc-e-passe-livre\\\/\",\"name\":\"SERVIDORES DA SEDES\\\/JUAZEIRO PASSAM POR CAPACITA\u00c7\u00c3O PARA ATUA\u00c7\u00c3O COM BPC E PASSE LIVRE - Blog do Farn\u00e9sio\",\"isPartOf\":{\"@id\":\"https:\\\/\\\/blogdofarnesio.com.br\\\/#website\"},\"primaryImageOfPage\":{\"@id\":\"https:\\\/\\\/blogdofarnesio.com.br\\\/2018\\\/08\\\/servidores-da-sedes-juazeiro-passam-por-capacitacao-para-atuacao-com-bpc-e-passe-livre\\\/#primaryimage\"},\"image\":{\"@id\":\"https:\\\/\\\/blogdofarnesio.com.br\\\/2018\\\/08\\\/servidores-da-sedes-juazeiro-passam-por-capacitacao-para-atuacao-com-bpc-e-passe-livre\\\/#primaryimage\"},\"thumbnailUrl\":\"https:\\\/\\\/blogdofarnesio.com.br\\\/wp-content\\\/uploads\\\/2018\\\/08\\\/blogqsp-Capacita-SEDES-1.jpg\",\"datePublished\":\"2018-08-16T22:00:46+00:00\",\"breadcrumb\":{\"@id\":\"https:\\\/\\\/blogdofarnesio.com.br\\\/2018\\\/08\\\/servidores-da-sedes-juazeiro-passam-por-capacitacao-para-atuacao-com-bpc-e-passe-livre\\\/#breadcrumb\"},\"inLanguage\":\"pt-BR\",\"potentialAction\":[{\"@type\":\"ReadAction\",\"target\":[\"https:\\\/\\\/blogdofarnesio.com.br\\\/2018\\\/08\\\/servidores-da-sedes-juazeiro-passam-por-capacitacao-para-atuacao-com-bpc-e-passe-livre\\\/\"]}]},{\"@type\":\"ImageObject\",\"inLanguage\":\"pt-BR\",\"@id\":\"https:\\\/\\\/blogdofarnesio.com.br\\\/2018\\\/08\\\/servidores-da-sedes-juazeiro-passam-por-capacitacao-para-atuacao-com-bpc-e-passe-livre\\\/#primaryimage\",\"url\":\"https:\\\/\\\/blogdofarnesio.com.br\\\/wp-content\\\/uploads\\\/2018\\\/08\\\/blogqsp-Capacita-SEDES-1.jpg\",\"contentUrl\":\"https:\\\/\\\/blogdofarnesio.com.br\\\/wp-content\\\/uploads\\\/2018\\\/08\\\/blogqsp-Capacita-SEDES-1.jpg\",\"width\":640,\"height\":480},{\"@type\":\"BreadcrumbList\",\"@id\":\"https:\\\/\\\/blogdofarnesio.com.br\\\/2018\\\/08\\\/servidores-da-sedes-juazeiro-passam-por-capacitacao-para-atuacao-com-bpc-e-passe-livre\\\/#breadcrumb\",\"itemListElement\":[{\"@type\":\"ListItem\",\"position\":1,\"name\":\"In\u00edcio\",\"item\":\"https:\\\/\\\/blogdofarnesio.com.br\\\/\"},{\"@type\":\"ListItem\",\"position\":2,\"name\":\"SERVIDORES DA SEDES\\\/JUAZEIRO PASSAM POR CAPACITA\u00c7\u00c3O PARA ATUA\u00c7\u00c3O COM BPC E PASSE LIVRE\"}]},{\"@type\":\"WebSite\",\"@id\":\"https:\\\/\\\/blogdofarnesio.com.br\\\/#website\",\"url\":\"https:\\\/\\\/blogdofarnesio.com.br\\\/\",\"name\":\"Blog do Farn\u00e9sio\",\"description\":\"Quer Saber Pol\u00edtica?\",\"publisher\":{\"@id\":\"https:\\\/\\\/blogdofarnesio.com.br\\\/#organization\"},\"potentialAction\":[{\"@type\":\"SearchAction\",\"target\":{\"@type\":\"EntryPoint\",\"urlTemplate\":\"https:\\\/\\\/blogdofarnesio.com.br\\\/?s={search_term_string}\"},\"query-input\":{\"@type\":\"PropertyValueSpecification\",\"valueRequired\":true,\"valueName\":\"search_term_string\"}}],\"inLanguage\":\"pt-BR\"},{\"@type\":\"Organization\",\"@id\":\"https:\\\/\\\/blogdofarnesio.com.br\\\/#organization\",\"name\":\"Blog do Farn\u00e9sio\",\"url\":\"https:\\\/\\\/blogdofarnesio.com.br\\\/\",\"logo\":{\"@type\":\"ImageObject\",\"inLanguage\":\"pt-BR\",\"@id\":\"https:\\\/\\\/blogdofarnesio.com.br\\\/#\\\/schema\\\/logo\\\/image\\\/\",\"url\":\"https:\\\/\\\/blogdofarnesio.com.br\\\/wp-content\\\/uploads\\\/2026\\\/03\\\/cropped-logo_new-1.png\",\"contentUrl\":\"https:\\\/\\\/blogdofarnesio.com.br\\\/wp-content\\\/uploads\\\/2026\\\/03\\\/cropped-logo_new-1.png\",\"width\":881,\"height\":685,\"caption\":\"Blog do Farn\u00e9sio\"},\"image\":{\"@id\":\"https:\\\/\\\/blogdofarnesio.com.br\\\/#\\\/schema\\\/logo\\\/image\\\/\"},\"sameAs\":[\"https:\\\/\\\/www.facebook.com\\\/BlogQuerSaberPolitica\\\/\"]},{\"@type\":\"Person\",\"@id\":\"https:\\\/\\\/blogdofarnesio.com.br\\\/#\\\/schema\\\/person\\\/301c4acf522bccbfdb45af95b5b906a1\",\"name\":\"Farn\u00e9sio\",\"image\":{\"@type\":\"ImageObject\",\"inLanguage\":\"pt-BR\",\"@id\":\"https:\\\/\\\/secure.gravatar.com\\\/avatar\\\/df0c9a14567c056f8ad6876ba5bbd1e3e2c48023eb6807342fc4663adf549f38?s=96&d=mm&r=g\",\"url\":\"https:\\\/\\\/secure.gravatar.com\\\/avatar\\\/df0c9a14567c056f8ad6876ba5bbd1e3e2c48023eb6807342fc4663adf549f38?s=96&d=mm&r=g\",\"contentUrl\":\"https:\\\/\\\/secure.gravatar.com\\\/avatar\\\/df0c9a14567c056f8ad6876ba5bbd1e3e2c48023eb6807342fc4663adf549f38?s=96&d=mm&r=g\",\"caption\":\"Farn\u00e9sio\"},\"sameAs\":[\"https:\\\/\\\/quersaberpolitica.com.br\"],\"url\":\"https:\\\/\\\/blogdofarnesio.com.br\\\/author\\\/farnesio\\\/\"}]}<\/script>\n<!-- \/ Yoast SEO plugin. -->","yoast_head_json":{"title":"SERVIDORES DA SEDES\/JUAZEIRO PASSAM POR CAPACITA\u00c7\u00c3O PARA ATUA\u00c7\u00c3O COM BPC E PASSE LIVRE - Blog do Farn\u00e9sio","robots":{"index":"index","follow":"follow","max-snippet":"max-snippet:-1","max-image-preview":"max-image-preview:large","max-video-preview":"max-video-preview:-1"},"canonical":"https:\/\/blogdofarnesio.com.br\/2018\/08\/servidores-da-sedes-juazeiro-passam-por-capacitacao-para-atuacao-com-bpc-e-passe-livre\/","og_locale":"pt_BR","og_type":"article","og_title":"SERVIDORES DA SEDES\/JUAZEIRO PASSAM POR CAPACITA\u00c7\u00c3O PARA ATUA\u00c7\u00c3O COM BPC E PASSE LIVRE - Blog do Farn\u00e9sio","og_description":"Os servidores do setor de Habita\u00e7\u00e3o da Secretaria de Desenvolvimento Social, Mulher e Diversidade (SEDES) participaram, nesta quarta-feira (15), de uma capacita\u00e7\u00e3o para atua\u00e7\u00e3o com os programas BPC na Escola e Passe Livre, pol\u00edticas p\u00fablicas ligadas a pessoas com defici\u00eancia. O objetivo segundo os organizadores \u00e9 dar suporte aos servidores que atuam com o p\u00fablico do Cadastro \u00danico para programa sociais prioritariamente e para os servidores que ingressaram recentemente atrav\u00e9s de sele\u00e7\u00e3o. A forma\u00e7\u00e3o j\u00e1 passou pelos 5 CRAS do munic\u00edpio, CREAS, Casa do Bolsa Fam\u00edlia, Centro POP e Casas de Acolhimento, levando informa\u00e7\u00f5es sobre preenchimento de question\u00e1rios de ades\u00e3o e operacionaliza\u00e7\u00e3o dos programas BPC na Escola e Passe Livre. &#8220;O setor de Habita\u00e7\u00e3o lida com um p\u00fablico muitos grande&hellip;","og_url":"https:\/\/blogdofarnesio.com.br\/2018\/08\/servidores-da-sedes-juazeiro-passam-por-capacitacao-para-atuacao-com-bpc-e-passe-livre\/","og_site_name":"Blog do Farn\u00e9sio","article_publisher":"https:\/\/www.facebook.com\/BlogQuerSaberPolitica\/","article_published_time":"2018-08-16T22:00:46+00:00","og_image":[{"width":640,"height":480,"url":"https:\/\/blogdofarnesio.com.br\/wp-content\/uploads\/2018\/08\/blogqsp-Capacita-SEDES-1.jpg","type":"image\/jpeg"}],"author":"Farn\u00e9sio","twitter_card":"summary_large_image","twitter_misc":{"Escrito por":"Farn\u00e9sio","Est. tempo de leitura":"2 minutos"},"schema":{"@context":"https:\/\/schema.org","@graph":[{"@type":"Article","@id":"https:\/\/blogdofarnesio.com.br\/2018\/08\/servidores-da-sedes-juazeiro-passam-por-capacitacao-para-atuacao-com-bpc-e-passe-livre\/#article","isPartOf":{"@id":"https:\/\/blogdofarnesio.com.br\/2018\/08\/servidores-da-sedes-juazeiro-passam-por-capacitacao-para-atuacao-com-bpc-e-passe-livre\/"},"author":{"name":"Farn\u00e9sio","@id":"https:\/\/blogdofarnesio.com.br\/#\/schema\/person\/301c4acf522bccbfdb45af95b5b906a1"},"headline":"SERVIDORES DA SEDES\/JUAZEIRO PASSAM POR CAPACITA\u00c7\u00c3O PARA ATUA\u00c7\u00c3O COM BPC E PASSE LIVRE","datePublished":"2018-08-16T22:00:46+00:00","mainEntityOfPage":{"@id":"https:\/\/blogdofarnesio.com.br\/2018\/08\/servidores-da-sedes-juazeiro-passam-por-capacitacao-para-atuacao-com-bpc-e-passe-livre\/"},"wordCount":370,"publisher":{"@id":"https:\/\/blogdofarnesio.com.br\/#organization"},"image":{"@id":"https:\/\/blogdofarnesio.com.br\/2018\/08\/servidores-da-sedes-juazeiro-passam-por-capacitacao-para-atuacao-com-bpc-e-passe-livre\/#primaryimage"},"thumbnailUrl":"https:\/\/blogdofarnesio.com.br\/wp-content\/uploads\/2018\/08\/blogqsp-Capacita-SEDES-1.jpg","articleSection":["Administra\u00e7\u00e3o","Servidores"],"inLanguage":"pt-BR"},{"@type":"WebPage","@id":"https:\/\/blogdofarnesio.com.br\/2018\/08\/servidores-da-sedes-juazeiro-passam-por-capacitacao-para-atuacao-com-bpc-e-passe-livre\/","url":"https:\/\/blogdofarnesio.com.br\/2018\/08\/servidores-da-sedes-juazeiro-passam-por-capacitacao-para-atuacao-com-bpc-e-passe-livre\/","name":"SERVIDORES DA SEDES\/JUAZEIRO PASSAM POR CAPACITA\u00c7\u00c3O PARA ATUA\u00c7\u00c3O COM BPC E PASSE LIVRE - Blog do Farn\u00e9sio","isPartOf":{"@id":"https:\/\/blogdofarnesio.com.br\/#website"},"primaryImageOfPage":{"@id":"https:\/\/blogdofarnesio.com.br\/2018\/08\/servidores-da-sedes-juazeiro-passam-por-capacitacao-para-atuacao-com-bpc-e-passe-livre\/#primaryimage"},"image":{"@id":"https:\/\/blogdofarnesio.com.br\/2018\/08\/servidores-da-sedes-juazeiro-passam-por-capacitacao-para-atuacao-com-bpc-e-passe-livre\/#primaryimage"},"thumbnailUrl":"https:\/\/blogdofarnesio.com.br\/wp-content\/uploads\/2018\/08\/blogqsp-Capacita-SEDES-1.jpg","datePublished":"2018-08-16T22:00:46+00:00","breadcrumb":{"@id":"https:\/\/blogdofarnesio.com.br\/2018\/08\/servidores-da-sedes-juazeiro-passam-por-capacitacao-para-atuacao-com-bpc-e-passe-livre\/#breadcrumb"},"inLanguage":"pt-BR","potentialAction":[{"@type":"ReadAction","target":["https:\/\/blogdofarnesio.com.br\/2018\/08\/servidores-da-sedes-juazeiro-passam-por-capacitacao-para-atuacao-com-bpc-e-passe-livre\/"]}]},{"@type":"ImageObject","inLanguage":"pt-BR","@id":"https:\/\/blogdofarnesio.com.br\/2018\/08\/servidores-da-sedes-juazeiro-passam-por-capacitacao-para-atuacao-com-bpc-e-passe-livre\/#primaryimage","url":"https:\/\/blogdofarnesio.com.br\/wp-content\/uploads\/2018\/08\/blogqsp-Capacita-SEDES-1.jpg","contentUrl":"https:\/\/blogdofarnesio.com.br\/wp-content\/uploads\/2018\/08\/blogqsp-Capacita-SEDES-1.jpg","width":640,"height":480},{"@type":"BreadcrumbList","@id":"https:\/\/blogdofarnesio.com.br\/2018\/08\/servidores-da-sedes-juazeiro-passam-por-capacitacao-para-atuacao-com-bpc-e-passe-livre\/#breadcrumb","itemListElement":[{"@type":"ListItem","position":1,"name":"In\u00edcio","item":"https:\/\/blogdofarnesio.com.br\/"},{"@type":"ListItem","position":2,"name":"SERVIDORES DA SEDES\/JUAZEIRO PASSAM POR CAPACITA\u00c7\u00c3O PARA ATUA\u00c7\u00c3O COM BPC E PASSE LIVRE"}]},{"@type":"WebSite","@id":"https:\/\/blogdofarnesio.com.br\/#website","url":"https:\/\/blogdofarnesio.com.br\/","name":"Blog do Farn\u00e9sio","description":"Quer Saber Pol\u00edtica?","publisher":{"@id":"https:\/\/blogdofarnesio.com.br\/#organization"},"potentialAction":[{"@type":"SearchAction","target":{"@type":"EntryPoint","urlTemplate":"https:\/\/blogdofarnesio.com.br\/?s={search_term_string}"},"query-input":{"@type":"PropertyValueSpecification","valueRequired":true,"valueName":"search_term_string"}}],"inLanguage":"pt-BR"},{"@type":"Organization","@id":"https:\/\/blogdofarnesio.com.br\/#organization","name":"Blog do Farn\u00e9sio","url":"https:\/\/blogdofarnesio.com.br\/","logo":{"@type":"ImageObject","inLanguage":"pt-BR","@id":"https:\/\/blogdofarnesio.com.br\/#\/schema\/logo\/image\/","url":"https:\/\/blogdofarnesio.com.br\/wp-content\/uploads\/2026\/03\/cropped-logo_new-1.png","contentUrl":"https:\/\/blogdofarnesio.com.br\/wp-content\/uploads\/2026\/03\/cropped-logo_new-1.png","width":881,"height":685,"caption":"Blog do Farn\u00e9sio"},"image":{"@id":"https:\/\/blogdofarnesio.com.br\/#\/schema\/logo\/image\/"},"sameAs":["https:\/\/www.facebook.com\/BlogQuerSaberPolitica\/"]},{"@type":"Person","@id":"https:\/\/blogdofarnesio.com.br\/#\/schema\/person\/301c4acf522bccbfdb45af95b5b906a1","name":"Farn\u00e9sio","image":{"@type":"ImageObject","inLanguage":"pt-BR","@id":"https:\/\/secure.gravatar.com\/avatar\/df0c9a14567c056f8ad6876ba5bbd1e3e2c48023eb6807342fc4663adf549f38?s=96&d=mm&r=g","url":"https:\/\/secure.gravatar.com\/avatar\/df0c9a14567c056f8ad6876ba5bbd1e3e2c48023eb6807342fc4663adf549f38?s=96&d=mm&r=g","contentUrl":"https:\/\/secure.gravatar.com\/avatar\/df0c9a14567c056f8ad6876ba5bbd1e3e2c48023eb6807342fc4663adf549f38?s=96&d=mm&r=g","caption":"Farn\u00e9sio"},"sameAs":["https:\/\/quersaberpolitica.com.br"],"url":"https:\/\/blogdofarnesio.com.br\/author\/farnesio\/"}]}},"_links":{"self":[{"href":"https:\/\/blogdofarnesio.com.br\/wp-json\/wp\/v2\/posts\/206314","targetHints":{"allow":["GET"]}}],"collection":[{"href":"https:\/\/blogdofarnesio.com.br\/wp-json\/wp\/v2\/posts"}],"about":[{"href":"https:\/\/blogdofarnesio.com.br\/wp-json\/wp\/v2\/types\/post"}],"author":[{"embeddable":true,"href":"https:\/\/blogdofarnesio.com.br\/wp-json\/wp\/v2\/users\/1"}],"replies":[{"embeddable":true,"href":"https:\/\/blogdofarnesio.com.br\/wp-json\/wp\/v2\/comments?post=206314"}],"version-history":[{"count":0,"href":"https:\/\/blogdofarnesio.com.br\/wp-json\/wp\/v2\/posts\/206314\/revisions"}],"wp:featuredmedia":[{"embeddable":true,"href":"https:\/\/blogdofarnesio.com.br\/wp-json\/wp\/v2\/media\/206315"}],"wp:attachment":[{"href":"https:\/\/blogdofarnesio.com.br\/wp-json\/wp\/v2\/media?parent=206314"}],"wp:term":[{"taxonomy":"category","embeddable":true,"href":"https:\/\/blogdofarnesio.com.br\/wp-json\/wp\/v2\/categories?post=206314"},{"taxonomy":"post_tag","embeddable":true,"href":"https:\/\/blogdofarnesio.com.br\/wp-json\/wp\/v2\/tags?post=206314"}],"curies":[{"name":"wp","href":"https:\/\/api.w.org\/{rel}","templated":true}]}}