{"id":205993,"date":"2018-08-13T11:03:21","date_gmt":"2018-08-13T14:03:21","guid":{"rendered":"http:\/\/quersaberpolitica.com.br\/2016\/?p=205993"},"modified":"2018-08-12T21:13:32","modified_gmt":"2018-08-13T00:13:32","slug":"conforme-definicao-do-tse-campanha-eleitoral-2018-pra-valer-nas-ruas-comeca-na-proxima-quinta-feira-16","status":"publish","type":"post","link":"https:\/\/blogdofarnesio.com.br\/?p=205993","title":{"rendered":"CONFORME DEFINI\u00c7\u00c3O DO TSE, CAMPANHA ELEITORAL 2018 PRA VALER NAS RUAS COME\u00c7A NA PR\u00d3XIMA QUINTA-FEIRA (16)"},"content":{"rendered":"<h1>CONFIRA O QUE \u00c9 PERMITIDO E O QUE \u00c9 CRIME ELEITORAL<\/h1>\n<h5>Humberto Marques<\/h5>\n<div class=\"bloco_texto_span\">\n<p>Em sess\u00e3o extraordin\u00e1ria administrativa, o plen\u00e1rio do TSE (Tribunal Superior Eleitoral) aprovou dez resolu\u00e7\u00f5es que v\u00e3o regular as\u00a0<b><a href=\"http:\/\/www.campograndenews.com.br\/eleicoes-2016\" target=\"_blank\" rel=\"noopener\">elei\u00e7\u00f5es<\/a>\u00a0<\/b>de 2018 em todo o Brasil. Entre elas, est\u00e3o as que definem o calend\u00e1rio do processo eletivo, no qual ser\u00e3o eleitos presidente da Rep\u00fablica, dois senadores por Estado, deputados federais e deputados estaduais. Pelos dispositivos, os\u00a0<b><a href=\"http:\/\/www.campograndenews.com.br\/eleicoes-2016\" target=\"_blank\" rel=\"noopener\">candidatos<\/a><\/b>\u00a0estar\u00e3o liberados para irem \u00e0s ruas pedir votos a partir de 16 de agosto.<\/p>\n<p>O TSE tamb\u00e9m definiu pontos como os atos preparat\u00f3rios para as\u00a0<b><a href=\"http:\/\/www.campograndenews.com.br\/eleicoes-2016\" target=\"_blank\" rel=\"noopener\">elei\u00e7\u00f5es<\/a><\/b>, regras para pesquisas e de escolha e registro das candidaturas, bem como o que ser\u00e1 liberado na propaganda eleitoral \u2013incluindo a forma da propaganda no r\u00e1dio, TV e tamb\u00e9m na internet\u2013 e como os partidos e\u00a0<b><a href=\"http:\/\/www.campograndenews.com.br\/eleicoes-2016\" target=\"_blank\" rel=\"noopener\">candidatos<\/a><\/b>\u00a0poder\u00e3o proceder para arrecadar fundos.<\/p>\n<div id=\"_ppads_teads\"><\/div>\n<p>O primeiro turno das\u00a0<b><a href=\"http:\/\/www.campograndenews.com.br\/eleicoes-2016\" target=\"_blank\" rel=\"noopener\">elei\u00e7\u00f5es<\/a>\u00a0<\/b>ser\u00e1 realizado em 7 de outubro e, em casos nos quais houver o segundo turno, a vota\u00e7\u00e3o ocorrer\u00e1 no dia 28 do mesmo m\u00eas.<\/p>\n<p>Relator das resolu\u00e7\u00f5es, o ministro e vice-presidente do TSE, Luiz Fux, antecipou que a Corte ter\u00e1 at\u00e9 5 de mar\u00e7o do ano das\u00a0<b><a href=\"http:\/\/www.campograndenews.com.br\/eleicoes-2016\" target=\"_blank\" rel=\"noopener\">elei\u00e7\u00f5es<\/a>\u00a0<\/b>para expedir em definitivo todas as instru\u00e7\u00f5es que v\u00e3o nortear a disputa. At\u00e9 l\u00e1, todos os dispositivos ainda poder\u00e3o ser ajustados.<\/p>\n<\/div>\n<div class=\"imagem\"><img loading=\"lazy\" decoding=\"async\" class=\"aligncenter\" title=\"Campanha de candidatos poder\u00e1 ser iniciada em 16 de agosto. (Foto: Arquivo) \" src=\"https:\/\/cdn1.campograndenews.com.br\/uploads\/tmp\/images\/5241276\/300x225-0ad73e6e5eb31f3d62321f837ee023ba.jpg\" alt=\"Campanha de candidatos poder\u00e1 ser iniciada em 16 de agosto. (Foto: Arquivo) \" width=\"414\" height=\"309\" \/>Campanha de candidatos poder\u00e1 ser iniciada em 16 de agosto. (Foto: Arquivo)<\/div>\n<div class=\"bloco_texto_span\">\n<p><strong>Registro \u2013<\/strong>\u00a0A resolu\u00e7\u00e3o sobre registro de\u00a0<b><a href=\"http:\/\/www.campograndenews.com.br\/eleicoes-2016\" target=\"_blank\" rel=\"noopener\">candidatos<\/a><\/b>\u00a0exige que o indicado para disputar a elei\u00e7\u00e3o deve ter domic\u00edlio eleitoral na circunscri\u00e7\u00e3o que pretende concorrer e estar filiado a partido pol\u00edtico habilitado para a disputa a pelo menos seis meses antes do primeiro turno \u2013prazo que termina no in\u00edcio de maio. Antes, exigia-se um ano de domic\u00edlio e filia\u00e7\u00e3o.<\/p>\n<p>Os partidos que pretendem inscrever\u00a0<b><a href=\"http:\/\/www.campograndenews.com.br\/eleicoes-2016\" target=\"_blank\" rel=\"noopener\">candidatos<\/a><\/b>devem estar registrados no TSE tamb\u00e9m a seis meses da elei\u00e7\u00e3o.<\/p>\n<p>As conven\u00e7\u00f5es partid\u00e1rias, que v\u00e3o determinar quem ser\u00e3o os\u00a0<b><a href=\"http:\/\/www.campograndenews.com.br\/eleicoes-2016\" target=\"_blank\" rel=\"noopener\">candidatos<\/a><\/b>, devem ser realizadas entre 20 de julho e 5 de agosto \u2013per\u00edodo que n\u00e3o foi alterado na atual reforma, conforme o TSE.<\/p>\n<p>As\u00a0<b><a href=\"http:\/\/www.campograndenews.com.br\/eleicoes-2016\" target=\"_blank\" rel=\"noopener\">elei\u00e7\u00f5es<\/a>\u00a0<\/b>gerais de 2018 devem ser as \u00faltimas nas quais ainda ser\u00e3o permitidas coliga\u00e7\u00f5es nas\u00a0<b><a href=\"http:\/\/www.campograndenews.com.br\/eleicoes-2016\" target=\"_blank\" rel=\"noopener\">elei\u00e7\u00f5es<\/a><\/b>\u00a0proporcionais (para deputado estadual e federal). Elas dever\u00e3o ser definidas no per\u00edodo das conven\u00e7\u00f5es. Em 2020, a disputa para vereador j\u00e1 vai abolir a composi\u00e7\u00e3o entre partidos.<\/p>\n<p>O registro dos\u00a0<b><a href=\"http:\/\/www.campograndenews.com.br\/eleicoes-2016\" target=\"_blank\" rel=\"noopener\">candidatos<\/a><\/b>\u00a0dever\u00e1 ser solicitado \u00e0 Justi\u00e7a Eleitoral at\u00e9 as 19h (hor\u00e1rio de Bras\u00edlia) de 15 de agosto do ano eleitoral. A substitui\u00e7\u00e3o do nome na disputa, por sua vez, est\u00e1 autorizada a at\u00e9 20 dias antes da elei\u00e7\u00e3o \u2013exceto no caso de falecimento do mesmo.<\/p>\n<p><strong>Propaganda \u2013<\/strong>\u00a0A propaganda eleitoral dos\u00a0<b><a href=\"http:\/\/www.campograndenews.com.br\/eleicoes-2016\" target=\"_blank\" rel=\"noopener\">candidatos<\/a><\/b>\u00a0ter\u00e1 in\u00edcio em 16 de agosto de 2018. J\u00e1 o hor\u00e1rio eleitoral gratuito no r\u00e1dio e na televis\u00e3o come\u00e7ar\u00e1 apenas em 31 de agosto, regra semelhante \u00e0 aplicada em 2016. Em caso de segundo turno, ela ser\u00e1 retomada na primeira sexta-feira ap\u00f3s 7 de outubro (antes, podia iniciar 48 horas ap\u00f3s o resultado do primeiro turno).<\/p>\n<p>O\u00a0<b><a href=\"http:\/\/www.campograndenews.com.br\/tempo\" target=\"_blank\" rel=\"noopener\">tempo<\/a><\/b>\u00a0de propaganda na TV e no r\u00e1dio tamb\u00e9m foi reduzido para dois blocos di\u00e1rios de dez minutos para cada elei\u00e7\u00e3o (presidente da Rep\u00fablica e governador). Antes, eram dois blocos de 20 minutos. Segue proibido o uso de efeitos especiais na TV \u2013incluindo montagens, edi\u00e7\u00f5es, desenhos animados ou uso de computa\u00e7\u00e3o gr\u00e1fica.<\/p>\n<p>Nas ruas, ser\u00e3o autorizados carros de som e minitrios apenas nas carreatas, caminhadas, passeatas, reuni\u00f5es ou com\u00edcios, sempre respeitando o limite de 80 decib\u00e9is a sete metros do ve\u00edculo. Os com\u00edcios para encerrar as campanhas poder\u00e3o ser realizados at\u00e9 as 2h. Nos demais dias, devem ocorrer sempre das 8h \u00e0s 24h.<\/p>\n<p>O uso de outdoors continua vetado, estando liberadas bandeiras e mesas para distribui\u00e7\u00e3o de material de campanha, desde que n\u00e3o atrapalhem pedestres ou interfiram no tr\u00e2nsito. Em ve\u00edculos, os adesivos n\u00e3o poder\u00e3o ter mais de meio metro quadrado ou, no vidro traseiro, o tamanho m\u00e1ximo do para-brisa traseiro.<\/p>\n<p><strong>Internet \u2013<\/strong>\u00a0A propaganda eleitoral na internet poder\u00e1 ter in\u00edcio em 16 de agosto. Segundo o TSE, a novidade fica por conta da libera\u00e7\u00e3o do impulsionamento de conte\u00fados em redes sociais, desde que contratados exclusivamente por partidos, coliga\u00e7\u00f5es ou\u00a0<b><a href=\"http:\/\/www.campograndenews.com.br\/eleicoes-2016\" target=\"_blank\" rel=\"noopener\">candidatos<\/a><\/b>. O procedimento envolve o pagamento aos respons\u00e1veis pelo sistema para exibi\u00e7\u00e3o da publicidade online.<\/p>\n<p>A resolu\u00e7\u00e3o tamb\u00e9m pro\u00edbe a propaganda por meio de telemarketing.<\/p>\n<p>Quanto aos debates, emissoras de r\u00e1dio e TV passam a ser obrigadas a convidar todos os\u00a0<b><a href=\"http:\/\/www.campograndenews.com.br\/eleicoes-2016\" target=\"_blank\" rel=\"noopener\">candidatos<\/a><\/b>\u00a0com, no m\u00ednimo, cinco parlamentares no Congresso Nacional.<\/p>\n<p>Pesquisas eleitorais, por seu turno, devem ser registradas cinco dias antes da divulga\u00e7\u00e3o.<\/p>\n<\/div>\n","protected":false},"excerpt":{"rendered":"<p>CONFIRA O QUE \u00c9 PERMITIDO E O QUE \u00c9 CRIME ELEITORAL Humberto Marques Em sess\u00e3o extraordin\u00e1ria administrativa, o plen\u00e1rio do TSE (Tribunal Superior Eleitoral) aprovou dez resolu\u00e7\u00f5es que v\u00e3o regular as\u00a0elei\u00e7\u00f5es\u00a0de 2018 em todo o Brasil. Entre elas, est\u00e3o as que definem o calend\u00e1rio do processo eletivo, no qual ser\u00e3o eleitos presidente da Rep\u00fablica, dois senadores por Estado, deputados federais e deputados estaduais. Pelos dispositivos, os\u00a0candidatos\u00a0estar\u00e3o liberados para irem \u00e0s ruas pedir votos a partir de 16 de agosto. O TSE tamb\u00e9m definiu pontos como os atos preparat\u00f3rios para as\u00a0elei\u00e7\u00f5es, regras para pesquisas e de escolha e registro das candidaturas, bem como o que ser\u00e1 liberado na propaganda eleitoral \u2013incluindo a forma da propaganda no r\u00e1dio, TV e tamb\u00e9m na&hellip; <\/p>\n","protected":false},"author":1,"featured_media":132051,"comment_status":"closed","ping_status":"closed","sticky":false,"template":"","format":"standard","meta":{"_acf_changed":false,"footnotes":""},"categories":[1],"tags":[],"class_list":["post-205993","post","type-post","status-publish","format-standard","has-post-thumbnail","hentry","category-politica"],"acf":[],"yoast_head":"<!-- This site is optimized with the Yoast SEO plugin v27.4 - https:\/\/yoast.com\/product\/yoast-seo-wordpress\/ -->\n<title>CONFORME DEFINI\u00c7\u00c3O DO TSE, CAMPANHA ELEITORAL 2018 PRA VALER NAS RUAS COME\u00c7A NA PR\u00d3XIMA QUINTA-FEIRA (16) - Blog do Farn\u00e9sio<\/title>\n<meta name=\"robots\" content=\"index, follow, max-snippet:-1, max-image-preview:large, max-video-preview:-1\" \/>\n<link rel=\"canonical\" href=\"https:\/\/blogdofarnesio.com.br\/?p=205993\" \/>\n<meta property=\"og:locale\" content=\"pt_BR\" \/>\n<meta property=\"og:type\" content=\"article\" \/>\n<meta property=\"og:title\" content=\"CONFORME DEFINI\u00c7\u00c3O DO TSE, CAMPANHA ELEITORAL 2018 PRA VALER NAS RUAS COME\u00c7A NA PR\u00d3XIMA QUINTA-FEIRA (16) - Blog do Farn\u00e9sio\" \/>\n<meta property=\"og:description\" content=\"CONFIRA O QUE \u00c9 PERMITIDO E O QUE \u00c9 CRIME ELEITORAL Humberto Marques Em sess\u00e3o extraordin\u00e1ria administrativa, o plen\u00e1rio do TSE (Tribunal Superior Eleitoral) aprovou dez resolu\u00e7\u00f5es que v\u00e3o regular as\u00a0elei\u00e7\u00f5es\u00a0de 2018 em todo o Brasil. Entre elas, est\u00e3o as que definem o calend\u00e1rio do processo eletivo, no qual ser\u00e3o eleitos presidente da Rep\u00fablica, dois senadores por Estado, deputados federais e deputados estaduais. Pelos dispositivos, os\u00a0candidatos\u00a0estar\u00e3o liberados para irem \u00e0s ruas pedir votos a partir de 16 de agosto. O TSE tamb\u00e9m definiu pontos como os atos preparat\u00f3rios para as\u00a0elei\u00e7\u00f5es, regras para pesquisas e de escolha e registro das candidaturas, bem como o que ser\u00e1 liberado na propaganda eleitoral \u2013incluindo a forma da propaganda no r\u00e1dio, TV e tamb\u00e9m na&hellip;\" \/>\n<meta property=\"og:url\" content=\"https:\/\/blogdofarnesio.com.br\/?p=205993\" \/>\n<meta property=\"og:site_name\" content=\"Blog do Farn\u00e9sio\" \/>\n<meta property=\"article:publisher\" content=\"https:\/\/www.facebook.com\/BlogQuerSaberPolitica\/\" \/>\n<meta property=\"article:published_time\" content=\"2018-08-13T14:03:21+00:00\" \/>\n<meta property=\"og:image\" content=\"https:\/\/blogdofarnesio.com.br\/wp-content\/uploads\/2015\/10\/blogqsp-tse-1.jpg\" \/>\n\t<meta property=\"og:image:width\" content=\"448\" \/>\n\t<meta property=\"og:image:height\" content=\"274\" \/>\n\t<meta property=\"og:image:type\" content=\"image\/jpeg\" \/>\n<meta name=\"author\" content=\"Farn\u00e9sio\" \/>\n<meta name=\"twitter:card\" content=\"summary_large_image\" \/>\n<meta name=\"twitter:label1\" content=\"Escrito por\" \/>\n\t<meta name=\"twitter:data1\" content=\"Farn\u00e9sio\" \/>\n\t<meta name=\"twitter:label2\" content=\"Est. tempo de leitura\" \/>\n\t<meta name=\"twitter:data2\" content=\"4 minutos\" \/>\n<script type=\"application\/ld+json\" class=\"yoast-schema-graph\">{\"@context\":\"https:\\\/\\\/schema.org\",\"@graph\":[{\"@type\":\"Article\",\"@id\":\"https:\\\/\\\/blogdofarnesio.com.br\\\/?p=205993#article\",\"isPartOf\":{\"@id\":\"https:\\\/\\\/blogdofarnesio.com.br\\\/?p=205993\"},\"author\":{\"name\":\"Farn\u00e9sio\",\"@id\":\"https:\\\/\\\/blogdofarnesio.com.br\\\/#\\\/schema\\\/person\\\/301c4acf522bccbfdb45af95b5b906a1\"},\"headline\":\"CONFORME DEFINI\u00c7\u00c3O DO TSE, CAMPANHA ELEITORAL 2018 PRA VALER NAS RUAS COME\u00c7A NA PR\u00d3XIMA QUINTA-FEIRA (16)\",\"datePublished\":\"2018-08-13T14:03:21+00:00\",\"mainEntityOfPage\":{\"@id\":\"https:\\\/\\\/blogdofarnesio.com.br\\\/?p=205993\"},\"wordCount\":825,\"publisher\":{\"@id\":\"https:\\\/\\\/blogdofarnesio.com.br\\\/#organization\"},\"image\":{\"@id\":\"https:\\\/\\\/blogdofarnesio.com.br\\\/?p=205993#primaryimage\"},\"thumbnailUrl\":\"https:\\\/\\\/blogdofarnesio.com.br\\\/wp-content\\\/uploads\\\/2015\\\/10\\\/blogqsp-tse-1.jpg\",\"articleSection\":[\"Pol\u00edtica\"],\"inLanguage\":\"pt-BR\"},{\"@type\":\"WebPage\",\"@id\":\"https:\\\/\\\/blogdofarnesio.com.br\\\/?p=205993\",\"url\":\"https:\\\/\\\/blogdofarnesio.com.br\\\/?p=205993\",\"name\":\"CONFORME DEFINI\u00c7\u00c3O DO TSE, CAMPANHA ELEITORAL 2018 PRA VALER NAS RUAS COME\u00c7A NA PR\u00d3XIMA QUINTA-FEIRA (16) - Blog do Farn\u00e9sio\",\"isPartOf\":{\"@id\":\"https:\\\/\\\/blogdofarnesio.com.br\\\/#website\"},\"primaryImageOfPage\":{\"@id\":\"https:\\\/\\\/blogdofarnesio.com.br\\\/?p=205993#primaryimage\"},\"image\":{\"@id\":\"https:\\\/\\\/blogdofarnesio.com.br\\\/?p=205993#primaryimage\"},\"thumbnailUrl\":\"https:\\\/\\\/blogdofarnesio.com.br\\\/wp-content\\\/uploads\\\/2015\\\/10\\\/blogqsp-tse-1.jpg\",\"datePublished\":\"2018-08-13T14:03:21+00:00\",\"breadcrumb\":{\"@id\":\"https:\\\/\\\/blogdofarnesio.com.br\\\/?p=205993#breadcrumb\"},\"inLanguage\":\"pt-BR\",\"potentialAction\":[{\"@type\":\"ReadAction\",\"target\":[\"https:\\\/\\\/blogdofarnesio.com.br\\\/?p=205993\"]}]},{\"@type\":\"ImageObject\",\"inLanguage\":\"pt-BR\",\"@id\":\"https:\\\/\\\/blogdofarnesio.com.br\\\/?p=205993#primaryimage\",\"url\":\"https:\\\/\\\/blogdofarnesio.com.br\\\/wp-content\\\/uploads\\\/2015\\\/10\\\/blogqsp-tse-1.jpg\",\"contentUrl\":\"https:\\\/\\\/blogdofarnesio.com.br\\\/wp-content\\\/uploads\\\/2015\\\/10\\\/blogqsp-tse-1.jpg\",\"width\":448,\"height\":274},{\"@type\":\"BreadcrumbList\",\"@id\":\"https:\\\/\\\/blogdofarnesio.com.br\\\/?p=205993#breadcrumb\",\"itemListElement\":[{\"@type\":\"ListItem\",\"position\":1,\"name\":\"In\u00edcio\",\"item\":\"https:\\\/\\\/blogdofarnesio.com.br\\\/\"},{\"@type\":\"ListItem\",\"position\":2,\"name\":\"CONFORME DEFINI\u00c7\u00c3O DO TSE, CAMPANHA ELEITORAL 2018 PRA VALER NAS RUAS COME\u00c7A NA PR\u00d3XIMA QUINTA-FEIRA (16)\"}]},{\"@type\":\"WebSite\",\"@id\":\"https:\\\/\\\/blogdofarnesio.com.br\\\/#website\",\"url\":\"https:\\\/\\\/blogdofarnesio.com.br\\\/\",\"name\":\"Blog do Farn\u00e9sio\",\"description\":\"Quer Saber Pol\u00edtica?\",\"publisher\":{\"@id\":\"https:\\\/\\\/blogdofarnesio.com.br\\\/#organization\"},\"potentialAction\":[{\"@type\":\"SearchAction\",\"target\":{\"@type\":\"EntryPoint\",\"urlTemplate\":\"https:\\\/\\\/blogdofarnesio.com.br\\\/?s={search_term_string}\"},\"query-input\":{\"@type\":\"PropertyValueSpecification\",\"valueRequired\":true,\"valueName\":\"search_term_string\"}}],\"inLanguage\":\"pt-BR\"},{\"@type\":\"Organization\",\"@id\":\"https:\\\/\\\/blogdofarnesio.com.br\\\/#organization\",\"name\":\"Blog do Farn\u00e9sio\",\"url\":\"https:\\\/\\\/blogdofarnesio.com.br\\\/\",\"logo\":{\"@type\":\"ImageObject\",\"inLanguage\":\"pt-BR\",\"@id\":\"https:\\\/\\\/blogdofarnesio.com.br\\\/#\\\/schema\\\/logo\\\/image\\\/\",\"url\":\"https:\\\/\\\/blogdofarnesio.com.br\\\/wp-content\\\/uploads\\\/2026\\\/03\\\/cropped-logo_new-1.png\",\"contentUrl\":\"https:\\\/\\\/blogdofarnesio.com.br\\\/wp-content\\\/uploads\\\/2026\\\/03\\\/cropped-logo_new-1.png\",\"width\":881,\"height\":685,\"caption\":\"Blog do Farn\u00e9sio\"},\"image\":{\"@id\":\"https:\\\/\\\/blogdofarnesio.com.br\\\/#\\\/schema\\\/logo\\\/image\\\/\"},\"sameAs\":[\"https:\\\/\\\/www.facebook.com\\\/BlogQuerSaberPolitica\\\/\"]},{\"@type\":\"Person\",\"@id\":\"https:\\\/\\\/blogdofarnesio.com.br\\\/#\\\/schema\\\/person\\\/301c4acf522bccbfdb45af95b5b906a1\",\"name\":\"Farn\u00e9sio\",\"image\":{\"@type\":\"ImageObject\",\"inLanguage\":\"pt-BR\",\"@id\":\"https:\\\/\\\/secure.gravatar.com\\\/avatar\\\/df0c9a14567c056f8ad6876ba5bbd1e3e2c48023eb6807342fc4663adf549f38?s=96&d=mm&r=g\",\"url\":\"https:\\\/\\\/secure.gravatar.com\\\/avatar\\\/df0c9a14567c056f8ad6876ba5bbd1e3e2c48023eb6807342fc4663adf549f38?s=96&d=mm&r=g\",\"contentUrl\":\"https:\\\/\\\/secure.gravatar.com\\\/avatar\\\/df0c9a14567c056f8ad6876ba5bbd1e3e2c48023eb6807342fc4663adf549f38?s=96&d=mm&r=g\",\"caption\":\"Farn\u00e9sio\"},\"sameAs\":[\"https:\\\/\\\/quersaberpolitica.com.br\"],\"url\":\"https:\\\/\\\/blogdofarnesio.com.br\\\/?author=1\"}]}<\/script>\n<!-- \/ Yoast SEO plugin. -->","yoast_head_json":{"title":"CONFORME DEFINI\u00c7\u00c3O DO TSE, CAMPANHA ELEITORAL 2018 PRA VALER NAS RUAS COME\u00c7A NA PR\u00d3XIMA QUINTA-FEIRA (16) - Blog do Farn\u00e9sio","robots":{"index":"index","follow":"follow","max-snippet":"max-snippet:-1","max-image-preview":"max-image-preview:large","max-video-preview":"max-video-preview:-1"},"canonical":"https:\/\/blogdofarnesio.com.br\/?p=205993","og_locale":"pt_BR","og_type":"article","og_title":"CONFORME DEFINI\u00c7\u00c3O DO TSE, CAMPANHA ELEITORAL 2018 PRA VALER NAS RUAS COME\u00c7A NA PR\u00d3XIMA QUINTA-FEIRA (16) - Blog do Farn\u00e9sio","og_description":"CONFIRA O QUE \u00c9 PERMITIDO E O QUE \u00c9 CRIME ELEITORAL Humberto Marques Em sess\u00e3o extraordin\u00e1ria administrativa, o plen\u00e1rio do TSE (Tribunal Superior Eleitoral) aprovou dez resolu\u00e7\u00f5es que v\u00e3o regular as\u00a0elei\u00e7\u00f5es\u00a0de 2018 em todo o Brasil. Entre elas, est\u00e3o as que definem o calend\u00e1rio do processo eletivo, no qual ser\u00e3o eleitos presidente da Rep\u00fablica, dois senadores por Estado, deputados federais e deputados estaduais. Pelos dispositivos, os\u00a0candidatos\u00a0estar\u00e3o liberados para irem \u00e0s ruas pedir votos a partir de 16 de agosto. O TSE tamb\u00e9m definiu pontos como os atos preparat\u00f3rios para as\u00a0elei\u00e7\u00f5es, regras para pesquisas e de escolha e registro das candidaturas, bem como o que ser\u00e1 liberado na propaganda eleitoral \u2013incluindo a forma da propaganda no r\u00e1dio, TV e tamb\u00e9m na&hellip;","og_url":"https:\/\/blogdofarnesio.com.br\/?p=205993","og_site_name":"Blog do Farn\u00e9sio","article_publisher":"https:\/\/www.facebook.com\/BlogQuerSaberPolitica\/","article_published_time":"2018-08-13T14:03:21+00:00","og_image":[{"width":448,"height":274,"url":"https:\/\/blogdofarnesio.com.br\/wp-content\/uploads\/2015\/10\/blogqsp-tse-1.jpg","type":"image\/jpeg"}],"author":"Farn\u00e9sio","twitter_card":"summary_large_image","twitter_misc":{"Escrito por":"Farn\u00e9sio","Est. tempo de leitura":"4 minutos"},"schema":{"@context":"https:\/\/schema.org","@graph":[{"@type":"Article","@id":"https:\/\/blogdofarnesio.com.br\/?p=205993#article","isPartOf":{"@id":"https:\/\/blogdofarnesio.com.br\/?p=205993"},"author":{"name":"Farn\u00e9sio","@id":"https:\/\/blogdofarnesio.com.br\/#\/schema\/person\/301c4acf522bccbfdb45af95b5b906a1"},"headline":"CONFORME DEFINI\u00c7\u00c3O DO TSE, CAMPANHA ELEITORAL 2018 PRA VALER NAS RUAS COME\u00c7A NA PR\u00d3XIMA QUINTA-FEIRA (16)","datePublished":"2018-08-13T14:03:21+00:00","mainEntityOfPage":{"@id":"https:\/\/blogdofarnesio.com.br\/?p=205993"},"wordCount":825,"publisher":{"@id":"https:\/\/blogdofarnesio.com.br\/#organization"},"image":{"@id":"https:\/\/blogdofarnesio.com.br\/?p=205993#primaryimage"},"thumbnailUrl":"https:\/\/blogdofarnesio.com.br\/wp-content\/uploads\/2015\/10\/blogqsp-tse-1.jpg","articleSection":["Pol\u00edtica"],"inLanguage":"pt-BR"},{"@type":"WebPage","@id":"https:\/\/blogdofarnesio.com.br\/?p=205993","url":"https:\/\/blogdofarnesio.com.br\/?p=205993","name":"CONFORME DEFINI\u00c7\u00c3O DO TSE, CAMPANHA ELEITORAL 2018 PRA VALER NAS RUAS COME\u00c7A NA PR\u00d3XIMA QUINTA-FEIRA (16) - Blog do Farn\u00e9sio","isPartOf":{"@id":"https:\/\/blogdofarnesio.com.br\/#website"},"primaryImageOfPage":{"@id":"https:\/\/blogdofarnesio.com.br\/?p=205993#primaryimage"},"image":{"@id":"https:\/\/blogdofarnesio.com.br\/?p=205993#primaryimage"},"thumbnailUrl":"https:\/\/blogdofarnesio.com.br\/wp-content\/uploads\/2015\/10\/blogqsp-tse-1.jpg","datePublished":"2018-08-13T14:03:21+00:00","breadcrumb":{"@id":"https:\/\/blogdofarnesio.com.br\/?p=205993#breadcrumb"},"inLanguage":"pt-BR","potentialAction":[{"@type":"ReadAction","target":["https:\/\/blogdofarnesio.com.br\/?p=205993"]}]},{"@type":"ImageObject","inLanguage":"pt-BR","@id":"https:\/\/blogdofarnesio.com.br\/?p=205993#primaryimage","url":"https:\/\/blogdofarnesio.com.br\/wp-content\/uploads\/2015\/10\/blogqsp-tse-1.jpg","contentUrl":"https:\/\/blogdofarnesio.com.br\/wp-content\/uploads\/2015\/10\/blogqsp-tse-1.jpg","width":448,"height":274},{"@type":"BreadcrumbList","@id":"https:\/\/blogdofarnesio.com.br\/?p=205993#breadcrumb","itemListElement":[{"@type":"ListItem","position":1,"name":"In\u00edcio","item":"https:\/\/blogdofarnesio.com.br\/"},{"@type":"ListItem","position":2,"name":"CONFORME DEFINI\u00c7\u00c3O DO TSE, CAMPANHA ELEITORAL 2018 PRA VALER NAS RUAS COME\u00c7A NA PR\u00d3XIMA QUINTA-FEIRA (16)"}]},{"@type":"WebSite","@id":"https:\/\/blogdofarnesio.com.br\/#website","url":"https:\/\/blogdofarnesio.com.br\/","name":"Blog do Farn\u00e9sio","description":"Quer Saber Pol\u00edtica?","publisher":{"@id":"https:\/\/blogdofarnesio.com.br\/#organization"},"potentialAction":[{"@type":"SearchAction","target":{"@type":"EntryPoint","urlTemplate":"https:\/\/blogdofarnesio.com.br\/?s={search_term_string}"},"query-input":{"@type":"PropertyValueSpecification","valueRequired":true,"valueName":"search_term_string"}}],"inLanguage":"pt-BR"},{"@type":"Organization","@id":"https:\/\/blogdofarnesio.com.br\/#organization","name":"Blog do Farn\u00e9sio","url":"https:\/\/blogdofarnesio.com.br\/","logo":{"@type":"ImageObject","inLanguage":"pt-BR","@id":"https:\/\/blogdofarnesio.com.br\/#\/schema\/logo\/image\/","url":"https:\/\/blogdofarnesio.com.br\/wp-content\/uploads\/2026\/03\/cropped-logo_new-1.png","contentUrl":"https:\/\/blogdofarnesio.com.br\/wp-content\/uploads\/2026\/03\/cropped-logo_new-1.png","width":881,"height":685,"caption":"Blog do Farn\u00e9sio"},"image":{"@id":"https:\/\/blogdofarnesio.com.br\/#\/schema\/logo\/image\/"},"sameAs":["https:\/\/www.facebook.com\/BlogQuerSaberPolitica\/"]},{"@type":"Person","@id":"https:\/\/blogdofarnesio.com.br\/#\/schema\/person\/301c4acf522bccbfdb45af95b5b906a1","name":"Farn\u00e9sio","image":{"@type":"ImageObject","inLanguage":"pt-BR","@id":"https:\/\/secure.gravatar.com\/avatar\/df0c9a14567c056f8ad6876ba5bbd1e3e2c48023eb6807342fc4663adf549f38?s=96&d=mm&r=g","url":"https:\/\/secure.gravatar.com\/avatar\/df0c9a14567c056f8ad6876ba5bbd1e3e2c48023eb6807342fc4663adf549f38?s=96&d=mm&r=g","contentUrl":"https:\/\/secure.gravatar.com\/avatar\/df0c9a14567c056f8ad6876ba5bbd1e3e2c48023eb6807342fc4663adf549f38?s=96&d=mm&r=g","caption":"Farn\u00e9sio"},"sameAs":["https:\/\/quersaberpolitica.com.br"],"url":"https:\/\/blogdofarnesio.com.br\/?author=1"}]}},"_links":{"self":[{"href":"https:\/\/blogdofarnesio.com.br\/index.php?rest_route=\/wp\/v2\/posts\/205993","targetHints":{"allow":["GET"]}}],"collection":[{"href":"https:\/\/blogdofarnesio.com.br\/index.php?rest_route=\/wp\/v2\/posts"}],"about":[{"href":"https:\/\/blogdofarnesio.com.br\/index.php?rest_route=\/wp\/v2\/types\/post"}],"author":[{"embeddable":true,"href":"https:\/\/blogdofarnesio.com.br\/index.php?rest_route=\/wp\/v2\/users\/1"}],"replies":[{"embeddable":true,"href":"https:\/\/blogdofarnesio.com.br\/index.php?rest_route=%2Fwp%2Fv2%2Fcomments&post=205993"}],"version-history":[{"count":0,"href":"https:\/\/blogdofarnesio.com.br\/index.php?rest_route=\/wp\/v2\/posts\/205993\/revisions"}],"wp:featuredmedia":[{"embeddable":true,"href":"https:\/\/blogdofarnesio.com.br\/index.php?rest_route=\/wp\/v2\/media\/132051"}],"wp:attachment":[{"href":"https:\/\/blogdofarnesio.com.br\/index.php?rest_route=%2Fwp%2Fv2%2Fmedia&parent=205993"}],"wp:term":[{"taxonomy":"category","embeddable":true,"href":"https:\/\/blogdofarnesio.com.br\/index.php?rest_route=%2Fwp%2Fv2%2Fcategories&post=205993"},{"taxonomy":"post_tag","embeddable":true,"href":"https:\/\/blogdofarnesio.com.br\/index.php?rest_route=%2Fwp%2Fv2%2Ftags&post=205993"}],"curies":[{"name":"wp","href":"https:\/\/api.w.org\/{rel}","templated":true}]}}