{"id":205870,"date":"2018-08-11T10:30:19","date_gmt":"2018-08-11T13:30:19","guid":{"rendered":"http:\/\/quersaberpolitica.com.br\/2016\/?p=205870"},"modified":"2018-08-11T09:31:21","modified_gmt":"2018-08-11T12:31:21","slug":"entrou-areia-suja-na-biografia-de-fernando-bezerra-coelho","status":"publish","type":"post","link":"https:\/\/blogdofarnesio.com.br\/?p=205870","title":{"rendered":"ENTROU AREIA SUJA NA BIOGRAFIA DE FERNANDO BEZERRA COELHO"},"content":{"rendered":"<header id=\"top\" class=\"amp-wp-header\">\n<div><\/div>\n<\/header>\n<article class=\"amp-wp-article\">\n<header class=\"amp-wp-article-header\">\n<h1 class=\"amp-wp-title\">V\u2666oto de Rom\u00e1rio Dias livrou FBC de condena\u00e7\u00e3o por areia em julgamento anterior do TCE wl<img decoding=\"async\" class=\"i-amphtml-fill-content i-amphtml-replaced-content\" style=\"font-size: 16px;\" src=\"https:\/\/imagens1-ne10-uol-com-br.cdn.ampproject.org\/i\/s\/imagens1.ne10.uol.com.br\/blogsne10\/jamildo\/uploads\/\/2017\/10\/romario-dias-748x409.jpg\" srcset=\"https:\/\/imagens1-ne10-uol-com-br.cdn.ampproject.org\/i\/s\/imagens1.ne10.uol.com.br\/blogsne10\/jamildo\/uploads\/2017\/10\/romario-dias-748x410.jpg 748w, https:\/\/imagens1-ne10-uol-com-br.cdn.ampproject.org\/i\/s\/imagens1.ne10.uol.com.br\/blogsne10\/jamildo\/uploads\/2017\/10\/romario-dias-300x164.jpg 300w, https:\/\/imagens1-ne10-uol-com-br.cdn.ampproject.org\/i\/s\/imagens1.ne10.uol.com.br\/blogsne10\/jamildo\/uploads\/2017\/10\/romario-dias-219x120.jpg 219w, https:\/\/imagens1-ne10-uol-com-br.cdn.ampproject.org\/i\/s\/imagens1.ne10.uol.com.br\/blogsne10\/jamildo\/uploads\/2017\/10\/romario-dias-152x82.jpg 152w, https:\/\/imagens1-ne10-uol-com-br.cdn.ampproject.org\/i\/s\/imagens1.ne10.uol.com.br\/blogsne10\/jamildo\/uploads\/2017\/10\/romario-dias.jpg 750w\" alt=\"\" \/><\/h1>\n<\/header>\n<div class=\"amp-wp-article-content\">\n<p>Na quarta-feira, no Recife, o plen\u00e1rio do TCE reformou Ac\u00f3rd\u00e3o anterior para julgar irregular uma auditoria especial, em Suape, dos anos de 2007 e 2009, para apurar a cess\u00e3o de areia de aterros a pessoas jur\u00eddicas privadas, imputando-lhe um d\u00e9bito no valor de R$ 5.711.910,00 ao hoje senador Fernando Bezerra Coelho (MDB), que na \u00e9poca dos fatos era presidente de Suape.<\/p>\n<p>A condena\u00e7\u00e3o desta quarta-feira aconteceu ap\u00f3s um pedido de rescis\u00e3o do Minist\u00e9rio P\u00fablico de Contas de Pernambuco (MPCO), assinado pela procuradora geral Germana Laureano e pelo procurador Cristiano Pimentel.<\/p>\n<p>Em nota, o senador afirmou que a Segunda C\u00e2mara do TCE tinha considerado a quest\u00e3o regular, em 2013.<\/p>\n<p>De acordo com informa\u00e7\u00f5es oficiais, no julgamento de 2013, O relator original, conselheiro Carlos Pimentel, auditor concursado do TCE, votou pela irregularidade das contas de Fernando Bezerra Coelho e pela condena\u00e7\u00e3o do atual senador em mais de 5 milh\u00f5es de reais.<\/p>\n<p>O voto do auditor concursado do TCE n\u00e3o prevaleceu, pois o ent\u00e3o conselheiro Rom\u00e1rio Dias apresentou um voto-divergente pela aprova\u00e7\u00e3o das contas de Fernando Bezerra Coelho. H\u00e1 uma cisma entre t\u00e9cnicos e conselheiros pol\u00edticos no \u00f3rg\u00e3o.<\/p>\n<p>Atual deputado estadual pelo PSD, da base governista, Rom\u00e1rio Dias ficou no TCE por cinco anos como conselheiro, ap\u00f3s ser nomeado pelo governador Eduardo Campos (PSB). Rom\u00e1rio tamb\u00e9m foi presidente da Assembleia Legislativa do Estado, por tr\u00eas mandatos.<\/p>\n<p>Como o voto de Rom\u00e1rio em 2013 foi acompanhando pelo conselheiro Jo\u00e3o Campos, n\u00e3o prevaleceu o pedido do relator original para que Fernando Bezerra Coelho fosse condenado em 5 milh\u00f5es. O placar ficou 2\u00d71 a favor de FBC.<\/p>\n<p>\u201cJo\u00e3o Campos tamb\u00e9m foi nomeado pelo ex-governador Eduardo Campos, de quem \u00e9 primo\u201d, lembram os t\u00e9cnicos da casa.<\/p>\n<p>Na \u00e9poca do primeiro julgamento do TCE, em 2013, Fernando Bezerra Coelho estava no PSB. No ano seguinte, em 2014, foi escolhido por Eduardo Campos para ser candidato do partido ao Senado.<\/p>\n<p>A demora para que o TCE fizesse o novo julgamento, segundo fala em sess\u00e3o da relatora do recurso ontem, conselheira Alda Magalh\u00e3es, se deu devido a sucessivos pedidos de vistas dos conselheiros<\/p>\n<\/div>\n<\/article>\n","protected":false},"excerpt":{"rendered":"<p>V\u2666oto de Rom\u00e1rio Dias livrou FBC de condena\u00e7\u00e3o por areia em julgamento anterior do TCE wl Na quarta-feira, no Recife, o plen\u00e1rio do TCE reformou Ac\u00f3rd\u00e3o anterior para julgar irregular uma auditoria especial, em Suape, dos anos de 2007 e 2009, para apurar a cess\u00e3o de areia de aterros a pessoas jur\u00eddicas privadas, imputando-lhe um d\u00e9bito no valor de R$ 5.711.910,00 ao hoje senador Fernando Bezerra Coelho (MDB), que na \u00e9poca dos fatos era presidente de Suape. A condena\u00e7\u00e3o desta quarta-feira aconteceu ap\u00f3s um pedido de rescis\u00e3o do Minist\u00e9rio P\u00fablico de Contas de Pernambuco (MPCO), assinado pela procuradora geral Germana Laureano e pelo procurador Cristiano Pimentel. Em nota, o senador afirmou que a Segunda C\u00e2mara do TCE tinha considerado a&hellip; <\/p>\n","protected":false},"author":1,"featured_media":177957,"comment_status":"closed","ping_status":"closed","sticky":false,"template":"","format":"standard","meta":{"_acf_changed":false,"footnotes":""},"categories":[1],"tags":[],"class_list":["post-205870","post","type-post","status-publish","format-standard","has-post-thumbnail","hentry","category-politica"],"acf":[],"yoast_head":"<!-- This site is optimized with the Yoast SEO plugin v27.4 - https:\/\/yoast.com\/product\/yoast-seo-wordpress\/ -->\n<title>ENTROU AREIA SUJA NA BIOGRAFIA DE FERNANDO BEZERRA COELHO - Blog do Farn\u00e9sio<\/title>\n<meta name=\"robots\" content=\"index, follow, max-snippet:-1, max-image-preview:large, max-video-preview:-1\" \/>\n<link rel=\"canonical\" href=\"https:\/\/blogdofarnesio.com.br\/?p=205870\" \/>\n<meta property=\"og:locale\" content=\"pt_BR\" \/>\n<meta property=\"og:type\" content=\"article\" \/>\n<meta property=\"og:title\" content=\"ENTROU AREIA SUJA NA BIOGRAFIA DE FERNANDO BEZERRA COELHO - Blog do Farn\u00e9sio\" \/>\n<meta property=\"og:description\" content=\"V\u2666oto de Rom\u00e1rio Dias livrou FBC de condena\u00e7\u00e3o por areia em julgamento anterior do TCE wl Na quarta-feira, no Recife, o plen\u00e1rio do TCE reformou Ac\u00f3rd\u00e3o anterior para julgar irregular uma auditoria especial, em Suape, dos anos de 2007 e 2009, para apurar a cess\u00e3o de areia de aterros a pessoas jur\u00eddicas privadas, imputando-lhe um d\u00e9bito no valor de R$ 5.711.910,00 ao hoje senador Fernando Bezerra Coelho (MDB), que na \u00e9poca dos fatos era presidente de Suape. A condena\u00e7\u00e3o desta quarta-feira aconteceu ap\u00f3s um pedido de rescis\u00e3o do Minist\u00e9rio P\u00fablico de Contas de Pernambuco (MPCO), assinado pela procuradora geral Germana Laureano e pelo procurador Cristiano Pimentel. Em nota, o senador afirmou que a Segunda C\u00e2mara do TCE tinha considerado a&hellip;\" \/>\n<meta property=\"og:url\" content=\"https:\/\/blogdofarnesio.com.br\/?p=205870\" \/>\n<meta property=\"og:site_name\" content=\"Blog do Farn\u00e9sio\" \/>\n<meta property=\"article:publisher\" content=\"https:\/\/www.facebook.com\/BlogQuerSaberPolitica\/\" \/>\n<meta property=\"article:published_time\" content=\"2018-08-11T13:30:19+00:00\" \/>\n<meta property=\"og:image\" content=\"https:\/\/blogdofarnesio.com.br\/wp-content\/uploads\/2017\/10\/blogqspfbcFernando-Bezerra-Coelho-blog-PE-mais.jpg\" \/>\n\t<meta property=\"og:image:width\" content=\"640\" \/>\n\t<meta property=\"og:image:height\" content=\"351\" \/>\n\t<meta property=\"og:image:type\" content=\"image\/jpeg\" \/>\n<meta name=\"author\" content=\"Farn\u00e9sio\" \/>\n<meta name=\"twitter:card\" content=\"summary_large_image\" \/>\n<meta name=\"twitter:label1\" content=\"Escrito por\" \/>\n\t<meta name=\"twitter:data1\" content=\"Farn\u00e9sio\" \/>\n\t<meta name=\"twitter:label2\" content=\"Est. tempo de leitura\" \/>\n\t<meta name=\"twitter:data2\" content=\"2 minutos\" \/>\n<script type=\"application\/ld+json\" class=\"yoast-schema-graph\">{\"@context\":\"https:\\\/\\\/schema.org\",\"@graph\":[{\"@type\":\"Article\",\"@id\":\"https:\\\/\\\/blogdofarnesio.com.br\\\/?p=205870#article\",\"isPartOf\":{\"@id\":\"https:\\\/\\\/blogdofarnesio.com.br\\\/?p=205870\"},\"author\":{\"name\":\"Farn\u00e9sio\",\"@id\":\"https:\\\/\\\/blogdofarnesio.com.br\\\/#\\\/schema\\\/person\\\/301c4acf522bccbfdb45af95b5b906a1\"},\"headline\":\"ENTROU AREIA SUJA NA BIOGRAFIA DE FERNANDO BEZERRA COELHO\",\"datePublished\":\"2018-08-11T13:30:19+00:00\",\"mainEntityOfPage\":{\"@id\":\"https:\\\/\\\/blogdofarnesio.com.br\\\/?p=205870\"},\"wordCount\":396,\"publisher\":{\"@id\":\"https:\\\/\\\/blogdofarnesio.com.br\\\/#organization\"},\"image\":{\"@id\":\"https:\\\/\\\/blogdofarnesio.com.br\\\/?p=205870#primaryimage\"},\"thumbnailUrl\":\"https:\\\/\\\/blogdofarnesio.com.br\\\/wp-content\\\/uploads\\\/2017\\\/10\\\/blogqspfbcFernando-Bezerra-Coelho-blog-PE-mais.jpg\",\"articleSection\":[\"Pol\u00edtica\"],\"inLanguage\":\"pt-BR\"},{\"@type\":\"WebPage\",\"@id\":\"https:\\\/\\\/blogdofarnesio.com.br\\\/?p=205870\",\"url\":\"https:\\\/\\\/blogdofarnesio.com.br\\\/?p=205870\",\"name\":\"ENTROU AREIA SUJA NA BIOGRAFIA DE FERNANDO BEZERRA COELHO - Blog do Farn\u00e9sio\",\"isPartOf\":{\"@id\":\"https:\\\/\\\/blogdofarnesio.com.br\\\/#website\"},\"primaryImageOfPage\":{\"@id\":\"https:\\\/\\\/blogdofarnesio.com.br\\\/?p=205870#primaryimage\"},\"image\":{\"@id\":\"https:\\\/\\\/blogdofarnesio.com.br\\\/?p=205870#primaryimage\"},\"thumbnailUrl\":\"https:\\\/\\\/blogdofarnesio.com.br\\\/wp-content\\\/uploads\\\/2017\\\/10\\\/blogqspfbcFernando-Bezerra-Coelho-blog-PE-mais.jpg\",\"datePublished\":\"2018-08-11T13:30:19+00:00\",\"breadcrumb\":{\"@id\":\"https:\\\/\\\/blogdofarnesio.com.br\\\/?p=205870#breadcrumb\"},\"inLanguage\":\"pt-BR\",\"potentialAction\":[{\"@type\":\"ReadAction\",\"target\":[\"https:\\\/\\\/blogdofarnesio.com.br\\\/?p=205870\"]}]},{\"@type\":\"ImageObject\",\"inLanguage\":\"pt-BR\",\"@id\":\"https:\\\/\\\/blogdofarnesio.com.br\\\/?p=205870#primaryimage\",\"url\":\"https:\\\/\\\/blogdofarnesio.com.br\\\/wp-content\\\/uploads\\\/2017\\\/10\\\/blogqspfbcFernando-Bezerra-Coelho-blog-PE-mais.jpg\",\"contentUrl\":\"https:\\\/\\\/blogdofarnesio.com.br\\\/wp-content\\\/uploads\\\/2017\\\/10\\\/blogqspfbcFernando-Bezerra-Coelho-blog-PE-mais.jpg\",\"width\":640,\"height\":351,\"caption\":\"Senador Fernando Bezerra Coelho\"},{\"@type\":\"BreadcrumbList\",\"@id\":\"https:\\\/\\\/blogdofarnesio.com.br\\\/?p=205870#breadcrumb\",\"itemListElement\":[{\"@type\":\"ListItem\",\"position\":1,\"name\":\"In\u00edcio\",\"item\":\"https:\\\/\\\/blogdofarnesio.com.br\\\/\"},{\"@type\":\"ListItem\",\"position\":2,\"name\":\"ENTROU AREIA SUJA NA BIOGRAFIA DE FERNANDO BEZERRA COELHO\"}]},{\"@type\":\"WebSite\",\"@id\":\"https:\\\/\\\/blogdofarnesio.com.br\\\/#website\",\"url\":\"https:\\\/\\\/blogdofarnesio.com.br\\\/\",\"name\":\"Blog do Farn\u00e9sio\",\"description\":\"Quer Saber Pol\u00edtica?\",\"publisher\":{\"@id\":\"https:\\\/\\\/blogdofarnesio.com.br\\\/#organization\"},\"potentialAction\":[{\"@type\":\"SearchAction\",\"target\":{\"@type\":\"EntryPoint\",\"urlTemplate\":\"https:\\\/\\\/blogdofarnesio.com.br\\\/?s={search_term_string}\"},\"query-input\":{\"@type\":\"PropertyValueSpecification\",\"valueRequired\":true,\"valueName\":\"search_term_string\"}}],\"inLanguage\":\"pt-BR\"},{\"@type\":\"Organization\",\"@id\":\"https:\\\/\\\/blogdofarnesio.com.br\\\/#organization\",\"name\":\"Blog do Farn\u00e9sio\",\"url\":\"https:\\\/\\\/blogdofarnesio.com.br\\\/\",\"logo\":{\"@type\":\"ImageObject\",\"inLanguage\":\"pt-BR\",\"@id\":\"https:\\\/\\\/blogdofarnesio.com.br\\\/#\\\/schema\\\/logo\\\/image\\\/\",\"url\":\"https:\\\/\\\/blogdofarnesio.com.br\\\/wp-content\\\/uploads\\\/2026\\\/03\\\/cropped-logo_new-1.png\",\"contentUrl\":\"https:\\\/\\\/blogdofarnesio.com.br\\\/wp-content\\\/uploads\\\/2026\\\/03\\\/cropped-logo_new-1.png\",\"width\":881,\"height\":685,\"caption\":\"Blog do Farn\u00e9sio\"},\"image\":{\"@id\":\"https:\\\/\\\/blogdofarnesio.com.br\\\/#\\\/schema\\\/logo\\\/image\\\/\"},\"sameAs\":[\"https:\\\/\\\/www.facebook.com\\\/BlogQuerSaberPolitica\\\/\"]},{\"@type\":\"Person\",\"@id\":\"https:\\\/\\\/blogdofarnesio.com.br\\\/#\\\/schema\\\/person\\\/301c4acf522bccbfdb45af95b5b906a1\",\"name\":\"Farn\u00e9sio\",\"image\":{\"@type\":\"ImageObject\",\"inLanguage\":\"pt-BR\",\"@id\":\"https:\\\/\\\/secure.gravatar.com\\\/avatar\\\/df0c9a14567c056f8ad6876ba5bbd1e3e2c48023eb6807342fc4663adf549f38?s=96&d=mm&r=g\",\"url\":\"https:\\\/\\\/secure.gravatar.com\\\/avatar\\\/df0c9a14567c056f8ad6876ba5bbd1e3e2c48023eb6807342fc4663adf549f38?s=96&d=mm&r=g\",\"contentUrl\":\"https:\\\/\\\/secure.gravatar.com\\\/avatar\\\/df0c9a14567c056f8ad6876ba5bbd1e3e2c48023eb6807342fc4663adf549f38?s=96&d=mm&r=g\",\"caption\":\"Farn\u00e9sio\"},\"sameAs\":[\"https:\\\/\\\/quersaberpolitica.com.br\"],\"url\":\"https:\\\/\\\/blogdofarnesio.com.br\\\/?author=1\"}]}<\/script>\n<!-- \/ Yoast SEO plugin. -->","yoast_head_json":{"title":"ENTROU AREIA SUJA NA BIOGRAFIA DE FERNANDO BEZERRA COELHO - Blog do Farn\u00e9sio","robots":{"index":"index","follow":"follow","max-snippet":"max-snippet:-1","max-image-preview":"max-image-preview:large","max-video-preview":"max-video-preview:-1"},"canonical":"https:\/\/blogdofarnesio.com.br\/?p=205870","og_locale":"pt_BR","og_type":"article","og_title":"ENTROU AREIA SUJA NA BIOGRAFIA DE FERNANDO BEZERRA COELHO - Blog do Farn\u00e9sio","og_description":"V\u2666oto de Rom\u00e1rio Dias livrou FBC de condena\u00e7\u00e3o por areia em julgamento anterior do TCE wl Na quarta-feira, no Recife, o plen\u00e1rio do TCE reformou Ac\u00f3rd\u00e3o anterior para julgar irregular uma auditoria especial, em Suape, dos anos de 2007 e 2009, para apurar a cess\u00e3o de areia de aterros a pessoas jur\u00eddicas privadas, imputando-lhe um d\u00e9bito no valor de R$ 5.711.910,00 ao hoje senador Fernando Bezerra Coelho (MDB), que na \u00e9poca dos fatos era presidente de Suape. A condena\u00e7\u00e3o desta quarta-feira aconteceu ap\u00f3s um pedido de rescis\u00e3o do Minist\u00e9rio P\u00fablico de Contas de Pernambuco (MPCO), assinado pela procuradora geral Germana Laureano e pelo procurador Cristiano Pimentel. Em nota, o senador afirmou que a Segunda C\u00e2mara do TCE tinha considerado a&hellip;","og_url":"https:\/\/blogdofarnesio.com.br\/?p=205870","og_site_name":"Blog do Farn\u00e9sio","article_publisher":"https:\/\/www.facebook.com\/BlogQuerSaberPolitica\/","article_published_time":"2018-08-11T13:30:19+00:00","og_image":[{"width":640,"height":351,"url":"https:\/\/blogdofarnesio.com.br\/wp-content\/uploads\/2017\/10\/blogqspfbcFernando-Bezerra-Coelho-blog-PE-mais.jpg","type":"image\/jpeg"}],"author":"Farn\u00e9sio","twitter_card":"summary_large_image","twitter_misc":{"Escrito por":"Farn\u00e9sio","Est. tempo de leitura":"2 minutos"},"schema":{"@context":"https:\/\/schema.org","@graph":[{"@type":"Article","@id":"https:\/\/blogdofarnesio.com.br\/?p=205870#article","isPartOf":{"@id":"https:\/\/blogdofarnesio.com.br\/?p=205870"},"author":{"name":"Farn\u00e9sio","@id":"https:\/\/blogdofarnesio.com.br\/#\/schema\/person\/301c4acf522bccbfdb45af95b5b906a1"},"headline":"ENTROU AREIA SUJA NA BIOGRAFIA DE FERNANDO BEZERRA COELHO","datePublished":"2018-08-11T13:30:19+00:00","mainEntityOfPage":{"@id":"https:\/\/blogdofarnesio.com.br\/?p=205870"},"wordCount":396,"publisher":{"@id":"https:\/\/blogdofarnesio.com.br\/#organization"},"image":{"@id":"https:\/\/blogdofarnesio.com.br\/?p=205870#primaryimage"},"thumbnailUrl":"https:\/\/blogdofarnesio.com.br\/wp-content\/uploads\/2017\/10\/blogqspfbcFernando-Bezerra-Coelho-blog-PE-mais.jpg","articleSection":["Pol\u00edtica"],"inLanguage":"pt-BR"},{"@type":"WebPage","@id":"https:\/\/blogdofarnesio.com.br\/?p=205870","url":"https:\/\/blogdofarnesio.com.br\/?p=205870","name":"ENTROU AREIA SUJA NA BIOGRAFIA DE FERNANDO BEZERRA COELHO - Blog do Farn\u00e9sio","isPartOf":{"@id":"https:\/\/blogdofarnesio.com.br\/#website"},"primaryImageOfPage":{"@id":"https:\/\/blogdofarnesio.com.br\/?p=205870#primaryimage"},"image":{"@id":"https:\/\/blogdofarnesio.com.br\/?p=205870#primaryimage"},"thumbnailUrl":"https:\/\/blogdofarnesio.com.br\/wp-content\/uploads\/2017\/10\/blogqspfbcFernando-Bezerra-Coelho-blog-PE-mais.jpg","datePublished":"2018-08-11T13:30:19+00:00","breadcrumb":{"@id":"https:\/\/blogdofarnesio.com.br\/?p=205870#breadcrumb"},"inLanguage":"pt-BR","potentialAction":[{"@type":"ReadAction","target":["https:\/\/blogdofarnesio.com.br\/?p=205870"]}]},{"@type":"ImageObject","inLanguage":"pt-BR","@id":"https:\/\/blogdofarnesio.com.br\/?p=205870#primaryimage","url":"https:\/\/blogdofarnesio.com.br\/wp-content\/uploads\/2017\/10\/blogqspfbcFernando-Bezerra-Coelho-blog-PE-mais.jpg","contentUrl":"https:\/\/blogdofarnesio.com.br\/wp-content\/uploads\/2017\/10\/blogqspfbcFernando-Bezerra-Coelho-blog-PE-mais.jpg","width":640,"height":351,"caption":"Senador Fernando Bezerra Coelho"},{"@type":"BreadcrumbList","@id":"https:\/\/blogdofarnesio.com.br\/?p=205870#breadcrumb","itemListElement":[{"@type":"ListItem","position":1,"name":"In\u00edcio","item":"https:\/\/blogdofarnesio.com.br\/"},{"@type":"ListItem","position":2,"name":"ENTROU AREIA SUJA NA BIOGRAFIA DE FERNANDO BEZERRA COELHO"}]},{"@type":"WebSite","@id":"https:\/\/blogdofarnesio.com.br\/#website","url":"https:\/\/blogdofarnesio.com.br\/","name":"Blog do Farn\u00e9sio","description":"Quer Saber Pol\u00edtica?","publisher":{"@id":"https:\/\/blogdofarnesio.com.br\/#organization"},"potentialAction":[{"@type":"SearchAction","target":{"@type":"EntryPoint","urlTemplate":"https:\/\/blogdofarnesio.com.br\/?s={search_term_string}"},"query-input":{"@type":"PropertyValueSpecification","valueRequired":true,"valueName":"search_term_string"}}],"inLanguage":"pt-BR"},{"@type":"Organization","@id":"https:\/\/blogdofarnesio.com.br\/#organization","name":"Blog do Farn\u00e9sio","url":"https:\/\/blogdofarnesio.com.br\/","logo":{"@type":"ImageObject","inLanguage":"pt-BR","@id":"https:\/\/blogdofarnesio.com.br\/#\/schema\/logo\/image\/","url":"https:\/\/blogdofarnesio.com.br\/wp-content\/uploads\/2026\/03\/cropped-logo_new-1.png","contentUrl":"https:\/\/blogdofarnesio.com.br\/wp-content\/uploads\/2026\/03\/cropped-logo_new-1.png","width":881,"height":685,"caption":"Blog do Farn\u00e9sio"},"image":{"@id":"https:\/\/blogdofarnesio.com.br\/#\/schema\/logo\/image\/"},"sameAs":["https:\/\/www.facebook.com\/BlogQuerSaberPolitica\/"]},{"@type":"Person","@id":"https:\/\/blogdofarnesio.com.br\/#\/schema\/person\/301c4acf522bccbfdb45af95b5b906a1","name":"Farn\u00e9sio","image":{"@type":"ImageObject","inLanguage":"pt-BR","@id":"https:\/\/secure.gravatar.com\/avatar\/df0c9a14567c056f8ad6876ba5bbd1e3e2c48023eb6807342fc4663adf549f38?s=96&d=mm&r=g","url":"https:\/\/secure.gravatar.com\/avatar\/df0c9a14567c056f8ad6876ba5bbd1e3e2c48023eb6807342fc4663adf549f38?s=96&d=mm&r=g","contentUrl":"https:\/\/secure.gravatar.com\/avatar\/df0c9a14567c056f8ad6876ba5bbd1e3e2c48023eb6807342fc4663adf549f38?s=96&d=mm&r=g","caption":"Farn\u00e9sio"},"sameAs":["https:\/\/quersaberpolitica.com.br"],"url":"https:\/\/blogdofarnesio.com.br\/?author=1"}]}},"_links":{"self":[{"href":"https:\/\/blogdofarnesio.com.br\/index.php?rest_route=\/wp\/v2\/posts\/205870","targetHints":{"allow":["GET"]}}],"collection":[{"href":"https:\/\/blogdofarnesio.com.br\/index.php?rest_route=\/wp\/v2\/posts"}],"about":[{"href":"https:\/\/blogdofarnesio.com.br\/index.php?rest_route=\/wp\/v2\/types\/post"}],"author":[{"embeddable":true,"href":"https:\/\/blogdofarnesio.com.br\/index.php?rest_route=\/wp\/v2\/users\/1"}],"replies":[{"embeddable":true,"href":"https:\/\/blogdofarnesio.com.br\/index.php?rest_route=%2Fwp%2Fv2%2Fcomments&post=205870"}],"version-history":[{"count":0,"href":"https:\/\/blogdofarnesio.com.br\/index.php?rest_route=\/wp\/v2\/posts\/205870\/revisions"}],"wp:featuredmedia":[{"embeddable":true,"href":"https:\/\/blogdofarnesio.com.br\/index.php?rest_route=\/wp\/v2\/media\/177957"}],"wp:attachment":[{"href":"https:\/\/blogdofarnesio.com.br\/index.php?rest_route=%2Fwp%2Fv2%2Fmedia&parent=205870"}],"wp:term":[{"taxonomy":"category","embeddable":true,"href":"https:\/\/blogdofarnesio.com.br\/index.php?rest_route=%2Fwp%2Fv2%2Fcategories&post=205870"},{"taxonomy":"post_tag","embeddable":true,"href":"https:\/\/blogdofarnesio.com.br\/index.php?rest_route=%2Fwp%2Fv2%2Ftags&post=205870"}],"curies":[{"name":"wp","href":"https:\/\/api.w.org\/{rel}","templated":true}]}}