{"id":204931,"date":"2018-08-01T17:02:10","date_gmt":"2018-08-01T20:02:10","guid":{"rendered":"http:\/\/quersaberpolitica.com.br\/2016\/?p=204931"},"modified":"2018-08-01T16:07:31","modified_gmt":"2018-08-01T19:07:31","slug":"eleicoes-2018-a-quatro-dias-do-prazo-fatal-a-maioria-dos-presidenciaveis-ainda-nao-tem-vice","status":"publish","type":"post","link":"https:\/\/blogdofarnesio.com.br\/?p=204931","title":{"rendered":"ELEI\u00c7\u00d5ES 2018: A QUATRO DIAS DO PRAZO FATAL, A MAIORIA DOS PRESIDENCI\u00c1VEIS AINDA N\u00c3O TEM VICE"},"content":{"rendered":"<div class=\"box-title\"><\/div>\n<div class=\"box-body\">\n<div class=\"text-center\">\n<div class=\"box-img\">\n<div class=\"img-legenda\">A maioria dos candidatos e pr\u00e9-candidatos \u00e0 Presid\u00eancia da Rep\u00fablica ainda n\u00e3o conseguiu um vice para disputar a elei\u00e7\u00e3o de outubro. O prazo final para a defini\u00e7\u00e3o das chapas \u00e9 o pr\u00f3ximo domingo (5), quando se encerra, para o Tribunal Superior Eleitoral (TSE), o per\u00edodo de conven\u00e7\u00f5es nacionais nas quais s\u00e3o\u00a0definidos os candidatos, as alian\u00e7as com outras legendas ou at\u00e9 mesmo a neutralidade na disputa presidencial.<\/div>\n<\/div>\n<\/div>\n<div class=\"text-descricao\">\n<p>De acordo com especialistas ouvidos pelo G1, o cen\u00e1rio de candidatos sem vice\u00a0\u00e9 in\u00e9dito e se deve pelo receio de exposi\u00e7\u00e3o ao lado de pol\u00edticos envolvidos em esc\u00e2ndalos; pragmatismo (alguns potenciais vices n\u00e3o querem trocar uma poss\u00edvel reelei\u00e7\u00e3o como deputado ou senador por uma campanha majorit\u00e1ria incerta) e o cen\u00e1rio eleitoral indefinido.<\/p>\n<p>At\u00e9 a manh\u00e3 desta quarta-feira (31), apenas tr\u00eas chapas foram registradas com vice: a do PSOL, com Boulos para presidente e S\u00f4nia Guajajara na vice; PSTU com Vera L\u00facia e Hertz Dias e da Democracia Crist\u00e3 com Eymael e Pastor Helvio Costa na vice. Ciro Gomes (PDT), Jair Bolsonaro (PSL) e Paulo Rabello de Castro (PSC) j\u00e1 foram oficializados por seus grupos\u00a0como candidatos a presidente. Mas ainda correm contra o tempo para definir um vice at\u00e9 domingo.<\/p>\n<p>Os pr\u00e9-candidatos Geraldo Alckmin (PSDB), Henrique Meirelles (MDB), Lula, Manuela D\u2019\u00c1vila (PCdoB), Marina Silva (Rede) e \u00c1lvaro Dias (Podemos) ainda se encontram na condi\u00e7\u00e3o de pr\u00e9-candidatos, aguardando oficializa\u00e7\u00e3o das candidaturas no fim de semana. Todos est\u00e3o em busca de um vice.<\/p>\n<p>De acordo com M\u00e1rcia Dias, coordenadora do bacharelado em Ci\u00eancia Pol\u00edtica da Universidade Federal do Estado do Rio de Janeiro (Unirio), a dificuldade dos presidenci\u00e1veis em definir um vice \u00e9 um detalhe perif\u00e9rico de uma crise profunda da democracia brasileira. &#8220;A dificuldade na escolha do vice \u00e9 somente a ponta do iceberg de uma crise sem precedentes que foi causada por uma s\u00e9rie de fatores que questionaram a democracia. A democracia est\u00e1 questionada no Brasil\u201d, contou.<\/p>\n<\/div>\n<\/div>\n","protected":false},"excerpt":{"rendered":"<p>A maioria dos candidatos e pr\u00e9-candidatos \u00e0 Presid\u00eancia da Rep\u00fablica ainda n\u00e3o conseguiu um vice para disputar a elei\u00e7\u00e3o de outubro. O prazo final para a defini\u00e7\u00e3o das chapas \u00e9 o pr\u00f3ximo domingo (5), quando se encerra, para o Tribunal Superior Eleitoral (TSE), o per\u00edodo de conven\u00e7\u00f5es nacionais nas quais s\u00e3o\u00a0definidos os candidatos, as alian\u00e7as com outras legendas ou at\u00e9 mesmo a neutralidade na disputa presidencial. De acordo com especialistas ouvidos pelo G1, o cen\u00e1rio de candidatos sem vice\u00a0\u00e9 in\u00e9dito e se deve pelo receio de exposi\u00e7\u00e3o ao lado de pol\u00edticos envolvidos em esc\u00e2ndalos; pragmatismo (alguns potenciais vices n\u00e3o querem trocar uma poss\u00edvel reelei\u00e7\u00e3o como deputado ou senador por uma campanha majorit\u00e1ria incerta) e o cen\u00e1rio eleitoral indefinido. At\u00e9 a&hellip; <\/p>\n","protected":false},"author":1,"featured_media":188568,"comment_status":"closed","ping_status":"closed","sticky":false,"template":"","format":"standard","meta":{"_acf_changed":false,"footnotes":""},"categories":[34],"tags":[],"class_list":["post-204931","post","type-post","status-publish","format-standard","has-post-thumbnail","hentry","category-eleicoes"],"acf":[],"yoast_head":"<!-- This site is optimized with the Yoast SEO plugin v27.4 - https:\/\/yoast.com\/product\/yoast-seo-wordpress\/ -->\n<title>ELEI\u00c7\u00d5ES 2018: A QUATRO DIAS DO PRAZO FATAL, A MAIORIA DOS PRESIDENCI\u00c1VEIS AINDA N\u00c3O TEM VICE - Blog do Farn\u00e9sio<\/title>\n<meta name=\"robots\" content=\"index, follow, max-snippet:-1, max-image-preview:large, max-video-preview:-1\" \/>\n<link rel=\"canonical\" href=\"https:\/\/blogdofarnesio.com.br\/?p=204931\" \/>\n<meta property=\"og:locale\" content=\"pt_BR\" \/>\n<meta property=\"og:type\" content=\"article\" \/>\n<meta property=\"og:title\" content=\"ELEI\u00c7\u00d5ES 2018: A QUATRO DIAS DO PRAZO FATAL, A MAIORIA DOS PRESIDENCI\u00c1VEIS AINDA N\u00c3O TEM VICE - Blog do Farn\u00e9sio\" \/>\n<meta property=\"og:description\" content=\"A maioria dos candidatos e pr\u00e9-candidatos \u00e0 Presid\u00eancia da Rep\u00fablica ainda n\u00e3o conseguiu um vice para disputar a elei\u00e7\u00e3o de outubro. O prazo final para a defini\u00e7\u00e3o das chapas \u00e9 o pr\u00f3ximo domingo (5), quando se encerra, para o Tribunal Superior Eleitoral (TSE), o per\u00edodo de conven\u00e7\u00f5es nacionais nas quais s\u00e3o\u00a0definidos os candidatos, as alian\u00e7as com outras legendas ou at\u00e9 mesmo a neutralidade na disputa presidencial. De acordo com especialistas ouvidos pelo G1, o cen\u00e1rio de candidatos sem vice\u00a0\u00e9 in\u00e9dito e se deve pelo receio de exposi\u00e7\u00e3o ao lado de pol\u00edticos envolvidos em esc\u00e2ndalos; pragmatismo (alguns potenciais vices n\u00e3o querem trocar uma poss\u00edvel reelei\u00e7\u00e3o como deputado ou senador por uma campanha majorit\u00e1ria incerta) e o cen\u00e1rio eleitoral indefinido. At\u00e9 a&hellip;\" \/>\n<meta property=\"og:url\" content=\"https:\/\/blogdofarnesio.com.br\/?p=204931\" \/>\n<meta property=\"og:site_name\" content=\"Blog do Farn\u00e9sio\" \/>\n<meta property=\"article:publisher\" content=\"https:\/\/www.facebook.com\/BlogQuerSaberPolitica\/\" \/>\n<meta property=\"article:published_time\" content=\"2018-08-01T20:02:10+00:00\" \/>\n<meta property=\"og:image\" content=\"https:\/\/blogdofarnesio.com.br\/wp-content\/uploads\/2018\/02\/blogqsppresidenciaveiscandidatos-1202-desk-e1518561371714.png\" \/>\n\t<meta property=\"og:image:width\" content=\"486\" \/>\n\t<meta property=\"og:image:height\" content=\"584\" \/>\n\t<meta property=\"og:image:type\" content=\"image\/png\" \/>\n<meta name=\"author\" content=\"Farn\u00e9sio\" \/>\n<meta name=\"twitter:card\" content=\"summary_large_image\" \/>\n<meta name=\"twitter:label1\" content=\"Escrito por\" \/>\n\t<meta name=\"twitter:data1\" content=\"Farn\u00e9sio\" \/>\n\t<meta name=\"twitter:label2\" content=\"Est. tempo de leitura\" \/>\n\t<meta name=\"twitter:data2\" content=\"2 minutos\" \/>\n<script type=\"application\/ld+json\" class=\"yoast-schema-graph\">{\"@context\":\"https:\\\/\\\/schema.org\",\"@graph\":[{\"@type\":\"Article\",\"@id\":\"https:\\\/\\\/blogdofarnesio.com.br\\\/?p=204931#article\",\"isPartOf\":{\"@id\":\"https:\\\/\\\/blogdofarnesio.com.br\\\/?p=204931\"},\"author\":{\"name\":\"Farn\u00e9sio\",\"@id\":\"https:\\\/\\\/blogdofarnesio.com.br\\\/#\\\/schema\\\/person\\\/301c4acf522bccbfdb45af95b5b906a1\"},\"headline\":\"ELEI\u00c7\u00d5ES 2018: A QUATRO DIAS DO PRAZO FATAL, A MAIORIA DOS PRESIDENCI\u00c1VEIS AINDA N\u00c3O TEM VICE\",\"datePublished\":\"2018-08-01T20:02:10+00:00\",\"mainEntityOfPage\":{\"@id\":\"https:\\\/\\\/blogdofarnesio.com.br\\\/?p=204931\"},\"wordCount\":362,\"publisher\":{\"@id\":\"https:\\\/\\\/blogdofarnesio.com.br\\\/#organization\"},\"image\":{\"@id\":\"https:\\\/\\\/blogdofarnesio.com.br\\\/?p=204931#primaryimage\"},\"thumbnailUrl\":\"https:\\\/\\\/blogdofarnesio.com.br\\\/wp-content\\\/uploads\\\/2018\\\/02\\\/blogqsppresidenciaveiscandidatos-1202-desk-e1518561371714.png\",\"articleSection\":[\"Elei\u00e7\u00f5es\"],\"inLanguage\":\"pt-BR\"},{\"@type\":\"WebPage\",\"@id\":\"https:\\\/\\\/blogdofarnesio.com.br\\\/?p=204931\",\"url\":\"https:\\\/\\\/blogdofarnesio.com.br\\\/?p=204931\",\"name\":\"ELEI\u00c7\u00d5ES 2018: A QUATRO DIAS DO PRAZO FATAL, A MAIORIA DOS PRESIDENCI\u00c1VEIS AINDA N\u00c3O TEM VICE - Blog do Farn\u00e9sio\",\"isPartOf\":{\"@id\":\"https:\\\/\\\/blogdofarnesio.com.br\\\/#website\"},\"primaryImageOfPage\":{\"@id\":\"https:\\\/\\\/blogdofarnesio.com.br\\\/?p=204931#primaryimage\"},\"image\":{\"@id\":\"https:\\\/\\\/blogdofarnesio.com.br\\\/?p=204931#primaryimage\"},\"thumbnailUrl\":\"https:\\\/\\\/blogdofarnesio.com.br\\\/wp-content\\\/uploads\\\/2018\\\/02\\\/blogqsppresidenciaveiscandidatos-1202-desk-e1518561371714.png\",\"datePublished\":\"2018-08-01T20:02:10+00:00\",\"breadcrumb\":{\"@id\":\"https:\\\/\\\/blogdofarnesio.com.br\\\/?p=204931#breadcrumb\"},\"inLanguage\":\"pt-BR\",\"potentialAction\":[{\"@type\":\"ReadAction\",\"target\":[\"https:\\\/\\\/blogdofarnesio.com.br\\\/?p=204931\"]}]},{\"@type\":\"ImageObject\",\"inLanguage\":\"pt-BR\",\"@id\":\"https:\\\/\\\/blogdofarnesio.com.br\\\/?p=204931#primaryimage\",\"url\":\"https:\\\/\\\/blogdofarnesio.com.br\\\/wp-content\\\/uploads\\\/2018\\\/02\\\/blogqsppresidenciaveiscandidatos-1202-desk-e1518561371714.png\",\"contentUrl\":\"https:\\\/\\\/blogdofarnesio.com.br\\\/wp-content\\\/uploads\\\/2018\\\/02\\\/blogqsppresidenciaveiscandidatos-1202-desk-e1518561371714.png\",\"width\":486,\"height\":584},{\"@type\":\"BreadcrumbList\",\"@id\":\"https:\\\/\\\/blogdofarnesio.com.br\\\/?p=204931#breadcrumb\",\"itemListElement\":[{\"@type\":\"ListItem\",\"position\":1,\"name\":\"In\u00edcio\",\"item\":\"https:\\\/\\\/blogdofarnesio.com.br\\\/\"},{\"@type\":\"ListItem\",\"position\":2,\"name\":\"ELEI\u00c7\u00d5ES 2018: A QUATRO DIAS DO PRAZO FATAL, A MAIORIA DOS PRESIDENCI\u00c1VEIS AINDA N\u00c3O TEM VICE\"}]},{\"@type\":\"WebSite\",\"@id\":\"https:\\\/\\\/blogdofarnesio.com.br\\\/#website\",\"url\":\"https:\\\/\\\/blogdofarnesio.com.br\\\/\",\"name\":\"Blog do Farn\u00e9sio\",\"description\":\"Quer Saber Pol\u00edtica?\",\"publisher\":{\"@id\":\"https:\\\/\\\/blogdofarnesio.com.br\\\/#organization\"},\"potentialAction\":[{\"@type\":\"SearchAction\",\"target\":{\"@type\":\"EntryPoint\",\"urlTemplate\":\"https:\\\/\\\/blogdofarnesio.com.br\\\/?s={search_term_string}\"},\"query-input\":{\"@type\":\"PropertyValueSpecification\",\"valueRequired\":true,\"valueName\":\"search_term_string\"}}],\"inLanguage\":\"pt-BR\"},{\"@type\":\"Organization\",\"@id\":\"https:\\\/\\\/blogdofarnesio.com.br\\\/#organization\",\"name\":\"Blog do Farn\u00e9sio\",\"url\":\"https:\\\/\\\/blogdofarnesio.com.br\\\/\",\"logo\":{\"@type\":\"ImageObject\",\"inLanguage\":\"pt-BR\",\"@id\":\"https:\\\/\\\/blogdofarnesio.com.br\\\/#\\\/schema\\\/logo\\\/image\\\/\",\"url\":\"https:\\\/\\\/blogdofarnesio.com.br\\\/wp-content\\\/uploads\\\/2026\\\/03\\\/cropped-logo_new-1.png\",\"contentUrl\":\"https:\\\/\\\/blogdofarnesio.com.br\\\/wp-content\\\/uploads\\\/2026\\\/03\\\/cropped-logo_new-1.png\",\"width\":881,\"height\":685,\"caption\":\"Blog do Farn\u00e9sio\"},\"image\":{\"@id\":\"https:\\\/\\\/blogdofarnesio.com.br\\\/#\\\/schema\\\/logo\\\/image\\\/\"},\"sameAs\":[\"https:\\\/\\\/www.facebook.com\\\/BlogQuerSaberPolitica\\\/\"]},{\"@type\":\"Person\",\"@id\":\"https:\\\/\\\/blogdofarnesio.com.br\\\/#\\\/schema\\\/person\\\/301c4acf522bccbfdb45af95b5b906a1\",\"name\":\"Farn\u00e9sio\",\"image\":{\"@type\":\"ImageObject\",\"inLanguage\":\"pt-BR\",\"@id\":\"https:\\\/\\\/secure.gravatar.com\\\/avatar\\\/df0c9a14567c056f8ad6876ba5bbd1e3e2c48023eb6807342fc4663adf549f38?s=96&d=mm&r=g\",\"url\":\"https:\\\/\\\/secure.gravatar.com\\\/avatar\\\/df0c9a14567c056f8ad6876ba5bbd1e3e2c48023eb6807342fc4663adf549f38?s=96&d=mm&r=g\",\"contentUrl\":\"https:\\\/\\\/secure.gravatar.com\\\/avatar\\\/df0c9a14567c056f8ad6876ba5bbd1e3e2c48023eb6807342fc4663adf549f38?s=96&d=mm&r=g\",\"caption\":\"Farn\u00e9sio\"},\"sameAs\":[\"https:\\\/\\\/quersaberpolitica.com.br\"],\"url\":\"https:\\\/\\\/blogdofarnesio.com.br\\\/?author=1\"}]}<\/script>\n<!-- \/ Yoast SEO plugin. -->","yoast_head_json":{"title":"ELEI\u00c7\u00d5ES 2018: A QUATRO DIAS DO PRAZO FATAL, A MAIORIA DOS PRESIDENCI\u00c1VEIS AINDA N\u00c3O TEM VICE - Blog do Farn\u00e9sio","robots":{"index":"index","follow":"follow","max-snippet":"max-snippet:-1","max-image-preview":"max-image-preview:large","max-video-preview":"max-video-preview:-1"},"canonical":"https:\/\/blogdofarnesio.com.br\/?p=204931","og_locale":"pt_BR","og_type":"article","og_title":"ELEI\u00c7\u00d5ES 2018: A QUATRO DIAS DO PRAZO FATAL, A MAIORIA DOS PRESIDENCI\u00c1VEIS AINDA N\u00c3O TEM VICE - Blog do Farn\u00e9sio","og_description":"A maioria dos candidatos e pr\u00e9-candidatos \u00e0 Presid\u00eancia da Rep\u00fablica ainda n\u00e3o conseguiu um vice para disputar a elei\u00e7\u00e3o de outubro. O prazo final para a defini\u00e7\u00e3o das chapas \u00e9 o pr\u00f3ximo domingo (5), quando se encerra, para o Tribunal Superior Eleitoral (TSE), o per\u00edodo de conven\u00e7\u00f5es nacionais nas quais s\u00e3o\u00a0definidos os candidatos, as alian\u00e7as com outras legendas ou at\u00e9 mesmo a neutralidade na disputa presidencial. De acordo com especialistas ouvidos pelo G1, o cen\u00e1rio de candidatos sem vice\u00a0\u00e9 in\u00e9dito e se deve pelo receio de exposi\u00e7\u00e3o ao lado de pol\u00edticos envolvidos em esc\u00e2ndalos; pragmatismo (alguns potenciais vices n\u00e3o querem trocar uma poss\u00edvel reelei\u00e7\u00e3o como deputado ou senador por uma campanha majorit\u00e1ria incerta) e o cen\u00e1rio eleitoral indefinido. At\u00e9 a&hellip;","og_url":"https:\/\/blogdofarnesio.com.br\/?p=204931","og_site_name":"Blog do Farn\u00e9sio","article_publisher":"https:\/\/www.facebook.com\/BlogQuerSaberPolitica\/","article_published_time":"2018-08-01T20:02:10+00:00","og_image":[{"width":486,"height":584,"url":"https:\/\/blogdofarnesio.com.br\/wp-content\/uploads\/2018\/02\/blogqsppresidenciaveiscandidatos-1202-desk-e1518561371714.png","type":"image\/png"}],"author":"Farn\u00e9sio","twitter_card":"summary_large_image","twitter_misc":{"Escrito por":"Farn\u00e9sio","Est. tempo de leitura":"2 minutos"},"schema":{"@context":"https:\/\/schema.org","@graph":[{"@type":"Article","@id":"https:\/\/blogdofarnesio.com.br\/?p=204931#article","isPartOf":{"@id":"https:\/\/blogdofarnesio.com.br\/?p=204931"},"author":{"name":"Farn\u00e9sio","@id":"https:\/\/blogdofarnesio.com.br\/#\/schema\/person\/301c4acf522bccbfdb45af95b5b906a1"},"headline":"ELEI\u00c7\u00d5ES 2018: A QUATRO DIAS DO PRAZO FATAL, A MAIORIA DOS PRESIDENCI\u00c1VEIS AINDA N\u00c3O TEM VICE","datePublished":"2018-08-01T20:02:10+00:00","mainEntityOfPage":{"@id":"https:\/\/blogdofarnesio.com.br\/?p=204931"},"wordCount":362,"publisher":{"@id":"https:\/\/blogdofarnesio.com.br\/#organization"},"image":{"@id":"https:\/\/blogdofarnesio.com.br\/?p=204931#primaryimage"},"thumbnailUrl":"https:\/\/blogdofarnesio.com.br\/wp-content\/uploads\/2018\/02\/blogqsppresidenciaveiscandidatos-1202-desk-e1518561371714.png","articleSection":["Elei\u00e7\u00f5es"],"inLanguage":"pt-BR"},{"@type":"WebPage","@id":"https:\/\/blogdofarnesio.com.br\/?p=204931","url":"https:\/\/blogdofarnesio.com.br\/?p=204931","name":"ELEI\u00c7\u00d5ES 2018: A QUATRO DIAS DO PRAZO FATAL, A MAIORIA DOS PRESIDENCI\u00c1VEIS AINDA N\u00c3O TEM VICE - Blog do Farn\u00e9sio","isPartOf":{"@id":"https:\/\/blogdofarnesio.com.br\/#website"},"primaryImageOfPage":{"@id":"https:\/\/blogdofarnesio.com.br\/?p=204931#primaryimage"},"image":{"@id":"https:\/\/blogdofarnesio.com.br\/?p=204931#primaryimage"},"thumbnailUrl":"https:\/\/blogdofarnesio.com.br\/wp-content\/uploads\/2018\/02\/blogqsppresidenciaveiscandidatos-1202-desk-e1518561371714.png","datePublished":"2018-08-01T20:02:10+00:00","breadcrumb":{"@id":"https:\/\/blogdofarnesio.com.br\/?p=204931#breadcrumb"},"inLanguage":"pt-BR","potentialAction":[{"@type":"ReadAction","target":["https:\/\/blogdofarnesio.com.br\/?p=204931"]}]},{"@type":"ImageObject","inLanguage":"pt-BR","@id":"https:\/\/blogdofarnesio.com.br\/?p=204931#primaryimage","url":"https:\/\/blogdofarnesio.com.br\/wp-content\/uploads\/2018\/02\/blogqsppresidenciaveiscandidatos-1202-desk-e1518561371714.png","contentUrl":"https:\/\/blogdofarnesio.com.br\/wp-content\/uploads\/2018\/02\/blogqsppresidenciaveiscandidatos-1202-desk-e1518561371714.png","width":486,"height":584},{"@type":"BreadcrumbList","@id":"https:\/\/blogdofarnesio.com.br\/?p=204931#breadcrumb","itemListElement":[{"@type":"ListItem","position":1,"name":"In\u00edcio","item":"https:\/\/blogdofarnesio.com.br\/"},{"@type":"ListItem","position":2,"name":"ELEI\u00c7\u00d5ES 2018: A QUATRO DIAS DO PRAZO FATAL, A MAIORIA DOS PRESIDENCI\u00c1VEIS AINDA N\u00c3O TEM VICE"}]},{"@type":"WebSite","@id":"https:\/\/blogdofarnesio.com.br\/#website","url":"https:\/\/blogdofarnesio.com.br\/","name":"Blog do Farn\u00e9sio","description":"Quer Saber Pol\u00edtica?","publisher":{"@id":"https:\/\/blogdofarnesio.com.br\/#organization"},"potentialAction":[{"@type":"SearchAction","target":{"@type":"EntryPoint","urlTemplate":"https:\/\/blogdofarnesio.com.br\/?s={search_term_string}"},"query-input":{"@type":"PropertyValueSpecification","valueRequired":true,"valueName":"search_term_string"}}],"inLanguage":"pt-BR"},{"@type":"Organization","@id":"https:\/\/blogdofarnesio.com.br\/#organization","name":"Blog do Farn\u00e9sio","url":"https:\/\/blogdofarnesio.com.br\/","logo":{"@type":"ImageObject","inLanguage":"pt-BR","@id":"https:\/\/blogdofarnesio.com.br\/#\/schema\/logo\/image\/","url":"https:\/\/blogdofarnesio.com.br\/wp-content\/uploads\/2026\/03\/cropped-logo_new-1.png","contentUrl":"https:\/\/blogdofarnesio.com.br\/wp-content\/uploads\/2026\/03\/cropped-logo_new-1.png","width":881,"height":685,"caption":"Blog do Farn\u00e9sio"},"image":{"@id":"https:\/\/blogdofarnesio.com.br\/#\/schema\/logo\/image\/"},"sameAs":["https:\/\/www.facebook.com\/BlogQuerSaberPolitica\/"]},{"@type":"Person","@id":"https:\/\/blogdofarnesio.com.br\/#\/schema\/person\/301c4acf522bccbfdb45af95b5b906a1","name":"Farn\u00e9sio","image":{"@type":"ImageObject","inLanguage":"pt-BR","@id":"https:\/\/secure.gravatar.com\/avatar\/df0c9a14567c056f8ad6876ba5bbd1e3e2c48023eb6807342fc4663adf549f38?s=96&d=mm&r=g","url":"https:\/\/secure.gravatar.com\/avatar\/df0c9a14567c056f8ad6876ba5bbd1e3e2c48023eb6807342fc4663adf549f38?s=96&d=mm&r=g","contentUrl":"https:\/\/secure.gravatar.com\/avatar\/df0c9a14567c056f8ad6876ba5bbd1e3e2c48023eb6807342fc4663adf549f38?s=96&d=mm&r=g","caption":"Farn\u00e9sio"},"sameAs":["https:\/\/quersaberpolitica.com.br"],"url":"https:\/\/blogdofarnesio.com.br\/?author=1"}]}},"_links":{"self":[{"href":"https:\/\/blogdofarnesio.com.br\/index.php?rest_route=\/wp\/v2\/posts\/204931","targetHints":{"allow":["GET"]}}],"collection":[{"href":"https:\/\/blogdofarnesio.com.br\/index.php?rest_route=\/wp\/v2\/posts"}],"about":[{"href":"https:\/\/blogdofarnesio.com.br\/index.php?rest_route=\/wp\/v2\/types\/post"}],"author":[{"embeddable":true,"href":"https:\/\/blogdofarnesio.com.br\/index.php?rest_route=\/wp\/v2\/users\/1"}],"replies":[{"embeddable":true,"href":"https:\/\/blogdofarnesio.com.br\/index.php?rest_route=%2Fwp%2Fv2%2Fcomments&post=204931"}],"version-history":[{"count":0,"href":"https:\/\/blogdofarnesio.com.br\/index.php?rest_route=\/wp\/v2\/posts\/204931\/revisions"}],"wp:featuredmedia":[{"embeddable":true,"href":"https:\/\/blogdofarnesio.com.br\/index.php?rest_route=\/wp\/v2\/media\/188568"}],"wp:attachment":[{"href":"https:\/\/blogdofarnesio.com.br\/index.php?rest_route=%2Fwp%2Fv2%2Fmedia&parent=204931"}],"wp:term":[{"taxonomy":"category","embeddable":true,"href":"https:\/\/blogdofarnesio.com.br\/index.php?rest_route=%2Fwp%2Fv2%2Fcategories&post=204931"},{"taxonomy":"post_tag","embeddable":true,"href":"https:\/\/blogdofarnesio.com.br\/index.php?rest_route=%2Fwp%2Fv2%2Ftags&post=204931"}],"curies":[{"name":"wp","href":"https:\/\/api.w.org\/{rel}","templated":true}]}}