{"id":204900,"date":"2018-08-01T16:40:47","date_gmt":"2018-08-01T19:40:47","guid":{"rendered":"http:\/\/quersaberpolitica.com.br\/2016\/?p=204900"},"modified":"2018-08-01T15:32:21","modified_gmt":"2018-08-01T18:32:21","slug":"mercado-do-produtor-de-juazeiro-recebe-servico-de-recapeamento-asfaltico-em-frente-ao-pavilhao-da-banana","status":"publish","type":"post","link":"https:\/\/blogdofarnesio.com.br\/?p=204900","title":{"rendered":"MERCADO DO PRODUTOR DE JUAZEIRO RECEBE SERVI\u00c7O DE RECAPEAMENTO ASF\u00c1LTICO EM FRENTE AO PAVILH\u00c3O DA BANANA"},"content":{"rendered":"<p style=\"text-align: justify;\">Daniela Duarte\/AMA<\/p>\n<p style=\"text-align: justify;\">O piso em frente ao Pavilh\u00e3o da Banana no Mercado do Produtor de Juazeiro est\u00e1 recebendo servi\u00e7os de recapeamento asf\u00e1ltico. A repara\u00e7\u00e3o no asfalto est\u00e1 sendo feita em locais onde havia buracos e ondula\u00e7\u00f5es que, al\u00e9m de atrapalhar a locomo\u00e7\u00e3o de ve\u00edculos e pedestres, acumulava \u00e1gua em per\u00edodos de chuvas. O objetivo da a\u00e7\u00e3o \u00e9 assegurar a revitaliza\u00e7\u00e3o e o desenvolvimento do entreposto, garantindo melhorias no espa\u00e7o de comercializa\u00e7\u00e3o para os permission\u00e1rios e usu\u00e1rios.<\/p>\n<p style=\"text-align: justify;\">A obra est\u00e1 dentro do Programa Ceasa Limpo que prev\u00ea diversas a\u00e7\u00f5es de melhorias no entreposto como o recapeamento asf\u00e1ltico e a opera\u00e7\u00e3o Tapa Buraco em todo o mercado, facilitando a trafegabilidade de ve\u00edculos, permission\u00e1rios e comunidade. Al\u00e9m de contemplar a limpeza do entreposto, a seguran\u00e7a, organizando toda infraestrutura do mercado, assim como ilumina\u00e7\u00e3o.<\/p>\n<p style=\"text-align: justify;\">Os Permission\u00e1rios Ant\u00f4nio Silva e Maria Em\u00edlia trabalham no setor da banana, no pavilh\u00e3o 3 do mercado e destacam que a obra ir\u00e1 beneficiar quem trabalha no pavilh\u00e3o e os caminh\u00f5es que circulam por ali. \u201cVai melhorar bastante os buracos e ondula\u00e7\u00f5es dessa via do Ceasa beneficiando a todos que frequentam o local e nos per\u00edodos de chuva n\u00e3o teremos mais cano estourado ou aquele aguaceiro que ficava. Agradecemos o trabalho que est\u00e1 sendo feito pela dire\u00e7\u00e3o da AMA e a gest\u00e3o municipal\u201d, disse a comerciante Maria Em\u00edlia que tem um boxe de lanchonete no setor da banana.<\/p>\n<p style=\"text-align: justify;\">O diretor da AMA Mitonho Vargas, enfatizou que tem como objetivo melhorar toda estrutura do Mercado do Produtor de Juazeiro. \u201cJ\u00e1 realizamos diversas a\u00e7\u00f5es de melhorias no entreposto em quest\u00e3o de infraestrutura como o recapeamento asf\u00e1ltico do entorno do mercado at\u00e9 a feirinha do entreposto no m\u00eas de Julho, al\u00e9m da portaria e nosso objetivo \u00e9 revitalizar todo o piso do Ceasa. Esse recapeamento asf\u00e1ltico \u00e9 mais um servi\u00e7o que estamos fazendo para melhorar a infraestrutura e mobilidade de todos que transitam naquela parte do Mercado\u201d, concluiu Mitonho.<\/p>\n<p style=\"text-align: justify;\">O Mercado do Produtor de Juazeiro comercializa anualmente cerca de R$ 800 milh\u00f5es e \u00e9 considerado o 1\u00ba entreposto da agricultura irrigada\/familiar do Norte\/Nordeste e o 4\u00ba maior em volume de vendas do Brasil. O entreposto \u00e9 maior at\u00e9 que muitos Ceasas de v\u00e1rias capitais e respons\u00e1vel pela produ\u00e7\u00e3o agr\u00edcola que abastece v\u00e1rias regi\u00f5es do pa\u00eds.<\/p>\n","protected":false},"excerpt":{"rendered":"<p>Daniela Duarte\/AMA O piso em frente ao Pavilh\u00e3o da Banana no Mercado do Produtor de Juazeiro est\u00e1 recebendo servi\u00e7os de recapeamento asf\u00e1ltico. A repara\u00e7\u00e3o no asfalto est\u00e1 sendo feita em locais onde havia buracos e ondula\u00e7\u00f5es que, al\u00e9m de atrapalhar a locomo\u00e7\u00e3o de ve\u00edculos e pedestres, acumulava \u00e1gua em per\u00edodos de chuvas. O objetivo da a\u00e7\u00e3o \u00e9 assegurar a revitaliza\u00e7\u00e3o e o desenvolvimento do entreposto, garantindo melhorias no espa\u00e7o de comercializa\u00e7\u00e3o para os permission\u00e1rios e usu\u00e1rios. A obra est\u00e1 dentro do Programa Ceasa Limpo que prev\u00ea diversas a\u00e7\u00f5es de melhorias no entreposto como o recapeamento asf\u00e1ltico e a opera\u00e7\u00e3o Tapa Buraco em todo o mercado, facilitando a trafegabilidade de ve\u00edculos, permission\u00e1rios e comunidade. Al\u00e9m de contemplar a limpeza do entreposto,&hellip; <\/p>\n","protected":false},"author":1,"featured_media":204901,"comment_status":"closed","ping_status":"closed","sticky":false,"template":"","format":"standard","meta":{"_acf_changed":false,"footnotes":""},"categories":[1],"tags":[],"class_list":["post-204900","post","type-post","status-publish","format-standard","has-post-thumbnail","hentry","category-politica"],"acf":[],"yoast_head":"<!-- This site is optimized with the Yoast SEO plugin v27.4 - https:\/\/yoast.com\/product\/yoast-seo-wordpress\/ -->\n<title>MERCADO DO PRODUTOR DE JUAZEIRO RECEBE SERVI\u00c7O DE RECAPEAMENTO ASF\u00c1LTICO EM FRENTE AO PAVILH\u00c3O DA BANANA - Blog do Farn\u00e9sio<\/title>\n<meta name=\"robots\" content=\"index, follow, max-snippet:-1, max-image-preview:large, max-video-preview:-1\" \/>\n<link rel=\"canonical\" href=\"https:\/\/blogdofarnesio.com.br\/?p=204900\" \/>\n<meta property=\"og:locale\" content=\"pt_BR\" \/>\n<meta property=\"og:type\" content=\"article\" \/>\n<meta property=\"og:title\" content=\"MERCADO DO PRODUTOR DE JUAZEIRO RECEBE SERVI\u00c7O DE RECAPEAMENTO ASF\u00c1LTICO EM FRENTE AO PAVILH\u00c3O DA BANANA - Blog do Farn\u00e9sio\" \/>\n<meta property=\"og:description\" content=\"Daniela Duarte\/AMA O piso em frente ao Pavilh\u00e3o da Banana no Mercado do Produtor de Juazeiro est\u00e1 recebendo servi\u00e7os de recapeamento asf\u00e1ltico. A repara\u00e7\u00e3o no asfalto est\u00e1 sendo feita em locais onde havia buracos e ondula\u00e7\u00f5es que, al\u00e9m de atrapalhar a locomo\u00e7\u00e3o de ve\u00edculos e pedestres, acumulava \u00e1gua em per\u00edodos de chuvas. O objetivo da a\u00e7\u00e3o \u00e9 assegurar a revitaliza\u00e7\u00e3o e o desenvolvimento do entreposto, garantindo melhorias no espa\u00e7o de comercializa\u00e7\u00e3o para os permission\u00e1rios e usu\u00e1rios. A obra est\u00e1 dentro do Programa Ceasa Limpo que prev\u00ea diversas a\u00e7\u00f5es de melhorias no entreposto como o recapeamento asf\u00e1ltico e a opera\u00e7\u00e3o Tapa Buraco em todo o mercado, facilitando a trafegabilidade de ve\u00edculos, permission\u00e1rios e comunidade. Al\u00e9m de contemplar a limpeza do entreposto,&hellip;\" \/>\n<meta property=\"og:url\" content=\"https:\/\/blogdofarnesio.com.br\/?p=204900\" \/>\n<meta property=\"og:site_name\" content=\"Blog do Farn\u00e9sio\" \/>\n<meta property=\"article:publisher\" content=\"https:\/\/www.facebook.com\/BlogQuerSaberPolitica\/\" \/>\n<meta property=\"article:published_time\" content=\"2018-08-01T19:40:47+00:00\" \/>\n<meta property=\"og:image\" content=\"https:\/\/blogdofarnesio.com.br\/wp-content\/uploads\/2018\/08\/blogqsp-Recapeamento-MProdutor-4.jpeg\" \/>\n\t<meta property=\"og:image:width\" content=\"640\" \/>\n\t<meta property=\"og:image:height\" content=\"399\" \/>\n\t<meta property=\"og:image:type\" content=\"image\/jpeg\" \/>\n<meta name=\"author\" content=\"Farn\u00e9sio\" \/>\n<meta name=\"twitter:card\" content=\"summary_large_image\" \/>\n<meta name=\"twitter:label1\" content=\"Escrito por\" \/>\n\t<meta name=\"twitter:data1\" content=\"Farn\u00e9sio\" \/>\n\t<meta name=\"twitter:label2\" content=\"Est. tempo de leitura\" \/>\n\t<meta name=\"twitter:data2\" content=\"2 minutos\" \/>\n<script type=\"application\/ld+json\" class=\"yoast-schema-graph\">{\"@context\":\"https:\\\/\\\/schema.org\",\"@graph\":[{\"@type\":\"Article\",\"@id\":\"https:\\\/\\\/blogdofarnesio.com.br\\\/?p=204900#article\",\"isPartOf\":{\"@id\":\"https:\\\/\\\/blogdofarnesio.com.br\\\/?p=204900\"},\"author\":{\"name\":\"Farn\u00e9sio\",\"@id\":\"https:\\\/\\\/blogdofarnesio.com.br\\\/#\\\/schema\\\/person\\\/301c4acf522bccbfdb45af95b5b906a1\"},\"headline\":\"MERCADO DO PRODUTOR DE JUAZEIRO RECEBE SERVI\u00c7O DE RECAPEAMENTO ASF\u00c1LTICO EM FRENTE AO PAVILH\u00c3O DA BANANA\",\"datePublished\":\"2018-08-01T19:40:47+00:00\",\"mainEntityOfPage\":{\"@id\":\"https:\\\/\\\/blogdofarnesio.com.br\\\/?p=204900\"},\"wordCount\":435,\"publisher\":{\"@id\":\"https:\\\/\\\/blogdofarnesio.com.br\\\/#organization\"},\"image\":{\"@id\":\"https:\\\/\\\/blogdofarnesio.com.br\\\/?p=204900#primaryimage\"},\"thumbnailUrl\":\"https:\\\/\\\/blogdofarnesio.com.br\\\/wp-content\\\/uploads\\\/2018\\\/08\\\/blogqsp-Recapeamento-MProdutor-4.jpeg\",\"articleSection\":[\"Pol\u00edtica\"],\"inLanguage\":\"pt-BR\"},{\"@type\":\"WebPage\",\"@id\":\"https:\\\/\\\/blogdofarnesio.com.br\\\/?p=204900\",\"url\":\"https:\\\/\\\/blogdofarnesio.com.br\\\/?p=204900\",\"name\":\"MERCADO DO PRODUTOR DE JUAZEIRO RECEBE SERVI\u00c7O DE RECAPEAMENTO ASF\u00c1LTICO EM FRENTE AO PAVILH\u00c3O DA BANANA - Blog do Farn\u00e9sio\",\"isPartOf\":{\"@id\":\"https:\\\/\\\/blogdofarnesio.com.br\\\/#website\"},\"primaryImageOfPage\":{\"@id\":\"https:\\\/\\\/blogdofarnesio.com.br\\\/?p=204900#primaryimage\"},\"image\":{\"@id\":\"https:\\\/\\\/blogdofarnesio.com.br\\\/?p=204900#primaryimage\"},\"thumbnailUrl\":\"https:\\\/\\\/blogdofarnesio.com.br\\\/wp-content\\\/uploads\\\/2018\\\/08\\\/blogqsp-Recapeamento-MProdutor-4.jpeg\",\"datePublished\":\"2018-08-01T19:40:47+00:00\",\"breadcrumb\":{\"@id\":\"https:\\\/\\\/blogdofarnesio.com.br\\\/?p=204900#breadcrumb\"},\"inLanguage\":\"pt-BR\",\"potentialAction\":[{\"@type\":\"ReadAction\",\"target\":[\"https:\\\/\\\/blogdofarnesio.com.br\\\/?p=204900\"]}]},{\"@type\":\"ImageObject\",\"inLanguage\":\"pt-BR\",\"@id\":\"https:\\\/\\\/blogdofarnesio.com.br\\\/?p=204900#primaryimage\",\"url\":\"https:\\\/\\\/blogdofarnesio.com.br\\\/wp-content\\\/uploads\\\/2018\\\/08\\\/blogqsp-Recapeamento-MProdutor-4.jpeg\",\"contentUrl\":\"https:\\\/\\\/blogdofarnesio.com.br\\\/wp-content\\\/uploads\\\/2018\\\/08\\\/blogqsp-Recapeamento-MProdutor-4.jpeg\",\"width\":640,\"height\":399},{\"@type\":\"BreadcrumbList\",\"@id\":\"https:\\\/\\\/blogdofarnesio.com.br\\\/?p=204900#breadcrumb\",\"itemListElement\":[{\"@type\":\"ListItem\",\"position\":1,\"name\":\"In\u00edcio\",\"item\":\"https:\\\/\\\/blogdofarnesio.com.br\\\/\"},{\"@type\":\"ListItem\",\"position\":2,\"name\":\"MERCADO DO PRODUTOR DE JUAZEIRO RECEBE SERVI\u00c7O DE RECAPEAMENTO ASF\u00c1LTICO EM FRENTE AO PAVILH\u00c3O DA BANANA\"}]},{\"@type\":\"WebSite\",\"@id\":\"https:\\\/\\\/blogdofarnesio.com.br\\\/#website\",\"url\":\"https:\\\/\\\/blogdofarnesio.com.br\\\/\",\"name\":\"Blog do Farn\u00e9sio\",\"description\":\"Quer Saber Pol\u00edtica?\",\"publisher\":{\"@id\":\"https:\\\/\\\/blogdofarnesio.com.br\\\/#organization\"},\"potentialAction\":[{\"@type\":\"SearchAction\",\"target\":{\"@type\":\"EntryPoint\",\"urlTemplate\":\"https:\\\/\\\/blogdofarnesio.com.br\\\/?s={search_term_string}\"},\"query-input\":{\"@type\":\"PropertyValueSpecification\",\"valueRequired\":true,\"valueName\":\"search_term_string\"}}],\"inLanguage\":\"pt-BR\"},{\"@type\":\"Organization\",\"@id\":\"https:\\\/\\\/blogdofarnesio.com.br\\\/#organization\",\"name\":\"Blog do Farn\u00e9sio\",\"url\":\"https:\\\/\\\/blogdofarnesio.com.br\\\/\",\"logo\":{\"@type\":\"ImageObject\",\"inLanguage\":\"pt-BR\",\"@id\":\"https:\\\/\\\/blogdofarnesio.com.br\\\/#\\\/schema\\\/logo\\\/image\\\/\",\"url\":\"https:\\\/\\\/blogdofarnesio.com.br\\\/wp-content\\\/uploads\\\/2026\\\/03\\\/cropped-logo_new-1.png\",\"contentUrl\":\"https:\\\/\\\/blogdofarnesio.com.br\\\/wp-content\\\/uploads\\\/2026\\\/03\\\/cropped-logo_new-1.png\",\"width\":881,\"height\":685,\"caption\":\"Blog do Farn\u00e9sio\"},\"image\":{\"@id\":\"https:\\\/\\\/blogdofarnesio.com.br\\\/#\\\/schema\\\/logo\\\/image\\\/\"},\"sameAs\":[\"https:\\\/\\\/www.facebook.com\\\/BlogQuerSaberPolitica\\\/\"]},{\"@type\":\"Person\",\"@id\":\"https:\\\/\\\/blogdofarnesio.com.br\\\/#\\\/schema\\\/person\\\/301c4acf522bccbfdb45af95b5b906a1\",\"name\":\"Farn\u00e9sio\",\"image\":{\"@type\":\"ImageObject\",\"inLanguage\":\"pt-BR\",\"@id\":\"https:\\\/\\\/secure.gravatar.com\\\/avatar\\\/df0c9a14567c056f8ad6876ba5bbd1e3e2c48023eb6807342fc4663adf549f38?s=96&d=mm&r=g\",\"url\":\"https:\\\/\\\/secure.gravatar.com\\\/avatar\\\/df0c9a14567c056f8ad6876ba5bbd1e3e2c48023eb6807342fc4663adf549f38?s=96&d=mm&r=g\",\"contentUrl\":\"https:\\\/\\\/secure.gravatar.com\\\/avatar\\\/df0c9a14567c056f8ad6876ba5bbd1e3e2c48023eb6807342fc4663adf549f38?s=96&d=mm&r=g\",\"caption\":\"Farn\u00e9sio\"},\"sameAs\":[\"https:\\\/\\\/quersaberpolitica.com.br\"],\"url\":\"https:\\\/\\\/blogdofarnesio.com.br\\\/?author=1\"}]}<\/script>\n<!-- \/ Yoast SEO plugin. -->","yoast_head_json":{"title":"MERCADO DO PRODUTOR DE JUAZEIRO RECEBE SERVI\u00c7O DE RECAPEAMENTO ASF\u00c1LTICO EM FRENTE AO PAVILH\u00c3O DA BANANA - Blog do Farn\u00e9sio","robots":{"index":"index","follow":"follow","max-snippet":"max-snippet:-1","max-image-preview":"max-image-preview:large","max-video-preview":"max-video-preview:-1"},"canonical":"https:\/\/blogdofarnesio.com.br\/?p=204900","og_locale":"pt_BR","og_type":"article","og_title":"MERCADO DO PRODUTOR DE JUAZEIRO RECEBE SERVI\u00c7O DE RECAPEAMENTO ASF\u00c1LTICO EM FRENTE AO PAVILH\u00c3O DA BANANA - Blog do Farn\u00e9sio","og_description":"Daniela Duarte\/AMA O piso em frente ao Pavilh\u00e3o da Banana no Mercado do Produtor de Juazeiro est\u00e1 recebendo servi\u00e7os de recapeamento asf\u00e1ltico. A repara\u00e7\u00e3o no asfalto est\u00e1 sendo feita em locais onde havia buracos e ondula\u00e7\u00f5es que, al\u00e9m de atrapalhar a locomo\u00e7\u00e3o de ve\u00edculos e pedestres, acumulava \u00e1gua em per\u00edodos de chuvas. O objetivo da a\u00e7\u00e3o \u00e9 assegurar a revitaliza\u00e7\u00e3o e o desenvolvimento do entreposto, garantindo melhorias no espa\u00e7o de comercializa\u00e7\u00e3o para os permission\u00e1rios e usu\u00e1rios. A obra est\u00e1 dentro do Programa Ceasa Limpo que prev\u00ea diversas a\u00e7\u00f5es de melhorias no entreposto como o recapeamento asf\u00e1ltico e a opera\u00e7\u00e3o Tapa Buraco em todo o mercado, facilitando a trafegabilidade de ve\u00edculos, permission\u00e1rios e comunidade. Al\u00e9m de contemplar a limpeza do entreposto,&hellip;","og_url":"https:\/\/blogdofarnesio.com.br\/?p=204900","og_site_name":"Blog do Farn\u00e9sio","article_publisher":"https:\/\/www.facebook.com\/BlogQuerSaberPolitica\/","article_published_time":"2018-08-01T19:40:47+00:00","og_image":[{"width":640,"height":399,"url":"https:\/\/blogdofarnesio.com.br\/wp-content\/uploads\/2018\/08\/blogqsp-Recapeamento-MProdutor-4.jpeg","type":"image\/jpeg"}],"author":"Farn\u00e9sio","twitter_card":"summary_large_image","twitter_misc":{"Escrito por":"Farn\u00e9sio","Est. tempo de leitura":"2 minutos"},"schema":{"@context":"https:\/\/schema.org","@graph":[{"@type":"Article","@id":"https:\/\/blogdofarnesio.com.br\/?p=204900#article","isPartOf":{"@id":"https:\/\/blogdofarnesio.com.br\/?p=204900"},"author":{"name":"Farn\u00e9sio","@id":"https:\/\/blogdofarnesio.com.br\/#\/schema\/person\/301c4acf522bccbfdb45af95b5b906a1"},"headline":"MERCADO DO PRODUTOR DE JUAZEIRO RECEBE SERVI\u00c7O DE RECAPEAMENTO ASF\u00c1LTICO EM FRENTE AO PAVILH\u00c3O DA BANANA","datePublished":"2018-08-01T19:40:47+00:00","mainEntityOfPage":{"@id":"https:\/\/blogdofarnesio.com.br\/?p=204900"},"wordCount":435,"publisher":{"@id":"https:\/\/blogdofarnesio.com.br\/#organization"},"image":{"@id":"https:\/\/blogdofarnesio.com.br\/?p=204900#primaryimage"},"thumbnailUrl":"https:\/\/blogdofarnesio.com.br\/wp-content\/uploads\/2018\/08\/blogqsp-Recapeamento-MProdutor-4.jpeg","articleSection":["Pol\u00edtica"],"inLanguage":"pt-BR"},{"@type":"WebPage","@id":"https:\/\/blogdofarnesio.com.br\/?p=204900","url":"https:\/\/blogdofarnesio.com.br\/?p=204900","name":"MERCADO DO PRODUTOR DE JUAZEIRO RECEBE SERVI\u00c7O DE RECAPEAMENTO ASF\u00c1LTICO EM FRENTE AO PAVILH\u00c3O DA BANANA - Blog do Farn\u00e9sio","isPartOf":{"@id":"https:\/\/blogdofarnesio.com.br\/#website"},"primaryImageOfPage":{"@id":"https:\/\/blogdofarnesio.com.br\/?p=204900#primaryimage"},"image":{"@id":"https:\/\/blogdofarnesio.com.br\/?p=204900#primaryimage"},"thumbnailUrl":"https:\/\/blogdofarnesio.com.br\/wp-content\/uploads\/2018\/08\/blogqsp-Recapeamento-MProdutor-4.jpeg","datePublished":"2018-08-01T19:40:47+00:00","breadcrumb":{"@id":"https:\/\/blogdofarnesio.com.br\/?p=204900#breadcrumb"},"inLanguage":"pt-BR","potentialAction":[{"@type":"ReadAction","target":["https:\/\/blogdofarnesio.com.br\/?p=204900"]}]},{"@type":"ImageObject","inLanguage":"pt-BR","@id":"https:\/\/blogdofarnesio.com.br\/?p=204900#primaryimage","url":"https:\/\/blogdofarnesio.com.br\/wp-content\/uploads\/2018\/08\/blogqsp-Recapeamento-MProdutor-4.jpeg","contentUrl":"https:\/\/blogdofarnesio.com.br\/wp-content\/uploads\/2018\/08\/blogqsp-Recapeamento-MProdutor-4.jpeg","width":640,"height":399},{"@type":"BreadcrumbList","@id":"https:\/\/blogdofarnesio.com.br\/?p=204900#breadcrumb","itemListElement":[{"@type":"ListItem","position":1,"name":"In\u00edcio","item":"https:\/\/blogdofarnesio.com.br\/"},{"@type":"ListItem","position":2,"name":"MERCADO DO PRODUTOR DE JUAZEIRO RECEBE SERVI\u00c7O DE RECAPEAMENTO ASF\u00c1LTICO EM FRENTE AO PAVILH\u00c3O DA BANANA"}]},{"@type":"WebSite","@id":"https:\/\/blogdofarnesio.com.br\/#website","url":"https:\/\/blogdofarnesio.com.br\/","name":"Blog do Farn\u00e9sio","description":"Quer Saber Pol\u00edtica?","publisher":{"@id":"https:\/\/blogdofarnesio.com.br\/#organization"},"potentialAction":[{"@type":"SearchAction","target":{"@type":"EntryPoint","urlTemplate":"https:\/\/blogdofarnesio.com.br\/?s={search_term_string}"},"query-input":{"@type":"PropertyValueSpecification","valueRequired":true,"valueName":"search_term_string"}}],"inLanguage":"pt-BR"},{"@type":"Organization","@id":"https:\/\/blogdofarnesio.com.br\/#organization","name":"Blog do Farn\u00e9sio","url":"https:\/\/blogdofarnesio.com.br\/","logo":{"@type":"ImageObject","inLanguage":"pt-BR","@id":"https:\/\/blogdofarnesio.com.br\/#\/schema\/logo\/image\/","url":"https:\/\/blogdofarnesio.com.br\/wp-content\/uploads\/2026\/03\/cropped-logo_new-1.png","contentUrl":"https:\/\/blogdofarnesio.com.br\/wp-content\/uploads\/2026\/03\/cropped-logo_new-1.png","width":881,"height":685,"caption":"Blog do Farn\u00e9sio"},"image":{"@id":"https:\/\/blogdofarnesio.com.br\/#\/schema\/logo\/image\/"},"sameAs":["https:\/\/www.facebook.com\/BlogQuerSaberPolitica\/"]},{"@type":"Person","@id":"https:\/\/blogdofarnesio.com.br\/#\/schema\/person\/301c4acf522bccbfdb45af95b5b906a1","name":"Farn\u00e9sio","image":{"@type":"ImageObject","inLanguage":"pt-BR","@id":"https:\/\/secure.gravatar.com\/avatar\/df0c9a14567c056f8ad6876ba5bbd1e3e2c48023eb6807342fc4663adf549f38?s=96&d=mm&r=g","url":"https:\/\/secure.gravatar.com\/avatar\/df0c9a14567c056f8ad6876ba5bbd1e3e2c48023eb6807342fc4663adf549f38?s=96&d=mm&r=g","contentUrl":"https:\/\/secure.gravatar.com\/avatar\/df0c9a14567c056f8ad6876ba5bbd1e3e2c48023eb6807342fc4663adf549f38?s=96&d=mm&r=g","caption":"Farn\u00e9sio"},"sameAs":["https:\/\/quersaberpolitica.com.br"],"url":"https:\/\/blogdofarnesio.com.br\/?author=1"}]}},"_links":{"self":[{"href":"https:\/\/blogdofarnesio.com.br\/index.php?rest_route=\/wp\/v2\/posts\/204900","targetHints":{"allow":["GET"]}}],"collection":[{"href":"https:\/\/blogdofarnesio.com.br\/index.php?rest_route=\/wp\/v2\/posts"}],"about":[{"href":"https:\/\/blogdofarnesio.com.br\/index.php?rest_route=\/wp\/v2\/types\/post"}],"author":[{"embeddable":true,"href":"https:\/\/blogdofarnesio.com.br\/index.php?rest_route=\/wp\/v2\/users\/1"}],"replies":[{"embeddable":true,"href":"https:\/\/blogdofarnesio.com.br\/index.php?rest_route=%2Fwp%2Fv2%2Fcomments&post=204900"}],"version-history":[{"count":0,"href":"https:\/\/blogdofarnesio.com.br\/index.php?rest_route=\/wp\/v2\/posts\/204900\/revisions"}],"wp:featuredmedia":[{"embeddable":true,"href":"https:\/\/blogdofarnesio.com.br\/index.php?rest_route=\/wp\/v2\/media\/204901"}],"wp:attachment":[{"href":"https:\/\/blogdofarnesio.com.br\/index.php?rest_route=%2Fwp%2Fv2%2Fmedia&parent=204900"}],"wp:term":[{"taxonomy":"category","embeddable":true,"href":"https:\/\/blogdofarnesio.com.br\/index.php?rest_route=%2Fwp%2Fv2%2Fcategories&post=204900"},{"taxonomy":"post_tag","embeddable":true,"href":"https:\/\/blogdofarnesio.com.br\/index.php?rest_route=%2Fwp%2Fv2%2Ftags&post=204900"}],"curies":[{"name":"wp","href":"https:\/\/api.w.org\/{rel}","templated":true}]}}