{"id":20461,"date":"2012-12-15T18:02:40","date_gmt":"2012-12-15T21:02:40","guid":{"rendered":"http:\/\/www.quersaberpolitica.com.br\/?p=20461"},"modified":"2012-12-15T18:02:40","modified_gmt":"2012-12-15T21:02:40","slug":"mototaxista-atropela-ciclista-em-petrolina","status":"publish","type":"post","link":"https:\/\/blogdofarnesio.com.br\/?p=20461","title":{"rendered":"Mototaxista atropela ciclista em Petrolina"},"content":{"rendered":"<p style=\"text-align: justify\"><a href=\"http:\/\/am730.com.br\/wp-content\/uploads\/2012\/12\/coliz%C3%A3o-moto-bicicleta-2012-12-15-12.06.05.jpg\"><img loading=\"lazy\" decoding=\"async\" class=\"alignleft\" src=\"http:\/\/am730.com.br\/wp-content\/uploads\/2012\/12\/coliz%C3%A3o-moto-bicicleta-2012-12-15-12.06.05-300x225.jpg\" alt=\"\" width=\"300\" height=\"225\" \/><\/a>Nem com a chegada do final de semana os condutores de ve\u00edculos e motocicletas desaceleram, j\u00e1 que n\u00e3o precisam de tanta pressa, nem tampouco agir de forma imprudente. Ali\u00e1s, imprud\u00eancia \u00e9 o que n\u00e3o deveria acontecer mesmo quando se trata de conduzir qualquer tipo de veiculo motorizado ou n\u00e3o.<\/p>\n<p style=\"text-align: justify\">Mais um acidente envolvendo estes dois tipos de condu\u00e7\u00e3o aconteceu. Foi neste s\u00e1bado (15) na Avenida Cardoso de S\u00e1 (Zona Leste) Petrolina-PE, nas proximidades do cruzamento Rua da Imperatriz com estrada que vai para o Balne\u00e1rio de Pedrinhas. A coliz\u00e3o aconteceu por volta do meio dia.<\/p>\n<p style=\"text-align: justify\">Um mototaxista de Juazeiro bateu com um ciclista que atravessava a pista. O mototaxista aparentemente 27 anos e o ciclista 45.\u00a0De acordo com informa\u00e7\u00f5es colhidas no local n\u00e3o houve vitima fatal. Os condutores tanto da motocicleta quanto da bicicleta foram socorridos apenas com escoria\u00e7\u00f5es leves para uma unidade hospitalar n\u00e3o informada.<\/p>\n<p style=\"text-align: justify\">Claudio Farias\/R\u00e1dio A Voz do S\u00e3o Francisco<\/p>\n","protected":false},"excerpt":{"rendered":"<p>Nem com a chegada do final de semana os condutores de ve\u00edculos e motocicletas desaceleram, j\u00e1 que n\u00e3o precisam de tanta pressa, nem tampouco agir de forma imprudente. Ali\u00e1s, imprud\u00eancia \u00e9 o que n\u00e3o deveria acontecer mesmo quando se trata de conduzir qualquer tipo de veiculo motorizado ou n\u00e3o. Mais um acidente envolvendo estes dois tipos de condu\u00e7\u00e3o aconteceu. Foi neste s\u00e1bado (15) na Avenida Cardoso de S\u00e1 (Zona Leste) Petrolina-PE, nas proximidades do cruzamento Rua da Imperatriz com estrada que vai para o Balne\u00e1rio de Pedrinhas. A coliz\u00e3o aconteceu por volta do meio dia. Um mototaxista de Juazeiro bateu com um ciclista que atravessava a pista. O mototaxista aparentemente 27 anos e o ciclista 45.\u00a0De acordo com informa\u00e7\u00f5es colhidas&hellip; <\/p>\n","protected":false},"author":3,"featured_media":0,"comment_status":"open","ping_status":"open","sticky":false,"template":"","format":"standard","meta":{"_acf_changed":false,"footnotes":""},"categories":[21],"tags":[],"class_list":["post-20461","post","type-post","status-publish","format-standard","hentry","category-transito"],"acf":[],"yoast_head":"<!-- This site is optimized with the Yoast SEO plugin v27.4 - https:\/\/yoast.com\/product\/yoast-seo-wordpress\/ -->\n<title>Mototaxista atropela ciclista em Petrolina - Blog do Farn\u00e9sio<\/title>\n<meta name=\"robots\" content=\"index, follow, max-snippet:-1, max-image-preview:large, max-video-preview:-1\" \/>\n<link rel=\"canonical\" href=\"https:\/\/blogdofarnesio.com.br\/?p=20461\" \/>\n<meta property=\"og:locale\" content=\"pt_BR\" \/>\n<meta property=\"og:type\" content=\"article\" \/>\n<meta property=\"og:title\" content=\"Mototaxista atropela ciclista em Petrolina - Blog do Farn\u00e9sio\" \/>\n<meta property=\"og:description\" content=\"Nem com a chegada do final de semana os condutores de ve\u00edculos e motocicletas desaceleram, j\u00e1 que n\u00e3o precisam de tanta pressa, nem tampouco agir de forma imprudente. Ali\u00e1s, imprud\u00eancia \u00e9 o que n\u00e3o deveria acontecer mesmo quando se trata de conduzir qualquer tipo de veiculo motorizado ou n\u00e3o. Mais um acidente envolvendo estes dois tipos de condu\u00e7\u00e3o aconteceu. Foi neste s\u00e1bado (15) na Avenida Cardoso de S\u00e1 (Zona Leste) Petrolina-PE, nas proximidades do cruzamento Rua da Imperatriz com estrada que vai para o Balne\u00e1rio de Pedrinhas. A coliz\u00e3o aconteceu por volta do meio dia. Um mototaxista de Juazeiro bateu com um ciclista que atravessava a pista. O mototaxista aparentemente 27 anos e o ciclista 45.\u00a0De acordo com informa\u00e7\u00f5es colhidas&hellip;\" \/>\n<meta property=\"og:url\" content=\"https:\/\/blogdofarnesio.com.br\/?p=20461\" \/>\n<meta property=\"og:site_name\" content=\"Blog do Farn\u00e9sio\" \/>\n<meta property=\"article:publisher\" content=\"https:\/\/www.facebook.com\/BlogQuerSaberPolitica\/\" \/>\n<meta property=\"article:published_time\" content=\"2012-12-15T21:02:40+00:00\" \/>\n<meta property=\"og:image\" content=\"http:\/\/am730.com.br\/wp-content\/uploads\/2012\/12\/coliz%C3%A3o-moto-bicicleta-2012-12-15-12.06.05-300x225.jpg\" \/>\n<meta name=\"author\" content=\"teste\" \/>\n<meta name=\"twitter:card\" content=\"summary_large_image\" \/>\n<meta name=\"twitter:label1\" content=\"Escrito por\" \/>\n\t<meta name=\"twitter:data1\" content=\"teste\" \/>\n\t<meta name=\"twitter:label2\" content=\"Est. tempo de leitura\" \/>\n\t<meta name=\"twitter:data2\" content=\"1 minuto\" \/>\n<script type=\"application\/ld+json\" class=\"yoast-schema-graph\">{\"@context\":\"https:\\\/\\\/schema.org\",\"@graph\":[{\"@type\":\"Article\",\"@id\":\"https:\\\/\\\/blogdofarnesio.com.br\\\/?p=20461#article\",\"isPartOf\":{\"@id\":\"https:\\\/\\\/blogdofarnesio.com.br\\\/?p=20461\"},\"author\":{\"name\":\"teste\",\"@id\":\"https:\\\/\\\/blogdofarnesio.com.br\\\/#\\\/schema\\\/person\\\/dd1bf5eba40b687199ba45ca6b97dff9\"},\"headline\":\"Mototaxista atropela ciclista em Petrolina\",\"datePublished\":\"2012-12-15T21:02:40+00:00\",\"mainEntityOfPage\":{\"@id\":\"https:\\\/\\\/blogdofarnesio.com.br\\\/?p=20461\"},\"wordCount\":172,\"commentCount\":0,\"publisher\":{\"@id\":\"https:\\\/\\\/blogdofarnesio.com.br\\\/#organization\"},\"image\":{\"@id\":\"https:\\\/\\\/blogdofarnesio.com.br\\\/?p=20461#primaryimage\"},\"thumbnailUrl\":\"http:\\\/\\\/am730.com.br\\\/wp-content\\\/uploads\\\/2012\\\/12\\\/coliz%C3%A3o-moto-bicicleta-2012-12-15-12.06.05-300x225.jpg\",\"articleSection\":[\"Tr\u00e2nsito\"],\"inLanguage\":\"pt-BR\",\"potentialAction\":[{\"@type\":\"CommentAction\",\"name\":\"Comment\",\"target\":[\"https:\\\/\\\/blogdofarnesio.com.br\\\/?p=20461#respond\"]}]},{\"@type\":\"WebPage\",\"@id\":\"https:\\\/\\\/blogdofarnesio.com.br\\\/?p=20461\",\"url\":\"https:\\\/\\\/blogdofarnesio.com.br\\\/?p=20461\",\"name\":\"Mototaxista atropela ciclista em Petrolina - Blog do Farn\u00e9sio\",\"isPartOf\":{\"@id\":\"https:\\\/\\\/blogdofarnesio.com.br\\\/#website\"},\"primaryImageOfPage\":{\"@id\":\"https:\\\/\\\/blogdofarnesio.com.br\\\/?p=20461#primaryimage\"},\"image\":{\"@id\":\"https:\\\/\\\/blogdofarnesio.com.br\\\/?p=20461#primaryimage\"},\"thumbnailUrl\":\"http:\\\/\\\/am730.com.br\\\/wp-content\\\/uploads\\\/2012\\\/12\\\/coliz%C3%A3o-moto-bicicleta-2012-12-15-12.06.05-300x225.jpg\",\"datePublished\":\"2012-12-15T21:02:40+00:00\",\"breadcrumb\":{\"@id\":\"https:\\\/\\\/blogdofarnesio.com.br\\\/?p=20461#breadcrumb\"},\"inLanguage\":\"pt-BR\",\"potentialAction\":[{\"@type\":\"ReadAction\",\"target\":[\"https:\\\/\\\/blogdofarnesio.com.br\\\/?p=20461\"]}]},{\"@type\":\"ImageObject\",\"inLanguage\":\"pt-BR\",\"@id\":\"https:\\\/\\\/blogdofarnesio.com.br\\\/?p=20461#primaryimage\",\"url\":\"http:\\\/\\\/am730.com.br\\\/wp-content\\\/uploads\\\/2012\\\/12\\\/coliz%C3%A3o-moto-bicicleta-2012-12-15-12.06.05-300x225.jpg\",\"contentUrl\":\"http:\\\/\\\/am730.com.br\\\/wp-content\\\/uploads\\\/2012\\\/12\\\/coliz%C3%A3o-moto-bicicleta-2012-12-15-12.06.05-300x225.jpg\"},{\"@type\":\"BreadcrumbList\",\"@id\":\"https:\\\/\\\/blogdofarnesio.com.br\\\/?p=20461#breadcrumb\",\"itemListElement\":[{\"@type\":\"ListItem\",\"position\":1,\"name\":\"In\u00edcio\",\"item\":\"https:\\\/\\\/blogdofarnesio.com.br\\\/\"},{\"@type\":\"ListItem\",\"position\":2,\"name\":\"Mototaxista atropela ciclista em Petrolina\"}]},{\"@type\":\"WebSite\",\"@id\":\"https:\\\/\\\/blogdofarnesio.com.br\\\/#website\",\"url\":\"https:\\\/\\\/blogdofarnesio.com.br\\\/\",\"name\":\"Blog do Farn\u00e9sio\",\"description\":\"Quer Saber Pol\u00edtica?\",\"publisher\":{\"@id\":\"https:\\\/\\\/blogdofarnesio.com.br\\\/#organization\"},\"potentialAction\":[{\"@type\":\"SearchAction\",\"target\":{\"@type\":\"EntryPoint\",\"urlTemplate\":\"https:\\\/\\\/blogdofarnesio.com.br\\\/?s={search_term_string}\"},\"query-input\":{\"@type\":\"PropertyValueSpecification\",\"valueRequired\":true,\"valueName\":\"search_term_string\"}}],\"inLanguage\":\"pt-BR\"},{\"@type\":\"Organization\",\"@id\":\"https:\\\/\\\/blogdofarnesio.com.br\\\/#organization\",\"name\":\"Blog do Farn\u00e9sio\",\"url\":\"https:\\\/\\\/blogdofarnesio.com.br\\\/\",\"logo\":{\"@type\":\"ImageObject\",\"inLanguage\":\"pt-BR\",\"@id\":\"https:\\\/\\\/blogdofarnesio.com.br\\\/#\\\/schema\\\/logo\\\/image\\\/\",\"url\":\"https:\\\/\\\/blogdofarnesio.com.br\\\/wp-content\\\/uploads\\\/2026\\\/03\\\/cropped-logo_new-1.png\",\"contentUrl\":\"https:\\\/\\\/blogdofarnesio.com.br\\\/wp-content\\\/uploads\\\/2026\\\/03\\\/cropped-logo_new-1.png\",\"width\":881,\"height\":685,\"caption\":\"Blog do Farn\u00e9sio\"},\"image\":{\"@id\":\"https:\\\/\\\/blogdofarnesio.com.br\\\/#\\\/schema\\\/logo\\\/image\\\/\"},\"sameAs\":[\"https:\\\/\\\/www.facebook.com\\\/BlogQuerSaberPolitica\\\/\"]},{\"@type\":\"Person\",\"@id\":\"https:\\\/\\\/blogdofarnesio.com.br\\\/#\\\/schema\\\/person\\\/dd1bf5eba40b687199ba45ca6b97dff9\",\"name\":\"teste\",\"image\":{\"@type\":\"ImageObject\",\"inLanguage\":\"pt-BR\",\"@id\":\"https:\\\/\\\/secure.gravatar.com\\\/avatar\\\/2172498d4914b51e1d89a0f97957b035ac4938723a5cac208135d389b6972a6d?s=96&d=mm&r=g\",\"url\":\"https:\\\/\\\/secure.gravatar.com\\\/avatar\\\/2172498d4914b51e1d89a0f97957b035ac4938723a5cac208135d389b6972a6d?s=96&d=mm&r=g\",\"contentUrl\":\"https:\\\/\\\/secure.gravatar.com\\\/avatar\\\/2172498d4914b51e1d89a0f97957b035ac4938723a5cac208135d389b6972a6d?s=96&d=mm&r=g\",\"caption\":\"teste\"},\"url\":\"https:\\\/\\\/blogdofarnesio.com.br\\\/?author=3\"}]}<\/script>\n<!-- \/ Yoast SEO plugin. -->","yoast_head_json":{"title":"Mototaxista atropela ciclista em Petrolina - Blog do Farn\u00e9sio","robots":{"index":"index","follow":"follow","max-snippet":"max-snippet:-1","max-image-preview":"max-image-preview:large","max-video-preview":"max-video-preview:-1"},"canonical":"https:\/\/blogdofarnesio.com.br\/?p=20461","og_locale":"pt_BR","og_type":"article","og_title":"Mototaxista atropela ciclista em Petrolina - Blog do Farn\u00e9sio","og_description":"Nem com a chegada do final de semana os condutores de ve\u00edculos e motocicletas desaceleram, j\u00e1 que n\u00e3o precisam de tanta pressa, nem tampouco agir de forma imprudente. Ali\u00e1s, imprud\u00eancia \u00e9 o que n\u00e3o deveria acontecer mesmo quando se trata de conduzir qualquer tipo de veiculo motorizado ou n\u00e3o. Mais um acidente envolvendo estes dois tipos de condu\u00e7\u00e3o aconteceu. Foi neste s\u00e1bado (15) na Avenida Cardoso de S\u00e1 (Zona Leste) Petrolina-PE, nas proximidades do cruzamento Rua da Imperatriz com estrada que vai para o Balne\u00e1rio de Pedrinhas. A coliz\u00e3o aconteceu por volta do meio dia. Um mototaxista de Juazeiro bateu com um ciclista que atravessava a pista. O mototaxista aparentemente 27 anos e o ciclista 45.\u00a0De acordo com informa\u00e7\u00f5es colhidas&hellip;","og_url":"https:\/\/blogdofarnesio.com.br\/?p=20461","og_site_name":"Blog do Farn\u00e9sio","article_publisher":"https:\/\/www.facebook.com\/BlogQuerSaberPolitica\/","article_published_time":"2012-12-15T21:02:40+00:00","og_image":[{"url":"http:\/\/am730.com.br\/wp-content\/uploads\/2012\/12\/coliz%C3%A3o-moto-bicicleta-2012-12-15-12.06.05-300x225.jpg","type":"","width":"","height":""}],"author":"teste","twitter_card":"summary_large_image","twitter_misc":{"Escrito por":"teste","Est. tempo de leitura":"1 minuto"},"schema":{"@context":"https:\/\/schema.org","@graph":[{"@type":"Article","@id":"https:\/\/blogdofarnesio.com.br\/?p=20461#article","isPartOf":{"@id":"https:\/\/blogdofarnesio.com.br\/?p=20461"},"author":{"name":"teste","@id":"https:\/\/blogdofarnesio.com.br\/#\/schema\/person\/dd1bf5eba40b687199ba45ca6b97dff9"},"headline":"Mototaxista atropela ciclista em Petrolina","datePublished":"2012-12-15T21:02:40+00:00","mainEntityOfPage":{"@id":"https:\/\/blogdofarnesio.com.br\/?p=20461"},"wordCount":172,"commentCount":0,"publisher":{"@id":"https:\/\/blogdofarnesio.com.br\/#organization"},"image":{"@id":"https:\/\/blogdofarnesio.com.br\/?p=20461#primaryimage"},"thumbnailUrl":"http:\/\/am730.com.br\/wp-content\/uploads\/2012\/12\/coliz%C3%A3o-moto-bicicleta-2012-12-15-12.06.05-300x225.jpg","articleSection":["Tr\u00e2nsito"],"inLanguage":"pt-BR","potentialAction":[{"@type":"CommentAction","name":"Comment","target":["https:\/\/blogdofarnesio.com.br\/?p=20461#respond"]}]},{"@type":"WebPage","@id":"https:\/\/blogdofarnesio.com.br\/?p=20461","url":"https:\/\/blogdofarnesio.com.br\/?p=20461","name":"Mototaxista atropela ciclista em Petrolina - Blog do Farn\u00e9sio","isPartOf":{"@id":"https:\/\/blogdofarnesio.com.br\/#website"},"primaryImageOfPage":{"@id":"https:\/\/blogdofarnesio.com.br\/?p=20461#primaryimage"},"image":{"@id":"https:\/\/blogdofarnesio.com.br\/?p=20461#primaryimage"},"thumbnailUrl":"http:\/\/am730.com.br\/wp-content\/uploads\/2012\/12\/coliz%C3%A3o-moto-bicicleta-2012-12-15-12.06.05-300x225.jpg","datePublished":"2012-12-15T21:02:40+00:00","breadcrumb":{"@id":"https:\/\/blogdofarnesio.com.br\/?p=20461#breadcrumb"},"inLanguage":"pt-BR","potentialAction":[{"@type":"ReadAction","target":["https:\/\/blogdofarnesio.com.br\/?p=20461"]}]},{"@type":"ImageObject","inLanguage":"pt-BR","@id":"https:\/\/blogdofarnesio.com.br\/?p=20461#primaryimage","url":"http:\/\/am730.com.br\/wp-content\/uploads\/2012\/12\/coliz%C3%A3o-moto-bicicleta-2012-12-15-12.06.05-300x225.jpg","contentUrl":"http:\/\/am730.com.br\/wp-content\/uploads\/2012\/12\/coliz%C3%A3o-moto-bicicleta-2012-12-15-12.06.05-300x225.jpg"},{"@type":"BreadcrumbList","@id":"https:\/\/blogdofarnesio.com.br\/?p=20461#breadcrumb","itemListElement":[{"@type":"ListItem","position":1,"name":"In\u00edcio","item":"https:\/\/blogdofarnesio.com.br\/"},{"@type":"ListItem","position":2,"name":"Mototaxista atropela ciclista em Petrolina"}]},{"@type":"WebSite","@id":"https:\/\/blogdofarnesio.com.br\/#website","url":"https:\/\/blogdofarnesio.com.br\/","name":"Blog do Farn\u00e9sio","description":"Quer Saber Pol\u00edtica?","publisher":{"@id":"https:\/\/blogdofarnesio.com.br\/#organization"},"potentialAction":[{"@type":"SearchAction","target":{"@type":"EntryPoint","urlTemplate":"https:\/\/blogdofarnesio.com.br\/?s={search_term_string}"},"query-input":{"@type":"PropertyValueSpecification","valueRequired":true,"valueName":"search_term_string"}}],"inLanguage":"pt-BR"},{"@type":"Organization","@id":"https:\/\/blogdofarnesio.com.br\/#organization","name":"Blog do Farn\u00e9sio","url":"https:\/\/blogdofarnesio.com.br\/","logo":{"@type":"ImageObject","inLanguage":"pt-BR","@id":"https:\/\/blogdofarnesio.com.br\/#\/schema\/logo\/image\/","url":"https:\/\/blogdofarnesio.com.br\/wp-content\/uploads\/2026\/03\/cropped-logo_new-1.png","contentUrl":"https:\/\/blogdofarnesio.com.br\/wp-content\/uploads\/2026\/03\/cropped-logo_new-1.png","width":881,"height":685,"caption":"Blog do Farn\u00e9sio"},"image":{"@id":"https:\/\/blogdofarnesio.com.br\/#\/schema\/logo\/image\/"},"sameAs":["https:\/\/www.facebook.com\/BlogQuerSaberPolitica\/"]},{"@type":"Person","@id":"https:\/\/blogdofarnesio.com.br\/#\/schema\/person\/dd1bf5eba40b687199ba45ca6b97dff9","name":"teste","image":{"@type":"ImageObject","inLanguage":"pt-BR","@id":"https:\/\/secure.gravatar.com\/avatar\/2172498d4914b51e1d89a0f97957b035ac4938723a5cac208135d389b6972a6d?s=96&d=mm&r=g","url":"https:\/\/secure.gravatar.com\/avatar\/2172498d4914b51e1d89a0f97957b035ac4938723a5cac208135d389b6972a6d?s=96&d=mm&r=g","contentUrl":"https:\/\/secure.gravatar.com\/avatar\/2172498d4914b51e1d89a0f97957b035ac4938723a5cac208135d389b6972a6d?s=96&d=mm&r=g","caption":"teste"},"url":"https:\/\/blogdofarnesio.com.br\/?author=3"}]}},"_links":{"self":[{"href":"https:\/\/blogdofarnesio.com.br\/index.php?rest_route=\/wp\/v2\/posts\/20461","targetHints":{"allow":["GET"]}}],"collection":[{"href":"https:\/\/blogdofarnesio.com.br\/index.php?rest_route=\/wp\/v2\/posts"}],"about":[{"href":"https:\/\/blogdofarnesio.com.br\/index.php?rest_route=\/wp\/v2\/types\/post"}],"author":[{"embeddable":true,"href":"https:\/\/blogdofarnesio.com.br\/index.php?rest_route=\/wp\/v2\/users\/3"}],"replies":[{"embeddable":true,"href":"https:\/\/blogdofarnesio.com.br\/index.php?rest_route=%2Fwp%2Fv2%2Fcomments&post=20461"}],"version-history":[{"count":0,"href":"https:\/\/blogdofarnesio.com.br\/index.php?rest_route=\/wp\/v2\/posts\/20461\/revisions"}],"wp:attachment":[{"href":"https:\/\/blogdofarnesio.com.br\/index.php?rest_route=%2Fwp%2Fv2%2Fmedia&parent=20461"}],"wp:term":[{"taxonomy":"category","embeddable":true,"href":"https:\/\/blogdofarnesio.com.br\/index.php?rest_route=%2Fwp%2Fv2%2Fcategories&post=20461"},{"taxonomy":"post_tag","embeddable":true,"href":"https:\/\/blogdofarnesio.com.br\/index.php?rest_route=%2Fwp%2Fv2%2Ftags&post=20461"}],"curies":[{"name":"wp","href":"https:\/\/api.w.org\/{rel}","templated":true}]}}