{"id":20456,"date":"2012-12-17T08:30:27","date_gmt":"2012-12-17T11:30:27","guid":{"rendered":"http:\/\/www.quersaberpolitica.com.br\/?p=20456"},"modified":"2012-12-16T21:40:59","modified_gmt":"2012-12-17T00:40:59","slug":"beneficiarios-do-bolsa-familia-devem-atualizar-dados-cadastrais-ate-o-proximo-dia-31","status":"publish","type":"post","link":"https:\/\/blogdofarnesio.com.br\/?p=20456","title":{"rendered":"Benefici\u00e1rios do \u2018Bolsa fam\u00edlia\u2019 devem atualizar dados cadastrais at\u00e9 o pr\u00f3ximo dia 31"},"content":{"rendered":"<p>&nbsp;<\/p>\n<header>\n<h1><a href=\"http:\/\/www.quersaberpolitica.com.br\/2016\/wp-content\/uploads\/2012\/12\/blogqspbolsa.jpg\"><img loading=\"lazy\" decoding=\"async\" class=\"alignleft size-medium wp-image-20457\" src=\"http:\/\/www.quersaberpolitica.com.br\/2016\/wp-content\/uploads\/2012\/12\/blogqspbolsa-300x231.jpg\" alt=\"\" width=\"300\" height=\"231\" \/><\/a><\/h1>\n<\/header>\n<div>\n<p style=\"text-align: justify\">As fam\u00edlias benefici\u00e1rias do Programa Bolsa Fam\u00edlia devem ficar atentas ao prazo de revis\u00e3o dos dados registrados no Cadastro \u00danico para Programas Sociais do Governo Federal.<\/p>\n<p style=\"text-align: justify\">Os titulares do programa t\u00eam at\u00e9 o dia 31 de dezembro para fazer a atualiza\u00e7\u00e3o sem que haja altera\u00e7\u00e3o no recebimento dos benef\u00edcios.<\/p>\n<p style=\"text-align: justify\">Ap\u00f3s 24 meses sem renova\u00e7\u00e3o do cadastro, os benefici\u00e1rios t\u00eam um ano para apresenta\u00e7\u00e3o dos documentos solicitados a um Centro de Refer\u00eancia de Assist\u00eancia Social (Cras) do munic\u00edpio onde vive.<\/p>\n<p style=\"text-align: justify\">Um dos principais requisitos para ser um benefici\u00e1rio do Programa Bolsa Fam\u00edlia \u00e9 a renda mensal m\u00e1xima de R$ 140 por pessoa, que pode ser modificada na revis\u00e3o dos dados contidos no Cadastro \u00danico para at\u00e9 meio sal\u00e1rio m\u00ednimo sem perda do benef\u00edcio.<!--more--><\/p>\n<p style=\"text-align: justify\">De acordo com a secret\u00e1ria adjunta da Secretaria Nacional de Renda de Cidadania, Let\u00edcia Bartholo, as fam\u00edlias que n\u00e3o cumprirem o prazo de 31 de dezembro, podem fazer a atualiza\u00e7\u00e3o das informa\u00e7\u00f5es at\u00e9 o fim de mar\u00e7o, com a bolsa retida na conta familiar at\u00e9 fazer o procedimento.<\/p>\n<\/div>\n","protected":false},"excerpt":{"rendered":"<p>&nbsp; As fam\u00edlias benefici\u00e1rias do Programa Bolsa Fam\u00edlia devem ficar atentas ao prazo de revis\u00e3o dos dados registrados no Cadastro \u00danico para Programas Sociais do Governo Federal. Os titulares do programa t\u00eam at\u00e9 o dia 31 de dezembro para fazer a atualiza\u00e7\u00e3o sem que haja altera\u00e7\u00e3o no recebimento dos benef\u00edcios. Ap\u00f3s 24 meses sem renova\u00e7\u00e3o do cadastro, os benefici\u00e1rios t\u00eam um ano para apresenta\u00e7\u00e3o dos documentos solicitados a um Centro de Refer\u00eancia de Assist\u00eancia Social (Cras) do munic\u00edpio onde vive. Um dos principais requisitos para ser um benefici\u00e1rio do Programa Bolsa Fam\u00edlia \u00e9 a renda mensal m\u00e1xima de R$ 140 por pessoa, que pode ser modificada na revis\u00e3o dos dados contidos no Cadastro \u00danico para at\u00e9 meio sal\u00e1rio m\u00ednimo sem&hellip; <\/p>\n","protected":false},"author":3,"featured_media":0,"comment_status":"open","ping_status":"open","sticky":false,"template":"","format":"standard","meta":{"_acf_changed":false,"footnotes":""},"categories":[1],"tags":[],"class_list":["post-20456","post","type-post","status-publish","format-standard","hentry","category-politica"],"acf":[],"yoast_head":"<!-- This site is optimized with the Yoast SEO plugin v27.4 - https:\/\/yoast.com\/product\/yoast-seo-wordpress\/ -->\n<title>Benefici\u00e1rios do \u2018Bolsa fam\u00edlia\u2019 devem atualizar dados cadastrais at\u00e9 o pr\u00f3ximo dia 31  - Blog do Farn\u00e9sio<\/title>\n<meta name=\"robots\" content=\"index, follow, max-snippet:-1, max-image-preview:large, max-video-preview:-1\" \/>\n<link rel=\"canonical\" href=\"https:\/\/blogdofarnesio.com.br\/?p=20456\" \/>\n<meta property=\"og:locale\" content=\"pt_BR\" \/>\n<meta property=\"og:type\" content=\"article\" \/>\n<meta property=\"og:title\" content=\"Benefici\u00e1rios do \u2018Bolsa fam\u00edlia\u2019 devem atualizar dados cadastrais at\u00e9 o pr\u00f3ximo dia 31  - Blog do Farn\u00e9sio\" \/>\n<meta property=\"og:description\" content=\"&nbsp; As fam\u00edlias benefici\u00e1rias do Programa Bolsa Fam\u00edlia devem ficar atentas ao prazo de revis\u00e3o dos dados registrados no Cadastro \u00danico para Programas Sociais do Governo Federal. Os titulares do programa t\u00eam at\u00e9 o dia 31 de dezembro para fazer a atualiza\u00e7\u00e3o sem que haja altera\u00e7\u00e3o no recebimento dos benef\u00edcios. Ap\u00f3s 24 meses sem renova\u00e7\u00e3o do cadastro, os benefici\u00e1rios t\u00eam um ano para apresenta\u00e7\u00e3o dos documentos solicitados a um Centro de Refer\u00eancia de Assist\u00eancia Social (Cras) do munic\u00edpio onde vive. Um dos principais requisitos para ser um benefici\u00e1rio do Programa Bolsa Fam\u00edlia \u00e9 a renda mensal m\u00e1xima de R$ 140 por pessoa, que pode ser modificada na revis\u00e3o dos dados contidos no Cadastro \u00danico para at\u00e9 meio sal\u00e1rio m\u00ednimo sem&hellip;\" \/>\n<meta property=\"og:url\" content=\"https:\/\/blogdofarnesio.com.br\/?p=20456\" \/>\n<meta property=\"og:site_name\" content=\"Blog do Farn\u00e9sio\" \/>\n<meta property=\"article:publisher\" content=\"https:\/\/www.facebook.com\/BlogQuerSaberPolitica\/\" \/>\n<meta property=\"article:published_time\" content=\"2012-12-17T11:30:27+00:00\" \/>\n<meta property=\"og:image\" content=\"http:\/\/www.quersaberpolitica.com.br\/2016\/wp-content\/uploads\/2012\/12\/blogqspbolsa-300x231.jpg\" \/>\n<meta name=\"author\" content=\"teste\" \/>\n<meta name=\"twitter:card\" content=\"summary_large_image\" \/>\n<meta name=\"twitter:label1\" content=\"Escrito por\" \/>\n\t<meta name=\"twitter:data1\" content=\"teste\" \/>\n\t<meta name=\"twitter:label2\" content=\"Est. tempo de leitura\" \/>\n\t<meta name=\"twitter:data2\" content=\"1 minuto\" \/>\n<script type=\"application\/ld+json\" class=\"yoast-schema-graph\">{\"@context\":\"https:\\\/\\\/schema.org\",\"@graph\":[{\"@type\":\"Article\",\"@id\":\"https:\\\/\\\/blogdofarnesio.com.br\\\/?p=20456#article\",\"isPartOf\":{\"@id\":\"https:\\\/\\\/blogdofarnesio.com.br\\\/?p=20456\"},\"author\":{\"name\":\"teste\",\"@id\":\"https:\\\/\\\/blogdofarnesio.com.br\\\/#\\\/schema\\\/person\\\/dd1bf5eba40b687199ba45ca6b97dff9\"},\"headline\":\"Benefici\u00e1rios do \u2018Bolsa fam\u00edlia\u2019 devem atualizar dados cadastrais at\u00e9 o pr\u00f3ximo dia 31\",\"datePublished\":\"2012-12-17T11:30:27+00:00\",\"mainEntityOfPage\":{\"@id\":\"https:\\\/\\\/blogdofarnesio.com.br\\\/?p=20456\"},\"wordCount\":211,\"commentCount\":0,\"publisher\":{\"@id\":\"https:\\\/\\\/blogdofarnesio.com.br\\\/#organization\"},\"image\":{\"@id\":\"https:\\\/\\\/blogdofarnesio.com.br\\\/?p=20456#primaryimage\"},\"thumbnailUrl\":\"http:\\\/\\\/www.quersaberpolitica.com.br\\\/2016\\\/wp-content\\\/uploads\\\/2012\\\/12\\\/blogqspbolsa-300x231.jpg\",\"articleSection\":[\"Pol\u00edtica\"],\"inLanguage\":\"pt-BR\",\"potentialAction\":[{\"@type\":\"CommentAction\",\"name\":\"Comment\",\"target\":[\"https:\\\/\\\/blogdofarnesio.com.br\\\/?p=20456#respond\"]}]},{\"@type\":\"WebPage\",\"@id\":\"https:\\\/\\\/blogdofarnesio.com.br\\\/?p=20456\",\"url\":\"https:\\\/\\\/blogdofarnesio.com.br\\\/?p=20456\",\"name\":\"Benefici\u00e1rios do \u2018Bolsa fam\u00edlia\u2019 devem atualizar dados cadastrais at\u00e9 o pr\u00f3ximo dia 31 - Blog do Farn\u00e9sio\",\"isPartOf\":{\"@id\":\"https:\\\/\\\/blogdofarnesio.com.br\\\/#website\"},\"primaryImageOfPage\":{\"@id\":\"https:\\\/\\\/blogdofarnesio.com.br\\\/?p=20456#primaryimage\"},\"image\":{\"@id\":\"https:\\\/\\\/blogdofarnesio.com.br\\\/?p=20456#primaryimage\"},\"thumbnailUrl\":\"http:\\\/\\\/www.quersaberpolitica.com.br\\\/2016\\\/wp-content\\\/uploads\\\/2012\\\/12\\\/blogqspbolsa-300x231.jpg\",\"datePublished\":\"2012-12-17T11:30:27+00:00\",\"breadcrumb\":{\"@id\":\"https:\\\/\\\/blogdofarnesio.com.br\\\/?p=20456#breadcrumb\"},\"inLanguage\":\"pt-BR\",\"potentialAction\":[{\"@type\":\"ReadAction\",\"target\":[\"https:\\\/\\\/blogdofarnesio.com.br\\\/?p=20456\"]}]},{\"@type\":\"ImageObject\",\"inLanguage\":\"pt-BR\",\"@id\":\"https:\\\/\\\/blogdofarnesio.com.br\\\/?p=20456#primaryimage\",\"url\":\"http:\\\/\\\/www.quersaberpolitica.com.br\\\/2016\\\/wp-content\\\/uploads\\\/2012\\\/12\\\/blogqspbolsa-300x231.jpg\",\"contentUrl\":\"http:\\\/\\\/www.quersaberpolitica.com.br\\\/2016\\\/wp-content\\\/uploads\\\/2012\\\/12\\\/blogqspbolsa-300x231.jpg\"},{\"@type\":\"BreadcrumbList\",\"@id\":\"https:\\\/\\\/blogdofarnesio.com.br\\\/?p=20456#breadcrumb\",\"itemListElement\":[{\"@type\":\"ListItem\",\"position\":1,\"name\":\"In\u00edcio\",\"item\":\"https:\\\/\\\/blogdofarnesio.com.br\\\/\"},{\"@type\":\"ListItem\",\"position\":2,\"name\":\"Benefici\u00e1rios do \u2018Bolsa fam\u00edlia\u2019 devem atualizar dados cadastrais at\u00e9 o pr\u00f3ximo dia 31\"}]},{\"@type\":\"WebSite\",\"@id\":\"https:\\\/\\\/blogdofarnesio.com.br\\\/#website\",\"url\":\"https:\\\/\\\/blogdofarnesio.com.br\\\/\",\"name\":\"Blog do Farn\u00e9sio\",\"description\":\"Quer Saber Pol\u00edtica?\",\"publisher\":{\"@id\":\"https:\\\/\\\/blogdofarnesio.com.br\\\/#organization\"},\"potentialAction\":[{\"@type\":\"SearchAction\",\"target\":{\"@type\":\"EntryPoint\",\"urlTemplate\":\"https:\\\/\\\/blogdofarnesio.com.br\\\/?s={search_term_string}\"},\"query-input\":{\"@type\":\"PropertyValueSpecification\",\"valueRequired\":true,\"valueName\":\"search_term_string\"}}],\"inLanguage\":\"pt-BR\"},{\"@type\":\"Organization\",\"@id\":\"https:\\\/\\\/blogdofarnesio.com.br\\\/#organization\",\"name\":\"Blog do Farn\u00e9sio\",\"url\":\"https:\\\/\\\/blogdofarnesio.com.br\\\/\",\"logo\":{\"@type\":\"ImageObject\",\"inLanguage\":\"pt-BR\",\"@id\":\"https:\\\/\\\/blogdofarnesio.com.br\\\/#\\\/schema\\\/logo\\\/image\\\/\",\"url\":\"https:\\\/\\\/blogdofarnesio.com.br\\\/wp-content\\\/uploads\\\/2026\\\/03\\\/cropped-logo_new-1.png\",\"contentUrl\":\"https:\\\/\\\/blogdofarnesio.com.br\\\/wp-content\\\/uploads\\\/2026\\\/03\\\/cropped-logo_new-1.png\",\"width\":881,\"height\":685,\"caption\":\"Blog do Farn\u00e9sio\"},\"image\":{\"@id\":\"https:\\\/\\\/blogdofarnesio.com.br\\\/#\\\/schema\\\/logo\\\/image\\\/\"},\"sameAs\":[\"https:\\\/\\\/www.facebook.com\\\/BlogQuerSaberPolitica\\\/\"]},{\"@type\":\"Person\",\"@id\":\"https:\\\/\\\/blogdofarnesio.com.br\\\/#\\\/schema\\\/person\\\/dd1bf5eba40b687199ba45ca6b97dff9\",\"name\":\"teste\",\"image\":{\"@type\":\"ImageObject\",\"inLanguage\":\"pt-BR\",\"@id\":\"https:\\\/\\\/secure.gravatar.com\\\/avatar\\\/2172498d4914b51e1d89a0f97957b035ac4938723a5cac208135d389b6972a6d?s=96&d=mm&r=g\",\"url\":\"https:\\\/\\\/secure.gravatar.com\\\/avatar\\\/2172498d4914b51e1d89a0f97957b035ac4938723a5cac208135d389b6972a6d?s=96&d=mm&r=g\",\"contentUrl\":\"https:\\\/\\\/secure.gravatar.com\\\/avatar\\\/2172498d4914b51e1d89a0f97957b035ac4938723a5cac208135d389b6972a6d?s=96&d=mm&r=g\",\"caption\":\"teste\"},\"url\":\"https:\\\/\\\/blogdofarnesio.com.br\\\/?author=3\"}]}<\/script>\n<!-- \/ Yoast SEO plugin. -->","yoast_head_json":{"title":"Benefici\u00e1rios do \u2018Bolsa fam\u00edlia\u2019 devem atualizar dados cadastrais at\u00e9 o pr\u00f3ximo dia 31  - Blog do Farn\u00e9sio","robots":{"index":"index","follow":"follow","max-snippet":"max-snippet:-1","max-image-preview":"max-image-preview:large","max-video-preview":"max-video-preview:-1"},"canonical":"https:\/\/blogdofarnesio.com.br\/?p=20456","og_locale":"pt_BR","og_type":"article","og_title":"Benefici\u00e1rios do \u2018Bolsa fam\u00edlia\u2019 devem atualizar dados cadastrais at\u00e9 o pr\u00f3ximo dia 31  - Blog do Farn\u00e9sio","og_description":"&nbsp; As fam\u00edlias benefici\u00e1rias do Programa Bolsa Fam\u00edlia devem ficar atentas ao prazo de revis\u00e3o dos dados registrados no Cadastro \u00danico para Programas Sociais do Governo Federal. Os titulares do programa t\u00eam at\u00e9 o dia 31 de dezembro para fazer a atualiza\u00e7\u00e3o sem que haja altera\u00e7\u00e3o no recebimento dos benef\u00edcios. Ap\u00f3s 24 meses sem renova\u00e7\u00e3o do cadastro, os benefici\u00e1rios t\u00eam um ano para apresenta\u00e7\u00e3o dos documentos solicitados a um Centro de Refer\u00eancia de Assist\u00eancia Social (Cras) do munic\u00edpio onde vive. Um dos principais requisitos para ser um benefici\u00e1rio do Programa Bolsa Fam\u00edlia \u00e9 a renda mensal m\u00e1xima de R$ 140 por pessoa, que pode ser modificada na revis\u00e3o dos dados contidos no Cadastro \u00danico para at\u00e9 meio sal\u00e1rio m\u00ednimo sem&hellip;","og_url":"https:\/\/blogdofarnesio.com.br\/?p=20456","og_site_name":"Blog do Farn\u00e9sio","article_publisher":"https:\/\/www.facebook.com\/BlogQuerSaberPolitica\/","article_published_time":"2012-12-17T11:30:27+00:00","og_image":[{"url":"http:\/\/www.quersaberpolitica.com.br\/2016\/wp-content\/uploads\/2012\/12\/blogqspbolsa-300x231.jpg","type":"","width":"","height":""}],"author":"teste","twitter_card":"summary_large_image","twitter_misc":{"Escrito por":"teste","Est. tempo de leitura":"1 minuto"},"schema":{"@context":"https:\/\/schema.org","@graph":[{"@type":"Article","@id":"https:\/\/blogdofarnesio.com.br\/?p=20456#article","isPartOf":{"@id":"https:\/\/blogdofarnesio.com.br\/?p=20456"},"author":{"name":"teste","@id":"https:\/\/blogdofarnesio.com.br\/#\/schema\/person\/dd1bf5eba40b687199ba45ca6b97dff9"},"headline":"Benefici\u00e1rios do \u2018Bolsa fam\u00edlia\u2019 devem atualizar dados cadastrais at\u00e9 o pr\u00f3ximo dia 31","datePublished":"2012-12-17T11:30:27+00:00","mainEntityOfPage":{"@id":"https:\/\/blogdofarnesio.com.br\/?p=20456"},"wordCount":211,"commentCount":0,"publisher":{"@id":"https:\/\/blogdofarnesio.com.br\/#organization"},"image":{"@id":"https:\/\/blogdofarnesio.com.br\/?p=20456#primaryimage"},"thumbnailUrl":"http:\/\/www.quersaberpolitica.com.br\/2016\/wp-content\/uploads\/2012\/12\/blogqspbolsa-300x231.jpg","articleSection":["Pol\u00edtica"],"inLanguage":"pt-BR","potentialAction":[{"@type":"CommentAction","name":"Comment","target":["https:\/\/blogdofarnesio.com.br\/?p=20456#respond"]}]},{"@type":"WebPage","@id":"https:\/\/blogdofarnesio.com.br\/?p=20456","url":"https:\/\/blogdofarnesio.com.br\/?p=20456","name":"Benefici\u00e1rios do \u2018Bolsa fam\u00edlia\u2019 devem atualizar dados cadastrais at\u00e9 o pr\u00f3ximo dia 31 - Blog do Farn\u00e9sio","isPartOf":{"@id":"https:\/\/blogdofarnesio.com.br\/#website"},"primaryImageOfPage":{"@id":"https:\/\/blogdofarnesio.com.br\/?p=20456#primaryimage"},"image":{"@id":"https:\/\/blogdofarnesio.com.br\/?p=20456#primaryimage"},"thumbnailUrl":"http:\/\/www.quersaberpolitica.com.br\/2016\/wp-content\/uploads\/2012\/12\/blogqspbolsa-300x231.jpg","datePublished":"2012-12-17T11:30:27+00:00","breadcrumb":{"@id":"https:\/\/blogdofarnesio.com.br\/?p=20456#breadcrumb"},"inLanguage":"pt-BR","potentialAction":[{"@type":"ReadAction","target":["https:\/\/blogdofarnesio.com.br\/?p=20456"]}]},{"@type":"ImageObject","inLanguage":"pt-BR","@id":"https:\/\/blogdofarnesio.com.br\/?p=20456#primaryimage","url":"http:\/\/www.quersaberpolitica.com.br\/2016\/wp-content\/uploads\/2012\/12\/blogqspbolsa-300x231.jpg","contentUrl":"http:\/\/www.quersaberpolitica.com.br\/2016\/wp-content\/uploads\/2012\/12\/blogqspbolsa-300x231.jpg"},{"@type":"BreadcrumbList","@id":"https:\/\/blogdofarnesio.com.br\/?p=20456#breadcrumb","itemListElement":[{"@type":"ListItem","position":1,"name":"In\u00edcio","item":"https:\/\/blogdofarnesio.com.br\/"},{"@type":"ListItem","position":2,"name":"Benefici\u00e1rios do \u2018Bolsa fam\u00edlia\u2019 devem atualizar dados cadastrais at\u00e9 o pr\u00f3ximo dia 31"}]},{"@type":"WebSite","@id":"https:\/\/blogdofarnesio.com.br\/#website","url":"https:\/\/blogdofarnesio.com.br\/","name":"Blog do Farn\u00e9sio","description":"Quer Saber Pol\u00edtica?","publisher":{"@id":"https:\/\/blogdofarnesio.com.br\/#organization"},"potentialAction":[{"@type":"SearchAction","target":{"@type":"EntryPoint","urlTemplate":"https:\/\/blogdofarnesio.com.br\/?s={search_term_string}"},"query-input":{"@type":"PropertyValueSpecification","valueRequired":true,"valueName":"search_term_string"}}],"inLanguage":"pt-BR"},{"@type":"Organization","@id":"https:\/\/blogdofarnesio.com.br\/#organization","name":"Blog do Farn\u00e9sio","url":"https:\/\/blogdofarnesio.com.br\/","logo":{"@type":"ImageObject","inLanguage":"pt-BR","@id":"https:\/\/blogdofarnesio.com.br\/#\/schema\/logo\/image\/","url":"https:\/\/blogdofarnesio.com.br\/wp-content\/uploads\/2026\/03\/cropped-logo_new-1.png","contentUrl":"https:\/\/blogdofarnesio.com.br\/wp-content\/uploads\/2026\/03\/cropped-logo_new-1.png","width":881,"height":685,"caption":"Blog do Farn\u00e9sio"},"image":{"@id":"https:\/\/blogdofarnesio.com.br\/#\/schema\/logo\/image\/"},"sameAs":["https:\/\/www.facebook.com\/BlogQuerSaberPolitica\/"]},{"@type":"Person","@id":"https:\/\/blogdofarnesio.com.br\/#\/schema\/person\/dd1bf5eba40b687199ba45ca6b97dff9","name":"teste","image":{"@type":"ImageObject","inLanguage":"pt-BR","@id":"https:\/\/secure.gravatar.com\/avatar\/2172498d4914b51e1d89a0f97957b035ac4938723a5cac208135d389b6972a6d?s=96&d=mm&r=g","url":"https:\/\/secure.gravatar.com\/avatar\/2172498d4914b51e1d89a0f97957b035ac4938723a5cac208135d389b6972a6d?s=96&d=mm&r=g","contentUrl":"https:\/\/secure.gravatar.com\/avatar\/2172498d4914b51e1d89a0f97957b035ac4938723a5cac208135d389b6972a6d?s=96&d=mm&r=g","caption":"teste"},"url":"https:\/\/blogdofarnesio.com.br\/?author=3"}]}},"_links":{"self":[{"href":"https:\/\/blogdofarnesio.com.br\/index.php?rest_route=\/wp\/v2\/posts\/20456","targetHints":{"allow":["GET"]}}],"collection":[{"href":"https:\/\/blogdofarnesio.com.br\/index.php?rest_route=\/wp\/v2\/posts"}],"about":[{"href":"https:\/\/blogdofarnesio.com.br\/index.php?rest_route=\/wp\/v2\/types\/post"}],"author":[{"embeddable":true,"href":"https:\/\/blogdofarnesio.com.br\/index.php?rest_route=\/wp\/v2\/users\/3"}],"replies":[{"embeddable":true,"href":"https:\/\/blogdofarnesio.com.br\/index.php?rest_route=%2Fwp%2Fv2%2Fcomments&post=20456"}],"version-history":[{"count":0,"href":"https:\/\/blogdofarnesio.com.br\/index.php?rest_route=\/wp\/v2\/posts\/20456\/revisions"}],"wp:attachment":[{"href":"https:\/\/blogdofarnesio.com.br\/index.php?rest_route=%2Fwp%2Fv2%2Fmedia&parent=20456"}],"wp:term":[{"taxonomy":"category","embeddable":true,"href":"https:\/\/blogdofarnesio.com.br\/index.php?rest_route=%2Fwp%2Fv2%2Fcategories&post=20456"},{"taxonomy":"post_tag","embeddable":true,"href":"https:\/\/blogdofarnesio.com.br\/index.php?rest_route=%2Fwp%2Fv2%2Ftags&post=20456"}],"curies":[{"name":"wp","href":"https:\/\/api.w.org\/{rel}","templated":true}]}}