{"id":20444,"date":"2012-12-15T20:11:54","date_gmt":"2012-12-15T23:11:54","guid":{"rendered":"http:\/\/www.quersaberpolitica.com.br\/?p=20444"},"modified":"2012-12-15T18:23:18","modified_gmt":"2012-12-15T21:23:18","slug":"em-reportagem-a-revista-epoca-diz-que-rosemary-e-paulo-vieira-tentaram-tumultuar-julgamento-do-mensalao","status":"publish","type":"post","link":"https:\/\/blogdofarnesio.com.br\/?p=20444","title":{"rendered":"Em reportagem a Revista \u00c9poca diz que Rosemary e Paulo Vieira tentaram tumultuar julgamento do mensal\u00e3o"},"content":{"rendered":"<div><img decoding=\"async\" class=\"alignleft\" src=\"http:\/\/bahianoticias.com.br\/fotos\/principal_noticias\/127927\/IMAGEM_NOTICIA_3.jpg\" alt=\"Reportagem revela que Rosemary e Paulo Vieira tentaram tumultuar julgamento do mensal\u00e3o\" \/><\/div>\n<div>\n<div style=\"text-align: justify\">Em um telefone de 11 minutos entre a ex-chefe do escrit\u00f3rio da Presid\u00eancia da Rep\u00fablica em S\u00e3o Paulo Rosemary Noronha e o ex-diretor da Ag\u00eancia Nacional de \u00c1guas (ANA) Paulo Vieira, esp\u00e9cie de operador jur\u00eddico da quadrilha dos pareceres descoberta pela PF na Opera\u00e7\u00e3o Porto Seguro, mostra que ambos pretendiam tumultuar o julgamento do mensal\u00e3o. A conversa foi interceptada pela Pol\u00edcia Federal (PF) \u00e0s 9h47 do dia 12 de novembro deste ano.<\/div>\n<div style=\"text-align: justify\">Segundo reportagem da revista \u00c9poca, naquele dia, os ministros do Supremo Tribunal Federal (STF) definiriam as penas dos principais integrantes do n\u00facleo pol\u00edtico do mensal\u00e3o: os petistas Jos\u00e9 Dirceu, Jos\u00e9 Genoino e Del\u00fabio Soares.<\/div>\n<div style=\"text-align: justify\">Na conversa, Vieira pede a Rosemary que consiga o apoio de Dirceu para as articula\u00e7\u00f5es secretas que ele, Paulo, fazia em Bras\u00edlia.<\/div>\n<div style=\"text-align: justify\">O objetivo era, de fato, tumultuar o julgamento ou, ao menos, impedir que os acusados cumprissem suas penas. Na conversa, Rose, como \u00e9 conhecida, sabia do que Paulo falava. Mas Paulo estava preocupado com a disposi\u00e7\u00e3o de Dirceu em articular ao lado da quadrilha. \u201cEu vou viajar com ele (Dirceu) no feriado.<\/div>\n<div style=\"text-align: justify\">N\u00f3s vamos para a Bahia. Eu converso bastante com ele. (\u2026) Ele n\u00e3o pode ficar preso dentro de casa, n\u00e9. A vida corre. Eu falo com ele. Eu tive com ele no feriado, eu falo com ele\u201d.\u00a0<strong><a href=\"http:\/\/revistaepoca.globo.com\/Brasil\/noticia\/2012\/12\/documentos-mostram-o-interesse-da-quadrilha-de-rosse-no-julgamento-do-mensalao.html\" target=\"_blank\">Leia a reportagem na \u00edntegra aqui.\u00a0<\/a><\/strong><\/div>\n<\/div>\n","protected":false},"excerpt":{"rendered":"<p>Em um telefone de 11 minutos entre a ex-chefe do escrit\u00f3rio da Presid\u00eancia da Rep\u00fablica em S\u00e3o Paulo Rosemary Noronha e o ex-diretor da Ag\u00eancia Nacional de \u00c1guas (ANA) Paulo Vieira, esp\u00e9cie de operador jur\u00eddico da quadrilha dos pareceres descoberta pela PF na Opera\u00e7\u00e3o Porto Seguro, mostra que ambos pretendiam tumultuar o julgamento do mensal\u00e3o. A conversa foi interceptada pela Pol\u00edcia Federal (PF) \u00e0s 9h47 do dia 12 de novembro deste ano. Segundo reportagem da revista \u00c9poca, naquele dia, os ministros do Supremo Tribunal Federal (STF) definiriam as penas dos principais integrantes do n\u00facleo pol\u00edtico do mensal\u00e3o: os petistas Jos\u00e9 Dirceu, Jos\u00e9 Genoino e Del\u00fabio Soares. Na conversa, Vieira pede a Rosemary que consiga o apoio de Dirceu para as&hellip; <\/p>\n","protected":false},"author":3,"featured_media":0,"comment_status":"open","ping_status":"open","sticky":false,"template":"","format":"standard","meta":{"_acf_changed":false,"footnotes":""},"categories":[1],"tags":[],"class_list":["post-20444","post","type-post","status-publish","format-standard","hentry","category-politica"],"acf":[],"yoast_head":"<!-- This site is optimized with the Yoast SEO plugin v27.4 - https:\/\/yoast.com\/product\/yoast-seo-wordpress\/ -->\n<title>Em reportagem a Revista \u00c9poca diz que Rosemary e Paulo Vieira tentaram tumultuar julgamento do mensal\u00e3o - Blog do Farn\u00e9sio<\/title>\n<meta name=\"robots\" content=\"index, follow, max-snippet:-1, max-image-preview:large, max-video-preview:-1\" \/>\n<link rel=\"canonical\" href=\"https:\/\/blogdofarnesio.com.br\/?p=20444\" \/>\n<meta property=\"og:locale\" content=\"pt_BR\" \/>\n<meta property=\"og:type\" content=\"article\" \/>\n<meta property=\"og:title\" content=\"Em reportagem a Revista \u00c9poca diz que Rosemary e Paulo Vieira tentaram tumultuar julgamento do mensal\u00e3o - Blog do Farn\u00e9sio\" \/>\n<meta property=\"og:description\" content=\"Em um telefone de 11 minutos entre a ex-chefe do escrit\u00f3rio da Presid\u00eancia da Rep\u00fablica em S\u00e3o Paulo Rosemary Noronha e o ex-diretor da Ag\u00eancia Nacional de \u00c1guas (ANA) Paulo Vieira, esp\u00e9cie de operador jur\u00eddico da quadrilha dos pareceres descoberta pela PF na Opera\u00e7\u00e3o Porto Seguro, mostra que ambos pretendiam tumultuar o julgamento do mensal\u00e3o. A conversa foi interceptada pela Pol\u00edcia Federal (PF) \u00e0s 9h47 do dia 12 de novembro deste ano. Segundo reportagem da revista \u00c9poca, naquele dia, os ministros do Supremo Tribunal Federal (STF) definiriam as penas dos principais integrantes do n\u00facleo pol\u00edtico do mensal\u00e3o: os petistas Jos\u00e9 Dirceu, Jos\u00e9 Genoino e Del\u00fabio Soares. Na conversa, Vieira pede a Rosemary que consiga o apoio de Dirceu para as&hellip;\" \/>\n<meta property=\"og:url\" content=\"https:\/\/blogdofarnesio.com.br\/?p=20444\" \/>\n<meta property=\"og:site_name\" content=\"Blog do Farn\u00e9sio\" \/>\n<meta property=\"article:publisher\" content=\"https:\/\/www.facebook.com\/BlogQuerSaberPolitica\/\" \/>\n<meta property=\"article:published_time\" content=\"2012-12-15T23:11:54+00:00\" \/>\n<meta property=\"og:image\" content=\"http:\/\/bahianoticias.com.br\/fotos\/principal_noticias\/127927\/IMAGEM_NOTICIA_3.jpg\" \/>\n<meta name=\"author\" content=\"teste\" \/>\n<meta name=\"twitter:card\" content=\"summary_large_image\" \/>\n<meta name=\"twitter:label1\" content=\"Escrito por\" \/>\n\t<meta name=\"twitter:data1\" content=\"teste\" \/>\n\t<meta name=\"twitter:label2\" content=\"Est. tempo de leitura\" \/>\n\t<meta name=\"twitter:data2\" content=\"1 minuto\" \/>\n<script type=\"application\/ld+json\" class=\"yoast-schema-graph\">{\"@context\":\"https:\\\/\\\/schema.org\",\"@graph\":[{\"@type\":\"Article\",\"@id\":\"https:\\\/\\\/blogdofarnesio.com.br\\\/?p=20444#article\",\"isPartOf\":{\"@id\":\"https:\\\/\\\/blogdofarnesio.com.br\\\/?p=20444\"},\"author\":{\"name\":\"teste\",\"@id\":\"https:\\\/\\\/blogdofarnesio.com.br\\\/#\\\/schema\\\/person\\\/dd1bf5eba40b687199ba45ca6b97dff9\"},\"headline\":\"Em reportagem a Revista \u00c9poca diz que Rosemary e Paulo Vieira tentaram tumultuar julgamento do mensal\u00e3o\",\"datePublished\":\"2012-12-15T23:11:54+00:00\",\"mainEntityOfPage\":{\"@id\":\"https:\\\/\\\/blogdofarnesio.com.br\\\/?p=20444\"},\"wordCount\":255,\"commentCount\":0,\"publisher\":{\"@id\":\"https:\\\/\\\/blogdofarnesio.com.br\\\/#organization\"},\"image\":{\"@id\":\"https:\\\/\\\/blogdofarnesio.com.br\\\/?p=20444#primaryimage\"},\"thumbnailUrl\":\"http:\\\/\\\/bahianoticias.com.br\\\/fotos\\\/principal_noticias\\\/127927\\\/IMAGEM_NOTICIA_3.jpg\",\"articleSection\":[\"Pol\u00edtica\"],\"inLanguage\":\"pt-BR\",\"potentialAction\":[{\"@type\":\"CommentAction\",\"name\":\"Comment\",\"target\":[\"https:\\\/\\\/blogdofarnesio.com.br\\\/?p=20444#respond\"]}]},{\"@type\":\"WebPage\",\"@id\":\"https:\\\/\\\/blogdofarnesio.com.br\\\/?p=20444\",\"url\":\"https:\\\/\\\/blogdofarnesio.com.br\\\/?p=20444\",\"name\":\"Em reportagem a Revista \u00c9poca diz que Rosemary e Paulo Vieira tentaram tumultuar julgamento do mensal\u00e3o - Blog do Farn\u00e9sio\",\"isPartOf\":{\"@id\":\"https:\\\/\\\/blogdofarnesio.com.br\\\/#website\"},\"primaryImageOfPage\":{\"@id\":\"https:\\\/\\\/blogdofarnesio.com.br\\\/?p=20444#primaryimage\"},\"image\":{\"@id\":\"https:\\\/\\\/blogdofarnesio.com.br\\\/?p=20444#primaryimage\"},\"thumbnailUrl\":\"http:\\\/\\\/bahianoticias.com.br\\\/fotos\\\/principal_noticias\\\/127927\\\/IMAGEM_NOTICIA_3.jpg\",\"datePublished\":\"2012-12-15T23:11:54+00:00\",\"breadcrumb\":{\"@id\":\"https:\\\/\\\/blogdofarnesio.com.br\\\/?p=20444#breadcrumb\"},\"inLanguage\":\"pt-BR\",\"potentialAction\":[{\"@type\":\"ReadAction\",\"target\":[\"https:\\\/\\\/blogdofarnesio.com.br\\\/?p=20444\"]}]},{\"@type\":\"ImageObject\",\"inLanguage\":\"pt-BR\",\"@id\":\"https:\\\/\\\/blogdofarnesio.com.br\\\/?p=20444#primaryimage\",\"url\":\"http:\\\/\\\/bahianoticias.com.br\\\/fotos\\\/principal_noticias\\\/127927\\\/IMAGEM_NOTICIA_3.jpg\",\"contentUrl\":\"http:\\\/\\\/bahianoticias.com.br\\\/fotos\\\/principal_noticias\\\/127927\\\/IMAGEM_NOTICIA_3.jpg\"},{\"@type\":\"BreadcrumbList\",\"@id\":\"https:\\\/\\\/blogdofarnesio.com.br\\\/?p=20444#breadcrumb\",\"itemListElement\":[{\"@type\":\"ListItem\",\"position\":1,\"name\":\"In\u00edcio\",\"item\":\"https:\\\/\\\/blogdofarnesio.com.br\\\/\"},{\"@type\":\"ListItem\",\"position\":2,\"name\":\"Em reportagem a Revista \u00c9poca diz que Rosemary e Paulo Vieira tentaram tumultuar julgamento do mensal\u00e3o\"}]},{\"@type\":\"WebSite\",\"@id\":\"https:\\\/\\\/blogdofarnesio.com.br\\\/#website\",\"url\":\"https:\\\/\\\/blogdofarnesio.com.br\\\/\",\"name\":\"Blog do Farn\u00e9sio\",\"description\":\"Quer Saber Pol\u00edtica?\",\"publisher\":{\"@id\":\"https:\\\/\\\/blogdofarnesio.com.br\\\/#organization\"},\"potentialAction\":[{\"@type\":\"SearchAction\",\"target\":{\"@type\":\"EntryPoint\",\"urlTemplate\":\"https:\\\/\\\/blogdofarnesio.com.br\\\/?s={search_term_string}\"},\"query-input\":{\"@type\":\"PropertyValueSpecification\",\"valueRequired\":true,\"valueName\":\"search_term_string\"}}],\"inLanguage\":\"pt-BR\"},{\"@type\":\"Organization\",\"@id\":\"https:\\\/\\\/blogdofarnesio.com.br\\\/#organization\",\"name\":\"Blog do Farn\u00e9sio\",\"url\":\"https:\\\/\\\/blogdofarnesio.com.br\\\/\",\"logo\":{\"@type\":\"ImageObject\",\"inLanguage\":\"pt-BR\",\"@id\":\"https:\\\/\\\/blogdofarnesio.com.br\\\/#\\\/schema\\\/logo\\\/image\\\/\",\"url\":\"https:\\\/\\\/blogdofarnesio.com.br\\\/wp-content\\\/uploads\\\/2026\\\/03\\\/cropped-logo_new-1.png\",\"contentUrl\":\"https:\\\/\\\/blogdofarnesio.com.br\\\/wp-content\\\/uploads\\\/2026\\\/03\\\/cropped-logo_new-1.png\",\"width\":881,\"height\":685,\"caption\":\"Blog do Farn\u00e9sio\"},\"image\":{\"@id\":\"https:\\\/\\\/blogdofarnesio.com.br\\\/#\\\/schema\\\/logo\\\/image\\\/\"},\"sameAs\":[\"https:\\\/\\\/www.facebook.com\\\/BlogQuerSaberPolitica\\\/\"]},{\"@type\":\"Person\",\"@id\":\"https:\\\/\\\/blogdofarnesio.com.br\\\/#\\\/schema\\\/person\\\/dd1bf5eba40b687199ba45ca6b97dff9\",\"name\":\"teste\",\"image\":{\"@type\":\"ImageObject\",\"inLanguage\":\"pt-BR\",\"@id\":\"https:\\\/\\\/secure.gravatar.com\\\/avatar\\\/2172498d4914b51e1d89a0f97957b035ac4938723a5cac208135d389b6972a6d?s=96&d=mm&r=g\",\"url\":\"https:\\\/\\\/secure.gravatar.com\\\/avatar\\\/2172498d4914b51e1d89a0f97957b035ac4938723a5cac208135d389b6972a6d?s=96&d=mm&r=g\",\"contentUrl\":\"https:\\\/\\\/secure.gravatar.com\\\/avatar\\\/2172498d4914b51e1d89a0f97957b035ac4938723a5cac208135d389b6972a6d?s=96&d=mm&r=g\",\"caption\":\"teste\"},\"url\":\"https:\\\/\\\/blogdofarnesio.com.br\\\/?author=3\"}]}<\/script>\n<!-- \/ Yoast SEO plugin. -->","yoast_head_json":{"title":"Em reportagem a Revista \u00c9poca diz que Rosemary e Paulo Vieira tentaram tumultuar julgamento do mensal\u00e3o - Blog do Farn\u00e9sio","robots":{"index":"index","follow":"follow","max-snippet":"max-snippet:-1","max-image-preview":"max-image-preview:large","max-video-preview":"max-video-preview:-1"},"canonical":"https:\/\/blogdofarnesio.com.br\/?p=20444","og_locale":"pt_BR","og_type":"article","og_title":"Em reportagem a Revista \u00c9poca diz que Rosemary e Paulo Vieira tentaram tumultuar julgamento do mensal\u00e3o - Blog do Farn\u00e9sio","og_description":"Em um telefone de 11 minutos entre a ex-chefe do escrit\u00f3rio da Presid\u00eancia da Rep\u00fablica em S\u00e3o Paulo Rosemary Noronha e o ex-diretor da Ag\u00eancia Nacional de \u00c1guas (ANA) Paulo Vieira, esp\u00e9cie de operador jur\u00eddico da quadrilha dos pareceres descoberta pela PF na Opera\u00e7\u00e3o Porto Seguro, mostra que ambos pretendiam tumultuar o julgamento do mensal\u00e3o. A conversa foi interceptada pela Pol\u00edcia Federal (PF) \u00e0s 9h47 do dia 12 de novembro deste ano. Segundo reportagem da revista \u00c9poca, naquele dia, os ministros do Supremo Tribunal Federal (STF) definiriam as penas dos principais integrantes do n\u00facleo pol\u00edtico do mensal\u00e3o: os petistas Jos\u00e9 Dirceu, Jos\u00e9 Genoino e Del\u00fabio Soares. Na conversa, Vieira pede a Rosemary que consiga o apoio de Dirceu para as&hellip;","og_url":"https:\/\/blogdofarnesio.com.br\/?p=20444","og_site_name":"Blog do Farn\u00e9sio","article_publisher":"https:\/\/www.facebook.com\/BlogQuerSaberPolitica\/","article_published_time":"2012-12-15T23:11:54+00:00","og_image":[{"url":"http:\/\/bahianoticias.com.br\/fotos\/principal_noticias\/127927\/IMAGEM_NOTICIA_3.jpg","type":"","width":"","height":""}],"author":"teste","twitter_card":"summary_large_image","twitter_misc":{"Escrito por":"teste","Est. tempo de leitura":"1 minuto"},"schema":{"@context":"https:\/\/schema.org","@graph":[{"@type":"Article","@id":"https:\/\/blogdofarnesio.com.br\/?p=20444#article","isPartOf":{"@id":"https:\/\/blogdofarnesio.com.br\/?p=20444"},"author":{"name":"teste","@id":"https:\/\/blogdofarnesio.com.br\/#\/schema\/person\/dd1bf5eba40b687199ba45ca6b97dff9"},"headline":"Em reportagem a Revista \u00c9poca diz que Rosemary e Paulo Vieira tentaram tumultuar julgamento do mensal\u00e3o","datePublished":"2012-12-15T23:11:54+00:00","mainEntityOfPage":{"@id":"https:\/\/blogdofarnesio.com.br\/?p=20444"},"wordCount":255,"commentCount":0,"publisher":{"@id":"https:\/\/blogdofarnesio.com.br\/#organization"},"image":{"@id":"https:\/\/blogdofarnesio.com.br\/?p=20444#primaryimage"},"thumbnailUrl":"http:\/\/bahianoticias.com.br\/fotos\/principal_noticias\/127927\/IMAGEM_NOTICIA_3.jpg","articleSection":["Pol\u00edtica"],"inLanguage":"pt-BR","potentialAction":[{"@type":"CommentAction","name":"Comment","target":["https:\/\/blogdofarnesio.com.br\/?p=20444#respond"]}]},{"@type":"WebPage","@id":"https:\/\/blogdofarnesio.com.br\/?p=20444","url":"https:\/\/blogdofarnesio.com.br\/?p=20444","name":"Em reportagem a Revista \u00c9poca diz que Rosemary e Paulo Vieira tentaram tumultuar julgamento do mensal\u00e3o - Blog do Farn\u00e9sio","isPartOf":{"@id":"https:\/\/blogdofarnesio.com.br\/#website"},"primaryImageOfPage":{"@id":"https:\/\/blogdofarnesio.com.br\/?p=20444#primaryimage"},"image":{"@id":"https:\/\/blogdofarnesio.com.br\/?p=20444#primaryimage"},"thumbnailUrl":"http:\/\/bahianoticias.com.br\/fotos\/principal_noticias\/127927\/IMAGEM_NOTICIA_3.jpg","datePublished":"2012-12-15T23:11:54+00:00","breadcrumb":{"@id":"https:\/\/blogdofarnesio.com.br\/?p=20444#breadcrumb"},"inLanguage":"pt-BR","potentialAction":[{"@type":"ReadAction","target":["https:\/\/blogdofarnesio.com.br\/?p=20444"]}]},{"@type":"ImageObject","inLanguage":"pt-BR","@id":"https:\/\/blogdofarnesio.com.br\/?p=20444#primaryimage","url":"http:\/\/bahianoticias.com.br\/fotos\/principal_noticias\/127927\/IMAGEM_NOTICIA_3.jpg","contentUrl":"http:\/\/bahianoticias.com.br\/fotos\/principal_noticias\/127927\/IMAGEM_NOTICIA_3.jpg"},{"@type":"BreadcrumbList","@id":"https:\/\/blogdofarnesio.com.br\/?p=20444#breadcrumb","itemListElement":[{"@type":"ListItem","position":1,"name":"In\u00edcio","item":"https:\/\/blogdofarnesio.com.br\/"},{"@type":"ListItem","position":2,"name":"Em reportagem a Revista \u00c9poca diz que Rosemary e Paulo Vieira tentaram tumultuar julgamento do mensal\u00e3o"}]},{"@type":"WebSite","@id":"https:\/\/blogdofarnesio.com.br\/#website","url":"https:\/\/blogdofarnesio.com.br\/","name":"Blog do Farn\u00e9sio","description":"Quer Saber Pol\u00edtica?","publisher":{"@id":"https:\/\/blogdofarnesio.com.br\/#organization"},"potentialAction":[{"@type":"SearchAction","target":{"@type":"EntryPoint","urlTemplate":"https:\/\/blogdofarnesio.com.br\/?s={search_term_string}"},"query-input":{"@type":"PropertyValueSpecification","valueRequired":true,"valueName":"search_term_string"}}],"inLanguage":"pt-BR"},{"@type":"Organization","@id":"https:\/\/blogdofarnesio.com.br\/#organization","name":"Blog do Farn\u00e9sio","url":"https:\/\/blogdofarnesio.com.br\/","logo":{"@type":"ImageObject","inLanguage":"pt-BR","@id":"https:\/\/blogdofarnesio.com.br\/#\/schema\/logo\/image\/","url":"https:\/\/blogdofarnesio.com.br\/wp-content\/uploads\/2026\/03\/cropped-logo_new-1.png","contentUrl":"https:\/\/blogdofarnesio.com.br\/wp-content\/uploads\/2026\/03\/cropped-logo_new-1.png","width":881,"height":685,"caption":"Blog do Farn\u00e9sio"},"image":{"@id":"https:\/\/blogdofarnesio.com.br\/#\/schema\/logo\/image\/"},"sameAs":["https:\/\/www.facebook.com\/BlogQuerSaberPolitica\/"]},{"@type":"Person","@id":"https:\/\/blogdofarnesio.com.br\/#\/schema\/person\/dd1bf5eba40b687199ba45ca6b97dff9","name":"teste","image":{"@type":"ImageObject","inLanguage":"pt-BR","@id":"https:\/\/secure.gravatar.com\/avatar\/2172498d4914b51e1d89a0f97957b035ac4938723a5cac208135d389b6972a6d?s=96&d=mm&r=g","url":"https:\/\/secure.gravatar.com\/avatar\/2172498d4914b51e1d89a0f97957b035ac4938723a5cac208135d389b6972a6d?s=96&d=mm&r=g","contentUrl":"https:\/\/secure.gravatar.com\/avatar\/2172498d4914b51e1d89a0f97957b035ac4938723a5cac208135d389b6972a6d?s=96&d=mm&r=g","caption":"teste"},"url":"https:\/\/blogdofarnesio.com.br\/?author=3"}]}},"_links":{"self":[{"href":"https:\/\/blogdofarnesio.com.br\/index.php?rest_route=\/wp\/v2\/posts\/20444","targetHints":{"allow":["GET"]}}],"collection":[{"href":"https:\/\/blogdofarnesio.com.br\/index.php?rest_route=\/wp\/v2\/posts"}],"about":[{"href":"https:\/\/blogdofarnesio.com.br\/index.php?rest_route=\/wp\/v2\/types\/post"}],"author":[{"embeddable":true,"href":"https:\/\/blogdofarnesio.com.br\/index.php?rest_route=\/wp\/v2\/users\/3"}],"replies":[{"embeddable":true,"href":"https:\/\/blogdofarnesio.com.br\/index.php?rest_route=%2Fwp%2Fv2%2Fcomments&post=20444"}],"version-history":[{"count":0,"href":"https:\/\/blogdofarnesio.com.br\/index.php?rest_route=\/wp\/v2\/posts\/20444\/revisions"}],"wp:attachment":[{"href":"https:\/\/blogdofarnesio.com.br\/index.php?rest_route=%2Fwp%2Fv2%2Fmedia&parent=20444"}],"wp:term":[{"taxonomy":"category","embeddable":true,"href":"https:\/\/blogdofarnesio.com.br\/index.php?rest_route=%2Fwp%2Fv2%2Fcategories&post=20444"},{"taxonomy":"post_tag","embeddable":true,"href":"https:\/\/blogdofarnesio.com.br\/index.php?rest_route=%2Fwp%2Fv2%2Ftags&post=20444"}],"curies":[{"name":"wp","href":"https:\/\/api.w.org\/{rel}","templated":true}]}}