{"id":20432,"date":"2012-12-15T16:23:27","date_gmt":"2012-12-15T19:23:27","guid":{"rendered":"http:\/\/www.quersaberpolitica.com.br\/?p=20432"},"modified":"2012-12-15T17:14:23","modified_gmt":"2012-12-15T20:14:23","slug":"ednaldo-barros-e-perde-o-cargo-de-prefeito-e-fica-inelegivel-e-vai-pagar-multa-de-90-mil","status":"publish","type":"post","link":"https:\/\/blogdofarnesio.com.br\/?p=20432","title":{"rendered":"Sento S\u00e9:Ednaldo Barros perde o cargo de prefeito,fica ineleg\u00edvel e vai pagar multa de 95 mil"},"content":{"rendered":"<h2 style=\"text-align: justify\"><img loading=\"lazy\" decoding=\"async\" class=\"aligncenter\" style=\"text-align: center\" src=\"http:\/\/www.politicalivre.com.br\/wp-content\/thumbgen_cache\/091dcfceb74c7b6aeb80ef98b426f5e9.jpg\" alt=\"\" width=\"595\" height=\"320\" \/><\/h2>\n<p style=\"text-align: justify\">O prefeito Ednaldo Barros (PSDB), reeleito para administrar o munic\u00edpio de Sento S\u00e9, foi afastado do cargo por uma decis\u00e3o da Justi\u00e7a Federal. Al\u00e9m disso, perdeu os direitos pol\u00edticos durante cinco anos e foi multado em R$ 95 mil. Barros foi acusado de n\u00e3o realizar a perfura\u00e7\u00e3o em pelo menos 20 po\u00e7os artesianos, mesmo tendo firmado conv\u00eanio com a Companhia de Desenvolvimento dos Vales do S\u00e3o Francisco e do Parna\u00edba (Codevasf) e recebido R$ 237 mil para realizar a a\u00e7\u00e3o.<\/p>\n<p style=\"text-align: justify\">Em sua decis\u00e3o, o juiz federal em Juazeiro, Eduardo Gomes Cargueja sentencia que \u201cdado o valor do conv\u00eanio, se considerado que se trata de Munic\u00edpio pobre, e a finalidade de importante repercuss\u00e3o socioecon\u00f4mica, determino a perda da fun\u00e7\u00e3o p\u00fablica\u201d.<\/p>\n<p style=\"text-align: justify\">Ele aponta ainda que \u201ch\u00e1 raz\u00e3o suficiente para que se suspendam os direitos pol\u00edticos por cinco anos, metade da previs\u00e3o legal, por\u00e9m suficiente para que seja necess\u00e1ria uma nova aproxima\u00e7\u00e3o com o eleitorado\u201d. <strong>Com a decis\u00e3o, o vice-prefeito eleito Manoel da Paix\u00e3o Reis (PSDB) deve tomar posse em janeiro<\/strong>.<\/p>\n<p style=\"text-align: justify\">Fonte:Politicalivre<\/p>\n<p style=\"text-align: justify\">\n","protected":false},"excerpt":{"rendered":"<p>O prefeito Ednaldo Barros (PSDB), reeleito para administrar o munic\u00edpio de Sento S\u00e9, foi afastado do cargo por uma decis\u00e3o da Justi\u00e7a Federal. Al\u00e9m disso, perdeu os direitos pol\u00edticos durante cinco anos e foi multado em R$ 95 mil. Barros foi acusado de n\u00e3o realizar a perfura\u00e7\u00e3o em pelo menos 20 po\u00e7os artesianos, mesmo tendo firmado conv\u00eanio com a Companhia de Desenvolvimento dos Vales do S\u00e3o Francisco e do Parna\u00edba (Codevasf) e recebido R$ 237 mil para realizar a a\u00e7\u00e3o. Em sua decis\u00e3o, o juiz federal em Juazeiro, Eduardo Gomes Cargueja sentencia que \u201cdado o valor do conv\u00eanio, se considerado que se trata de Munic\u00edpio pobre, e a finalidade de importante repercuss\u00e3o socioecon\u00f4mica, determino a perda da fun\u00e7\u00e3o p\u00fablica\u201d. Ele&hellip; <\/p>\n","protected":false},"author":3,"featured_media":0,"comment_status":"open","ping_status":"open","sticky":false,"template":"","format":"standard","meta":{"_acf_changed":false,"footnotes":""},"categories":[1],"tags":[],"class_list":["post-20432","post","type-post","status-publish","format-standard","hentry","category-politica"],"acf":[],"yoast_head":"<!-- This site is optimized with the Yoast SEO plugin v27.4 - https:\/\/yoast.com\/product\/yoast-seo-wordpress\/ -->\n<title>Sento S\u00e9:Ednaldo Barros perde o cargo de prefeito,fica ineleg\u00edvel e vai pagar multa de 95 mil - Blog do Farn\u00e9sio<\/title>\n<meta name=\"robots\" content=\"index, follow, max-snippet:-1, max-image-preview:large, max-video-preview:-1\" \/>\n<link rel=\"canonical\" href=\"https:\/\/blogdofarnesio.com.br\/?p=20432\" \/>\n<meta property=\"og:locale\" content=\"pt_BR\" \/>\n<meta property=\"og:type\" content=\"article\" \/>\n<meta property=\"og:title\" content=\"Sento S\u00e9:Ednaldo Barros perde o cargo de prefeito,fica ineleg\u00edvel e vai pagar multa de 95 mil - Blog do Farn\u00e9sio\" \/>\n<meta property=\"og:description\" content=\"O prefeito Ednaldo Barros (PSDB), reeleito para administrar o munic\u00edpio de Sento S\u00e9, foi afastado do cargo por uma decis\u00e3o da Justi\u00e7a Federal. Al\u00e9m disso, perdeu os direitos pol\u00edticos durante cinco anos e foi multado em R$ 95 mil. Barros foi acusado de n\u00e3o realizar a perfura\u00e7\u00e3o em pelo menos 20 po\u00e7os artesianos, mesmo tendo firmado conv\u00eanio com a Companhia de Desenvolvimento dos Vales do S\u00e3o Francisco e do Parna\u00edba (Codevasf) e recebido R$ 237 mil para realizar a a\u00e7\u00e3o. Em sua decis\u00e3o, o juiz federal em Juazeiro, Eduardo Gomes Cargueja sentencia que \u201cdado o valor do conv\u00eanio, se considerado que se trata de Munic\u00edpio pobre, e a finalidade de importante repercuss\u00e3o socioecon\u00f4mica, determino a perda da fun\u00e7\u00e3o p\u00fablica\u201d. Ele&hellip;\" \/>\n<meta property=\"og:url\" content=\"https:\/\/blogdofarnesio.com.br\/?p=20432\" \/>\n<meta property=\"og:site_name\" content=\"Blog do Farn\u00e9sio\" \/>\n<meta property=\"article:publisher\" content=\"https:\/\/www.facebook.com\/BlogQuerSaberPolitica\/\" \/>\n<meta property=\"article:published_time\" content=\"2012-12-15T19:23:27+00:00\" \/>\n<meta property=\"article:modified_time\" content=\"2012-12-15T20:14:23+00:00\" \/>\n<meta property=\"og:image\" content=\"http:\/\/www.politicalivre.com.br\/wp-content\/thumbgen_cache\/091dcfceb74c7b6aeb80ef98b426f5e9.jpg\" \/>\n<meta name=\"author\" content=\"teste\" \/>\n<meta name=\"twitter:card\" content=\"summary_large_image\" \/>\n<meta name=\"twitter:label1\" content=\"Escrito por\" \/>\n\t<meta name=\"twitter:data1\" content=\"teste\" \/>\n\t<meta name=\"twitter:label2\" content=\"Est. tempo de leitura\" \/>\n\t<meta name=\"twitter:data2\" content=\"1 minuto\" \/>\n<script type=\"application\/ld+json\" class=\"yoast-schema-graph\">{\"@context\":\"https:\\\/\\\/schema.org\",\"@graph\":[{\"@type\":\"Article\",\"@id\":\"https:\\\/\\\/blogdofarnesio.com.br\\\/?p=20432#article\",\"isPartOf\":{\"@id\":\"https:\\\/\\\/blogdofarnesio.com.br\\\/?p=20432\"},\"author\":{\"name\":\"teste\",\"@id\":\"https:\\\/\\\/blogdofarnesio.com.br\\\/#\\\/schema\\\/person\\\/dd1bf5eba40b687199ba45ca6b97dff9\"},\"headline\":\"Sento S\u00e9:Ednaldo Barros perde o cargo de prefeito,fica ineleg\u00edvel e vai pagar multa de 95 mil\",\"datePublished\":\"2012-12-15T19:23:27+00:00\",\"dateModified\":\"2012-12-15T20:14:23+00:00\",\"mainEntityOfPage\":{\"@id\":\"https:\\\/\\\/blogdofarnesio.com.br\\\/?p=20432\"},\"wordCount\":212,\"commentCount\":0,\"publisher\":{\"@id\":\"https:\\\/\\\/blogdofarnesio.com.br\\\/#organization\"},\"image\":{\"@id\":\"https:\\\/\\\/blogdofarnesio.com.br\\\/?p=20432#primaryimage\"},\"thumbnailUrl\":\"http:\\\/\\\/www.politicalivre.com.br\\\/wp-content\\\/thumbgen_cache\\\/091dcfceb74c7b6aeb80ef98b426f5e9.jpg\",\"articleSection\":[\"Pol\u00edtica\"],\"inLanguage\":\"pt-BR\",\"potentialAction\":[{\"@type\":\"CommentAction\",\"name\":\"Comment\",\"target\":[\"https:\\\/\\\/blogdofarnesio.com.br\\\/?p=20432#respond\"]}]},{\"@type\":\"WebPage\",\"@id\":\"https:\\\/\\\/blogdofarnesio.com.br\\\/?p=20432\",\"url\":\"https:\\\/\\\/blogdofarnesio.com.br\\\/?p=20432\",\"name\":\"Sento S\u00e9:Ednaldo Barros perde o cargo de prefeito,fica ineleg\u00edvel e vai pagar multa de 95 mil - Blog do Farn\u00e9sio\",\"isPartOf\":{\"@id\":\"https:\\\/\\\/blogdofarnesio.com.br\\\/#website\"},\"primaryImageOfPage\":{\"@id\":\"https:\\\/\\\/blogdofarnesio.com.br\\\/?p=20432#primaryimage\"},\"image\":{\"@id\":\"https:\\\/\\\/blogdofarnesio.com.br\\\/?p=20432#primaryimage\"},\"thumbnailUrl\":\"http:\\\/\\\/www.politicalivre.com.br\\\/wp-content\\\/thumbgen_cache\\\/091dcfceb74c7b6aeb80ef98b426f5e9.jpg\",\"datePublished\":\"2012-12-15T19:23:27+00:00\",\"dateModified\":\"2012-12-15T20:14:23+00:00\",\"breadcrumb\":{\"@id\":\"https:\\\/\\\/blogdofarnesio.com.br\\\/?p=20432#breadcrumb\"},\"inLanguage\":\"pt-BR\",\"potentialAction\":[{\"@type\":\"ReadAction\",\"target\":[\"https:\\\/\\\/blogdofarnesio.com.br\\\/?p=20432\"]}]},{\"@type\":\"ImageObject\",\"inLanguage\":\"pt-BR\",\"@id\":\"https:\\\/\\\/blogdofarnesio.com.br\\\/?p=20432#primaryimage\",\"url\":\"http:\\\/\\\/www.politicalivre.com.br\\\/wp-content\\\/thumbgen_cache\\\/091dcfceb74c7b6aeb80ef98b426f5e9.jpg\",\"contentUrl\":\"http:\\\/\\\/www.politicalivre.com.br\\\/wp-content\\\/thumbgen_cache\\\/091dcfceb74c7b6aeb80ef98b426f5e9.jpg\"},{\"@type\":\"BreadcrumbList\",\"@id\":\"https:\\\/\\\/blogdofarnesio.com.br\\\/?p=20432#breadcrumb\",\"itemListElement\":[{\"@type\":\"ListItem\",\"position\":1,\"name\":\"In\u00edcio\",\"item\":\"https:\\\/\\\/blogdofarnesio.com.br\\\/\"},{\"@type\":\"ListItem\",\"position\":2,\"name\":\"Sento S\u00e9:Ednaldo Barros perde o cargo de prefeito,fica ineleg\u00edvel e vai pagar multa de 95 mil\"}]},{\"@type\":\"WebSite\",\"@id\":\"https:\\\/\\\/blogdofarnesio.com.br\\\/#website\",\"url\":\"https:\\\/\\\/blogdofarnesio.com.br\\\/\",\"name\":\"Blog do Farn\u00e9sio\",\"description\":\"Quer Saber Pol\u00edtica?\",\"publisher\":{\"@id\":\"https:\\\/\\\/blogdofarnesio.com.br\\\/#organization\"},\"potentialAction\":[{\"@type\":\"SearchAction\",\"target\":{\"@type\":\"EntryPoint\",\"urlTemplate\":\"https:\\\/\\\/blogdofarnesio.com.br\\\/?s={search_term_string}\"},\"query-input\":{\"@type\":\"PropertyValueSpecification\",\"valueRequired\":true,\"valueName\":\"search_term_string\"}}],\"inLanguage\":\"pt-BR\"},{\"@type\":\"Organization\",\"@id\":\"https:\\\/\\\/blogdofarnesio.com.br\\\/#organization\",\"name\":\"Blog do Farn\u00e9sio\",\"url\":\"https:\\\/\\\/blogdofarnesio.com.br\\\/\",\"logo\":{\"@type\":\"ImageObject\",\"inLanguage\":\"pt-BR\",\"@id\":\"https:\\\/\\\/blogdofarnesio.com.br\\\/#\\\/schema\\\/logo\\\/image\\\/\",\"url\":\"https:\\\/\\\/blogdofarnesio.com.br\\\/wp-content\\\/uploads\\\/2026\\\/03\\\/cropped-logo_new-1.png\",\"contentUrl\":\"https:\\\/\\\/blogdofarnesio.com.br\\\/wp-content\\\/uploads\\\/2026\\\/03\\\/cropped-logo_new-1.png\",\"width\":881,\"height\":685,\"caption\":\"Blog do Farn\u00e9sio\"},\"image\":{\"@id\":\"https:\\\/\\\/blogdofarnesio.com.br\\\/#\\\/schema\\\/logo\\\/image\\\/\"},\"sameAs\":[\"https:\\\/\\\/www.facebook.com\\\/BlogQuerSaberPolitica\\\/\"]},{\"@type\":\"Person\",\"@id\":\"https:\\\/\\\/blogdofarnesio.com.br\\\/#\\\/schema\\\/person\\\/dd1bf5eba40b687199ba45ca6b97dff9\",\"name\":\"teste\",\"image\":{\"@type\":\"ImageObject\",\"inLanguage\":\"pt-BR\",\"@id\":\"https:\\\/\\\/secure.gravatar.com\\\/avatar\\\/2172498d4914b51e1d89a0f97957b035ac4938723a5cac208135d389b6972a6d?s=96&d=mm&r=g\",\"url\":\"https:\\\/\\\/secure.gravatar.com\\\/avatar\\\/2172498d4914b51e1d89a0f97957b035ac4938723a5cac208135d389b6972a6d?s=96&d=mm&r=g\",\"contentUrl\":\"https:\\\/\\\/secure.gravatar.com\\\/avatar\\\/2172498d4914b51e1d89a0f97957b035ac4938723a5cac208135d389b6972a6d?s=96&d=mm&r=g\",\"caption\":\"teste\"},\"url\":\"https:\\\/\\\/blogdofarnesio.com.br\\\/?author=3\"}]}<\/script>\n<!-- \/ Yoast SEO plugin. -->","yoast_head_json":{"title":"Sento S\u00e9:Ednaldo Barros perde o cargo de prefeito,fica ineleg\u00edvel e vai pagar multa de 95 mil - Blog do Farn\u00e9sio","robots":{"index":"index","follow":"follow","max-snippet":"max-snippet:-1","max-image-preview":"max-image-preview:large","max-video-preview":"max-video-preview:-1"},"canonical":"https:\/\/blogdofarnesio.com.br\/?p=20432","og_locale":"pt_BR","og_type":"article","og_title":"Sento S\u00e9:Ednaldo Barros perde o cargo de prefeito,fica ineleg\u00edvel e vai pagar multa de 95 mil - Blog do Farn\u00e9sio","og_description":"O prefeito Ednaldo Barros (PSDB), reeleito para administrar o munic\u00edpio de Sento S\u00e9, foi afastado do cargo por uma decis\u00e3o da Justi\u00e7a Federal. Al\u00e9m disso, perdeu os direitos pol\u00edticos durante cinco anos e foi multado em R$ 95 mil. Barros foi acusado de n\u00e3o realizar a perfura\u00e7\u00e3o em pelo menos 20 po\u00e7os artesianos, mesmo tendo firmado conv\u00eanio com a Companhia de Desenvolvimento dos Vales do S\u00e3o Francisco e do Parna\u00edba (Codevasf) e recebido R$ 237 mil para realizar a a\u00e7\u00e3o. Em sua decis\u00e3o, o juiz federal em Juazeiro, Eduardo Gomes Cargueja sentencia que \u201cdado o valor do conv\u00eanio, se considerado que se trata de Munic\u00edpio pobre, e a finalidade de importante repercuss\u00e3o socioecon\u00f4mica, determino a perda da fun\u00e7\u00e3o p\u00fablica\u201d. Ele&hellip;","og_url":"https:\/\/blogdofarnesio.com.br\/?p=20432","og_site_name":"Blog do Farn\u00e9sio","article_publisher":"https:\/\/www.facebook.com\/BlogQuerSaberPolitica\/","article_published_time":"2012-12-15T19:23:27+00:00","article_modified_time":"2012-12-15T20:14:23+00:00","og_image":[{"url":"http:\/\/www.politicalivre.com.br\/wp-content\/thumbgen_cache\/091dcfceb74c7b6aeb80ef98b426f5e9.jpg","type":"","width":"","height":""}],"author":"teste","twitter_card":"summary_large_image","twitter_misc":{"Escrito por":"teste","Est. tempo de leitura":"1 minuto"},"schema":{"@context":"https:\/\/schema.org","@graph":[{"@type":"Article","@id":"https:\/\/blogdofarnesio.com.br\/?p=20432#article","isPartOf":{"@id":"https:\/\/blogdofarnesio.com.br\/?p=20432"},"author":{"name":"teste","@id":"https:\/\/blogdofarnesio.com.br\/#\/schema\/person\/dd1bf5eba40b687199ba45ca6b97dff9"},"headline":"Sento S\u00e9:Ednaldo Barros perde o cargo de prefeito,fica ineleg\u00edvel e vai pagar multa de 95 mil","datePublished":"2012-12-15T19:23:27+00:00","dateModified":"2012-12-15T20:14:23+00:00","mainEntityOfPage":{"@id":"https:\/\/blogdofarnesio.com.br\/?p=20432"},"wordCount":212,"commentCount":0,"publisher":{"@id":"https:\/\/blogdofarnesio.com.br\/#organization"},"image":{"@id":"https:\/\/blogdofarnesio.com.br\/?p=20432#primaryimage"},"thumbnailUrl":"http:\/\/www.politicalivre.com.br\/wp-content\/thumbgen_cache\/091dcfceb74c7b6aeb80ef98b426f5e9.jpg","articleSection":["Pol\u00edtica"],"inLanguage":"pt-BR","potentialAction":[{"@type":"CommentAction","name":"Comment","target":["https:\/\/blogdofarnesio.com.br\/?p=20432#respond"]}]},{"@type":"WebPage","@id":"https:\/\/blogdofarnesio.com.br\/?p=20432","url":"https:\/\/blogdofarnesio.com.br\/?p=20432","name":"Sento S\u00e9:Ednaldo Barros perde o cargo de prefeito,fica ineleg\u00edvel e vai pagar multa de 95 mil - Blog do Farn\u00e9sio","isPartOf":{"@id":"https:\/\/blogdofarnesio.com.br\/#website"},"primaryImageOfPage":{"@id":"https:\/\/blogdofarnesio.com.br\/?p=20432#primaryimage"},"image":{"@id":"https:\/\/blogdofarnesio.com.br\/?p=20432#primaryimage"},"thumbnailUrl":"http:\/\/www.politicalivre.com.br\/wp-content\/thumbgen_cache\/091dcfceb74c7b6aeb80ef98b426f5e9.jpg","datePublished":"2012-12-15T19:23:27+00:00","dateModified":"2012-12-15T20:14:23+00:00","breadcrumb":{"@id":"https:\/\/blogdofarnesio.com.br\/?p=20432#breadcrumb"},"inLanguage":"pt-BR","potentialAction":[{"@type":"ReadAction","target":["https:\/\/blogdofarnesio.com.br\/?p=20432"]}]},{"@type":"ImageObject","inLanguage":"pt-BR","@id":"https:\/\/blogdofarnesio.com.br\/?p=20432#primaryimage","url":"http:\/\/www.politicalivre.com.br\/wp-content\/thumbgen_cache\/091dcfceb74c7b6aeb80ef98b426f5e9.jpg","contentUrl":"http:\/\/www.politicalivre.com.br\/wp-content\/thumbgen_cache\/091dcfceb74c7b6aeb80ef98b426f5e9.jpg"},{"@type":"BreadcrumbList","@id":"https:\/\/blogdofarnesio.com.br\/?p=20432#breadcrumb","itemListElement":[{"@type":"ListItem","position":1,"name":"In\u00edcio","item":"https:\/\/blogdofarnesio.com.br\/"},{"@type":"ListItem","position":2,"name":"Sento S\u00e9:Ednaldo Barros perde o cargo de prefeito,fica ineleg\u00edvel e vai pagar multa de 95 mil"}]},{"@type":"WebSite","@id":"https:\/\/blogdofarnesio.com.br\/#website","url":"https:\/\/blogdofarnesio.com.br\/","name":"Blog do Farn\u00e9sio","description":"Quer Saber Pol\u00edtica?","publisher":{"@id":"https:\/\/blogdofarnesio.com.br\/#organization"},"potentialAction":[{"@type":"SearchAction","target":{"@type":"EntryPoint","urlTemplate":"https:\/\/blogdofarnesio.com.br\/?s={search_term_string}"},"query-input":{"@type":"PropertyValueSpecification","valueRequired":true,"valueName":"search_term_string"}}],"inLanguage":"pt-BR"},{"@type":"Organization","@id":"https:\/\/blogdofarnesio.com.br\/#organization","name":"Blog do Farn\u00e9sio","url":"https:\/\/blogdofarnesio.com.br\/","logo":{"@type":"ImageObject","inLanguage":"pt-BR","@id":"https:\/\/blogdofarnesio.com.br\/#\/schema\/logo\/image\/","url":"https:\/\/blogdofarnesio.com.br\/wp-content\/uploads\/2026\/03\/cropped-logo_new-1.png","contentUrl":"https:\/\/blogdofarnesio.com.br\/wp-content\/uploads\/2026\/03\/cropped-logo_new-1.png","width":881,"height":685,"caption":"Blog do Farn\u00e9sio"},"image":{"@id":"https:\/\/blogdofarnesio.com.br\/#\/schema\/logo\/image\/"},"sameAs":["https:\/\/www.facebook.com\/BlogQuerSaberPolitica\/"]},{"@type":"Person","@id":"https:\/\/blogdofarnesio.com.br\/#\/schema\/person\/dd1bf5eba40b687199ba45ca6b97dff9","name":"teste","image":{"@type":"ImageObject","inLanguage":"pt-BR","@id":"https:\/\/secure.gravatar.com\/avatar\/2172498d4914b51e1d89a0f97957b035ac4938723a5cac208135d389b6972a6d?s=96&d=mm&r=g","url":"https:\/\/secure.gravatar.com\/avatar\/2172498d4914b51e1d89a0f97957b035ac4938723a5cac208135d389b6972a6d?s=96&d=mm&r=g","contentUrl":"https:\/\/secure.gravatar.com\/avatar\/2172498d4914b51e1d89a0f97957b035ac4938723a5cac208135d389b6972a6d?s=96&d=mm&r=g","caption":"teste"},"url":"https:\/\/blogdofarnesio.com.br\/?author=3"}]}},"_links":{"self":[{"href":"https:\/\/blogdofarnesio.com.br\/index.php?rest_route=\/wp\/v2\/posts\/20432","targetHints":{"allow":["GET"]}}],"collection":[{"href":"https:\/\/blogdofarnesio.com.br\/index.php?rest_route=\/wp\/v2\/posts"}],"about":[{"href":"https:\/\/blogdofarnesio.com.br\/index.php?rest_route=\/wp\/v2\/types\/post"}],"author":[{"embeddable":true,"href":"https:\/\/blogdofarnesio.com.br\/index.php?rest_route=\/wp\/v2\/users\/3"}],"replies":[{"embeddable":true,"href":"https:\/\/blogdofarnesio.com.br\/index.php?rest_route=%2Fwp%2Fv2%2Fcomments&post=20432"}],"version-history":[{"count":0,"href":"https:\/\/blogdofarnesio.com.br\/index.php?rest_route=\/wp\/v2\/posts\/20432\/revisions"}],"wp:attachment":[{"href":"https:\/\/blogdofarnesio.com.br\/index.php?rest_route=%2Fwp%2Fv2%2Fmedia&parent=20432"}],"wp:term":[{"taxonomy":"category","embeddable":true,"href":"https:\/\/blogdofarnesio.com.br\/index.php?rest_route=%2Fwp%2Fv2%2Fcategories&post=20432"},{"taxonomy":"post_tag","embeddable":true,"href":"https:\/\/blogdofarnesio.com.br\/index.php?rest_route=%2Fwp%2Fv2%2Ftags&post=20432"}],"curies":[{"name":"wp","href":"https:\/\/api.w.org\/{rel}","templated":true}]}}