{"id":203631,"date":"2018-07-18T17:03:01","date_gmt":"2018-07-18T20:03:01","guid":{"rendered":"http:\/\/quersaberpolitica.com.br\/2016\/?p=203631"},"modified":"2018-07-18T15:50:29","modified_gmt":"2018-07-18T18:50:29","slug":"ciro-gomes-xinga-promotor-que-aceitou-processo-contra-ele-por-injuria-racial","status":"publish","type":"post","link":"https:\/\/blogdofarnesio.com.br\/?p=203631","title":{"rendered":"CIRO GOMES XINGA PROMOTOR QUE ACEITOU PROCESSO CONTRA ELE POR INJ\u00daRIA RACIAL"},"content":{"rendered":"<header>\n<div class=\"resume\">\n<p><a class=\"author url fn\" title=\"Posts de Lauriberto Brasil\" href=\"https:\/\/www.poder360.com.br\/author\/lauriberto-brasil\/\" rel=\"author\">LAURIBERTO BRASIL<\/a><\/p>\n<\/div>\n<p class=\"author\">\n<\/header>\n<div class=\"content wp js-mediator-article\" data-ga-ano=\"2018\" data-ga-categoria=\"Elei\u00e7\u00f5es\" data-ga-autor=\"Lauriberto Brasil\">\n<p>O pr\u00e9-candidato a presidente pelo PDT, Ciro Gomes, criticou nesta 3\u00aa feira (17.jul.2018) o MP-SP (Minist\u00e9rio P\u00fablico Estadual de S\u00e3o Paulo) por solicitar abertura de inqu\u00e9rito policial contra ele.<\/p>\n<p><em>\u201c1 promotor aqui de S\u00e3o Paulo resolve me processar por inj\u00faria racial. E pronto, 1 filho da puta desse faz isso. Ele que cuide de gastar o restinho das atribui\u00e7\u00f5es dele, porque se eu for presidente essa mamata vai acabar\u201d,\u00a0<\/em>afirmou Ciro.<\/p>\n<p>A declara\u00e7\u00e3o foi dada em S\u00e3o Paulo (SP) durante sabatina feita pela Abimaq (Associa\u00e7\u00e3o Brasileira de M\u00e1quinas e Equipamentos).<\/p>\n<p>O coment\u00e1rio sobre o promotor come\u00e7a aos<em>\u00a059 min.\u00a0<\/em>Assista:<\/p>\n<div class=\"video-container\"><iframe loading=\"lazy\" src=\"https:\/\/www.facebook.com\/plugins\/video.php?href=https%3A%2F%2Fwww.facebook.com%2FABIMAQoficial%2Fvideos%2F1536176409819749%2F&amp;show_text=0&amp;width=560\" width=\"560\" height=\"315\" frameborder=\"0\" scrolling=\"no\" allowfullscreen=\"allowfullscreen\" data-mce-fragment=\"1\"><\/iframe><\/div>\n<p>O MP-SP pediu abertura de inqu\u00e9rito do processo contra Ciro movido pelo vereador e l\u00edder do MBL (Movimento Brasil Livre) Fernando Holiday (DEM). O pedetista \u00e9 acusado de inj\u00faria racial.<\/p>\n<p>Em entrevista dada em abril \u00e0 r\u00e1dio Jovem Pan,\u00a0<a href=\"https:\/\/www.poder360.com.br\/eleicoes\/ciro-chama-membro-do-mbl-de-capitaozinho-do-mato\/\" target=\"_blank\" rel=\"noopener\">o pedetista chamou Holiday de\u00a0<em>\u201ccapit\u00e3ozinho do mato\u201d<\/em><\/a>. Na ocasi\u00e3o o pedetista falava sobre a possibilidade de alian\u00e7a com o DEM.<\/p>\n<p>Mesmo ap\u00f3s a pol\u00eamica, Ciro disse que o partido est\u00e1\u00a0<em>\u201ca caminho de apoiar se tudo der certo\u201d.\u00a0<\/em>O pedetista afirmou que tem conversado com presidente da C\u00e2mara dos Deputados, Rodrigo Maia (DEM), e que \u00e9 amigo de seu pai, o ex-prefeito do Rio de Janeiro Cesar Maia (DEM).<\/p>\n<p>O Minist\u00e9rio P\u00fablico de S\u00e3o Paulo divulgou nota sobre o caso. Leia:<\/p>\n<p><em>O MPSP vem a p\u00fablico esclarecer que a atua\u00e7\u00e3o da promotora de Justi\u00e7a que requisitou inqu\u00e9rito policial sobre eventual pr\u00e1tica de inj\u00faria racial por parte do senhor Ciro Ferreira Gomes d\u00e1-se estritamente dentro dos marcos estabelecidos pela legisla\u00e7\u00e3o e pela Constitui\u00e7\u00e3o, que garante a inviolabilidade das prerrogativas dos membros do Minist\u00e9rio P\u00fablico, cuja atua\u00e7\u00e3o ocorre sempre em nome da sociedade.<\/em><\/p>\n<p><em>Sendo assim, cabe ressaltar que os termos com os quais o investigado referiu-se \u00e0 promotora s\u00e3o completamente inapropriados. Compete ao conjunto dos promotores de Justi\u00e7a, nos termos do artigo 127 da Carta Magna, defender a ordem jur\u00eddica e o regime democr\u00e1tico. E esse trabalho continuar\u00e1 sendo feito com a mais absoluta serenidade, levando-se em conta rigorosos par\u00e2metros de profissionalismo, t\u00e9cnica e impessoalidade.<\/em><\/p>\n<\/div>\n","protected":false},"excerpt":{"rendered":"<p>LAURIBERTO BRASIL O pr\u00e9-candidato a presidente pelo PDT, Ciro Gomes, criticou nesta 3\u00aa feira (17.jul.2018) o MP-SP (Minist\u00e9rio P\u00fablico Estadual de S\u00e3o Paulo) por solicitar abertura de inqu\u00e9rito policial contra ele. \u201c1 promotor aqui de S\u00e3o Paulo resolve me processar por inj\u00faria racial. E pronto, 1 filho da puta desse faz isso. Ele que cuide de gastar o restinho das atribui\u00e7\u00f5es dele, porque se eu for presidente essa mamata vai acabar\u201d,\u00a0afirmou Ciro. A declara\u00e7\u00e3o foi dada em S\u00e3o Paulo (SP) durante sabatina feita pela Abimaq (Associa\u00e7\u00e3o Brasileira de M\u00e1quinas e Equipamentos). O coment\u00e1rio sobre o promotor come\u00e7a aos\u00a059 min.\u00a0Assista: O MP-SP pediu abertura de inqu\u00e9rito do processo contra Ciro movido pelo vereador e l\u00edder do MBL (Movimento Brasil Livre) Fernando&hellip; <\/p>\n","protected":false},"author":1,"featured_media":203632,"comment_status":"closed","ping_status":"closed","sticky":false,"template":"","format":"standard","meta":{"_acf_changed":false,"footnotes":""},"categories":[1],"tags":[],"class_list":["post-203631","post","type-post","status-publish","format-standard","has-post-thumbnail","hentry","category-politica"],"acf":[],"yoast_head":"<!-- This site is optimized with the Yoast SEO plugin v27.4 - https:\/\/yoast.com\/product\/yoast-seo-wordpress\/ -->\n<title>CIRO GOMES XINGA PROMOTOR QUE ACEITOU PROCESSO CONTRA ELE POR INJ\u00daRIA RACIAL - Blog do Farn\u00e9sio<\/title>\n<meta name=\"robots\" content=\"index, follow, max-snippet:-1, max-image-preview:large, max-video-preview:-1\" \/>\n<link rel=\"canonical\" href=\"https:\/\/blogdofarnesio.com.br\/?p=203631\" \/>\n<meta property=\"og:locale\" content=\"pt_BR\" \/>\n<meta property=\"og:type\" content=\"article\" \/>\n<meta property=\"og:title\" content=\"CIRO GOMES XINGA PROMOTOR QUE ACEITOU PROCESSO CONTRA ELE POR INJ\u00daRIA RACIAL - Blog do Farn\u00e9sio\" \/>\n<meta property=\"og:description\" content=\"LAURIBERTO BRASIL O pr\u00e9-candidato a presidente pelo PDT, Ciro Gomes, criticou nesta 3\u00aa feira (17.jul.2018) o MP-SP (Minist\u00e9rio P\u00fablico Estadual de S\u00e3o Paulo) por solicitar abertura de inqu\u00e9rito policial contra ele. \u201c1 promotor aqui de S\u00e3o Paulo resolve me processar por inj\u00faria racial. E pronto, 1 filho da puta desse faz isso. Ele que cuide de gastar o restinho das atribui\u00e7\u00f5es dele, porque se eu for presidente essa mamata vai acabar\u201d,\u00a0afirmou Ciro. A declara\u00e7\u00e3o foi dada em S\u00e3o Paulo (SP) durante sabatina feita pela Abimaq (Associa\u00e7\u00e3o Brasileira de M\u00e1quinas e Equipamentos). O coment\u00e1rio sobre o promotor come\u00e7a aos\u00a059 min.\u00a0Assista: O MP-SP pediu abertura de inqu\u00e9rito do processo contra Ciro movido pelo vereador e l\u00edder do MBL (Movimento Brasil Livre) Fernando&hellip;\" \/>\n<meta property=\"og:url\" content=\"https:\/\/blogdofarnesio.com.br\/?p=203631\" \/>\n<meta property=\"og:site_name\" content=\"Blog do Farn\u00e9sio\" \/>\n<meta property=\"article:publisher\" content=\"https:\/\/www.facebook.com\/BlogQuerSaberPolitica\/\" \/>\n<meta property=\"article:published_time\" content=\"2018-07-18T20:03:01+00:00\" \/>\n<meta property=\"og:image\" content=\"https:\/\/blogdofarnesio.com.br\/wp-content\/uploads\/2018\/07\/blogqspCiro-Gomes-\u00e9-acusado-de-inj\u00faria-racial.S\u00e9rgio-Lima-Poder360-e1531939786728.jpg\" \/>\n\t<meta property=\"og:image:width\" content=\"668\" \/>\n\t<meta property=\"og:image:height\" content=\"496\" \/>\n\t<meta property=\"og:image:type\" content=\"image\/jpeg\" \/>\n<meta name=\"author\" content=\"Farn\u00e9sio\" \/>\n<meta name=\"twitter:card\" content=\"summary_large_image\" \/>\n<meta name=\"twitter:label1\" content=\"Escrito por\" \/>\n\t<meta name=\"twitter:data1\" content=\"Farn\u00e9sio\" \/>\n\t<meta name=\"twitter:label2\" content=\"Est. tempo de leitura\" \/>\n\t<meta name=\"twitter:data2\" content=\"2 minutos\" \/>\n<script type=\"application\/ld+json\" class=\"yoast-schema-graph\">{\"@context\":\"https:\\\/\\\/schema.org\",\"@graph\":[{\"@type\":\"Article\",\"@id\":\"https:\\\/\\\/blogdofarnesio.com.br\\\/?p=203631#article\",\"isPartOf\":{\"@id\":\"https:\\\/\\\/blogdofarnesio.com.br\\\/?p=203631\"},\"author\":{\"name\":\"Farn\u00e9sio\",\"@id\":\"https:\\\/\\\/blogdofarnesio.com.br\\\/#\\\/schema\\\/person\\\/301c4acf522bccbfdb45af95b5b906a1\"},\"headline\":\"CIRO GOMES XINGA PROMOTOR QUE ACEITOU PROCESSO CONTRA ELE POR INJ\u00daRIA RACIAL\",\"datePublished\":\"2018-07-18T20:03:01+00:00\",\"mainEntityOfPage\":{\"@id\":\"https:\\\/\\\/blogdofarnesio.com.br\\\/?p=203631\"},\"wordCount\":394,\"publisher\":{\"@id\":\"https:\\\/\\\/blogdofarnesio.com.br\\\/#organization\"},\"image\":{\"@id\":\"https:\\\/\\\/blogdofarnesio.com.br\\\/?p=203631#primaryimage\"},\"thumbnailUrl\":\"https:\\\/\\\/blogdofarnesio.com.br\\\/wp-content\\\/uploads\\\/2018\\\/07\\\/blogqspCiro-Gomes-\u00e9-acusado-de-inj\u00faria-racial.S\u00e9rgio-Lima-Poder360-e1531939786728.jpg\",\"articleSection\":[\"Pol\u00edtica\"],\"inLanguage\":\"pt-BR\"},{\"@type\":\"WebPage\",\"@id\":\"https:\\\/\\\/blogdofarnesio.com.br\\\/?p=203631\",\"url\":\"https:\\\/\\\/blogdofarnesio.com.br\\\/?p=203631\",\"name\":\"CIRO GOMES XINGA PROMOTOR QUE ACEITOU PROCESSO CONTRA ELE POR INJ\u00daRIA RACIAL - Blog do Farn\u00e9sio\",\"isPartOf\":{\"@id\":\"https:\\\/\\\/blogdofarnesio.com.br\\\/#website\"},\"primaryImageOfPage\":{\"@id\":\"https:\\\/\\\/blogdofarnesio.com.br\\\/?p=203631#primaryimage\"},\"image\":{\"@id\":\"https:\\\/\\\/blogdofarnesio.com.br\\\/?p=203631#primaryimage\"},\"thumbnailUrl\":\"https:\\\/\\\/blogdofarnesio.com.br\\\/wp-content\\\/uploads\\\/2018\\\/07\\\/blogqspCiro-Gomes-\u00e9-acusado-de-inj\u00faria-racial.S\u00e9rgio-Lima-Poder360-e1531939786728.jpg\",\"datePublished\":\"2018-07-18T20:03:01+00:00\",\"breadcrumb\":{\"@id\":\"https:\\\/\\\/blogdofarnesio.com.br\\\/?p=203631#breadcrumb\"},\"inLanguage\":\"pt-BR\",\"potentialAction\":[{\"@type\":\"ReadAction\",\"target\":[\"https:\\\/\\\/blogdofarnesio.com.br\\\/?p=203631\"]}]},{\"@type\":\"ImageObject\",\"inLanguage\":\"pt-BR\",\"@id\":\"https:\\\/\\\/blogdofarnesio.com.br\\\/?p=203631#primaryimage\",\"url\":\"https:\\\/\\\/blogdofarnesio.com.br\\\/wp-content\\\/uploads\\\/2018\\\/07\\\/blogqspCiro-Gomes-\u00e9-acusado-de-inj\u00faria-racial.S\u00e9rgio-Lima-Poder360-e1531939786728.jpg\",\"contentUrl\":\"https:\\\/\\\/blogdofarnesio.com.br\\\/wp-content\\\/uploads\\\/2018\\\/07\\\/blogqspCiro-Gomes-\u00e9-acusado-de-inj\u00faria-racial.S\u00e9rgio-Lima-Poder360-e1531939786728.jpg\",\"width\":668,\"height\":496,\"caption\":\", Ciro Gomes (PDT), Foto: S\u00e9rgio Lima \\\/ Poder 360\"},{\"@type\":\"BreadcrumbList\",\"@id\":\"https:\\\/\\\/blogdofarnesio.com.br\\\/?p=203631#breadcrumb\",\"itemListElement\":[{\"@type\":\"ListItem\",\"position\":1,\"name\":\"In\u00edcio\",\"item\":\"https:\\\/\\\/blogdofarnesio.com.br\\\/\"},{\"@type\":\"ListItem\",\"position\":2,\"name\":\"CIRO GOMES XINGA PROMOTOR QUE ACEITOU PROCESSO CONTRA ELE POR INJ\u00daRIA RACIAL\"}]},{\"@type\":\"WebSite\",\"@id\":\"https:\\\/\\\/blogdofarnesio.com.br\\\/#website\",\"url\":\"https:\\\/\\\/blogdofarnesio.com.br\\\/\",\"name\":\"Blog do Farn\u00e9sio\",\"description\":\"Quer Saber Pol\u00edtica?\",\"publisher\":{\"@id\":\"https:\\\/\\\/blogdofarnesio.com.br\\\/#organization\"},\"potentialAction\":[{\"@type\":\"SearchAction\",\"target\":{\"@type\":\"EntryPoint\",\"urlTemplate\":\"https:\\\/\\\/blogdofarnesio.com.br\\\/?s={search_term_string}\"},\"query-input\":{\"@type\":\"PropertyValueSpecification\",\"valueRequired\":true,\"valueName\":\"search_term_string\"}}],\"inLanguage\":\"pt-BR\"},{\"@type\":\"Organization\",\"@id\":\"https:\\\/\\\/blogdofarnesio.com.br\\\/#organization\",\"name\":\"Blog do Farn\u00e9sio\",\"url\":\"https:\\\/\\\/blogdofarnesio.com.br\\\/\",\"logo\":{\"@type\":\"ImageObject\",\"inLanguage\":\"pt-BR\",\"@id\":\"https:\\\/\\\/blogdofarnesio.com.br\\\/#\\\/schema\\\/logo\\\/image\\\/\",\"url\":\"https:\\\/\\\/blogdofarnesio.com.br\\\/wp-content\\\/uploads\\\/2026\\\/03\\\/cropped-logo_new-1.png\",\"contentUrl\":\"https:\\\/\\\/blogdofarnesio.com.br\\\/wp-content\\\/uploads\\\/2026\\\/03\\\/cropped-logo_new-1.png\",\"width\":881,\"height\":685,\"caption\":\"Blog do Farn\u00e9sio\"},\"image\":{\"@id\":\"https:\\\/\\\/blogdofarnesio.com.br\\\/#\\\/schema\\\/logo\\\/image\\\/\"},\"sameAs\":[\"https:\\\/\\\/www.facebook.com\\\/BlogQuerSaberPolitica\\\/\"]},{\"@type\":\"Person\",\"@id\":\"https:\\\/\\\/blogdofarnesio.com.br\\\/#\\\/schema\\\/person\\\/301c4acf522bccbfdb45af95b5b906a1\",\"name\":\"Farn\u00e9sio\",\"image\":{\"@type\":\"ImageObject\",\"inLanguage\":\"pt-BR\",\"@id\":\"https:\\\/\\\/secure.gravatar.com\\\/avatar\\\/df0c9a14567c056f8ad6876ba5bbd1e3e2c48023eb6807342fc4663adf549f38?s=96&d=mm&r=g\",\"url\":\"https:\\\/\\\/secure.gravatar.com\\\/avatar\\\/df0c9a14567c056f8ad6876ba5bbd1e3e2c48023eb6807342fc4663adf549f38?s=96&d=mm&r=g\",\"contentUrl\":\"https:\\\/\\\/secure.gravatar.com\\\/avatar\\\/df0c9a14567c056f8ad6876ba5bbd1e3e2c48023eb6807342fc4663adf549f38?s=96&d=mm&r=g\",\"caption\":\"Farn\u00e9sio\"},\"sameAs\":[\"https:\\\/\\\/quersaberpolitica.com.br\"],\"url\":\"https:\\\/\\\/blogdofarnesio.com.br\\\/?author=1\"}]}<\/script>\n<!-- \/ Yoast SEO plugin. -->","yoast_head_json":{"title":"CIRO GOMES XINGA PROMOTOR QUE ACEITOU PROCESSO CONTRA ELE POR INJ\u00daRIA RACIAL - Blog do Farn\u00e9sio","robots":{"index":"index","follow":"follow","max-snippet":"max-snippet:-1","max-image-preview":"max-image-preview:large","max-video-preview":"max-video-preview:-1"},"canonical":"https:\/\/blogdofarnesio.com.br\/?p=203631","og_locale":"pt_BR","og_type":"article","og_title":"CIRO GOMES XINGA PROMOTOR QUE ACEITOU PROCESSO CONTRA ELE POR INJ\u00daRIA RACIAL - Blog do Farn\u00e9sio","og_description":"LAURIBERTO BRASIL O pr\u00e9-candidato a presidente pelo PDT, Ciro Gomes, criticou nesta 3\u00aa feira (17.jul.2018) o MP-SP (Minist\u00e9rio P\u00fablico Estadual de S\u00e3o Paulo) por solicitar abertura de inqu\u00e9rito policial contra ele. \u201c1 promotor aqui de S\u00e3o Paulo resolve me processar por inj\u00faria racial. E pronto, 1 filho da puta desse faz isso. Ele que cuide de gastar o restinho das atribui\u00e7\u00f5es dele, porque se eu for presidente essa mamata vai acabar\u201d,\u00a0afirmou Ciro. A declara\u00e7\u00e3o foi dada em S\u00e3o Paulo (SP) durante sabatina feita pela Abimaq (Associa\u00e7\u00e3o Brasileira de M\u00e1quinas e Equipamentos). O coment\u00e1rio sobre o promotor come\u00e7a aos\u00a059 min.\u00a0Assista: O MP-SP pediu abertura de inqu\u00e9rito do processo contra Ciro movido pelo vereador e l\u00edder do MBL (Movimento Brasil Livre) Fernando&hellip;","og_url":"https:\/\/blogdofarnesio.com.br\/?p=203631","og_site_name":"Blog do Farn\u00e9sio","article_publisher":"https:\/\/www.facebook.com\/BlogQuerSaberPolitica\/","article_published_time":"2018-07-18T20:03:01+00:00","og_image":[{"width":668,"height":496,"url":"https:\/\/blogdofarnesio.com.br\/wp-content\/uploads\/2018\/07\/blogqspCiro-Gomes-\u00e9-acusado-de-inj\u00faria-racial.S\u00e9rgio-Lima-Poder360-e1531939786728.jpg","type":"image\/jpeg"}],"author":"Farn\u00e9sio","twitter_card":"summary_large_image","twitter_misc":{"Escrito por":"Farn\u00e9sio","Est. tempo de leitura":"2 minutos"},"schema":{"@context":"https:\/\/schema.org","@graph":[{"@type":"Article","@id":"https:\/\/blogdofarnesio.com.br\/?p=203631#article","isPartOf":{"@id":"https:\/\/blogdofarnesio.com.br\/?p=203631"},"author":{"name":"Farn\u00e9sio","@id":"https:\/\/blogdofarnesio.com.br\/#\/schema\/person\/301c4acf522bccbfdb45af95b5b906a1"},"headline":"CIRO GOMES XINGA PROMOTOR QUE ACEITOU PROCESSO CONTRA ELE POR INJ\u00daRIA RACIAL","datePublished":"2018-07-18T20:03:01+00:00","mainEntityOfPage":{"@id":"https:\/\/blogdofarnesio.com.br\/?p=203631"},"wordCount":394,"publisher":{"@id":"https:\/\/blogdofarnesio.com.br\/#organization"},"image":{"@id":"https:\/\/blogdofarnesio.com.br\/?p=203631#primaryimage"},"thumbnailUrl":"https:\/\/blogdofarnesio.com.br\/wp-content\/uploads\/2018\/07\/blogqspCiro-Gomes-\u00e9-acusado-de-inj\u00faria-racial.S\u00e9rgio-Lima-Poder360-e1531939786728.jpg","articleSection":["Pol\u00edtica"],"inLanguage":"pt-BR"},{"@type":"WebPage","@id":"https:\/\/blogdofarnesio.com.br\/?p=203631","url":"https:\/\/blogdofarnesio.com.br\/?p=203631","name":"CIRO GOMES XINGA PROMOTOR QUE ACEITOU PROCESSO CONTRA ELE POR INJ\u00daRIA RACIAL - Blog do Farn\u00e9sio","isPartOf":{"@id":"https:\/\/blogdofarnesio.com.br\/#website"},"primaryImageOfPage":{"@id":"https:\/\/blogdofarnesio.com.br\/?p=203631#primaryimage"},"image":{"@id":"https:\/\/blogdofarnesio.com.br\/?p=203631#primaryimage"},"thumbnailUrl":"https:\/\/blogdofarnesio.com.br\/wp-content\/uploads\/2018\/07\/blogqspCiro-Gomes-\u00e9-acusado-de-inj\u00faria-racial.S\u00e9rgio-Lima-Poder360-e1531939786728.jpg","datePublished":"2018-07-18T20:03:01+00:00","breadcrumb":{"@id":"https:\/\/blogdofarnesio.com.br\/?p=203631#breadcrumb"},"inLanguage":"pt-BR","potentialAction":[{"@type":"ReadAction","target":["https:\/\/blogdofarnesio.com.br\/?p=203631"]}]},{"@type":"ImageObject","inLanguage":"pt-BR","@id":"https:\/\/blogdofarnesio.com.br\/?p=203631#primaryimage","url":"https:\/\/blogdofarnesio.com.br\/wp-content\/uploads\/2018\/07\/blogqspCiro-Gomes-\u00e9-acusado-de-inj\u00faria-racial.S\u00e9rgio-Lima-Poder360-e1531939786728.jpg","contentUrl":"https:\/\/blogdofarnesio.com.br\/wp-content\/uploads\/2018\/07\/blogqspCiro-Gomes-\u00e9-acusado-de-inj\u00faria-racial.S\u00e9rgio-Lima-Poder360-e1531939786728.jpg","width":668,"height":496,"caption":", Ciro Gomes (PDT), Foto: S\u00e9rgio Lima \/ Poder 360"},{"@type":"BreadcrumbList","@id":"https:\/\/blogdofarnesio.com.br\/?p=203631#breadcrumb","itemListElement":[{"@type":"ListItem","position":1,"name":"In\u00edcio","item":"https:\/\/blogdofarnesio.com.br\/"},{"@type":"ListItem","position":2,"name":"CIRO GOMES XINGA PROMOTOR QUE ACEITOU PROCESSO CONTRA ELE POR INJ\u00daRIA RACIAL"}]},{"@type":"WebSite","@id":"https:\/\/blogdofarnesio.com.br\/#website","url":"https:\/\/blogdofarnesio.com.br\/","name":"Blog do Farn\u00e9sio","description":"Quer Saber Pol\u00edtica?","publisher":{"@id":"https:\/\/blogdofarnesio.com.br\/#organization"},"potentialAction":[{"@type":"SearchAction","target":{"@type":"EntryPoint","urlTemplate":"https:\/\/blogdofarnesio.com.br\/?s={search_term_string}"},"query-input":{"@type":"PropertyValueSpecification","valueRequired":true,"valueName":"search_term_string"}}],"inLanguage":"pt-BR"},{"@type":"Organization","@id":"https:\/\/blogdofarnesio.com.br\/#organization","name":"Blog do Farn\u00e9sio","url":"https:\/\/blogdofarnesio.com.br\/","logo":{"@type":"ImageObject","inLanguage":"pt-BR","@id":"https:\/\/blogdofarnesio.com.br\/#\/schema\/logo\/image\/","url":"https:\/\/blogdofarnesio.com.br\/wp-content\/uploads\/2026\/03\/cropped-logo_new-1.png","contentUrl":"https:\/\/blogdofarnesio.com.br\/wp-content\/uploads\/2026\/03\/cropped-logo_new-1.png","width":881,"height":685,"caption":"Blog do Farn\u00e9sio"},"image":{"@id":"https:\/\/blogdofarnesio.com.br\/#\/schema\/logo\/image\/"},"sameAs":["https:\/\/www.facebook.com\/BlogQuerSaberPolitica\/"]},{"@type":"Person","@id":"https:\/\/blogdofarnesio.com.br\/#\/schema\/person\/301c4acf522bccbfdb45af95b5b906a1","name":"Farn\u00e9sio","image":{"@type":"ImageObject","inLanguage":"pt-BR","@id":"https:\/\/secure.gravatar.com\/avatar\/df0c9a14567c056f8ad6876ba5bbd1e3e2c48023eb6807342fc4663adf549f38?s=96&d=mm&r=g","url":"https:\/\/secure.gravatar.com\/avatar\/df0c9a14567c056f8ad6876ba5bbd1e3e2c48023eb6807342fc4663adf549f38?s=96&d=mm&r=g","contentUrl":"https:\/\/secure.gravatar.com\/avatar\/df0c9a14567c056f8ad6876ba5bbd1e3e2c48023eb6807342fc4663adf549f38?s=96&d=mm&r=g","caption":"Farn\u00e9sio"},"sameAs":["https:\/\/quersaberpolitica.com.br"],"url":"https:\/\/blogdofarnesio.com.br\/?author=1"}]}},"_links":{"self":[{"href":"https:\/\/blogdofarnesio.com.br\/index.php?rest_route=\/wp\/v2\/posts\/203631","targetHints":{"allow":["GET"]}}],"collection":[{"href":"https:\/\/blogdofarnesio.com.br\/index.php?rest_route=\/wp\/v2\/posts"}],"about":[{"href":"https:\/\/blogdofarnesio.com.br\/index.php?rest_route=\/wp\/v2\/types\/post"}],"author":[{"embeddable":true,"href":"https:\/\/blogdofarnesio.com.br\/index.php?rest_route=\/wp\/v2\/users\/1"}],"replies":[{"embeddable":true,"href":"https:\/\/blogdofarnesio.com.br\/index.php?rest_route=%2Fwp%2Fv2%2Fcomments&post=203631"}],"version-history":[{"count":0,"href":"https:\/\/blogdofarnesio.com.br\/index.php?rest_route=\/wp\/v2\/posts\/203631\/revisions"}],"wp:featuredmedia":[{"embeddable":true,"href":"https:\/\/blogdofarnesio.com.br\/index.php?rest_route=\/wp\/v2\/media\/203632"}],"wp:attachment":[{"href":"https:\/\/blogdofarnesio.com.br\/index.php?rest_route=%2Fwp%2Fv2%2Fmedia&parent=203631"}],"wp:term":[{"taxonomy":"category","embeddable":true,"href":"https:\/\/blogdofarnesio.com.br\/index.php?rest_route=%2Fwp%2Fv2%2Fcategories&post=203631"},{"taxonomy":"post_tag","embeddable":true,"href":"https:\/\/blogdofarnesio.com.br\/index.php?rest_route=%2Fwp%2Fv2%2Ftags&post=203631"}],"curies":[{"name":"wp","href":"https:\/\/api.w.org\/{rel}","templated":true}]}}