{"id":203576,"date":"2018-07-18T16:00:37","date_gmt":"2018-07-18T19:00:37","guid":{"rendered":"http:\/\/quersaberpolitica.com.br\/2016\/?p=203576"},"modified":"2018-07-18T14:13:33","modified_gmt":"2018-07-18T17:13:33","slug":"avenidas-bairros-e-parque-lagoa-de-calu-sao-atendidos-por-mutirao-de-limpeza-e-manutencao-da-sesp","status":"publish","type":"post","link":"https:\/\/blogdofarnesio.com.br\/2018\/07\/avenidas-bairros-e-parque-lagoa-de-calu-sao-atendidos-por-mutirao-de-limpeza-e-manutencao-da-sesp\/","title":{"rendered":"AVENIDAS, BAIRROS E PARQUE LAGOA DE CALU S\u00c3O ATENDIDOS POR MUTIR\u00c3O DE LIMPEZA E MANUTEN\u00c7\u00c3O DA SESP"},"content":{"rendered":"<p style=\"text-align: justify;\">Luzete Nobre\/SESP<\/p>\n<p style=\"text-align: justify;\">A Prefeitura de Juazeiro, atrav\u00e9s da Secretaria de Servi\u00e7os P\u00fablicos (SESP), est\u00e1 realizando mutir\u00e3o de limpeza com capina\u00e7\u00e3o, varri\u00e7\u00e3o, recolhimento de lixo e pintura de meio fio nesta quarta-feira (18), no bairro Tabuleiro e Avenida Santos Dumont no Centro.<\/p>\n<p style=\"text-align: justify;\">No Parque Lagoa de Calu a manuten\u00e7\u00e3o prossegue com a pintura das paredes e nos troncos dos eucaliptos. A varri\u00e7\u00e3o acontece nos bairros Jo\u00e3o Paulo II, Dom Jos\u00e9 Rodrigues, Tancredo Neves, Contorno da SAMU e Batalh\u00e3o da Pol\u00edcia Militar, Piranga, Parque Lagoa de Calu, Alto da Maravilha, Pra\u00e7as Pedro Pereira e da M\u00f4nica, Avenidas Flaviano Guimar\u00e3es e Santos Dumont (Centro), Avenida Elizeu Martins (Novo Encontro), Avenidas Paulo Rios e Edgard Chastinet (S\u00e3o Geraldo).<\/p>\n<p style=\"text-align: justify;\">A frequentadora do Parque Lagoa de Calu, Jaqueline dos Santos Silva fala da satisfa\u00e7\u00e3o em ver a equipe da prefeitura atuando no local. \u201cReconhe\u00e7o que a SESP est\u00e1 trabalhando com melhorias no Parque, mas \u00e9 preciso que a popula\u00e7\u00e3o colabore, n\u00e3o jogando lixo no ch\u00e3o nem depredando os equipamentos p\u00fablicos\u201d, declarou Jaqueline.<\/p>\n<p style=\"text-align: justify;\">O secret\u00e1rio de Servi\u00e7os P\u00fablicos Celso Leal, explica que os trabalhos s\u00e3o realizados diariamente no munic\u00edpio visando atender a demanda de cada regi\u00e3o e o bem-estar do cidad\u00e3o juazeirense. \u00a0\u201cTodos os servi\u00e7os da SESP acontecem dentro de uma programa\u00e7\u00e3o que busca atender as comunidades rurais e bairros da cidade com estrat\u00e9gia dos trabalhos planejada previamente. Estamos empenhados em manter a cidade limpa e organizada\u201d, informou.<\/p>\n<p style=\"text-align: justify;\">Celso Leal destaca que o Parque Lagoa de Calu ainda receber\u00e1 conserto nos bancos, reposi\u00e7\u00e3o de madeiras do tablado e coloca\u00e7\u00e3o das mesas de jogos. A SESP disponibiliza o n\u00famero de atendimento pelo telefone 3612 5411 para quaisquer solicita\u00e7\u00e3o ou d\u00favidas.<\/p>\n","protected":false},"excerpt":{"rendered":"<p>Luzete Nobre\/SESP A Prefeitura de Juazeiro, atrav\u00e9s da Secretaria de Servi\u00e7os P\u00fablicos (SESP), est\u00e1 realizando mutir\u00e3o de limpeza com capina\u00e7\u00e3o, varri\u00e7\u00e3o, recolhimento de lixo e pintura de meio fio nesta quarta-feira (18), no bairro Tabuleiro e Avenida Santos Dumont no Centro. No Parque Lagoa de Calu a manuten\u00e7\u00e3o prossegue com a pintura das paredes e nos troncos dos eucaliptos. A varri\u00e7\u00e3o acontece nos bairros Jo\u00e3o Paulo II, Dom Jos\u00e9 Rodrigues, Tancredo Neves, Contorno da SAMU e Batalh\u00e3o da Pol\u00edcia Militar, Piranga, Parque Lagoa de Calu, Alto da Maravilha, Pra\u00e7as Pedro Pereira e da M\u00f4nica, Avenidas Flaviano Guimar\u00e3es e Santos Dumont (Centro), Avenida Elizeu Martins (Novo Encontro), Avenidas Paulo Rios e Edgard Chastinet (S\u00e3o Geraldo). A frequentadora do Parque Lagoa de&hellip; <\/p>\n","protected":false},"author":1,"featured_media":203577,"comment_status":"closed","ping_status":"closed","sticky":false,"template":"","format":"standard","meta":{"_acf_changed":false,"footnotes":""},"categories":[44],"tags":[],"class_list":["post-203576","post","type-post","status-publish","format-standard","has-post-thumbnail","hentry","category-administracao"],"acf":[],"yoast_head":"<!-- This site is optimized with the Yoast SEO plugin v27.5 - https:\/\/yoast.com\/product\/yoast-seo-wordpress\/ -->\n<title>AVENIDAS, BAIRROS E PARQUE LAGOA DE CALU S\u00c3O ATENDIDOS POR MUTIR\u00c3O DE LIMPEZA E MANUTEN\u00c7\u00c3O DA SESP - Blog do Farn\u00e9sio<\/title>\n<meta name=\"robots\" content=\"index, follow, max-snippet:-1, max-image-preview:large, max-video-preview:-1\" \/>\n<link rel=\"canonical\" href=\"https:\/\/blogdofarnesio.com.br\/2018\/07\/avenidas-bairros-e-parque-lagoa-de-calu-sao-atendidos-por-mutirao-de-limpeza-e-manutencao-da-sesp\/\" \/>\n<meta property=\"og:locale\" content=\"pt_BR\" \/>\n<meta property=\"og:type\" content=\"article\" \/>\n<meta property=\"og:title\" content=\"AVENIDAS, BAIRROS E PARQUE LAGOA DE CALU S\u00c3O ATENDIDOS POR MUTIR\u00c3O DE LIMPEZA E MANUTEN\u00c7\u00c3O DA SESP - Blog do Farn\u00e9sio\" \/>\n<meta property=\"og:description\" content=\"Luzete Nobre\/SESP A Prefeitura de Juazeiro, atrav\u00e9s da Secretaria de Servi\u00e7os P\u00fablicos (SESP), est\u00e1 realizando mutir\u00e3o de limpeza com capina\u00e7\u00e3o, varri\u00e7\u00e3o, recolhimento de lixo e pintura de meio fio nesta quarta-feira (18), no bairro Tabuleiro e Avenida Santos Dumont no Centro. No Parque Lagoa de Calu a manuten\u00e7\u00e3o prossegue com a pintura das paredes e nos troncos dos eucaliptos. A varri\u00e7\u00e3o acontece nos bairros Jo\u00e3o Paulo II, Dom Jos\u00e9 Rodrigues, Tancredo Neves, Contorno da SAMU e Batalh\u00e3o da Pol\u00edcia Militar, Piranga, Parque Lagoa de Calu, Alto da Maravilha, Pra\u00e7as Pedro Pereira e da M\u00f4nica, Avenidas Flaviano Guimar\u00e3es e Santos Dumont (Centro), Avenida Elizeu Martins (Novo Encontro), Avenidas Paulo Rios e Edgard Chastinet (S\u00e3o Geraldo). A frequentadora do Parque Lagoa de&hellip;\" \/>\n<meta property=\"og:url\" content=\"https:\/\/blogdofarnesio.com.br\/2018\/07\/avenidas-bairros-e-parque-lagoa-de-calu-sao-atendidos-por-mutirao-de-limpeza-e-manutencao-da-sesp\/\" \/>\n<meta property=\"og:site_name\" content=\"Blog do Farn\u00e9sio\" \/>\n<meta property=\"article:publisher\" content=\"https:\/\/www.facebook.com\/BlogQuerSaberPolitica\/\" \/>\n<meta property=\"article:published_time\" content=\"2018-07-18T19:00:37+00:00\" \/>\n<meta property=\"og:image\" content=\"https:\/\/blogdofarnesio.com.br\/wp-content\/uploads\/2018\/07\/blogqsp-Servi\u00e7os-limpeza-e-manuten\u00e7\u00e3o-Sesp-9.jpeg\" \/>\n\t<meta property=\"og:image:width\" content=\"640\" \/>\n\t<meta property=\"og:image:height\" content=\"360\" \/>\n\t<meta property=\"og:image:type\" content=\"image\/jpeg\" \/>\n<meta name=\"author\" content=\"Farn\u00e9sio\" \/>\n<meta name=\"twitter:card\" content=\"summary_large_image\" \/>\n<meta name=\"twitter:label1\" content=\"Escrito por\" \/>\n\t<meta name=\"twitter:data1\" content=\"Farn\u00e9sio\" \/>\n\t<meta name=\"twitter:label2\" content=\"Est. tempo de leitura\" \/>\n\t<meta name=\"twitter:data2\" content=\"2 minutos\" \/>\n<script type=\"application\/ld+json\" class=\"yoast-schema-graph\">{\"@context\":\"https:\\\/\\\/schema.org\",\"@graph\":[{\"@type\":\"Article\",\"@id\":\"https:\\\/\\\/blogdofarnesio.com.br\\\/2018\\\/07\\\/avenidas-bairros-e-parque-lagoa-de-calu-sao-atendidos-por-mutirao-de-limpeza-e-manutencao-da-sesp\\\/#article\",\"isPartOf\":{\"@id\":\"https:\\\/\\\/blogdofarnesio.com.br\\\/2018\\\/07\\\/avenidas-bairros-e-parque-lagoa-de-calu-sao-atendidos-por-mutirao-de-limpeza-e-manutencao-da-sesp\\\/\"},\"author\":{\"name\":\"Farn\u00e9sio\",\"@id\":\"https:\\\/\\\/blogdofarnesio.com.br\\\/#\\\/schema\\\/person\\\/301c4acf522bccbfdb45af95b5b906a1\"},\"headline\":\"AVENIDAS, BAIRROS E PARQUE LAGOA DE CALU S\u00c3O ATENDIDOS POR MUTIR\u00c3O DE LIMPEZA E MANUTEN\u00c7\u00c3O DA SESP\",\"datePublished\":\"2018-07-18T19:00:37+00:00\",\"mainEntityOfPage\":{\"@id\":\"https:\\\/\\\/blogdofarnesio.com.br\\\/2018\\\/07\\\/avenidas-bairros-e-parque-lagoa-de-calu-sao-atendidos-por-mutirao-de-limpeza-e-manutencao-da-sesp\\\/\"},\"wordCount\":325,\"publisher\":{\"@id\":\"https:\\\/\\\/blogdofarnesio.com.br\\\/#organization\"},\"image\":{\"@id\":\"https:\\\/\\\/blogdofarnesio.com.br\\\/2018\\\/07\\\/avenidas-bairros-e-parque-lagoa-de-calu-sao-atendidos-por-mutirao-de-limpeza-e-manutencao-da-sesp\\\/#primaryimage\"},\"thumbnailUrl\":\"https:\\\/\\\/blogdofarnesio.com.br\\\/wp-content\\\/uploads\\\/2018\\\/07\\\/blogqsp-Servi\u00e7os-limpeza-e-manuten\u00e7\u00e3o-Sesp-9.jpeg\",\"articleSection\":[\"Administra\u00e7\u00e3o\"],\"inLanguage\":\"pt-BR\"},{\"@type\":\"WebPage\",\"@id\":\"https:\\\/\\\/blogdofarnesio.com.br\\\/2018\\\/07\\\/avenidas-bairros-e-parque-lagoa-de-calu-sao-atendidos-por-mutirao-de-limpeza-e-manutencao-da-sesp\\\/\",\"url\":\"https:\\\/\\\/blogdofarnesio.com.br\\\/2018\\\/07\\\/avenidas-bairros-e-parque-lagoa-de-calu-sao-atendidos-por-mutirao-de-limpeza-e-manutencao-da-sesp\\\/\",\"name\":\"AVENIDAS, BAIRROS E PARQUE LAGOA DE CALU S\u00c3O ATENDIDOS POR MUTIR\u00c3O DE LIMPEZA E MANUTEN\u00c7\u00c3O DA SESP - Blog do Farn\u00e9sio\",\"isPartOf\":{\"@id\":\"https:\\\/\\\/blogdofarnesio.com.br\\\/#website\"},\"primaryImageOfPage\":{\"@id\":\"https:\\\/\\\/blogdofarnesio.com.br\\\/2018\\\/07\\\/avenidas-bairros-e-parque-lagoa-de-calu-sao-atendidos-por-mutirao-de-limpeza-e-manutencao-da-sesp\\\/#primaryimage\"},\"image\":{\"@id\":\"https:\\\/\\\/blogdofarnesio.com.br\\\/2018\\\/07\\\/avenidas-bairros-e-parque-lagoa-de-calu-sao-atendidos-por-mutirao-de-limpeza-e-manutencao-da-sesp\\\/#primaryimage\"},\"thumbnailUrl\":\"https:\\\/\\\/blogdofarnesio.com.br\\\/wp-content\\\/uploads\\\/2018\\\/07\\\/blogqsp-Servi\u00e7os-limpeza-e-manuten\u00e7\u00e3o-Sesp-9.jpeg\",\"datePublished\":\"2018-07-18T19:00:37+00:00\",\"breadcrumb\":{\"@id\":\"https:\\\/\\\/blogdofarnesio.com.br\\\/2018\\\/07\\\/avenidas-bairros-e-parque-lagoa-de-calu-sao-atendidos-por-mutirao-de-limpeza-e-manutencao-da-sesp\\\/#breadcrumb\"},\"inLanguage\":\"pt-BR\",\"potentialAction\":[{\"@type\":\"ReadAction\",\"target\":[\"https:\\\/\\\/blogdofarnesio.com.br\\\/2018\\\/07\\\/avenidas-bairros-e-parque-lagoa-de-calu-sao-atendidos-por-mutirao-de-limpeza-e-manutencao-da-sesp\\\/\"]}]},{\"@type\":\"ImageObject\",\"inLanguage\":\"pt-BR\",\"@id\":\"https:\\\/\\\/blogdofarnesio.com.br\\\/2018\\\/07\\\/avenidas-bairros-e-parque-lagoa-de-calu-sao-atendidos-por-mutirao-de-limpeza-e-manutencao-da-sesp\\\/#primaryimage\",\"url\":\"https:\\\/\\\/blogdofarnesio.com.br\\\/wp-content\\\/uploads\\\/2018\\\/07\\\/blogqsp-Servi\u00e7os-limpeza-e-manuten\u00e7\u00e3o-Sesp-9.jpeg\",\"contentUrl\":\"https:\\\/\\\/blogdofarnesio.com.br\\\/wp-content\\\/uploads\\\/2018\\\/07\\\/blogqsp-Servi\u00e7os-limpeza-e-manuten\u00e7\u00e3o-Sesp-9.jpeg\",\"width\":640,\"height\":360},{\"@type\":\"BreadcrumbList\",\"@id\":\"https:\\\/\\\/blogdofarnesio.com.br\\\/2018\\\/07\\\/avenidas-bairros-e-parque-lagoa-de-calu-sao-atendidos-por-mutirao-de-limpeza-e-manutencao-da-sesp\\\/#breadcrumb\",\"itemListElement\":[{\"@type\":\"ListItem\",\"position\":1,\"name\":\"In\u00edcio\",\"item\":\"https:\\\/\\\/blogdofarnesio.com.br\\\/\"},{\"@type\":\"ListItem\",\"position\":2,\"name\":\"AVENIDAS, BAIRROS E PARQUE LAGOA DE CALU S\u00c3O ATENDIDOS POR MUTIR\u00c3O DE LIMPEZA E MANUTEN\u00c7\u00c3O DA SESP\"}]},{\"@type\":\"WebSite\",\"@id\":\"https:\\\/\\\/blogdofarnesio.com.br\\\/#website\",\"url\":\"https:\\\/\\\/blogdofarnesio.com.br\\\/\",\"name\":\"Blog do Farn\u00e9sio\",\"description\":\"Quer Saber Pol\u00edtica?\",\"publisher\":{\"@id\":\"https:\\\/\\\/blogdofarnesio.com.br\\\/#organization\"},\"potentialAction\":[{\"@type\":\"SearchAction\",\"target\":{\"@type\":\"EntryPoint\",\"urlTemplate\":\"https:\\\/\\\/blogdofarnesio.com.br\\\/?s={search_term_string}\"},\"query-input\":{\"@type\":\"PropertyValueSpecification\",\"valueRequired\":true,\"valueName\":\"search_term_string\"}}],\"inLanguage\":\"pt-BR\"},{\"@type\":\"Organization\",\"@id\":\"https:\\\/\\\/blogdofarnesio.com.br\\\/#organization\",\"name\":\"Blog do Farn\u00e9sio\",\"url\":\"https:\\\/\\\/blogdofarnesio.com.br\\\/\",\"logo\":{\"@type\":\"ImageObject\",\"inLanguage\":\"pt-BR\",\"@id\":\"https:\\\/\\\/blogdofarnesio.com.br\\\/#\\\/schema\\\/logo\\\/image\\\/\",\"url\":\"https:\\\/\\\/blogdofarnesio.com.br\\\/wp-content\\\/uploads\\\/2026\\\/03\\\/cropped-logo_new-1.png\",\"contentUrl\":\"https:\\\/\\\/blogdofarnesio.com.br\\\/wp-content\\\/uploads\\\/2026\\\/03\\\/cropped-logo_new-1.png\",\"width\":881,\"height\":685,\"caption\":\"Blog do Farn\u00e9sio\"},\"image\":{\"@id\":\"https:\\\/\\\/blogdofarnesio.com.br\\\/#\\\/schema\\\/logo\\\/image\\\/\"},\"sameAs\":[\"https:\\\/\\\/www.facebook.com\\\/BlogQuerSaberPolitica\\\/\"]},{\"@type\":\"Person\",\"@id\":\"https:\\\/\\\/blogdofarnesio.com.br\\\/#\\\/schema\\\/person\\\/301c4acf522bccbfdb45af95b5b906a1\",\"name\":\"Farn\u00e9sio\",\"image\":{\"@type\":\"ImageObject\",\"inLanguage\":\"pt-BR\",\"@id\":\"https:\\\/\\\/secure.gravatar.com\\\/avatar\\\/df0c9a14567c056f8ad6876ba5bbd1e3e2c48023eb6807342fc4663adf549f38?s=96&d=mm&r=g\",\"url\":\"https:\\\/\\\/secure.gravatar.com\\\/avatar\\\/df0c9a14567c056f8ad6876ba5bbd1e3e2c48023eb6807342fc4663adf549f38?s=96&d=mm&r=g\",\"contentUrl\":\"https:\\\/\\\/secure.gravatar.com\\\/avatar\\\/df0c9a14567c056f8ad6876ba5bbd1e3e2c48023eb6807342fc4663adf549f38?s=96&d=mm&r=g\",\"caption\":\"Farn\u00e9sio\"},\"sameAs\":[\"https:\\\/\\\/quersaberpolitica.com.br\"],\"url\":\"https:\\\/\\\/blogdofarnesio.com.br\\\/author\\\/farnesio\\\/\"}]}<\/script>\n<!-- \/ Yoast SEO plugin. -->","yoast_head_json":{"title":"AVENIDAS, BAIRROS E PARQUE LAGOA DE CALU S\u00c3O ATENDIDOS POR MUTIR\u00c3O DE LIMPEZA E MANUTEN\u00c7\u00c3O DA SESP - Blog do Farn\u00e9sio","robots":{"index":"index","follow":"follow","max-snippet":"max-snippet:-1","max-image-preview":"max-image-preview:large","max-video-preview":"max-video-preview:-1"},"canonical":"https:\/\/blogdofarnesio.com.br\/2018\/07\/avenidas-bairros-e-parque-lagoa-de-calu-sao-atendidos-por-mutirao-de-limpeza-e-manutencao-da-sesp\/","og_locale":"pt_BR","og_type":"article","og_title":"AVENIDAS, BAIRROS E PARQUE LAGOA DE CALU S\u00c3O ATENDIDOS POR MUTIR\u00c3O DE LIMPEZA E MANUTEN\u00c7\u00c3O DA SESP - Blog do Farn\u00e9sio","og_description":"Luzete Nobre\/SESP A Prefeitura de Juazeiro, atrav\u00e9s da Secretaria de Servi\u00e7os P\u00fablicos (SESP), est\u00e1 realizando mutir\u00e3o de limpeza com capina\u00e7\u00e3o, varri\u00e7\u00e3o, recolhimento de lixo e pintura de meio fio nesta quarta-feira (18), no bairro Tabuleiro e Avenida Santos Dumont no Centro. No Parque Lagoa de Calu a manuten\u00e7\u00e3o prossegue com a pintura das paredes e nos troncos dos eucaliptos. A varri\u00e7\u00e3o acontece nos bairros Jo\u00e3o Paulo II, Dom Jos\u00e9 Rodrigues, Tancredo Neves, Contorno da SAMU e Batalh\u00e3o da Pol\u00edcia Militar, Piranga, Parque Lagoa de Calu, Alto da Maravilha, Pra\u00e7as Pedro Pereira e da M\u00f4nica, Avenidas Flaviano Guimar\u00e3es e Santos Dumont (Centro), Avenida Elizeu Martins (Novo Encontro), Avenidas Paulo Rios e Edgard Chastinet (S\u00e3o Geraldo). A frequentadora do Parque Lagoa de&hellip;","og_url":"https:\/\/blogdofarnesio.com.br\/2018\/07\/avenidas-bairros-e-parque-lagoa-de-calu-sao-atendidos-por-mutirao-de-limpeza-e-manutencao-da-sesp\/","og_site_name":"Blog do Farn\u00e9sio","article_publisher":"https:\/\/www.facebook.com\/BlogQuerSaberPolitica\/","article_published_time":"2018-07-18T19:00:37+00:00","og_image":[{"width":640,"height":360,"url":"https:\/\/blogdofarnesio.com.br\/wp-content\/uploads\/2018\/07\/blogqsp-Servi\u00e7os-limpeza-e-manuten\u00e7\u00e3o-Sesp-9.jpeg","type":"image\/jpeg"}],"author":"Farn\u00e9sio","twitter_card":"summary_large_image","twitter_misc":{"Escrito por":"Farn\u00e9sio","Est. tempo de leitura":"2 minutos"},"schema":{"@context":"https:\/\/schema.org","@graph":[{"@type":"Article","@id":"https:\/\/blogdofarnesio.com.br\/2018\/07\/avenidas-bairros-e-parque-lagoa-de-calu-sao-atendidos-por-mutirao-de-limpeza-e-manutencao-da-sesp\/#article","isPartOf":{"@id":"https:\/\/blogdofarnesio.com.br\/2018\/07\/avenidas-bairros-e-parque-lagoa-de-calu-sao-atendidos-por-mutirao-de-limpeza-e-manutencao-da-sesp\/"},"author":{"name":"Farn\u00e9sio","@id":"https:\/\/blogdofarnesio.com.br\/#\/schema\/person\/301c4acf522bccbfdb45af95b5b906a1"},"headline":"AVENIDAS, BAIRROS E PARQUE LAGOA DE CALU S\u00c3O ATENDIDOS POR MUTIR\u00c3O DE LIMPEZA E MANUTEN\u00c7\u00c3O DA SESP","datePublished":"2018-07-18T19:00:37+00:00","mainEntityOfPage":{"@id":"https:\/\/blogdofarnesio.com.br\/2018\/07\/avenidas-bairros-e-parque-lagoa-de-calu-sao-atendidos-por-mutirao-de-limpeza-e-manutencao-da-sesp\/"},"wordCount":325,"publisher":{"@id":"https:\/\/blogdofarnesio.com.br\/#organization"},"image":{"@id":"https:\/\/blogdofarnesio.com.br\/2018\/07\/avenidas-bairros-e-parque-lagoa-de-calu-sao-atendidos-por-mutirao-de-limpeza-e-manutencao-da-sesp\/#primaryimage"},"thumbnailUrl":"https:\/\/blogdofarnesio.com.br\/wp-content\/uploads\/2018\/07\/blogqsp-Servi\u00e7os-limpeza-e-manuten\u00e7\u00e3o-Sesp-9.jpeg","articleSection":["Administra\u00e7\u00e3o"],"inLanguage":"pt-BR"},{"@type":"WebPage","@id":"https:\/\/blogdofarnesio.com.br\/2018\/07\/avenidas-bairros-e-parque-lagoa-de-calu-sao-atendidos-por-mutirao-de-limpeza-e-manutencao-da-sesp\/","url":"https:\/\/blogdofarnesio.com.br\/2018\/07\/avenidas-bairros-e-parque-lagoa-de-calu-sao-atendidos-por-mutirao-de-limpeza-e-manutencao-da-sesp\/","name":"AVENIDAS, BAIRROS E PARQUE LAGOA DE CALU S\u00c3O ATENDIDOS POR MUTIR\u00c3O DE LIMPEZA E MANUTEN\u00c7\u00c3O DA SESP - Blog do Farn\u00e9sio","isPartOf":{"@id":"https:\/\/blogdofarnesio.com.br\/#website"},"primaryImageOfPage":{"@id":"https:\/\/blogdofarnesio.com.br\/2018\/07\/avenidas-bairros-e-parque-lagoa-de-calu-sao-atendidos-por-mutirao-de-limpeza-e-manutencao-da-sesp\/#primaryimage"},"image":{"@id":"https:\/\/blogdofarnesio.com.br\/2018\/07\/avenidas-bairros-e-parque-lagoa-de-calu-sao-atendidos-por-mutirao-de-limpeza-e-manutencao-da-sesp\/#primaryimage"},"thumbnailUrl":"https:\/\/blogdofarnesio.com.br\/wp-content\/uploads\/2018\/07\/blogqsp-Servi\u00e7os-limpeza-e-manuten\u00e7\u00e3o-Sesp-9.jpeg","datePublished":"2018-07-18T19:00:37+00:00","breadcrumb":{"@id":"https:\/\/blogdofarnesio.com.br\/2018\/07\/avenidas-bairros-e-parque-lagoa-de-calu-sao-atendidos-por-mutirao-de-limpeza-e-manutencao-da-sesp\/#breadcrumb"},"inLanguage":"pt-BR","potentialAction":[{"@type":"ReadAction","target":["https:\/\/blogdofarnesio.com.br\/2018\/07\/avenidas-bairros-e-parque-lagoa-de-calu-sao-atendidos-por-mutirao-de-limpeza-e-manutencao-da-sesp\/"]}]},{"@type":"ImageObject","inLanguage":"pt-BR","@id":"https:\/\/blogdofarnesio.com.br\/2018\/07\/avenidas-bairros-e-parque-lagoa-de-calu-sao-atendidos-por-mutirao-de-limpeza-e-manutencao-da-sesp\/#primaryimage","url":"https:\/\/blogdofarnesio.com.br\/wp-content\/uploads\/2018\/07\/blogqsp-Servi\u00e7os-limpeza-e-manuten\u00e7\u00e3o-Sesp-9.jpeg","contentUrl":"https:\/\/blogdofarnesio.com.br\/wp-content\/uploads\/2018\/07\/blogqsp-Servi\u00e7os-limpeza-e-manuten\u00e7\u00e3o-Sesp-9.jpeg","width":640,"height":360},{"@type":"BreadcrumbList","@id":"https:\/\/blogdofarnesio.com.br\/2018\/07\/avenidas-bairros-e-parque-lagoa-de-calu-sao-atendidos-por-mutirao-de-limpeza-e-manutencao-da-sesp\/#breadcrumb","itemListElement":[{"@type":"ListItem","position":1,"name":"In\u00edcio","item":"https:\/\/blogdofarnesio.com.br\/"},{"@type":"ListItem","position":2,"name":"AVENIDAS, BAIRROS E PARQUE LAGOA DE CALU S\u00c3O ATENDIDOS POR MUTIR\u00c3O DE LIMPEZA E MANUTEN\u00c7\u00c3O DA SESP"}]},{"@type":"WebSite","@id":"https:\/\/blogdofarnesio.com.br\/#website","url":"https:\/\/blogdofarnesio.com.br\/","name":"Blog do Farn\u00e9sio","description":"Quer Saber Pol\u00edtica?","publisher":{"@id":"https:\/\/blogdofarnesio.com.br\/#organization"},"potentialAction":[{"@type":"SearchAction","target":{"@type":"EntryPoint","urlTemplate":"https:\/\/blogdofarnesio.com.br\/?s={search_term_string}"},"query-input":{"@type":"PropertyValueSpecification","valueRequired":true,"valueName":"search_term_string"}}],"inLanguage":"pt-BR"},{"@type":"Organization","@id":"https:\/\/blogdofarnesio.com.br\/#organization","name":"Blog do Farn\u00e9sio","url":"https:\/\/blogdofarnesio.com.br\/","logo":{"@type":"ImageObject","inLanguage":"pt-BR","@id":"https:\/\/blogdofarnesio.com.br\/#\/schema\/logo\/image\/","url":"https:\/\/blogdofarnesio.com.br\/wp-content\/uploads\/2026\/03\/cropped-logo_new-1.png","contentUrl":"https:\/\/blogdofarnesio.com.br\/wp-content\/uploads\/2026\/03\/cropped-logo_new-1.png","width":881,"height":685,"caption":"Blog do Farn\u00e9sio"},"image":{"@id":"https:\/\/blogdofarnesio.com.br\/#\/schema\/logo\/image\/"},"sameAs":["https:\/\/www.facebook.com\/BlogQuerSaberPolitica\/"]},{"@type":"Person","@id":"https:\/\/blogdofarnesio.com.br\/#\/schema\/person\/301c4acf522bccbfdb45af95b5b906a1","name":"Farn\u00e9sio","image":{"@type":"ImageObject","inLanguage":"pt-BR","@id":"https:\/\/secure.gravatar.com\/avatar\/df0c9a14567c056f8ad6876ba5bbd1e3e2c48023eb6807342fc4663adf549f38?s=96&d=mm&r=g","url":"https:\/\/secure.gravatar.com\/avatar\/df0c9a14567c056f8ad6876ba5bbd1e3e2c48023eb6807342fc4663adf549f38?s=96&d=mm&r=g","contentUrl":"https:\/\/secure.gravatar.com\/avatar\/df0c9a14567c056f8ad6876ba5bbd1e3e2c48023eb6807342fc4663adf549f38?s=96&d=mm&r=g","caption":"Farn\u00e9sio"},"sameAs":["https:\/\/quersaberpolitica.com.br"],"url":"https:\/\/blogdofarnesio.com.br\/author\/farnesio\/"}]}},"_links":{"self":[{"href":"https:\/\/blogdofarnesio.com.br\/wp-json\/wp\/v2\/posts\/203576","targetHints":{"allow":["GET"]}}],"collection":[{"href":"https:\/\/blogdofarnesio.com.br\/wp-json\/wp\/v2\/posts"}],"about":[{"href":"https:\/\/blogdofarnesio.com.br\/wp-json\/wp\/v2\/types\/post"}],"author":[{"embeddable":true,"href":"https:\/\/blogdofarnesio.com.br\/wp-json\/wp\/v2\/users\/1"}],"replies":[{"embeddable":true,"href":"https:\/\/blogdofarnesio.com.br\/wp-json\/wp\/v2\/comments?post=203576"}],"version-history":[{"count":0,"href":"https:\/\/blogdofarnesio.com.br\/wp-json\/wp\/v2\/posts\/203576\/revisions"}],"wp:featuredmedia":[{"embeddable":true,"href":"https:\/\/blogdofarnesio.com.br\/wp-json\/wp\/v2\/media\/203577"}],"wp:attachment":[{"href":"https:\/\/blogdofarnesio.com.br\/wp-json\/wp\/v2\/media?parent=203576"}],"wp:term":[{"taxonomy":"category","embeddable":true,"href":"https:\/\/blogdofarnesio.com.br\/wp-json\/wp\/v2\/categories?post=203576"},{"taxonomy":"post_tag","embeddable":true,"href":"https:\/\/blogdofarnesio.com.br\/wp-json\/wp\/v2\/tags?post=203576"}],"curies":[{"name":"wp","href":"https:\/\/api.w.org\/{rel}","templated":true}]}}