{"id":203315,"date":"2018-07-15T17:36:02","date_gmt":"2018-07-15T20:36:02","guid":{"rendered":"http:\/\/quersaberpolitica.com.br\/2016\/?p=203315"},"modified":"2018-07-15T17:36:42","modified_gmt":"2018-07-15T20:36:42","slug":"produtos-poeticos-de-manuca-almeida-fazem-sucesso-na-feira-de-arte-e-cultura-que-acontece-no-joao-gilberto","status":"publish","type":"post","link":"https:\/\/blogdofarnesio.com.br\/?p=203315","title":{"rendered":"PRODUTOS PO\u00c9TICOS DE MANUCA ALMEIDA FAZEM SUCESSO NA FEIRA DE ARTE E CULTURA  QUE ACONTECE NO JO\u00c3O GILBERTO"},"content":{"rendered":"<p>Desde ontem(14) est\u00e1 acontecendo no Centro de Cultura J\u00f5ao Gilberto a FACA &#8211; Feira\u00a0 de Arte , Cultura e a\u00e7\u00f5es comunit\u00e1rias em Juazeiro .\u00a0 Uma iniciativa da Univasf em parceria com\u00a0\u00a0 a\u00a0 Proex, Dacc , Direx\u00a0 a feira re\u00fane \u00a0diversas \u00e1reas\u00a0\u00a0 e mostra o que\u00a0 o nosso povo produz.\u00a0 Artesanato ,\u00a0 produtos org\u00e2nicos , shows , interven\u00e7\u00f5es\u00a0 , oficinas e mini cursos .<\/p>\n<p>Um dos estandes\u00a0 mais visitados\u00a0 \u00e9\u00a0 o da lojinha po\u00e9tica POEMA 63 \u00a0com produtos\u00a0 com poesia do poeta Manuca Almeida e \u00a0alguns trabalhos \u00a0do est\u00fadio Voulta \u00a0dos Designres Dandara Almeida e Bruno Biano \u00a0.\u00a0 No estande os visitante\u00a0 podem levar para casa muita poesia\u00a0\u00a0 impressa , n\u00e3o s\u00f3 em livros mas tamb\u00e9m em v\u00e1rios objetos como , canecas , sedas , camisas , CDs, cart\u00f5es , quadros\u00a0 , azulejos , bolsas\u00a0 e muito mais\u00a0 , uma infinidade de produtos\u00a0 mostrando \u00a0o que o poeta sempre \u00a0acreditou , \u00a0\u00a0que a poesia pode estar em tudo \u00a0, at\u00e9 mesmo dento de voc\u00ea.<\/p>\n<p>Hoje a feirinha\u00a0 funciona hoje dia 15 \u00a0das 11h\u00a0 at\u00e9 as 21h\u00a0 , no Centro de Cultura Jo\u00e3o Gilberto .<\/p>\n<p>Entrada Gr\u00e1tis !<\/p>\n<p>Foto: Dandara Almeida<\/p>\n","protected":false},"excerpt":{"rendered":"<p>Desde ontem(14) est\u00e1 acontecendo no Centro de Cultura J\u00f5ao Gilberto a FACA &#8211; Feira\u00a0 de Arte , Cultura e a\u00e7\u00f5es comunit\u00e1rias em Juazeiro .\u00a0 Uma iniciativa da Univasf em parceria com\u00a0\u00a0 a\u00a0 Proex, Dacc , Direx\u00a0 a feira re\u00fane \u00a0diversas \u00e1reas\u00a0\u00a0 e mostra o que\u00a0 o nosso povo produz.\u00a0 Artesanato ,\u00a0 produtos org\u00e2nicos , shows , interven\u00e7\u00f5es\u00a0 , oficinas e mini cursos . Um dos estandes\u00a0 mais visitados\u00a0 \u00e9\u00a0 o da lojinha po\u00e9tica POEMA 63 \u00a0com produtos\u00a0 com poesia do poeta Manuca Almeida e \u00a0alguns trabalhos \u00a0do est\u00fadio Voulta \u00a0dos Designres Dandara Almeida e Bruno Biano \u00a0.\u00a0 No estande os visitante\u00a0 podem levar para casa muita poesia\u00a0\u00a0 impressa , n\u00e3o s\u00f3 em livros mas tamb\u00e9m em v\u00e1rios objetos como ,&hellip; <\/p>\n","protected":false},"author":1,"featured_media":203313,"comment_status":"closed","ping_status":"closed","sticky":false,"template":"","format":"standard","meta":{"_acf_changed":false,"footnotes":""},"categories":[10],"tags":[],"class_list":["post-203315","post","type-post","status-publish","format-standard","has-post-thumbnail","hentry","category-cultura"],"acf":[],"yoast_head":"<!-- This site is optimized with the Yoast SEO plugin v27.4 - https:\/\/yoast.com\/product\/yoast-seo-wordpress\/ -->\n<title>PRODUTOS PO\u00c9TICOS DE MANUCA ALMEIDA FAZEM SUCESSO NA FEIRA DE ARTE E CULTURA QUE ACONTECE NO JO\u00c3O GILBERTO - Blog do Farn\u00e9sio<\/title>\n<meta name=\"robots\" content=\"index, follow, max-snippet:-1, max-image-preview:large, max-video-preview:-1\" \/>\n<link rel=\"canonical\" href=\"https:\/\/blogdofarnesio.com.br\/?p=203315\" \/>\n<meta property=\"og:locale\" content=\"pt_BR\" \/>\n<meta property=\"og:type\" content=\"article\" \/>\n<meta property=\"og:title\" content=\"PRODUTOS PO\u00c9TICOS DE MANUCA ALMEIDA FAZEM SUCESSO NA FEIRA DE ARTE E CULTURA QUE ACONTECE NO JO\u00c3O GILBERTO - Blog do Farn\u00e9sio\" \/>\n<meta property=\"og:description\" content=\"Desde ontem(14) est\u00e1 acontecendo no Centro de Cultura J\u00f5ao Gilberto a FACA &#8211; Feira\u00a0 de Arte , Cultura e a\u00e7\u00f5es comunit\u00e1rias em Juazeiro .\u00a0 Uma iniciativa da Univasf em parceria com\u00a0\u00a0 a\u00a0 Proex, Dacc , Direx\u00a0 a feira re\u00fane \u00a0diversas \u00e1reas\u00a0\u00a0 e mostra o que\u00a0 o nosso povo produz.\u00a0 Artesanato ,\u00a0 produtos org\u00e2nicos , shows , interven\u00e7\u00f5es\u00a0 , oficinas e mini cursos . Um dos estandes\u00a0 mais visitados\u00a0 \u00e9\u00a0 o da lojinha po\u00e9tica POEMA 63 \u00a0com produtos\u00a0 com poesia do poeta Manuca Almeida e \u00a0alguns trabalhos \u00a0do est\u00fadio Voulta \u00a0dos Designres Dandara Almeida e Bruno Biano \u00a0.\u00a0 No estande os visitante\u00a0 podem levar para casa muita poesia\u00a0\u00a0 impressa , n\u00e3o s\u00f3 em livros mas tamb\u00e9m em v\u00e1rios objetos como ,&hellip;\" \/>\n<meta property=\"og:url\" content=\"https:\/\/blogdofarnesio.com.br\/?p=203315\" \/>\n<meta property=\"og:site_name\" content=\"Blog do Farn\u00e9sio\" \/>\n<meta property=\"article:publisher\" content=\"https:\/\/www.facebook.com\/BlogQuerSaberPolitica\/\" \/>\n<meta property=\"article:published_time\" content=\"2018-07-15T20:36:02+00:00\" \/>\n<meta property=\"article:modified_time\" content=\"2018-07-15T20:36:42+00:00\" \/>\n<meta property=\"og:image\" content=\"https:\/\/blogdofarnesio.com.br\/wp-content\/uploads\/2018\/07\/blogqsplumanucaalmeida.jpg\" \/>\n\t<meta property=\"og:image:width\" content=\"640\" \/>\n\t<meta property=\"og:image:height\" content=\"411\" \/>\n\t<meta property=\"og:image:type\" content=\"image\/jpeg\" \/>\n<meta name=\"author\" content=\"Farn\u00e9sio\" \/>\n<meta name=\"twitter:card\" content=\"summary_large_image\" \/>\n<meta name=\"twitter:label1\" content=\"Escrito por\" \/>\n\t<meta name=\"twitter:data1\" content=\"Farn\u00e9sio\" \/>\n\t<meta name=\"twitter:label2\" content=\"Est. tempo de leitura\" \/>\n\t<meta name=\"twitter:data2\" content=\"1 minuto\" \/>\n<script type=\"application\/ld+json\" class=\"yoast-schema-graph\">{\"@context\":\"https:\\\/\\\/schema.org\",\"@graph\":[{\"@type\":\"Article\",\"@id\":\"https:\\\/\\\/blogdofarnesio.com.br\\\/?p=203315#article\",\"isPartOf\":{\"@id\":\"https:\\\/\\\/blogdofarnesio.com.br\\\/?p=203315\"},\"author\":{\"name\":\"Farn\u00e9sio\",\"@id\":\"https:\\\/\\\/blogdofarnesio.com.br\\\/#\\\/schema\\\/person\\\/301c4acf522bccbfdb45af95b5b906a1\"},\"headline\":\"PRODUTOS PO\u00c9TICOS DE MANUCA ALMEIDA FAZEM SUCESSO NA FEIRA DE ARTE E CULTURA QUE ACONTECE NO JO\u00c3O GILBERTO\",\"datePublished\":\"2018-07-15T20:36:02+00:00\",\"dateModified\":\"2018-07-15T20:36:42+00:00\",\"mainEntityOfPage\":{\"@id\":\"https:\\\/\\\/blogdofarnesio.com.br\\\/?p=203315\"},\"wordCount\":197,\"publisher\":{\"@id\":\"https:\\\/\\\/blogdofarnesio.com.br\\\/#organization\"},\"image\":{\"@id\":\"https:\\\/\\\/blogdofarnesio.com.br\\\/?p=203315#primaryimage\"},\"thumbnailUrl\":\"https:\\\/\\\/blogdofarnesio.com.br\\\/wp-content\\\/uploads\\\/2018\\\/07\\\/blogqsplumanucaalmeida.jpg\",\"articleSection\":[\"Cultura\"],\"inLanguage\":\"pt-BR\"},{\"@type\":\"WebPage\",\"@id\":\"https:\\\/\\\/blogdofarnesio.com.br\\\/?p=203315\",\"url\":\"https:\\\/\\\/blogdofarnesio.com.br\\\/?p=203315\",\"name\":\"PRODUTOS PO\u00c9TICOS DE MANUCA ALMEIDA FAZEM SUCESSO NA FEIRA DE ARTE E CULTURA QUE ACONTECE NO JO\u00c3O GILBERTO - Blog do Farn\u00e9sio\",\"isPartOf\":{\"@id\":\"https:\\\/\\\/blogdofarnesio.com.br\\\/#website\"},\"primaryImageOfPage\":{\"@id\":\"https:\\\/\\\/blogdofarnesio.com.br\\\/?p=203315#primaryimage\"},\"image\":{\"@id\":\"https:\\\/\\\/blogdofarnesio.com.br\\\/?p=203315#primaryimage\"},\"thumbnailUrl\":\"https:\\\/\\\/blogdofarnesio.com.br\\\/wp-content\\\/uploads\\\/2018\\\/07\\\/blogqsplumanucaalmeida.jpg\",\"datePublished\":\"2018-07-15T20:36:02+00:00\",\"dateModified\":\"2018-07-15T20:36:42+00:00\",\"breadcrumb\":{\"@id\":\"https:\\\/\\\/blogdofarnesio.com.br\\\/?p=203315#breadcrumb\"},\"inLanguage\":\"pt-BR\",\"potentialAction\":[{\"@type\":\"ReadAction\",\"target\":[\"https:\\\/\\\/blogdofarnesio.com.br\\\/?p=203315\"]}]},{\"@type\":\"ImageObject\",\"inLanguage\":\"pt-BR\",\"@id\":\"https:\\\/\\\/blogdofarnesio.com.br\\\/?p=203315#primaryimage\",\"url\":\"https:\\\/\\\/blogdofarnesio.com.br\\\/wp-content\\\/uploads\\\/2018\\\/07\\\/blogqsplumanucaalmeida.jpg\",\"contentUrl\":\"https:\\\/\\\/blogdofarnesio.com.br\\\/wp-content\\\/uploads\\\/2018\\\/07\\\/blogqsplumanucaalmeida.jpg\",\"width\":640,\"height\":411,\"caption\":\"Imagem antigo do poeta Manuquiinha e sua musa L\u00fa Almeida Arquivo da Fam\u00edlia\"},{\"@type\":\"BreadcrumbList\",\"@id\":\"https:\\\/\\\/blogdofarnesio.com.br\\\/?p=203315#breadcrumb\",\"itemListElement\":[{\"@type\":\"ListItem\",\"position\":1,\"name\":\"In\u00edcio\",\"item\":\"https:\\\/\\\/blogdofarnesio.com.br\\\/\"},{\"@type\":\"ListItem\",\"position\":2,\"name\":\"PRODUTOS PO\u00c9TICOS DE MANUCA ALMEIDA FAZEM SUCESSO NA FEIRA DE ARTE E CULTURA QUE ACONTECE NO JO\u00c3O GILBERTO\"}]},{\"@type\":\"WebSite\",\"@id\":\"https:\\\/\\\/blogdofarnesio.com.br\\\/#website\",\"url\":\"https:\\\/\\\/blogdofarnesio.com.br\\\/\",\"name\":\"Blog do Farn\u00e9sio\",\"description\":\"Quer Saber Pol\u00edtica?\",\"publisher\":{\"@id\":\"https:\\\/\\\/blogdofarnesio.com.br\\\/#organization\"},\"potentialAction\":[{\"@type\":\"SearchAction\",\"target\":{\"@type\":\"EntryPoint\",\"urlTemplate\":\"https:\\\/\\\/blogdofarnesio.com.br\\\/?s={search_term_string}\"},\"query-input\":{\"@type\":\"PropertyValueSpecification\",\"valueRequired\":true,\"valueName\":\"search_term_string\"}}],\"inLanguage\":\"pt-BR\"},{\"@type\":\"Organization\",\"@id\":\"https:\\\/\\\/blogdofarnesio.com.br\\\/#organization\",\"name\":\"Blog do Farn\u00e9sio\",\"url\":\"https:\\\/\\\/blogdofarnesio.com.br\\\/\",\"logo\":{\"@type\":\"ImageObject\",\"inLanguage\":\"pt-BR\",\"@id\":\"https:\\\/\\\/blogdofarnesio.com.br\\\/#\\\/schema\\\/logo\\\/image\\\/\",\"url\":\"https:\\\/\\\/blogdofarnesio.com.br\\\/wp-content\\\/uploads\\\/2026\\\/03\\\/cropped-logo_new-1.png\",\"contentUrl\":\"https:\\\/\\\/blogdofarnesio.com.br\\\/wp-content\\\/uploads\\\/2026\\\/03\\\/cropped-logo_new-1.png\",\"width\":881,\"height\":685,\"caption\":\"Blog do Farn\u00e9sio\"},\"image\":{\"@id\":\"https:\\\/\\\/blogdofarnesio.com.br\\\/#\\\/schema\\\/logo\\\/image\\\/\"},\"sameAs\":[\"https:\\\/\\\/www.facebook.com\\\/BlogQuerSaberPolitica\\\/\"]},{\"@type\":\"Person\",\"@id\":\"https:\\\/\\\/blogdofarnesio.com.br\\\/#\\\/schema\\\/person\\\/301c4acf522bccbfdb45af95b5b906a1\",\"name\":\"Farn\u00e9sio\",\"image\":{\"@type\":\"ImageObject\",\"inLanguage\":\"pt-BR\",\"@id\":\"https:\\\/\\\/secure.gravatar.com\\\/avatar\\\/df0c9a14567c056f8ad6876ba5bbd1e3e2c48023eb6807342fc4663adf549f38?s=96&d=mm&r=g\",\"url\":\"https:\\\/\\\/secure.gravatar.com\\\/avatar\\\/df0c9a14567c056f8ad6876ba5bbd1e3e2c48023eb6807342fc4663adf549f38?s=96&d=mm&r=g\",\"contentUrl\":\"https:\\\/\\\/secure.gravatar.com\\\/avatar\\\/df0c9a14567c056f8ad6876ba5bbd1e3e2c48023eb6807342fc4663adf549f38?s=96&d=mm&r=g\",\"caption\":\"Farn\u00e9sio\"},\"sameAs\":[\"https:\\\/\\\/quersaberpolitica.com.br\"],\"url\":\"https:\\\/\\\/blogdofarnesio.com.br\\\/?author=1\"}]}<\/script>\n<!-- \/ Yoast SEO plugin. -->","yoast_head_json":{"title":"PRODUTOS PO\u00c9TICOS DE MANUCA ALMEIDA FAZEM SUCESSO NA FEIRA DE ARTE E CULTURA QUE ACONTECE NO JO\u00c3O GILBERTO - Blog do Farn\u00e9sio","robots":{"index":"index","follow":"follow","max-snippet":"max-snippet:-1","max-image-preview":"max-image-preview:large","max-video-preview":"max-video-preview:-1"},"canonical":"https:\/\/blogdofarnesio.com.br\/?p=203315","og_locale":"pt_BR","og_type":"article","og_title":"PRODUTOS PO\u00c9TICOS DE MANUCA ALMEIDA FAZEM SUCESSO NA FEIRA DE ARTE E CULTURA QUE ACONTECE NO JO\u00c3O GILBERTO - Blog do Farn\u00e9sio","og_description":"Desde ontem(14) est\u00e1 acontecendo no Centro de Cultura J\u00f5ao Gilberto a FACA &#8211; Feira\u00a0 de Arte , Cultura e a\u00e7\u00f5es comunit\u00e1rias em Juazeiro .\u00a0 Uma iniciativa da Univasf em parceria com\u00a0\u00a0 a\u00a0 Proex, Dacc , Direx\u00a0 a feira re\u00fane \u00a0diversas \u00e1reas\u00a0\u00a0 e mostra o que\u00a0 o nosso povo produz.\u00a0 Artesanato ,\u00a0 produtos org\u00e2nicos , shows , interven\u00e7\u00f5es\u00a0 , oficinas e mini cursos . Um dos estandes\u00a0 mais visitados\u00a0 \u00e9\u00a0 o da lojinha po\u00e9tica POEMA 63 \u00a0com produtos\u00a0 com poesia do poeta Manuca Almeida e \u00a0alguns trabalhos \u00a0do est\u00fadio Voulta \u00a0dos Designres Dandara Almeida e Bruno Biano \u00a0.\u00a0 No estande os visitante\u00a0 podem levar para casa muita poesia\u00a0\u00a0 impressa , n\u00e3o s\u00f3 em livros mas tamb\u00e9m em v\u00e1rios objetos como ,&hellip;","og_url":"https:\/\/blogdofarnesio.com.br\/?p=203315","og_site_name":"Blog do Farn\u00e9sio","article_publisher":"https:\/\/www.facebook.com\/BlogQuerSaberPolitica\/","article_published_time":"2018-07-15T20:36:02+00:00","article_modified_time":"2018-07-15T20:36:42+00:00","og_image":[{"width":640,"height":411,"url":"https:\/\/blogdofarnesio.com.br\/wp-content\/uploads\/2018\/07\/blogqsplumanucaalmeida.jpg","type":"image\/jpeg"}],"author":"Farn\u00e9sio","twitter_card":"summary_large_image","twitter_misc":{"Escrito por":"Farn\u00e9sio","Est. tempo de leitura":"1 minuto"},"schema":{"@context":"https:\/\/schema.org","@graph":[{"@type":"Article","@id":"https:\/\/blogdofarnesio.com.br\/?p=203315#article","isPartOf":{"@id":"https:\/\/blogdofarnesio.com.br\/?p=203315"},"author":{"name":"Farn\u00e9sio","@id":"https:\/\/blogdofarnesio.com.br\/#\/schema\/person\/301c4acf522bccbfdb45af95b5b906a1"},"headline":"PRODUTOS PO\u00c9TICOS DE MANUCA ALMEIDA FAZEM SUCESSO NA FEIRA DE ARTE E CULTURA QUE ACONTECE NO JO\u00c3O GILBERTO","datePublished":"2018-07-15T20:36:02+00:00","dateModified":"2018-07-15T20:36:42+00:00","mainEntityOfPage":{"@id":"https:\/\/blogdofarnesio.com.br\/?p=203315"},"wordCount":197,"publisher":{"@id":"https:\/\/blogdofarnesio.com.br\/#organization"},"image":{"@id":"https:\/\/blogdofarnesio.com.br\/?p=203315#primaryimage"},"thumbnailUrl":"https:\/\/blogdofarnesio.com.br\/wp-content\/uploads\/2018\/07\/blogqsplumanucaalmeida.jpg","articleSection":["Cultura"],"inLanguage":"pt-BR"},{"@type":"WebPage","@id":"https:\/\/blogdofarnesio.com.br\/?p=203315","url":"https:\/\/blogdofarnesio.com.br\/?p=203315","name":"PRODUTOS PO\u00c9TICOS DE MANUCA ALMEIDA FAZEM SUCESSO NA FEIRA DE ARTE E CULTURA QUE ACONTECE NO JO\u00c3O GILBERTO - Blog do Farn\u00e9sio","isPartOf":{"@id":"https:\/\/blogdofarnesio.com.br\/#website"},"primaryImageOfPage":{"@id":"https:\/\/blogdofarnesio.com.br\/?p=203315#primaryimage"},"image":{"@id":"https:\/\/blogdofarnesio.com.br\/?p=203315#primaryimage"},"thumbnailUrl":"https:\/\/blogdofarnesio.com.br\/wp-content\/uploads\/2018\/07\/blogqsplumanucaalmeida.jpg","datePublished":"2018-07-15T20:36:02+00:00","dateModified":"2018-07-15T20:36:42+00:00","breadcrumb":{"@id":"https:\/\/blogdofarnesio.com.br\/?p=203315#breadcrumb"},"inLanguage":"pt-BR","potentialAction":[{"@type":"ReadAction","target":["https:\/\/blogdofarnesio.com.br\/?p=203315"]}]},{"@type":"ImageObject","inLanguage":"pt-BR","@id":"https:\/\/blogdofarnesio.com.br\/?p=203315#primaryimage","url":"https:\/\/blogdofarnesio.com.br\/wp-content\/uploads\/2018\/07\/blogqsplumanucaalmeida.jpg","contentUrl":"https:\/\/blogdofarnesio.com.br\/wp-content\/uploads\/2018\/07\/blogqsplumanucaalmeida.jpg","width":640,"height":411,"caption":"Imagem antigo do poeta Manuquiinha e sua musa L\u00fa Almeida Arquivo da Fam\u00edlia"},{"@type":"BreadcrumbList","@id":"https:\/\/blogdofarnesio.com.br\/?p=203315#breadcrumb","itemListElement":[{"@type":"ListItem","position":1,"name":"In\u00edcio","item":"https:\/\/blogdofarnesio.com.br\/"},{"@type":"ListItem","position":2,"name":"PRODUTOS PO\u00c9TICOS DE MANUCA ALMEIDA FAZEM SUCESSO NA FEIRA DE ARTE E CULTURA QUE ACONTECE NO JO\u00c3O GILBERTO"}]},{"@type":"WebSite","@id":"https:\/\/blogdofarnesio.com.br\/#website","url":"https:\/\/blogdofarnesio.com.br\/","name":"Blog do Farn\u00e9sio","description":"Quer Saber Pol\u00edtica?","publisher":{"@id":"https:\/\/blogdofarnesio.com.br\/#organization"},"potentialAction":[{"@type":"SearchAction","target":{"@type":"EntryPoint","urlTemplate":"https:\/\/blogdofarnesio.com.br\/?s={search_term_string}"},"query-input":{"@type":"PropertyValueSpecification","valueRequired":true,"valueName":"search_term_string"}}],"inLanguage":"pt-BR"},{"@type":"Organization","@id":"https:\/\/blogdofarnesio.com.br\/#organization","name":"Blog do Farn\u00e9sio","url":"https:\/\/blogdofarnesio.com.br\/","logo":{"@type":"ImageObject","inLanguage":"pt-BR","@id":"https:\/\/blogdofarnesio.com.br\/#\/schema\/logo\/image\/","url":"https:\/\/blogdofarnesio.com.br\/wp-content\/uploads\/2026\/03\/cropped-logo_new-1.png","contentUrl":"https:\/\/blogdofarnesio.com.br\/wp-content\/uploads\/2026\/03\/cropped-logo_new-1.png","width":881,"height":685,"caption":"Blog do Farn\u00e9sio"},"image":{"@id":"https:\/\/blogdofarnesio.com.br\/#\/schema\/logo\/image\/"},"sameAs":["https:\/\/www.facebook.com\/BlogQuerSaberPolitica\/"]},{"@type":"Person","@id":"https:\/\/blogdofarnesio.com.br\/#\/schema\/person\/301c4acf522bccbfdb45af95b5b906a1","name":"Farn\u00e9sio","image":{"@type":"ImageObject","inLanguage":"pt-BR","@id":"https:\/\/secure.gravatar.com\/avatar\/df0c9a14567c056f8ad6876ba5bbd1e3e2c48023eb6807342fc4663adf549f38?s=96&d=mm&r=g","url":"https:\/\/secure.gravatar.com\/avatar\/df0c9a14567c056f8ad6876ba5bbd1e3e2c48023eb6807342fc4663adf549f38?s=96&d=mm&r=g","contentUrl":"https:\/\/secure.gravatar.com\/avatar\/df0c9a14567c056f8ad6876ba5bbd1e3e2c48023eb6807342fc4663adf549f38?s=96&d=mm&r=g","caption":"Farn\u00e9sio"},"sameAs":["https:\/\/quersaberpolitica.com.br"],"url":"https:\/\/blogdofarnesio.com.br\/?author=1"}]}},"_links":{"self":[{"href":"https:\/\/blogdofarnesio.com.br\/index.php?rest_route=\/wp\/v2\/posts\/203315","targetHints":{"allow":["GET"]}}],"collection":[{"href":"https:\/\/blogdofarnesio.com.br\/index.php?rest_route=\/wp\/v2\/posts"}],"about":[{"href":"https:\/\/blogdofarnesio.com.br\/index.php?rest_route=\/wp\/v2\/types\/post"}],"author":[{"embeddable":true,"href":"https:\/\/blogdofarnesio.com.br\/index.php?rest_route=\/wp\/v2\/users\/1"}],"replies":[{"embeddable":true,"href":"https:\/\/blogdofarnesio.com.br\/index.php?rest_route=%2Fwp%2Fv2%2Fcomments&post=203315"}],"version-history":[{"count":0,"href":"https:\/\/blogdofarnesio.com.br\/index.php?rest_route=\/wp\/v2\/posts\/203315\/revisions"}],"wp:featuredmedia":[{"embeddable":true,"href":"https:\/\/blogdofarnesio.com.br\/index.php?rest_route=\/wp\/v2\/media\/203313"}],"wp:attachment":[{"href":"https:\/\/blogdofarnesio.com.br\/index.php?rest_route=%2Fwp%2Fv2%2Fmedia&parent=203315"}],"wp:term":[{"taxonomy":"category","embeddable":true,"href":"https:\/\/blogdofarnesio.com.br\/index.php?rest_route=%2Fwp%2Fv2%2Fcategories&post=203315"},{"taxonomy":"post_tag","embeddable":true,"href":"https:\/\/blogdofarnesio.com.br\/index.php?rest_route=%2Fwp%2Fv2%2Ftags&post=203315"}],"curies":[{"name":"wp","href":"https:\/\/api.w.org\/{rel}","templated":true}]}}