{"id":202174,"date":"2018-07-04T09:00:59","date_gmt":"2018-07-04T12:00:59","guid":{"rendered":"http:\/\/quersaberpolitica.com.br\/2016\/?p=202174"},"modified":"2018-07-03T20:12:50","modified_gmt":"2018-07-03T23:12:50","slug":"eleicoes-2018-liderancas-de-monte-santo-ba-manifestam-apoio-a-pre-candidatura-de-isaac-carvalho-a-deputado-federal","status":"publish","type":"post","link":"https:\/\/blogdofarnesio.com.br\/?p=202174","title":{"rendered":"ELEI\u00c7\u00d5ES 2018: LIDERAN\u00c7AS DE MONTE SANTO-BA, MANIFESTAM APOIO A PR\u00c9-CANDIDATURA DE ISAAC CARVALHO A DEPUTADO FEDERAL"},"content":{"rendered":"<p style=\"font-weight: 400; text-align: justify;\">O pr\u00e9-candidato a deputado federal, Isaac Carvalho, participou na tarde desta segunda-feira (02) de uma reuni\u00e3o com lideran\u00e7as pol\u00edticas do PC do B de Monte Santo, na regi\u00e3o sisaleira, no norte da Bahia. Na reuni\u00e3o, que aconteceu na sede da Associa\u00e7\u00e3o dos Trabalhadores Rurais, no distrito de Pedra Vermelha, Isaac foi sabatinado pelos membros do partido, que expuseram as principais demandas da popula\u00e7\u00e3o e declararam apoio \u00e0 sua candidatura.<\/p>\n<p style=\"font-weight: 400; text-align: justify;\">Em seguida, Isaac e os membros do partido foram recebidos na casa da pr\u00e9-candidata a deputada estadual, Silvania Matos, que refor\u00e7ou o apoio a Isaac e ressaltou a import\u00e2ncia da parceria com uma pr\u00e9-candidatura que fortale\u00e7a o partido na regi\u00e3o e represente o sentimento de mudan\u00e7a entre os moradores. &#8220;O mais importante, e o que todo mundo concorda, \u00e9 que Monte Santo precisa de um novo rumo pol\u00edtico e n\u00f3s somos essa esperan\u00e7a. Queremos a cada dia reafirmar isso ao povo e por isso estamos fortalecendo o nosso grupo com Isaac, que \u00e9 hoje a maior lideran\u00e7a do norte da Bahia e certamente dar\u00e1 uma grande contribui\u00e7\u00e3o ao munic\u00edpio atrav\u00e9s dessa dobradinha comigo\u201d, declarou.<\/p>\n<p style=\"font-weight: 400; text-align: justify;\">Para o presidente do PC do B de Monte Santo, Marcos Duarte, o que mais justifica o apoio a Isaac \u00e9 o projeto pol\u00edtico apresentado para a cidade. &#8220;Tivemos uma conversa bastante produtiva. Como a gente tem um alinhamento pol\u00edtico com o grupo de Silvania Matos e Isaac j\u00e1 vem conversando h\u00e1 bastante tempo com ela, a gente resolve caminhar junto com ele. Estamos fechados com Isaac Carvalho e vamos dar o m\u00e1ximo poss\u00edvel para que ele chegue l\u00e1 na c\u00e2mara federal&#8221;, declarou.<\/p>\n<p style=\"font-weight: 400; text-align: justify;\">Ex-prefeito de Juazeiro e atual presidente do PC do B local, Isaac Carvalho destacou que o trabalho realizado pelo partido na cidade \u00e9 reconhecido nacionalmente como refer\u00eancia. &#8220;As coisas se constroem com estrat\u00e9gia, planejamento e trabalho. E eu estou \u00e0 disposi\u00e7\u00e3o para elabora\u00e7\u00e3o de um projeto para Monte Santo, a fim de de ganharmos mais for\u00e7a e mais representatividade em todas as inst\u00e2ncias do poder&#8221;, finalizou Isaac Carvalho.<\/p>\n<p style=\"font-weight: 400; text-align: justify;\"><em>\u00a0<\/em><\/p>\n<p style=\"font-weight: 400; text-align: justify;\"><em>Ascom\/Isaac Carvalho<\/em><\/p>\n","protected":false},"excerpt":{"rendered":"<p>O pr\u00e9-candidato a deputado federal, Isaac Carvalho, participou na tarde desta segunda-feira (02) de uma reuni\u00e3o com lideran\u00e7as pol\u00edticas do PC do B de Monte Santo, na regi\u00e3o sisaleira, no norte da Bahia. Na reuni\u00e3o, que aconteceu na sede da Associa\u00e7\u00e3o dos Trabalhadores Rurais, no distrito de Pedra Vermelha, Isaac foi sabatinado pelos membros do partido, que expuseram as principais demandas da popula\u00e7\u00e3o e declararam apoio \u00e0 sua candidatura. Em seguida, Isaac e os membros do partido foram recebidos na casa da pr\u00e9-candidata a deputada estadual, Silvania Matos, que refor\u00e7ou o apoio a Isaac e ressaltou a import\u00e2ncia da parceria com uma pr\u00e9-candidatura que fortale\u00e7a o partido na regi\u00e3o e represente o sentimento de mudan\u00e7a entre os moradores. &#8220;O mais&hellip; <\/p>\n","protected":false},"author":1,"featured_media":202175,"comment_status":"closed","ping_status":"closed","sticky":false,"template":"","format":"standard","meta":{"_acf_changed":false,"footnotes":""},"categories":[34],"tags":[],"class_list":["post-202174","post","type-post","status-publish","format-standard","has-post-thumbnail","hentry","category-eleicoes"],"acf":[],"yoast_head":"<!-- This site is optimized with the Yoast SEO plugin v27.4 - https:\/\/yoast.com\/product\/yoast-seo-wordpress\/ -->\n<title>ELEI\u00c7\u00d5ES 2018: LIDERAN\u00c7AS DE MONTE SANTO-BA, MANIFESTAM APOIO A PR\u00c9-CANDIDATURA DE ISAAC CARVALHO A DEPUTADO FEDERAL - Blog do Farn\u00e9sio<\/title>\n<meta name=\"robots\" content=\"index, follow, max-snippet:-1, max-image-preview:large, max-video-preview:-1\" \/>\n<link rel=\"canonical\" href=\"https:\/\/blogdofarnesio.com.br\/?p=202174\" \/>\n<meta property=\"og:locale\" content=\"pt_BR\" \/>\n<meta property=\"og:type\" content=\"article\" \/>\n<meta property=\"og:title\" content=\"ELEI\u00c7\u00d5ES 2018: LIDERAN\u00c7AS DE MONTE SANTO-BA, MANIFESTAM APOIO A PR\u00c9-CANDIDATURA DE ISAAC CARVALHO A DEPUTADO FEDERAL - Blog do Farn\u00e9sio\" \/>\n<meta property=\"og:description\" content=\"O pr\u00e9-candidato a deputado federal, Isaac Carvalho, participou na tarde desta segunda-feira (02) de uma reuni\u00e3o com lideran\u00e7as pol\u00edticas do PC do B de Monte Santo, na regi\u00e3o sisaleira, no norte da Bahia. Na reuni\u00e3o, que aconteceu na sede da Associa\u00e7\u00e3o dos Trabalhadores Rurais, no distrito de Pedra Vermelha, Isaac foi sabatinado pelos membros do partido, que expuseram as principais demandas da popula\u00e7\u00e3o e declararam apoio \u00e0 sua candidatura. Em seguida, Isaac e os membros do partido foram recebidos na casa da pr\u00e9-candidata a deputada estadual, Silvania Matos, que refor\u00e7ou o apoio a Isaac e ressaltou a import\u00e2ncia da parceria com uma pr\u00e9-candidatura que fortale\u00e7a o partido na regi\u00e3o e represente o sentimento de mudan\u00e7a entre os moradores. &#8220;O mais&hellip;\" \/>\n<meta property=\"og:url\" content=\"https:\/\/blogdofarnesio.com.br\/?p=202174\" \/>\n<meta property=\"og:site_name\" content=\"Blog do Farn\u00e9sio\" \/>\n<meta property=\"article:publisher\" content=\"https:\/\/www.facebook.com\/BlogQuerSaberPolitica\/\" \/>\n<meta property=\"article:published_time\" content=\"2018-07-04T12:00:59+00:00\" \/>\n<meta property=\"og:image\" content=\"https:\/\/blogdofarnesio.com.br\/wp-content\/uploads\/2018\/07\/blogqsp-Isaac-Monte-Santo.jpg\" \/>\n\t<meta property=\"og:image:width\" content=\"480\" \/>\n\t<meta property=\"og:image:height\" content=\"480\" \/>\n\t<meta property=\"og:image:type\" content=\"image\/jpeg\" \/>\n<meta name=\"author\" content=\"Farn\u00e9sio\" \/>\n<meta name=\"twitter:card\" content=\"summary_large_image\" \/>\n<meta name=\"twitter:label1\" content=\"Escrito por\" \/>\n\t<meta name=\"twitter:data1\" content=\"Farn\u00e9sio\" \/>\n\t<meta name=\"twitter:label2\" content=\"Est. tempo de leitura\" \/>\n\t<meta name=\"twitter:data2\" content=\"2 minutos\" \/>\n<script type=\"application\/ld+json\" class=\"yoast-schema-graph\">{\"@context\":\"https:\\\/\\\/schema.org\",\"@graph\":[{\"@type\":\"Article\",\"@id\":\"https:\\\/\\\/blogdofarnesio.com.br\\\/?p=202174#article\",\"isPartOf\":{\"@id\":\"https:\\\/\\\/blogdofarnesio.com.br\\\/?p=202174\"},\"author\":{\"name\":\"Farn\u00e9sio\",\"@id\":\"https:\\\/\\\/blogdofarnesio.com.br\\\/#\\\/schema\\\/person\\\/301c4acf522bccbfdb45af95b5b906a1\"},\"headline\":\"ELEI\u00c7\u00d5ES 2018: LIDERAN\u00c7AS DE MONTE SANTO-BA, MANIFESTAM APOIO A PR\u00c9-CANDIDATURA DE ISAAC CARVALHO A DEPUTADO FEDERAL\",\"datePublished\":\"2018-07-04T12:00:59+00:00\",\"mainEntityOfPage\":{\"@id\":\"https:\\\/\\\/blogdofarnesio.com.br\\\/?p=202174\"},\"wordCount\":381,\"publisher\":{\"@id\":\"https:\\\/\\\/blogdofarnesio.com.br\\\/#organization\"},\"image\":{\"@id\":\"https:\\\/\\\/blogdofarnesio.com.br\\\/?p=202174#primaryimage\"},\"thumbnailUrl\":\"https:\\\/\\\/blogdofarnesio.com.br\\\/wp-content\\\/uploads\\\/2018\\\/07\\\/blogqsp-Isaac-Monte-Santo.jpg\",\"articleSection\":[\"Elei\u00e7\u00f5es\"],\"inLanguage\":\"pt-BR\"},{\"@type\":\"WebPage\",\"@id\":\"https:\\\/\\\/blogdofarnesio.com.br\\\/?p=202174\",\"url\":\"https:\\\/\\\/blogdofarnesio.com.br\\\/?p=202174\",\"name\":\"ELEI\u00c7\u00d5ES 2018: LIDERAN\u00c7AS DE MONTE SANTO-BA, MANIFESTAM APOIO A PR\u00c9-CANDIDATURA DE ISAAC CARVALHO A DEPUTADO FEDERAL - Blog do Farn\u00e9sio\",\"isPartOf\":{\"@id\":\"https:\\\/\\\/blogdofarnesio.com.br\\\/#website\"},\"primaryImageOfPage\":{\"@id\":\"https:\\\/\\\/blogdofarnesio.com.br\\\/?p=202174#primaryimage\"},\"image\":{\"@id\":\"https:\\\/\\\/blogdofarnesio.com.br\\\/?p=202174#primaryimage\"},\"thumbnailUrl\":\"https:\\\/\\\/blogdofarnesio.com.br\\\/wp-content\\\/uploads\\\/2018\\\/07\\\/blogqsp-Isaac-Monte-Santo.jpg\",\"datePublished\":\"2018-07-04T12:00:59+00:00\",\"breadcrumb\":{\"@id\":\"https:\\\/\\\/blogdofarnesio.com.br\\\/?p=202174#breadcrumb\"},\"inLanguage\":\"pt-BR\",\"potentialAction\":[{\"@type\":\"ReadAction\",\"target\":[\"https:\\\/\\\/blogdofarnesio.com.br\\\/?p=202174\"]}]},{\"@type\":\"ImageObject\",\"inLanguage\":\"pt-BR\",\"@id\":\"https:\\\/\\\/blogdofarnesio.com.br\\\/?p=202174#primaryimage\",\"url\":\"https:\\\/\\\/blogdofarnesio.com.br\\\/wp-content\\\/uploads\\\/2018\\\/07\\\/blogqsp-Isaac-Monte-Santo.jpg\",\"contentUrl\":\"https:\\\/\\\/blogdofarnesio.com.br\\\/wp-content\\\/uploads\\\/2018\\\/07\\\/blogqsp-Isaac-Monte-Santo.jpg\",\"width\":480,\"height\":480},{\"@type\":\"BreadcrumbList\",\"@id\":\"https:\\\/\\\/blogdofarnesio.com.br\\\/?p=202174#breadcrumb\",\"itemListElement\":[{\"@type\":\"ListItem\",\"position\":1,\"name\":\"In\u00edcio\",\"item\":\"https:\\\/\\\/blogdofarnesio.com.br\\\/\"},{\"@type\":\"ListItem\",\"position\":2,\"name\":\"ELEI\u00c7\u00d5ES 2018: LIDERAN\u00c7AS DE MONTE SANTO-BA, MANIFESTAM APOIO A PR\u00c9-CANDIDATURA DE ISAAC CARVALHO A DEPUTADO FEDERAL\"}]},{\"@type\":\"WebSite\",\"@id\":\"https:\\\/\\\/blogdofarnesio.com.br\\\/#website\",\"url\":\"https:\\\/\\\/blogdofarnesio.com.br\\\/\",\"name\":\"Blog do Farn\u00e9sio\",\"description\":\"Quer Saber Pol\u00edtica?\",\"publisher\":{\"@id\":\"https:\\\/\\\/blogdofarnesio.com.br\\\/#organization\"},\"potentialAction\":[{\"@type\":\"SearchAction\",\"target\":{\"@type\":\"EntryPoint\",\"urlTemplate\":\"https:\\\/\\\/blogdofarnesio.com.br\\\/?s={search_term_string}\"},\"query-input\":{\"@type\":\"PropertyValueSpecification\",\"valueRequired\":true,\"valueName\":\"search_term_string\"}}],\"inLanguage\":\"pt-BR\"},{\"@type\":\"Organization\",\"@id\":\"https:\\\/\\\/blogdofarnesio.com.br\\\/#organization\",\"name\":\"Blog do Farn\u00e9sio\",\"url\":\"https:\\\/\\\/blogdofarnesio.com.br\\\/\",\"logo\":{\"@type\":\"ImageObject\",\"inLanguage\":\"pt-BR\",\"@id\":\"https:\\\/\\\/blogdofarnesio.com.br\\\/#\\\/schema\\\/logo\\\/image\\\/\",\"url\":\"https:\\\/\\\/blogdofarnesio.com.br\\\/wp-content\\\/uploads\\\/2026\\\/03\\\/cropped-logo_new-1.png\",\"contentUrl\":\"https:\\\/\\\/blogdofarnesio.com.br\\\/wp-content\\\/uploads\\\/2026\\\/03\\\/cropped-logo_new-1.png\",\"width\":881,\"height\":685,\"caption\":\"Blog do Farn\u00e9sio\"},\"image\":{\"@id\":\"https:\\\/\\\/blogdofarnesio.com.br\\\/#\\\/schema\\\/logo\\\/image\\\/\"},\"sameAs\":[\"https:\\\/\\\/www.facebook.com\\\/BlogQuerSaberPolitica\\\/\"]},{\"@type\":\"Person\",\"@id\":\"https:\\\/\\\/blogdofarnesio.com.br\\\/#\\\/schema\\\/person\\\/301c4acf522bccbfdb45af95b5b906a1\",\"name\":\"Farn\u00e9sio\",\"image\":{\"@type\":\"ImageObject\",\"inLanguage\":\"pt-BR\",\"@id\":\"https:\\\/\\\/secure.gravatar.com\\\/avatar\\\/df0c9a14567c056f8ad6876ba5bbd1e3e2c48023eb6807342fc4663adf549f38?s=96&d=mm&r=g\",\"url\":\"https:\\\/\\\/secure.gravatar.com\\\/avatar\\\/df0c9a14567c056f8ad6876ba5bbd1e3e2c48023eb6807342fc4663adf549f38?s=96&d=mm&r=g\",\"contentUrl\":\"https:\\\/\\\/secure.gravatar.com\\\/avatar\\\/df0c9a14567c056f8ad6876ba5bbd1e3e2c48023eb6807342fc4663adf549f38?s=96&d=mm&r=g\",\"caption\":\"Farn\u00e9sio\"},\"sameAs\":[\"https:\\\/\\\/quersaberpolitica.com.br\"],\"url\":\"https:\\\/\\\/blogdofarnesio.com.br\\\/?author=1\"}]}<\/script>\n<!-- \/ Yoast SEO plugin. -->","yoast_head_json":{"title":"ELEI\u00c7\u00d5ES 2018: LIDERAN\u00c7AS DE MONTE SANTO-BA, MANIFESTAM APOIO A PR\u00c9-CANDIDATURA DE ISAAC CARVALHO A DEPUTADO FEDERAL - Blog do Farn\u00e9sio","robots":{"index":"index","follow":"follow","max-snippet":"max-snippet:-1","max-image-preview":"max-image-preview:large","max-video-preview":"max-video-preview:-1"},"canonical":"https:\/\/blogdofarnesio.com.br\/?p=202174","og_locale":"pt_BR","og_type":"article","og_title":"ELEI\u00c7\u00d5ES 2018: LIDERAN\u00c7AS DE MONTE SANTO-BA, MANIFESTAM APOIO A PR\u00c9-CANDIDATURA DE ISAAC CARVALHO A DEPUTADO FEDERAL - Blog do Farn\u00e9sio","og_description":"O pr\u00e9-candidato a deputado federal, Isaac Carvalho, participou na tarde desta segunda-feira (02) de uma reuni\u00e3o com lideran\u00e7as pol\u00edticas do PC do B de Monte Santo, na regi\u00e3o sisaleira, no norte da Bahia. Na reuni\u00e3o, que aconteceu na sede da Associa\u00e7\u00e3o dos Trabalhadores Rurais, no distrito de Pedra Vermelha, Isaac foi sabatinado pelos membros do partido, que expuseram as principais demandas da popula\u00e7\u00e3o e declararam apoio \u00e0 sua candidatura. Em seguida, Isaac e os membros do partido foram recebidos na casa da pr\u00e9-candidata a deputada estadual, Silvania Matos, que refor\u00e7ou o apoio a Isaac e ressaltou a import\u00e2ncia da parceria com uma pr\u00e9-candidatura que fortale\u00e7a o partido na regi\u00e3o e represente o sentimento de mudan\u00e7a entre os moradores. &#8220;O mais&hellip;","og_url":"https:\/\/blogdofarnesio.com.br\/?p=202174","og_site_name":"Blog do Farn\u00e9sio","article_publisher":"https:\/\/www.facebook.com\/BlogQuerSaberPolitica\/","article_published_time":"2018-07-04T12:00:59+00:00","og_image":[{"width":480,"height":480,"url":"https:\/\/blogdofarnesio.com.br\/wp-content\/uploads\/2018\/07\/blogqsp-Isaac-Monte-Santo.jpg","type":"image\/jpeg"}],"author":"Farn\u00e9sio","twitter_card":"summary_large_image","twitter_misc":{"Escrito por":"Farn\u00e9sio","Est. tempo de leitura":"2 minutos"},"schema":{"@context":"https:\/\/schema.org","@graph":[{"@type":"Article","@id":"https:\/\/blogdofarnesio.com.br\/?p=202174#article","isPartOf":{"@id":"https:\/\/blogdofarnesio.com.br\/?p=202174"},"author":{"name":"Farn\u00e9sio","@id":"https:\/\/blogdofarnesio.com.br\/#\/schema\/person\/301c4acf522bccbfdb45af95b5b906a1"},"headline":"ELEI\u00c7\u00d5ES 2018: LIDERAN\u00c7AS DE MONTE SANTO-BA, MANIFESTAM APOIO A PR\u00c9-CANDIDATURA DE ISAAC CARVALHO A DEPUTADO FEDERAL","datePublished":"2018-07-04T12:00:59+00:00","mainEntityOfPage":{"@id":"https:\/\/blogdofarnesio.com.br\/?p=202174"},"wordCount":381,"publisher":{"@id":"https:\/\/blogdofarnesio.com.br\/#organization"},"image":{"@id":"https:\/\/blogdofarnesio.com.br\/?p=202174#primaryimage"},"thumbnailUrl":"https:\/\/blogdofarnesio.com.br\/wp-content\/uploads\/2018\/07\/blogqsp-Isaac-Monte-Santo.jpg","articleSection":["Elei\u00e7\u00f5es"],"inLanguage":"pt-BR"},{"@type":"WebPage","@id":"https:\/\/blogdofarnesio.com.br\/?p=202174","url":"https:\/\/blogdofarnesio.com.br\/?p=202174","name":"ELEI\u00c7\u00d5ES 2018: LIDERAN\u00c7AS DE MONTE SANTO-BA, MANIFESTAM APOIO A PR\u00c9-CANDIDATURA DE ISAAC CARVALHO A DEPUTADO FEDERAL - Blog do Farn\u00e9sio","isPartOf":{"@id":"https:\/\/blogdofarnesio.com.br\/#website"},"primaryImageOfPage":{"@id":"https:\/\/blogdofarnesio.com.br\/?p=202174#primaryimage"},"image":{"@id":"https:\/\/blogdofarnesio.com.br\/?p=202174#primaryimage"},"thumbnailUrl":"https:\/\/blogdofarnesio.com.br\/wp-content\/uploads\/2018\/07\/blogqsp-Isaac-Monte-Santo.jpg","datePublished":"2018-07-04T12:00:59+00:00","breadcrumb":{"@id":"https:\/\/blogdofarnesio.com.br\/?p=202174#breadcrumb"},"inLanguage":"pt-BR","potentialAction":[{"@type":"ReadAction","target":["https:\/\/blogdofarnesio.com.br\/?p=202174"]}]},{"@type":"ImageObject","inLanguage":"pt-BR","@id":"https:\/\/blogdofarnesio.com.br\/?p=202174#primaryimage","url":"https:\/\/blogdofarnesio.com.br\/wp-content\/uploads\/2018\/07\/blogqsp-Isaac-Monte-Santo.jpg","contentUrl":"https:\/\/blogdofarnesio.com.br\/wp-content\/uploads\/2018\/07\/blogqsp-Isaac-Monte-Santo.jpg","width":480,"height":480},{"@type":"BreadcrumbList","@id":"https:\/\/blogdofarnesio.com.br\/?p=202174#breadcrumb","itemListElement":[{"@type":"ListItem","position":1,"name":"In\u00edcio","item":"https:\/\/blogdofarnesio.com.br\/"},{"@type":"ListItem","position":2,"name":"ELEI\u00c7\u00d5ES 2018: LIDERAN\u00c7AS DE MONTE SANTO-BA, MANIFESTAM APOIO A PR\u00c9-CANDIDATURA DE ISAAC CARVALHO A DEPUTADO FEDERAL"}]},{"@type":"WebSite","@id":"https:\/\/blogdofarnesio.com.br\/#website","url":"https:\/\/blogdofarnesio.com.br\/","name":"Blog do Farn\u00e9sio","description":"Quer Saber Pol\u00edtica?","publisher":{"@id":"https:\/\/blogdofarnesio.com.br\/#organization"},"potentialAction":[{"@type":"SearchAction","target":{"@type":"EntryPoint","urlTemplate":"https:\/\/blogdofarnesio.com.br\/?s={search_term_string}"},"query-input":{"@type":"PropertyValueSpecification","valueRequired":true,"valueName":"search_term_string"}}],"inLanguage":"pt-BR"},{"@type":"Organization","@id":"https:\/\/blogdofarnesio.com.br\/#organization","name":"Blog do Farn\u00e9sio","url":"https:\/\/blogdofarnesio.com.br\/","logo":{"@type":"ImageObject","inLanguage":"pt-BR","@id":"https:\/\/blogdofarnesio.com.br\/#\/schema\/logo\/image\/","url":"https:\/\/blogdofarnesio.com.br\/wp-content\/uploads\/2026\/03\/cropped-logo_new-1.png","contentUrl":"https:\/\/blogdofarnesio.com.br\/wp-content\/uploads\/2026\/03\/cropped-logo_new-1.png","width":881,"height":685,"caption":"Blog do Farn\u00e9sio"},"image":{"@id":"https:\/\/blogdofarnesio.com.br\/#\/schema\/logo\/image\/"},"sameAs":["https:\/\/www.facebook.com\/BlogQuerSaberPolitica\/"]},{"@type":"Person","@id":"https:\/\/blogdofarnesio.com.br\/#\/schema\/person\/301c4acf522bccbfdb45af95b5b906a1","name":"Farn\u00e9sio","image":{"@type":"ImageObject","inLanguage":"pt-BR","@id":"https:\/\/secure.gravatar.com\/avatar\/df0c9a14567c056f8ad6876ba5bbd1e3e2c48023eb6807342fc4663adf549f38?s=96&d=mm&r=g","url":"https:\/\/secure.gravatar.com\/avatar\/df0c9a14567c056f8ad6876ba5bbd1e3e2c48023eb6807342fc4663adf549f38?s=96&d=mm&r=g","contentUrl":"https:\/\/secure.gravatar.com\/avatar\/df0c9a14567c056f8ad6876ba5bbd1e3e2c48023eb6807342fc4663adf549f38?s=96&d=mm&r=g","caption":"Farn\u00e9sio"},"sameAs":["https:\/\/quersaberpolitica.com.br"],"url":"https:\/\/blogdofarnesio.com.br\/?author=1"}]}},"_links":{"self":[{"href":"https:\/\/blogdofarnesio.com.br\/index.php?rest_route=\/wp\/v2\/posts\/202174","targetHints":{"allow":["GET"]}}],"collection":[{"href":"https:\/\/blogdofarnesio.com.br\/index.php?rest_route=\/wp\/v2\/posts"}],"about":[{"href":"https:\/\/blogdofarnesio.com.br\/index.php?rest_route=\/wp\/v2\/types\/post"}],"author":[{"embeddable":true,"href":"https:\/\/blogdofarnesio.com.br\/index.php?rest_route=\/wp\/v2\/users\/1"}],"replies":[{"embeddable":true,"href":"https:\/\/blogdofarnesio.com.br\/index.php?rest_route=%2Fwp%2Fv2%2Fcomments&post=202174"}],"version-history":[{"count":0,"href":"https:\/\/blogdofarnesio.com.br\/index.php?rest_route=\/wp\/v2\/posts\/202174\/revisions"}],"wp:featuredmedia":[{"embeddable":true,"href":"https:\/\/blogdofarnesio.com.br\/index.php?rest_route=\/wp\/v2\/media\/202175"}],"wp:attachment":[{"href":"https:\/\/blogdofarnesio.com.br\/index.php?rest_route=%2Fwp%2Fv2%2Fmedia&parent=202174"}],"wp:term":[{"taxonomy":"category","embeddable":true,"href":"https:\/\/blogdofarnesio.com.br\/index.php?rest_route=%2Fwp%2Fv2%2Fcategories&post=202174"},{"taxonomy":"post_tag","embeddable":true,"href":"https:\/\/blogdofarnesio.com.br\/index.php?rest_route=%2Fwp%2Fv2%2Ftags&post=202174"}],"curies":[{"name":"wp","href":"https:\/\/api.w.org\/{rel}","templated":true}]}}