{"id":202170,"date":"2018-07-04T08:34:08","date_gmt":"2018-07-04T11:34:08","guid":{"rendered":"http:\/\/quersaberpolitica.com.br\/2016\/?p=202170"},"modified":"2018-07-03T20:23:48","modified_gmt":"2018-07-03T23:23:48","slug":"corte-interamericana-arquiva-consulta-sobre-impeachment-de-dilma","status":"publish","type":"post","link":"https:\/\/blogdofarnesio.com.br\/?p=202170","title":{"rendered":"CORTE INTERAMERICANA ARQUIVA CONSULTA SOBRE IMPEACHMENT DE DILMA"},"content":{"rendered":"<header>\n<h1>Inst\u00e2ncia disse n\u00e3o poder se manifestar<\/h1>\n<p class=\"author\"><a class=\"author url fn\" title=\"Posts de Paloma Rodrigues\" href=\"https:\/\/www.poder360.com.br\/author\/paloma-rodrigues\/\" rel=\"author\">PALOMA RODRIGUES<\/a><\/p>\n<\/header>\n<div class=\"content wp js-mediator-article\" data-ga-ano=\"2018\" data-ga-categoria=\"Economia\" data-ga-autor=\"Paloma Rodrigues\">\n<p>A Corte Interamericana de Direitos Humanos comunicou (<a href=\"https:\/\/poder360.us11.list-manage.com\/track\/click?u=75f3f336083d5680d82480729&amp;id=c77bc3f60a&amp;e=68a6932a89\" target=\"_blank\" rel=\"noopener\" data-saferedirecturl=\"https:\/\/www.google.com\/url?hl=pt-BR&amp;q=https:\/\/poder360.us11.list-manage.com\/track\/click?u%3D75f3f336083d5680d82480729%26id%3Dc77bc3f60a%26e%3D68a6932a89&amp;source=gmail&amp;ust=1530663536625000&amp;usg=AFQjCNE6dptwCYIqeROj_ZWvF1hfXnQe2g\">\u00edntegra<\/a>), em 1\u00ba de junho, o arquivamento da\u00a0<a href=\"https:\/\/poder360.us11.list-manage.com\/track\/click?u=75f3f336083d5680d82480729&amp;id=f588d72723&amp;e=68a6932a89\" target=\"_blank\" rel=\"noopener\" data-saferedirecturl=\"https:\/\/www.google.com\/url?hl=pt-BR&amp;q=https:\/\/poder360.us11.list-manage.com\/track\/click?u%3D75f3f336083d5680d82480729%26id%3Df588d72723%26e%3D68a6932a89&amp;source=gmail&amp;ust=1530663536625000&amp;usg=AFQjCNFk5ZxrVPLKjpcUpDt3HNMQSEGqaw\">consulta formulada<\/a>\u00a0pela OEA (Organiza\u00e7\u00e3o dos Estados Americanos) sobre o impeachment de Dilma Rousseff (PT).<\/p>\n<p>A resolu\u00e7\u00e3o \u00e9 de 29 de maio e n\u00e3o trata exclusivamente do caso da petista. A consulta pedida pela OEA tamb\u00e9m analisou os casos de Fernando Lugo (Paraguai) e de Manuel Zelaya (Honduras).<\/p>\n<p>Entre os argumentos utilizados para o arquivamento, est\u00e3o:<\/p>\n<ul>\n<li><strong>quest\u00e3o interna<\/strong>\u00a0\u2013 a an\u00e1lise n\u00e3o pode ser usada \u201c<em>como 1 mecanismo para obter 1 pronunciamento indireto de um assunto em contencioso ou em disputa interna<\/em>\u201c;<\/li>\n<li><strong>debate interno<\/strong>\u00a0\u2013 n\u00e3o pode ser usada para fomentar 1 debate interno;<\/li>\n<li><strong>falta de objeto<\/strong>\u00a0\u2013 n\u00e3o deve ser emitida sem uma aplica\u00e7\u00e3o concreta que a justifique;<\/li>\n<li><strong>sem base jur\u00eddica<\/strong>\u00a0\u2013 o tribunal n\u00e3o conseguiria emitir uma decis\u00e3o que fosse compat\u00edvel com diferentes modelos institucionais na regi\u00e3o.<\/li>\n<\/ul>\n<p>Leia\u00a0<a href=\"https:\/\/poder360.us11.list-manage.com\/track\/click?u=75f3f336083d5680d82480729&amp;id=35387c2a57&amp;e=68a6932a89\" target=\"_blank\" rel=\"noopener\" data-saferedirecturl=\"https:\/\/www.google.com\/url?hl=pt-BR&amp;q=https:\/\/poder360.us11.list-manage.com\/track\/click?u%3D75f3f336083d5680d82480729%26id%3D35387c2a57%26e%3D68a6932a89&amp;source=gmail&amp;ust=1530663536625000&amp;usg=AFQjCNFacE1zBF21PSSmliObhZThmfm78Q\">aqui<\/a>\u00a0a resolu\u00e7\u00e3o da Corte Interamericana de Direitos Humanos com as justificativas para o arquivamento.<\/p>\n<p>Em 2016, o PT recorreu \u00e0 OEA para que o processo de impeachment de Dilma fosse suspenso.\u00a0O secret\u00e1rio-geral da OEA,\u00a0Luis Almagro,\u00a0manifestou preocupa\u00e7\u00e3o com o tr\u00e2mite do impeachment e formalizou o pedido de consulta \u00e0 Corte Interamericana.<\/p>\n<p>O \u00f3rg\u00e3o preferiu n\u00e3o opinar sobre o caso, fazendo alega\u00e7\u00f5es parecidas com a que faz agora. Diz que o pedido sobre o Brasil era espec\u00edfico e fugia das fun\u00e7\u00f5es das opini\u00f5es consultivas do \u00f3rg\u00e3o, com fun\u00e7\u00e3o de dar pareceres generalistas.<\/p>\n<p>__<\/p>\n<p><em>Informa\u00e7\u00f5es deste post foram publicadas antes pelo\u00a0<strong>Drive<\/strong>, com exclusividade. A newsletter \u00e9 produzida para assinantes pela equipe de jornalistas do<strong>\u00a0Poder360<\/strong>. Conhe\u00e7a mais o\u00a0<strong>Drive\u00a0<a href=\"https:\/\/www.poder360.com.br\/drive-premium\/\" target=\"_blank\" rel=\"noopener\" data-saferedirecturl=\"https:\/\/www.google.com\/url?hl=pt-BR&amp;q=http:\/\/www.poder360.com.br\/drive-premium\/&amp;source=gmail&amp;ust=1484674870347000&amp;usg=AFQjCNF5a7Dl6JWxIBCzNbHGE1RJUTA-cw\">aqui<\/a><\/strong>\u00a0e saiba como receber com anteced\u00eancia todas as principais informa\u00e7\u00f5es do poder e da pol\u00edtica.<\/em><\/p>\n<\/div>\n<footer>\n<div class=\"mod mod-authors\">\n<div class=\"hr col lg3\"><\/div>\n<h3 class=\"titulo-default\">Autores<\/h3>\n<p class=\"author clearfix\"><a class=\"link-author\" href=\"https:\/\/www.poder360.com.br\/author\/paloma-rodrigues\/\">PALOMA RODRIGUES<\/a><\/p>\n<\/div>\n<\/footer>\n","protected":false},"excerpt":{"rendered":"<p>Inst\u00e2ncia disse n\u00e3o poder se manifestar PALOMA RODRIGUES A Corte Interamericana de Direitos Humanos comunicou (\u00edntegra), em 1\u00ba de junho, o arquivamento da\u00a0consulta formulada\u00a0pela OEA (Organiza\u00e7\u00e3o dos Estados Americanos) sobre o impeachment de Dilma Rousseff (PT). A resolu\u00e7\u00e3o \u00e9 de 29 de maio e n\u00e3o trata exclusivamente do caso da petista. A consulta pedida pela OEA tamb\u00e9m analisou os casos de Fernando Lugo (Paraguai) e de Manuel Zelaya (Honduras). Entre os argumentos utilizados para o arquivamento, est\u00e3o: quest\u00e3o interna\u00a0\u2013 a an\u00e1lise n\u00e3o pode ser usada \u201ccomo 1 mecanismo para obter 1 pronunciamento indireto de um assunto em contencioso ou em disputa interna\u201c; debate interno\u00a0\u2013 n\u00e3o pode ser usada para fomentar 1 debate interno; falta de objeto\u00a0\u2013 n\u00e3o deve ser emitida&hellip; <\/p>\n","protected":false},"author":1,"featured_media":151956,"comment_status":"closed","ping_status":"closed","sticky":false,"template":"","format":"standard","meta":{"_acf_changed":false,"footnotes":""},"categories":[1],"tags":[],"class_list":["post-202170","post","type-post","status-publish","format-standard","has-post-thumbnail","hentry","category-politica"],"acf":[],"yoast_head":"<!-- This site is optimized with the Yoast SEO plugin v27.4 - https:\/\/yoast.com\/product\/yoast-seo-wordpress\/ -->\n<title>CORTE INTERAMERICANA ARQUIVA CONSULTA SOBRE IMPEACHMENT DE DILMA - Blog do Farn\u00e9sio<\/title>\n<meta name=\"robots\" content=\"index, follow, max-snippet:-1, max-image-preview:large, max-video-preview:-1\" \/>\n<link rel=\"canonical\" href=\"https:\/\/blogdofarnesio.com.br\/?p=202170\" \/>\n<meta property=\"og:locale\" content=\"pt_BR\" \/>\n<meta property=\"og:type\" content=\"article\" \/>\n<meta property=\"og:title\" content=\"CORTE INTERAMERICANA ARQUIVA CONSULTA SOBRE IMPEACHMENT DE DILMA - Blog do Farn\u00e9sio\" \/>\n<meta property=\"og:description\" content=\"Inst\u00e2ncia disse n\u00e3o poder se manifestar PALOMA RODRIGUES A Corte Interamericana de Direitos Humanos comunicou (\u00edntegra), em 1\u00ba de junho, o arquivamento da\u00a0consulta formulada\u00a0pela OEA (Organiza\u00e7\u00e3o dos Estados Americanos) sobre o impeachment de Dilma Rousseff (PT). A resolu\u00e7\u00e3o \u00e9 de 29 de maio e n\u00e3o trata exclusivamente do caso da petista. A consulta pedida pela OEA tamb\u00e9m analisou os casos de Fernando Lugo (Paraguai) e de Manuel Zelaya (Honduras). Entre os argumentos utilizados para o arquivamento, est\u00e3o: quest\u00e3o interna\u00a0\u2013 a an\u00e1lise n\u00e3o pode ser usada \u201ccomo 1 mecanismo para obter 1 pronunciamento indireto de um assunto em contencioso ou em disputa interna\u201c; debate interno\u00a0\u2013 n\u00e3o pode ser usada para fomentar 1 debate interno; falta de objeto\u00a0\u2013 n\u00e3o deve ser emitida&hellip;\" \/>\n<meta property=\"og:url\" content=\"https:\/\/blogdofarnesio.com.br\/?p=202170\" \/>\n<meta property=\"og:site_name\" content=\"Blog do Farn\u00e9sio\" \/>\n<meta property=\"article:publisher\" content=\"https:\/\/www.facebook.com\/BlogQuerSaberPolitica\/\" \/>\n<meta property=\"article:published_time\" content=\"2018-07-04T11:34:08+00:00\" \/>\n<meta property=\"og:image\" content=\"https:\/\/blogdofarnesio.com.br\/wp-content\/uploads\/2016\/12\/blogqspdilmalula.jpg\" \/>\n\t<meta property=\"og:image:width\" content=\"480\" \/>\n\t<meta property=\"og:image:height\" content=\"319\" \/>\n\t<meta property=\"og:image:type\" content=\"image\/jpeg\" \/>\n<meta name=\"author\" content=\"Farn\u00e9sio\" \/>\n<meta name=\"twitter:card\" content=\"summary_large_image\" \/>\n<meta name=\"twitter:label1\" content=\"Escrito por\" \/>\n\t<meta name=\"twitter:data1\" content=\"Farn\u00e9sio\" \/>\n\t<meta name=\"twitter:label2\" content=\"Est. tempo de leitura\" \/>\n\t<meta name=\"twitter:data2\" content=\"2 minutos\" \/>\n<script type=\"application\/ld+json\" class=\"yoast-schema-graph\">{\"@context\":\"https:\\\/\\\/schema.org\",\"@graph\":[{\"@type\":\"Article\",\"@id\":\"https:\\\/\\\/blogdofarnesio.com.br\\\/?p=202170#article\",\"isPartOf\":{\"@id\":\"https:\\\/\\\/blogdofarnesio.com.br\\\/?p=202170\"},\"author\":{\"name\":\"Farn\u00e9sio\",\"@id\":\"https:\\\/\\\/blogdofarnesio.com.br\\\/#\\\/schema\\\/person\\\/301c4acf522bccbfdb45af95b5b906a1\"},\"headline\":\"CORTE INTERAMERICANA ARQUIVA CONSULTA SOBRE IMPEACHMENT DE DILMA\",\"datePublished\":\"2018-07-04T11:34:08+00:00\",\"mainEntityOfPage\":{\"@id\":\"https:\\\/\\\/blogdofarnesio.com.br\\\/?p=202170\"},\"wordCount\":321,\"publisher\":{\"@id\":\"https:\\\/\\\/blogdofarnesio.com.br\\\/#organization\"},\"image\":{\"@id\":\"https:\\\/\\\/blogdofarnesio.com.br\\\/?p=202170#primaryimage\"},\"thumbnailUrl\":\"https:\\\/\\\/blogdofarnesio.com.br\\\/wp-content\\\/uploads\\\/2016\\\/12\\\/blogqspdilmalula.jpg\",\"articleSection\":[\"Pol\u00edtica\"],\"inLanguage\":\"pt-BR\"},{\"@type\":\"WebPage\",\"@id\":\"https:\\\/\\\/blogdofarnesio.com.br\\\/?p=202170\",\"url\":\"https:\\\/\\\/blogdofarnesio.com.br\\\/?p=202170\",\"name\":\"CORTE INTERAMERICANA ARQUIVA CONSULTA SOBRE IMPEACHMENT DE DILMA - Blog do Farn\u00e9sio\",\"isPartOf\":{\"@id\":\"https:\\\/\\\/blogdofarnesio.com.br\\\/#website\"},\"primaryImageOfPage\":{\"@id\":\"https:\\\/\\\/blogdofarnesio.com.br\\\/?p=202170#primaryimage\"},\"image\":{\"@id\":\"https:\\\/\\\/blogdofarnesio.com.br\\\/?p=202170#primaryimage\"},\"thumbnailUrl\":\"https:\\\/\\\/blogdofarnesio.com.br\\\/wp-content\\\/uploads\\\/2016\\\/12\\\/blogqspdilmalula.jpg\",\"datePublished\":\"2018-07-04T11:34:08+00:00\",\"breadcrumb\":{\"@id\":\"https:\\\/\\\/blogdofarnesio.com.br\\\/?p=202170#breadcrumb\"},\"inLanguage\":\"pt-BR\",\"potentialAction\":[{\"@type\":\"ReadAction\",\"target\":[\"https:\\\/\\\/blogdofarnesio.com.br\\\/?p=202170\"]}]},{\"@type\":\"ImageObject\",\"inLanguage\":\"pt-BR\",\"@id\":\"https:\\\/\\\/blogdofarnesio.com.br\\\/?p=202170#primaryimage\",\"url\":\"https:\\\/\\\/blogdofarnesio.com.br\\\/wp-content\\\/uploads\\\/2016\\\/12\\\/blogqspdilmalula.jpg\",\"contentUrl\":\"https:\\\/\\\/blogdofarnesio.com.br\\\/wp-content\\\/uploads\\\/2016\\\/12\\\/blogqspdilmalula.jpg\",\"width\":480,\"height\":319},{\"@type\":\"BreadcrumbList\",\"@id\":\"https:\\\/\\\/blogdofarnesio.com.br\\\/?p=202170#breadcrumb\",\"itemListElement\":[{\"@type\":\"ListItem\",\"position\":1,\"name\":\"In\u00edcio\",\"item\":\"https:\\\/\\\/blogdofarnesio.com.br\\\/\"},{\"@type\":\"ListItem\",\"position\":2,\"name\":\"CORTE INTERAMERICANA ARQUIVA CONSULTA SOBRE IMPEACHMENT DE DILMA\"}]},{\"@type\":\"WebSite\",\"@id\":\"https:\\\/\\\/blogdofarnesio.com.br\\\/#website\",\"url\":\"https:\\\/\\\/blogdofarnesio.com.br\\\/\",\"name\":\"Blog do Farn\u00e9sio\",\"description\":\"Quer Saber Pol\u00edtica?\",\"publisher\":{\"@id\":\"https:\\\/\\\/blogdofarnesio.com.br\\\/#organization\"},\"potentialAction\":[{\"@type\":\"SearchAction\",\"target\":{\"@type\":\"EntryPoint\",\"urlTemplate\":\"https:\\\/\\\/blogdofarnesio.com.br\\\/?s={search_term_string}\"},\"query-input\":{\"@type\":\"PropertyValueSpecification\",\"valueRequired\":true,\"valueName\":\"search_term_string\"}}],\"inLanguage\":\"pt-BR\"},{\"@type\":\"Organization\",\"@id\":\"https:\\\/\\\/blogdofarnesio.com.br\\\/#organization\",\"name\":\"Blog do Farn\u00e9sio\",\"url\":\"https:\\\/\\\/blogdofarnesio.com.br\\\/\",\"logo\":{\"@type\":\"ImageObject\",\"inLanguage\":\"pt-BR\",\"@id\":\"https:\\\/\\\/blogdofarnesio.com.br\\\/#\\\/schema\\\/logo\\\/image\\\/\",\"url\":\"https:\\\/\\\/blogdofarnesio.com.br\\\/wp-content\\\/uploads\\\/2026\\\/03\\\/cropped-logo_new-1.png\",\"contentUrl\":\"https:\\\/\\\/blogdofarnesio.com.br\\\/wp-content\\\/uploads\\\/2026\\\/03\\\/cropped-logo_new-1.png\",\"width\":881,\"height\":685,\"caption\":\"Blog do Farn\u00e9sio\"},\"image\":{\"@id\":\"https:\\\/\\\/blogdofarnesio.com.br\\\/#\\\/schema\\\/logo\\\/image\\\/\"},\"sameAs\":[\"https:\\\/\\\/www.facebook.com\\\/BlogQuerSaberPolitica\\\/\"]},{\"@type\":\"Person\",\"@id\":\"https:\\\/\\\/blogdofarnesio.com.br\\\/#\\\/schema\\\/person\\\/301c4acf522bccbfdb45af95b5b906a1\",\"name\":\"Farn\u00e9sio\",\"image\":{\"@type\":\"ImageObject\",\"inLanguage\":\"pt-BR\",\"@id\":\"https:\\\/\\\/secure.gravatar.com\\\/avatar\\\/df0c9a14567c056f8ad6876ba5bbd1e3e2c48023eb6807342fc4663adf549f38?s=96&d=mm&r=g\",\"url\":\"https:\\\/\\\/secure.gravatar.com\\\/avatar\\\/df0c9a14567c056f8ad6876ba5bbd1e3e2c48023eb6807342fc4663adf549f38?s=96&d=mm&r=g\",\"contentUrl\":\"https:\\\/\\\/secure.gravatar.com\\\/avatar\\\/df0c9a14567c056f8ad6876ba5bbd1e3e2c48023eb6807342fc4663adf549f38?s=96&d=mm&r=g\",\"caption\":\"Farn\u00e9sio\"},\"sameAs\":[\"https:\\\/\\\/quersaberpolitica.com.br\"],\"url\":\"https:\\\/\\\/blogdofarnesio.com.br\\\/?author=1\"}]}<\/script>\n<!-- \/ Yoast SEO plugin. -->","yoast_head_json":{"title":"CORTE INTERAMERICANA ARQUIVA CONSULTA SOBRE IMPEACHMENT DE DILMA - Blog do Farn\u00e9sio","robots":{"index":"index","follow":"follow","max-snippet":"max-snippet:-1","max-image-preview":"max-image-preview:large","max-video-preview":"max-video-preview:-1"},"canonical":"https:\/\/blogdofarnesio.com.br\/?p=202170","og_locale":"pt_BR","og_type":"article","og_title":"CORTE INTERAMERICANA ARQUIVA CONSULTA SOBRE IMPEACHMENT DE DILMA - Blog do Farn\u00e9sio","og_description":"Inst\u00e2ncia disse n\u00e3o poder se manifestar PALOMA RODRIGUES A Corte Interamericana de Direitos Humanos comunicou (\u00edntegra), em 1\u00ba de junho, o arquivamento da\u00a0consulta formulada\u00a0pela OEA (Organiza\u00e7\u00e3o dos Estados Americanos) sobre o impeachment de Dilma Rousseff (PT). A resolu\u00e7\u00e3o \u00e9 de 29 de maio e n\u00e3o trata exclusivamente do caso da petista. A consulta pedida pela OEA tamb\u00e9m analisou os casos de Fernando Lugo (Paraguai) e de Manuel Zelaya (Honduras). Entre os argumentos utilizados para o arquivamento, est\u00e3o: quest\u00e3o interna\u00a0\u2013 a an\u00e1lise n\u00e3o pode ser usada \u201ccomo 1 mecanismo para obter 1 pronunciamento indireto de um assunto em contencioso ou em disputa interna\u201c; debate interno\u00a0\u2013 n\u00e3o pode ser usada para fomentar 1 debate interno; falta de objeto\u00a0\u2013 n\u00e3o deve ser emitida&hellip;","og_url":"https:\/\/blogdofarnesio.com.br\/?p=202170","og_site_name":"Blog do Farn\u00e9sio","article_publisher":"https:\/\/www.facebook.com\/BlogQuerSaberPolitica\/","article_published_time":"2018-07-04T11:34:08+00:00","og_image":[{"width":480,"height":319,"url":"https:\/\/blogdofarnesio.com.br\/wp-content\/uploads\/2016\/12\/blogqspdilmalula.jpg","type":"image\/jpeg"}],"author":"Farn\u00e9sio","twitter_card":"summary_large_image","twitter_misc":{"Escrito por":"Farn\u00e9sio","Est. tempo de leitura":"2 minutos"},"schema":{"@context":"https:\/\/schema.org","@graph":[{"@type":"Article","@id":"https:\/\/blogdofarnesio.com.br\/?p=202170#article","isPartOf":{"@id":"https:\/\/blogdofarnesio.com.br\/?p=202170"},"author":{"name":"Farn\u00e9sio","@id":"https:\/\/blogdofarnesio.com.br\/#\/schema\/person\/301c4acf522bccbfdb45af95b5b906a1"},"headline":"CORTE INTERAMERICANA ARQUIVA CONSULTA SOBRE IMPEACHMENT DE DILMA","datePublished":"2018-07-04T11:34:08+00:00","mainEntityOfPage":{"@id":"https:\/\/blogdofarnesio.com.br\/?p=202170"},"wordCount":321,"publisher":{"@id":"https:\/\/blogdofarnesio.com.br\/#organization"},"image":{"@id":"https:\/\/blogdofarnesio.com.br\/?p=202170#primaryimage"},"thumbnailUrl":"https:\/\/blogdofarnesio.com.br\/wp-content\/uploads\/2016\/12\/blogqspdilmalula.jpg","articleSection":["Pol\u00edtica"],"inLanguage":"pt-BR"},{"@type":"WebPage","@id":"https:\/\/blogdofarnesio.com.br\/?p=202170","url":"https:\/\/blogdofarnesio.com.br\/?p=202170","name":"CORTE INTERAMERICANA ARQUIVA CONSULTA SOBRE IMPEACHMENT DE DILMA - Blog do Farn\u00e9sio","isPartOf":{"@id":"https:\/\/blogdofarnesio.com.br\/#website"},"primaryImageOfPage":{"@id":"https:\/\/blogdofarnesio.com.br\/?p=202170#primaryimage"},"image":{"@id":"https:\/\/blogdofarnesio.com.br\/?p=202170#primaryimage"},"thumbnailUrl":"https:\/\/blogdofarnesio.com.br\/wp-content\/uploads\/2016\/12\/blogqspdilmalula.jpg","datePublished":"2018-07-04T11:34:08+00:00","breadcrumb":{"@id":"https:\/\/blogdofarnesio.com.br\/?p=202170#breadcrumb"},"inLanguage":"pt-BR","potentialAction":[{"@type":"ReadAction","target":["https:\/\/blogdofarnesio.com.br\/?p=202170"]}]},{"@type":"ImageObject","inLanguage":"pt-BR","@id":"https:\/\/blogdofarnesio.com.br\/?p=202170#primaryimage","url":"https:\/\/blogdofarnesio.com.br\/wp-content\/uploads\/2016\/12\/blogqspdilmalula.jpg","contentUrl":"https:\/\/blogdofarnesio.com.br\/wp-content\/uploads\/2016\/12\/blogqspdilmalula.jpg","width":480,"height":319},{"@type":"BreadcrumbList","@id":"https:\/\/blogdofarnesio.com.br\/?p=202170#breadcrumb","itemListElement":[{"@type":"ListItem","position":1,"name":"In\u00edcio","item":"https:\/\/blogdofarnesio.com.br\/"},{"@type":"ListItem","position":2,"name":"CORTE INTERAMERICANA ARQUIVA CONSULTA SOBRE IMPEACHMENT DE DILMA"}]},{"@type":"WebSite","@id":"https:\/\/blogdofarnesio.com.br\/#website","url":"https:\/\/blogdofarnesio.com.br\/","name":"Blog do Farn\u00e9sio","description":"Quer Saber Pol\u00edtica?","publisher":{"@id":"https:\/\/blogdofarnesio.com.br\/#organization"},"potentialAction":[{"@type":"SearchAction","target":{"@type":"EntryPoint","urlTemplate":"https:\/\/blogdofarnesio.com.br\/?s={search_term_string}"},"query-input":{"@type":"PropertyValueSpecification","valueRequired":true,"valueName":"search_term_string"}}],"inLanguage":"pt-BR"},{"@type":"Organization","@id":"https:\/\/blogdofarnesio.com.br\/#organization","name":"Blog do Farn\u00e9sio","url":"https:\/\/blogdofarnesio.com.br\/","logo":{"@type":"ImageObject","inLanguage":"pt-BR","@id":"https:\/\/blogdofarnesio.com.br\/#\/schema\/logo\/image\/","url":"https:\/\/blogdofarnesio.com.br\/wp-content\/uploads\/2026\/03\/cropped-logo_new-1.png","contentUrl":"https:\/\/blogdofarnesio.com.br\/wp-content\/uploads\/2026\/03\/cropped-logo_new-1.png","width":881,"height":685,"caption":"Blog do Farn\u00e9sio"},"image":{"@id":"https:\/\/blogdofarnesio.com.br\/#\/schema\/logo\/image\/"},"sameAs":["https:\/\/www.facebook.com\/BlogQuerSaberPolitica\/"]},{"@type":"Person","@id":"https:\/\/blogdofarnesio.com.br\/#\/schema\/person\/301c4acf522bccbfdb45af95b5b906a1","name":"Farn\u00e9sio","image":{"@type":"ImageObject","inLanguage":"pt-BR","@id":"https:\/\/secure.gravatar.com\/avatar\/df0c9a14567c056f8ad6876ba5bbd1e3e2c48023eb6807342fc4663adf549f38?s=96&d=mm&r=g","url":"https:\/\/secure.gravatar.com\/avatar\/df0c9a14567c056f8ad6876ba5bbd1e3e2c48023eb6807342fc4663adf549f38?s=96&d=mm&r=g","contentUrl":"https:\/\/secure.gravatar.com\/avatar\/df0c9a14567c056f8ad6876ba5bbd1e3e2c48023eb6807342fc4663adf549f38?s=96&d=mm&r=g","caption":"Farn\u00e9sio"},"sameAs":["https:\/\/quersaberpolitica.com.br"],"url":"https:\/\/blogdofarnesio.com.br\/?author=1"}]}},"_links":{"self":[{"href":"https:\/\/blogdofarnesio.com.br\/index.php?rest_route=\/wp\/v2\/posts\/202170","targetHints":{"allow":["GET"]}}],"collection":[{"href":"https:\/\/blogdofarnesio.com.br\/index.php?rest_route=\/wp\/v2\/posts"}],"about":[{"href":"https:\/\/blogdofarnesio.com.br\/index.php?rest_route=\/wp\/v2\/types\/post"}],"author":[{"embeddable":true,"href":"https:\/\/blogdofarnesio.com.br\/index.php?rest_route=\/wp\/v2\/users\/1"}],"replies":[{"embeddable":true,"href":"https:\/\/blogdofarnesio.com.br\/index.php?rest_route=%2Fwp%2Fv2%2Fcomments&post=202170"}],"version-history":[{"count":0,"href":"https:\/\/blogdofarnesio.com.br\/index.php?rest_route=\/wp\/v2\/posts\/202170\/revisions"}],"wp:featuredmedia":[{"embeddable":true,"href":"https:\/\/blogdofarnesio.com.br\/index.php?rest_route=\/wp\/v2\/media\/151956"}],"wp:attachment":[{"href":"https:\/\/blogdofarnesio.com.br\/index.php?rest_route=%2Fwp%2Fv2%2Fmedia&parent=202170"}],"wp:term":[{"taxonomy":"category","embeddable":true,"href":"https:\/\/blogdofarnesio.com.br\/index.php?rest_route=%2Fwp%2Fv2%2Fcategories&post=202170"},{"taxonomy":"post_tag","embeddable":true,"href":"https:\/\/blogdofarnesio.com.br\/index.php?rest_route=%2Fwp%2Fv2%2Ftags&post=202170"}],"curies":[{"name":"wp","href":"https:\/\/api.w.org\/{rel}","templated":true}]}}