{"id":201977,"date":"2018-07-04T08:03:18","date_gmt":"2018-07-04T11:03:18","guid":{"rendered":"http:\/\/quersaberpolitica.com.br\/2016\/?p=201977"},"modified":"2018-07-03T20:17:33","modified_gmt":"2018-07-03T23:17:33","slug":"transposicao-ja-garante-agua-para-mais-de-hum-milhao-de-pessoas-ate-o-fim-do-ano","status":"publish","type":"post","link":"https:\/\/blogdofarnesio.com.br\/?p=201977","title":{"rendered":"TRANSPOSI\u00c7\u00c3O J\u00c1 GARANTE \u00c1GUA PARA MAIS DE HUM MILH\u00c3O DE PESSOAS AT\u00c9 O FIM DO ANO"},"content":{"rendered":"<header class=\"entry-header\">\n<h1 class=\"entry-title\"><span class=\"entry-subtitle\">\u00a0As \u00c1guas Do S\u00e3o Francisco Devem Atender Tamb\u00e9m Munic\u00edpios Do Rio Grande Do Norte E Cear\u00e1<\/span><\/h1>\n<\/header>\n<div class=\"entry-meta clearfix\"><span class=\"post-author\"><span class=\"author vcard\"><a class=\"url fn n\" href=\"http:\/\/jardimdoagreste.com.br\/author\/luiz-silva\/\">Luiz Silva<\/a><\/span><\/span><span class=\"posted-on\">\u00a0<\/span><\/div>\n<div class=\"entry-content\">\n<div class=\"container\">\n<div id=\"menu-topo\" class=\"navbar secao\">\n<div class=\"navbar-inner\">\n<p>Os agricultores j\u00e1 est\u00e3o animados com a finaliza\u00e7\u00e3o das obras do eixo norte da transposi\u00e7\u00e3o do Rio S\u00e3o Francisco, que abastece setores do interior do Nordeste, depois da pior seca em 100 anos, na regi\u00e3o. Desde mar\u00e7o de 2017, esse eixo vem garantindo a seguran\u00e7a h\u00eddrica de mais de 1 milh\u00e3o de pessoas, em 34 munic\u00edpios da Para\u00edba e Pernambuco.<\/p>\n<\/div>\n<\/div>\n<\/div>\n<div id=\"meio\" class=\"conteudo\">\n<div class=\"container\">\n<div id=\"noticiaDetalhe\" class=\"row\">\n<div class=\"span8\">\n<section>\n<div id=\"texto-noticia\" class=\"manipularFonte\">\n<p>Alguns profissionais comentam que ao pensar em dois anos atr\u00e1s, n\u00e3o era poss\u00edvel ver tanta \u00e1gua, pois n\u00e3o existia irriga\u00e7\u00e3o. \u201cHoje tem \u00e1gua normalizada de dia e noite. A gente procura n\u00e3o estragar nem desperdi\u00e7ar, pois n\u00e3o \u00e9 porque temos muito, que precisamos desperdi\u00e7ar\u201c, explica o auxiliar de servi\u00e7os gerais Adeildo Ramos.<\/p>\n<p>H\u00e1 pessoas que desejavam isso e pensavam na transposi\u00e7\u00e3o h\u00e1 muito anos. \u201cN\u00f3s t\u00ednhamos aqui um poeta que j\u00e1 sonhava com a passagem do Rio S\u00e3o Francisco cortando todo os sert\u00f5es, principalmente as terras mais \u00e1ridas\u201c, explica o empres\u00e1rio Jos\u00e9 Neves Sobrinho.<\/p>\n<p class=\"img-noticia\"><img loading=\"lazy\" decoding=\"async\" class=\"aligncenter\" src=\"https:\/\/img1.ne10.uol.com.br\/tvjornal\/imagem\/noticia\/normal\/2018\/06\/29\/81096c007843fd6e78e687fa7c00e548.jpg\" alt=\"\" width=\"602\" height=\"330\" \/><\/p>\n<div class=\"desc_ref\">Reprodu\u00e7\u00e3o\/TV Jornal<\/div>\n<h2>Obra<\/h2>\n<p>At\u00e9 o fim do ano, moradores do Rio Grande do Norte e do Cear\u00e1 tamb\u00e9m dever\u00e3o receber \u00e1gua do Velho Chico, atrav\u00e9s da transposi\u00e7\u00e3o do eixo norte. A obra, or\u00e7ada em R$ 9,6 bilh\u00f5es, visa a construir dois canais para levar a \u00e1gua do Velho Chico para 390 munic\u00edpios do semi-\u00e1rido nordestino.<\/p>\n<p>Com a finaliza\u00e7\u00e3o do projeto, a transposi\u00e7\u00e3o deve garantir a seguran\u00e7a h\u00eddrica de 12 milh\u00f5es de pessoas, em Pernambuco, Para\u00edba, Rio Grande do Norte e Cear\u00e1. O eixo norte da transposi\u00e7\u00e3o ter\u00e1 como chegada o t\u00fanel Milagres, em Penaforte, no Cear\u00e1.<\/p>\n<p>A previs\u00e3o \u00e9 de que, at\u00e9 agosto, as obras sejam finalizadas no trecho. Ap\u00f3s isso, ser\u00e3o iniciadas outras linhas que conectam o munic\u00edpio de Cajazeiras, na Para\u00edba, e seguem at\u00e9 o Rio Grande do Norte. A ideia \u00e9 que o trecho percorra 260 km.<\/p>\n<\/div>\n<\/section>\n<\/div>\n<\/div>\n<\/div>\n<\/div>\n<\/div>\n","protected":false},"excerpt":{"rendered":"<p>\u00a0As \u00c1guas Do S\u00e3o Francisco Devem Atender Tamb\u00e9m Munic\u00edpios Do Rio Grande Do Norte E Cear\u00e1 Luiz Silva\u00a0 Os agricultores j\u00e1 est\u00e3o animados com a finaliza\u00e7\u00e3o das obras do eixo norte da transposi\u00e7\u00e3o do Rio S\u00e3o Francisco, que abastece setores do interior do Nordeste, depois da pior seca em 100 anos, na regi\u00e3o. Desde mar\u00e7o de 2017, esse eixo vem garantindo a seguran\u00e7a h\u00eddrica de mais de 1 milh\u00e3o de pessoas, em 34 munic\u00edpios da Para\u00edba e Pernambuco. Alguns profissionais comentam que ao pensar em dois anos atr\u00e1s, n\u00e3o era poss\u00edvel ver tanta \u00e1gua, pois n\u00e3o existia irriga\u00e7\u00e3o. \u201cHoje tem \u00e1gua normalizada de dia e noite. A gente procura n\u00e3o estragar nem desperdi\u00e7ar, pois n\u00e3o \u00e9 porque temos muito, que&hellip; <\/p>\n","protected":false},"author":1,"featured_media":153356,"comment_status":"closed","ping_status":"closed","sticky":false,"template":"","format":"standard","meta":{"_acf_changed":false,"footnotes":""},"categories":[22,56,29],"tags":[],"class_list":["post-201977","post","type-post","status-publish","format-standard","has-post-thumbnail","hentry","category-acao-social","category-agua","category-meio-ambiente"],"acf":[],"yoast_head":"<!-- This site is optimized with the Yoast SEO plugin v27.4 - https:\/\/yoast.com\/product\/yoast-seo-wordpress\/ -->\n<title>TRANSPOSI\u00c7\u00c3O J\u00c1 GARANTE \u00c1GUA PARA MAIS DE HUM MILH\u00c3O DE PESSOAS AT\u00c9 O FIM DO ANO - Blog do Farn\u00e9sio<\/title>\n<meta name=\"robots\" content=\"index, follow, max-snippet:-1, max-image-preview:large, max-video-preview:-1\" \/>\n<link rel=\"canonical\" href=\"https:\/\/blogdofarnesio.com.br\/?p=201977\" \/>\n<meta property=\"og:locale\" content=\"pt_BR\" \/>\n<meta property=\"og:type\" content=\"article\" \/>\n<meta property=\"og:title\" content=\"TRANSPOSI\u00c7\u00c3O J\u00c1 GARANTE \u00c1GUA PARA MAIS DE HUM MILH\u00c3O DE PESSOAS AT\u00c9 O FIM DO ANO - Blog do Farn\u00e9sio\" \/>\n<meta property=\"og:description\" content=\"\u00a0As \u00c1guas Do S\u00e3o Francisco Devem Atender Tamb\u00e9m Munic\u00edpios Do Rio Grande Do Norte E Cear\u00e1 Luiz Silva\u00a0 Os agricultores j\u00e1 est\u00e3o animados com a finaliza\u00e7\u00e3o das obras do eixo norte da transposi\u00e7\u00e3o do Rio S\u00e3o Francisco, que abastece setores do interior do Nordeste, depois da pior seca em 100 anos, na regi\u00e3o. Desde mar\u00e7o de 2017, esse eixo vem garantindo a seguran\u00e7a h\u00eddrica de mais de 1 milh\u00e3o de pessoas, em 34 munic\u00edpios da Para\u00edba e Pernambuco. Alguns profissionais comentam que ao pensar em dois anos atr\u00e1s, n\u00e3o era poss\u00edvel ver tanta \u00e1gua, pois n\u00e3o existia irriga\u00e7\u00e3o. \u201cHoje tem \u00e1gua normalizada de dia e noite. A gente procura n\u00e3o estragar nem desperdi\u00e7ar, pois n\u00e3o \u00e9 porque temos muito, que&hellip;\" \/>\n<meta property=\"og:url\" content=\"https:\/\/blogdofarnesio.com.br\/?p=201977\" \/>\n<meta property=\"og:site_name\" content=\"Blog do Farn\u00e9sio\" \/>\n<meta property=\"article:publisher\" content=\"https:\/\/www.facebook.com\/BlogQuerSaberPolitica\/\" \/>\n<meta property=\"article:published_time\" content=\"2018-07-04T11:03:18+00:00\" \/>\n<meta property=\"og:image\" content=\"https:\/\/blogdofarnesio.com.br\/wp-content\/uploads\/2016\/12\/blogqsp-Transposi\u00e7\u00e3o.jpg\" \/>\n\t<meta property=\"og:image:width\" content=\"640\" \/>\n\t<meta property=\"og:image:height\" content=\"426\" \/>\n\t<meta property=\"og:image:type\" content=\"image\/jpeg\" \/>\n<meta name=\"author\" content=\"Farn\u00e9sio\" \/>\n<meta name=\"twitter:card\" content=\"summary_large_image\" \/>\n<meta name=\"twitter:label1\" content=\"Escrito por\" \/>\n\t<meta name=\"twitter:data1\" content=\"Farn\u00e9sio\" \/>\n\t<meta name=\"twitter:label2\" content=\"Est. tempo de leitura\" \/>\n\t<meta name=\"twitter:data2\" content=\"2 minutos\" \/>\n<script type=\"application\/ld+json\" class=\"yoast-schema-graph\">{\"@context\":\"https:\\\/\\\/schema.org\",\"@graph\":[{\"@type\":\"Article\",\"@id\":\"https:\\\/\\\/blogdofarnesio.com.br\\\/?p=201977#article\",\"isPartOf\":{\"@id\":\"https:\\\/\\\/blogdofarnesio.com.br\\\/?p=201977\"},\"author\":{\"name\":\"Farn\u00e9sio\",\"@id\":\"https:\\\/\\\/blogdofarnesio.com.br\\\/#\\\/schema\\\/person\\\/301c4acf522bccbfdb45af95b5b906a1\"},\"headline\":\"TRANSPOSI\u00c7\u00c3O J\u00c1 GARANTE \u00c1GUA PARA MAIS DE HUM MILH\u00c3O DE PESSOAS AT\u00c9 O FIM DO ANO\",\"datePublished\":\"2018-07-04T11:03:18+00:00\",\"mainEntityOfPage\":{\"@id\":\"https:\\\/\\\/blogdofarnesio.com.br\\\/?p=201977\"},\"wordCount\":372,\"publisher\":{\"@id\":\"https:\\\/\\\/blogdofarnesio.com.br\\\/#organization\"},\"image\":{\"@id\":\"https:\\\/\\\/blogdofarnesio.com.br\\\/?p=201977#primaryimage\"},\"thumbnailUrl\":\"https:\\\/\\\/blogdofarnesio.com.br\\\/wp-content\\\/uploads\\\/2016\\\/12\\\/blogqsp-Transposi\u00e7\u00e3o.jpg\",\"articleSection\":[\"A\u00e7\u00e3o Social\",\"\u00c1gua\",\"Meio Ambiente\"],\"inLanguage\":\"pt-BR\"},{\"@type\":\"WebPage\",\"@id\":\"https:\\\/\\\/blogdofarnesio.com.br\\\/?p=201977\",\"url\":\"https:\\\/\\\/blogdofarnesio.com.br\\\/?p=201977\",\"name\":\"TRANSPOSI\u00c7\u00c3O J\u00c1 GARANTE \u00c1GUA PARA MAIS DE HUM MILH\u00c3O DE PESSOAS AT\u00c9 O FIM DO ANO - Blog do Farn\u00e9sio\",\"isPartOf\":{\"@id\":\"https:\\\/\\\/blogdofarnesio.com.br\\\/#website\"},\"primaryImageOfPage\":{\"@id\":\"https:\\\/\\\/blogdofarnesio.com.br\\\/?p=201977#primaryimage\"},\"image\":{\"@id\":\"https:\\\/\\\/blogdofarnesio.com.br\\\/?p=201977#primaryimage\"},\"thumbnailUrl\":\"https:\\\/\\\/blogdofarnesio.com.br\\\/wp-content\\\/uploads\\\/2016\\\/12\\\/blogqsp-Transposi\u00e7\u00e3o.jpg\",\"datePublished\":\"2018-07-04T11:03:18+00:00\",\"breadcrumb\":{\"@id\":\"https:\\\/\\\/blogdofarnesio.com.br\\\/?p=201977#breadcrumb\"},\"inLanguage\":\"pt-BR\",\"potentialAction\":[{\"@type\":\"ReadAction\",\"target\":[\"https:\\\/\\\/blogdofarnesio.com.br\\\/?p=201977\"]}]},{\"@type\":\"ImageObject\",\"inLanguage\":\"pt-BR\",\"@id\":\"https:\\\/\\\/blogdofarnesio.com.br\\\/?p=201977#primaryimage\",\"url\":\"https:\\\/\\\/blogdofarnesio.com.br\\\/wp-content\\\/uploads\\\/2016\\\/12\\\/blogqsp-Transposi\u00e7\u00e3o.jpg\",\"contentUrl\":\"https:\\\/\\\/blogdofarnesio.com.br\\\/wp-content\\\/uploads\\\/2016\\\/12\\\/blogqsp-Transposi\u00e7\u00e3o.jpg\",\"width\":640,\"height\":426},{\"@type\":\"BreadcrumbList\",\"@id\":\"https:\\\/\\\/blogdofarnesio.com.br\\\/?p=201977#breadcrumb\",\"itemListElement\":[{\"@type\":\"ListItem\",\"position\":1,\"name\":\"In\u00edcio\",\"item\":\"https:\\\/\\\/blogdofarnesio.com.br\\\/\"},{\"@type\":\"ListItem\",\"position\":2,\"name\":\"TRANSPOSI\u00c7\u00c3O J\u00c1 GARANTE \u00c1GUA PARA MAIS DE HUM MILH\u00c3O DE PESSOAS AT\u00c9 O FIM DO ANO\"}]},{\"@type\":\"WebSite\",\"@id\":\"https:\\\/\\\/blogdofarnesio.com.br\\\/#website\",\"url\":\"https:\\\/\\\/blogdofarnesio.com.br\\\/\",\"name\":\"Blog do Farn\u00e9sio\",\"description\":\"Quer Saber Pol\u00edtica?\",\"publisher\":{\"@id\":\"https:\\\/\\\/blogdofarnesio.com.br\\\/#organization\"},\"potentialAction\":[{\"@type\":\"SearchAction\",\"target\":{\"@type\":\"EntryPoint\",\"urlTemplate\":\"https:\\\/\\\/blogdofarnesio.com.br\\\/?s={search_term_string}\"},\"query-input\":{\"@type\":\"PropertyValueSpecification\",\"valueRequired\":true,\"valueName\":\"search_term_string\"}}],\"inLanguage\":\"pt-BR\"},{\"@type\":\"Organization\",\"@id\":\"https:\\\/\\\/blogdofarnesio.com.br\\\/#organization\",\"name\":\"Blog do Farn\u00e9sio\",\"url\":\"https:\\\/\\\/blogdofarnesio.com.br\\\/\",\"logo\":{\"@type\":\"ImageObject\",\"inLanguage\":\"pt-BR\",\"@id\":\"https:\\\/\\\/blogdofarnesio.com.br\\\/#\\\/schema\\\/logo\\\/image\\\/\",\"url\":\"https:\\\/\\\/blogdofarnesio.com.br\\\/wp-content\\\/uploads\\\/2026\\\/03\\\/cropped-logo_new-1.png\",\"contentUrl\":\"https:\\\/\\\/blogdofarnesio.com.br\\\/wp-content\\\/uploads\\\/2026\\\/03\\\/cropped-logo_new-1.png\",\"width\":881,\"height\":685,\"caption\":\"Blog do Farn\u00e9sio\"},\"image\":{\"@id\":\"https:\\\/\\\/blogdofarnesio.com.br\\\/#\\\/schema\\\/logo\\\/image\\\/\"},\"sameAs\":[\"https:\\\/\\\/www.facebook.com\\\/BlogQuerSaberPolitica\\\/\"]},{\"@type\":\"Person\",\"@id\":\"https:\\\/\\\/blogdofarnesio.com.br\\\/#\\\/schema\\\/person\\\/301c4acf522bccbfdb45af95b5b906a1\",\"name\":\"Farn\u00e9sio\",\"image\":{\"@type\":\"ImageObject\",\"inLanguage\":\"pt-BR\",\"@id\":\"https:\\\/\\\/secure.gravatar.com\\\/avatar\\\/df0c9a14567c056f8ad6876ba5bbd1e3e2c48023eb6807342fc4663adf549f38?s=96&d=mm&r=g\",\"url\":\"https:\\\/\\\/secure.gravatar.com\\\/avatar\\\/df0c9a14567c056f8ad6876ba5bbd1e3e2c48023eb6807342fc4663adf549f38?s=96&d=mm&r=g\",\"contentUrl\":\"https:\\\/\\\/secure.gravatar.com\\\/avatar\\\/df0c9a14567c056f8ad6876ba5bbd1e3e2c48023eb6807342fc4663adf549f38?s=96&d=mm&r=g\",\"caption\":\"Farn\u00e9sio\"},\"sameAs\":[\"https:\\\/\\\/quersaberpolitica.com.br\"],\"url\":\"https:\\\/\\\/blogdofarnesio.com.br\\\/?author=1\"}]}<\/script>\n<!-- \/ Yoast SEO plugin. -->","yoast_head_json":{"title":"TRANSPOSI\u00c7\u00c3O J\u00c1 GARANTE \u00c1GUA PARA MAIS DE HUM MILH\u00c3O DE PESSOAS AT\u00c9 O FIM DO ANO - Blog do Farn\u00e9sio","robots":{"index":"index","follow":"follow","max-snippet":"max-snippet:-1","max-image-preview":"max-image-preview:large","max-video-preview":"max-video-preview:-1"},"canonical":"https:\/\/blogdofarnesio.com.br\/?p=201977","og_locale":"pt_BR","og_type":"article","og_title":"TRANSPOSI\u00c7\u00c3O J\u00c1 GARANTE \u00c1GUA PARA MAIS DE HUM MILH\u00c3O DE PESSOAS AT\u00c9 O FIM DO ANO - Blog do Farn\u00e9sio","og_description":"\u00a0As \u00c1guas Do S\u00e3o Francisco Devem Atender Tamb\u00e9m Munic\u00edpios Do Rio Grande Do Norte E Cear\u00e1 Luiz Silva\u00a0 Os agricultores j\u00e1 est\u00e3o animados com a finaliza\u00e7\u00e3o das obras do eixo norte da transposi\u00e7\u00e3o do Rio S\u00e3o Francisco, que abastece setores do interior do Nordeste, depois da pior seca em 100 anos, na regi\u00e3o. Desde mar\u00e7o de 2017, esse eixo vem garantindo a seguran\u00e7a h\u00eddrica de mais de 1 milh\u00e3o de pessoas, em 34 munic\u00edpios da Para\u00edba e Pernambuco. Alguns profissionais comentam que ao pensar em dois anos atr\u00e1s, n\u00e3o era poss\u00edvel ver tanta \u00e1gua, pois n\u00e3o existia irriga\u00e7\u00e3o. \u201cHoje tem \u00e1gua normalizada de dia e noite. A gente procura n\u00e3o estragar nem desperdi\u00e7ar, pois n\u00e3o \u00e9 porque temos muito, que&hellip;","og_url":"https:\/\/blogdofarnesio.com.br\/?p=201977","og_site_name":"Blog do Farn\u00e9sio","article_publisher":"https:\/\/www.facebook.com\/BlogQuerSaberPolitica\/","article_published_time":"2018-07-04T11:03:18+00:00","og_image":[{"width":640,"height":426,"url":"https:\/\/blogdofarnesio.com.br\/wp-content\/uploads\/2016\/12\/blogqsp-Transposi\u00e7\u00e3o.jpg","type":"image\/jpeg"}],"author":"Farn\u00e9sio","twitter_card":"summary_large_image","twitter_misc":{"Escrito por":"Farn\u00e9sio","Est. tempo de leitura":"2 minutos"},"schema":{"@context":"https:\/\/schema.org","@graph":[{"@type":"Article","@id":"https:\/\/blogdofarnesio.com.br\/?p=201977#article","isPartOf":{"@id":"https:\/\/blogdofarnesio.com.br\/?p=201977"},"author":{"name":"Farn\u00e9sio","@id":"https:\/\/blogdofarnesio.com.br\/#\/schema\/person\/301c4acf522bccbfdb45af95b5b906a1"},"headline":"TRANSPOSI\u00c7\u00c3O J\u00c1 GARANTE \u00c1GUA PARA MAIS DE HUM MILH\u00c3O DE PESSOAS AT\u00c9 O FIM DO ANO","datePublished":"2018-07-04T11:03:18+00:00","mainEntityOfPage":{"@id":"https:\/\/blogdofarnesio.com.br\/?p=201977"},"wordCount":372,"publisher":{"@id":"https:\/\/blogdofarnesio.com.br\/#organization"},"image":{"@id":"https:\/\/blogdofarnesio.com.br\/?p=201977#primaryimage"},"thumbnailUrl":"https:\/\/blogdofarnesio.com.br\/wp-content\/uploads\/2016\/12\/blogqsp-Transposi\u00e7\u00e3o.jpg","articleSection":["A\u00e7\u00e3o Social","\u00c1gua","Meio Ambiente"],"inLanguage":"pt-BR"},{"@type":"WebPage","@id":"https:\/\/blogdofarnesio.com.br\/?p=201977","url":"https:\/\/blogdofarnesio.com.br\/?p=201977","name":"TRANSPOSI\u00c7\u00c3O J\u00c1 GARANTE \u00c1GUA PARA MAIS DE HUM MILH\u00c3O DE PESSOAS AT\u00c9 O FIM DO ANO - Blog do Farn\u00e9sio","isPartOf":{"@id":"https:\/\/blogdofarnesio.com.br\/#website"},"primaryImageOfPage":{"@id":"https:\/\/blogdofarnesio.com.br\/?p=201977#primaryimage"},"image":{"@id":"https:\/\/blogdofarnesio.com.br\/?p=201977#primaryimage"},"thumbnailUrl":"https:\/\/blogdofarnesio.com.br\/wp-content\/uploads\/2016\/12\/blogqsp-Transposi\u00e7\u00e3o.jpg","datePublished":"2018-07-04T11:03:18+00:00","breadcrumb":{"@id":"https:\/\/blogdofarnesio.com.br\/?p=201977#breadcrumb"},"inLanguage":"pt-BR","potentialAction":[{"@type":"ReadAction","target":["https:\/\/blogdofarnesio.com.br\/?p=201977"]}]},{"@type":"ImageObject","inLanguage":"pt-BR","@id":"https:\/\/blogdofarnesio.com.br\/?p=201977#primaryimage","url":"https:\/\/blogdofarnesio.com.br\/wp-content\/uploads\/2016\/12\/blogqsp-Transposi\u00e7\u00e3o.jpg","contentUrl":"https:\/\/blogdofarnesio.com.br\/wp-content\/uploads\/2016\/12\/blogqsp-Transposi\u00e7\u00e3o.jpg","width":640,"height":426},{"@type":"BreadcrumbList","@id":"https:\/\/blogdofarnesio.com.br\/?p=201977#breadcrumb","itemListElement":[{"@type":"ListItem","position":1,"name":"In\u00edcio","item":"https:\/\/blogdofarnesio.com.br\/"},{"@type":"ListItem","position":2,"name":"TRANSPOSI\u00c7\u00c3O J\u00c1 GARANTE \u00c1GUA PARA MAIS DE HUM MILH\u00c3O DE PESSOAS AT\u00c9 O FIM DO ANO"}]},{"@type":"WebSite","@id":"https:\/\/blogdofarnesio.com.br\/#website","url":"https:\/\/blogdofarnesio.com.br\/","name":"Blog do Farn\u00e9sio","description":"Quer Saber Pol\u00edtica?","publisher":{"@id":"https:\/\/blogdofarnesio.com.br\/#organization"},"potentialAction":[{"@type":"SearchAction","target":{"@type":"EntryPoint","urlTemplate":"https:\/\/blogdofarnesio.com.br\/?s={search_term_string}"},"query-input":{"@type":"PropertyValueSpecification","valueRequired":true,"valueName":"search_term_string"}}],"inLanguage":"pt-BR"},{"@type":"Organization","@id":"https:\/\/blogdofarnesio.com.br\/#organization","name":"Blog do Farn\u00e9sio","url":"https:\/\/blogdofarnesio.com.br\/","logo":{"@type":"ImageObject","inLanguage":"pt-BR","@id":"https:\/\/blogdofarnesio.com.br\/#\/schema\/logo\/image\/","url":"https:\/\/blogdofarnesio.com.br\/wp-content\/uploads\/2026\/03\/cropped-logo_new-1.png","contentUrl":"https:\/\/blogdofarnesio.com.br\/wp-content\/uploads\/2026\/03\/cropped-logo_new-1.png","width":881,"height":685,"caption":"Blog do Farn\u00e9sio"},"image":{"@id":"https:\/\/blogdofarnesio.com.br\/#\/schema\/logo\/image\/"},"sameAs":["https:\/\/www.facebook.com\/BlogQuerSaberPolitica\/"]},{"@type":"Person","@id":"https:\/\/blogdofarnesio.com.br\/#\/schema\/person\/301c4acf522bccbfdb45af95b5b906a1","name":"Farn\u00e9sio","image":{"@type":"ImageObject","inLanguage":"pt-BR","@id":"https:\/\/secure.gravatar.com\/avatar\/df0c9a14567c056f8ad6876ba5bbd1e3e2c48023eb6807342fc4663adf549f38?s=96&d=mm&r=g","url":"https:\/\/secure.gravatar.com\/avatar\/df0c9a14567c056f8ad6876ba5bbd1e3e2c48023eb6807342fc4663adf549f38?s=96&d=mm&r=g","contentUrl":"https:\/\/secure.gravatar.com\/avatar\/df0c9a14567c056f8ad6876ba5bbd1e3e2c48023eb6807342fc4663adf549f38?s=96&d=mm&r=g","caption":"Farn\u00e9sio"},"sameAs":["https:\/\/quersaberpolitica.com.br"],"url":"https:\/\/blogdofarnesio.com.br\/?author=1"}]}},"_links":{"self":[{"href":"https:\/\/blogdofarnesio.com.br\/index.php?rest_route=\/wp\/v2\/posts\/201977","targetHints":{"allow":["GET"]}}],"collection":[{"href":"https:\/\/blogdofarnesio.com.br\/index.php?rest_route=\/wp\/v2\/posts"}],"about":[{"href":"https:\/\/blogdofarnesio.com.br\/index.php?rest_route=\/wp\/v2\/types\/post"}],"author":[{"embeddable":true,"href":"https:\/\/blogdofarnesio.com.br\/index.php?rest_route=\/wp\/v2\/users\/1"}],"replies":[{"embeddable":true,"href":"https:\/\/blogdofarnesio.com.br\/index.php?rest_route=%2Fwp%2Fv2%2Fcomments&post=201977"}],"version-history":[{"count":0,"href":"https:\/\/blogdofarnesio.com.br\/index.php?rest_route=\/wp\/v2\/posts\/201977\/revisions"}],"wp:featuredmedia":[{"embeddable":true,"href":"https:\/\/blogdofarnesio.com.br\/index.php?rest_route=\/wp\/v2\/media\/153356"}],"wp:attachment":[{"href":"https:\/\/blogdofarnesio.com.br\/index.php?rest_route=%2Fwp%2Fv2%2Fmedia&parent=201977"}],"wp:term":[{"taxonomy":"category","embeddable":true,"href":"https:\/\/blogdofarnesio.com.br\/index.php?rest_route=%2Fwp%2Fv2%2Fcategories&post=201977"},{"taxonomy":"post_tag","embeddable":true,"href":"https:\/\/blogdofarnesio.com.br\/index.php?rest_route=%2Fwp%2Fv2%2Ftags&post=201977"}],"curies":[{"name":"wp","href":"https:\/\/api.w.org\/{rel}","templated":true}]}}