{"id":201761,"date":"2018-06-28T08:33:16","date_gmt":"2018-06-28T11:33:16","guid":{"rendered":"http:\/\/quersaberpolitica.com.br\/2016\/?p=201761"},"modified":"2018-06-27T20:09:40","modified_gmt":"2018-06-27T23:09:40","slug":"stf-um-monstro-de-11-cabecas-e-2-lados","status":"publish","type":"post","link":"https:\/\/blogdofarnesio.com.br\/?p=201761","title":{"rendered":"STF, UM MONSTRO DE 11 CABE\u00c7AS E 2 LADOS"},"content":{"rendered":"<p><strong>Por Jos\u00e9 N\u00eaumanne*<\/strong><\/p>\n<p>Ao desafiar decis\u00e3o da maioria do Supremo, Mello refor\u00e7a adere \u00e0 persegui\u00e7\u00e3o contra Lula<\/p>\n<p>O ministro do Supremo Tribunal Federal (STF) Marco Aur\u00e9lio Mello disse, em entrevista \u00e0 R\u00e1dio e Televis\u00e3o de Portugal (RTP), que a pris\u00e3o de Lula \u00e9 ilegal e tamb\u00e9m que o presidenci\u00e1vel petista \u00e9 ineleg\u00edvel.<\/p>\n<p>A declara\u00e7\u00e3o de Sua Excel\u00eancia, levada ao ar na sexta-feira 23 de junho, produziu impacto e estranhamento. A Na\u00e7\u00e3o est\u00e1 abalada pela plena vig\u00eancia de uma crise pol\u00edtica, econ\u00f4mica, financeira e \u00e9tica que amargura 24 milh\u00f5es de brasileiros sem emprego, perspectivas nem esperan\u00e7a, segundo informa\u00e7\u00e3o dada por uma das poucas institui\u00e7\u00f5es do Estado nacional que ainda se pode orgulhar de gozar de prest\u00edgio e credibilidade, o IBGE. Isso se agrava com a expectativa da realiza\u00e7\u00e3o a 106 dias da senten\u00e7a (no sentido sem\u00e2ntico, n\u00e3o no jur\u00eddico) de elei\u00e7\u00f5es gerais \u2013 para presidente, governadores, C\u00e2mara dos Deputados, Senado Federal e Assembleias Legislativas \u2013 com progn\u00f3sticos imprevis\u00edveis e preocupantes.<\/p>\n<p>Nesse panorama, o sujeito da frase \u00e9 o principal elemento de perturba\u00e7\u00e3o de um cen\u00e1rio, embora n\u00e3o seja, justi\u00e7a lhe seja feita, o \u00fanico. Presidente mais popular da Hist\u00f3ria da Rep\u00fablica, conforme recentes levantamentos de pesquisa de opini\u00e3o p\u00fablica, deixando para tr\u00e1s figuras mitol\u00f3gicas como Get\u00falio Vargas e Juscelino Kubitschek, mant\u00e9m confort\u00e1vel dianteira nos levantamentos de inten\u00e7\u00e3o de votos para o pleito de 7 e 28 de outubro.<\/p>\n<p>Se n\u00e3o fosse \u2013 como \u00e9 \u2013 impedido de disputar o pleito, por encarnar boas lembran\u00e7as de bonan\u00e7a, que seus devotos dissociam da desgraceira atual, por ela produzida, ou por emular Gulliver em ambiente de pigmeus, Lula \u00e9 um espantalho entre abutres. Alguns querem devor\u00e1-lo, seja porque governar\u00e1 contra seus interesses olig\u00e1rquicos, seja por terem consci\u00eancia da cat\u00e1strofe incompar\u00e1vel que seria a repeti\u00e7\u00e3o do desgoverno da demagogia populista e devoradora de recursos p\u00fablicos. Mas ainda se prostram a seus p\u00e9s pol\u00edticos, burocratas e sanguessugas de academia, cultura e artes expulsos do op\u00edparo banquete da espolia\u00e7\u00e3o do er\u00e1rio.<\/p>\n<p>No m\u00edtico Raso da Catarina do sert\u00e3o de m\u00edsticos e cangaceiros, o ministro Mello surge como um misto do beato Ant\u00f4nio Conselheiro e do cabra Corisco com o cajado da Constitui\u00e7\u00e3o na m\u00e3o canhota e o martelo de juiz na direita. Na semana encerrada com seu aparente golpe no cravo e outro na ferradura, seus colegas aliados na Segunda Turma cuspiram nas in\u00fameras evid\u00eancias e \u201ccoincid\u00eancias\u201d de depoimentos de delatores premiados para negar, por cinco a zero, puni\u00e7\u00e3o ao casal Gleisi Hoffmann e Paulo Bernardo. As batatas da vit\u00f3ria foram devoradas no festim (com toda a raz\u00e3o) de crentes do padim Lula, que atribu\u00edram \u00e0 not\u00edcia o cond\u00e3o m\u00e1gico de abrir a cela que confina o profeta e anula a profecia.<\/p>\n<p>A decis\u00e3o, mais do que evidente, inevit\u00e1vel, de Fachin de transferir para o plen\u00e1rio o julgamento da tentativa da defesa do petista de cancelar a condena\u00e7\u00e3o do r\u00e9u, decidida em primeira e segunda inst\u00e2ncias (por unanimidade), verteu fel no chope da vit\u00f3ria num jogo que nunca foi, nem tinha como ser, preliminar. O relator da Lava Jato n\u00e3o podia deixar de faz\u00ea-lo, dando sequ\u00eancia \u00e0 decis\u00e3o tomada pela vice-presidente do Tribunal Regional Federal da 4.\u00aa Regi\u00e3o (TRF-4), desembargadora Maria de F\u00e1tima Freitas Labarr\u00e8re. Da mesma forma, o presidente da Segunda Turma do STF, Ricardo Lewandowski, que ningu\u00e9m em s\u00e3 consci\u00eancia acusaria de antilulista, nada poderia fazer de diferente do que fez: desmarcou a sess\u00e3o (anteriormente agendada para ontem) na qual tal pedido seria votado.<\/p>\n<p>Nessa guerra, em que se permitem adiamentos, recursos e chicanas vigentes no Judici\u00e1rio, que parecem nunca ter fim, o advogado de Lula \u201cestranhou\u201d que Labarr\u00e8re tenha tomado a decis\u00e3o \u00e0s v\u00e9speras da reuni\u00e3o j\u00e1 marcada no STF. Ou seja, \u00e0 falta de fatos e, agora, at\u00e9 de argumentos, restou a Cristiano Zanin exigir do Judici\u00e1rio que submeta o calend\u00e1rio \u00e0 conveni\u00eancia de seu cliente.<\/p>\n<p>No fragor dessa batalha \u00e9 que o ministro Mello transportou para al\u00e9m-mar sua guerrilha particular, ao lado dos companheiros de turma Lewandowski, Gilmar, Celso e Toffoli, que soltam presidi\u00e1rios de colarinho-branco aos magotes, contra decis\u00e3o do colegiado pleno do STF, que autoriza a pris\u00e3o de condenados em segunda inst\u00e2ncia. Ao faz\u00ea-lo, o douto membro da colenda Corte a desafia, sobrepondo com arrog\u00e2ncia \u00e0s decis\u00f5es majorit\u00e1rias desta as pr\u00f3prias convic\u00e7\u00f5es ou os interesses, sejam l\u00e1 quais forem, pessoais. Destarte, ele confirma o veredicto pouco lisonjeiro sobre a mais alta inst\u00e2ncia judici\u00e1ria manifestado pelo especialista Joaquim Falc\u00e3o, da FGV: o de que n\u00e3o h\u00e1 um STF uno, mas um conjunto desarmonioso de 11 cabe\u00e7as. Ou seja, uma conjun\u00e7\u00e3o de Hidra, o monstro mitol\u00f3gico que habitava a lagoa de Lerna \u2013 com corpo de drag\u00e3o e nove cabe\u00e7as de serpente, cujo h\u00e1lito era venenoso e que podiam se reproduzir \u2013, com o deus romano Jano, de duas faces, uma olhando para a frente e a outra, para tr\u00e1s.<\/p>\n<p>\u201cProcesso, para mim, n\u00e3o tem capa. Processo, para mim, tem unicamente conte\u00fado. Eu n\u00e3o concebo, tendo em conta minha forma\u00e7\u00e3o jur\u00eddica, tendo em conta a minha experi\u00eancia judicante, eu n\u00e3o concebo essa esp\u00e9cie de execu\u00e7\u00e3o\u201d, declarou Mello. A frase d\u00e1 definitivamente eco ao discurso dos arautos do profeta de Vila Euclides, segundo os quais este \u00e9 v\u00edtima de uma persegui\u00e7\u00e3o contumaz de elites exploradoras que controlam a pol\u00edcia, o Minist\u00e9rio P\u00fablico e as duas inst\u00e2ncias iniciais do Judici\u00e1rio. Ao faz\u00ea-lo, o ministro adere \u00e0 campanha difamat\u00f3ria do Partido dos Trabalhadores (PT), que n\u00e3o tem alternativa ao presidi\u00e1rio mais popular do Pa\u00eds para disputar a elei\u00e7\u00e3o presidencial, no pressuposto de que toda a Justi\u00e7a se resume ao plen\u00e1rio fracionado da corte real, entendida a palavra como de reis, e n\u00e3o da realidade.<\/p>\n<p>E sem perder o h\u00e1bito de confundir s\u00f3 para contrariar, repetiu o Conselheiro Ac\u00e1cio, ao reafirmar o \u00f3bvio ululante da inelegibilidade de Lula.<\/p>\n<p><strong>*Jornalista, poeta e escritor<\/strong><\/p>\n","protected":false},"excerpt":{"rendered":"<p>Por Jos\u00e9 N\u00eaumanne* Ao desafiar decis\u00e3o da maioria do Supremo, Mello refor\u00e7a adere \u00e0 persegui\u00e7\u00e3o contra Lula O ministro do Supremo Tribunal Federal (STF) Marco Aur\u00e9lio Mello disse, em entrevista \u00e0 R\u00e1dio e Televis\u00e3o de Portugal (RTP), que a pris\u00e3o de Lula \u00e9 ilegal e tamb\u00e9m que o presidenci\u00e1vel petista \u00e9 ineleg\u00edvel. A declara\u00e7\u00e3o de Sua Excel\u00eancia, levada ao ar na sexta-feira 23 de junho, produziu impacto e estranhamento. A Na\u00e7\u00e3o est\u00e1 abalada pela plena vig\u00eancia de uma crise pol\u00edtica, econ\u00f4mica, financeira e \u00e9tica que amargura 24 milh\u00f5es de brasileiros sem emprego, perspectivas nem esperan\u00e7a, segundo informa\u00e7\u00e3o dada por uma das poucas institui\u00e7\u00f5es do Estado nacional que ainda se pode orgulhar de gozar de prest\u00edgio e credibilidade, o IBGE. Isso&hellip; <\/p>\n","protected":false},"author":1,"featured_media":201762,"comment_status":"closed","ping_status":"closed","sticky":false,"template":"","format":"standard","meta":{"_acf_changed":false,"footnotes":""},"categories":[30],"tags":[],"class_list":["post-201761","post","type-post","status-publish","format-standard","has-post-thumbnail","hentry","category-artigo"],"acf":[],"yoast_head":"<!-- This site is optimized with the Yoast SEO plugin v27.4 - https:\/\/yoast.com\/product\/yoast-seo-wordpress\/ -->\n<title>STF, UM MONSTRO DE 11 CABE\u00c7AS E 2 LADOS - Blog do Farn\u00e9sio<\/title>\n<meta name=\"robots\" content=\"index, follow, max-snippet:-1, max-image-preview:large, max-video-preview:-1\" \/>\n<link rel=\"canonical\" href=\"https:\/\/blogdofarnesio.com.br\/?p=201761\" \/>\n<meta property=\"og:locale\" content=\"pt_BR\" \/>\n<meta property=\"og:type\" content=\"article\" \/>\n<meta property=\"og:title\" content=\"STF, UM MONSTRO DE 11 CABE\u00c7AS E 2 LADOS - Blog do Farn\u00e9sio\" \/>\n<meta property=\"og:description\" content=\"Por Jos\u00e9 N\u00eaumanne* Ao desafiar decis\u00e3o da maioria do Supremo, Mello refor\u00e7a adere \u00e0 persegui\u00e7\u00e3o contra Lula O ministro do Supremo Tribunal Federal (STF) Marco Aur\u00e9lio Mello disse, em entrevista \u00e0 R\u00e1dio e Televis\u00e3o de Portugal (RTP), que a pris\u00e3o de Lula \u00e9 ilegal e tamb\u00e9m que o presidenci\u00e1vel petista \u00e9 ineleg\u00edvel. A declara\u00e7\u00e3o de Sua Excel\u00eancia, levada ao ar na sexta-feira 23 de junho, produziu impacto e estranhamento. A Na\u00e7\u00e3o est\u00e1 abalada pela plena vig\u00eancia de uma crise pol\u00edtica, econ\u00f4mica, financeira e \u00e9tica que amargura 24 milh\u00f5es de brasileiros sem emprego, perspectivas nem esperan\u00e7a, segundo informa\u00e7\u00e3o dada por uma das poucas institui\u00e7\u00f5es do Estado nacional que ainda se pode orgulhar de gozar de prest\u00edgio e credibilidade, o IBGE. Isso&hellip;\" \/>\n<meta property=\"og:url\" content=\"https:\/\/blogdofarnesio.com.br\/?p=201761\" \/>\n<meta property=\"og:site_name\" content=\"Blog do Farn\u00e9sio\" \/>\n<meta property=\"article:publisher\" content=\"https:\/\/www.facebook.com\/BlogQuerSaberPolitica\/\" \/>\n<meta property=\"article:published_time\" content=\"2018-06-28T11:33:16+00:00\" \/>\n<meta property=\"og:image\" content=\"https:\/\/blogdofarnesio.com.br\/wp-content\/uploads\/2018\/06\/blogqspbicho-de-sete-cabecas.png\" \/>\n\t<meta property=\"og:image:width\" content=\"510\" \/>\n\t<meta property=\"og:image:height\" content=\"304\" \/>\n\t<meta property=\"og:image:type\" content=\"image\/png\" \/>\n<meta name=\"author\" content=\"Farn\u00e9sio\" \/>\n<meta name=\"twitter:card\" content=\"summary_large_image\" \/>\n<meta name=\"twitter:label1\" content=\"Escrito por\" \/>\n\t<meta name=\"twitter:data1\" content=\"Farn\u00e9sio\" \/>\n\t<meta name=\"twitter:label2\" content=\"Est. tempo de leitura\" \/>\n\t<meta name=\"twitter:data2\" content=\"5 minutos\" \/>\n<script type=\"application\/ld+json\" class=\"yoast-schema-graph\">{\"@context\":\"https:\\\/\\\/schema.org\",\"@graph\":[{\"@type\":\"Article\",\"@id\":\"https:\\\/\\\/blogdofarnesio.com.br\\\/?p=201761#article\",\"isPartOf\":{\"@id\":\"https:\\\/\\\/blogdofarnesio.com.br\\\/?p=201761\"},\"author\":{\"name\":\"Farn\u00e9sio\",\"@id\":\"https:\\\/\\\/blogdofarnesio.com.br\\\/#\\\/schema\\\/person\\\/301c4acf522bccbfdb45af95b5b906a1\"},\"headline\":\"STF, UM MONSTRO DE 11 CABE\u00c7AS E 2 LADOS\",\"datePublished\":\"2018-06-28T11:33:16+00:00\",\"mainEntityOfPage\":{\"@id\":\"https:\\\/\\\/blogdofarnesio.com.br\\\/?p=201761\"},\"wordCount\":1087,\"publisher\":{\"@id\":\"https:\\\/\\\/blogdofarnesio.com.br\\\/#organization\"},\"image\":{\"@id\":\"https:\\\/\\\/blogdofarnesio.com.br\\\/?p=201761#primaryimage\"},\"thumbnailUrl\":\"https:\\\/\\\/blogdofarnesio.com.br\\\/wp-content\\\/uploads\\\/2018\\\/06\\\/blogqspbicho-de-sete-cabecas.png\",\"articleSection\":[\"Artigo\"],\"inLanguage\":\"pt-BR\"},{\"@type\":\"WebPage\",\"@id\":\"https:\\\/\\\/blogdofarnesio.com.br\\\/?p=201761\",\"url\":\"https:\\\/\\\/blogdofarnesio.com.br\\\/?p=201761\",\"name\":\"STF, UM MONSTRO DE 11 CABE\u00c7AS E 2 LADOS - Blog do Farn\u00e9sio\",\"isPartOf\":{\"@id\":\"https:\\\/\\\/blogdofarnesio.com.br\\\/#website\"},\"primaryImageOfPage\":{\"@id\":\"https:\\\/\\\/blogdofarnesio.com.br\\\/?p=201761#primaryimage\"},\"image\":{\"@id\":\"https:\\\/\\\/blogdofarnesio.com.br\\\/?p=201761#primaryimage\"},\"thumbnailUrl\":\"https:\\\/\\\/blogdofarnesio.com.br\\\/wp-content\\\/uploads\\\/2018\\\/06\\\/blogqspbicho-de-sete-cabecas.png\",\"datePublished\":\"2018-06-28T11:33:16+00:00\",\"breadcrumb\":{\"@id\":\"https:\\\/\\\/blogdofarnesio.com.br\\\/?p=201761#breadcrumb\"},\"inLanguage\":\"pt-BR\",\"potentialAction\":[{\"@type\":\"ReadAction\",\"target\":[\"https:\\\/\\\/blogdofarnesio.com.br\\\/?p=201761\"]}]},{\"@type\":\"ImageObject\",\"inLanguage\":\"pt-BR\",\"@id\":\"https:\\\/\\\/blogdofarnesio.com.br\\\/?p=201761#primaryimage\",\"url\":\"https:\\\/\\\/blogdofarnesio.com.br\\\/wp-content\\\/uploads\\\/2018\\\/06\\\/blogqspbicho-de-sete-cabecas.png\",\"contentUrl\":\"https:\\\/\\\/blogdofarnesio.com.br\\\/wp-content\\\/uploads\\\/2018\\\/06\\\/blogqspbicho-de-sete-cabecas.png\",\"width\":510,\"height\":304},{\"@type\":\"BreadcrumbList\",\"@id\":\"https:\\\/\\\/blogdofarnesio.com.br\\\/?p=201761#breadcrumb\",\"itemListElement\":[{\"@type\":\"ListItem\",\"position\":1,\"name\":\"In\u00edcio\",\"item\":\"https:\\\/\\\/blogdofarnesio.com.br\\\/\"},{\"@type\":\"ListItem\",\"position\":2,\"name\":\"STF, UM MONSTRO DE 11 CABE\u00c7AS E 2 LADOS\"}]},{\"@type\":\"WebSite\",\"@id\":\"https:\\\/\\\/blogdofarnesio.com.br\\\/#website\",\"url\":\"https:\\\/\\\/blogdofarnesio.com.br\\\/\",\"name\":\"Blog do Farn\u00e9sio\",\"description\":\"Quer Saber Pol\u00edtica?\",\"publisher\":{\"@id\":\"https:\\\/\\\/blogdofarnesio.com.br\\\/#organization\"},\"potentialAction\":[{\"@type\":\"SearchAction\",\"target\":{\"@type\":\"EntryPoint\",\"urlTemplate\":\"https:\\\/\\\/blogdofarnesio.com.br\\\/?s={search_term_string}\"},\"query-input\":{\"@type\":\"PropertyValueSpecification\",\"valueRequired\":true,\"valueName\":\"search_term_string\"}}],\"inLanguage\":\"pt-BR\"},{\"@type\":\"Organization\",\"@id\":\"https:\\\/\\\/blogdofarnesio.com.br\\\/#organization\",\"name\":\"Blog do Farn\u00e9sio\",\"url\":\"https:\\\/\\\/blogdofarnesio.com.br\\\/\",\"logo\":{\"@type\":\"ImageObject\",\"inLanguage\":\"pt-BR\",\"@id\":\"https:\\\/\\\/blogdofarnesio.com.br\\\/#\\\/schema\\\/logo\\\/image\\\/\",\"url\":\"https:\\\/\\\/blogdofarnesio.com.br\\\/wp-content\\\/uploads\\\/2026\\\/03\\\/cropped-logo_new-1.png\",\"contentUrl\":\"https:\\\/\\\/blogdofarnesio.com.br\\\/wp-content\\\/uploads\\\/2026\\\/03\\\/cropped-logo_new-1.png\",\"width\":881,\"height\":685,\"caption\":\"Blog do Farn\u00e9sio\"},\"image\":{\"@id\":\"https:\\\/\\\/blogdofarnesio.com.br\\\/#\\\/schema\\\/logo\\\/image\\\/\"},\"sameAs\":[\"https:\\\/\\\/www.facebook.com\\\/BlogQuerSaberPolitica\\\/\"]},{\"@type\":\"Person\",\"@id\":\"https:\\\/\\\/blogdofarnesio.com.br\\\/#\\\/schema\\\/person\\\/301c4acf522bccbfdb45af95b5b906a1\",\"name\":\"Farn\u00e9sio\",\"image\":{\"@type\":\"ImageObject\",\"inLanguage\":\"pt-BR\",\"@id\":\"https:\\\/\\\/secure.gravatar.com\\\/avatar\\\/df0c9a14567c056f8ad6876ba5bbd1e3e2c48023eb6807342fc4663adf549f38?s=96&d=mm&r=g\",\"url\":\"https:\\\/\\\/secure.gravatar.com\\\/avatar\\\/df0c9a14567c056f8ad6876ba5bbd1e3e2c48023eb6807342fc4663adf549f38?s=96&d=mm&r=g\",\"contentUrl\":\"https:\\\/\\\/secure.gravatar.com\\\/avatar\\\/df0c9a14567c056f8ad6876ba5bbd1e3e2c48023eb6807342fc4663adf549f38?s=96&d=mm&r=g\",\"caption\":\"Farn\u00e9sio\"},\"sameAs\":[\"https:\\\/\\\/quersaberpolitica.com.br\"],\"url\":\"https:\\\/\\\/blogdofarnesio.com.br\\\/?author=1\"}]}<\/script>\n<!-- \/ Yoast SEO plugin. -->","yoast_head_json":{"title":"STF, UM MONSTRO DE 11 CABE\u00c7AS E 2 LADOS - Blog do Farn\u00e9sio","robots":{"index":"index","follow":"follow","max-snippet":"max-snippet:-1","max-image-preview":"max-image-preview:large","max-video-preview":"max-video-preview:-1"},"canonical":"https:\/\/blogdofarnesio.com.br\/?p=201761","og_locale":"pt_BR","og_type":"article","og_title":"STF, UM MONSTRO DE 11 CABE\u00c7AS E 2 LADOS - Blog do Farn\u00e9sio","og_description":"Por Jos\u00e9 N\u00eaumanne* Ao desafiar decis\u00e3o da maioria do Supremo, Mello refor\u00e7a adere \u00e0 persegui\u00e7\u00e3o contra Lula O ministro do Supremo Tribunal Federal (STF) Marco Aur\u00e9lio Mello disse, em entrevista \u00e0 R\u00e1dio e Televis\u00e3o de Portugal (RTP), que a pris\u00e3o de Lula \u00e9 ilegal e tamb\u00e9m que o presidenci\u00e1vel petista \u00e9 ineleg\u00edvel. A declara\u00e7\u00e3o de Sua Excel\u00eancia, levada ao ar na sexta-feira 23 de junho, produziu impacto e estranhamento. A Na\u00e7\u00e3o est\u00e1 abalada pela plena vig\u00eancia de uma crise pol\u00edtica, econ\u00f4mica, financeira e \u00e9tica que amargura 24 milh\u00f5es de brasileiros sem emprego, perspectivas nem esperan\u00e7a, segundo informa\u00e7\u00e3o dada por uma das poucas institui\u00e7\u00f5es do Estado nacional que ainda se pode orgulhar de gozar de prest\u00edgio e credibilidade, o IBGE. Isso&hellip;","og_url":"https:\/\/blogdofarnesio.com.br\/?p=201761","og_site_name":"Blog do Farn\u00e9sio","article_publisher":"https:\/\/www.facebook.com\/BlogQuerSaberPolitica\/","article_published_time":"2018-06-28T11:33:16+00:00","og_image":[{"width":510,"height":304,"url":"https:\/\/blogdofarnesio.com.br\/wp-content\/uploads\/2018\/06\/blogqspbicho-de-sete-cabecas.png","type":"image\/png"}],"author":"Farn\u00e9sio","twitter_card":"summary_large_image","twitter_misc":{"Escrito por":"Farn\u00e9sio","Est. tempo de leitura":"5 minutos"},"schema":{"@context":"https:\/\/schema.org","@graph":[{"@type":"Article","@id":"https:\/\/blogdofarnesio.com.br\/?p=201761#article","isPartOf":{"@id":"https:\/\/blogdofarnesio.com.br\/?p=201761"},"author":{"name":"Farn\u00e9sio","@id":"https:\/\/blogdofarnesio.com.br\/#\/schema\/person\/301c4acf522bccbfdb45af95b5b906a1"},"headline":"STF, UM MONSTRO DE 11 CABE\u00c7AS E 2 LADOS","datePublished":"2018-06-28T11:33:16+00:00","mainEntityOfPage":{"@id":"https:\/\/blogdofarnesio.com.br\/?p=201761"},"wordCount":1087,"publisher":{"@id":"https:\/\/blogdofarnesio.com.br\/#organization"},"image":{"@id":"https:\/\/blogdofarnesio.com.br\/?p=201761#primaryimage"},"thumbnailUrl":"https:\/\/blogdofarnesio.com.br\/wp-content\/uploads\/2018\/06\/blogqspbicho-de-sete-cabecas.png","articleSection":["Artigo"],"inLanguage":"pt-BR"},{"@type":"WebPage","@id":"https:\/\/blogdofarnesio.com.br\/?p=201761","url":"https:\/\/blogdofarnesio.com.br\/?p=201761","name":"STF, UM MONSTRO DE 11 CABE\u00c7AS E 2 LADOS - Blog do Farn\u00e9sio","isPartOf":{"@id":"https:\/\/blogdofarnesio.com.br\/#website"},"primaryImageOfPage":{"@id":"https:\/\/blogdofarnesio.com.br\/?p=201761#primaryimage"},"image":{"@id":"https:\/\/blogdofarnesio.com.br\/?p=201761#primaryimage"},"thumbnailUrl":"https:\/\/blogdofarnesio.com.br\/wp-content\/uploads\/2018\/06\/blogqspbicho-de-sete-cabecas.png","datePublished":"2018-06-28T11:33:16+00:00","breadcrumb":{"@id":"https:\/\/blogdofarnesio.com.br\/?p=201761#breadcrumb"},"inLanguage":"pt-BR","potentialAction":[{"@type":"ReadAction","target":["https:\/\/blogdofarnesio.com.br\/?p=201761"]}]},{"@type":"ImageObject","inLanguage":"pt-BR","@id":"https:\/\/blogdofarnesio.com.br\/?p=201761#primaryimage","url":"https:\/\/blogdofarnesio.com.br\/wp-content\/uploads\/2018\/06\/blogqspbicho-de-sete-cabecas.png","contentUrl":"https:\/\/blogdofarnesio.com.br\/wp-content\/uploads\/2018\/06\/blogqspbicho-de-sete-cabecas.png","width":510,"height":304},{"@type":"BreadcrumbList","@id":"https:\/\/blogdofarnesio.com.br\/?p=201761#breadcrumb","itemListElement":[{"@type":"ListItem","position":1,"name":"In\u00edcio","item":"https:\/\/blogdofarnesio.com.br\/"},{"@type":"ListItem","position":2,"name":"STF, UM MONSTRO DE 11 CABE\u00c7AS E 2 LADOS"}]},{"@type":"WebSite","@id":"https:\/\/blogdofarnesio.com.br\/#website","url":"https:\/\/blogdofarnesio.com.br\/","name":"Blog do Farn\u00e9sio","description":"Quer Saber Pol\u00edtica?","publisher":{"@id":"https:\/\/blogdofarnesio.com.br\/#organization"},"potentialAction":[{"@type":"SearchAction","target":{"@type":"EntryPoint","urlTemplate":"https:\/\/blogdofarnesio.com.br\/?s={search_term_string}"},"query-input":{"@type":"PropertyValueSpecification","valueRequired":true,"valueName":"search_term_string"}}],"inLanguage":"pt-BR"},{"@type":"Organization","@id":"https:\/\/blogdofarnesio.com.br\/#organization","name":"Blog do Farn\u00e9sio","url":"https:\/\/blogdofarnesio.com.br\/","logo":{"@type":"ImageObject","inLanguage":"pt-BR","@id":"https:\/\/blogdofarnesio.com.br\/#\/schema\/logo\/image\/","url":"https:\/\/blogdofarnesio.com.br\/wp-content\/uploads\/2026\/03\/cropped-logo_new-1.png","contentUrl":"https:\/\/blogdofarnesio.com.br\/wp-content\/uploads\/2026\/03\/cropped-logo_new-1.png","width":881,"height":685,"caption":"Blog do Farn\u00e9sio"},"image":{"@id":"https:\/\/blogdofarnesio.com.br\/#\/schema\/logo\/image\/"},"sameAs":["https:\/\/www.facebook.com\/BlogQuerSaberPolitica\/"]},{"@type":"Person","@id":"https:\/\/blogdofarnesio.com.br\/#\/schema\/person\/301c4acf522bccbfdb45af95b5b906a1","name":"Farn\u00e9sio","image":{"@type":"ImageObject","inLanguage":"pt-BR","@id":"https:\/\/secure.gravatar.com\/avatar\/df0c9a14567c056f8ad6876ba5bbd1e3e2c48023eb6807342fc4663adf549f38?s=96&d=mm&r=g","url":"https:\/\/secure.gravatar.com\/avatar\/df0c9a14567c056f8ad6876ba5bbd1e3e2c48023eb6807342fc4663adf549f38?s=96&d=mm&r=g","contentUrl":"https:\/\/secure.gravatar.com\/avatar\/df0c9a14567c056f8ad6876ba5bbd1e3e2c48023eb6807342fc4663adf549f38?s=96&d=mm&r=g","caption":"Farn\u00e9sio"},"sameAs":["https:\/\/quersaberpolitica.com.br"],"url":"https:\/\/blogdofarnesio.com.br\/?author=1"}]}},"_links":{"self":[{"href":"https:\/\/blogdofarnesio.com.br\/index.php?rest_route=\/wp\/v2\/posts\/201761","targetHints":{"allow":["GET"]}}],"collection":[{"href":"https:\/\/blogdofarnesio.com.br\/index.php?rest_route=\/wp\/v2\/posts"}],"about":[{"href":"https:\/\/blogdofarnesio.com.br\/index.php?rest_route=\/wp\/v2\/types\/post"}],"author":[{"embeddable":true,"href":"https:\/\/blogdofarnesio.com.br\/index.php?rest_route=\/wp\/v2\/users\/1"}],"replies":[{"embeddable":true,"href":"https:\/\/blogdofarnesio.com.br\/index.php?rest_route=%2Fwp%2Fv2%2Fcomments&post=201761"}],"version-history":[{"count":0,"href":"https:\/\/blogdofarnesio.com.br\/index.php?rest_route=\/wp\/v2\/posts\/201761\/revisions"}],"wp:featuredmedia":[{"embeddable":true,"href":"https:\/\/blogdofarnesio.com.br\/index.php?rest_route=\/wp\/v2\/media\/201762"}],"wp:attachment":[{"href":"https:\/\/blogdofarnesio.com.br\/index.php?rest_route=%2Fwp%2Fv2%2Fmedia&parent=201761"}],"wp:term":[{"taxonomy":"category","embeddable":true,"href":"https:\/\/blogdofarnesio.com.br\/index.php?rest_route=%2Fwp%2Fv2%2Fcategories&post=201761"},{"taxonomy":"post_tag","embeddable":true,"href":"https:\/\/blogdofarnesio.com.br\/index.php?rest_route=%2Fwp%2Fv2%2Ftags&post=201761"}],"curies":[{"name":"wp","href":"https:\/\/api.w.org\/{rel}","templated":true}]}}