{"id":200883,"date":"2018-06-19T07:21:45","date_gmt":"2018-06-19T10:21:45","guid":{"rendered":"http:\/\/quersaberpolitica.com.br\/2016\/?p=200883"},"modified":"2018-06-18T17:01:19","modified_gmt":"2018-06-18T20:01:19","slug":"brazilfoundation-e-ongs-parceiras-lancam-o-iii-premio-de-inovacao-comunitaria","status":"publish","type":"post","link":"https:\/\/blogdofarnesio.com.br\/?p=200883","title":{"rendered":"BRAZILFOUNDATION E ONGS PARCEIRAS LAN\u00c7AM O III PR\u00caMIO DE INOVA\u00c7\u00c3O COMUNIT\u00c1RIA"},"content":{"rendered":"<p><strong>As inscri\u00e7\u00f5es no Vale do S\u00e3o Francisco e Chapada do Araripe est\u00e3o a cargo do Instituto P\u00f3len<\/strong><\/p>\n<p>&nbsp;<\/p>\n<p style=\"text-align: justify;\">Em sua terceira edi\u00e7\u00e3o, o Pr\u00eamio de Inova\u00e7\u00e3o Comunit\u00e1ria vai investir em iniciativas informais, selecionadas por uma rede de organiza\u00e7\u00e3o parceiras da BrazilFoundation, com atua\u00e7\u00e3o para o\u00a0fortalecimento e desenvolvimento de seus territ\u00f3rios e comunidade.<\/p>\n<p style=\"text-align: justify;\">Lan\u00e7ado em 2015, o pr\u00eamio nasceu\u00a0para atender a demandas urgentes do setor social, democratizar acesso a recursos, estimular o\u00a0protagonismo local e incubar tecnologias sociais inovadoras. Nas duas primeiras edi\u00e7\u00f5es foram financiadas\u00a0125 iniciativas em parceria com 37 organiza\u00e7\u00f5es madrinhas em 20 estados.<\/p>\n<p style=\"text-align: justify;\">Este ano, 21 organiza\u00e7\u00f5es j\u00e1 apoiadas pela BrazilFoundation atuantes em 16 estados brasileiros &#8211; as\u00a0\u201cMadrinhas\u201d-, s\u00e3o respons\u00e1veis por identificar, selecionar e dar mentoria \u00e0s iniciativas, al\u00e9m de monitorar\u00a0o uso dos recursos. As madrinhas foram selecionadas considerando diversidade regional, de atua\u00e7\u00e3o e\u00a0qualidade dos processos descritos na inscri\u00e7\u00e3o.<\/p>\n<p style=\"text-align: justify;\">\u201cA ideia surgiu para alavancar a sabedoria e o conhecimento da nossa rede de parceiros em seus\u00a0respectivos territ\u00f3rios e \u00e1reas de atua\u00e7\u00e3o, al\u00e9m de democratizar o acesso a recursos, incentivar a inova\u00e7\u00e3o\u00a0e descoberta de novas tecnologias sociais.\u201d \u2013 diz Patr\u00edcia Lobaccaro, presidente da BrazilFoundation.<\/p>\n<p style=\"text-align: justify;\">As inscri\u00e7\u00f5es no Vale do S\u00e3o Francisco e Chapada do Araripe est\u00e3o a cargo do Instituto P\u00f3len, que vai\u00a0identificar, em parceria com o Instituto IDez, as iniciativas atuantes naqueles territ\u00f3rios que gerem\u00a0resultados para as comunidades a partir de demandas e desafios do pr\u00f3prio local ou do p\u00fablico, e\u00a0proponham novas abordagens e tecnologias sociais para a resolu\u00e7\u00e3o. Nas duas edi\u00e7\u00f5es anteriores foram\u00a0contempladas 7 iniciativas no Vale do S\u00e3o Francisco.<\/p>\n<p style=\"text-align: justify;\">As propostas ser\u00e3o avaliadas por uma banca composta por l\u00edderes das organiza\u00e7\u00f5es madrinhas e pela\u00a0BrazilFoundation. As selecionadas receber\u00e3o um pr\u00eamio de R$ 5.000,00.\u00a0O Pr\u00eamio possibilita que as madrinhas compartilhem suas experi\u00eancias e conhecimentos por meio da\u00a0mentoria, estimulando colabora\u00e7\u00e3o e trabalho em rede. \u201cAcreditamos que essa iniciativa vai trazer para o\u00a0Terceiro Setor novas ideias, mais pr\u00f3ximas da realidade que a sociedade vive no seu dia-a-dia. A inten\u00e7\u00e3o\u00a0do Instituto P\u00f3len e do Instituto IDez \u00e9 fazer com que as pessoas que identificam problemas sociais na sua\u00a0regi\u00e3o possam ajudar a resolv\u00ea-las com o seu pr\u00f3prio saber, sempre mais adequado para aquele\u00a0enfrentamento.\u201d \u2013 diz Charles Siqueira, nascido em Petrolina (PE) e presidente do Instituto P\u00f3len.<\/p>\n<p style=\"text-align: justify;\">As 3 melhores iniciativas, baseadas nos resultados e qualidade dos registros, concorrem ainda \u00e0 renova\u00e7\u00e3o\u00a0do apoio no valor de R$ 8 mil, acesso \u00e0 Rede de Lideran\u00e7as da BrazilFoundation e participa\u00e7\u00e3o do encontro\u00a0de lideran\u00e7as em 2019. Al\u00e9m disso, um representante da organiza\u00e7\u00e3o madrinha e da iniciativa melhores\u00a0avaliadas receber\u00e3o uma viagem para S\u00e3o Paulo para participar do Gala 2018.<\/p>\n<p style=\"text-align: justify;\">A BrazilFoundation mobiliza recursos para ideias e a\u00e7\u00f5es que transformam o Brasil e trabalha com l\u00edderes,\u00a0organiza\u00e7\u00f5es sociais e uma rede global de apoiadores para promover igualdade, justi\u00e7a social e\u00a0oportunidade para todos os brasileiros. Em 17 anos, arrecadou US$ 40 milh\u00f5es e j\u00e1 apoiou mais de 600\u00a0organiza\u00e7\u00f5es sociais de 26 estados brasileiros nas \u00e1reas de Educa\u00e7\u00e3o e Cultura, Sa\u00fade, Desenvolvimento\u00a0Socioecon\u00f4mico, Direitos Humanos e Participa\u00e7\u00e3o C\u00edvica e Neg\u00f3cios Sociais.<\/p>\n<p style=\"text-align: justify;\">A terceira edi\u00e7\u00e3o do Pr\u00eamio de Inova\u00e7\u00e3o Comunit\u00e1ria prev\u00ea investimento em 54 iniciativas e conta com\u00a0apoio da Funda\u00e7\u00e3o Ita\u00fa Social e v\u00e1rios doadores nos EUA por meio do Gala Miami e Youth Council.<\/p>\n<p style=\"text-align: justify;\">Regulamento e inscri\u00e7\u00e3o:<br \/>\nhttps:\/\/brazilfoundation.org\/iii-premio-de-inovacao-comunitaria-edital-ops\/?lang=pt-br<br \/>\nMais informa\u00e7\u00f5es:<br \/>\ninstitutopolen@gmail.com<br \/>\nWhatsApp: (21) 99366-0821<br \/>\nwww.brazilfoundation.org (21) 2532 3029<\/p>\n","protected":false},"excerpt":{"rendered":"<p>As inscri\u00e7\u00f5es no Vale do S\u00e3o Francisco e Chapada do Araripe est\u00e3o a cargo do Instituto P\u00f3len &nbsp; Em sua terceira edi\u00e7\u00e3o, o Pr\u00eamio de Inova\u00e7\u00e3o Comunit\u00e1ria vai investir em iniciativas informais, selecionadas por uma rede de organiza\u00e7\u00e3o parceiras da BrazilFoundation, com atua\u00e7\u00e3o para o\u00a0fortalecimento e desenvolvimento de seus territ\u00f3rios e comunidade. Lan\u00e7ado em 2015, o pr\u00eamio nasceu\u00a0para atender a demandas urgentes do setor social, democratizar acesso a recursos, estimular o\u00a0protagonismo local e incubar tecnologias sociais inovadoras. Nas duas primeiras edi\u00e7\u00f5es foram financiadas\u00a0125 iniciativas em parceria com 37 organiza\u00e7\u00f5es madrinhas em 20 estados. Este ano, 21 organiza\u00e7\u00f5es j\u00e1 apoiadas pela BrazilFoundation atuantes em 16 estados brasileiros &#8211; as\u00a0\u201cMadrinhas\u201d-, s\u00e3o respons\u00e1veis por identificar, selecionar e dar mentoria \u00e0s iniciativas, al\u00e9m de&hellip; <\/p>\n","protected":false},"author":1,"featured_media":200943,"comment_status":"closed","ping_status":"closed","sticky":false,"template":"","format":"standard","meta":{"_acf_changed":false,"footnotes":""},"categories":[22,12],"tags":[],"class_list":["post-200883","post","type-post","status-publish","format-standard","has-post-thumbnail","hentry","category-acao-social","category-confraternizacoes"],"acf":[],"yoast_head":"<!-- This site is optimized with the Yoast SEO plugin v27.4 - https:\/\/yoast.com\/product\/yoast-seo-wordpress\/ -->\n<title>BRAZILFOUNDATION E ONGS PARCEIRAS LAN\u00c7AM O III PR\u00caMIO DE INOVA\u00c7\u00c3O COMUNIT\u00c1RIA - Blog do Farn\u00e9sio<\/title>\n<meta name=\"robots\" content=\"index, follow, max-snippet:-1, max-image-preview:large, max-video-preview:-1\" \/>\n<link rel=\"canonical\" href=\"https:\/\/blogdofarnesio.com.br\/?p=200883\" \/>\n<meta property=\"og:locale\" content=\"pt_BR\" \/>\n<meta property=\"og:type\" content=\"article\" \/>\n<meta property=\"og:title\" content=\"BRAZILFOUNDATION E ONGS PARCEIRAS LAN\u00c7AM O III PR\u00caMIO DE INOVA\u00c7\u00c3O COMUNIT\u00c1RIA - Blog do Farn\u00e9sio\" \/>\n<meta property=\"og:description\" content=\"As inscri\u00e7\u00f5es no Vale do S\u00e3o Francisco e Chapada do Araripe est\u00e3o a cargo do Instituto P\u00f3len &nbsp; Em sua terceira edi\u00e7\u00e3o, o Pr\u00eamio de Inova\u00e7\u00e3o Comunit\u00e1ria vai investir em iniciativas informais, selecionadas por uma rede de organiza\u00e7\u00e3o parceiras da BrazilFoundation, com atua\u00e7\u00e3o para o\u00a0fortalecimento e desenvolvimento de seus territ\u00f3rios e comunidade. Lan\u00e7ado em 2015, o pr\u00eamio nasceu\u00a0para atender a demandas urgentes do setor social, democratizar acesso a recursos, estimular o\u00a0protagonismo local e incubar tecnologias sociais inovadoras. Nas duas primeiras edi\u00e7\u00f5es foram financiadas\u00a0125 iniciativas em parceria com 37 organiza\u00e7\u00f5es madrinhas em 20 estados. Este ano, 21 organiza\u00e7\u00f5es j\u00e1 apoiadas pela BrazilFoundation atuantes em 16 estados brasileiros &#8211; as\u00a0\u201cMadrinhas\u201d-, s\u00e3o respons\u00e1veis por identificar, selecionar e dar mentoria \u00e0s iniciativas, al\u00e9m de&hellip;\" \/>\n<meta property=\"og:url\" content=\"https:\/\/blogdofarnesio.com.br\/?p=200883\" \/>\n<meta property=\"og:site_name\" content=\"Blog do Farn\u00e9sio\" \/>\n<meta property=\"article:publisher\" content=\"https:\/\/www.facebook.com\/BlogQuerSaberPolitica\/\" \/>\n<meta property=\"article:published_time\" content=\"2018-06-19T10:21:45+00:00\" \/>\n<meta property=\"og:image\" content=\"https:\/\/blogdofarnesio.com.br\/wp-content\/uploads\/2018\/06\/blogqspoutraparada_2018_banner-site-e1527779355411-1200x618-1140x500-e1529352005805.jpg\" \/>\n\t<meta property=\"og:image:width\" content=\"640\" \/>\n\t<meta property=\"og:image:height\" content=\"281\" \/>\n\t<meta property=\"og:image:type\" content=\"image\/jpeg\" \/>\n<meta name=\"author\" content=\"Farn\u00e9sio\" \/>\n<meta name=\"twitter:card\" content=\"summary_large_image\" \/>\n<meta name=\"twitter:label1\" content=\"Escrito por\" \/>\n\t<meta name=\"twitter:data1\" content=\"Farn\u00e9sio\" \/>\n\t<meta name=\"twitter:label2\" content=\"Est. tempo de leitura\" \/>\n\t<meta name=\"twitter:data2\" content=\"3 minutos\" \/>\n<script type=\"application\/ld+json\" class=\"yoast-schema-graph\">{\"@context\":\"https:\\\/\\\/schema.org\",\"@graph\":[{\"@type\":\"Article\",\"@id\":\"https:\\\/\\\/blogdofarnesio.com.br\\\/?p=200883#article\",\"isPartOf\":{\"@id\":\"https:\\\/\\\/blogdofarnesio.com.br\\\/?p=200883\"},\"author\":{\"name\":\"Farn\u00e9sio\",\"@id\":\"https:\\\/\\\/blogdofarnesio.com.br\\\/#\\\/schema\\\/person\\\/301c4acf522bccbfdb45af95b5b906a1\"},\"headline\":\"BRAZILFOUNDATION E ONGS PARCEIRAS LAN\u00c7AM O III PR\u00caMIO DE INOVA\u00c7\u00c3O COMUNIT\u00c1RIA\",\"datePublished\":\"2018-06-19T10:21:45+00:00\",\"mainEntityOfPage\":{\"@id\":\"https:\\\/\\\/blogdofarnesio.com.br\\\/?p=200883\"},\"wordCount\":640,\"publisher\":{\"@id\":\"https:\\\/\\\/blogdofarnesio.com.br\\\/#organization\"},\"image\":{\"@id\":\"https:\\\/\\\/blogdofarnesio.com.br\\\/?p=200883#primaryimage\"},\"thumbnailUrl\":\"https:\\\/\\\/blogdofarnesio.com.br\\\/wp-content\\\/uploads\\\/2018\\\/06\\\/blogqspoutraparada_2018_banner-site-e1527779355411-1200x618-1140x500-e1529352005805.jpg\",\"articleSection\":[\"A\u00e7\u00e3o Social\",\"Confraterniza\u00e7\u00f5es\"],\"inLanguage\":\"pt-BR\"},{\"@type\":\"WebPage\",\"@id\":\"https:\\\/\\\/blogdofarnesio.com.br\\\/?p=200883\",\"url\":\"https:\\\/\\\/blogdofarnesio.com.br\\\/?p=200883\",\"name\":\"BRAZILFOUNDATION E ONGS PARCEIRAS LAN\u00c7AM O III PR\u00caMIO DE INOVA\u00c7\u00c3O COMUNIT\u00c1RIA - Blog do Farn\u00e9sio\",\"isPartOf\":{\"@id\":\"https:\\\/\\\/blogdofarnesio.com.br\\\/#website\"},\"primaryImageOfPage\":{\"@id\":\"https:\\\/\\\/blogdofarnesio.com.br\\\/?p=200883#primaryimage\"},\"image\":{\"@id\":\"https:\\\/\\\/blogdofarnesio.com.br\\\/?p=200883#primaryimage\"},\"thumbnailUrl\":\"https:\\\/\\\/blogdofarnesio.com.br\\\/wp-content\\\/uploads\\\/2018\\\/06\\\/blogqspoutraparada_2018_banner-site-e1527779355411-1200x618-1140x500-e1529352005805.jpg\",\"datePublished\":\"2018-06-19T10:21:45+00:00\",\"breadcrumb\":{\"@id\":\"https:\\\/\\\/blogdofarnesio.com.br\\\/?p=200883#breadcrumb\"},\"inLanguage\":\"pt-BR\",\"potentialAction\":[{\"@type\":\"ReadAction\",\"target\":[\"https:\\\/\\\/blogdofarnesio.com.br\\\/?p=200883\"]}]},{\"@type\":\"ImageObject\",\"inLanguage\":\"pt-BR\",\"@id\":\"https:\\\/\\\/blogdofarnesio.com.br\\\/?p=200883#primaryimage\",\"url\":\"https:\\\/\\\/blogdofarnesio.com.br\\\/wp-content\\\/uploads\\\/2018\\\/06\\\/blogqspoutraparada_2018_banner-site-e1527779355411-1200x618-1140x500-e1529352005805.jpg\",\"contentUrl\":\"https:\\\/\\\/blogdofarnesio.com.br\\\/wp-content\\\/uploads\\\/2018\\\/06\\\/blogqspoutraparada_2018_banner-site-e1527779355411-1200x618-1140x500-e1529352005805.jpg\",\"width\":640,\"height\":281},{\"@type\":\"BreadcrumbList\",\"@id\":\"https:\\\/\\\/blogdofarnesio.com.br\\\/?p=200883#breadcrumb\",\"itemListElement\":[{\"@type\":\"ListItem\",\"position\":1,\"name\":\"In\u00edcio\",\"item\":\"https:\\\/\\\/blogdofarnesio.com.br\\\/\"},{\"@type\":\"ListItem\",\"position\":2,\"name\":\"BRAZILFOUNDATION E ONGS PARCEIRAS LAN\u00c7AM O III PR\u00caMIO DE INOVA\u00c7\u00c3O COMUNIT\u00c1RIA\"}]},{\"@type\":\"WebSite\",\"@id\":\"https:\\\/\\\/blogdofarnesio.com.br\\\/#website\",\"url\":\"https:\\\/\\\/blogdofarnesio.com.br\\\/\",\"name\":\"Blog do Farn\u00e9sio\",\"description\":\"Quer Saber Pol\u00edtica?\",\"publisher\":{\"@id\":\"https:\\\/\\\/blogdofarnesio.com.br\\\/#organization\"},\"potentialAction\":[{\"@type\":\"SearchAction\",\"target\":{\"@type\":\"EntryPoint\",\"urlTemplate\":\"https:\\\/\\\/blogdofarnesio.com.br\\\/?s={search_term_string}\"},\"query-input\":{\"@type\":\"PropertyValueSpecification\",\"valueRequired\":true,\"valueName\":\"search_term_string\"}}],\"inLanguage\":\"pt-BR\"},{\"@type\":\"Organization\",\"@id\":\"https:\\\/\\\/blogdofarnesio.com.br\\\/#organization\",\"name\":\"Blog do Farn\u00e9sio\",\"url\":\"https:\\\/\\\/blogdofarnesio.com.br\\\/\",\"logo\":{\"@type\":\"ImageObject\",\"inLanguage\":\"pt-BR\",\"@id\":\"https:\\\/\\\/blogdofarnesio.com.br\\\/#\\\/schema\\\/logo\\\/image\\\/\",\"url\":\"https:\\\/\\\/blogdofarnesio.com.br\\\/wp-content\\\/uploads\\\/2026\\\/03\\\/cropped-logo_new-1.png\",\"contentUrl\":\"https:\\\/\\\/blogdofarnesio.com.br\\\/wp-content\\\/uploads\\\/2026\\\/03\\\/cropped-logo_new-1.png\",\"width\":881,\"height\":685,\"caption\":\"Blog do Farn\u00e9sio\"},\"image\":{\"@id\":\"https:\\\/\\\/blogdofarnesio.com.br\\\/#\\\/schema\\\/logo\\\/image\\\/\"},\"sameAs\":[\"https:\\\/\\\/www.facebook.com\\\/BlogQuerSaberPolitica\\\/\"]},{\"@type\":\"Person\",\"@id\":\"https:\\\/\\\/blogdofarnesio.com.br\\\/#\\\/schema\\\/person\\\/301c4acf522bccbfdb45af95b5b906a1\",\"name\":\"Farn\u00e9sio\",\"image\":{\"@type\":\"ImageObject\",\"inLanguage\":\"pt-BR\",\"@id\":\"https:\\\/\\\/secure.gravatar.com\\\/avatar\\\/df0c9a14567c056f8ad6876ba5bbd1e3e2c48023eb6807342fc4663adf549f38?s=96&d=mm&r=g\",\"url\":\"https:\\\/\\\/secure.gravatar.com\\\/avatar\\\/df0c9a14567c056f8ad6876ba5bbd1e3e2c48023eb6807342fc4663adf549f38?s=96&d=mm&r=g\",\"contentUrl\":\"https:\\\/\\\/secure.gravatar.com\\\/avatar\\\/df0c9a14567c056f8ad6876ba5bbd1e3e2c48023eb6807342fc4663adf549f38?s=96&d=mm&r=g\",\"caption\":\"Farn\u00e9sio\"},\"sameAs\":[\"https:\\\/\\\/quersaberpolitica.com.br\"],\"url\":\"https:\\\/\\\/blogdofarnesio.com.br\\\/?author=1\"}]}<\/script>\n<!-- \/ Yoast SEO plugin. -->","yoast_head_json":{"title":"BRAZILFOUNDATION E ONGS PARCEIRAS LAN\u00c7AM O III PR\u00caMIO DE INOVA\u00c7\u00c3O COMUNIT\u00c1RIA - Blog do Farn\u00e9sio","robots":{"index":"index","follow":"follow","max-snippet":"max-snippet:-1","max-image-preview":"max-image-preview:large","max-video-preview":"max-video-preview:-1"},"canonical":"https:\/\/blogdofarnesio.com.br\/?p=200883","og_locale":"pt_BR","og_type":"article","og_title":"BRAZILFOUNDATION E ONGS PARCEIRAS LAN\u00c7AM O III PR\u00caMIO DE INOVA\u00c7\u00c3O COMUNIT\u00c1RIA - Blog do Farn\u00e9sio","og_description":"As inscri\u00e7\u00f5es no Vale do S\u00e3o Francisco e Chapada do Araripe est\u00e3o a cargo do Instituto P\u00f3len &nbsp; Em sua terceira edi\u00e7\u00e3o, o Pr\u00eamio de Inova\u00e7\u00e3o Comunit\u00e1ria vai investir em iniciativas informais, selecionadas por uma rede de organiza\u00e7\u00e3o parceiras da BrazilFoundation, com atua\u00e7\u00e3o para o\u00a0fortalecimento e desenvolvimento de seus territ\u00f3rios e comunidade. Lan\u00e7ado em 2015, o pr\u00eamio nasceu\u00a0para atender a demandas urgentes do setor social, democratizar acesso a recursos, estimular o\u00a0protagonismo local e incubar tecnologias sociais inovadoras. Nas duas primeiras edi\u00e7\u00f5es foram financiadas\u00a0125 iniciativas em parceria com 37 organiza\u00e7\u00f5es madrinhas em 20 estados. Este ano, 21 organiza\u00e7\u00f5es j\u00e1 apoiadas pela BrazilFoundation atuantes em 16 estados brasileiros &#8211; as\u00a0\u201cMadrinhas\u201d-, s\u00e3o respons\u00e1veis por identificar, selecionar e dar mentoria \u00e0s iniciativas, al\u00e9m de&hellip;","og_url":"https:\/\/blogdofarnesio.com.br\/?p=200883","og_site_name":"Blog do Farn\u00e9sio","article_publisher":"https:\/\/www.facebook.com\/BlogQuerSaberPolitica\/","article_published_time":"2018-06-19T10:21:45+00:00","og_image":[{"width":640,"height":281,"url":"https:\/\/blogdofarnesio.com.br\/wp-content\/uploads\/2018\/06\/blogqspoutraparada_2018_banner-site-e1527779355411-1200x618-1140x500-e1529352005805.jpg","type":"image\/jpeg"}],"author":"Farn\u00e9sio","twitter_card":"summary_large_image","twitter_misc":{"Escrito por":"Farn\u00e9sio","Est. tempo de leitura":"3 minutos"},"schema":{"@context":"https:\/\/schema.org","@graph":[{"@type":"Article","@id":"https:\/\/blogdofarnesio.com.br\/?p=200883#article","isPartOf":{"@id":"https:\/\/blogdofarnesio.com.br\/?p=200883"},"author":{"name":"Farn\u00e9sio","@id":"https:\/\/blogdofarnesio.com.br\/#\/schema\/person\/301c4acf522bccbfdb45af95b5b906a1"},"headline":"BRAZILFOUNDATION E ONGS PARCEIRAS LAN\u00c7AM O III PR\u00caMIO DE INOVA\u00c7\u00c3O COMUNIT\u00c1RIA","datePublished":"2018-06-19T10:21:45+00:00","mainEntityOfPage":{"@id":"https:\/\/blogdofarnesio.com.br\/?p=200883"},"wordCount":640,"publisher":{"@id":"https:\/\/blogdofarnesio.com.br\/#organization"},"image":{"@id":"https:\/\/blogdofarnesio.com.br\/?p=200883#primaryimage"},"thumbnailUrl":"https:\/\/blogdofarnesio.com.br\/wp-content\/uploads\/2018\/06\/blogqspoutraparada_2018_banner-site-e1527779355411-1200x618-1140x500-e1529352005805.jpg","articleSection":["A\u00e7\u00e3o Social","Confraterniza\u00e7\u00f5es"],"inLanguage":"pt-BR"},{"@type":"WebPage","@id":"https:\/\/blogdofarnesio.com.br\/?p=200883","url":"https:\/\/blogdofarnesio.com.br\/?p=200883","name":"BRAZILFOUNDATION E ONGS PARCEIRAS LAN\u00c7AM O III PR\u00caMIO DE INOVA\u00c7\u00c3O COMUNIT\u00c1RIA - Blog do Farn\u00e9sio","isPartOf":{"@id":"https:\/\/blogdofarnesio.com.br\/#website"},"primaryImageOfPage":{"@id":"https:\/\/blogdofarnesio.com.br\/?p=200883#primaryimage"},"image":{"@id":"https:\/\/blogdofarnesio.com.br\/?p=200883#primaryimage"},"thumbnailUrl":"https:\/\/blogdofarnesio.com.br\/wp-content\/uploads\/2018\/06\/blogqspoutraparada_2018_banner-site-e1527779355411-1200x618-1140x500-e1529352005805.jpg","datePublished":"2018-06-19T10:21:45+00:00","breadcrumb":{"@id":"https:\/\/blogdofarnesio.com.br\/?p=200883#breadcrumb"},"inLanguage":"pt-BR","potentialAction":[{"@type":"ReadAction","target":["https:\/\/blogdofarnesio.com.br\/?p=200883"]}]},{"@type":"ImageObject","inLanguage":"pt-BR","@id":"https:\/\/blogdofarnesio.com.br\/?p=200883#primaryimage","url":"https:\/\/blogdofarnesio.com.br\/wp-content\/uploads\/2018\/06\/blogqspoutraparada_2018_banner-site-e1527779355411-1200x618-1140x500-e1529352005805.jpg","contentUrl":"https:\/\/blogdofarnesio.com.br\/wp-content\/uploads\/2018\/06\/blogqspoutraparada_2018_banner-site-e1527779355411-1200x618-1140x500-e1529352005805.jpg","width":640,"height":281},{"@type":"BreadcrumbList","@id":"https:\/\/blogdofarnesio.com.br\/?p=200883#breadcrumb","itemListElement":[{"@type":"ListItem","position":1,"name":"In\u00edcio","item":"https:\/\/blogdofarnesio.com.br\/"},{"@type":"ListItem","position":2,"name":"BRAZILFOUNDATION E ONGS PARCEIRAS LAN\u00c7AM O III PR\u00caMIO DE INOVA\u00c7\u00c3O COMUNIT\u00c1RIA"}]},{"@type":"WebSite","@id":"https:\/\/blogdofarnesio.com.br\/#website","url":"https:\/\/blogdofarnesio.com.br\/","name":"Blog do Farn\u00e9sio","description":"Quer Saber Pol\u00edtica?","publisher":{"@id":"https:\/\/blogdofarnesio.com.br\/#organization"},"potentialAction":[{"@type":"SearchAction","target":{"@type":"EntryPoint","urlTemplate":"https:\/\/blogdofarnesio.com.br\/?s={search_term_string}"},"query-input":{"@type":"PropertyValueSpecification","valueRequired":true,"valueName":"search_term_string"}}],"inLanguage":"pt-BR"},{"@type":"Organization","@id":"https:\/\/blogdofarnesio.com.br\/#organization","name":"Blog do Farn\u00e9sio","url":"https:\/\/blogdofarnesio.com.br\/","logo":{"@type":"ImageObject","inLanguage":"pt-BR","@id":"https:\/\/blogdofarnesio.com.br\/#\/schema\/logo\/image\/","url":"https:\/\/blogdofarnesio.com.br\/wp-content\/uploads\/2026\/03\/cropped-logo_new-1.png","contentUrl":"https:\/\/blogdofarnesio.com.br\/wp-content\/uploads\/2026\/03\/cropped-logo_new-1.png","width":881,"height":685,"caption":"Blog do Farn\u00e9sio"},"image":{"@id":"https:\/\/blogdofarnesio.com.br\/#\/schema\/logo\/image\/"},"sameAs":["https:\/\/www.facebook.com\/BlogQuerSaberPolitica\/"]},{"@type":"Person","@id":"https:\/\/blogdofarnesio.com.br\/#\/schema\/person\/301c4acf522bccbfdb45af95b5b906a1","name":"Farn\u00e9sio","image":{"@type":"ImageObject","inLanguage":"pt-BR","@id":"https:\/\/secure.gravatar.com\/avatar\/df0c9a14567c056f8ad6876ba5bbd1e3e2c48023eb6807342fc4663adf549f38?s=96&d=mm&r=g","url":"https:\/\/secure.gravatar.com\/avatar\/df0c9a14567c056f8ad6876ba5bbd1e3e2c48023eb6807342fc4663adf549f38?s=96&d=mm&r=g","contentUrl":"https:\/\/secure.gravatar.com\/avatar\/df0c9a14567c056f8ad6876ba5bbd1e3e2c48023eb6807342fc4663adf549f38?s=96&d=mm&r=g","caption":"Farn\u00e9sio"},"sameAs":["https:\/\/quersaberpolitica.com.br"],"url":"https:\/\/blogdofarnesio.com.br\/?author=1"}]}},"_links":{"self":[{"href":"https:\/\/blogdofarnesio.com.br\/index.php?rest_route=\/wp\/v2\/posts\/200883","targetHints":{"allow":["GET"]}}],"collection":[{"href":"https:\/\/blogdofarnesio.com.br\/index.php?rest_route=\/wp\/v2\/posts"}],"about":[{"href":"https:\/\/blogdofarnesio.com.br\/index.php?rest_route=\/wp\/v2\/types\/post"}],"author":[{"embeddable":true,"href":"https:\/\/blogdofarnesio.com.br\/index.php?rest_route=\/wp\/v2\/users\/1"}],"replies":[{"embeddable":true,"href":"https:\/\/blogdofarnesio.com.br\/index.php?rest_route=%2Fwp%2Fv2%2Fcomments&post=200883"}],"version-history":[{"count":0,"href":"https:\/\/blogdofarnesio.com.br\/index.php?rest_route=\/wp\/v2\/posts\/200883\/revisions"}],"wp:featuredmedia":[{"embeddable":true,"href":"https:\/\/blogdofarnesio.com.br\/index.php?rest_route=\/wp\/v2\/media\/200943"}],"wp:attachment":[{"href":"https:\/\/blogdofarnesio.com.br\/index.php?rest_route=%2Fwp%2Fv2%2Fmedia&parent=200883"}],"wp:term":[{"taxonomy":"category","embeddable":true,"href":"https:\/\/blogdofarnesio.com.br\/index.php?rest_route=%2Fwp%2Fv2%2Fcategories&post=200883"},{"taxonomy":"post_tag","embeddable":true,"href":"https:\/\/blogdofarnesio.com.br\/index.php?rest_route=%2Fwp%2Fv2%2Ftags&post=200883"}],"curies":[{"name":"wp","href":"https:\/\/api.w.org\/{rel}","templated":true}]}}