{"id":200696,"date":"2018-06-15T12:30:05","date_gmt":"2018-06-15T15:30:05","guid":{"rendered":"http:\/\/quersaberpolitica.com.br\/2016\/?p=200696"},"modified":"2018-06-15T12:05:30","modified_gmt":"2018-06-15T15:05:30","slug":"bolsonaro-e-o-presidenciavel-com-mais-intencoes-de-voto-no-twitter-e-apoio-aos-caminhoneiros-reflete-nos-comentarios-da-rede-social","status":"publish","type":"post","link":"https:\/\/blogdofarnesio.com.br\/2018\/06\/bolsonaro-e-o-presidenciavel-com-mais-intencoes-de-voto-no-twitter-e-apoio-aos-caminhoneiros-reflete-nos-comentarios-da-rede-social\/","title":{"rendered":"BOLSONARO \u00c9 O PRESIDENCI\u00c1VEL COM MAIS INTEN\u00c7\u00d5ES DE VOTO NO TWITTER E APOIO AOS CAMINHONEIROS REFLETE NOS COMENT\u00c1RIOS DA REDE SOCIAL"},"content":{"rendered":"<p dir=\"ltr\" style=\"text-align: justify;\"><span id=\"m_-2400444092152710019docs-internal-guid-92d8c9c7-03c7-0a4b-423f-4fca375331dc\">Em mar\u00e7o, a <a href=\"https:\/\/www.scup.com\/social\/pt\/\" target=\"_blank\" rel=\"noopener\" data-saferedirecturl=\"https:\/\/www.google.com\/url?q=https:\/\/www.scup.com\/social\/pt\/&amp;source=gmail&amp;ust=1529160962698000&amp;usg=AFQjCNEMd-cAc0LIY8fchBrgjdtJrufb-A\">Scup Social<\/a>, ferramenta de monitoramento de redes sociais, come\u00e7ou a realizar um monitoramento no Twitter para identificar a manifesta\u00e7\u00e3o dos usu\u00e1rios da rede social sobre a inten\u00e7\u00e3o de voto nos principais presidenci\u00e1veis das elei\u00e7\u00f5es de 2018. Desde ent\u00e3o, o pr\u00e9-candidato do PSC, Jair Bolsonaro, vem sendo o mais mencionado entre os 24 nomes monitorados, mostrando uma inten\u00e7\u00e3o de voto sempre positiva a cada m\u00eas. Desta vez, dos 6.891 coment\u00e1rios que continham a hashtag com o seu nome, 72,5% afirmaram uma inten\u00e7\u00e3o de voto nele. No entanto, os coment\u00e1rios sobre ele tiveram um tom mais negativo (32,18%) do que positivo (28,45%).<\/span><\/p>\n<p dir=\"ltr\" style=\"text-align: justify;\"><span id=\"m_-2400444092152710019docs-internal-guid-92d8c9c7-03c7-0a4b-423f-4fca375331dc\">Um termo que ganhou representatividade devido aos acontecimentos do m\u00eas foi \u2018caminhoneiros\u2019. Ele apareceu entre as 5 express\u00f5es de tweets com o sentimento mais positivo sobre os presidenci\u00e1veis, indicando um forte apoio do p\u00fablico \u00e0 causa. <\/span><\/p>\n<p dir=\"ltr\" style=\"text-align: justify;\"><span id=\"m_-2400444092152710019docs-internal-guid-92d8c9c7-03c7-0a4b-423f-4fca375331dc\">Com o lan\u00e7amento da pr\u00e9-candidatura realizada no dia 8\/6, Lula segue em segundo lugar no n\u00famero de men\u00e7\u00f5es, mas com um n\u00famero menor do que nos meses anteriores. Dos coment\u00e1rios feitos sobre o petista, o \u00edndice de aprova\u00e7\u00e3o vem crescendo. No primeiro m\u00eas do monitoramento, em mar\u00e7o, 48,50% dos tweets afirmavam a inten\u00e7\u00e3o de voto nele. J\u00e1 em maio este n\u00famero subiu para 72,4%. <\/span><\/p>\n<p dir=\"ltr\" style=\"text-align: justify;\"><span id=\"m_-2400444092152710019docs-internal-guid-92d8c9c7-03c7-0a4b-423f-4fca375331dc\">J\u00e1 o pr\u00e9-candidato do PDT, Ciro Gomes, passou de sexto para terceiro lugar no n\u00famero de men\u00e7\u00f5es, roubando o lugar de Manuela d\u2019Avila (PCB), mas o ganho no n\u00famero de hashtags n\u00e3o representa, necessariamente, uma aprova\u00e7\u00e3o do p\u00fablico. A maioria dos coment\u00e1rios, 69,2%, declararam uma n\u00e3o inten\u00e7\u00e3o de voto e 31,07% deles tinham um tom mais negativo. A crescente popularidade do Ciro no twitter pode ter rela\u00e7\u00e3o \u00e0 forte campanha que o candidato tem feito nas redes sociais, e por sua apari\u00e7\u00e3o em programas de TV como o Roda Viva.<\/span><\/p>\n<p dir=\"ltr\" style=\"text-align: justify;\"><span id=\"m_-2400444092152710019docs-internal-guid-92d8c9c7-03c7-0a4b-423f-4fca375331dc\">J\u00e1 o candidato da esquerda, Guilherme Boulos, apareceu com 328 coment\u00e1rios, contra 110 no m\u00eas anterior, e manteve a aceita\u00e7\u00e3o do p\u00fablico da rede social, com 64,9% declarando que votariam nele e 40,24% de mensagens com tom positivo, contra 14,33% que trouxeram uma ideia mais negativa sobre o candidato.<\/span><\/p>\n<p dir=\"ltr\" style=\"text-align: justify;\"><span id=\"m_-2400444092152710019docs-internal-guid-92d8c9c7-03c7-0a4b-423f-4fca375331dc\">O atual Presidente do Brasil, Michel Temer, pela primeira vez aparece bem posicionado no n\u00famero de men\u00e7\u00f5es, desta vez em 5\u00ba lugar contra o 10\u00ba que ocupava em abril. O crescimento pode ter sido consequ\u00eancia da greve dos caminhoneiros que atingiu todo o Brasil e provocou muita cobran\u00e7a de posicionamento do Governo Federal. Temer, no entanto, teve uma queda na aprova\u00e7\u00e3o de 78,5% em abril para 66,9% em maio. \u00a0<\/span><\/p>\n<p dir=\"ltr\" style=\"text-align: justify;\"><span id=\"m_-2400444092152710019docs-internal-guid-92d8c9c7-03c7-0a4b-423f-4fca375331dc\">A quantidade que expressou que votaria nulo tamb\u00e9m foi a menor dos 3 meses monitorados at\u00e9 agora, com 215 men\u00e7\u00f5es, contra os 740 e 356 referentes ao meses de mar\u00e7o e abril, respectivamente. <\/span><\/p>\n<p dir=\"ltr\" style=\"text-align: justify;\"><span id=\"m_-2400444092152710019docs-internal-guid-92d8c9c7-03c7-0a4b-423f-4fca375331dc\">No total, foram capturadas 14.368 intera\u00e7\u00f5es sobre o tema no m\u00eas de maio. O estudo \u00e9 feito para avaliar o que as pessoas andam dizendo no Twitter e n\u00e3o expressa a real inten\u00e7\u00e3o dos votantes brasileiros, j\u00e1 que n\u00e3o necessariamente quem emitiu a sua opini\u00e3o \u00e9 um eleitor ativo. <\/span><\/p>\n<p dir=\"ltr\" style=\"text-align: justify;\"><span id=\"m_-2400444092152710019docs-internal-guid-92d8c9c7-03c7-0a4b-423f-4fca375331dc\">O monitoramento<\/span><\/p>\n<p dir=\"ltr\" style=\"text-align: justify;\"><span id=\"m_-2400444092152710019docs-internal-guid-92d8c9c7-03c7-0a4b-423f-4fca375331dc\">Realizado durante o m\u00eas de maio, o monitoramento detectou tweets que continham hashtags com o nome do candidato e express\u00f5es que indicavam a inten\u00e7\u00e3o de voto nele, como \u201cMeu voto \u00e9\u201d, \u201cVou votar em\u201d ou \u201cJamais votaria\u201d, \u201cN\u00e3o ter\u00e1 o meu voto\u201d, dentre outras. <\/span><\/p>\n<p dir=\"ltr\" style=\"text-align: justify;\"><span id=\"m_-2400444092152710019docs-internal-guid-92d8c9c7-03c7-0a4b-423f-4fca375331dc\">O processo tamb\u00e9m identificou algumas express\u00f5es de sentimento positivas ou negativas relacionadas a cada post, que expressavam o sentimento do usu\u00e1rio com rela\u00e7\u00e3o \u00e0 sua declara\u00e7\u00e3o. Os termos usados em coment\u00e1rios positivos encontrados foram bolsonaro, voto, pa\u00eds, causa e caminhoneiros . J\u00e1 os termos negativos foram votar, 2018, perderm conquistas e pior.<\/span><\/p>\n<p dir=\"ltr\" style=\"text-align: justify;\"><span id=\"m_-2400444092152710019docs-internal-guid-92d8c9c7-03c7-0a4b-423f-4fca375331dc\">O monitoramento \u00e9 baseado em um recorte da opini\u00e3o dos usu\u00e1rios do twitter e o resultado n\u00e3o expressa a vontade da maioria dos brasileiros.<\/span><\/p>\n<p dir=\"ltr\" style=\"text-align: justify;\"><span id=\"m_-2400444092152710019docs-internal-guid-92d8c9c7-03c7-0a4b-423f-4fca375331dc\">Sobre a Scup Social<\/span><\/p>\n<p dir=\"ltr\" style=\"text-align: justify;\"><span id=\"m_-2400444092152710019docs-internal-guid-92d8c9c7-03c7-0a4b-423f-4fca375331dc\">Criada em 2009 e com mais de 400 clientes em seu portf\u00f3lio, a Scup Social monitora as intera\u00e7\u00f5es nas redes sociais para ajudar as empresas a se comunicarem com seu p\u00fablico e descobrir as suas necessidades. Com todas as atividades de social centralizadas em uma \u00fanica plataforma e um relat\u00f3rio com coment\u00e1rios sobre a marca e intera\u00e7\u00f5es, \u00e9 poss\u00edvel acompanhar o desempenho de a\u00e7\u00f5es digitais e identificar novas oportunidades para a\u00e7\u00f5es personalizadas de marketing, aumento de vendas e oportunidades de neg\u00f3cios.<\/span><\/p>\n<p dir=\"ltr\" style=\"text-align: justify;\">\n","protected":false},"excerpt":{"rendered":"<p>Em mar\u00e7o, a Scup Social, ferramenta de monitoramento de redes sociais, come\u00e7ou a realizar um monitoramento no Twitter para identificar a manifesta\u00e7\u00e3o dos usu\u00e1rios da rede social sobre a inten\u00e7\u00e3o de voto nos principais presidenci\u00e1veis das elei\u00e7\u00f5es de 2018. Desde ent\u00e3o, o pr\u00e9-candidato do PSC, Jair Bolsonaro, vem sendo o mais mencionado entre os 24 nomes monitorados, mostrando uma inten\u00e7\u00e3o de voto sempre positiva a cada m\u00eas. Desta vez, dos 6.891 coment\u00e1rios que continham a hashtag com o seu nome, 72,5% afirmaram uma inten\u00e7\u00e3o de voto nele. No entanto, os coment\u00e1rios sobre ele tiveram um tom mais negativo (32,18%) do que positivo (28,45%). Um termo que ganhou representatividade devido aos acontecimentos do m\u00eas foi \u2018caminhoneiros\u2019. Ele apareceu entre as 5&hellip; <\/p>\n","protected":false},"author":1,"featured_media":187563,"comment_status":"closed","ping_status":"closed","sticky":false,"template":"","format":"standard","meta":{"_acf_changed":false,"footnotes":""},"categories":[1],"tags":[],"class_list":["post-200696","post","type-post","status-publish","format-standard","has-post-thumbnail","hentry","category-politica"],"acf":[],"yoast_head":"<!-- This site is optimized with the Yoast SEO plugin v27.5 - https:\/\/yoast.com\/product\/yoast-seo-wordpress\/ -->\n<title>BOLSONARO \u00c9 O PRESIDENCI\u00c1VEL COM MAIS INTEN\u00c7\u00d5ES DE VOTO NO TWITTER E APOIO AOS CAMINHONEIROS REFLETE NOS COMENT\u00c1RIOS DA REDE SOCIAL - Blog do Farn\u00e9sio<\/title>\n<meta name=\"robots\" content=\"index, follow, max-snippet:-1, max-image-preview:large, max-video-preview:-1\" \/>\n<link rel=\"canonical\" href=\"https:\/\/blogdofarnesio.com.br\/2018\/06\/bolsonaro-e-o-presidenciavel-com-mais-intencoes-de-voto-no-twitter-e-apoio-aos-caminhoneiros-reflete-nos-comentarios-da-rede-social\/\" \/>\n<meta property=\"og:locale\" content=\"pt_BR\" \/>\n<meta property=\"og:type\" content=\"article\" \/>\n<meta property=\"og:title\" content=\"BOLSONARO \u00c9 O PRESIDENCI\u00c1VEL COM MAIS INTEN\u00c7\u00d5ES DE VOTO NO TWITTER E APOIO AOS CAMINHONEIROS REFLETE NOS COMENT\u00c1RIOS DA REDE SOCIAL - Blog do Farn\u00e9sio\" \/>\n<meta property=\"og:description\" content=\"Em mar\u00e7o, a Scup Social, ferramenta de monitoramento de redes sociais, come\u00e7ou a realizar um monitoramento no Twitter para identificar a manifesta\u00e7\u00e3o dos usu\u00e1rios da rede social sobre a inten\u00e7\u00e3o de voto nos principais presidenci\u00e1veis das elei\u00e7\u00f5es de 2018. Desde ent\u00e3o, o pr\u00e9-candidato do PSC, Jair Bolsonaro, vem sendo o mais mencionado entre os 24 nomes monitorados, mostrando uma inten\u00e7\u00e3o de voto sempre positiva a cada m\u00eas. Desta vez, dos 6.891 coment\u00e1rios que continham a hashtag com o seu nome, 72,5% afirmaram uma inten\u00e7\u00e3o de voto nele. No entanto, os coment\u00e1rios sobre ele tiveram um tom mais negativo (32,18%) do que positivo (28,45%). Um termo que ganhou representatividade devido aos acontecimentos do m\u00eas foi \u2018caminhoneiros\u2019. Ele apareceu entre as 5&hellip;\" \/>\n<meta property=\"og:url\" content=\"https:\/\/blogdofarnesio.com.br\/2018\/06\/bolsonaro-e-o-presidenciavel-com-mais-intencoes-de-voto-no-twitter-e-apoio-aos-caminhoneiros-reflete-nos-comentarios-da-rede-social\/\" \/>\n<meta property=\"og:site_name\" content=\"Blog do Farn\u00e9sio\" \/>\n<meta property=\"article:publisher\" content=\"https:\/\/www.facebook.com\/BlogQuerSaberPolitica\/\" \/>\n<meta property=\"article:published_time\" content=\"2018-06-15T15:30:05+00:00\" \/>\n<meta property=\"og:image\" content=\"https:\/\/blogdofarnesio.com.br\/wp-content\/uploads\/2018\/01\/blogqspbolsonaro-1-e1517346189465.jpg\" \/>\n\t<meta property=\"og:image:width\" content=\"632\" \/>\n\t<meta property=\"og:image:height\" content=\"421\" \/>\n\t<meta property=\"og:image:type\" content=\"image\/jpeg\" \/>\n<meta name=\"author\" content=\"Farn\u00e9sio\" \/>\n<meta name=\"twitter:card\" content=\"summary_large_image\" \/>\n<meta name=\"twitter:label1\" content=\"Escrito por\" \/>\n\t<meta name=\"twitter:data1\" content=\"Farn\u00e9sio\" \/>\n\t<meta name=\"twitter:label2\" content=\"Est. tempo de leitura\" \/>\n\t<meta name=\"twitter:data2\" content=\"4 minutos\" \/>\n<script type=\"application\/ld+json\" class=\"yoast-schema-graph\">{\"@context\":\"https:\\\/\\\/schema.org\",\"@graph\":[{\"@type\":\"Article\",\"@id\":\"https:\\\/\\\/blogdofarnesio.com.br\\\/2018\\\/06\\\/bolsonaro-e-o-presidenciavel-com-mais-intencoes-de-voto-no-twitter-e-apoio-aos-caminhoneiros-reflete-nos-comentarios-da-rede-social\\\/#article\",\"isPartOf\":{\"@id\":\"https:\\\/\\\/blogdofarnesio.com.br\\\/2018\\\/06\\\/bolsonaro-e-o-presidenciavel-com-mais-intencoes-de-voto-no-twitter-e-apoio-aos-caminhoneiros-reflete-nos-comentarios-da-rede-social\\\/\"},\"author\":{\"name\":\"Farn\u00e9sio\",\"@id\":\"https:\\\/\\\/blogdofarnesio.com.br\\\/#\\\/schema\\\/person\\\/301c4acf522bccbfdb45af95b5b906a1\"},\"headline\":\"BOLSONARO \u00c9 O PRESIDENCI\u00c1VEL COM MAIS INTEN\u00c7\u00d5ES DE VOTO NO TWITTER E APOIO AOS CAMINHONEIROS REFLETE NOS COMENT\u00c1RIOS DA REDE SOCIAL\",\"datePublished\":\"2018-06-15T15:30:05+00:00\",\"mainEntityOfPage\":{\"@id\":\"https:\\\/\\\/blogdofarnesio.com.br\\\/2018\\\/06\\\/bolsonaro-e-o-presidenciavel-com-mais-intencoes-de-voto-no-twitter-e-apoio-aos-caminhoneiros-reflete-nos-comentarios-da-rede-social\\\/\"},\"wordCount\":769,\"publisher\":{\"@id\":\"https:\\\/\\\/blogdofarnesio.com.br\\\/#organization\"},\"image\":{\"@id\":\"https:\\\/\\\/blogdofarnesio.com.br\\\/2018\\\/06\\\/bolsonaro-e-o-presidenciavel-com-mais-intencoes-de-voto-no-twitter-e-apoio-aos-caminhoneiros-reflete-nos-comentarios-da-rede-social\\\/#primaryimage\"},\"thumbnailUrl\":\"https:\\\/\\\/blogdofarnesio.com.br\\\/wp-content\\\/uploads\\\/2018\\\/01\\\/blogqspbolsonaro-1-e1517346189465.jpg\",\"articleSection\":[\"Pol\u00edtica\"],\"inLanguage\":\"pt-BR\"},{\"@type\":\"WebPage\",\"@id\":\"https:\\\/\\\/blogdofarnesio.com.br\\\/2018\\\/06\\\/bolsonaro-e-o-presidenciavel-com-mais-intencoes-de-voto-no-twitter-e-apoio-aos-caminhoneiros-reflete-nos-comentarios-da-rede-social\\\/\",\"url\":\"https:\\\/\\\/blogdofarnesio.com.br\\\/2018\\\/06\\\/bolsonaro-e-o-presidenciavel-com-mais-intencoes-de-voto-no-twitter-e-apoio-aos-caminhoneiros-reflete-nos-comentarios-da-rede-social\\\/\",\"name\":\"BOLSONARO \u00c9 O PRESIDENCI\u00c1VEL COM MAIS INTEN\u00c7\u00d5ES DE VOTO NO TWITTER E APOIO AOS CAMINHONEIROS REFLETE NOS COMENT\u00c1RIOS DA REDE SOCIAL - Blog do Farn\u00e9sio\",\"isPartOf\":{\"@id\":\"https:\\\/\\\/blogdofarnesio.com.br\\\/#website\"},\"primaryImageOfPage\":{\"@id\":\"https:\\\/\\\/blogdofarnesio.com.br\\\/2018\\\/06\\\/bolsonaro-e-o-presidenciavel-com-mais-intencoes-de-voto-no-twitter-e-apoio-aos-caminhoneiros-reflete-nos-comentarios-da-rede-social\\\/#primaryimage\"},\"image\":{\"@id\":\"https:\\\/\\\/blogdofarnesio.com.br\\\/2018\\\/06\\\/bolsonaro-e-o-presidenciavel-com-mais-intencoes-de-voto-no-twitter-e-apoio-aos-caminhoneiros-reflete-nos-comentarios-da-rede-social\\\/#primaryimage\"},\"thumbnailUrl\":\"https:\\\/\\\/blogdofarnesio.com.br\\\/wp-content\\\/uploads\\\/2018\\\/01\\\/blogqspbolsonaro-1-e1517346189465.jpg\",\"datePublished\":\"2018-06-15T15:30:05+00:00\",\"breadcrumb\":{\"@id\":\"https:\\\/\\\/blogdofarnesio.com.br\\\/2018\\\/06\\\/bolsonaro-e-o-presidenciavel-com-mais-intencoes-de-voto-no-twitter-e-apoio-aos-caminhoneiros-reflete-nos-comentarios-da-rede-social\\\/#breadcrumb\"},\"inLanguage\":\"pt-BR\",\"potentialAction\":[{\"@type\":\"ReadAction\",\"target\":[\"https:\\\/\\\/blogdofarnesio.com.br\\\/2018\\\/06\\\/bolsonaro-e-o-presidenciavel-com-mais-intencoes-de-voto-no-twitter-e-apoio-aos-caminhoneiros-reflete-nos-comentarios-da-rede-social\\\/\"]}]},{\"@type\":\"ImageObject\",\"inLanguage\":\"pt-BR\",\"@id\":\"https:\\\/\\\/blogdofarnesio.com.br\\\/2018\\\/06\\\/bolsonaro-e-o-presidenciavel-com-mais-intencoes-de-voto-no-twitter-e-apoio-aos-caminhoneiros-reflete-nos-comentarios-da-rede-social\\\/#primaryimage\",\"url\":\"https:\\\/\\\/blogdofarnesio.com.br\\\/wp-content\\\/uploads\\\/2018\\\/01\\\/blogqspbolsonaro-1-e1517346189465.jpg\",\"contentUrl\":\"https:\\\/\\\/blogdofarnesio.com.br\\\/wp-content\\\/uploads\\\/2018\\\/01\\\/blogqspbolsonaro-1-e1517346189465.jpg\",\"width\":632,\"height\":421,\"caption\":\"BOLSONARO15 BSB DF NACIONAL 15\\\/12\\\/2014 JAIR BOLSONARO\\\/ENTREVISTA O deputado, Jair Bolsonaro (PP RJ), concede entrevista coletiva apos participar da reuniao do Conselho de Etica da Camara, em Brasilia. Foto: DIDA SAMPAIO\\\/ESTADAO\"},{\"@type\":\"BreadcrumbList\",\"@id\":\"https:\\\/\\\/blogdofarnesio.com.br\\\/2018\\\/06\\\/bolsonaro-e-o-presidenciavel-com-mais-intencoes-de-voto-no-twitter-e-apoio-aos-caminhoneiros-reflete-nos-comentarios-da-rede-social\\\/#breadcrumb\",\"itemListElement\":[{\"@type\":\"ListItem\",\"position\":1,\"name\":\"In\u00edcio\",\"item\":\"https:\\\/\\\/blogdofarnesio.com.br\\\/\"},{\"@type\":\"ListItem\",\"position\":2,\"name\":\"BOLSONARO \u00c9 O PRESIDENCI\u00c1VEL COM MAIS INTEN\u00c7\u00d5ES DE VOTO NO TWITTER E APOIO AOS CAMINHONEIROS REFLETE NOS COMENT\u00c1RIOS DA REDE SOCIAL\"}]},{\"@type\":\"WebSite\",\"@id\":\"https:\\\/\\\/blogdofarnesio.com.br\\\/#website\",\"url\":\"https:\\\/\\\/blogdofarnesio.com.br\\\/\",\"name\":\"Blog do Farn\u00e9sio\",\"description\":\"Quer Saber Pol\u00edtica?\",\"publisher\":{\"@id\":\"https:\\\/\\\/blogdofarnesio.com.br\\\/#organization\"},\"potentialAction\":[{\"@type\":\"SearchAction\",\"target\":{\"@type\":\"EntryPoint\",\"urlTemplate\":\"https:\\\/\\\/blogdofarnesio.com.br\\\/?s={search_term_string}\"},\"query-input\":{\"@type\":\"PropertyValueSpecification\",\"valueRequired\":true,\"valueName\":\"search_term_string\"}}],\"inLanguage\":\"pt-BR\"},{\"@type\":\"Organization\",\"@id\":\"https:\\\/\\\/blogdofarnesio.com.br\\\/#organization\",\"name\":\"Blog do Farn\u00e9sio\",\"url\":\"https:\\\/\\\/blogdofarnesio.com.br\\\/\",\"logo\":{\"@type\":\"ImageObject\",\"inLanguage\":\"pt-BR\",\"@id\":\"https:\\\/\\\/blogdofarnesio.com.br\\\/#\\\/schema\\\/logo\\\/image\\\/\",\"url\":\"https:\\\/\\\/blogdofarnesio.com.br\\\/wp-content\\\/uploads\\\/2026\\\/03\\\/cropped-logo_new-1.png\",\"contentUrl\":\"https:\\\/\\\/blogdofarnesio.com.br\\\/wp-content\\\/uploads\\\/2026\\\/03\\\/cropped-logo_new-1.png\",\"width\":881,\"height\":685,\"caption\":\"Blog do Farn\u00e9sio\"},\"image\":{\"@id\":\"https:\\\/\\\/blogdofarnesio.com.br\\\/#\\\/schema\\\/logo\\\/image\\\/\"},\"sameAs\":[\"https:\\\/\\\/www.facebook.com\\\/BlogQuerSaberPolitica\\\/\"]},{\"@type\":\"Person\",\"@id\":\"https:\\\/\\\/blogdofarnesio.com.br\\\/#\\\/schema\\\/person\\\/301c4acf522bccbfdb45af95b5b906a1\",\"name\":\"Farn\u00e9sio\",\"image\":{\"@type\":\"ImageObject\",\"inLanguage\":\"pt-BR\",\"@id\":\"https:\\\/\\\/secure.gravatar.com\\\/avatar\\\/df0c9a14567c056f8ad6876ba5bbd1e3e2c48023eb6807342fc4663adf549f38?s=96&d=mm&r=g\",\"url\":\"https:\\\/\\\/secure.gravatar.com\\\/avatar\\\/df0c9a14567c056f8ad6876ba5bbd1e3e2c48023eb6807342fc4663adf549f38?s=96&d=mm&r=g\",\"contentUrl\":\"https:\\\/\\\/secure.gravatar.com\\\/avatar\\\/df0c9a14567c056f8ad6876ba5bbd1e3e2c48023eb6807342fc4663adf549f38?s=96&d=mm&r=g\",\"caption\":\"Farn\u00e9sio\"},\"sameAs\":[\"https:\\\/\\\/quersaberpolitica.com.br\"],\"url\":\"https:\\\/\\\/blogdofarnesio.com.br\\\/author\\\/farnesio\\\/\"}]}<\/script>\n<!-- \/ Yoast SEO plugin. -->","yoast_head_json":{"title":"BOLSONARO \u00c9 O PRESIDENCI\u00c1VEL COM MAIS INTEN\u00c7\u00d5ES DE VOTO NO TWITTER E APOIO AOS CAMINHONEIROS REFLETE NOS COMENT\u00c1RIOS DA REDE SOCIAL - Blog do Farn\u00e9sio","robots":{"index":"index","follow":"follow","max-snippet":"max-snippet:-1","max-image-preview":"max-image-preview:large","max-video-preview":"max-video-preview:-1"},"canonical":"https:\/\/blogdofarnesio.com.br\/2018\/06\/bolsonaro-e-o-presidenciavel-com-mais-intencoes-de-voto-no-twitter-e-apoio-aos-caminhoneiros-reflete-nos-comentarios-da-rede-social\/","og_locale":"pt_BR","og_type":"article","og_title":"BOLSONARO \u00c9 O PRESIDENCI\u00c1VEL COM MAIS INTEN\u00c7\u00d5ES DE VOTO NO TWITTER E APOIO AOS CAMINHONEIROS REFLETE NOS COMENT\u00c1RIOS DA REDE SOCIAL - Blog do Farn\u00e9sio","og_description":"Em mar\u00e7o, a Scup Social, ferramenta de monitoramento de redes sociais, come\u00e7ou a realizar um monitoramento no Twitter para identificar a manifesta\u00e7\u00e3o dos usu\u00e1rios da rede social sobre a inten\u00e7\u00e3o de voto nos principais presidenci\u00e1veis das elei\u00e7\u00f5es de 2018. Desde ent\u00e3o, o pr\u00e9-candidato do PSC, Jair Bolsonaro, vem sendo o mais mencionado entre os 24 nomes monitorados, mostrando uma inten\u00e7\u00e3o de voto sempre positiva a cada m\u00eas. Desta vez, dos 6.891 coment\u00e1rios que continham a hashtag com o seu nome, 72,5% afirmaram uma inten\u00e7\u00e3o de voto nele. No entanto, os coment\u00e1rios sobre ele tiveram um tom mais negativo (32,18%) do que positivo (28,45%). Um termo que ganhou representatividade devido aos acontecimentos do m\u00eas foi \u2018caminhoneiros\u2019. Ele apareceu entre as 5&hellip;","og_url":"https:\/\/blogdofarnesio.com.br\/2018\/06\/bolsonaro-e-o-presidenciavel-com-mais-intencoes-de-voto-no-twitter-e-apoio-aos-caminhoneiros-reflete-nos-comentarios-da-rede-social\/","og_site_name":"Blog do Farn\u00e9sio","article_publisher":"https:\/\/www.facebook.com\/BlogQuerSaberPolitica\/","article_published_time":"2018-06-15T15:30:05+00:00","og_image":[{"width":632,"height":421,"url":"https:\/\/blogdofarnesio.com.br\/wp-content\/uploads\/2018\/01\/blogqspbolsonaro-1-e1517346189465.jpg","type":"image\/jpeg"}],"author":"Farn\u00e9sio","twitter_card":"summary_large_image","twitter_misc":{"Escrito por":"Farn\u00e9sio","Est. tempo de leitura":"4 minutos"},"schema":{"@context":"https:\/\/schema.org","@graph":[{"@type":"Article","@id":"https:\/\/blogdofarnesio.com.br\/2018\/06\/bolsonaro-e-o-presidenciavel-com-mais-intencoes-de-voto-no-twitter-e-apoio-aos-caminhoneiros-reflete-nos-comentarios-da-rede-social\/#article","isPartOf":{"@id":"https:\/\/blogdofarnesio.com.br\/2018\/06\/bolsonaro-e-o-presidenciavel-com-mais-intencoes-de-voto-no-twitter-e-apoio-aos-caminhoneiros-reflete-nos-comentarios-da-rede-social\/"},"author":{"name":"Farn\u00e9sio","@id":"https:\/\/blogdofarnesio.com.br\/#\/schema\/person\/301c4acf522bccbfdb45af95b5b906a1"},"headline":"BOLSONARO \u00c9 O PRESIDENCI\u00c1VEL COM MAIS INTEN\u00c7\u00d5ES DE VOTO NO TWITTER E APOIO AOS CAMINHONEIROS REFLETE NOS COMENT\u00c1RIOS DA REDE SOCIAL","datePublished":"2018-06-15T15:30:05+00:00","mainEntityOfPage":{"@id":"https:\/\/blogdofarnesio.com.br\/2018\/06\/bolsonaro-e-o-presidenciavel-com-mais-intencoes-de-voto-no-twitter-e-apoio-aos-caminhoneiros-reflete-nos-comentarios-da-rede-social\/"},"wordCount":769,"publisher":{"@id":"https:\/\/blogdofarnesio.com.br\/#organization"},"image":{"@id":"https:\/\/blogdofarnesio.com.br\/2018\/06\/bolsonaro-e-o-presidenciavel-com-mais-intencoes-de-voto-no-twitter-e-apoio-aos-caminhoneiros-reflete-nos-comentarios-da-rede-social\/#primaryimage"},"thumbnailUrl":"https:\/\/blogdofarnesio.com.br\/wp-content\/uploads\/2018\/01\/blogqspbolsonaro-1-e1517346189465.jpg","articleSection":["Pol\u00edtica"],"inLanguage":"pt-BR"},{"@type":"WebPage","@id":"https:\/\/blogdofarnesio.com.br\/2018\/06\/bolsonaro-e-o-presidenciavel-com-mais-intencoes-de-voto-no-twitter-e-apoio-aos-caminhoneiros-reflete-nos-comentarios-da-rede-social\/","url":"https:\/\/blogdofarnesio.com.br\/2018\/06\/bolsonaro-e-o-presidenciavel-com-mais-intencoes-de-voto-no-twitter-e-apoio-aos-caminhoneiros-reflete-nos-comentarios-da-rede-social\/","name":"BOLSONARO \u00c9 O PRESIDENCI\u00c1VEL COM MAIS INTEN\u00c7\u00d5ES DE VOTO NO TWITTER E APOIO AOS CAMINHONEIROS REFLETE NOS COMENT\u00c1RIOS DA REDE SOCIAL - Blog do Farn\u00e9sio","isPartOf":{"@id":"https:\/\/blogdofarnesio.com.br\/#website"},"primaryImageOfPage":{"@id":"https:\/\/blogdofarnesio.com.br\/2018\/06\/bolsonaro-e-o-presidenciavel-com-mais-intencoes-de-voto-no-twitter-e-apoio-aos-caminhoneiros-reflete-nos-comentarios-da-rede-social\/#primaryimage"},"image":{"@id":"https:\/\/blogdofarnesio.com.br\/2018\/06\/bolsonaro-e-o-presidenciavel-com-mais-intencoes-de-voto-no-twitter-e-apoio-aos-caminhoneiros-reflete-nos-comentarios-da-rede-social\/#primaryimage"},"thumbnailUrl":"https:\/\/blogdofarnesio.com.br\/wp-content\/uploads\/2018\/01\/blogqspbolsonaro-1-e1517346189465.jpg","datePublished":"2018-06-15T15:30:05+00:00","breadcrumb":{"@id":"https:\/\/blogdofarnesio.com.br\/2018\/06\/bolsonaro-e-o-presidenciavel-com-mais-intencoes-de-voto-no-twitter-e-apoio-aos-caminhoneiros-reflete-nos-comentarios-da-rede-social\/#breadcrumb"},"inLanguage":"pt-BR","potentialAction":[{"@type":"ReadAction","target":["https:\/\/blogdofarnesio.com.br\/2018\/06\/bolsonaro-e-o-presidenciavel-com-mais-intencoes-de-voto-no-twitter-e-apoio-aos-caminhoneiros-reflete-nos-comentarios-da-rede-social\/"]}]},{"@type":"ImageObject","inLanguage":"pt-BR","@id":"https:\/\/blogdofarnesio.com.br\/2018\/06\/bolsonaro-e-o-presidenciavel-com-mais-intencoes-de-voto-no-twitter-e-apoio-aos-caminhoneiros-reflete-nos-comentarios-da-rede-social\/#primaryimage","url":"https:\/\/blogdofarnesio.com.br\/wp-content\/uploads\/2018\/01\/blogqspbolsonaro-1-e1517346189465.jpg","contentUrl":"https:\/\/blogdofarnesio.com.br\/wp-content\/uploads\/2018\/01\/blogqspbolsonaro-1-e1517346189465.jpg","width":632,"height":421,"caption":"BOLSONARO15 BSB DF NACIONAL 15\/12\/2014 JAIR BOLSONARO\/ENTREVISTA O deputado, Jair Bolsonaro (PP RJ), concede entrevista coletiva apos participar da reuniao do Conselho de Etica da Camara, em Brasilia. Foto: DIDA SAMPAIO\/ESTADAO"},{"@type":"BreadcrumbList","@id":"https:\/\/blogdofarnesio.com.br\/2018\/06\/bolsonaro-e-o-presidenciavel-com-mais-intencoes-de-voto-no-twitter-e-apoio-aos-caminhoneiros-reflete-nos-comentarios-da-rede-social\/#breadcrumb","itemListElement":[{"@type":"ListItem","position":1,"name":"In\u00edcio","item":"https:\/\/blogdofarnesio.com.br\/"},{"@type":"ListItem","position":2,"name":"BOLSONARO \u00c9 O PRESIDENCI\u00c1VEL COM MAIS INTEN\u00c7\u00d5ES DE VOTO NO TWITTER E APOIO AOS CAMINHONEIROS REFLETE NOS COMENT\u00c1RIOS DA REDE SOCIAL"}]},{"@type":"WebSite","@id":"https:\/\/blogdofarnesio.com.br\/#website","url":"https:\/\/blogdofarnesio.com.br\/","name":"Blog do Farn\u00e9sio","description":"Quer Saber Pol\u00edtica?","publisher":{"@id":"https:\/\/blogdofarnesio.com.br\/#organization"},"potentialAction":[{"@type":"SearchAction","target":{"@type":"EntryPoint","urlTemplate":"https:\/\/blogdofarnesio.com.br\/?s={search_term_string}"},"query-input":{"@type":"PropertyValueSpecification","valueRequired":true,"valueName":"search_term_string"}}],"inLanguage":"pt-BR"},{"@type":"Organization","@id":"https:\/\/blogdofarnesio.com.br\/#organization","name":"Blog do Farn\u00e9sio","url":"https:\/\/blogdofarnesio.com.br\/","logo":{"@type":"ImageObject","inLanguage":"pt-BR","@id":"https:\/\/blogdofarnesio.com.br\/#\/schema\/logo\/image\/","url":"https:\/\/blogdofarnesio.com.br\/wp-content\/uploads\/2026\/03\/cropped-logo_new-1.png","contentUrl":"https:\/\/blogdofarnesio.com.br\/wp-content\/uploads\/2026\/03\/cropped-logo_new-1.png","width":881,"height":685,"caption":"Blog do Farn\u00e9sio"},"image":{"@id":"https:\/\/blogdofarnesio.com.br\/#\/schema\/logo\/image\/"},"sameAs":["https:\/\/www.facebook.com\/BlogQuerSaberPolitica\/"]},{"@type":"Person","@id":"https:\/\/blogdofarnesio.com.br\/#\/schema\/person\/301c4acf522bccbfdb45af95b5b906a1","name":"Farn\u00e9sio","image":{"@type":"ImageObject","inLanguage":"pt-BR","@id":"https:\/\/secure.gravatar.com\/avatar\/df0c9a14567c056f8ad6876ba5bbd1e3e2c48023eb6807342fc4663adf549f38?s=96&d=mm&r=g","url":"https:\/\/secure.gravatar.com\/avatar\/df0c9a14567c056f8ad6876ba5bbd1e3e2c48023eb6807342fc4663adf549f38?s=96&d=mm&r=g","contentUrl":"https:\/\/secure.gravatar.com\/avatar\/df0c9a14567c056f8ad6876ba5bbd1e3e2c48023eb6807342fc4663adf549f38?s=96&d=mm&r=g","caption":"Farn\u00e9sio"},"sameAs":["https:\/\/quersaberpolitica.com.br"],"url":"https:\/\/blogdofarnesio.com.br\/author\/farnesio\/"}]}},"_links":{"self":[{"href":"https:\/\/blogdofarnesio.com.br\/wp-json\/wp\/v2\/posts\/200696","targetHints":{"allow":["GET"]}}],"collection":[{"href":"https:\/\/blogdofarnesio.com.br\/wp-json\/wp\/v2\/posts"}],"about":[{"href":"https:\/\/blogdofarnesio.com.br\/wp-json\/wp\/v2\/types\/post"}],"author":[{"embeddable":true,"href":"https:\/\/blogdofarnesio.com.br\/wp-json\/wp\/v2\/users\/1"}],"replies":[{"embeddable":true,"href":"https:\/\/blogdofarnesio.com.br\/wp-json\/wp\/v2\/comments?post=200696"}],"version-history":[{"count":0,"href":"https:\/\/blogdofarnesio.com.br\/wp-json\/wp\/v2\/posts\/200696\/revisions"}],"wp:featuredmedia":[{"embeddable":true,"href":"https:\/\/blogdofarnesio.com.br\/wp-json\/wp\/v2\/media\/187563"}],"wp:attachment":[{"href":"https:\/\/blogdofarnesio.com.br\/wp-json\/wp\/v2\/media?parent=200696"}],"wp:term":[{"taxonomy":"category","embeddable":true,"href":"https:\/\/blogdofarnesio.com.br\/wp-json\/wp\/v2\/categories?post=200696"},{"taxonomy":"post_tag","embeddable":true,"href":"https:\/\/blogdofarnesio.com.br\/wp-json\/wp\/v2\/tags?post=200696"}],"curies":[{"name":"wp","href":"https:\/\/api.w.org\/{rel}","templated":true}]}}