{"id":200142,"date":"2018-06-09T10:30:22","date_gmt":"2018-06-09T13:30:22","guid":{"rendered":"http:\/\/quersaberpolitica.com.br\/2016\/?p=200142"},"modified":"2018-06-08T20:11:36","modified_gmt":"2018-06-08T23:11:36","slug":"justa-e-merecida-homenagem","status":"publish","type":"post","link":"https:\/\/blogdofarnesio.com.br\/?p=200142","title":{"rendered":"JUSTA E MERECIDA HOMENAGEM"},"content":{"rendered":"<div class=\"td-post-header\">\n<header class=\"td-post-title\">\n<h1 class=\"entry-title\">C\u00e2mara de Angelim\/PE concede Titulo de Cidad\u00e3o ao Radialista Izaurino Brasil<\/h1>\n<\/header>\n<\/div>\n<div class=\"td-post-content\">\n<p>O dia 06 de junho de 2018 ser\u00e1 sempre lembrado pelo jornalista e radialista Izaurino Brasil como uma nova p\u00e1gina na sua vida pessoal e profissional com muito carinho e a grande saudade de uma inf\u00e2ncia e adolesc\u00eancia v\u00edvida entre familiares e muitos antigos qu\u00ea neste dia foram abra\u00e7ados.<\/p>\n<p><a href=\"http:\/\/quersaberpolitica.com.br\/2016\/wp-content\/uploads\/2018\/06\/blogqspradialistaizaurinobrasil0.jpg\"><img loading=\"lazy\" decoding=\"async\" class=\"size-full wp-image-200144 aligncenter\" src=\"http:\/\/quersaberpolitica.com.br\/2016\/wp-content\/uploads\/2018\/06\/blogqspradialistaizaurinobrasil0.jpg\" alt=\"\" width=\"640\" height=\"480\" srcset=\"https:\/\/blogdofarnesio.com.br\/wp-content\/uploads\/2018\/06\/blogqspradialistaizaurinobrasil0.jpg 640w, https:\/\/blogdofarnesio.com.br\/wp-content\/uploads\/2018\/06\/blogqspradialistaizaurinobrasil0-300x225.jpg 300w, https:\/\/blogdofarnesio.com.br\/wp-content\/uploads\/2018\/06\/blogqspradialistaizaurinobrasil0-360x270.jpg 360w\" sizes=\"auto, (max-width: 640px) 100vw, 640px\" \/><\/a>Uma preposi\u00e7\u00e3o do vereador e presidente da C\u00e2mara Municipal de Angelim, Maur\u00edlio Edson Cavalcante, aprovada p\u00ealos nove vereadores que comp\u00f5em o Poder Legislativo angelinense, concedeu o T\u00edtulo de Cidad\u00e3o de Angelim ao jornalista e radialista Izaurino Brasil cuja entrega se deu no grande sal\u00e3o da Associa\u00e7\u00e3o Recreativa Angelinense (ARA), no final da tarde do dia 06 deste m\u00eas de junho com as presen\u00e7as de autoridades, familiares, amigos dos homenageados (17 ao todo), e cerca de 400 pessoas.<\/p>\n<p><a href=\"http:\/\/quersaberpolitica.com.br\/2016\/wp-content\/uploads\/2018\/06\/blogqspradialistaizaurinobrasil1.jpg\"><img loading=\"lazy\" decoding=\"async\" class=\"size-full wp-image-200145 aligncenter\" src=\"http:\/\/quersaberpolitica.com.br\/2016\/wp-content\/uploads\/2018\/06\/blogqspradialistaizaurinobrasil1.jpg\" alt=\"\" width=\"640\" height=\"480\" srcset=\"https:\/\/blogdofarnesio.com.br\/wp-content\/uploads\/2018\/06\/blogqspradialistaizaurinobrasil1.jpg 640w, https:\/\/blogdofarnesio.com.br\/wp-content\/uploads\/2018\/06\/blogqspradialistaizaurinobrasil1-300x225.jpg 300w, https:\/\/blogdofarnesio.com.br\/wp-content\/uploads\/2018\/06\/blogqspradialistaizaurinobrasil1-360x270.jpg 360w\" sizes=\"auto, (max-width: 640px) 100vw, 640px\" \/><\/a>O prefeito de Angelim M\u00e1rcio Douglas Duarte, a vice-prefeita Rosa, o vereador-presidente Maur\u00edlio Edson Cavalcante e demais vereadores, o deputado estadual Carlos Porto, o prefeito da vizinha cidade de Canhotinho, S\u00edlvio Porto, o promotor de justi\u00e7a de Angelim, vereadoras de cidade vizinhas e a comitiva de Bel\u00e9m do S\u00e3o Francisco formada pelo vereador presidente Joase Campos, vereadores Valdir Moreno e Joselito Nogueira\u00a0 e o ex-vereador professor H\u00e9lio Roberto al\u00e9m do amigo Marcones (Quexinho CDs), especialmente convidados pelo homenageado, estiveram presentes.<\/p>\n<p>Da capital pernambucana vinheram os irm\u00e3os Josenaldo e esposa Nalva e Jos\u00e9 Paes de Melo Filho, ee Palmares o casal amivo Jario e Carla, a primeira filha Maria Helena com o esposo Nator Cavalcante os quais representaram as seis outras filhas do homenageado.<\/p>\n<p>Ao receber o T\u00edtulo de Cidad\u00e3o de Angelim das m\u00e3os do vereador presidente Maur\u00edlio Edson, o homenageado Izaurino agradeceu e lembrou alguns dos bons momentos de sua\u00a0 inf\u00e2ncia e adolesc\u00eancia ali vividos com muitos dos seus amigos a exemplo do ex-prefeito Samuel Salgado,\u00a0 Dr. Celio, ex-prefeita Vanda Cordeiro, atual vice-prefeita Rosa e tantos outros amigos.<\/p>\n<p>A programa\u00e7\u00e3o foi iniciada as oito horas da manh\u00e3 com o hasteamento das bandeiras do Brasil\u00a0 \u00a0de Pernambuco e de Angelim. As nove horas a celebra\u00e7\u00e3o de uma missa em A\u00e7\u00e3o de gra\u00e7as, ao meio-dia almo\u00e7o oferecido aos homenageados e convidados, as 16 horas Sess\u00e3o Solene e a noite festa na Rua S\u00e3o Jos\u00e9 que teve atra\u00e7\u00f5es no palco at\u00e9 as cinco horas da manh\u00e3.<\/p>\n<p>Angelim comemorou os seus 87 anos de Emancipa\u00e7\u00e3o Pol\u00edtica em grande estilo gra\u00e7as aos esfor\u00e7os do Prefeito Douglas Duarte que entregou \u00e0 comunidade o novo pr\u00e9dio da Secretaria de Educa\u00e7\u00e3o e a pavimentaca da Beira Rio, esses eventos tiveram a presen\u00e7a do Governador Paulo C\u00e2mara.<\/p>\n<p>\u00c0s solenidades tiveram como cerimonialista o velho amigo Marcos Moura, radialista dono de um voz inconfund\u00edvel e um trabalho impec\u00e1vel<\/p>\n<\/div>\n","protected":false},"excerpt":{"rendered":"<p>C\u00e2mara de Angelim\/PE concede Titulo de Cidad\u00e3o ao Radialista Izaurino Brasil O dia 06 de junho de 2018 ser\u00e1 sempre lembrado pelo jornalista e radialista Izaurino Brasil como uma nova p\u00e1gina na sua vida pessoal e profissional com muito carinho e a grande saudade de uma inf\u00e2ncia e adolesc\u00eancia v\u00edvida entre familiares e muitos antigos qu\u00ea neste dia foram abra\u00e7ados. Uma preposi\u00e7\u00e3o do vereador e presidente da C\u00e2mara Municipal de Angelim, Maur\u00edlio Edson Cavalcante, aprovada p\u00ealos nove vereadores que comp\u00f5em o Poder Legislativo angelinense, concedeu o T\u00edtulo de Cidad\u00e3o de Angelim ao jornalista e radialista Izaurino Brasil cuja entrega se deu no grande sal\u00e3o da Associa\u00e7\u00e3o Recreativa Angelinense (ARA), no final da tarde do dia 06 deste m\u00eas de junho&hellip; <\/p>\n","protected":false},"author":1,"featured_media":200143,"comment_status":"closed","ping_status":"closed","sticky":false,"template":"","format":"standard","meta":{"_acf_changed":false,"footnotes":""},"categories":[12],"tags":[],"class_list":["post-200142","post","type-post","status-publish","format-standard","has-post-thumbnail","hentry","category-confraternizacoes"],"acf":[],"yoast_head":"<!-- This site is optimized with the Yoast SEO plugin v27.4 - https:\/\/yoast.com\/product\/yoast-seo-wordpress\/ -->\n<title>JUSTA E MERECIDA HOMENAGEM - Blog do Farn\u00e9sio<\/title>\n<meta name=\"robots\" content=\"index, follow, max-snippet:-1, max-image-preview:large, max-video-preview:-1\" \/>\n<link rel=\"canonical\" href=\"https:\/\/blogdofarnesio.com.br\/?p=200142\" \/>\n<meta property=\"og:locale\" content=\"pt_BR\" \/>\n<meta property=\"og:type\" content=\"article\" \/>\n<meta property=\"og:title\" content=\"JUSTA E MERECIDA HOMENAGEM - Blog do Farn\u00e9sio\" \/>\n<meta property=\"og:description\" content=\"C\u00e2mara de Angelim\/PE concede Titulo de Cidad\u00e3o ao Radialista Izaurino Brasil O dia 06 de junho de 2018 ser\u00e1 sempre lembrado pelo jornalista e radialista Izaurino Brasil como uma nova p\u00e1gina na sua vida pessoal e profissional com muito carinho e a grande saudade de uma inf\u00e2ncia e adolesc\u00eancia v\u00edvida entre familiares e muitos antigos qu\u00ea neste dia foram abra\u00e7ados. Uma preposi\u00e7\u00e3o do vereador e presidente da C\u00e2mara Municipal de Angelim, Maur\u00edlio Edson Cavalcante, aprovada p\u00ealos nove vereadores que comp\u00f5em o Poder Legislativo angelinense, concedeu o T\u00edtulo de Cidad\u00e3o de Angelim ao jornalista e radialista Izaurino Brasil cuja entrega se deu no grande sal\u00e3o da Associa\u00e7\u00e3o Recreativa Angelinense (ARA), no final da tarde do dia 06 deste m\u00eas de junho&hellip;\" \/>\n<meta property=\"og:url\" content=\"https:\/\/blogdofarnesio.com.br\/?p=200142\" \/>\n<meta property=\"og:site_name\" content=\"Blog do Farn\u00e9sio\" \/>\n<meta property=\"article:publisher\" content=\"https:\/\/www.facebook.com\/BlogQuerSaberPolitica\/\" \/>\n<meta property=\"article:published_time\" content=\"2018-06-09T13:30:22+00:00\" \/>\n<meta property=\"og:image\" content=\"https:\/\/blogdofarnesio.com.br\/wp-content\/uploads\/2018\/06\/blogqspradialistaizaurinobrasil.jpg\" \/>\n\t<meta property=\"og:image:width\" content=\"640\" \/>\n\t<meta property=\"og:image:height\" content=\"480\" \/>\n\t<meta property=\"og:image:type\" content=\"image\/jpeg\" \/>\n<meta name=\"author\" content=\"Farn\u00e9sio\" \/>\n<meta name=\"twitter:card\" content=\"summary_large_image\" \/>\n<meta name=\"twitter:label1\" content=\"Escrito por\" \/>\n\t<meta name=\"twitter:data1\" content=\"Farn\u00e9sio\" \/>\n\t<meta name=\"twitter:label2\" content=\"Est. tempo de leitura\" \/>\n\t<meta name=\"twitter:data2\" content=\"2 minutos\" \/>\n<script type=\"application\/ld+json\" class=\"yoast-schema-graph\">{\"@context\":\"https:\\\/\\\/schema.org\",\"@graph\":[{\"@type\":\"Article\",\"@id\":\"https:\\\/\\\/blogdofarnesio.com.br\\\/?p=200142#article\",\"isPartOf\":{\"@id\":\"https:\\\/\\\/blogdofarnesio.com.br\\\/?p=200142\"},\"author\":{\"name\":\"Farn\u00e9sio\",\"@id\":\"https:\\\/\\\/blogdofarnesio.com.br\\\/#\\\/schema\\\/person\\\/301c4acf522bccbfdb45af95b5b906a1\"},\"headline\":\"JUSTA E MERECIDA HOMENAGEM\",\"datePublished\":\"2018-06-09T13:30:22+00:00\",\"mainEntityOfPage\":{\"@id\":\"https:\\\/\\\/blogdofarnesio.com.br\\\/?p=200142\"},\"wordCount\":493,\"publisher\":{\"@id\":\"https:\\\/\\\/blogdofarnesio.com.br\\\/#organization\"},\"image\":{\"@id\":\"https:\\\/\\\/blogdofarnesio.com.br\\\/?p=200142#primaryimage\"},\"thumbnailUrl\":\"https:\\\/\\\/blogdofarnesio.com.br\\\/wp-content\\\/uploads\\\/2018\\\/06\\\/blogqspradialistaizaurinobrasil.jpg\",\"articleSection\":[\"Confraterniza\u00e7\u00f5es\"],\"inLanguage\":\"pt-BR\"},{\"@type\":\"WebPage\",\"@id\":\"https:\\\/\\\/blogdofarnesio.com.br\\\/?p=200142\",\"url\":\"https:\\\/\\\/blogdofarnesio.com.br\\\/?p=200142\",\"name\":\"JUSTA E MERECIDA HOMENAGEM - Blog do Farn\u00e9sio\",\"isPartOf\":{\"@id\":\"https:\\\/\\\/blogdofarnesio.com.br\\\/#website\"},\"primaryImageOfPage\":{\"@id\":\"https:\\\/\\\/blogdofarnesio.com.br\\\/?p=200142#primaryimage\"},\"image\":{\"@id\":\"https:\\\/\\\/blogdofarnesio.com.br\\\/?p=200142#primaryimage\"},\"thumbnailUrl\":\"https:\\\/\\\/blogdofarnesio.com.br\\\/wp-content\\\/uploads\\\/2018\\\/06\\\/blogqspradialistaizaurinobrasil.jpg\",\"datePublished\":\"2018-06-09T13:30:22+00:00\",\"breadcrumb\":{\"@id\":\"https:\\\/\\\/blogdofarnesio.com.br\\\/?p=200142#breadcrumb\"},\"inLanguage\":\"pt-BR\",\"potentialAction\":[{\"@type\":\"ReadAction\",\"target\":[\"https:\\\/\\\/blogdofarnesio.com.br\\\/?p=200142\"]}]},{\"@type\":\"ImageObject\",\"inLanguage\":\"pt-BR\",\"@id\":\"https:\\\/\\\/blogdofarnesio.com.br\\\/?p=200142#primaryimage\",\"url\":\"https:\\\/\\\/blogdofarnesio.com.br\\\/wp-content\\\/uploads\\\/2018\\\/06\\\/blogqspradialistaizaurinobrasil.jpg\",\"contentUrl\":\"https:\\\/\\\/blogdofarnesio.com.br\\\/wp-content\\\/uploads\\\/2018\\\/06\\\/blogqspradialistaizaurinobrasil.jpg\",\"width\":640,\"height\":480},{\"@type\":\"BreadcrumbList\",\"@id\":\"https:\\\/\\\/blogdofarnesio.com.br\\\/?p=200142#breadcrumb\",\"itemListElement\":[{\"@type\":\"ListItem\",\"position\":1,\"name\":\"In\u00edcio\",\"item\":\"https:\\\/\\\/blogdofarnesio.com.br\\\/\"},{\"@type\":\"ListItem\",\"position\":2,\"name\":\"JUSTA E MERECIDA HOMENAGEM\"}]},{\"@type\":\"WebSite\",\"@id\":\"https:\\\/\\\/blogdofarnesio.com.br\\\/#website\",\"url\":\"https:\\\/\\\/blogdofarnesio.com.br\\\/\",\"name\":\"Blog do Farn\u00e9sio\",\"description\":\"Quer Saber Pol\u00edtica?\",\"publisher\":{\"@id\":\"https:\\\/\\\/blogdofarnesio.com.br\\\/#organization\"},\"potentialAction\":[{\"@type\":\"SearchAction\",\"target\":{\"@type\":\"EntryPoint\",\"urlTemplate\":\"https:\\\/\\\/blogdofarnesio.com.br\\\/?s={search_term_string}\"},\"query-input\":{\"@type\":\"PropertyValueSpecification\",\"valueRequired\":true,\"valueName\":\"search_term_string\"}}],\"inLanguage\":\"pt-BR\"},{\"@type\":\"Organization\",\"@id\":\"https:\\\/\\\/blogdofarnesio.com.br\\\/#organization\",\"name\":\"Blog do Farn\u00e9sio\",\"url\":\"https:\\\/\\\/blogdofarnesio.com.br\\\/\",\"logo\":{\"@type\":\"ImageObject\",\"inLanguage\":\"pt-BR\",\"@id\":\"https:\\\/\\\/blogdofarnesio.com.br\\\/#\\\/schema\\\/logo\\\/image\\\/\",\"url\":\"https:\\\/\\\/blogdofarnesio.com.br\\\/wp-content\\\/uploads\\\/2026\\\/03\\\/cropped-logo_new-1.png\",\"contentUrl\":\"https:\\\/\\\/blogdofarnesio.com.br\\\/wp-content\\\/uploads\\\/2026\\\/03\\\/cropped-logo_new-1.png\",\"width\":881,\"height\":685,\"caption\":\"Blog do Farn\u00e9sio\"},\"image\":{\"@id\":\"https:\\\/\\\/blogdofarnesio.com.br\\\/#\\\/schema\\\/logo\\\/image\\\/\"},\"sameAs\":[\"https:\\\/\\\/www.facebook.com\\\/BlogQuerSaberPolitica\\\/\"]},{\"@type\":\"Person\",\"@id\":\"https:\\\/\\\/blogdofarnesio.com.br\\\/#\\\/schema\\\/person\\\/301c4acf522bccbfdb45af95b5b906a1\",\"name\":\"Farn\u00e9sio\",\"image\":{\"@type\":\"ImageObject\",\"inLanguage\":\"pt-BR\",\"@id\":\"https:\\\/\\\/secure.gravatar.com\\\/avatar\\\/df0c9a14567c056f8ad6876ba5bbd1e3e2c48023eb6807342fc4663adf549f38?s=96&d=mm&r=g\",\"url\":\"https:\\\/\\\/secure.gravatar.com\\\/avatar\\\/df0c9a14567c056f8ad6876ba5bbd1e3e2c48023eb6807342fc4663adf549f38?s=96&d=mm&r=g\",\"contentUrl\":\"https:\\\/\\\/secure.gravatar.com\\\/avatar\\\/df0c9a14567c056f8ad6876ba5bbd1e3e2c48023eb6807342fc4663adf549f38?s=96&d=mm&r=g\",\"caption\":\"Farn\u00e9sio\"},\"sameAs\":[\"https:\\\/\\\/quersaberpolitica.com.br\"],\"url\":\"https:\\\/\\\/blogdofarnesio.com.br\\\/?author=1\"}]}<\/script>\n<!-- \/ Yoast SEO plugin. -->","yoast_head_json":{"title":"JUSTA E MERECIDA HOMENAGEM - Blog do Farn\u00e9sio","robots":{"index":"index","follow":"follow","max-snippet":"max-snippet:-1","max-image-preview":"max-image-preview:large","max-video-preview":"max-video-preview:-1"},"canonical":"https:\/\/blogdofarnesio.com.br\/?p=200142","og_locale":"pt_BR","og_type":"article","og_title":"JUSTA E MERECIDA HOMENAGEM - Blog do Farn\u00e9sio","og_description":"C\u00e2mara de Angelim\/PE concede Titulo de Cidad\u00e3o ao Radialista Izaurino Brasil O dia 06 de junho de 2018 ser\u00e1 sempre lembrado pelo jornalista e radialista Izaurino Brasil como uma nova p\u00e1gina na sua vida pessoal e profissional com muito carinho e a grande saudade de uma inf\u00e2ncia e adolesc\u00eancia v\u00edvida entre familiares e muitos antigos qu\u00ea neste dia foram abra\u00e7ados. Uma preposi\u00e7\u00e3o do vereador e presidente da C\u00e2mara Municipal de Angelim, Maur\u00edlio Edson Cavalcante, aprovada p\u00ealos nove vereadores que comp\u00f5em o Poder Legislativo angelinense, concedeu o T\u00edtulo de Cidad\u00e3o de Angelim ao jornalista e radialista Izaurino Brasil cuja entrega se deu no grande sal\u00e3o da Associa\u00e7\u00e3o Recreativa Angelinense (ARA), no final da tarde do dia 06 deste m\u00eas de junho&hellip;","og_url":"https:\/\/blogdofarnesio.com.br\/?p=200142","og_site_name":"Blog do Farn\u00e9sio","article_publisher":"https:\/\/www.facebook.com\/BlogQuerSaberPolitica\/","article_published_time":"2018-06-09T13:30:22+00:00","og_image":[{"width":640,"height":480,"url":"https:\/\/blogdofarnesio.com.br\/wp-content\/uploads\/2018\/06\/blogqspradialistaizaurinobrasil.jpg","type":"image\/jpeg"}],"author":"Farn\u00e9sio","twitter_card":"summary_large_image","twitter_misc":{"Escrito por":"Farn\u00e9sio","Est. tempo de leitura":"2 minutos"},"schema":{"@context":"https:\/\/schema.org","@graph":[{"@type":"Article","@id":"https:\/\/blogdofarnesio.com.br\/?p=200142#article","isPartOf":{"@id":"https:\/\/blogdofarnesio.com.br\/?p=200142"},"author":{"name":"Farn\u00e9sio","@id":"https:\/\/blogdofarnesio.com.br\/#\/schema\/person\/301c4acf522bccbfdb45af95b5b906a1"},"headline":"JUSTA E MERECIDA HOMENAGEM","datePublished":"2018-06-09T13:30:22+00:00","mainEntityOfPage":{"@id":"https:\/\/blogdofarnesio.com.br\/?p=200142"},"wordCount":493,"publisher":{"@id":"https:\/\/blogdofarnesio.com.br\/#organization"},"image":{"@id":"https:\/\/blogdofarnesio.com.br\/?p=200142#primaryimage"},"thumbnailUrl":"https:\/\/blogdofarnesio.com.br\/wp-content\/uploads\/2018\/06\/blogqspradialistaizaurinobrasil.jpg","articleSection":["Confraterniza\u00e7\u00f5es"],"inLanguage":"pt-BR"},{"@type":"WebPage","@id":"https:\/\/blogdofarnesio.com.br\/?p=200142","url":"https:\/\/blogdofarnesio.com.br\/?p=200142","name":"JUSTA E MERECIDA HOMENAGEM - Blog do Farn\u00e9sio","isPartOf":{"@id":"https:\/\/blogdofarnesio.com.br\/#website"},"primaryImageOfPage":{"@id":"https:\/\/blogdofarnesio.com.br\/?p=200142#primaryimage"},"image":{"@id":"https:\/\/blogdofarnesio.com.br\/?p=200142#primaryimage"},"thumbnailUrl":"https:\/\/blogdofarnesio.com.br\/wp-content\/uploads\/2018\/06\/blogqspradialistaizaurinobrasil.jpg","datePublished":"2018-06-09T13:30:22+00:00","breadcrumb":{"@id":"https:\/\/blogdofarnesio.com.br\/?p=200142#breadcrumb"},"inLanguage":"pt-BR","potentialAction":[{"@type":"ReadAction","target":["https:\/\/blogdofarnesio.com.br\/?p=200142"]}]},{"@type":"ImageObject","inLanguage":"pt-BR","@id":"https:\/\/blogdofarnesio.com.br\/?p=200142#primaryimage","url":"https:\/\/blogdofarnesio.com.br\/wp-content\/uploads\/2018\/06\/blogqspradialistaizaurinobrasil.jpg","contentUrl":"https:\/\/blogdofarnesio.com.br\/wp-content\/uploads\/2018\/06\/blogqspradialistaizaurinobrasil.jpg","width":640,"height":480},{"@type":"BreadcrumbList","@id":"https:\/\/blogdofarnesio.com.br\/?p=200142#breadcrumb","itemListElement":[{"@type":"ListItem","position":1,"name":"In\u00edcio","item":"https:\/\/blogdofarnesio.com.br\/"},{"@type":"ListItem","position":2,"name":"JUSTA E MERECIDA HOMENAGEM"}]},{"@type":"WebSite","@id":"https:\/\/blogdofarnesio.com.br\/#website","url":"https:\/\/blogdofarnesio.com.br\/","name":"Blog do Farn\u00e9sio","description":"Quer Saber Pol\u00edtica?","publisher":{"@id":"https:\/\/blogdofarnesio.com.br\/#organization"},"potentialAction":[{"@type":"SearchAction","target":{"@type":"EntryPoint","urlTemplate":"https:\/\/blogdofarnesio.com.br\/?s={search_term_string}"},"query-input":{"@type":"PropertyValueSpecification","valueRequired":true,"valueName":"search_term_string"}}],"inLanguage":"pt-BR"},{"@type":"Organization","@id":"https:\/\/blogdofarnesio.com.br\/#organization","name":"Blog do Farn\u00e9sio","url":"https:\/\/blogdofarnesio.com.br\/","logo":{"@type":"ImageObject","inLanguage":"pt-BR","@id":"https:\/\/blogdofarnesio.com.br\/#\/schema\/logo\/image\/","url":"https:\/\/blogdofarnesio.com.br\/wp-content\/uploads\/2026\/03\/cropped-logo_new-1.png","contentUrl":"https:\/\/blogdofarnesio.com.br\/wp-content\/uploads\/2026\/03\/cropped-logo_new-1.png","width":881,"height":685,"caption":"Blog do Farn\u00e9sio"},"image":{"@id":"https:\/\/blogdofarnesio.com.br\/#\/schema\/logo\/image\/"},"sameAs":["https:\/\/www.facebook.com\/BlogQuerSaberPolitica\/"]},{"@type":"Person","@id":"https:\/\/blogdofarnesio.com.br\/#\/schema\/person\/301c4acf522bccbfdb45af95b5b906a1","name":"Farn\u00e9sio","image":{"@type":"ImageObject","inLanguage":"pt-BR","@id":"https:\/\/secure.gravatar.com\/avatar\/df0c9a14567c056f8ad6876ba5bbd1e3e2c48023eb6807342fc4663adf549f38?s=96&d=mm&r=g","url":"https:\/\/secure.gravatar.com\/avatar\/df0c9a14567c056f8ad6876ba5bbd1e3e2c48023eb6807342fc4663adf549f38?s=96&d=mm&r=g","contentUrl":"https:\/\/secure.gravatar.com\/avatar\/df0c9a14567c056f8ad6876ba5bbd1e3e2c48023eb6807342fc4663adf549f38?s=96&d=mm&r=g","caption":"Farn\u00e9sio"},"sameAs":["https:\/\/quersaberpolitica.com.br"],"url":"https:\/\/blogdofarnesio.com.br\/?author=1"}]}},"_links":{"self":[{"href":"https:\/\/blogdofarnesio.com.br\/index.php?rest_route=\/wp\/v2\/posts\/200142","targetHints":{"allow":["GET"]}}],"collection":[{"href":"https:\/\/blogdofarnesio.com.br\/index.php?rest_route=\/wp\/v2\/posts"}],"about":[{"href":"https:\/\/blogdofarnesio.com.br\/index.php?rest_route=\/wp\/v2\/types\/post"}],"author":[{"embeddable":true,"href":"https:\/\/blogdofarnesio.com.br\/index.php?rest_route=\/wp\/v2\/users\/1"}],"replies":[{"embeddable":true,"href":"https:\/\/blogdofarnesio.com.br\/index.php?rest_route=%2Fwp%2Fv2%2Fcomments&post=200142"}],"version-history":[{"count":0,"href":"https:\/\/blogdofarnesio.com.br\/index.php?rest_route=\/wp\/v2\/posts\/200142\/revisions"}],"wp:featuredmedia":[{"embeddable":true,"href":"https:\/\/blogdofarnesio.com.br\/index.php?rest_route=\/wp\/v2\/media\/200143"}],"wp:attachment":[{"href":"https:\/\/blogdofarnesio.com.br\/index.php?rest_route=%2Fwp%2Fv2%2Fmedia&parent=200142"}],"wp:term":[{"taxonomy":"category","embeddable":true,"href":"https:\/\/blogdofarnesio.com.br\/index.php?rest_route=%2Fwp%2Fv2%2Fcategories&post=200142"},{"taxonomy":"post_tag","embeddable":true,"href":"https:\/\/blogdofarnesio.com.br\/index.php?rest_route=%2Fwp%2Fv2%2Ftags&post=200142"}],"curies":[{"name":"wp","href":"https:\/\/api.w.org\/{rel}","templated":true}]}}