{"id":200138,"date":"2018-06-09T09:31:50","date_gmt":"2018-06-09T12:31:50","guid":{"rendered":"http:\/\/quersaberpolitica.com.br\/2016\/?p=200138"},"modified":"2018-06-08T20:01:47","modified_gmt":"2018-06-08T23:01:47","slug":"21-presos-da-lava-jato-foram-soltos-por-gilmar-mendes-em-menos-de-um-mes-veja-a-relacao-dos-premiados","status":"publish","type":"post","link":"https:\/\/blogdofarnesio.com.br\/?p=200138","title":{"rendered":"21 PRESOS DA LAVA JATO FORAM SOLTOS POR GILMAR MENDES EM MENOS DE UM M\u00caS: VEJA A RELA\u00c7\u00c3O DOS PREMIADOS"},"content":{"rendered":"<header>\n<h1>1 foi solto duas vezes<\/h1>\n<p class=\"author\"><a class=\"author url fn\" title=\"Posts de Poder360\" href=\"https:\/\/www.poder360.com.br\/author\/do-poder360\/\" rel=\"author\">PODER360<\/a><\/p>\n<\/header>\n<div class=\"content wp js-mediator-article\" data-ga-ano=\"2018\" data-ga-categoria=\"Justi\u00e7a\" data-ga-autor=\"Poder360\">\n<p>Desde o dia 15 de maio, o ministro do STF (Supremo Tribunal Federal) Gilmar Mendes j\u00e1 mandou soltar 21 pessoas presas na Lava Jato no Rio de Janeiro. Os mandados de pris\u00e3o foram expedidos pelo juiz federal Marcelo Bretas, respons\u00e1vel pela opera\u00e7\u00e3o no Estado.<\/p>\n<p>Na \u00faltima dia 1\u00ba de junho, Gilmar Mendes\u00a0<a href=\"https:\/\/www.poder360.com.br\/justica\/gilmar-mendes-solta-4-operadores-presos-na-operacao-cambio-desligo\/\" target=\"_blank\" rel=\"noopener\">mandou soltar 4 presos\u00a0<\/a>na opera\u00e7\u00e3o \u2018C\u00e2mbio, desligo\u2019.<\/p>\n<p>Nesta 6\u00aa feira (8.jun), o beneficiado foi o empres\u00e1rio Arthur Pinheiro Machado, preso na\u00a0<a href=\"https:\/\/www.poder360.com.br\/lava-jato\/nova-fase-da-lava-jato-mira-operadores-em-fundos-de-pensao\/\" target=\"_blank\" rel=\"noopener\">opera\u00e7\u00e3o Rizoma da PF (Pol\u00edcia Federal)<\/a>, deflagrada em abril. A opera\u00e7\u00e3o \u00e9 mais 1 desdobramento da Lava Jato.<\/p>\n<p>Segundo as investiga\u00e7\u00f5es, Machado Pinheiro estaria envolvido em desvios nos fundos de pens\u00e3o Postalis, dos Correios, e Serpros, da Serpro, empresa p\u00fablica de tecnologia da informa\u00e7\u00e3o. Foi acusado de lavagem de dinheiro, evas\u00e3o de divisas e corrup\u00e7\u00e3o.<\/p>\n<p>Machado Pinheiro j\u00e1 havia sido solto no dia 23 de maio, tamb\u00e9m por decis\u00e3o de Gilmar Mendes, mas Bretas decretou uma nova pris\u00e3o preventiva do empres\u00e1rio por conta das investiga\u00e7\u00f5es feitas no \u00e2mbito da opera\u00e7\u00e3o.<\/p>\n<p>Na decis\u00e3o (<a href=\"https:\/\/www.poder360.com.br\/wp-content\/uploads\/2018\/06\/gilmar-pinheiro-machado-liminar-157972.pdf\" target=\"_blank\" rel=\"noopener\">eis a \u00edntegra<\/a>), Machado Pinheiro n\u00e3o\u00a0<em>\u201ctrar\u00e1 nenhum preju\u00edzo\u201d<\/em>\u00a0para as investiga\u00e7\u00f5es, uma vez que\u00a0<em>\u201co r\u00e9u est\u00e1 com todos os seus bens e valores bloqueados\u201d<\/em>\u00a0e \u201c<em>renunciou aos poderes de administra\u00e7\u00e3o das empresas e fundos de investimentos\u201d<\/em>\u00a0citados na den\u00fancia.<\/p>\n<h2><strong>INVESTIGADOS SOLTOS<\/strong><\/h2>\n<p>Desde o dia 15 de maio, Gilmar Mendes concedeu 21 habeas corpus aos seguintes envolvidos em investiga\u00e7\u00f5es da Lava Jato no Rio:<\/p>\n<ol>\n<li>\n<ol>\n<li>Milton Lyra:\u00a0preso na opera\u00e7\u00e3o Rizoma, solto em 15 de maio;<\/li>\n<li>Marcelo Sereno: preso na opera\u00e7\u00e3o Rizoma, solto em 18 de maio;<\/li>\n<li>Adeilson Ribeiro Telles:preso na opera\u00e7\u00e3o Rizoma, solto em 18 de maio;<\/li>\n<li>Carlos Alberto Valadares Pereira:preso na opera\u00e7\u00e3o Rizoma, solto em 18 de maio;<\/li>\n<li>Ricardo Siqueira Rodrigues: preso na opera\u00e7\u00e3o Rizoma, solto em 18 de maio;<\/li>\n<li>Marcelo Luiz Santos Martins: preso na opera\u00e7\u00e3o P\u00e3o Nosso, solto em 21 de maio;<\/li>\n<li>Hudson Braga: preso na opera\u00e7\u00e3o Calicute, solto em 23 de maio;<\/li>\n<li>Carlos Miranda:\u00a0preso na opera\u00e7\u00e3o Calicute, solto em 23 de maio;<\/li>\n<li>Marcos Vinicius Silva Lips:\u00a0preso na opera\u00e7\u00e3o P\u00e3o Nosso, solto em 23 de maio;<\/li>\n<li>Arthur Pinheiro Machado, preso na opera\u00e7\u00e3o Rizoma, solto em 23 de maio;<\/li>\n<li>Sandro Alex Lahmann:\u00a0preso na opera\u00e7\u00e3o P\u00e3o Nosso, solto em 24 de maio;<\/li>\n<li>Carlos Mateus Martins:\u00a0preso na opera\u00e7\u00e3o P\u00e3o Nosso, solto em 24 de maio;<\/li>\n<li>Cesar Rubens Monteiro de Carvalho: preso na opera\u00e7\u00e3o P\u00e3o Nosso, solto em 28 de maio;<\/li>\n<li>S\u00e9rgio Roberto Pinto da Silva: preso na opera\u00e7\u00e3o P\u00e3o Nosso, solto em 28 de maio;<\/li>\n<li>Orlando Diniz: preso na opera\u00e7\u00e3o Jabuti, solto em 1 de junho;<\/li>\n<li>Rony Hamoui:\u00a0preso na opera\u00e7\u00e3o C\u00e2mbio, desligo, solto em 1 de junho;<\/li>\n<li>Paulo S\u00e9rgio Vaz de Arruda:\u00a0preso na opera\u00e7\u00e3o C\u00e2mbio, desligo, solto em 1 de junho;<\/li>\n<li>Athos Roberto Albernaz Cordeiro:\u00a0preso na opera\u00e7\u00e3o C\u00e2mbio, desligo, solto em 1 de junho;<\/li>\n<li>Oswaldo Prado Sanches:\u00a0preso na opera\u00e7\u00e3o C\u00e2mbio, desligo, solto em 1 de junho;<\/li>\n<li>Ant\u00f4nio Claudio Albernaz Cordeiro: preso na opera\u00e7\u00e3o\u00a0C\u00e2mbio, desligo, solto em 5 de junho;<\/li>\n<li>Arthur Pinheiro Machado, preso novamente na opera\u00e7\u00e3o Rizoma, ap\u00f3s ser solto em 23 de maio. Nova soltura foi em 08 de junho.<\/li>\n<\/ol>\n<\/li>\n<\/ol>\n<h2><strong>MANIFESTA\u00c7\u00c3O DE BRETAS<\/strong><\/h2>\n<p>No \u00faltima 2 feira (5.jun), o juiz Marcelo Bretas enviou a Gilmar Mendes of\u00edcio dizendo que os casos de corrup\u00e7\u00e3o n\u00e3o podem ser tratados como\u00a0<em>\u201ccrimes de menor gravidade<\/em>\u201d.<\/p>\n<p><em>\u201cOs casos que envolvem corrup\u00e7\u00e3o de agentes p\u00fablicos t\u00eam enorme potencial para atingir, com severidade, 1 n\u00famero infinitamente maior de pessoas, bastando, para tanto, considerar que os recursos p\u00fablicos que s\u00e3o desviados por pr\u00e1ticas corruptas deixam de ser utilizados em servi\u00e7os p\u00fablicos essenciais, como sa\u00fade e seguran\u00e7a p\u00fablicas e, no caso espec\u00edfico, educa\u00e7\u00e3o\u201d<\/em>, disse.<\/p>\n<p>O of\u00edcio foi solicitado pelo pr\u00f3prio Gilmar Mendes em instru\u00e7\u00e3o de habeas corpus concedido por ele ao ex-presidente da Fecom\u00e9rcio-RJ (Federa\u00e7\u00e3o do Com\u00e9rcio do Rio de Janeiro) Orlando Diniz. Diniz teve a pris\u00e3o decretada por Bretas.<\/p>\n<p>Al\u00e9m de defender a pris\u00e3o de Orlando Diniz, no of\u00edcio Bretas afirmou que casos envolvendo desvios de recursos p\u00fablicos\u00a0<em>\u201cn\u00e3o podem ser tratados como crimes menores, pois a gravidade de il\u00edcitos penais n\u00e3o deve ser medida apenas sob o enfoque da viol\u00eancia f\u00edsica imediata\u201d<\/em>.<\/p>\n<p><em>(Com informa\u00e7\u00f5es da Ag\u00eancia Brasil.)<\/em><\/p>\n<\/div>\n<footer>\n<div class=\"mod mod-authors\">\n<h3 class=\"titulo-default\">Autores<\/h3>\n<p class=\"author clearfix\"><a class=\"link-author\" href=\"https:\/\/www.poder360.com.br\/author\/do-poder360\/\">PODER360<\/a><\/p>\n<\/div>\n<\/footer>\n","protected":false},"excerpt":{"rendered":"<p>1 foi solto duas vezes PODER360 Desde o dia 15 de maio, o ministro do STF (Supremo Tribunal Federal) Gilmar Mendes j\u00e1 mandou soltar 21 pessoas presas na Lava Jato no Rio de Janeiro. Os mandados de pris\u00e3o foram expedidos pelo juiz federal Marcelo Bretas, respons\u00e1vel pela opera\u00e7\u00e3o no Estado. Na \u00faltima dia 1\u00ba de junho, Gilmar Mendes\u00a0mandou soltar 4 presos\u00a0na opera\u00e7\u00e3o \u2018C\u00e2mbio, desligo\u2019. Nesta 6\u00aa feira (8.jun), o beneficiado foi o empres\u00e1rio Arthur Pinheiro Machado, preso na\u00a0opera\u00e7\u00e3o Rizoma da PF (Pol\u00edcia Federal), deflagrada em abril. A opera\u00e7\u00e3o \u00e9 mais 1 desdobramento da Lava Jato. Segundo as investiga\u00e7\u00f5es, Machado Pinheiro estaria envolvido em desvios nos fundos de pens\u00e3o Postalis, dos Correios, e Serpros, da Serpro, empresa p\u00fablica de tecnologia da&hellip; <\/p>\n","protected":false},"author":1,"featured_media":186193,"comment_status":"closed","ping_status":"closed","sticky":false,"template":"","format":"standard","meta":{"_acf_changed":false,"footnotes":""},"categories":[23],"tags":[],"class_list":["post-200138","post","type-post","status-publish","format-standard","has-post-thumbnail","hentry","category-justica"],"acf":[],"yoast_head":"<!-- This site is optimized with the Yoast SEO plugin v27.4 - https:\/\/yoast.com\/product\/yoast-seo-wordpress\/ -->\n<title>21 PRESOS DA LAVA JATO FORAM SOLTOS POR GILMAR MENDES EM MENOS DE UM M\u00caS: VEJA A RELA\u00c7\u00c3O DOS PREMIADOS - Blog do Farn\u00e9sio<\/title>\n<meta name=\"robots\" content=\"index, follow, max-snippet:-1, max-image-preview:large, max-video-preview:-1\" \/>\n<link rel=\"canonical\" href=\"https:\/\/blogdofarnesio.com.br\/?p=200138\" \/>\n<meta property=\"og:locale\" content=\"pt_BR\" \/>\n<meta property=\"og:type\" content=\"article\" \/>\n<meta property=\"og:title\" content=\"21 PRESOS DA LAVA JATO FORAM SOLTOS POR GILMAR MENDES EM MENOS DE UM M\u00caS: VEJA A RELA\u00c7\u00c3O DOS PREMIADOS - Blog do Farn\u00e9sio\" \/>\n<meta property=\"og:description\" content=\"1 foi solto duas vezes PODER360 Desde o dia 15 de maio, o ministro do STF (Supremo Tribunal Federal) Gilmar Mendes j\u00e1 mandou soltar 21 pessoas presas na Lava Jato no Rio de Janeiro. Os mandados de pris\u00e3o foram expedidos pelo juiz federal Marcelo Bretas, respons\u00e1vel pela opera\u00e7\u00e3o no Estado. Na \u00faltima dia 1\u00ba de junho, Gilmar Mendes\u00a0mandou soltar 4 presos\u00a0na opera\u00e7\u00e3o \u2018C\u00e2mbio, desligo\u2019. Nesta 6\u00aa feira (8.jun), o beneficiado foi o empres\u00e1rio Arthur Pinheiro Machado, preso na\u00a0opera\u00e7\u00e3o Rizoma da PF (Pol\u00edcia Federal), deflagrada em abril. A opera\u00e7\u00e3o \u00e9 mais 1 desdobramento da Lava Jato. Segundo as investiga\u00e7\u00f5es, Machado Pinheiro estaria envolvido em desvios nos fundos de pens\u00e3o Postalis, dos Correios, e Serpros, da Serpro, empresa p\u00fablica de tecnologia da&hellip;\" \/>\n<meta property=\"og:url\" content=\"https:\/\/blogdofarnesio.com.br\/?p=200138\" \/>\n<meta property=\"og:site_name\" content=\"Blog do Farn\u00e9sio\" \/>\n<meta property=\"article:publisher\" content=\"https:\/\/www.facebook.com\/BlogQuerSaberPolitica\/\" \/>\n<meta property=\"article:published_time\" content=\"2018-06-09T12:31:50+00:00\" \/>\n<meta property=\"og:image\" content=\"https:\/\/blogdofarnesio.com.br\/wp-content\/uploads\/2018\/01\/blogqspgilmarmendess.jpeg\" \/>\n\t<meta property=\"og:image:width\" content=\"768\" \/>\n\t<meta property=\"og:image:height\" content=\"512\" \/>\n\t<meta property=\"og:image:type\" content=\"image\/jpeg\" \/>\n<meta name=\"author\" content=\"Farn\u00e9sio\" \/>\n<meta name=\"twitter:card\" content=\"summary_large_image\" \/>\n<meta name=\"twitter:label1\" content=\"Escrito por\" \/>\n\t<meta name=\"twitter:data1\" content=\"Farn\u00e9sio\" \/>\n\t<meta name=\"twitter:label2\" content=\"Est. tempo de leitura\" \/>\n\t<meta name=\"twitter:data2\" content=\"4 minutos\" \/>\n<script type=\"application\/ld+json\" class=\"yoast-schema-graph\">{\"@context\":\"https:\\\/\\\/schema.org\",\"@graph\":[{\"@type\":\"Article\",\"@id\":\"https:\\\/\\\/blogdofarnesio.com.br\\\/?p=200138#article\",\"isPartOf\":{\"@id\":\"https:\\\/\\\/blogdofarnesio.com.br\\\/?p=200138\"},\"author\":{\"name\":\"Farn\u00e9sio\",\"@id\":\"https:\\\/\\\/blogdofarnesio.com.br\\\/#\\\/schema\\\/person\\\/301c4acf522bccbfdb45af95b5b906a1\"},\"headline\":\"21 PRESOS DA LAVA JATO FORAM SOLTOS POR GILMAR MENDES EM MENOS DE UM M\u00caS: VEJA A RELA\u00c7\u00c3O DOS PREMIADOS\",\"datePublished\":\"2018-06-09T12:31:50+00:00\",\"mainEntityOfPage\":{\"@id\":\"https:\\\/\\\/blogdofarnesio.com.br\\\/?p=200138\"},\"wordCount\":775,\"publisher\":{\"@id\":\"https:\\\/\\\/blogdofarnesio.com.br\\\/#organization\"},\"image\":{\"@id\":\"https:\\\/\\\/blogdofarnesio.com.br\\\/?p=200138#primaryimage\"},\"thumbnailUrl\":\"https:\\\/\\\/blogdofarnesio.com.br\\\/wp-content\\\/uploads\\\/2018\\\/01\\\/blogqspgilmarmendess.jpeg\",\"articleSection\":[\"Justi\u00e7a\"],\"inLanguage\":\"pt-BR\"},{\"@type\":\"WebPage\",\"@id\":\"https:\\\/\\\/blogdofarnesio.com.br\\\/?p=200138\",\"url\":\"https:\\\/\\\/blogdofarnesio.com.br\\\/?p=200138\",\"name\":\"21 PRESOS DA LAVA JATO FORAM SOLTOS POR GILMAR MENDES EM MENOS DE UM M\u00caS: VEJA A RELA\u00c7\u00c3O DOS PREMIADOS - Blog do Farn\u00e9sio\",\"isPartOf\":{\"@id\":\"https:\\\/\\\/blogdofarnesio.com.br\\\/#website\"},\"primaryImageOfPage\":{\"@id\":\"https:\\\/\\\/blogdofarnesio.com.br\\\/?p=200138#primaryimage\"},\"image\":{\"@id\":\"https:\\\/\\\/blogdofarnesio.com.br\\\/?p=200138#primaryimage\"},\"thumbnailUrl\":\"https:\\\/\\\/blogdofarnesio.com.br\\\/wp-content\\\/uploads\\\/2018\\\/01\\\/blogqspgilmarmendess.jpeg\",\"datePublished\":\"2018-06-09T12:31:50+00:00\",\"breadcrumb\":{\"@id\":\"https:\\\/\\\/blogdofarnesio.com.br\\\/?p=200138#breadcrumb\"},\"inLanguage\":\"pt-BR\",\"potentialAction\":[{\"@type\":\"ReadAction\",\"target\":[\"https:\\\/\\\/blogdofarnesio.com.br\\\/?p=200138\"]}]},{\"@type\":\"ImageObject\",\"inLanguage\":\"pt-BR\",\"@id\":\"https:\\\/\\\/blogdofarnesio.com.br\\\/?p=200138#primaryimage\",\"url\":\"https:\\\/\\\/blogdofarnesio.com.br\\\/wp-content\\\/uploads\\\/2018\\\/01\\\/blogqspgilmarmendess.jpeg\",\"contentUrl\":\"https:\\\/\\\/blogdofarnesio.com.br\\\/wp-content\\\/uploads\\\/2018\\\/01\\\/blogqspgilmarmendess.jpeg\",\"width\":768,\"height\":512},{\"@type\":\"BreadcrumbList\",\"@id\":\"https:\\\/\\\/blogdofarnesio.com.br\\\/?p=200138#breadcrumb\",\"itemListElement\":[{\"@type\":\"ListItem\",\"position\":1,\"name\":\"In\u00edcio\",\"item\":\"https:\\\/\\\/blogdofarnesio.com.br\\\/\"},{\"@type\":\"ListItem\",\"position\":2,\"name\":\"21 PRESOS DA LAVA JATO FORAM SOLTOS POR GILMAR MENDES EM MENOS DE UM M\u00caS: VEJA A RELA\u00c7\u00c3O DOS PREMIADOS\"}]},{\"@type\":\"WebSite\",\"@id\":\"https:\\\/\\\/blogdofarnesio.com.br\\\/#website\",\"url\":\"https:\\\/\\\/blogdofarnesio.com.br\\\/\",\"name\":\"Blog do Farn\u00e9sio\",\"description\":\"Quer Saber Pol\u00edtica?\",\"publisher\":{\"@id\":\"https:\\\/\\\/blogdofarnesio.com.br\\\/#organization\"},\"potentialAction\":[{\"@type\":\"SearchAction\",\"target\":{\"@type\":\"EntryPoint\",\"urlTemplate\":\"https:\\\/\\\/blogdofarnesio.com.br\\\/?s={search_term_string}\"},\"query-input\":{\"@type\":\"PropertyValueSpecification\",\"valueRequired\":true,\"valueName\":\"search_term_string\"}}],\"inLanguage\":\"pt-BR\"},{\"@type\":\"Organization\",\"@id\":\"https:\\\/\\\/blogdofarnesio.com.br\\\/#organization\",\"name\":\"Blog do Farn\u00e9sio\",\"url\":\"https:\\\/\\\/blogdofarnesio.com.br\\\/\",\"logo\":{\"@type\":\"ImageObject\",\"inLanguage\":\"pt-BR\",\"@id\":\"https:\\\/\\\/blogdofarnesio.com.br\\\/#\\\/schema\\\/logo\\\/image\\\/\",\"url\":\"https:\\\/\\\/blogdofarnesio.com.br\\\/wp-content\\\/uploads\\\/2026\\\/03\\\/cropped-logo_new-1.png\",\"contentUrl\":\"https:\\\/\\\/blogdofarnesio.com.br\\\/wp-content\\\/uploads\\\/2026\\\/03\\\/cropped-logo_new-1.png\",\"width\":881,\"height\":685,\"caption\":\"Blog do Farn\u00e9sio\"},\"image\":{\"@id\":\"https:\\\/\\\/blogdofarnesio.com.br\\\/#\\\/schema\\\/logo\\\/image\\\/\"},\"sameAs\":[\"https:\\\/\\\/www.facebook.com\\\/BlogQuerSaberPolitica\\\/\"]},{\"@type\":\"Person\",\"@id\":\"https:\\\/\\\/blogdofarnesio.com.br\\\/#\\\/schema\\\/person\\\/301c4acf522bccbfdb45af95b5b906a1\",\"name\":\"Farn\u00e9sio\",\"image\":{\"@type\":\"ImageObject\",\"inLanguage\":\"pt-BR\",\"@id\":\"https:\\\/\\\/secure.gravatar.com\\\/avatar\\\/df0c9a14567c056f8ad6876ba5bbd1e3e2c48023eb6807342fc4663adf549f38?s=96&d=mm&r=g\",\"url\":\"https:\\\/\\\/secure.gravatar.com\\\/avatar\\\/df0c9a14567c056f8ad6876ba5bbd1e3e2c48023eb6807342fc4663adf549f38?s=96&d=mm&r=g\",\"contentUrl\":\"https:\\\/\\\/secure.gravatar.com\\\/avatar\\\/df0c9a14567c056f8ad6876ba5bbd1e3e2c48023eb6807342fc4663adf549f38?s=96&d=mm&r=g\",\"caption\":\"Farn\u00e9sio\"},\"sameAs\":[\"https:\\\/\\\/quersaberpolitica.com.br\"],\"url\":\"https:\\\/\\\/blogdofarnesio.com.br\\\/?author=1\"}]}<\/script>\n<!-- \/ Yoast SEO plugin. -->","yoast_head_json":{"title":"21 PRESOS DA LAVA JATO FORAM SOLTOS POR GILMAR MENDES EM MENOS DE UM M\u00caS: VEJA A RELA\u00c7\u00c3O DOS PREMIADOS - Blog do Farn\u00e9sio","robots":{"index":"index","follow":"follow","max-snippet":"max-snippet:-1","max-image-preview":"max-image-preview:large","max-video-preview":"max-video-preview:-1"},"canonical":"https:\/\/blogdofarnesio.com.br\/?p=200138","og_locale":"pt_BR","og_type":"article","og_title":"21 PRESOS DA LAVA JATO FORAM SOLTOS POR GILMAR MENDES EM MENOS DE UM M\u00caS: VEJA A RELA\u00c7\u00c3O DOS PREMIADOS - Blog do Farn\u00e9sio","og_description":"1 foi solto duas vezes PODER360 Desde o dia 15 de maio, o ministro do STF (Supremo Tribunal Federal) Gilmar Mendes j\u00e1 mandou soltar 21 pessoas presas na Lava Jato no Rio de Janeiro. Os mandados de pris\u00e3o foram expedidos pelo juiz federal Marcelo Bretas, respons\u00e1vel pela opera\u00e7\u00e3o no Estado. Na \u00faltima dia 1\u00ba de junho, Gilmar Mendes\u00a0mandou soltar 4 presos\u00a0na opera\u00e7\u00e3o \u2018C\u00e2mbio, desligo\u2019. Nesta 6\u00aa feira (8.jun), o beneficiado foi o empres\u00e1rio Arthur Pinheiro Machado, preso na\u00a0opera\u00e7\u00e3o Rizoma da PF (Pol\u00edcia Federal), deflagrada em abril. A opera\u00e7\u00e3o \u00e9 mais 1 desdobramento da Lava Jato. Segundo as investiga\u00e7\u00f5es, Machado Pinheiro estaria envolvido em desvios nos fundos de pens\u00e3o Postalis, dos Correios, e Serpros, da Serpro, empresa p\u00fablica de tecnologia da&hellip;","og_url":"https:\/\/blogdofarnesio.com.br\/?p=200138","og_site_name":"Blog do Farn\u00e9sio","article_publisher":"https:\/\/www.facebook.com\/BlogQuerSaberPolitica\/","article_published_time":"2018-06-09T12:31:50+00:00","og_image":[{"width":768,"height":512,"url":"https:\/\/blogdofarnesio.com.br\/wp-content\/uploads\/2018\/01\/blogqspgilmarmendess.jpeg","type":"image\/jpeg"}],"author":"Farn\u00e9sio","twitter_card":"summary_large_image","twitter_misc":{"Escrito por":"Farn\u00e9sio","Est. tempo de leitura":"4 minutos"},"schema":{"@context":"https:\/\/schema.org","@graph":[{"@type":"Article","@id":"https:\/\/blogdofarnesio.com.br\/?p=200138#article","isPartOf":{"@id":"https:\/\/blogdofarnesio.com.br\/?p=200138"},"author":{"name":"Farn\u00e9sio","@id":"https:\/\/blogdofarnesio.com.br\/#\/schema\/person\/301c4acf522bccbfdb45af95b5b906a1"},"headline":"21 PRESOS DA LAVA JATO FORAM SOLTOS POR GILMAR MENDES EM MENOS DE UM M\u00caS: VEJA A RELA\u00c7\u00c3O DOS PREMIADOS","datePublished":"2018-06-09T12:31:50+00:00","mainEntityOfPage":{"@id":"https:\/\/blogdofarnesio.com.br\/?p=200138"},"wordCount":775,"publisher":{"@id":"https:\/\/blogdofarnesio.com.br\/#organization"},"image":{"@id":"https:\/\/blogdofarnesio.com.br\/?p=200138#primaryimage"},"thumbnailUrl":"https:\/\/blogdofarnesio.com.br\/wp-content\/uploads\/2018\/01\/blogqspgilmarmendess.jpeg","articleSection":["Justi\u00e7a"],"inLanguage":"pt-BR"},{"@type":"WebPage","@id":"https:\/\/blogdofarnesio.com.br\/?p=200138","url":"https:\/\/blogdofarnesio.com.br\/?p=200138","name":"21 PRESOS DA LAVA JATO FORAM SOLTOS POR GILMAR MENDES EM MENOS DE UM M\u00caS: VEJA A RELA\u00c7\u00c3O DOS PREMIADOS - Blog do Farn\u00e9sio","isPartOf":{"@id":"https:\/\/blogdofarnesio.com.br\/#website"},"primaryImageOfPage":{"@id":"https:\/\/blogdofarnesio.com.br\/?p=200138#primaryimage"},"image":{"@id":"https:\/\/blogdofarnesio.com.br\/?p=200138#primaryimage"},"thumbnailUrl":"https:\/\/blogdofarnesio.com.br\/wp-content\/uploads\/2018\/01\/blogqspgilmarmendess.jpeg","datePublished":"2018-06-09T12:31:50+00:00","breadcrumb":{"@id":"https:\/\/blogdofarnesio.com.br\/?p=200138#breadcrumb"},"inLanguage":"pt-BR","potentialAction":[{"@type":"ReadAction","target":["https:\/\/blogdofarnesio.com.br\/?p=200138"]}]},{"@type":"ImageObject","inLanguage":"pt-BR","@id":"https:\/\/blogdofarnesio.com.br\/?p=200138#primaryimage","url":"https:\/\/blogdofarnesio.com.br\/wp-content\/uploads\/2018\/01\/blogqspgilmarmendess.jpeg","contentUrl":"https:\/\/blogdofarnesio.com.br\/wp-content\/uploads\/2018\/01\/blogqspgilmarmendess.jpeg","width":768,"height":512},{"@type":"BreadcrumbList","@id":"https:\/\/blogdofarnesio.com.br\/?p=200138#breadcrumb","itemListElement":[{"@type":"ListItem","position":1,"name":"In\u00edcio","item":"https:\/\/blogdofarnesio.com.br\/"},{"@type":"ListItem","position":2,"name":"21 PRESOS DA LAVA JATO FORAM SOLTOS POR GILMAR MENDES EM MENOS DE UM M\u00caS: VEJA A RELA\u00c7\u00c3O DOS PREMIADOS"}]},{"@type":"WebSite","@id":"https:\/\/blogdofarnesio.com.br\/#website","url":"https:\/\/blogdofarnesio.com.br\/","name":"Blog do Farn\u00e9sio","description":"Quer Saber Pol\u00edtica?","publisher":{"@id":"https:\/\/blogdofarnesio.com.br\/#organization"},"potentialAction":[{"@type":"SearchAction","target":{"@type":"EntryPoint","urlTemplate":"https:\/\/blogdofarnesio.com.br\/?s={search_term_string}"},"query-input":{"@type":"PropertyValueSpecification","valueRequired":true,"valueName":"search_term_string"}}],"inLanguage":"pt-BR"},{"@type":"Organization","@id":"https:\/\/blogdofarnesio.com.br\/#organization","name":"Blog do Farn\u00e9sio","url":"https:\/\/blogdofarnesio.com.br\/","logo":{"@type":"ImageObject","inLanguage":"pt-BR","@id":"https:\/\/blogdofarnesio.com.br\/#\/schema\/logo\/image\/","url":"https:\/\/blogdofarnesio.com.br\/wp-content\/uploads\/2026\/03\/cropped-logo_new-1.png","contentUrl":"https:\/\/blogdofarnesio.com.br\/wp-content\/uploads\/2026\/03\/cropped-logo_new-1.png","width":881,"height":685,"caption":"Blog do Farn\u00e9sio"},"image":{"@id":"https:\/\/blogdofarnesio.com.br\/#\/schema\/logo\/image\/"},"sameAs":["https:\/\/www.facebook.com\/BlogQuerSaberPolitica\/"]},{"@type":"Person","@id":"https:\/\/blogdofarnesio.com.br\/#\/schema\/person\/301c4acf522bccbfdb45af95b5b906a1","name":"Farn\u00e9sio","image":{"@type":"ImageObject","inLanguage":"pt-BR","@id":"https:\/\/secure.gravatar.com\/avatar\/df0c9a14567c056f8ad6876ba5bbd1e3e2c48023eb6807342fc4663adf549f38?s=96&d=mm&r=g","url":"https:\/\/secure.gravatar.com\/avatar\/df0c9a14567c056f8ad6876ba5bbd1e3e2c48023eb6807342fc4663adf549f38?s=96&d=mm&r=g","contentUrl":"https:\/\/secure.gravatar.com\/avatar\/df0c9a14567c056f8ad6876ba5bbd1e3e2c48023eb6807342fc4663adf549f38?s=96&d=mm&r=g","caption":"Farn\u00e9sio"},"sameAs":["https:\/\/quersaberpolitica.com.br"],"url":"https:\/\/blogdofarnesio.com.br\/?author=1"}]}},"_links":{"self":[{"href":"https:\/\/blogdofarnesio.com.br\/index.php?rest_route=\/wp\/v2\/posts\/200138","targetHints":{"allow":["GET"]}}],"collection":[{"href":"https:\/\/blogdofarnesio.com.br\/index.php?rest_route=\/wp\/v2\/posts"}],"about":[{"href":"https:\/\/blogdofarnesio.com.br\/index.php?rest_route=\/wp\/v2\/types\/post"}],"author":[{"embeddable":true,"href":"https:\/\/blogdofarnesio.com.br\/index.php?rest_route=\/wp\/v2\/users\/1"}],"replies":[{"embeddable":true,"href":"https:\/\/blogdofarnesio.com.br\/index.php?rest_route=%2Fwp%2Fv2%2Fcomments&post=200138"}],"version-history":[{"count":0,"href":"https:\/\/blogdofarnesio.com.br\/index.php?rest_route=\/wp\/v2\/posts\/200138\/revisions"}],"wp:featuredmedia":[{"embeddable":true,"href":"https:\/\/blogdofarnesio.com.br\/index.php?rest_route=\/wp\/v2\/media\/186193"}],"wp:attachment":[{"href":"https:\/\/blogdofarnesio.com.br\/index.php?rest_route=%2Fwp%2Fv2%2Fmedia&parent=200138"}],"wp:term":[{"taxonomy":"category","embeddable":true,"href":"https:\/\/blogdofarnesio.com.br\/index.php?rest_route=%2Fwp%2Fv2%2Fcategories&post=200138"},{"taxonomy":"post_tag","embeddable":true,"href":"https:\/\/blogdofarnesio.com.br\/index.php?rest_route=%2Fwp%2Fv2%2Ftags&post=200138"}],"curies":[{"name":"wp","href":"https:\/\/api.w.org\/{rel}","templated":true}]}}