{"id":200126,"date":"2018-06-09T08:30:06","date_gmt":"2018-06-09T11:30:06","guid":{"rendered":"http:\/\/quersaberpolitica.com.br\/2016\/?p=200126"},"modified":"2018-06-08T18:52:33","modified_gmt":"2018-06-08T21:52:33","slug":"lava-jato-casal-20-do-pt-nas-barras-da-justica","status":"publish","type":"post","link":"https:\/\/blogdofarnesio.com.br\/?p=200126","title":{"rendered":"LAVA JATO: CASAL 20 DO PT NAS BARRAS DA JUSTI\u00c7A"},"content":{"rendered":"<div id=\"Header_wrapper\">\n<div id=\"Subheader\">\n<div class=\"container\">\n<div class=\"column one\">\n<h1 class=\"title\">Ministro libera para julgamento a\u00e7\u00e3o contra Gleisi por corrup\u00e7\u00e3o<\/h1>\n<\/div>\n<div class=\"section section-post-about\">\n<div class=\"section_wrapper clearfix\">\n<div class=\"column one author-box\">\n<div class=\"author-box-wrapper\">\n<div class=\"desc-wrapper\">\n<h5><a href=\"http:\/\/www.diariodopoder.com.br\/author\/francinemarquezdp\/\">Francine Marquez<\/a><\/h5>\n<\/div>\n<\/div>\n<\/div>\n<\/div>\n<\/div>\n<\/div>\n<\/div>\n<\/div>\n<div id=\"Content\">\n<div class=\"content_wrapper clearfix\">\n<div class=\"sections_group\">\n<div id=\"post-16017\" class=\"post-16017 post type-post status-publish format-standard has-post-thumbnail hentry category-brasil-e-regioes category-destaques-home category-justica tag-celso-de-mello tag-gleisi-hoffmann tag-mpf tag-operacao-lava-jato tag-paulo-bernardo tag-pgr tag-pt tag-stf\">\n<div class=\"post-wrapper-content\">\n<div class=\"section the_content has_content\">\n<div class=\"section_wrapper\">\n<div class=\"the_content_wrapper\">\n<p>O ministro Celso de Mello do Supremo Tribunal Federal (STF) liberou, nesta sexta-feira (8), para julgamento a a\u00e7\u00e3o penal contra a senadora e presidente do PT, Gleisi Hoffmann (PR) e seu marido, o ex-ministro petista Paulo Bernardo, que nos tempos de poder eram chamados de \u201cCasal 20\u201d. Ambos s\u00e3o r\u00e9us pelos crimes de lavagem de dinheiro e corrup\u00e7\u00e3o passiva, na Opera\u00e7\u00e3o Lava Jato.<\/p>\n<div>\n<div class=\"section-related-ul col-3\"><\/div>\n<\/div>\n<p>A\u00e7\u00e3o ser\u00e1 julgada pela Segunda Turma, agora, acabe ao presidente da Turma ministro Ricardo Lewandowski marcar a data do julgamento. O empres\u00e1rio Ernesto Kugler Rodrigues, tamb\u00e9m ser\u00e1 julgado.<\/p>\n<p>De acordo com o Minist\u00e9rio P\u00fablico Federal (MPF), os tr\u00eas agindo de \u201cmodo livre, consciente e volunt\u00e1rio\u201d pediram e receberam R$1 milh\u00e3o desviado da Petrobras para a campanha de Gleisi.<\/p>\n<p>O valor foi pago em quatro parcelas por meio de empresas de fachada, do doleiro Alberto Youssef, contratadas pela Petrobras e pelas empresas de Rodrigues. O ex- diretor de Abastecimento da petrol\u00edfera Paulo Roberto Costa teria sido o respons\u00e1vel por liberar os recursos, em busca de apoio para permanecer no cargo.<\/p>\n<p>Em novembro de 2017, a Procuradora-Geral da Rep\u00fablica, Raquel Dodge pediu a condena\u00e7\u00e3o do casal, e o pagamento de R$4 milh\u00f5es como forma de indeniza\u00e7\u00e3o aos cofres p\u00fablicos.<\/p>\n<\/div>\n<\/div>\n<\/div>\n<\/div>\n<\/div>\n<\/div>\n<\/div>\n<\/div>\n","protected":false},"excerpt":{"rendered":"<p>Ministro libera para julgamento a\u00e7\u00e3o contra Gleisi por corrup\u00e7\u00e3o Francine Marquez O ministro Celso de Mello do Supremo Tribunal Federal (STF) liberou, nesta sexta-feira (8), para julgamento a a\u00e7\u00e3o penal contra a senadora e presidente do PT, Gleisi Hoffmann (PR) e seu marido, o ex-ministro petista Paulo Bernardo, que nos tempos de poder eram chamados de \u201cCasal 20\u201d. Ambos s\u00e3o r\u00e9us pelos crimes de lavagem de dinheiro e corrup\u00e7\u00e3o passiva, na Opera\u00e7\u00e3o Lava Jato. A\u00e7\u00e3o ser\u00e1 julgada pela Segunda Turma, agora, acabe ao presidente da Turma ministro Ricardo Lewandowski marcar a data do julgamento. O empres\u00e1rio Ernesto Kugler Rodrigues, tamb\u00e9m ser\u00e1 julgado. De acordo com o Minist\u00e9rio P\u00fablico Federal (MPF), os tr\u00eas agindo de \u201cmodo livre, consciente e volunt\u00e1rio\u201d pediram&hellip; <\/p>\n","protected":false},"author":1,"featured_media":200127,"comment_status":"closed","ping_status":"closed","sticky":false,"template":"","format":"standard","meta":{"_acf_changed":false,"footnotes":""},"categories":[23,1],"tags":[],"class_list":["post-200126","post","type-post","status-publish","format-standard","has-post-thumbnail","hentry","category-justica","category-politica"],"acf":[],"yoast_head":"<!-- This site is optimized with the Yoast SEO plugin v27.4 - https:\/\/yoast.com\/product\/yoast-seo-wordpress\/ -->\n<title>LAVA JATO: CASAL 20 DO PT NAS BARRAS DA JUSTI\u00c7A - Blog do Farn\u00e9sio<\/title>\n<meta name=\"robots\" content=\"index, follow, max-snippet:-1, max-image-preview:large, max-video-preview:-1\" \/>\n<link rel=\"canonical\" href=\"https:\/\/blogdofarnesio.com.br\/?p=200126\" \/>\n<meta property=\"og:locale\" content=\"pt_BR\" \/>\n<meta property=\"og:type\" content=\"article\" \/>\n<meta property=\"og:title\" content=\"LAVA JATO: CASAL 20 DO PT NAS BARRAS DA JUSTI\u00c7A - Blog do Farn\u00e9sio\" \/>\n<meta property=\"og:description\" content=\"Ministro libera para julgamento a\u00e7\u00e3o contra Gleisi por corrup\u00e7\u00e3o Francine Marquez O ministro Celso de Mello do Supremo Tribunal Federal (STF) liberou, nesta sexta-feira (8), para julgamento a a\u00e7\u00e3o penal contra a senadora e presidente do PT, Gleisi Hoffmann (PR) e seu marido, o ex-ministro petista Paulo Bernardo, que nos tempos de poder eram chamados de \u201cCasal 20\u201d. Ambos s\u00e3o r\u00e9us pelos crimes de lavagem de dinheiro e corrup\u00e7\u00e3o passiva, na Opera\u00e7\u00e3o Lava Jato. A\u00e7\u00e3o ser\u00e1 julgada pela Segunda Turma, agora, acabe ao presidente da Turma ministro Ricardo Lewandowski marcar a data do julgamento. O empres\u00e1rio Ernesto Kugler Rodrigues, tamb\u00e9m ser\u00e1 julgado. De acordo com o Minist\u00e9rio P\u00fablico Federal (MPF), os tr\u00eas agindo de \u201cmodo livre, consciente e volunt\u00e1rio\u201d pediram&hellip;\" \/>\n<meta property=\"og:url\" content=\"https:\/\/blogdofarnesio.com.br\/?p=200126\" \/>\n<meta property=\"og:site_name\" content=\"Blog do Farn\u00e9sio\" \/>\n<meta property=\"article:publisher\" content=\"https:\/\/www.facebook.com\/BlogQuerSaberPolitica\/\" \/>\n<meta property=\"article:published_time\" content=\"2018-06-09T11:30:06+00:00\" \/>\n<meta property=\"og:image\" content=\"https:\/\/blogdofarnesio.com.br\/wp-content\/uploads\/2018\/06\/blogqspGleisi-Hoffmann_Paulo-Bernardo_fabio-rodrigues-pozzebom-e1528494655542.jpg\" \/>\n\t<meta property=\"og:image:width\" content=\"624\" \/>\n\t<meta property=\"og:image:height\" content=\"358\" \/>\n\t<meta property=\"og:image:type\" content=\"image\/jpeg\" \/>\n<meta name=\"author\" content=\"Farn\u00e9sio\" \/>\n<meta name=\"twitter:card\" content=\"summary_large_image\" \/>\n<meta name=\"twitter:label1\" content=\"Escrito por\" \/>\n\t<meta name=\"twitter:data1\" content=\"Farn\u00e9sio\" \/>\n\t<meta name=\"twitter:label2\" content=\"Est. tempo de leitura\" \/>\n\t<meta name=\"twitter:data2\" content=\"1 minuto\" \/>\n<script type=\"application\/ld+json\" class=\"yoast-schema-graph\">{\"@context\":\"https:\\\/\\\/schema.org\",\"@graph\":[{\"@type\":\"Article\",\"@id\":\"https:\\\/\\\/blogdofarnesio.com.br\\\/?p=200126#article\",\"isPartOf\":{\"@id\":\"https:\\\/\\\/blogdofarnesio.com.br\\\/?p=200126\"},\"author\":{\"name\":\"Farn\u00e9sio\",\"@id\":\"https:\\\/\\\/blogdofarnesio.com.br\\\/#\\\/schema\\\/person\\\/301c4acf522bccbfdb45af95b5b906a1\"},\"headline\":\"LAVA JATO: CASAL 20 DO PT NAS BARRAS DA JUSTI\u00c7A\",\"datePublished\":\"2018-06-09T11:30:06+00:00\",\"mainEntityOfPage\":{\"@id\":\"https:\\\/\\\/blogdofarnesio.com.br\\\/?p=200126\"},\"wordCount\":240,\"publisher\":{\"@id\":\"https:\\\/\\\/blogdofarnesio.com.br\\\/#organization\"},\"image\":{\"@id\":\"https:\\\/\\\/blogdofarnesio.com.br\\\/?p=200126#primaryimage\"},\"thumbnailUrl\":\"https:\\\/\\\/blogdofarnesio.com.br\\\/wp-content\\\/uploads\\\/2018\\\/06\\\/blogqspGleisi-Hoffmann_Paulo-Bernardo_fabio-rodrigues-pozzebom-e1528494655542.jpg\",\"articleSection\":[\"Justi\u00e7a\",\"Pol\u00edtica\"],\"inLanguage\":\"pt-BR\"},{\"@type\":\"WebPage\",\"@id\":\"https:\\\/\\\/blogdofarnesio.com.br\\\/?p=200126\",\"url\":\"https:\\\/\\\/blogdofarnesio.com.br\\\/?p=200126\",\"name\":\"LAVA JATO: CASAL 20 DO PT NAS BARRAS DA JUSTI\u00c7A - Blog do Farn\u00e9sio\",\"isPartOf\":{\"@id\":\"https:\\\/\\\/blogdofarnesio.com.br\\\/#website\"},\"primaryImageOfPage\":{\"@id\":\"https:\\\/\\\/blogdofarnesio.com.br\\\/?p=200126#primaryimage\"},\"image\":{\"@id\":\"https:\\\/\\\/blogdofarnesio.com.br\\\/?p=200126#primaryimage\"},\"thumbnailUrl\":\"https:\\\/\\\/blogdofarnesio.com.br\\\/wp-content\\\/uploads\\\/2018\\\/06\\\/blogqspGleisi-Hoffmann_Paulo-Bernardo_fabio-rodrigues-pozzebom-e1528494655542.jpg\",\"datePublished\":\"2018-06-09T11:30:06+00:00\",\"breadcrumb\":{\"@id\":\"https:\\\/\\\/blogdofarnesio.com.br\\\/?p=200126#breadcrumb\"},\"inLanguage\":\"pt-BR\",\"potentialAction\":[{\"@type\":\"ReadAction\",\"target\":[\"https:\\\/\\\/blogdofarnesio.com.br\\\/?p=200126\"]}]},{\"@type\":\"ImageObject\",\"inLanguage\":\"pt-BR\",\"@id\":\"https:\\\/\\\/blogdofarnesio.com.br\\\/?p=200126#primaryimage\",\"url\":\"https:\\\/\\\/blogdofarnesio.com.br\\\/wp-content\\\/uploads\\\/2018\\\/06\\\/blogqspGleisi-Hoffmann_Paulo-Bernardo_fabio-rodrigues-pozzebom-e1528494655542.jpg\",\"contentUrl\":\"https:\\\/\\\/blogdofarnesio.com.br\\\/wp-content\\\/uploads\\\/2018\\\/06\\\/blogqspGleisi-Hoffmann_Paulo-Bernardo_fabio-rodrigues-pozzebom-e1528494655542.jpg\",\"width\":624,\"height\":358},{\"@type\":\"BreadcrumbList\",\"@id\":\"https:\\\/\\\/blogdofarnesio.com.br\\\/?p=200126#breadcrumb\",\"itemListElement\":[{\"@type\":\"ListItem\",\"position\":1,\"name\":\"In\u00edcio\",\"item\":\"https:\\\/\\\/blogdofarnesio.com.br\\\/\"},{\"@type\":\"ListItem\",\"position\":2,\"name\":\"LAVA JATO: CASAL 20 DO PT NAS BARRAS DA JUSTI\u00c7A\"}]},{\"@type\":\"WebSite\",\"@id\":\"https:\\\/\\\/blogdofarnesio.com.br\\\/#website\",\"url\":\"https:\\\/\\\/blogdofarnesio.com.br\\\/\",\"name\":\"Blog do Farn\u00e9sio\",\"description\":\"Quer Saber Pol\u00edtica?\",\"publisher\":{\"@id\":\"https:\\\/\\\/blogdofarnesio.com.br\\\/#organization\"},\"potentialAction\":[{\"@type\":\"SearchAction\",\"target\":{\"@type\":\"EntryPoint\",\"urlTemplate\":\"https:\\\/\\\/blogdofarnesio.com.br\\\/?s={search_term_string}\"},\"query-input\":{\"@type\":\"PropertyValueSpecification\",\"valueRequired\":true,\"valueName\":\"search_term_string\"}}],\"inLanguage\":\"pt-BR\"},{\"@type\":\"Organization\",\"@id\":\"https:\\\/\\\/blogdofarnesio.com.br\\\/#organization\",\"name\":\"Blog do Farn\u00e9sio\",\"url\":\"https:\\\/\\\/blogdofarnesio.com.br\\\/\",\"logo\":{\"@type\":\"ImageObject\",\"inLanguage\":\"pt-BR\",\"@id\":\"https:\\\/\\\/blogdofarnesio.com.br\\\/#\\\/schema\\\/logo\\\/image\\\/\",\"url\":\"https:\\\/\\\/blogdofarnesio.com.br\\\/wp-content\\\/uploads\\\/2026\\\/03\\\/cropped-logo_new-1.png\",\"contentUrl\":\"https:\\\/\\\/blogdofarnesio.com.br\\\/wp-content\\\/uploads\\\/2026\\\/03\\\/cropped-logo_new-1.png\",\"width\":881,\"height\":685,\"caption\":\"Blog do Farn\u00e9sio\"},\"image\":{\"@id\":\"https:\\\/\\\/blogdofarnesio.com.br\\\/#\\\/schema\\\/logo\\\/image\\\/\"},\"sameAs\":[\"https:\\\/\\\/www.facebook.com\\\/BlogQuerSaberPolitica\\\/\"]},{\"@type\":\"Person\",\"@id\":\"https:\\\/\\\/blogdofarnesio.com.br\\\/#\\\/schema\\\/person\\\/301c4acf522bccbfdb45af95b5b906a1\",\"name\":\"Farn\u00e9sio\",\"image\":{\"@type\":\"ImageObject\",\"inLanguage\":\"pt-BR\",\"@id\":\"https:\\\/\\\/secure.gravatar.com\\\/avatar\\\/df0c9a14567c056f8ad6876ba5bbd1e3e2c48023eb6807342fc4663adf549f38?s=96&d=mm&r=g\",\"url\":\"https:\\\/\\\/secure.gravatar.com\\\/avatar\\\/df0c9a14567c056f8ad6876ba5bbd1e3e2c48023eb6807342fc4663adf549f38?s=96&d=mm&r=g\",\"contentUrl\":\"https:\\\/\\\/secure.gravatar.com\\\/avatar\\\/df0c9a14567c056f8ad6876ba5bbd1e3e2c48023eb6807342fc4663adf549f38?s=96&d=mm&r=g\",\"caption\":\"Farn\u00e9sio\"},\"sameAs\":[\"https:\\\/\\\/quersaberpolitica.com.br\"],\"url\":\"https:\\\/\\\/blogdofarnesio.com.br\\\/?author=1\"}]}<\/script>\n<!-- \/ Yoast SEO plugin. -->","yoast_head_json":{"title":"LAVA JATO: CASAL 20 DO PT NAS BARRAS DA JUSTI\u00c7A - Blog do Farn\u00e9sio","robots":{"index":"index","follow":"follow","max-snippet":"max-snippet:-1","max-image-preview":"max-image-preview:large","max-video-preview":"max-video-preview:-1"},"canonical":"https:\/\/blogdofarnesio.com.br\/?p=200126","og_locale":"pt_BR","og_type":"article","og_title":"LAVA JATO: CASAL 20 DO PT NAS BARRAS DA JUSTI\u00c7A - Blog do Farn\u00e9sio","og_description":"Ministro libera para julgamento a\u00e7\u00e3o contra Gleisi por corrup\u00e7\u00e3o Francine Marquez O ministro Celso de Mello do Supremo Tribunal Federal (STF) liberou, nesta sexta-feira (8), para julgamento a a\u00e7\u00e3o penal contra a senadora e presidente do PT, Gleisi Hoffmann (PR) e seu marido, o ex-ministro petista Paulo Bernardo, que nos tempos de poder eram chamados de \u201cCasal 20\u201d. Ambos s\u00e3o r\u00e9us pelos crimes de lavagem de dinheiro e corrup\u00e7\u00e3o passiva, na Opera\u00e7\u00e3o Lava Jato. A\u00e7\u00e3o ser\u00e1 julgada pela Segunda Turma, agora, acabe ao presidente da Turma ministro Ricardo Lewandowski marcar a data do julgamento. O empres\u00e1rio Ernesto Kugler Rodrigues, tamb\u00e9m ser\u00e1 julgado. De acordo com o Minist\u00e9rio P\u00fablico Federal (MPF), os tr\u00eas agindo de \u201cmodo livre, consciente e volunt\u00e1rio\u201d pediram&hellip;","og_url":"https:\/\/blogdofarnesio.com.br\/?p=200126","og_site_name":"Blog do Farn\u00e9sio","article_publisher":"https:\/\/www.facebook.com\/BlogQuerSaberPolitica\/","article_published_time":"2018-06-09T11:30:06+00:00","og_image":[{"width":624,"height":358,"url":"https:\/\/blogdofarnesio.com.br\/wp-content\/uploads\/2018\/06\/blogqspGleisi-Hoffmann_Paulo-Bernardo_fabio-rodrigues-pozzebom-e1528494655542.jpg","type":"image\/jpeg"}],"author":"Farn\u00e9sio","twitter_card":"summary_large_image","twitter_misc":{"Escrito por":"Farn\u00e9sio","Est. tempo de leitura":"1 minuto"},"schema":{"@context":"https:\/\/schema.org","@graph":[{"@type":"Article","@id":"https:\/\/blogdofarnesio.com.br\/?p=200126#article","isPartOf":{"@id":"https:\/\/blogdofarnesio.com.br\/?p=200126"},"author":{"name":"Farn\u00e9sio","@id":"https:\/\/blogdofarnesio.com.br\/#\/schema\/person\/301c4acf522bccbfdb45af95b5b906a1"},"headline":"LAVA JATO: CASAL 20 DO PT NAS BARRAS DA JUSTI\u00c7A","datePublished":"2018-06-09T11:30:06+00:00","mainEntityOfPage":{"@id":"https:\/\/blogdofarnesio.com.br\/?p=200126"},"wordCount":240,"publisher":{"@id":"https:\/\/blogdofarnesio.com.br\/#organization"},"image":{"@id":"https:\/\/blogdofarnesio.com.br\/?p=200126#primaryimage"},"thumbnailUrl":"https:\/\/blogdofarnesio.com.br\/wp-content\/uploads\/2018\/06\/blogqspGleisi-Hoffmann_Paulo-Bernardo_fabio-rodrigues-pozzebom-e1528494655542.jpg","articleSection":["Justi\u00e7a","Pol\u00edtica"],"inLanguage":"pt-BR"},{"@type":"WebPage","@id":"https:\/\/blogdofarnesio.com.br\/?p=200126","url":"https:\/\/blogdofarnesio.com.br\/?p=200126","name":"LAVA JATO: CASAL 20 DO PT NAS BARRAS DA JUSTI\u00c7A - Blog do Farn\u00e9sio","isPartOf":{"@id":"https:\/\/blogdofarnesio.com.br\/#website"},"primaryImageOfPage":{"@id":"https:\/\/blogdofarnesio.com.br\/?p=200126#primaryimage"},"image":{"@id":"https:\/\/blogdofarnesio.com.br\/?p=200126#primaryimage"},"thumbnailUrl":"https:\/\/blogdofarnesio.com.br\/wp-content\/uploads\/2018\/06\/blogqspGleisi-Hoffmann_Paulo-Bernardo_fabio-rodrigues-pozzebom-e1528494655542.jpg","datePublished":"2018-06-09T11:30:06+00:00","breadcrumb":{"@id":"https:\/\/blogdofarnesio.com.br\/?p=200126#breadcrumb"},"inLanguage":"pt-BR","potentialAction":[{"@type":"ReadAction","target":["https:\/\/blogdofarnesio.com.br\/?p=200126"]}]},{"@type":"ImageObject","inLanguage":"pt-BR","@id":"https:\/\/blogdofarnesio.com.br\/?p=200126#primaryimage","url":"https:\/\/blogdofarnesio.com.br\/wp-content\/uploads\/2018\/06\/blogqspGleisi-Hoffmann_Paulo-Bernardo_fabio-rodrigues-pozzebom-e1528494655542.jpg","contentUrl":"https:\/\/blogdofarnesio.com.br\/wp-content\/uploads\/2018\/06\/blogqspGleisi-Hoffmann_Paulo-Bernardo_fabio-rodrigues-pozzebom-e1528494655542.jpg","width":624,"height":358},{"@type":"BreadcrumbList","@id":"https:\/\/blogdofarnesio.com.br\/?p=200126#breadcrumb","itemListElement":[{"@type":"ListItem","position":1,"name":"In\u00edcio","item":"https:\/\/blogdofarnesio.com.br\/"},{"@type":"ListItem","position":2,"name":"LAVA JATO: CASAL 20 DO PT NAS BARRAS DA JUSTI\u00c7A"}]},{"@type":"WebSite","@id":"https:\/\/blogdofarnesio.com.br\/#website","url":"https:\/\/blogdofarnesio.com.br\/","name":"Blog do Farn\u00e9sio","description":"Quer Saber Pol\u00edtica?","publisher":{"@id":"https:\/\/blogdofarnesio.com.br\/#organization"},"potentialAction":[{"@type":"SearchAction","target":{"@type":"EntryPoint","urlTemplate":"https:\/\/blogdofarnesio.com.br\/?s={search_term_string}"},"query-input":{"@type":"PropertyValueSpecification","valueRequired":true,"valueName":"search_term_string"}}],"inLanguage":"pt-BR"},{"@type":"Organization","@id":"https:\/\/blogdofarnesio.com.br\/#organization","name":"Blog do Farn\u00e9sio","url":"https:\/\/blogdofarnesio.com.br\/","logo":{"@type":"ImageObject","inLanguage":"pt-BR","@id":"https:\/\/blogdofarnesio.com.br\/#\/schema\/logo\/image\/","url":"https:\/\/blogdofarnesio.com.br\/wp-content\/uploads\/2026\/03\/cropped-logo_new-1.png","contentUrl":"https:\/\/blogdofarnesio.com.br\/wp-content\/uploads\/2026\/03\/cropped-logo_new-1.png","width":881,"height":685,"caption":"Blog do Farn\u00e9sio"},"image":{"@id":"https:\/\/blogdofarnesio.com.br\/#\/schema\/logo\/image\/"},"sameAs":["https:\/\/www.facebook.com\/BlogQuerSaberPolitica\/"]},{"@type":"Person","@id":"https:\/\/blogdofarnesio.com.br\/#\/schema\/person\/301c4acf522bccbfdb45af95b5b906a1","name":"Farn\u00e9sio","image":{"@type":"ImageObject","inLanguage":"pt-BR","@id":"https:\/\/secure.gravatar.com\/avatar\/df0c9a14567c056f8ad6876ba5bbd1e3e2c48023eb6807342fc4663adf549f38?s=96&d=mm&r=g","url":"https:\/\/secure.gravatar.com\/avatar\/df0c9a14567c056f8ad6876ba5bbd1e3e2c48023eb6807342fc4663adf549f38?s=96&d=mm&r=g","contentUrl":"https:\/\/secure.gravatar.com\/avatar\/df0c9a14567c056f8ad6876ba5bbd1e3e2c48023eb6807342fc4663adf549f38?s=96&d=mm&r=g","caption":"Farn\u00e9sio"},"sameAs":["https:\/\/quersaberpolitica.com.br"],"url":"https:\/\/blogdofarnesio.com.br\/?author=1"}]}},"_links":{"self":[{"href":"https:\/\/blogdofarnesio.com.br\/index.php?rest_route=\/wp\/v2\/posts\/200126","targetHints":{"allow":["GET"]}}],"collection":[{"href":"https:\/\/blogdofarnesio.com.br\/index.php?rest_route=\/wp\/v2\/posts"}],"about":[{"href":"https:\/\/blogdofarnesio.com.br\/index.php?rest_route=\/wp\/v2\/types\/post"}],"author":[{"embeddable":true,"href":"https:\/\/blogdofarnesio.com.br\/index.php?rest_route=\/wp\/v2\/users\/1"}],"replies":[{"embeddable":true,"href":"https:\/\/blogdofarnesio.com.br\/index.php?rest_route=%2Fwp%2Fv2%2Fcomments&post=200126"}],"version-history":[{"count":0,"href":"https:\/\/blogdofarnesio.com.br\/index.php?rest_route=\/wp\/v2\/posts\/200126\/revisions"}],"wp:featuredmedia":[{"embeddable":true,"href":"https:\/\/blogdofarnesio.com.br\/index.php?rest_route=\/wp\/v2\/media\/200127"}],"wp:attachment":[{"href":"https:\/\/blogdofarnesio.com.br\/index.php?rest_route=%2Fwp%2Fv2%2Fmedia&parent=200126"}],"wp:term":[{"taxonomy":"category","embeddable":true,"href":"https:\/\/blogdofarnesio.com.br\/index.php?rest_route=%2Fwp%2Fv2%2Fcategories&post=200126"},{"taxonomy":"post_tag","embeddable":true,"href":"https:\/\/blogdofarnesio.com.br\/index.php?rest_route=%2Fwp%2Fv2%2Ftags&post=200126"}],"curies":[{"name":"wp","href":"https:\/\/api.w.org\/{rel}","templated":true}]}}