{"id":200114,"date":"2018-06-09T10:00:26","date_gmt":"2018-06-09T13:00:26","guid":{"rendered":"http:\/\/quersaberpolitica.com.br\/2016\/?p=200114"},"modified":"2018-06-08T18:38:21","modified_gmt":"2018-06-08T21:38:21","slug":"projeto-meu-bairro-melhor-da-sesp-chega-ao-residencial-mairi","status":"publish","type":"post","link":"https:\/\/blogdofarnesio.com.br\/?p=200114","title":{"rendered":"PROJETO MEU BAIRRO MELHOR DA SESP CHEGA AO RESIDENCIAL MAIRI"},"content":{"rendered":"<p style=\"text-align: justify;\">Dentro do Programa \u2018Cuidar da Gente\u2019, a Secretaria de Servi\u00e7os P\u00fablicos (SESP) de Juazeiro levou o projeto Meu Bairro Melhor nesta sexta-feira (08), ao Residencial Mairi. Est\u00e3o sendo executados os servi\u00e7os de mutir\u00e3o de limpeza, com capina\u00e7\u00e3o, varri\u00e7\u00e3o, recolhimento de entulho e lixo, pintura de meio fio, melhoria na ilumina\u00e7\u00e3o p\u00fablica e poda de \u00e1rvores.<\/p>\n<p style=\"text-align: justify;\">A dona de casa, Maria J\u00falia da Silva, fala da satisfa\u00e7\u00e3o da chegada do Programa ao Residencial. \u201cAchei muito bacana a ideia da Prefeitura em trazer v\u00e1rias secretarias para atuar aqui. O projeto da SESP \u00e9 muito importante, porque traz grandes melhorias ao nosso Residencial. Agrade\u00e7o a equipe por estar preocupada em deixar nossa cidade mais limpa e conservada\u201d, falou Maria.<\/p>\n<p style=\"text-align: justify;\">Morador do Residencial Mairi h\u00e1 dois anos, J\u00falio Rafael dos Santos comemorou o in\u00edcio dos servi\u00e7os. \u201cA gest\u00e3o do prefeito Paulo Bomfim est\u00e1 de parab\u00e9ns. O Mairi merece receber a\u00e7\u00f5es como essa. N\u00e3o custa nada cada morador fazer a sua parte, n\u00e3o jogando lixo em locais indevidos. Temos que somar esfor\u00e7os com a prefeitura\u201d, frisou J\u00falio.<\/p>\n<p style=\"text-align: justify;\">O secret\u00e1rio de Servi\u00e7os P\u00fablicos Celso Leal, explica que as equipes t\u00eam realizado um levantamento sobre a situa\u00e7\u00e3o de cada Residencial e Bairro da cidade, para direcionar os servi\u00e7os que ser\u00e3o realizados nos locais. \u201cNosso objetivo \u00e9 agilizar os trabalhos e atender com maior efici\u00eancia as necessidades da popula\u00e7\u00e3o. A determina\u00e7\u00e3o do prefeito Paulo Bomfim \u00e9 para n\u00f3s cuidarmos de Juazeiro para que se torne cada vez mais uma marca em qualidade de vida\u201d, enfatizou. Celso Leal lembra ainda que o projeto Meu Bairro Melhor j\u00e1 atendeu: Tabuleiro, S\u00e3o Geraldo, Vila Tiradentes, Pedra do Lorde, Alto do Cruzeiro, Residencial S\u00e3o Francisco e Jo\u00e3o XXIII.<\/p>\n<p style=\"text-align: justify;\">A SESP disponibiliza o n\u00famero de telefone 3612 5411, onde a popula\u00e7\u00e3o pode ligar para realizar pedido de atendimento ou esclarecer quaisquer d\u00favidas. A solicita\u00e7\u00e3o pode ser feita de segunda a sexta-feira, das 8h \u00e0s 12h e das 14h \u00e0s 18h.<\/p>\n<p>Por Luzete Nobre<strong>\/SESP<\/strong><\/p>\n","protected":false},"excerpt":{"rendered":"<p>Dentro do Programa \u2018Cuidar da Gente\u2019, a Secretaria de Servi\u00e7os P\u00fablicos (SESP) de Juazeiro levou o projeto Meu Bairro Melhor nesta sexta-feira (08), ao Residencial Mairi. Est\u00e3o sendo executados os servi\u00e7os de mutir\u00e3o de limpeza, com capina\u00e7\u00e3o, varri\u00e7\u00e3o, recolhimento de entulho e lixo, pintura de meio fio, melhoria na ilumina\u00e7\u00e3o p\u00fablica e poda de \u00e1rvores. A dona de casa, Maria J\u00falia da Silva, fala da satisfa\u00e7\u00e3o da chegada do Programa ao Residencial. \u201cAchei muito bacana a ideia da Prefeitura em trazer v\u00e1rias secretarias para atuar aqui. O projeto da SESP \u00e9 muito importante, porque traz grandes melhorias ao nosso Residencial. Agrade\u00e7o a equipe por estar preocupada em deixar nossa cidade mais limpa e conservada\u201d, falou Maria. Morador do Residencial Mairi&hellip; <\/p>\n","protected":false},"author":1,"featured_media":200115,"comment_status":"closed","ping_status":"closed","sticky":false,"template":"","format":"standard","meta":{"_acf_changed":false,"footnotes":""},"categories":[44],"tags":[],"class_list":["post-200114","post","type-post","status-publish","format-standard","has-post-thumbnail","hentry","category-administracao"],"acf":[],"yoast_head":"<!-- This site is optimized with the Yoast SEO plugin v27.4 - https:\/\/yoast.com\/product\/yoast-seo-wordpress\/ -->\n<title>PROJETO MEU BAIRRO MELHOR DA SESP CHEGA AO RESIDENCIAL MAIRI - Blog do Farn\u00e9sio<\/title>\n<meta name=\"robots\" content=\"index, follow, max-snippet:-1, max-image-preview:large, max-video-preview:-1\" \/>\n<link rel=\"canonical\" href=\"https:\/\/blogdofarnesio.com.br\/?p=200114\" \/>\n<meta property=\"og:locale\" content=\"pt_BR\" \/>\n<meta property=\"og:type\" content=\"article\" \/>\n<meta property=\"og:title\" content=\"PROJETO MEU BAIRRO MELHOR DA SESP CHEGA AO RESIDENCIAL MAIRI - Blog do Farn\u00e9sio\" \/>\n<meta property=\"og:description\" content=\"Dentro do Programa \u2018Cuidar da Gente\u2019, a Secretaria de Servi\u00e7os P\u00fablicos (SESP) de Juazeiro levou o projeto Meu Bairro Melhor nesta sexta-feira (08), ao Residencial Mairi. Est\u00e3o sendo executados os servi\u00e7os de mutir\u00e3o de limpeza, com capina\u00e7\u00e3o, varri\u00e7\u00e3o, recolhimento de entulho e lixo, pintura de meio fio, melhoria na ilumina\u00e7\u00e3o p\u00fablica e poda de \u00e1rvores. A dona de casa, Maria J\u00falia da Silva, fala da satisfa\u00e7\u00e3o da chegada do Programa ao Residencial. \u201cAchei muito bacana a ideia da Prefeitura em trazer v\u00e1rias secretarias para atuar aqui. O projeto da SESP \u00e9 muito importante, porque traz grandes melhorias ao nosso Residencial. Agrade\u00e7o a equipe por estar preocupada em deixar nossa cidade mais limpa e conservada\u201d, falou Maria. Morador do Residencial Mairi&hellip;\" \/>\n<meta property=\"og:url\" content=\"https:\/\/blogdofarnesio.com.br\/?p=200114\" \/>\n<meta property=\"og:site_name\" content=\"Blog do Farn\u00e9sio\" \/>\n<meta property=\"article:publisher\" content=\"https:\/\/www.facebook.com\/BlogQuerSaberPolitica\/\" \/>\n<meta property=\"article:published_time\" content=\"2018-06-09T13:00:26+00:00\" \/>\n<meta property=\"og:image\" content=\"https:\/\/blogdofarnesio.com.br\/wp-content\/uploads\/2018\/06\/blogqsp-MBMelhor-Res-Mairi-4.jpeg\" \/>\n\t<meta property=\"og:image:width\" content=\"640\" \/>\n\t<meta property=\"og:image:height\" content=\"455\" \/>\n\t<meta property=\"og:image:type\" content=\"image\/jpeg\" \/>\n<meta name=\"author\" content=\"Farn\u00e9sio\" \/>\n<meta name=\"twitter:card\" content=\"summary_large_image\" \/>\n<meta name=\"twitter:label1\" content=\"Escrito por\" \/>\n\t<meta name=\"twitter:data1\" content=\"Farn\u00e9sio\" \/>\n\t<meta name=\"twitter:label2\" content=\"Est. tempo de leitura\" \/>\n\t<meta name=\"twitter:data2\" content=\"2 minutos\" \/>\n<script type=\"application\/ld+json\" class=\"yoast-schema-graph\">{\"@context\":\"https:\\\/\\\/schema.org\",\"@graph\":[{\"@type\":\"Article\",\"@id\":\"https:\\\/\\\/blogdofarnesio.com.br\\\/?p=200114#article\",\"isPartOf\":{\"@id\":\"https:\\\/\\\/blogdofarnesio.com.br\\\/?p=200114\"},\"author\":{\"name\":\"Farn\u00e9sio\",\"@id\":\"https:\\\/\\\/blogdofarnesio.com.br\\\/#\\\/schema\\\/person\\\/301c4acf522bccbfdb45af95b5b906a1\"},\"headline\":\"PROJETO MEU BAIRRO MELHOR DA SESP CHEGA AO RESIDENCIAL MAIRI\",\"datePublished\":\"2018-06-09T13:00:26+00:00\",\"mainEntityOfPage\":{\"@id\":\"https:\\\/\\\/blogdofarnesio.com.br\\\/?p=200114\"},\"wordCount\":366,\"publisher\":{\"@id\":\"https:\\\/\\\/blogdofarnesio.com.br\\\/#organization\"},\"image\":{\"@id\":\"https:\\\/\\\/blogdofarnesio.com.br\\\/?p=200114#primaryimage\"},\"thumbnailUrl\":\"https:\\\/\\\/blogdofarnesio.com.br\\\/wp-content\\\/uploads\\\/2018\\\/06\\\/blogqsp-MBMelhor-Res-Mairi-4.jpeg\",\"articleSection\":[\"Administra\u00e7\u00e3o\"],\"inLanguage\":\"pt-BR\"},{\"@type\":\"WebPage\",\"@id\":\"https:\\\/\\\/blogdofarnesio.com.br\\\/?p=200114\",\"url\":\"https:\\\/\\\/blogdofarnesio.com.br\\\/?p=200114\",\"name\":\"PROJETO MEU BAIRRO MELHOR DA SESP CHEGA AO RESIDENCIAL MAIRI - Blog do Farn\u00e9sio\",\"isPartOf\":{\"@id\":\"https:\\\/\\\/blogdofarnesio.com.br\\\/#website\"},\"primaryImageOfPage\":{\"@id\":\"https:\\\/\\\/blogdofarnesio.com.br\\\/?p=200114#primaryimage\"},\"image\":{\"@id\":\"https:\\\/\\\/blogdofarnesio.com.br\\\/?p=200114#primaryimage\"},\"thumbnailUrl\":\"https:\\\/\\\/blogdofarnesio.com.br\\\/wp-content\\\/uploads\\\/2018\\\/06\\\/blogqsp-MBMelhor-Res-Mairi-4.jpeg\",\"datePublished\":\"2018-06-09T13:00:26+00:00\",\"breadcrumb\":{\"@id\":\"https:\\\/\\\/blogdofarnesio.com.br\\\/?p=200114#breadcrumb\"},\"inLanguage\":\"pt-BR\",\"potentialAction\":[{\"@type\":\"ReadAction\",\"target\":[\"https:\\\/\\\/blogdofarnesio.com.br\\\/?p=200114\"]}]},{\"@type\":\"ImageObject\",\"inLanguage\":\"pt-BR\",\"@id\":\"https:\\\/\\\/blogdofarnesio.com.br\\\/?p=200114#primaryimage\",\"url\":\"https:\\\/\\\/blogdofarnesio.com.br\\\/wp-content\\\/uploads\\\/2018\\\/06\\\/blogqsp-MBMelhor-Res-Mairi-4.jpeg\",\"contentUrl\":\"https:\\\/\\\/blogdofarnesio.com.br\\\/wp-content\\\/uploads\\\/2018\\\/06\\\/blogqsp-MBMelhor-Res-Mairi-4.jpeg\",\"width\":640,\"height\":455},{\"@type\":\"BreadcrumbList\",\"@id\":\"https:\\\/\\\/blogdofarnesio.com.br\\\/?p=200114#breadcrumb\",\"itemListElement\":[{\"@type\":\"ListItem\",\"position\":1,\"name\":\"In\u00edcio\",\"item\":\"https:\\\/\\\/blogdofarnesio.com.br\\\/\"},{\"@type\":\"ListItem\",\"position\":2,\"name\":\"PROJETO MEU BAIRRO MELHOR DA SESP CHEGA AO RESIDENCIAL MAIRI\"}]},{\"@type\":\"WebSite\",\"@id\":\"https:\\\/\\\/blogdofarnesio.com.br\\\/#website\",\"url\":\"https:\\\/\\\/blogdofarnesio.com.br\\\/\",\"name\":\"Blog do Farn\u00e9sio\",\"description\":\"Quer Saber Pol\u00edtica?\",\"publisher\":{\"@id\":\"https:\\\/\\\/blogdofarnesio.com.br\\\/#organization\"},\"potentialAction\":[{\"@type\":\"SearchAction\",\"target\":{\"@type\":\"EntryPoint\",\"urlTemplate\":\"https:\\\/\\\/blogdofarnesio.com.br\\\/?s={search_term_string}\"},\"query-input\":{\"@type\":\"PropertyValueSpecification\",\"valueRequired\":true,\"valueName\":\"search_term_string\"}}],\"inLanguage\":\"pt-BR\"},{\"@type\":\"Organization\",\"@id\":\"https:\\\/\\\/blogdofarnesio.com.br\\\/#organization\",\"name\":\"Blog do Farn\u00e9sio\",\"url\":\"https:\\\/\\\/blogdofarnesio.com.br\\\/\",\"logo\":{\"@type\":\"ImageObject\",\"inLanguage\":\"pt-BR\",\"@id\":\"https:\\\/\\\/blogdofarnesio.com.br\\\/#\\\/schema\\\/logo\\\/image\\\/\",\"url\":\"https:\\\/\\\/blogdofarnesio.com.br\\\/wp-content\\\/uploads\\\/2026\\\/03\\\/cropped-logo_new-1.png\",\"contentUrl\":\"https:\\\/\\\/blogdofarnesio.com.br\\\/wp-content\\\/uploads\\\/2026\\\/03\\\/cropped-logo_new-1.png\",\"width\":881,\"height\":685,\"caption\":\"Blog do Farn\u00e9sio\"},\"image\":{\"@id\":\"https:\\\/\\\/blogdofarnesio.com.br\\\/#\\\/schema\\\/logo\\\/image\\\/\"},\"sameAs\":[\"https:\\\/\\\/www.facebook.com\\\/BlogQuerSaberPolitica\\\/\"]},{\"@type\":\"Person\",\"@id\":\"https:\\\/\\\/blogdofarnesio.com.br\\\/#\\\/schema\\\/person\\\/301c4acf522bccbfdb45af95b5b906a1\",\"name\":\"Farn\u00e9sio\",\"image\":{\"@type\":\"ImageObject\",\"inLanguage\":\"pt-BR\",\"@id\":\"https:\\\/\\\/secure.gravatar.com\\\/avatar\\\/df0c9a14567c056f8ad6876ba5bbd1e3e2c48023eb6807342fc4663adf549f38?s=96&d=mm&r=g\",\"url\":\"https:\\\/\\\/secure.gravatar.com\\\/avatar\\\/df0c9a14567c056f8ad6876ba5bbd1e3e2c48023eb6807342fc4663adf549f38?s=96&d=mm&r=g\",\"contentUrl\":\"https:\\\/\\\/secure.gravatar.com\\\/avatar\\\/df0c9a14567c056f8ad6876ba5bbd1e3e2c48023eb6807342fc4663adf549f38?s=96&d=mm&r=g\",\"caption\":\"Farn\u00e9sio\"},\"sameAs\":[\"https:\\\/\\\/quersaberpolitica.com.br\"],\"url\":\"https:\\\/\\\/blogdofarnesio.com.br\\\/?author=1\"}]}<\/script>\n<!-- \/ Yoast SEO plugin. -->","yoast_head_json":{"title":"PROJETO MEU BAIRRO MELHOR DA SESP CHEGA AO RESIDENCIAL MAIRI - Blog do Farn\u00e9sio","robots":{"index":"index","follow":"follow","max-snippet":"max-snippet:-1","max-image-preview":"max-image-preview:large","max-video-preview":"max-video-preview:-1"},"canonical":"https:\/\/blogdofarnesio.com.br\/?p=200114","og_locale":"pt_BR","og_type":"article","og_title":"PROJETO MEU BAIRRO MELHOR DA SESP CHEGA AO RESIDENCIAL MAIRI - Blog do Farn\u00e9sio","og_description":"Dentro do Programa \u2018Cuidar da Gente\u2019, a Secretaria de Servi\u00e7os P\u00fablicos (SESP) de Juazeiro levou o projeto Meu Bairro Melhor nesta sexta-feira (08), ao Residencial Mairi. Est\u00e3o sendo executados os servi\u00e7os de mutir\u00e3o de limpeza, com capina\u00e7\u00e3o, varri\u00e7\u00e3o, recolhimento de entulho e lixo, pintura de meio fio, melhoria na ilumina\u00e7\u00e3o p\u00fablica e poda de \u00e1rvores. A dona de casa, Maria J\u00falia da Silva, fala da satisfa\u00e7\u00e3o da chegada do Programa ao Residencial. \u201cAchei muito bacana a ideia da Prefeitura em trazer v\u00e1rias secretarias para atuar aqui. O projeto da SESP \u00e9 muito importante, porque traz grandes melhorias ao nosso Residencial. Agrade\u00e7o a equipe por estar preocupada em deixar nossa cidade mais limpa e conservada\u201d, falou Maria. Morador do Residencial Mairi&hellip;","og_url":"https:\/\/blogdofarnesio.com.br\/?p=200114","og_site_name":"Blog do Farn\u00e9sio","article_publisher":"https:\/\/www.facebook.com\/BlogQuerSaberPolitica\/","article_published_time":"2018-06-09T13:00:26+00:00","og_image":[{"width":640,"height":455,"url":"https:\/\/blogdofarnesio.com.br\/wp-content\/uploads\/2018\/06\/blogqsp-MBMelhor-Res-Mairi-4.jpeg","type":"image\/jpeg"}],"author":"Farn\u00e9sio","twitter_card":"summary_large_image","twitter_misc":{"Escrito por":"Farn\u00e9sio","Est. tempo de leitura":"2 minutos"},"schema":{"@context":"https:\/\/schema.org","@graph":[{"@type":"Article","@id":"https:\/\/blogdofarnesio.com.br\/?p=200114#article","isPartOf":{"@id":"https:\/\/blogdofarnesio.com.br\/?p=200114"},"author":{"name":"Farn\u00e9sio","@id":"https:\/\/blogdofarnesio.com.br\/#\/schema\/person\/301c4acf522bccbfdb45af95b5b906a1"},"headline":"PROJETO MEU BAIRRO MELHOR DA SESP CHEGA AO RESIDENCIAL MAIRI","datePublished":"2018-06-09T13:00:26+00:00","mainEntityOfPage":{"@id":"https:\/\/blogdofarnesio.com.br\/?p=200114"},"wordCount":366,"publisher":{"@id":"https:\/\/blogdofarnesio.com.br\/#organization"},"image":{"@id":"https:\/\/blogdofarnesio.com.br\/?p=200114#primaryimage"},"thumbnailUrl":"https:\/\/blogdofarnesio.com.br\/wp-content\/uploads\/2018\/06\/blogqsp-MBMelhor-Res-Mairi-4.jpeg","articleSection":["Administra\u00e7\u00e3o"],"inLanguage":"pt-BR"},{"@type":"WebPage","@id":"https:\/\/blogdofarnesio.com.br\/?p=200114","url":"https:\/\/blogdofarnesio.com.br\/?p=200114","name":"PROJETO MEU BAIRRO MELHOR DA SESP CHEGA AO RESIDENCIAL MAIRI - Blog do Farn\u00e9sio","isPartOf":{"@id":"https:\/\/blogdofarnesio.com.br\/#website"},"primaryImageOfPage":{"@id":"https:\/\/blogdofarnesio.com.br\/?p=200114#primaryimage"},"image":{"@id":"https:\/\/blogdofarnesio.com.br\/?p=200114#primaryimage"},"thumbnailUrl":"https:\/\/blogdofarnesio.com.br\/wp-content\/uploads\/2018\/06\/blogqsp-MBMelhor-Res-Mairi-4.jpeg","datePublished":"2018-06-09T13:00:26+00:00","breadcrumb":{"@id":"https:\/\/blogdofarnesio.com.br\/?p=200114#breadcrumb"},"inLanguage":"pt-BR","potentialAction":[{"@type":"ReadAction","target":["https:\/\/blogdofarnesio.com.br\/?p=200114"]}]},{"@type":"ImageObject","inLanguage":"pt-BR","@id":"https:\/\/blogdofarnesio.com.br\/?p=200114#primaryimage","url":"https:\/\/blogdofarnesio.com.br\/wp-content\/uploads\/2018\/06\/blogqsp-MBMelhor-Res-Mairi-4.jpeg","contentUrl":"https:\/\/blogdofarnesio.com.br\/wp-content\/uploads\/2018\/06\/blogqsp-MBMelhor-Res-Mairi-4.jpeg","width":640,"height":455},{"@type":"BreadcrumbList","@id":"https:\/\/blogdofarnesio.com.br\/?p=200114#breadcrumb","itemListElement":[{"@type":"ListItem","position":1,"name":"In\u00edcio","item":"https:\/\/blogdofarnesio.com.br\/"},{"@type":"ListItem","position":2,"name":"PROJETO MEU BAIRRO MELHOR DA SESP CHEGA AO RESIDENCIAL MAIRI"}]},{"@type":"WebSite","@id":"https:\/\/blogdofarnesio.com.br\/#website","url":"https:\/\/blogdofarnesio.com.br\/","name":"Blog do Farn\u00e9sio","description":"Quer Saber Pol\u00edtica?","publisher":{"@id":"https:\/\/blogdofarnesio.com.br\/#organization"},"potentialAction":[{"@type":"SearchAction","target":{"@type":"EntryPoint","urlTemplate":"https:\/\/blogdofarnesio.com.br\/?s={search_term_string}"},"query-input":{"@type":"PropertyValueSpecification","valueRequired":true,"valueName":"search_term_string"}}],"inLanguage":"pt-BR"},{"@type":"Organization","@id":"https:\/\/blogdofarnesio.com.br\/#organization","name":"Blog do Farn\u00e9sio","url":"https:\/\/blogdofarnesio.com.br\/","logo":{"@type":"ImageObject","inLanguage":"pt-BR","@id":"https:\/\/blogdofarnesio.com.br\/#\/schema\/logo\/image\/","url":"https:\/\/blogdofarnesio.com.br\/wp-content\/uploads\/2026\/03\/cropped-logo_new-1.png","contentUrl":"https:\/\/blogdofarnesio.com.br\/wp-content\/uploads\/2026\/03\/cropped-logo_new-1.png","width":881,"height":685,"caption":"Blog do Farn\u00e9sio"},"image":{"@id":"https:\/\/blogdofarnesio.com.br\/#\/schema\/logo\/image\/"},"sameAs":["https:\/\/www.facebook.com\/BlogQuerSaberPolitica\/"]},{"@type":"Person","@id":"https:\/\/blogdofarnesio.com.br\/#\/schema\/person\/301c4acf522bccbfdb45af95b5b906a1","name":"Farn\u00e9sio","image":{"@type":"ImageObject","inLanguage":"pt-BR","@id":"https:\/\/secure.gravatar.com\/avatar\/df0c9a14567c056f8ad6876ba5bbd1e3e2c48023eb6807342fc4663adf549f38?s=96&d=mm&r=g","url":"https:\/\/secure.gravatar.com\/avatar\/df0c9a14567c056f8ad6876ba5bbd1e3e2c48023eb6807342fc4663adf549f38?s=96&d=mm&r=g","contentUrl":"https:\/\/secure.gravatar.com\/avatar\/df0c9a14567c056f8ad6876ba5bbd1e3e2c48023eb6807342fc4663adf549f38?s=96&d=mm&r=g","caption":"Farn\u00e9sio"},"sameAs":["https:\/\/quersaberpolitica.com.br"],"url":"https:\/\/blogdofarnesio.com.br\/?author=1"}]}},"_links":{"self":[{"href":"https:\/\/blogdofarnesio.com.br\/index.php?rest_route=\/wp\/v2\/posts\/200114","targetHints":{"allow":["GET"]}}],"collection":[{"href":"https:\/\/blogdofarnesio.com.br\/index.php?rest_route=\/wp\/v2\/posts"}],"about":[{"href":"https:\/\/blogdofarnesio.com.br\/index.php?rest_route=\/wp\/v2\/types\/post"}],"author":[{"embeddable":true,"href":"https:\/\/blogdofarnesio.com.br\/index.php?rest_route=\/wp\/v2\/users\/1"}],"replies":[{"embeddable":true,"href":"https:\/\/blogdofarnesio.com.br\/index.php?rest_route=%2Fwp%2Fv2%2Fcomments&post=200114"}],"version-history":[{"count":0,"href":"https:\/\/blogdofarnesio.com.br\/index.php?rest_route=\/wp\/v2\/posts\/200114\/revisions"}],"wp:featuredmedia":[{"embeddable":true,"href":"https:\/\/blogdofarnesio.com.br\/index.php?rest_route=\/wp\/v2\/media\/200115"}],"wp:attachment":[{"href":"https:\/\/blogdofarnesio.com.br\/index.php?rest_route=%2Fwp%2Fv2%2Fmedia&parent=200114"}],"wp:term":[{"taxonomy":"category","embeddable":true,"href":"https:\/\/blogdofarnesio.com.br\/index.php?rest_route=%2Fwp%2Fv2%2Fcategories&post=200114"},{"taxonomy":"post_tag","embeddable":true,"href":"https:\/\/blogdofarnesio.com.br\/index.php?rest_route=%2Fwp%2Fv2%2Ftags&post=200114"}],"curies":[{"name":"wp","href":"https:\/\/api.w.org\/{rel}","templated":true}]}}