{"id":200093,"date":"2018-06-08T17:32:14","date_gmt":"2018-06-08T20:32:14","guid":{"rendered":"http:\/\/quersaberpolitica.com.br\/2016\/?p=200093"},"modified":"2018-06-08T14:47:09","modified_gmt":"2018-06-08T17:47:09","slug":"eleicoes-2018-lula-fara-discurso-da-cela-em-lancamento-de-pre-candidatura","status":"publish","type":"post","link":"https:\/\/blogdofarnesio.com.br\/?p=200093","title":{"rendered":"ELEI\u00c7\u00d5ES 2018: LULA FAR\u00c1 &#8220;DISCURSO&#8221; DA CELA EM LAN\u00c7AMENTO DE PR\u00c9-CANDIDATURA"},"content":{"rendered":"<header class=\"single-entry-header\"><span class=\"entry-author\">por <strong>Esmael<\/strong><\/span><strong>\u00a0Moraes<\/strong><\/p>\n<\/header>\n<div class=\"single-entry-content\">\n<div id=\"fcbkbttn_left\" class=\"fcbkbttn_buttons_block\">\n<div class=\"fcbkbttn_like \">O PT desistiu do holograma para o lan\u00e7amento da pr\u00e9-candidatura de Lula nesta sexta (8), em Contagem (MG), mas o petista n\u00e3o abriu m\u00e3o do \u201cdiscurso\u201d que far\u00e1 por meio de uma carta aos brasileiros.<\/div>\n<\/div>\n<p>Preso h\u00e1 63 dias na carceragem da Pol\u00edcia Federal de Curitiba, onde cumpre pena antecipada por um crime que sequer tem provas, no caso do tr\u00edplex, Lula j\u00e1 escreveu a mensagem que ser\u00e1 lida \u00e0s 18 horas no evento da legenda em Minas Gerais.<\/p>\n<p>Durante visita do governador do Piau\u00ed, Wellington Dias (PT), e do ex-governador da Bahia, Jaques Wagner, nesta quinta (7), o ex-presidente reafirmou a disposi\u00e7\u00e3o de concorrer \u00e0 Presid\u00eancia da Rep\u00fablica porque, segundo ele, \u00e9 \u201cinocente\u201d e a \u201clava jato n\u00e3o provou nada\u201d at\u00e9 a data de hoje.<\/p>\n<p>Paralelamente, o PT divulgou a marca e o\u00a0<a href=\"https:\/\/www.esmaelmorais.com.br\/2018\/06\/lula-da-jeito-diz-jingle-de-pre-campanha-de-petista\/\">jingle<\/a>\u00a0da pr\u00e9-candidatura de Lula.<\/p>\n<\/div>\n","protected":false},"excerpt":{"rendered":"<p>por Esmael\u00a0Moraes O PT desistiu do holograma para o lan\u00e7amento da pr\u00e9-candidatura de Lula nesta sexta (8), em Contagem (MG), mas o petista n\u00e3o abriu m\u00e3o do \u201cdiscurso\u201d que far\u00e1 por meio de uma carta aos brasileiros. Preso h\u00e1 63 dias na carceragem da Pol\u00edcia Federal de Curitiba, onde cumpre pena antecipada por um crime que sequer tem provas, no caso do tr\u00edplex, Lula j\u00e1 escreveu a mensagem que ser\u00e1 lida \u00e0s 18 horas no evento da legenda em Minas Gerais. Durante visita do governador do Piau\u00ed, Wellington Dias (PT), e do ex-governador da Bahia, Jaques Wagner, nesta quinta (7), o ex-presidente reafirmou a disposi\u00e7\u00e3o de concorrer \u00e0 Presid\u00eancia da Rep\u00fablica porque, segundo ele, \u00e9 \u201cinocente\u201d e a \u201clava jato&hellip; <\/p>\n","protected":false},"author":1,"featured_media":200094,"comment_status":"closed","ping_status":"closed","sticky":false,"template":"","format":"standard","meta":{"_acf_changed":false,"footnotes":""},"categories":[34],"tags":[],"class_list":["post-200093","post","type-post","status-publish","format-standard","has-post-thumbnail","hentry","category-eleicoes"],"acf":[],"yoast_head":"<!-- This site is optimized with the Yoast SEO plugin v27.4 - https:\/\/yoast.com\/product\/yoast-seo-wordpress\/ -->\n<title>ELEI\u00c7\u00d5ES 2018: LULA FAR\u00c1 &quot;DISCURSO&quot; DA CELA EM LAN\u00c7AMENTO DE PR\u00c9-CANDIDATURA - Blog do Farn\u00e9sio<\/title>\n<meta name=\"robots\" content=\"index, follow, max-snippet:-1, max-image-preview:large, max-video-preview:-1\" \/>\n<link rel=\"canonical\" href=\"https:\/\/blogdofarnesio.com.br\/?p=200093\" \/>\n<meta property=\"og:locale\" content=\"pt_BR\" \/>\n<meta property=\"og:type\" content=\"article\" \/>\n<meta property=\"og:title\" content=\"ELEI\u00c7\u00d5ES 2018: LULA FAR\u00c1 &quot;DISCURSO&quot; DA CELA EM LAN\u00c7AMENTO DE PR\u00c9-CANDIDATURA - Blog do Farn\u00e9sio\" \/>\n<meta property=\"og:description\" content=\"por Esmael\u00a0Moraes O PT desistiu do holograma para o lan\u00e7amento da pr\u00e9-candidatura de Lula nesta sexta (8), em Contagem (MG), mas o petista n\u00e3o abriu m\u00e3o do \u201cdiscurso\u201d que far\u00e1 por meio de uma carta aos brasileiros. Preso h\u00e1 63 dias na carceragem da Pol\u00edcia Federal de Curitiba, onde cumpre pena antecipada por um crime que sequer tem provas, no caso do tr\u00edplex, Lula j\u00e1 escreveu a mensagem que ser\u00e1 lida \u00e0s 18 horas no evento da legenda em Minas Gerais. Durante visita do governador do Piau\u00ed, Wellington Dias (PT), e do ex-governador da Bahia, Jaques Wagner, nesta quinta (7), o ex-presidente reafirmou a disposi\u00e7\u00e3o de concorrer \u00e0 Presid\u00eancia da Rep\u00fablica porque, segundo ele, \u00e9 \u201cinocente\u201d e a \u201clava jato&hellip;\" \/>\n<meta property=\"og:url\" content=\"https:\/\/blogdofarnesio.com.br\/?p=200093\" \/>\n<meta property=\"og:site_name\" content=\"Blog do Farn\u00e9sio\" \/>\n<meta property=\"article:publisher\" content=\"https:\/\/www.facebook.com\/BlogQuerSaberPolitica\/\" \/>\n<meta property=\"article:published_time\" content=\"2018-06-08T20:32:14+00:00\" \/>\n<meta property=\"og:image\" content=\"https:\/\/blogdofarnesio.com.br\/wp-content\/uploads\/2018\/06\/blogqsplula_2018-600x313.jpeg\" \/>\n\t<meta property=\"og:image:width\" content=\"600\" \/>\n\t<meta property=\"og:image:height\" content=\"313\" \/>\n\t<meta property=\"og:image:type\" content=\"image\/jpeg\" \/>\n<meta name=\"author\" content=\"Farn\u00e9sio\" \/>\n<meta name=\"twitter:card\" content=\"summary_large_image\" \/>\n<meta name=\"twitter:label1\" content=\"Escrito por\" \/>\n\t<meta name=\"twitter:data1\" content=\"Farn\u00e9sio\" \/>\n\t<meta name=\"twitter:label2\" content=\"Est. tempo de leitura\" \/>\n\t<meta name=\"twitter:data2\" content=\"1 minuto\" \/>\n<script type=\"application\/ld+json\" class=\"yoast-schema-graph\">{\"@context\":\"https:\\\/\\\/schema.org\",\"@graph\":[{\"@type\":\"Article\",\"@id\":\"https:\\\/\\\/blogdofarnesio.com.br\\\/?p=200093#article\",\"isPartOf\":{\"@id\":\"https:\\\/\\\/blogdofarnesio.com.br\\\/?p=200093\"},\"author\":{\"name\":\"Farn\u00e9sio\",\"@id\":\"https:\\\/\\\/blogdofarnesio.com.br\\\/#\\\/schema\\\/person\\\/301c4acf522bccbfdb45af95b5b906a1\"},\"headline\":\"ELEI\u00c7\u00d5ES 2018: LULA FAR\u00c1 &#8220;DISCURSO&#8221; DA CELA EM LAN\u00c7AMENTO DE PR\u00c9-CANDIDATURA\",\"datePublished\":\"2018-06-08T20:32:14+00:00\",\"mainEntityOfPage\":{\"@id\":\"https:\\\/\\\/blogdofarnesio.com.br\\\/?p=200093\"},\"wordCount\":160,\"publisher\":{\"@id\":\"https:\\\/\\\/blogdofarnesio.com.br\\\/#organization\"},\"image\":{\"@id\":\"https:\\\/\\\/blogdofarnesio.com.br\\\/?p=200093#primaryimage\"},\"thumbnailUrl\":\"https:\\\/\\\/blogdofarnesio.com.br\\\/wp-content\\\/uploads\\\/2018\\\/06\\\/blogqsplula_2018-600x313.jpeg\",\"articleSection\":[\"Elei\u00e7\u00f5es\"],\"inLanguage\":\"pt-BR\"},{\"@type\":\"WebPage\",\"@id\":\"https:\\\/\\\/blogdofarnesio.com.br\\\/?p=200093\",\"url\":\"https:\\\/\\\/blogdofarnesio.com.br\\\/?p=200093\",\"name\":\"ELEI\u00c7\u00d5ES 2018: LULA FAR\u00c1 \\\"DISCURSO\\\" DA CELA EM LAN\u00c7AMENTO DE PR\u00c9-CANDIDATURA - Blog do Farn\u00e9sio\",\"isPartOf\":{\"@id\":\"https:\\\/\\\/blogdofarnesio.com.br\\\/#website\"},\"primaryImageOfPage\":{\"@id\":\"https:\\\/\\\/blogdofarnesio.com.br\\\/?p=200093#primaryimage\"},\"image\":{\"@id\":\"https:\\\/\\\/blogdofarnesio.com.br\\\/?p=200093#primaryimage\"},\"thumbnailUrl\":\"https:\\\/\\\/blogdofarnesio.com.br\\\/wp-content\\\/uploads\\\/2018\\\/06\\\/blogqsplula_2018-600x313.jpeg\",\"datePublished\":\"2018-06-08T20:32:14+00:00\",\"breadcrumb\":{\"@id\":\"https:\\\/\\\/blogdofarnesio.com.br\\\/?p=200093#breadcrumb\"},\"inLanguage\":\"pt-BR\",\"potentialAction\":[{\"@type\":\"ReadAction\",\"target\":[\"https:\\\/\\\/blogdofarnesio.com.br\\\/?p=200093\"]}]},{\"@type\":\"ImageObject\",\"inLanguage\":\"pt-BR\",\"@id\":\"https:\\\/\\\/blogdofarnesio.com.br\\\/?p=200093#primaryimage\",\"url\":\"https:\\\/\\\/blogdofarnesio.com.br\\\/wp-content\\\/uploads\\\/2018\\\/06\\\/blogqsplula_2018-600x313.jpeg\",\"contentUrl\":\"https:\\\/\\\/blogdofarnesio.com.br\\\/wp-content\\\/uploads\\\/2018\\\/06\\\/blogqsplula_2018-600x313.jpeg\",\"width\":600,\"height\":313},{\"@type\":\"BreadcrumbList\",\"@id\":\"https:\\\/\\\/blogdofarnesio.com.br\\\/?p=200093#breadcrumb\",\"itemListElement\":[{\"@type\":\"ListItem\",\"position\":1,\"name\":\"In\u00edcio\",\"item\":\"https:\\\/\\\/blogdofarnesio.com.br\\\/\"},{\"@type\":\"ListItem\",\"position\":2,\"name\":\"ELEI\u00c7\u00d5ES 2018: LULA FAR\u00c1 &#8220;DISCURSO&#8221; DA CELA EM LAN\u00c7AMENTO DE PR\u00c9-CANDIDATURA\"}]},{\"@type\":\"WebSite\",\"@id\":\"https:\\\/\\\/blogdofarnesio.com.br\\\/#website\",\"url\":\"https:\\\/\\\/blogdofarnesio.com.br\\\/\",\"name\":\"Blog do Farn\u00e9sio\",\"description\":\"Quer Saber Pol\u00edtica?\",\"publisher\":{\"@id\":\"https:\\\/\\\/blogdofarnesio.com.br\\\/#organization\"},\"potentialAction\":[{\"@type\":\"SearchAction\",\"target\":{\"@type\":\"EntryPoint\",\"urlTemplate\":\"https:\\\/\\\/blogdofarnesio.com.br\\\/?s={search_term_string}\"},\"query-input\":{\"@type\":\"PropertyValueSpecification\",\"valueRequired\":true,\"valueName\":\"search_term_string\"}}],\"inLanguage\":\"pt-BR\"},{\"@type\":\"Organization\",\"@id\":\"https:\\\/\\\/blogdofarnesio.com.br\\\/#organization\",\"name\":\"Blog do Farn\u00e9sio\",\"url\":\"https:\\\/\\\/blogdofarnesio.com.br\\\/\",\"logo\":{\"@type\":\"ImageObject\",\"inLanguage\":\"pt-BR\",\"@id\":\"https:\\\/\\\/blogdofarnesio.com.br\\\/#\\\/schema\\\/logo\\\/image\\\/\",\"url\":\"https:\\\/\\\/blogdofarnesio.com.br\\\/wp-content\\\/uploads\\\/2026\\\/03\\\/cropped-logo_new-1.png\",\"contentUrl\":\"https:\\\/\\\/blogdofarnesio.com.br\\\/wp-content\\\/uploads\\\/2026\\\/03\\\/cropped-logo_new-1.png\",\"width\":881,\"height\":685,\"caption\":\"Blog do Farn\u00e9sio\"},\"image\":{\"@id\":\"https:\\\/\\\/blogdofarnesio.com.br\\\/#\\\/schema\\\/logo\\\/image\\\/\"},\"sameAs\":[\"https:\\\/\\\/www.facebook.com\\\/BlogQuerSaberPolitica\\\/\"]},{\"@type\":\"Person\",\"@id\":\"https:\\\/\\\/blogdofarnesio.com.br\\\/#\\\/schema\\\/person\\\/301c4acf522bccbfdb45af95b5b906a1\",\"name\":\"Farn\u00e9sio\",\"image\":{\"@type\":\"ImageObject\",\"inLanguage\":\"pt-BR\",\"@id\":\"https:\\\/\\\/secure.gravatar.com\\\/avatar\\\/df0c9a14567c056f8ad6876ba5bbd1e3e2c48023eb6807342fc4663adf549f38?s=96&d=mm&r=g\",\"url\":\"https:\\\/\\\/secure.gravatar.com\\\/avatar\\\/df0c9a14567c056f8ad6876ba5bbd1e3e2c48023eb6807342fc4663adf549f38?s=96&d=mm&r=g\",\"contentUrl\":\"https:\\\/\\\/secure.gravatar.com\\\/avatar\\\/df0c9a14567c056f8ad6876ba5bbd1e3e2c48023eb6807342fc4663adf549f38?s=96&d=mm&r=g\",\"caption\":\"Farn\u00e9sio\"},\"sameAs\":[\"https:\\\/\\\/quersaberpolitica.com.br\"],\"url\":\"https:\\\/\\\/blogdofarnesio.com.br\\\/?author=1\"}]}<\/script>\n<!-- \/ Yoast SEO plugin. -->","yoast_head_json":{"title":"ELEI\u00c7\u00d5ES 2018: LULA FAR\u00c1 \"DISCURSO\" DA CELA EM LAN\u00c7AMENTO DE PR\u00c9-CANDIDATURA - Blog do Farn\u00e9sio","robots":{"index":"index","follow":"follow","max-snippet":"max-snippet:-1","max-image-preview":"max-image-preview:large","max-video-preview":"max-video-preview:-1"},"canonical":"https:\/\/blogdofarnesio.com.br\/?p=200093","og_locale":"pt_BR","og_type":"article","og_title":"ELEI\u00c7\u00d5ES 2018: LULA FAR\u00c1 \"DISCURSO\" DA CELA EM LAN\u00c7AMENTO DE PR\u00c9-CANDIDATURA - Blog do Farn\u00e9sio","og_description":"por Esmael\u00a0Moraes O PT desistiu do holograma para o lan\u00e7amento da pr\u00e9-candidatura de Lula nesta sexta (8), em Contagem (MG), mas o petista n\u00e3o abriu m\u00e3o do \u201cdiscurso\u201d que far\u00e1 por meio de uma carta aos brasileiros. Preso h\u00e1 63 dias na carceragem da Pol\u00edcia Federal de Curitiba, onde cumpre pena antecipada por um crime que sequer tem provas, no caso do tr\u00edplex, Lula j\u00e1 escreveu a mensagem que ser\u00e1 lida \u00e0s 18 horas no evento da legenda em Minas Gerais. Durante visita do governador do Piau\u00ed, Wellington Dias (PT), e do ex-governador da Bahia, Jaques Wagner, nesta quinta (7), o ex-presidente reafirmou a disposi\u00e7\u00e3o de concorrer \u00e0 Presid\u00eancia da Rep\u00fablica porque, segundo ele, \u00e9 \u201cinocente\u201d e a \u201clava jato&hellip;","og_url":"https:\/\/blogdofarnesio.com.br\/?p=200093","og_site_name":"Blog do Farn\u00e9sio","article_publisher":"https:\/\/www.facebook.com\/BlogQuerSaberPolitica\/","article_published_time":"2018-06-08T20:32:14+00:00","og_image":[{"width":600,"height":313,"url":"https:\/\/blogdofarnesio.com.br\/wp-content\/uploads\/2018\/06\/blogqsplula_2018-600x313.jpeg","type":"image\/jpeg"}],"author":"Farn\u00e9sio","twitter_card":"summary_large_image","twitter_misc":{"Escrito por":"Farn\u00e9sio","Est. tempo de leitura":"1 minuto"},"schema":{"@context":"https:\/\/schema.org","@graph":[{"@type":"Article","@id":"https:\/\/blogdofarnesio.com.br\/?p=200093#article","isPartOf":{"@id":"https:\/\/blogdofarnesio.com.br\/?p=200093"},"author":{"name":"Farn\u00e9sio","@id":"https:\/\/blogdofarnesio.com.br\/#\/schema\/person\/301c4acf522bccbfdb45af95b5b906a1"},"headline":"ELEI\u00c7\u00d5ES 2018: LULA FAR\u00c1 &#8220;DISCURSO&#8221; DA CELA EM LAN\u00c7AMENTO DE PR\u00c9-CANDIDATURA","datePublished":"2018-06-08T20:32:14+00:00","mainEntityOfPage":{"@id":"https:\/\/blogdofarnesio.com.br\/?p=200093"},"wordCount":160,"publisher":{"@id":"https:\/\/blogdofarnesio.com.br\/#organization"},"image":{"@id":"https:\/\/blogdofarnesio.com.br\/?p=200093#primaryimage"},"thumbnailUrl":"https:\/\/blogdofarnesio.com.br\/wp-content\/uploads\/2018\/06\/blogqsplula_2018-600x313.jpeg","articleSection":["Elei\u00e7\u00f5es"],"inLanguage":"pt-BR"},{"@type":"WebPage","@id":"https:\/\/blogdofarnesio.com.br\/?p=200093","url":"https:\/\/blogdofarnesio.com.br\/?p=200093","name":"ELEI\u00c7\u00d5ES 2018: LULA FAR\u00c1 \"DISCURSO\" DA CELA EM LAN\u00c7AMENTO DE PR\u00c9-CANDIDATURA - Blog do Farn\u00e9sio","isPartOf":{"@id":"https:\/\/blogdofarnesio.com.br\/#website"},"primaryImageOfPage":{"@id":"https:\/\/blogdofarnesio.com.br\/?p=200093#primaryimage"},"image":{"@id":"https:\/\/blogdofarnesio.com.br\/?p=200093#primaryimage"},"thumbnailUrl":"https:\/\/blogdofarnesio.com.br\/wp-content\/uploads\/2018\/06\/blogqsplula_2018-600x313.jpeg","datePublished":"2018-06-08T20:32:14+00:00","breadcrumb":{"@id":"https:\/\/blogdofarnesio.com.br\/?p=200093#breadcrumb"},"inLanguage":"pt-BR","potentialAction":[{"@type":"ReadAction","target":["https:\/\/blogdofarnesio.com.br\/?p=200093"]}]},{"@type":"ImageObject","inLanguage":"pt-BR","@id":"https:\/\/blogdofarnesio.com.br\/?p=200093#primaryimage","url":"https:\/\/blogdofarnesio.com.br\/wp-content\/uploads\/2018\/06\/blogqsplula_2018-600x313.jpeg","contentUrl":"https:\/\/blogdofarnesio.com.br\/wp-content\/uploads\/2018\/06\/blogqsplula_2018-600x313.jpeg","width":600,"height":313},{"@type":"BreadcrumbList","@id":"https:\/\/blogdofarnesio.com.br\/?p=200093#breadcrumb","itemListElement":[{"@type":"ListItem","position":1,"name":"In\u00edcio","item":"https:\/\/blogdofarnesio.com.br\/"},{"@type":"ListItem","position":2,"name":"ELEI\u00c7\u00d5ES 2018: LULA FAR\u00c1 &#8220;DISCURSO&#8221; DA CELA EM LAN\u00c7AMENTO DE PR\u00c9-CANDIDATURA"}]},{"@type":"WebSite","@id":"https:\/\/blogdofarnesio.com.br\/#website","url":"https:\/\/blogdofarnesio.com.br\/","name":"Blog do Farn\u00e9sio","description":"Quer Saber Pol\u00edtica?","publisher":{"@id":"https:\/\/blogdofarnesio.com.br\/#organization"},"potentialAction":[{"@type":"SearchAction","target":{"@type":"EntryPoint","urlTemplate":"https:\/\/blogdofarnesio.com.br\/?s={search_term_string}"},"query-input":{"@type":"PropertyValueSpecification","valueRequired":true,"valueName":"search_term_string"}}],"inLanguage":"pt-BR"},{"@type":"Organization","@id":"https:\/\/blogdofarnesio.com.br\/#organization","name":"Blog do Farn\u00e9sio","url":"https:\/\/blogdofarnesio.com.br\/","logo":{"@type":"ImageObject","inLanguage":"pt-BR","@id":"https:\/\/blogdofarnesio.com.br\/#\/schema\/logo\/image\/","url":"https:\/\/blogdofarnesio.com.br\/wp-content\/uploads\/2026\/03\/cropped-logo_new-1.png","contentUrl":"https:\/\/blogdofarnesio.com.br\/wp-content\/uploads\/2026\/03\/cropped-logo_new-1.png","width":881,"height":685,"caption":"Blog do Farn\u00e9sio"},"image":{"@id":"https:\/\/blogdofarnesio.com.br\/#\/schema\/logo\/image\/"},"sameAs":["https:\/\/www.facebook.com\/BlogQuerSaberPolitica\/"]},{"@type":"Person","@id":"https:\/\/blogdofarnesio.com.br\/#\/schema\/person\/301c4acf522bccbfdb45af95b5b906a1","name":"Farn\u00e9sio","image":{"@type":"ImageObject","inLanguage":"pt-BR","@id":"https:\/\/secure.gravatar.com\/avatar\/df0c9a14567c056f8ad6876ba5bbd1e3e2c48023eb6807342fc4663adf549f38?s=96&d=mm&r=g","url":"https:\/\/secure.gravatar.com\/avatar\/df0c9a14567c056f8ad6876ba5bbd1e3e2c48023eb6807342fc4663adf549f38?s=96&d=mm&r=g","contentUrl":"https:\/\/secure.gravatar.com\/avatar\/df0c9a14567c056f8ad6876ba5bbd1e3e2c48023eb6807342fc4663adf549f38?s=96&d=mm&r=g","caption":"Farn\u00e9sio"},"sameAs":["https:\/\/quersaberpolitica.com.br"],"url":"https:\/\/blogdofarnesio.com.br\/?author=1"}]}},"_links":{"self":[{"href":"https:\/\/blogdofarnesio.com.br\/index.php?rest_route=\/wp\/v2\/posts\/200093","targetHints":{"allow":["GET"]}}],"collection":[{"href":"https:\/\/blogdofarnesio.com.br\/index.php?rest_route=\/wp\/v2\/posts"}],"about":[{"href":"https:\/\/blogdofarnesio.com.br\/index.php?rest_route=\/wp\/v2\/types\/post"}],"author":[{"embeddable":true,"href":"https:\/\/blogdofarnesio.com.br\/index.php?rest_route=\/wp\/v2\/users\/1"}],"replies":[{"embeddable":true,"href":"https:\/\/blogdofarnesio.com.br\/index.php?rest_route=%2Fwp%2Fv2%2Fcomments&post=200093"}],"version-history":[{"count":0,"href":"https:\/\/blogdofarnesio.com.br\/index.php?rest_route=\/wp\/v2\/posts\/200093\/revisions"}],"wp:featuredmedia":[{"embeddable":true,"href":"https:\/\/blogdofarnesio.com.br\/index.php?rest_route=\/wp\/v2\/media\/200094"}],"wp:attachment":[{"href":"https:\/\/blogdofarnesio.com.br\/index.php?rest_route=%2Fwp%2Fv2%2Fmedia&parent=200093"}],"wp:term":[{"taxonomy":"category","embeddable":true,"href":"https:\/\/blogdofarnesio.com.br\/index.php?rest_route=%2Fwp%2Fv2%2Fcategories&post=200093"},{"taxonomy":"post_tag","embeddable":true,"href":"https:\/\/blogdofarnesio.com.br\/index.php?rest_route=%2Fwp%2Fv2%2Ftags&post=200093"}],"curies":[{"name":"wp","href":"https:\/\/api.w.org\/{rel}","templated":true}]}}