{"id":199708,"date":"2018-06-05T08:33:13","date_gmt":"2018-06-05T11:33:13","guid":{"rendered":"http:\/\/quersaberpolitica.com.br\/2016\/?p=199708"},"modified":"2018-06-04T19:30:19","modified_gmt":"2018-06-04T22:30:19","slug":"eleicoes-2018-pesquisa-pode-definir-se-pt-vai-de-candidatura-propria-em-pernambuco","status":"publish","type":"post","link":"https:\/\/blogdofarnesio.com.br\/?p=199708","title":{"rendered":"ELEI\u00c7\u00d5ES 2018: PESQUISA PODE DEFINIR SE PT VAI DE CANDIDATURA PR\u00d3PRIA EM PERNAMBUCO"},"content":{"rendered":"<div class=\"td-post-header\">\n<header class=\"td-post-title\">\n<h1 class=\"entry-title\">REUNI\u00c3O EM BRAS\u00cdLIA ESTA MANH\u00c3, DEFINIR\u00c1 O &#8216;IMBR\u00d3GLIO&#8217; DA ALIAN\u00c7A COM PSB<\/h1>\n<\/header>\n<\/div>\n<div class=\"td-post-content\">\n<p>O presidente estadual do PT, Bruno Ribeiro, aguarda a confirma\u00e7\u00e3o da presidente nacional da sigla, a senadora Gleisi Hoffmann, sobre\u00a0reuni\u00e3o\u00a0prevista para a ter\u00e7a-feira (5), em Bras\u00edlia, cujo objetivo \u00e9 discutir a\u00a0estrat\u00e9gia eleitoral\u00a0da legenda em\u00a0Pernambuco. A pedido de Gleisi, uma comiss\u00e3o est\u00e1 sendo formada e ser\u00e1 composta pelo pr\u00f3prio Bruno e mais dois representantes do diret\u00f3rio local \u2013 um favor\u00e1vel \u00e0\u00a0candidatura pr\u00f3pria\u00a0e outro \u00e0\u00a0alian\u00e7a.<\/p>\n<p>Defensores do projeto pr\u00f3prio apostam em pesquisa de\u00a0inten\u00e7\u00e3o de voto\u00a0\u2013 encomendada ao instituto\u00a0Vox Populi\u00a0\u2013 como argumento em prol da candidatura da vereadora\u00a0Mar\u00edlia Arraes. H\u00e1 expectativa de que a amostra seja entregue\u00a0 para que seus\u00a0n\u00fameros\u00a0sejam real\u00e7ados junto \u00e0 dirigente nacional.<\/p>\n<p>\u201cVamos levar informa\u00e7\u00f5es a essa reuni\u00e3o. Devemos ter, no resultado da pesquisa da Vox Populi, referenciais pra tomar posi\u00e7\u00e3o com tranquilidade\u201d, defende a deputada estadual Teresa Leit\u00e3o (PT). H\u00e1 um clima de\u00a0torcida\u00a0entre os defensores das duas teses que ser\u00e3o debatidas em vota\u00e7\u00e3o prevista para o pr\u00f3ximo domingo (10).<\/p>\n<p>Os aliancistas creem, no entanto, que podem ganhar a\u00a0queda de bra\u00e7o\u00a0antes que o evento aconte\u00e7a. O\u00a0vice-presidente estadual do PT, Oscar Barreto, argumenta que a decis\u00e3o pol\u00edtica de\u00a0apoiar o PSB\u00a0j\u00e1 est\u00e1 tomada \u201ch\u00e1 muito tempo\u201d e que\u00a0n\u00e3o h\u00e1 possibilidade\u00a0de existir candidatura pr\u00f3pria.<\/p>\n<p>O presidente Bruno Ribeiro, em tom amistoso, afirma que espera um\u00a0entendimento pr\u00e9vio. \u201cQueremos chegar ao encontro j\u00e1 com\u00a0consensos\u00a0feitos. Mas, se n\u00e3o for poss\u00edvel, a decis\u00e3o ser\u00e1 serena\u201d, determina. Uma reuni\u00e3o acontece nesta segunda-feira, ao meio-dia, com integrantes da executiva estadual para definir regras do evento de domingo.<\/p>\n<p>Teresa Leit\u00e3o\u00a0elogiou a decis\u00e3o\u00a0de Gleisi em ter convocado essa comiss\u00e3o para a reuni\u00e3o em Bras\u00edlia. \u201cEst\u00e1 havendo muita vers\u00e3o, cada um interpreta de um jeito o que \u00e9 dito pela nacional. Da minha parte, eu achei o encaminhamento muito correto\u201d, avalia. \u201cDomingo n\u00f3s vamos apresentar duas teses, a menos que os defensores da alian\u00e7a desistam. A tese da\u00a0candidatura pr\u00f3pria, certamente, vai ser apresentada\u201d, demarcou a deputada.<\/p>\n<p>Bruno Ribeiro explica que um eventual\u00a0entendimento\u00a0em torno de alian\u00e7a entre\u00a0PT e PSB\u00a0envolve dez estados, entre eles Pernambuco, raz\u00e3o pela qual uma decis\u00e3o demanda ainda mais di\u00e1logo.<\/p>\n<p>O governador\u00a0Paulo C\u00e2mara, vice-presidente nacional do PSB, tamb\u00e9m ter\u00e1 uma reuni\u00e3o com a senadora Gleisi Hoffmann, na ter\u00e7a, momento em que pode se dar um gesto definitivo no sentido da alian\u00e7a em Pernambuco. Antes, o governador desembarca, nesta segunda, em S\u00e3o Paulo, onde ter\u00e1 conversa com o governador\u00a0M\u00e1rcio Fran\u00e7a. O tema das\u00a0alian\u00e7as regionais\u00a0entre PT e PSB deve ir \u00e0 pauta.<\/p>\n<p>Teresa Leit\u00e3o, todavia, observa que esses encontros com o governador fazem parte de uma interlocu\u00e7\u00e3o nacional dos partidos de esquerda. \u201cEssas reuni\u00f5es est\u00e3o acontecendo com representantes de outros partidos. Ocorre que Paulo C\u00e2mara\u00a0est\u00e1 doido, como quem se agarra em jacar\u00e9 de boca aberta, para retirar candidatura de Mar\u00edlia\u201d, dispara a parlamentar.<\/p>\n<p>Oscar, contudo, desconsidera, com veem\u00eancia, o peso da pesquisa na tomada de decis\u00e3o. \u201cEssa conversa de pesquisa \u00e9\u00a0argumento de ret\u00f3rica. Ningu\u00e9m toma decis\u00e3o baseado em pesquisa.\u00a0Humberto tinha 40% e perdeu elei\u00e7\u00e3o pra Geraldo Julio. Pesquisa \u00e9 momento e\u00a0campanha pol\u00edtica\u00a0\u00e9 uma coisa mais s\u00e9ria\u201d, alega o vice-presidente.<\/p>\n<p>Cogitou-se uma possibilidade de os\u00a0delegados do PT\u00a0serem modificados, numa manobra para aprovar a pol\u00edtica de alian\u00e7a, mas petistas, que defendem a candidatura pr\u00f3pria, usam o estatuto para vetar esse caminho.<\/p>\n<p>\u201cO estatuto do PT \u00e9 muito claro ao dizer que o delegado titular s\u00f3 pode ser substitu\u00eddo se manifestar por escrito\u201d, afirma M\u00facio Magalh\u00e3es. \u201cN\u00e3o vi nenhuma\u00a0grande manifesta\u00e7\u00e3o\u00a0de quem defende alian\u00e7a com Paulo C\u00e2mara. Eles nem dizem isso claramente. Se h\u00e1 algu\u00e9m que enxerga maioria, deveria mostrar\u201d, adverte.<\/p>\n<\/div>\n","protected":false},"excerpt":{"rendered":"<p>REUNI\u00c3O EM BRAS\u00cdLIA ESTA MANH\u00c3, DEFINIR\u00c1 O &#8216;IMBR\u00d3GLIO&#8217; DA ALIAN\u00c7A COM PSB O presidente estadual do PT, Bruno Ribeiro, aguarda a confirma\u00e7\u00e3o da presidente nacional da sigla, a senadora Gleisi Hoffmann, sobre\u00a0reuni\u00e3o\u00a0prevista para a ter\u00e7a-feira (5), em Bras\u00edlia, cujo objetivo \u00e9 discutir a\u00a0estrat\u00e9gia eleitoral\u00a0da legenda em\u00a0Pernambuco. A pedido de Gleisi, uma comiss\u00e3o est\u00e1 sendo formada e ser\u00e1 composta pelo pr\u00f3prio Bruno e mais dois representantes do diret\u00f3rio local \u2013 um favor\u00e1vel \u00e0\u00a0candidatura pr\u00f3pria\u00a0e outro \u00e0\u00a0alian\u00e7a. Defensores do projeto pr\u00f3prio apostam em pesquisa de\u00a0inten\u00e7\u00e3o de voto\u00a0\u2013 encomendada ao instituto\u00a0Vox Populi\u00a0\u2013 como argumento em prol da candidatura da vereadora\u00a0Mar\u00edlia Arraes. H\u00e1 expectativa de que a amostra seja entregue\u00a0 para que seus\u00a0n\u00fameros\u00a0sejam real\u00e7ados junto \u00e0 dirigente nacional. \u201cVamos levar informa\u00e7\u00f5es a essa reuni\u00e3o.&hellip; <\/p>\n","protected":false},"author":1,"featured_media":193953,"comment_status":"closed","ping_status":"closed","sticky":false,"template":"","format":"standard","meta":{"_acf_changed":false,"footnotes":""},"categories":[34],"tags":[],"class_list":["post-199708","post","type-post","status-publish","format-standard","has-post-thumbnail","hentry","category-eleicoes"],"acf":[],"yoast_head":"<!-- This site is optimized with the Yoast SEO plugin v27.4 - https:\/\/yoast.com\/product\/yoast-seo-wordpress\/ -->\n<title>ELEI\u00c7\u00d5ES 2018: PESQUISA PODE DEFINIR SE PT VAI DE CANDIDATURA PR\u00d3PRIA EM PERNAMBUCO - Blog do Farn\u00e9sio<\/title>\n<meta name=\"robots\" content=\"index, follow, max-snippet:-1, max-image-preview:large, max-video-preview:-1\" \/>\n<link rel=\"canonical\" href=\"https:\/\/blogdofarnesio.com.br\/?p=199708\" \/>\n<meta property=\"og:locale\" content=\"pt_BR\" \/>\n<meta property=\"og:type\" content=\"article\" \/>\n<meta property=\"og:title\" content=\"ELEI\u00c7\u00d5ES 2018: PESQUISA PODE DEFINIR SE PT VAI DE CANDIDATURA PR\u00d3PRIA EM PERNAMBUCO - Blog do Farn\u00e9sio\" \/>\n<meta property=\"og:description\" content=\"REUNI\u00c3O EM BRAS\u00cdLIA ESTA MANH\u00c3, DEFINIR\u00c1 O &#8216;IMBR\u00d3GLIO&#8217; DA ALIAN\u00c7A COM PSB O presidente estadual do PT, Bruno Ribeiro, aguarda a confirma\u00e7\u00e3o da presidente nacional da sigla, a senadora Gleisi Hoffmann, sobre\u00a0reuni\u00e3o\u00a0prevista para a ter\u00e7a-feira (5), em Bras\u00edlia, cujo objetivo \u00e9 discutir a\u00a0estrat\u00e9gia eleitoral\u00a0da legenda em\u00a0Pernambuco. A pedido de Gleisi, uma comiss\u00e3o est\u00e1 sendo formada e ser\u00e1 composta pelo pr\u00f3prio Bruno e mais dois representantes do diret\u00f3rio local \u2013 um favor\u00e1vel \u00e0\u00a0candidatura pr\u00f3pria\u00a0e outro \u00e0\u00a0alian\u00e7a. Defensores do projeto pr\u00f3prio apostam em pesquisa de\u00a0inten\u00e7\u00e3o de voto\u00a0\u2013 encomendada ao instituto\u00a0Vox Populi\u00a0\u2013 como argumento em prol da candidatura da vereadora\u00a0Mar\u00edlia Arraes. H\u00e1 expectativa de que a amostra seja entregue\u00a0 para que seus\u00a0n\u00fameros\u00a0sejam real\u00e7ados junto \u00e0 dirigente nacional. \u201cVamos levar informa\u00e7\u00f5es a essa reuni\u00e3o.&hellip;\" \/>\n<meta property=\"og:url\" content=\"https:\/\/blogdofarnesio.com.br\/?p=199708\" \/>\n<meta property=\"og:site_name\" content=\"Blog do Farn\u00e9sio\" \/>\n<meta property=\"article:publisher\" content=\"https:\/\/www.facebook.com\/BlogQuerSaberPolitica\/\" \/>\n<meta property=\"article:published_time\" content=\"2018-06-05T11:33:13+00:00\" \/>\n<meta property=\"og:image\" content=\"https:\/\/blogdofarnesio.com.br\/wp-content\/uploads\/2018\/04\/blogqsppt-e-psb.jpg\" \/>\n\t<meta property=\"og:image:width\" content=\"639\" \/>\n\t<meta property=\"og:image:height\" content=\"381\" \/>\n\t<meta property=\"og:image:type\" content=\"image\/jpeg\" \/>\n<meta name=\"author\" content=\"Farn\u00e9sio\" \/>\n<meta name=\"twitter:card\" content=\"summary_large_image\" \/>\n<meta name=\"twitter:label1\" content=\"Escrito por\" \/>\n\t<meta name=\"twitter:data1\" content=\"Farn\u00e9sio\" \/>\n\t<meta name=\"twitter:label2\" content=\"Est. tempo de leitura\" \/>\n\t<meta name=\"twitter:data2\" content=\"3 minutos\" \/>\n<script type=\"application\/ld+json\" class=\"yoast-schema-graph\">{\"@context\":\"https:\\\/\\\/schema.org\",\"@graph\":[{\"@type\":\"Article\",\"@id\":\"https:\\\/\\\/blogdofarnesio.com.br\\\/?p=199708#article\",\"isPartOf\":{\"@id\":\"https:\\\/\\\/blogdofarnesio.com.br\\\/?p=199708\"},\"author\":{\"name\":\"Farn\u00e9sio\",\"@id\":\"https:\\\/\\\/blogdofarnesio.com.br\\\/#\\\/schema\\\/person\\\/301c4acf522bccbfdb45af95b5b906a1\"},\"headline\":\"ELEI\u00c7\u00d5ES 2018: PESQUISA PODE DEFINIR SE PT VAI DE CANDIDATURA PR\u00d3PRIA EM PERNAMBUCO\",\"datePublished\":\"2018-06-05T11:33:13+00:00\",\"mainEntityOfPage\":{\"@id\":\"https:\\\/\\\/blogdofarnesio.com.br\\\/?p=199708\"},\"wordCount\":707,\"publisher\":{\"@id\":\"https:\\\/\\\/blogdofarnesio.com.br\\\/#organization\"},\"image\":{\"@id\":\"https:\\\/\\\/blogdofarnesio.com.br\\\/?p=199708#primaryimage\"},\"thumbnailUrl\":\"https:\\\/\\\/blogdofarnesio.com.br\\\/wp-content\\\/uploads\\\/2018\\\/04\\\/blogqsppt-e-psb.jpg\",\"articleSection\":[\"Elei\u00e7\u00f5es\"],\"inLanguage\":\"pt-BR\"},{\"@type\":\"WebPage\",\"@id\":\"https:\\\/\\\/blogdofarnesio.com.br\\\/?p=199708\",\"url\":\"https:\\\/\\\/blogdofarnesio.com.br\\\/?p=199708\",\"name\":\"ELEI\u00c7\u00d5ES 2018: PESQUISA PODE DEFINIR SE PT VAI DE CANDIDATURA PR\u00d3PRIA EM PERNAMBUCO - Blog do Farn\u00e9sio\",\"isPartOf\":{\"@id\":\"https:\\\/\\\/blogdofarnesio.com.br\\\/#website\"},\"primaryImageOfPage\":{\"@id\":\"https:\\\/\\\/blogdofarnesio.com.br\\\/?p=199708#primaryimage\"},\"image\":{\"@id\":\"https:\\\/\\\/blogdofarnesio.com.br\\\/?p=199708#primaryimage\"},\"thumbnailUrl\":\"https:\\\/\\\/blogdofarnesio.com.br\\\/wp-content\\\/uploads\\\/2018\\\/04\\\/blogqsppt-e-psb.jpg\",\"datePublished\":\"2018-06-05T11:33:13+00:00\",\"breadcrumb\":{\"@id\":\"https:\\\/\\\/blogdofarnesio.com.br\\\/?p=199708#breadcrumb\"},\"inLanguage\":\"pt-BR\",\"potentialAction\":[{\"@type\":\"ReadAction\",\"target\":[\"https:\\\/\\\/blogdofarnesio.com.br\\\/?p=199708\"]}]},{\"@type\":\"ImageObject\",\"inLanguage\":\"pt-BR\",\"@id\":\"https:\\\/\\\/blogdofarnesio.com.br\\\/?p=199708#primaryimage\",\"url\":\"https:\\\/\\\/blogdofarnesio.com.br\\\/wp-content\\\/uploads\\\/2018\\\/04\\\/blogqsppt-e-psb.jpg\",\"contentUrl\":\"https:\\\/\\\/blogdofarnesio.com.br\\\/wp-content\\\/uploads\\\/2018\\\/04\\\/blogqsppt-e-psb.jpg\",\"width\":639,\"height\":381},{\"@type\":\"BreadcrumbList\",\"@id\":\"https:\\\/\\\/blogdofarnesio.com.br\\\/?p=199708#breadcrumb\",\"itemListElement\":[{\"@type\":\"ListItem\",\"position\":1,\"name\":\"In\u00edcio\",\"item\":\"https:\\\/\\\/blogdofarnesio.com.br\\\/\"},{\"@type\":\"ListItem\",\"position\":2,\"name\":\"ELEI\u00c7\u00d5ES 2018: PESQUISA PODE DEFINIR SE PT VAI DE CANDIDATURA PR\u00d3PRIA EM PERNAMBUCO\"}]},{\"@type\":\"WebSite\",\"@id\":\"https:\\\/\\\/blogdofarnesio.com.br\\\/#website\",\"url\":\"https:\\\/\\\/blogdofarnesio.com.br\\\/\",\"name\":\"Blog do Farn\u00e9sio\",\"description\":\"Quer Saber Pol\u00edtica?\",\"publisher\":{\"@id\":\"https:\\\/\\\/blogdofarnesio.com.br\\\/#organization\"},\"potentialAction\":[{\"@type\":\"SearchAction\",\"target\":{\"@type\":\"EntryPoint\",\"urlTemplate\":\"https:\\\/\\\/blogdofarnesio.com.br\\\/?s={search_term_string}\"},\"query-input\":{\"@type\":\"PropertyValueSpecification\",\"valueRequired\":true,\"valueName\":\"search_term_string\"}}],\"inLanguage\":\"pt-BR\"},{\"@type\":\"Organization\",\"@id\":\"https:\\\/\\\/blogdofarnesio.com.br\\\/#organization\",\"name\":\"Blog do Farn\u00e9sio\",\"url\":\"https:\\\/\\\/blogdofarnesio.com.br\\\/\",\"logo\":{\"@type\":\"ImageObject\",\"inLanguage\":\"pt-BR\",\"@id\":\"https:\\\/\\\/blogdofarnesio.com.br\\\/#\\\/schema\\\/logo\\\/image\\\/\",\"url\":\"https:\\\/\\\/blogdofarnesio.com.br\\\/wp-content\\\/uploads\\\/2026\\\/03\\\/cropped-logo_new-1.png\",\"contentUrl\":\"https:\\\/\\\/blogdofarnesio.com.br\\\/wp-content\\\/uploads\\\/2026\\\/03\\\/cropped-logo_new-1.png\",\"width\":881,\"height\":685,\"caption\":\"Blog do Farn\u00e9sio\"},\"image\":{\"@id\":\"https:\\\/\\\/blogdofarnesio.com.br\\\/#\\\/schema\\\/logo\\\/image\\\/\"},\"sameAs\":[\"https:\\\/\\\/www.facebook.com\\\/BlogQuerSaberPolitica\\\/\"]},{\"@type\":\"Person\",\"@id\":\"https:\\\/\\\/blogdofarnesio.com.br\\\/#\\\/schema\\\/person\\\/301c4acf522bccbfdb45af95b5b906a1\",\"name\":\"Farn\u00e9sio\",\"image\":{\"@type\":\"ImageObject\",\"inLanguage\":\"pt-BR\",\"@id\":\"https:\\\/\\\/secure.gravatar.com\\\/avatar\\\/df0c9a14567c056f8ad6876ba5bbd1e3e2c48023eb6807342fc4663adf549f38?s=96&d=mm&r=g\",\"url\":\"https:\\\/\\\/secure.gravatar.com\\\/avatar\\\/df0c9a14567c056f8ad6876ba5bbd1e3e2c48023eb6807342fc4663adf549f38?s=96&d=mm&r=g\",\"contentUrl\":\"https:\\\/\\\/secure.gravatar.com\\\/avatar\\\/df0c9a14567c056f8ad6876ba5bbd1e3e2c48023eb6807342fc4663adf549f38?s=96&d=mm&r=g\",\"caption\":\"Farn\u00e9sio\"},\"sameAs\":[\"https:\\\/\\\/quersaberpolitica.com.br\"],\"url\":\"https:\\\/\\\/blogdofarnesio.com.br\\\/?author=1\"}]}<\/script>\n<!-- \/ Yoast SEO plugin. -->","yoast_head_json":{"title":"ELEI\u00c7\u00d5ES 2018: PESQUISA PODE DEFINIR SE PT VAI DE CANDIDATURA PR\u00d3PRIA EM PERNAMBUCO - Blog do Farn\u00e9sio","robots":{"index":"index","follow":"follow","max-snippet":"max-snippet:-1","max-image-preview":"max-image-preview:large","max-video-preview":"max-video-preview:-1"},"canonical":"https:\/\/blogdofarnesio.com.br\/?p=199708","og_locale":"pt_BR","og_type":"article","og_title":"ELEI\u00c7\u00d5ES 2018: PESQUISA PODE DEFINIR SE PT VAI DE CANDIDATURA PR\u00d3PRIA EM PERNAMBUCO - Blog do Farn\u00e9sio","og_description":"REUNI\u00c3O EM BRAS\u00cdLIA ESTA MANH\u00c3, DEFINIR\u00c1 O &#8216;IMBR\u00d3GLIO&#8217; DA ALIAN\u00c7A COM PSB O presidente estadual do PT, Bruno Ribeiro, aguarda a confirma\u00e7\u00e3o da presidente nacional da sigla, a senadora Gleisi Hoffmann, sobre\u00a0reuni\u00e3o\u00a0prevista para a ter\u00e7a-feira (5), em Bras\u00edlia, cujo objetivo \u00e9 discutir a\u00a0estrat\u00e9gia eleitoral\u00a0da legenda em\u00a0Pernambuco. A pedido de Gleisi, uma comiss\u00e3o est\u00e1 sendo formada e ser\u00e1 composta pelo pr\u00f3prio Bruno e mais dois representantes do diret\u00f3rio local \u2013 um favor\u00e1vel \u00e0\u00a0candidatura pr\u00f3pria\u00a0e outro \u00e0\u00a0alian\u00e7a. Defensores do projeto pr\u00f3prio apostam em pesquisa de\u00a0inten\u00e7\u00e3o de voto\u00a0\u2013 encomendada ao instituto\u00a0Vox Populi\u00a0\u2013 como argumento em prol da candidatura da vereadora\u00a0Mar\u00edlia Arraes. H\u00e1 expectativa de que a amostra seja entregue\u00a0 para que seus\u00a0n\u00fameros\u00a0sejam real\u00e7ados junto \u00e0 dirigente nacional. \u201cVamos levar informa\u00e7\u00f5es a essa reuni\u00e3o.&hellip;","og_url":"https:\/\/blogdofarnesio.com.br\/?p=199708","og_site_name":"Blog do Farn\u00e9sio","article_publisher":"https:\/\/www.facebook.com\/BlogQuerSaberPolitica\/","article_published_time":"2018-06-05T11:33:13+00:00","og_image":[{"width":639,"height":381,"url":"https:\/\/blogdofarnesio.com.br\/wp-content\/uploads\/2018\/04\/blogqsppt-e-psb.jpg","type":"image\/jpeg"}],"author":"Farn\u00e9sio","twitter_card":"summary_large_image","twitter_misc":{"Escrito por":"Farn\u00e9sio","Est. tempo de leitura":"3 minutos"},"schema":{"@context":"https:\/\/schema.org","@graph":[{"@type":"Article","@id":"https:\/\/blogdofarnesio.com.br\/?p=199708#article","isPartOf":{"@id":"https:\/\/blogdofarnesio.com.br\/?p=199708"},"author":{"name":"Farn\u00e9sio","@id":"https:\/\/blogdofarnesio.com.br\/#\/schema\/person\/301c4acf522bccbfdb45af95b5b906a1"},"headline":"ELEI\u00c7\u00d5ES 2018: PESQUISA PODE DEFINIR SE PT VAI DE CANDIDATURA PR\u00d3PRIA EM PERNAMBUCO","datePublished":"2018-06-05T11:33:13+00:00","mainEntityOfPage":{"@id":"https:\/\/blogdofarnesio.com.br\/?p=199708"},"wordCount":707,"publisher":{"@id":"https:\/\/blogdofarnesio.com.br\/#organization"},"image":{"@id":"https:\/\/blogdofarnesio.com.br\/?p=199708#primaryimage"},"thumbnailUrl":"https:\/\/blogdofarnesio.com.br\/wp-content\/uploads\/2018\/04\/blogqsppt-e-psb.jpg","articleSection":["Elei\u00e7\u00f5es"],"inLanguage":"pt-BR"},{"@type":"WebPage","@id":"https:\/\/blogdofarnesio.com.br\/?p=199708","url":"https:\/\/blogdofarnesio.com.br\/?p=199708","name":"ELEI\u00c7\u00d5ES 2018: PESQUISA PODE DEFINIR SE PT VAI DE CANDIDATURA PR\u00d3PRIA EM PERNAMBUCO - Blog do Farn\u00e9sio","isPartOf":{"@id":"https:\/\/blogdofarnesio.com.br\/#website"},"primaryImageOfPage":{"@id":"https:\/\/blogdofarnesio.com.br\/?p=199708#primaryimage"},"image":{"@id":"https:\/\/blogdofarnesio.com.br\/?p=199708#primaryimage"},"thumbnailUrl":"https:\/\/blogdofarnesio.com.br\/wp-content\/uploads\/2018\/04\/blogqsppt-e-psb.jpg","datePublished":"2018-06-05T11:33:13+00:00","breadcrumb":{"@id":"https:\/\/blogdofarnesio.com.br\/?p=199708#breadcrumb"},"inLanguage":"pt-BR","potentialAction":[{"@type":"ReadAction","target":["https:\/\/blogdofarnesio.com.br\/?p=199708"]}]},{"@type":"ImageObject","inLanguage":"pt-BR","@id":"https:\/\/blogdofarnesio.com.br\/?p=199708#primaryimage","url":"https:\/\/blogdofarnesio.com.br\/wp-content\/uploads\/2018\/04\/blogqsppt-e-psb.jpg","contentUrl":"https:\/\/blogdofarnesio.com.br\/wp-content\/uploads\/2018\/04\/blogqsppt-e-psb.jpg","width":639,"height":381},{"@type":"BreadcrumbList","@id":"https:\/\/blogdofarnesio.com.br\/?p=199708#breadcrumb","itemListElement":[{"@type":"ListItem","position":1,"name":"In\u00edcio","item":"https:\/\/blogdofarnesio.com.br\/"},{"@type":"ListItem","position":2,"name":"ELEI\u00c7\u00d5ES 2018: PESQUISA PODE DEFINIR SE PT VAI DE CANDIDATURA PR\u00d3PRIA EM PERNAMBUCO"}]},{"@type":"WebSite","@id":"https:\/\/blogdofarnesio.com.br\/#website","url":"https:\/\/blogdofarnesio.com.br\/","name":"Blog do Farn\u00e9sio","description":"Quer Saber Pol\u00edtica?","publisher":{"@id":"https:\/\/blogdofarnesio.com.br\/#organization"},"potentialAction":[{"@type":"SearchAction","target":{"@type":"EntryPoint","urlTemplate":"https:\/\/blogdofarnesio.com.br\/?s={search_term_string}"},"query-input":{"@type":"PropertyValueSpecification","valueRequired":true,"valueName":"search_term_string"}}],"inLanguage":"pt-BR"},{"@type":"Organization","@id":"https:\/\/blogdofarnesio.com.br\/#organization","name":"Blog do Farn\u00e9sio","url":"https:\/\/blogdofarnesio.com.br\/","logo":{"@type":"ImageObject","inLanguage":"pt-BR","@id":"https:\/\/blogdofarnesio.com.br\/#\/schema\/logo\/image\/","url":"https:\/\/blogdofarnesio.com.br\/wp-content\/uploads\/2026\/03\/cropped-logo_new-1.png","contentUrl":"https:\/\/blogdofarnesio.com.br\/wp-content\/uploads\/2026\/03\/cropped-logo_new-1.png","width":881,"height":685,"caption":"Blog do Farn\u00e9sio"},"image":{"@id":"https:\/\/blogdofarnesio.com.br\/#\/schema\/logo\/image\/"},"sameAs":["https:\/\/www.facebook.com\/BlogQuerSaberPolitica\/"]},{"@type":"Person","@id":"https:\/\/blogdofarnesio.com.br\/#\/schema\/person\/301c4acf522bccbfdb45af95b5b906a1","name":"Farn\u00e9sio","image":{"@type":"ImageObject","inLanguage":"pt-BR","@id":"https:\/\/secure.gravatar.com\/avatar\/df0c9a14567c056f8ad6876ba5bbd1e3e2c48023eb6807342fc4663adf549f38?s=96&d=mm&r=g","url":"https:\/\/secure.gravatar.com\/avatar\/df0c9a14567c056f8ad6876ba5bbd1e3e2c48023eb6807342fc4663adf549f38?s=96&d=mm&r=g","contentUrl":"https:\/\/secure.gravatar.com\/avatar\/df0c9a14567c056f8ad6876ba5bbd1e3e2c48023eb6807342fc4663adf549f38?s=96&d=mm&r=g","caption":"Farn\u00e9sio"},"sameAs":["https:\/\/quersaberpolitica.com.br"],"url":"https:\/\/blogdofarnesio.com.br\/?author=1"}]}},"_links":{"self":[{"href":"https:\/\/blogdofarnesio.com.br\/index.php?rest_route=\/wp\/v2\/posts\/199708","targetHints":{"allow":["GET"]}}],"collection":[{"href":"https:\/\/blogdofarnesio.com.br\/index.php?rest_route=\/wp\/v2\/posts"}],"about":[{"href":"https:\/\/blogdofarnesio.com.br\/index.php?rest_route=\/wp\/v2\/types\/post"}],"author":[{"embeddable":true,"href":"https:\/\/blogdofarnesio.com.br\/index.php?rest_route=\/wp\/v2\/users\/1"}],"replies":[{"embeddable":true,"href":"https:\/\/blogdofarnesio.com.br\/index.php?rest_route=%2Fwp%2Fv2%2Fcomments&post=199708"}],"version-history":[{"count":0,"href":"https:\/\/blogdofarnesio.com.br\/index.php?rest_route=\/wp\/v2\/posts\/199708\/revisions"}],"wp:featuredmedia":[{"embeddable":true,"href":"https:\/\/blogdofarnesio.com.br\/index.php?rest_route=\/wp\/v2\/media\/193953"}],"wp:attachment":[{"href":"https:\/\/blogdofarnesio.com.br\/index.php?rest_route=%2Fwp%2Fv2%2Fmedia&parent=199708"}],"wp:term":[{"taxonomy":"category","embeddable":true,"href":"https:\/\/blogdofarnesio.com.br\/index.php?rest_route=%2Fwp%2Fv2%2Fcategories&post=199708"},{"taxonomy":"post_tag","embeddable":true,"href":"https:\/\/blogdofarnesio.com.br\/index.php?rest_route=%2Fwp%2Fv2%2Ftags&post=199708"}],"curies":[{"name":"wp","href":"https:\/\/api.w.org\/{rel}","templated":true}]}}